{"id":49629,"date":"2023-04-17T18:11:48","date_gmt":"2023-04-17T16:11:48","guid":{"rendered":"https:\/\/schoenstattdev.wpenginepowered.com\/?p=30025"},"modified":"2025-05-15T20:38:47","modified_gmt":"2025-05-15T18:38:47","slug":"interview-mit-pater-walter-und-schwester-m-cacilda","status":"publish","type":"post","link":"https:\/\/schoenstatt.com\/de\/interview-mit-pater-walter-und-schwester-m-cacilda\/","title":{"rendered":"Interview mit P. Heinrich Walter und Sr. M. Cacilda Becker"},"content":{"rendered":"<h3>Sie sind die Personen, die mit der internationalen Koordinationsstelle der Sch\u00f6nstattbewegung begonnen haben. Wir danken Ihnen f\u00fcr Ihren Mut und Ihr Engagement.\u00a0Was waren Ihre gr\u00f6\u00dften Herausforderungen?<\/h3>\n<p><strong>P. Walter:<\/strong> Wir waren mit 50% f\u00fcr diese Aufgabe beauftragt. Sr. M. Cacilda wohnte in Sch\u00f6nstatt und ich in Rom. Da wir keine weiteren Mitarbeiter hatten, war es wie ein Sprung ins kalte Wasser. Schrittweise haben wir unsere Aufgabe f\u00fcr die n\u00e4chsten Jahre konkret erarbeitet, so wie es beim Pfingstkongress 2015 beschrieben wurde. Anfangs gab in verschiedenen L\u00e4ndern Bef\u00fcrchtungen, die IKS w\u00fcrde in die L\u00e4nder hineinregieren. Die Erwartungen an unsere Arbeit waren sehr bunt gemischt. Wir mussten dann unseren Weg in unserem eigenen Tempo gehen.<\/p>\n<p><img fetchpriority=\"high\" decoding=\"async\" class=\"aligncenter wp-image-30007 size-full\" src=\"https:\/\/schoenstatt.com\/wp-content\/uploads\/2023\/04\/p.-Walter-und-Sr.-Cacilda-1-1.jpg\" alt=\"Sr. M. Cacilda Becker und P. Heinrich Walter\" width=\"799\" height=\"533\" \/><\/p>\n<h3>Was ist die gr\u00f6\u00dfte Freude gewesen?<\/h3>\n<p><strong>P. Walter<\/strong>: Die Bewegung in ihrer Vielfalt weltweit zu erleben, sie immer besser kennenzulernen, weckte die gr\u00f6\u00dfte Freude. In manchen L\u00e4ndern stagniert die Entwicklung: Es gibt eine \u00dcberalterung der Sch\u00f6nstattfamilie, die verschieden bew\u00e4ltigt wird. Daf\u00fcr bl\u00fcht es in anderen Regionen gerade auf, dort, wo Sch\u00f6nstatt ganz am Anfang steht mit der Begeisterung einer Gr\u00fcndergeneration. Allen gemeinsam ist das lebendige Charisma. Wir k\u00f6nnen viel voneinander lernen und uns gegenseitig inspirieren.<\/p>\n<p><strong>Sr. M. Cacilda:<\/strong> F\u00fcr mich war und ist das Engagement der Volont\u00e4re eine gro\u00dfe Bereicherung. Das sind Personen aus allen Kontinenten, besonders aus Lateinamerika, alle Altersgruppen, vor allem junge Menschen, die ihre Zeit, ihre Kenntnisse und ihre Begeisterung, ganz selbstverst\u00e4ndlich und soviel sie konnten, f\u00fcr die IKS geschenkt haben. Wir sind sehr dankbar f\u00fcr jegliche Unterst\u00fctzung der internationalen Koordinationsarbeit, und ich habe immer wieder erlebt, wie die Einzelnen sich aus Liebe zur Gottesmutter und zu Sch\u00f6nstatt investieren. Ohne diese vielen w\u00e4re unsere Arbeit gar nicht m\u00f6glich gewesen.<\/p>\n<h3>Sie vertreten die Bewegung aus der ganzen Welt im Generalpr\u00e4sidium. Was ist der Zweck dieser Aufgabe?<\/h3>\n<p><strong>P. Walter<\/strong>: Im Pr\u00e4sidium sind je zwei Vertreter der B\u00fcnde und Verb\u00e4nde des Sch\u00f6nstattwerkes. Die Ligagemeinschaften waren bisher durch den Bewegungsleiter aus Deutschland vertreten. Je internationaler und gr\u00f6\u00dfer die Bewegung in vielen L\u00e4ndern wurde, umso lauter wurde der Ruf nach einer neuen Regelung, da sich die nationalen Bewegungen nicht gen\u00fcgend repr\u00e4sentiert f\u00fchlten. Wie soll der deutsche Bewegungsleiter wissen, was sich in anderen L\u00e4ndern und Kontinenten tut? Das wurde besonders sichtbar im Umkreis des Jubil\u00e4ums 2014.<\/p>\n<h3>Wie w\u00fcrden Sie die gegenw\u00e4rtige Realit\u00e4t der internationalen Sch\u00f6nstatt-Bewegung beschreiben?<\/h3>\n<p><strong>Sr. M. Cacilda:<\/strong> Engagement und Herausforderungen.<\/p>\n<p>Ich erlebe durch viele Zeichen, wie gro\u00df das Engagement der Sch\u00f6nst\u00e4tter ist. Egal, ob in einem Land viele Mitglieder der Sch\u00f6nstattfamilie vor Ort sind oder ob eine kleiner werdende Zahl von Sch\u00f6nst\u00e4ttern alles tut, um ein Heiligtum und Sch\u00f6nstatt-Zentrum am Leben zu erhalten. Jeder tut mit Freude und Sendungsbewusstsein, was er kann. Und vieles in unserer Bewegung l\u00e4uft neben dem Beruf und unter hohen pers\u00f6nlichen Investitionen.<\/p>\n<p>Herausforderungen haben wir in jeder Hinsicht. Die Situation der Gesellschaft mit einer wachsenden S\u00e4kularisierung in allen Bereichen des Lebens verlangt viel Flexibilit\u00e4t, Wachsamkeit f\u00fcr die Zeitentwicklungen und ein h\u00f6rendes Herz, um das Richtige zu greifen. Ich denke bei Herausforderungen in einigen L\u00e4ndern auch an die weniger werdenden Sch\u00f6nst\u00e4tter, den Mangel an F\u00fchrungskr\u00e4ften und an Menschen, die die Spiritualit\u00e4t Sch\u00f6nstatts in L\u00e4ndern weitertragen k\u00f6nnen, in denen die Kerngemeinschaften Sch\u00f6nstatts \u2013 die B\u00fcnde und Institute \u2013 nicht pr\u00e4sent sind\u2026<\/p>\n<h3>Wie haben Sie die Vertretung in der Kirche, im Vatikan, erreicht? Was war das Ergebnis?<\/h3>\n<p><strong>P. Walter:<\/strong> Da ich in Rom ans\u00e4ssig war, kam mir daf\u00fcr die meiste Arbeit zu. Es ist ein langer Prozess, bis man in den weltkirchlichen Gremien in Rom wahrgenommen wird. Es war eine sch\u00f6ne Aufgabe, weil ich viele Leute kennenlernen konnte. Es ist erstaunlich, wie viele Gemeinschaften, Bewegungen und Initiativen es in der Weltkirche gibt. Die Kirche ist viel bunter und der Hl. Geist wirksamer, als wir normalerweise wahrnehmen. Nat\u00fcrlich gibt es in dieser Vielfalt auch Spannungen. In diesen sieben Jahren sind wir Schritt f\u00fcr Schritt vorangekommen. Die meiste Zeit verwendete ich f\u00fcr die Beziehungspflege zu Personen verschiedenster Institutionen der Weltkirche und des Vatikans. Es war schon so etwas wie Lobbyarbeit f\u00fcr Sch\u00f6nstatt. Leider hat die Pandemie mit ihren Beschr\u00e4nkungen manche Initiative gestoppt.<\/p>\n<h3>Wie wurde die internationale Bewegung in den L\u00e4ndern koordiniert, in denen die Bewegung bereits pr\u00e4sent ist? Was haben sie da erreicht?<\/h3>\n<p><strong>P. Walter:<\/strong> Zum einen geschah schon viel in den letzten Jahrzehnten, vor allem durch die Schwestern und Patres, die sich weltweit und kontinental getroffen haben, um sich gegenseitig zu informieren und manches zu koordinieren. Es gibt z. B. j\u00e4hrliche Treffen der Bewegungsleiter auf kontinentaler Ebene. Die IKS hat in diesen Jahren geholfen, die Mitarbeit Sch\u00f6nstatts bei weltkirchlichen Ereignissen zu koordinieren, wie z.B. bei Weltjugend- und Weltfamilientagen, beim Heiligen Jahr und auch bei den Bischofssynoden.<\/p>\n<p><img decoding=\"async\" class=\"aligncenter wp-image-30011 size-large\" src=\"https:\/\/schoenstatt.com\/wp-content\/uploads\/2023\/04\/Sinodalidade-P.Walter1-1-820x1024.png\" alt=\"\" width=\"820\" height=\"1024\" \/><\/p>\n<h3>Wie haben Sie das Entstehen der Bewegung in neuen L\u00e4ndern begleitet? In welchen L\u00e4ndern haben Sie diese Arbeit geleistet?<\/h3>\n<p><strong>P. Walter:<\/strong> Da sind wir noch am Anfang. Wir haben zuerst auf Anfragen und Hilferufe aus einzelnen L\u00e4ndern reagiert, sp\u00e4ter uns mehr eine \u00dcbersicht verschafft, in welchen L\u00e4ndern Handlungsbedarf ist. Es ist erstaunlich, wie viele Initiativen es gibt, Sch\u00f6nstatt in neue L\u00e4nder zu tragen. Oft sind es inzwischen Laien, die diese missionarische Arbeit tun aufgrund von Einladungen oder den offenen T\u00fcren der Vorsehung. Zu erw\u00e4hnen sind L\u00e4nder in Zentralamerika, dann in Osteuropa und zarte Versuche in neuen L\u00e4ndern Asiens.<\/p>\n<p><strong>Sr. M. Cacilda<\/strong>: Es ist sehr interessant: Oft schreiben uns Personen, die wissen wollen, ob es in ihrem Land die Sch\u00f6nstattbewegung gibt. Die letzte Anfrage war, ob es die Bewegung in Singapur gibt. Auch aus Indonesien, aus Japan und manchen anderen L\u00e4ndern kamen Anfragen.<\/p>\n<p>Im Januar 2022 wurde ein Pilgerheiligtum nach Albanien ausgesandt, f\u00fcnf Monate sp\u00e4ter ein zweites. Es wurde mit viel Freude aufgenommen. In diesem Land sind weniger als 5% der Einwohner Katholiken, aber die Gottesmutter ist jetzt dort wirksam.<\/p>\n<h3>Eine Ihrer Aufgaben war und ist die Einrichtung und Pflege der offiziellen internationalen Website und der sozialen Netzwerke. Was haben Sie in diesem Bereich erreicht? Was sind die zuk\u00fcnftigen Projekte?<\/h3>\n<p><strong>P. Walter:<\/strong> Der Anfang war sehr schwer, zum einen wegen der Situation der Kommunikation im weltweiten Sch\u00f6nstatt. Viele machen viele Dinge mit bester Meinung und Absicht, aber es ist nicht leicht, alle f\u00fcr eine effektive Zusammenarbeit an einen Tisch zu bekommen.<\/p>\n<p><strong>Sr. M. Cacilda<\/strong>: Man kann sagen, dass die Kommunikation insgesamt w\u00e4chst. Mit der Website sind wir in einer zweiten Etappe. Wir sind daran, den Inhalt der internationalen <a href=\"http:\/\/www.schoenstattdev.wpenginepowered.com\">Website<\/a> zu verbessern, indem wir Personen einbeziehen, die das Sprachgef\u00fchl ihrer Muttersprache in die \u00dcbersetzung einflie\u00dfen lassen, so dass es f\u00fcr diesen Sprachkreis authentisch ist. Noch idealer ist, wenn eigene Texte von entsprechenden Muttersprachlern geschrieben werden. Auch da bleiben wir dran, so gut es geht. Manche Artikel sollten von Journalisten geschrieben werden, die 3 bis 4 Stunden in der Woche f\u00fcr uns arbeiten, aber das Ganze ist auch eine finanzielle Frage. Wir sind zuversichtlich und hoffen, dass wir das N\u00f6tige aufbringen k\u00f6nnen. Und nat\u00fcrlich sind wir sehr dankbar f\u00fcr Spenden, ohne die uns diese Medienarbeit gar nicht m\u00f6glich w\u00e4re.<\/p>\n<h3>Eine weitere Aufgabe ist die Mitwirkung am Leben rund um das Urheiligtum. Wie ist dies geschehen?<\/h3>\n<p><strong>Sr. M. Cacilda: <\/strong>Ja, das ist ein sehr wichtiges und gro\u00dfes Projekt. Als Koordinationsstelle haben wir einige Initiativen initiiert. Im April 2020 zum Beispiel war die weltweite Kr\u00f6nung der Gottesmutter &#8211; CoronaMater \u2013 im Urheiligtum. W\u00e4hrend der Pandemie, im Jahr 2021, hatten wir die Woche f\u00fcr das Urheiligtum mit einem Marathon von 12 Stunden Beitr\u00e4gen, um das Urheiligtum bekannt zu machen\u2026 Jedes Jahr arbeiten wir mit einem Team zusammen an der Gestaltung des 18 Oktober, unserem Gr\u00fcndungstag.<\/p>\n<p><img decoding=\"async\" class=\"aligncenter wp-image-29838 size-large\" src=\"https:\/\/schoenstattdev.wpenginepowered.com\/wp-content\/uploads\/2023\/03\/sr.cacilda-897x1024.jpg\" alt=\"Sr. Cacilda Becker\" width=\"678\" height=\"1024\" \/><\/p>\n<p>&nbsp;<\/p>\n<h3>Im Laufe der Jahre sind Vorw\u00fcrfe gegen unseren Gr\u00fcnder laut geworden. Wie sind Sie damit umgegangen? Welche konkreten Ma\u00dfnahmen wurden im Hinblick auf die Sch\u00f6nstattfamilie, die Kirche und die Gesellschaft ergriffen? Wie ist der aktuelle Stand der Dinge?<\/h3>\n<p><strong>P.Walter<\/strong>: Zuerst war das eine Frage der Information und Kommunikation. Wir wurden vom Generalpr\u00e4sidium in die Medienkommission berufen, die die Aufgabe hatte, im Namen des Pr\u00e4sidiums den Kontakt zu den Medien zu pflegen und Ver\u00f6ffentlichungen vorzubereiten. Es gab regelm\u00e4\u00dfig Zoom-Besprechungen z.B. mit den Bewegungsleitern der Kontinente, um sich gegenseitig zu informieren und eine gemeinsame Linie des Umgangs damit anzuregen. Unsere neue Homepage spielte dabei eine zentrale Rolle.<\/p>\n<p><strong>Sr. M. Cacilda:\u00a0<\/strong>Die Website ist Ende Mai 2020 ans Netz gegangen und Anfang Juli sind Vorw\u00fcrfe gegen unseren Gr\u00fcnder in der internationalen Presse laut geworden. Es war also himmlische Ma\u00dfarbeit. Wir waren als offizielles Organ des internationalen Sch\u00f6nstatt aktionsf\u00e4hig, konnten die Stellungnahmen des Generalpr\u00e4sidiums ver\u00f6ffentlichen und auch als Kontaktstelle f\u00fcr Fragen, Kritik, aber auch Solidarit\u00e4tsbekundungen manchen Dienst tun.<\/p>\n<h3>Welche positiven Fr\u00fcchte hat dies f\u00fcr die Sch\u00f6nstattfamilie gebracht?<\/h3>\n<p><strong>P. Walter:<\/strong> Wir sind mehr Familie geworden. Diese Konfrontation hat uns in tieferen Dialog gebracht und eine effektivere Zusammenarbeit zwischen L\u00e4ndern und Gemeinschaften. bewirkt Wir haben uns transparenter mit unserer Geschichte befasst auf der breiten Basis der gesamten Bewegung. Wir haben Schritte getan, das Charisma P. Kentenichs im heutigen Kontext zu reflektieren.<\/p>\n<h3>Wie w\u00fcrden Sie die Erfahrung dieser Jahre benennen? Was nehmen Sie aus diesen Jahren mit?<\/h3>\n<p><strong>P. Walter:<\/strong> Mit dem Blick auf die Weltkirche ist die Stimme Sch\u00f6nstatts wichtig. Sch\u00f6nstatt braucht inhaltlich wie personell ein Gesicht, das \u00fcberall wahrgenommen werden kann \u2013 bei aller lokalen Eigenst\u00e4ndigkeit. Wir sind erst am Anfang; das Team der IKS m\u00fcsste gr\u00f6\u00dfer werden, damit die Dienstleistung f\u00fcr die gesamte Bewegung erweitert werden kann.<\/p>\n<p><strong>Sr. M. Cacilda:<\/strong> als der Anfang eines ganz gro\u00dfen Projekts. Die Pandemie hat auf der einen Seite vieles verhindert, aber andererseits auch vieles erm\u00f6glicht und uns gelehrt. Wir sind viel mehr online vernetzt. Dadurch konnten wir manches mehr und schneller von den L\u00e4ndern erfahren und zeitnah helfen. Ich w\u00fcrde sagen, der Grundstein unserer Arbeit ist gelegt. Durch die lange Vorbereitung des Pfingstkongresses \u2013 auch das war eine Folge der Pandemie \u2013 konnten wir viele Kontakte kn\u00fcpfen.<\/p>\n<p>Ich nehme neben den Erfahrungen dieser 7 Jahre, wo alles bei Null angefangen hat, vor allem die Freude an unserer internationalen Sch\u00f6nstattfamilie mit und die Dankbarkeit allen gegen\u00fcber, die uns in diesen Jahren geholfen haben.<\/p>\n<h3>Welche Aufgaben \u00fcbernehmen Sie jetzt?<\/h3>\n<p><strong>P. Walter:<\/strong> Mitte Mai werde ich nach Wien umziehen und als Mitarbeiter der Zentrale der \u00f6sterreichischen Bewegung arbeiten. In \u00d6sterreich bedeutet das haupts\u00e4chlich die pastorale Arbeit mit Familien.<\/p>\n<h3><img loading=\"lazy\" decoding=\"async\" class=\"aligncenter wp-image-29927 size-full\" src=\"https:\/\/schoenstattdev.wpenginepowered.com\/wp-content\/uploads\/2023\/04\/14282727204_9a3345ce40_o.jpg\" alt=\"\" width=\"1872\" height=\"1234\" \/><\/h3>\n<h3>Wer wird von nun an die Internationale Koordination bilden?<\/h3>\n<p>Das Generalpr\u00e4sidium hat in seiner letzten Sitzung die beiden Mitarbeiter der IKS f\u00fcr drei Jahre neu gew\u00e4hlt.<\/p>\n<p>Sr. M. Cacilda wird diese Aufgabe f\u00fcr eine weitere Amtszeit weiterf\u00fchren. Von den Patres wurde P. Arkadiusz Sosna aus Polen gew\u00e4hlt. Er geh\u00f6rt zur neuen Generalleitung und wohnt in Sch\u00f6nstatt.<\/p>\n<p><a href=\"https:\/\/schoenstattdev.wpenginepowered.com\/de\/schoenstatt-gemeinschaften\/neue-verantwortliche-der-internationale-koordination-schoenstatts\/\"><img loading=\"lazy\" decoding=\"async\" class=\"aligncenter wp-image-29853 size-full\" src=\"https:\/\/schoenstatt.com\/wp-content\/uploads\/2023\/03\/featured-image-1-2.jpg\" alt=\"\" width=\"2048\" height=\"1250\" \/><\/a><\/p>\n","protected":false},"excerpt":{"rendered":"<p>Sr. M. Cacilda Becker und P. Henrich Walter wurden von Sr. Nilza interviewt, um ihre Erfahrungen und Ideen \u00fcber die sieben Jahre zu h\u00f6ren, in denen sie die Aufgabe der ersten internationalen Koordinatoren der Sch\u00f6nstatt-Bewegung ausge\u00fcbt haben. Da Sch\u00f6nstatt sich um eine f\u00f6derative Bewegung handelt, besteht ihre Aufgabe genau darin, das Amt auszu\u00fcben, das sie \u00fcbernommen haben: als Koordinatoren im Dienst des Lebens Sch\u00f6nstatts in den verschiedenen L\u00e4ndern der Welt. P. Walter verl\u00e4sst nun diese Verantwortung und geht nach \u00d6sterreich, w\u00e4hrend Sr. M. Cacilda f\u00fcr weitere drei Jahre bleibt. P. Arkadiusz Sosna, Mitglied der Generalleitung der Sch\u00f6nstatt-Patres, wird die Nachfolge der Patres antreten.<\/p>\n","protected":false},"author":3,"featured_media":30021,"comment_status":"closed","ping_status":"closed","sticky":false,"template":"","format":"standard","meta":{"footnotes":""},"categories":[914],"tags":[],"class_list":["post-49629","post","type-post","status-publish","format-standard","has-post-thumbnail","hentry","category-spiritualitat-de"],"yoast_head":"<!-- This site is optimized with the Yoast SEO Premium plugin v27.4 (Yoast SEO v27.4) - https:\/\/yoast.com\/product\/yoast-seo-premium-wordpress\/ -->\n<title>Interview mit P. Heinrich Walter und Sr. M. Cacilda Becker<\/title>\n<meta name=\"description\" content=\"Interview mit P. Henrich Walter und Sr. M. Cacilda Becker nach sieben Jahren als Internationale Koordinatoren.\" \/>\n<meta name=\"robots\" content=\"index, follow, max-snippet:-1, max-image-preview:large, max-video-preview:-1\" \/>\n<link rel=\"canonical\" href=\"https:\/\/schoenstatt.com\/de\/interview-mit-pater-walter-und-schwester-m-cacilda\/\" \/>\n<meta property=\"og:locale\" content=\"de_DE\" \/>\n<meta property=\"og:type\" content=\"article\" \/>\n<meta property=\"og:title\" content=\"Interview mit P. Heinrich Walter und Sr. M. Cacilda Becker\" \/>\n<meta property=\"og:description\" content=\"Interview mit P. Henrich Walter und Sr. M. Cacilda Becker nach sieben Jahren als Internationale Koordinatoren.\" \/>\n<meta property=\"og:url\" content=\"https:\/\/schoenstatt.com\/de\/interview-mit-pater-walter-und-schwester-m-cacilda\/\" \/>\n<meta property=\"og:site_name\" content=\"Schoenstatt\" \/>\n<meta property=\"article:published_time\" content=\"2023-04-17T16:11:48+00:00\" \/>\n<meta property=\"article:modified_time\" content=\"2025-05-15T18:38:47+00:00\" \/>\n<meta property=\"og:image\" content=\"https:\/\/schoenstatt.com\/wp-content\/uploads\/2023\/04\/170929-congreso-ecuador-05-2.jpg\" \/>\n\t<meta property=\"og:image:width\" content=\"1000\" \/>\n\t<meta property=\"og:image:height\" content=\"667\" \/>\n\t<meta property=\"og:image:type\" content=\"image\/jpeg\" \/>\n<meta name=\"author\" content=\"Karen Bueno\" \/>\n<meta name=\"twitter:card\" content=\"summary_large_image\" \/>\n<meta name=\"twitter:label1\" content=\"Verfasst von\" \/>\n\t<meta name=\"twitter:data1\" content=\"Karen Bueno\" \/>\n\t<meta name=\"twitter:label2\" content=\"Gesch\u00e4tzte Lesezeit\" \/>\n\t<meta name=\"twitter:data2\" content=\"9\u00a0Minuten\" \/>\n<script type=\"application\/ld+json\" class=\"yoast-schema-graph\">{\"@context\":\"https:\\\/\\\/schema.org\",\"@graph\":[{\"@type\":\"Article\",\"@id\":\"https:\\\/\\\/schoenstatt.com\\\/de\\\/interview-mit-pater-walter-und-schwester-m-cacilda\\\/#article\",\"isPartOf\":{\"@id\":\"https:\\\/\\\/schoenstatt.com\\\/de\\\/interview-mit-pater-walter-und-schwester-m-cacilda\\\/\"},\"author\":{\"name\":\"Karen Bueno\",\"@id\":\"https:\\\/\\\/schoenstatt.com\\\/de\\\/#\\\/schema\\\/person\\\/5158877ad4acae98b34daaeef2a1ce6e\"},\"headline\":\"Interview mit P. Heinrich Walter und Sr. M. Cacilda Becker\",\"datePublished\":\"2023-04-17T16:11:48+00:00\",\"dateModified\":\"2025-05-15T18:38:47+00:00\",\"mainEntityOfPage\":{\"@id\":\"https:\\\/\\\/schoenstatt.com\\\/de\\\/interview-mit-pater-walter-und-schwester-m-cacilda\\\/\"},\"wordCount\":1876,\"publisher\":{\"@id\":\"https:\\\/\\\/schoenstatt.com\\\/de\\\/#organization\"},\"image\":{\"@id\":\"https:\\\/\\\/schoenstatt.com\\\/de\\\/interview-mit-pater-walter-und-schwester-m-cacilda\\\/#primaryimage\"},\"thumbnailUrl\":\"https:\\\/\\\/schoenstatt.com\\\/wp-content\\\/uploads\\\/2023\\\/04\\\/170929-congreso-ecuador-05-2.jpg\",\"articleSection\":[\"Spiritualit\u00e4t\"],\"inLanguage\":\"de\"},{\"@type\":\"WebPage\",\"@id\":\"https:\\\/\\\/schoenstatt.com\\\/de\\\/interview-mit-pater-walter-und-schwester-m-cacilda\\\/\",\"url\":\"https:\\\/\\\/schoenstatt.com\\\/de\\\/interview-mit-pater-walter-und-schwester-m-cacilda\\\/\",\"name\":\"Interview mit P. Heinrich Walter und Sr. M. Cacilda Becker\",\"isPartOf\":{\"@id\":\"https:\\\/\\\/schoenstatt.com\\\/de\\\/#website\"},\"primaryImageOfPage\":{\"@id\":\"https:\\\/\\\/schoenstatt.com\\\/de\\\/interview-mit-pater-walter-und-schwester-m-cacilda\\\/#primaryimage\"},\"image\":{\"@id\":\"https:\\\/\\\/schoenstatt.com\\\/de\\\/interview-mit-pater-walter-und-schwester-m-cacilda\\\/#primaryimage\"},\"thumbnailUrl\":\"https:\\\/\\\/schoenstatt.com\\\/wp-content\\\/uploads\\\/2023\\\/04\\\/170929-congreso-ecuador-05-2.jpg\",\"datePublished\":\"2023-04-17T16:11:48+00:00\",\"dateModified\":\"2025-05-15T18:38:47+00:00\",\"description\":\"Interview mit P. Henrich Walter und Sr. M. Cacilda Becker nach sieben Jahren als Internationale Koordinatoren.\",\"breadcrumb\":{\"@id\":\"https:\\\/\\\/schoenstatt.com\\\/de\\\/interview-mit-pater-walter-und-schwester-m-cacilda\\\/#breadcrumb\"},\"inLanguage\":\"de\",\"potentialAction\":[{\"@type\":\"ReadAction\",\"target\":[\"https:\\\/\\\/schoenstatt.com\\\/de\\\/interview-mit-pater-walter-und-schwester-m-cacilda\\\/\"]}]},{\"@type\":\"ImageObject\",\"inLanguage\":\"de\",\"@id\":\"https:\\\/\\\/schoenstatt.com\\\/de\\\/interview-mit-pater-walter-und-schwester-m-cacilda\\\/#primaryimage\",\"url\":\"https:\\\/\\\/schoenstatt.com\\\/wp-content\\\/uploads\\\/2023\\\/04\\\/170929-congreso-ecuador-05-2.jpg\",\"contentUrl\":\"https:\\\/\\\/schoenstatt.com\\\/wp-content\\\/uploads\\\/2023\\\/04\\\/170929-congreso-ecuador-05-2.jpg\",\"width\":1000,\"height\":667,\"caption\":\"Interview mit Sr. Cacilda\"},{\"@type\":\"BreadcrumbList\",\"@id\":\"https:\\\/\\\/schoenstatt.com\\\/de\\\/interview-mit-pater-walter-und-schwester-m-cacilda\\\/#breadcrumb\",\"itemListElement\":[{\"@type\":\"ListItem\",\"position\":1,\"name\":\"Portada\",\"item\":\"https:\\\/\\\/schoenstatt.com\\\/de\\\/home\\\/\"},{\"@type\":\"ListItem\",\"position\":2,\"name\":\"Interview mit P. Heinrich Walter und Sr. M. Cacilda Becker\"}]},{\"@type\":\"WebSite\",\"@id\":\"https:\\\/\\\/schoenstatt.com\\\/de\\\/#website\",\"url\":\"https:\\\/\\\/schoenstatt.com\\\/de\\\/\",\"name\":\"Schoenstatt\",\"description\":\"Apostolic Movement\",\"publisher\":{\"@id\":\"https:\\\/\\\/schoenstatt.com\\\/de\\\/#organization\"},\"potentialAction\":[{\"@type\":\"SearchAction\",\"target\":{\"@type\":\"EntryPoint\",\"urlTemplate\":\"https:\\\/\\\/schoenstatt.com\\\/de\\\/?s={search_term_string}\"},\"query-input\":{\"@type\":\"PropertyValueSpecification\",\"valueRequired\":true,\"valueName\":\"search_term_string\"}}],\"inLanguage\":\"de\"},{\"@type\":\"Organization\",\"@id\":\"https:\\\/\\\/schoenstatt.com\\\/de\\\/#organization\",\"name\":\"Schoenstatt\",\"url\":\"https:\\\/\\\/schoenstatt.com\\\/de\\\/\",\"logo\":{\"@type\":\"ImageObject\",\"inLanguage\":\"de\",\"@id\":\"https:\\\/\\\/schoenstatt.com\\\/de\\\/#\\\/schema\\\/logo\\\/image\\\/\",\"url\":\"https:\\\/\\\/schoenstatt.com\\\/wp-content\\\/uploads\\\/2025\\\/04\\\/logo-schoenstatt-white-696x696-1.png\",\"contentUrl\":\"https:\\\/\\\/schoenstatt.com\\\/wp-content\\\/uploads\\\/2025\\\/04\\\/logo-schoenstatt-white-696x696-1.png\",\"width\":696,\"height\":694,\"caption\":\"Schoenstatt\"},\"image\":{\"@id\":\"https:\\\/\\\/schoenstatt.com\\\/de\\\/#\\\/schema\\\/logo\\\/image\\\/\"}},{\"@type\":\"Person\",\"@id\":\"https:\\\/\\\/schoenstatt.com\\\/de\\\/#\\\/schema\\\/person\\\/5158877ad4acae98b34daaeef2a1ce6e\",\"name\":\"Karen Bueno\",\"image\":{\"@type\":\"ImageObject\",\"inLanguage\":\"de\",\"@id\":\"https:\\\/\\\/secure.gravatar.com\\\/avatar\\\/f9f4b823873154269d2b2130f195f6d41037dd0d7fc5f3cacb5c846bae70d66b?s=96&d=mm&r=g\",\"url\":\"https:\\\/\\\/secure.gravatar.com\\\/avatar\\\/f9f4b823873154269d2b2130f195f6d41037dd0d7fc5f3cacb5c846bae70d66b?s=96&d=mm&r=g\",\"contentUrl\":\"https:\\\/\\\/secure.gravatar.com\\\/avatar\\\/f9f4b823873154269d2b2130f195f6d41037dd0d7fc5f3cacb5c846bae70d66b?s=96&d=mm&r=g\",\"caption\":\"Karen Bueno\"},\"url\":\"https:\\\/\\\/schoenstatt.com\\\/de\\\/author\\\/karen-bueno\\\/\"}]}<\/script>\n<!-- \/ Yoast SEO Premium plugin. -->","yoast_head_json":{"title":"Interview mit P. Heinrich Walter und Sr. M. Cacilda Becker","description":"Interview mit P. Henrich Walter und Sr. M. Cacilda Becker nach sieben Jahren als Internationale Koordinatoren.","robots":{"index":"index","follow":"follow","max-snippet":"max-snippet:-1","max-image-preview":"max-image-preview:large","max-video-preview":"max-video-preview:-1"},"canonical":"https:\/\/schoenstatt.com\/de\/interview-mit-pater-walter-und-schwester-m-cacilda\/","og_locale":"de_DE","og_type":"article","og_title":"Interview mit P. Heinrich Walter und Sr. M. Cacilda Becker","og_description":"Interview mit P. Henrich Walter und Sr. M. Cacilda Becker nach sieben Jahren als Internationale Koordinatoren.","og_url":"https:\/\/schoenstatt.com\/de\/interview-mit-pater-walter-und-schwester-m-cacilda\/","og_site_name":"Schoenstatt","article_published_time":"2023-04-17T16:11:48+00:00","article_modified_time":"2025-05-15T18:38:47+00:00","og_image":[{"width":1000,"height":667,"url":"https:\/\/schoenstatt.com\/wp-content\/uploads\/2023\/04\/170929-congreso-ecuador-05-2.jpg","type":"image\/jpeg"}],"author":"Karen Bueno","twitter_card":"summary_large_image","twitter_misc":{"Verfasst von":"Karen Bueno","Gesch\u00e4tzte Lesezeit":"9\u00a0Minuten"},"schema":{"@context":"https:\/\/schema.org","@graph":[{"@type":"Article","@id":"https:\/\/schoenstatt.com\/de\/interview-mit-pater-walter-und-schwester-m-cacilda\/#article","isPartOf":{"@id":"https:\/\/schoenstatt.com\/de\/interview-mit-pater-walter-und-schwester-m-cacilda\/"},"author":{"name":"Karen Bueno","@id":"https:\/\/schoenstatt.com\/de\/#\/schema\/person\/5158877ad4acae98b34daaeef2a1ce6e"},"headline":"Interview mit P. Heinrich Walter und Sr. M. Cacilda Becker","datePublished":"2023-04-17T16:11:48+00:00","dateModified":"2025-05-15T18:38:47+00:00","mainEntityOfPage":{"@id":"https:\/\/schoenstatt.com\/de\/interview-mit-pater-walter-und-schwester-m-cacilda\/"},"wordCount":1876,"publisher":{"@id":"https:\/\/schoenstatt.com\/de\/#organization"},"image":{"@id":"https:\/\/schoenstatt.com\/de\/interview-mit-pater-walter-und-schwester-m-cacilda\/#primaryimage"},"thumbnailUrl":"https:\/\/schoenstatt.com\/wp-content\/uploads\/2023\/04\/170929-congreso-ecuador-05-2.jpg","articleSection":["Spiritualit\u00e4t"],"inLanguage":"de"},{"@type":"WebPage","@id":"https:\/\/schoenstatt.com\/de\/interview-mit-pater-walter-und-schwester-m-cacilda\/","url":"https:\/\/schoenstatt.com\/de\/interview-mit-pater-walter-und-schwester-m-cacilda\/","name":"Interview mit P. Heinrich Walter und Sr. M. Cacilda Becker","isPartOf":{"@id":"https:\/\/schoenstatt.com\/de\/#website"},"primaryImageOfPage":{"@id":"https:\/\/schoenstatt.com\/de\/interview-mit-pater-walter-und-schwester-m-cacilda\/#primaryimage"},"image":{"@id":"https:\/\/schoenstatt.com\/de\/interview-mit-pater-walter-und-schwester-m-cacilda\/#primaryimage"},"thumbnailUrl":"https:\/\/schoenstatt.com\/wp-content\/uploads\/2023\/04\/170929-congreso-ecuador-05-2.jpg","datePublished":"2023-04-17T16:11:48+00:00","dateModified":"2025-05-15T18:38:47+00:00","description":"Interview mit P. Henrich Walter und Sr. M. Cacilda Becker nach sieben Jahren als Internationale Koordinatoren.","breadcrumb":{"@id":"https:\/\/schoenstatt.com\/de\/interview-mit-pater-walter-und-schwester-m-cacilda\/#breadcrumb"},"inLanguage":"de","potentialAction":[{"@type":"ReadAction","target":["https:\/\/schoenstatt.com\/de\/interview-mit-pater-walter-und-schwester-m-cacilda\/"]}]},{"@type":"ImageObject","inLanguage":"de","@id":"https:\/\/schoenstatt.com\/de\/interview-mit-pater-walter-und-schwester-m-cacilda\/#primaryimage","url":"https:\/\/schoenstatt.com\/wp-content\/uploads\/2023\/04\/170929-congreso-ecuador-05-2.jpg","contentUrl":"https:\/\/schoenstatt.com\/wp-content\/uploads\/2023\/04\/170929-congreso-ecuador-05-2.jpg","width":1000,"height":667,"caption":"Interview mit Sr. Cacilda"},{"@type":"BreadcrumbList","@id":"https:\/\/schoenstatt.com\/de\/interview-mit-pater-walter-und-schwester-m-cacilda\/#breadcrumb","itemListElement":[{"@type":"ListItem","position":1,"name":"Portada","item":"https:\/\/schoenstatt.com\/de\/home\/"},{"@type":"ListItem","position":2,"name":"Interview mit P. Heinrich Walter und Sr. M. Cacilda Becker"}]},{"@type":"WebSite","@id":"https:\/\/schoenstatt.com\/de\/#website","url":"https:\/\/schoenstatt.com\/de\/","name":"Schoenstatt","description":"Apostolic Movement","publisher":{"@id":"https:\/\/schoenstatt.com\/de\/#organization"},"potentialAction":[{"@type":"SearchAction","target":{"@type":"EntryPoint","urlTemplate":"https:\/\/schoenstatt.com\/de\/?s={search_term_string}"},"query-input":{"@type":"PropertyValueSpecification","valueRequired":true,"valueName":"search_term_string"}}],"inLanguage":"de"},{"@type":"Organization","@id":"https:\/\/schoenstatt.com\/de\/#organization","name":"Schoenstatt","url":"https:\/\/schoenstatt.com\/de\/","logo":{"@type":"ImageObject","inLanguage":"de","@id":"https:\/\/schoenstatt.com\/de\/#\/schema\/logo\/image\/","url":"https:\/\/schoenstatt.com\/wp-content\/uploads\/2025\/04\/logo-schoenstatt-white-696x696-1.png","contentUrl":"https:\/\/schoenstatt.com\/wp-content\/uploads\/2025\/04\/logo-schoenstatt-white-696x696-1.png","width":696,"height":694,"caption":"Schoenstatt"},"image":{"@id":"https:\/\/schoenstatt.com\/de\/#\/schema\/logo\/image\/"}},{"@type":"Person","@id":"https:\/\/schoenstatt.com\/de\/#\/schema\/person\/5158877ad4acae98b34daaeef2a1ce6e","name":"Karen Bueno","image":{"@type":"ImageObject","inLanguage":"de","@id":"https:\/\/secure.gravatar.com\/avatar\/f9f4b823873154269d2b2130f195f6d41037dd0d7fc5f3cacb5c846bae70d66b?s=96&d=mm&r=g","url":"https:\/\/secure.gravatar.com\/avatar\/f9f4b823873154269d2b2130f195f6d41037dd0d7fc5f3cacb5c846bae70d66b?s=96&d=mm&r=g","contentUrl":"https:\/\/secure.gravatar.com\/avatar\/f9f4b823873154269d2b2130f195f6d41037dd0d7fc5f3cacb5c846bae70d66b?s=96&d=mm&r=g","caption":"Karen Bueno"},"url":"https:\/\/schoenstatt.com\/de\/author\/karen-bueno\/"}]}},"_links":{"self":[{"href":"https:\/\/schoenstatt.com\/de\/wp-json\/wp\/v2\/posts\/49629","targetHints":{"allow":["GET"]}}],"collection":[{"href":"https:\/\/schoenstatt.com\/de\/wp-json\/wp\/v2\/posts"}],"about":[{"href":"https:\/\/schoenstatt.com\/de\/wp-json\/wp\/v2\/types\/post"}],"author":[{"embeddable":true,"href":"https:\/\/schoenstatt.com\/de\/wp-json\/wp\/v2\/users\/3"}],"replies":[{"embeddable":true,"href":"https:\/\/schoenstatt.com\/de\/wp-json\/wp\/v2\/comments?post=49629"}],"version-history":[{"count":1,"href":"https:\/\/schoenstatt.com\/de\/wp-json\/wp\/v2\/posts\/49629\/revisions"}],"predecessor-version":[{"id":49667,"href":"https:\/\/schoenstatt.com\/de\/wp-json\/wp\/v2\/posts\/49629\/revisions\/49667"}],"wp:featuredmedia":[{"embeddable":true,"href":"https:\/\/schoenstatt.com\/de\/wp-json\/wp\/v2\/media\/30021"}],"wp:attachment":[{"href":"https:\/\/schoenstatt.com\/de\/wp-json\/wp\/v2\/media?parent=49629"}],"wp:term":[{"taxonomy":"category","embeddable":true,"href":"https:\/\/schoenstatt.com\/de\/wp-json\/wp\/v2\/categories?post=49629"},{"taxonomy":"post_tag","embeddable":true,"href":"https:\/\/schoenstatt.com\/de\/wp-json\/wp\/v2\/tags?post=49629"}],"curies":[{"name":"wp","href":"https:\/\/api.w.org\/{rel}","templated":true}]}}