{"id":49472,"date":"2023-05-24T14:00:06","date_gmt":"2023-05-24T12:00:06","guid":{"rendered":"https:\/\/schoenstattdev.wpenginepowered.com\/?p=30770"},"modified":"2025-05-15T19:53:26","modified_gmt":"2025-05-15T17:53:26","slug":"ein-familienwerk-ein-herz-fuer-die-welt","status":"publish","type":"post","link":"https:\/\/schoenstatt.com\/de\/ein-familienwerk-ein-herz-fuer-die-welt\/","title":{"rendered":"Ein Familienwerk, ein Herz f\u00fcr die Welt"},"content":{"rendered":"<p>Vom 4. bis 7. Mai fand in Paraguay der Internationale Kongress der Sch\u00f6nstatt-Familienbewegung (CIOF) statt, an dem 154 Ehepaare und 43 Berater &#8211; Sch\u00f6nstatt-Patres, Marienschwestern und Frauen von Sch\u00f6nstatt &#8211; aus 20 L\u00e4ndern Amerikas und Europas teilnahmen.<\/p>\n<h2>Begegnungen der Herzen<\/h2>\n<p>Der Internationale Kongress der Sch\u00f6nstatt-Familienbewegung (CIOF) ist ein Raum, der die Verbindung von Ehepaaren aus verschiedenen Gemeinschaften und L\u00e4ndern f\u00f6rdert, um Erfahrungen, Ausbildungsmaterial, Projekte und Apostolate zu reflektieren und auszutauschen, mit dem Ziel, Kriterien zu vereinen und aus der Spiritualit\u00e4t des Gr\u00fcnders, <a href=\"https:\/\/www.pater-kentenich.org\/de\/\">Pater Josef Kentenich<\/a>, eine P\u00e4dagogik von Ehe und Familie zu inspirieren und Handlungslinien als Antwort auf die Herausforderungen unserer Zeit vorzuschlagen.<\/p>\n<p>Es ist eine Gelegenheit f\u00fcr die Herzen, sich zu treffen, sich als eine Familie, als ein Familienwerk zu erkennen, sich \u00fcber Themen auszutauschen, die f\u00fcr uns wichtig sind, die uns in Frage stellen und herausfordern, und auch die Antworten zu teilen, die wir auf diese Herausforderungen unserer Zeit geben, und Synergien zwischen den verschiedenen Gemeinschaften und L\u00e4ndern zu schaffen.<\/p>\n<figure id=\"attachment_30704\" aria-describedby=\"caption-attachment-30704\" style=\"width: 683px\" class=\"wp-caption alignnone\"><img fetchpriority=\"high\" decoding=\"async\" class=\"size-large wp-image-30704\" src=\"https:\/\/schoenstatt.com\/wp-content\/uploads\/2023\/05\/CIOF-Paraguay23-6.jpeg\" alt=\"Obra de Familias\" width=\"683\" height=\"1024\" srcset=\"https:\/\/schoenstatt.com\/wp-content\/uploads\/2023\/05\/CIOF-Paraguay23-6.jpeg 1000w, https:\/\/schoenstatt.com\/wp-content\/uploads\/2023\/05\/CIOF-Paraguay23-6-768x1152.jpeg 768w\" sizes=\"(max-width: 683px) 100vw, 683px\" \/><figcaption id=\"caption-attachment-30704\" class=\"wp-caption-text\">Junges Heiligtum, Asunci\u00f3n, Paraguay<\/figcaption><\/figure>\n<h2>Als Familie f\u00fcr die Familien<\/h2>\n<p>F\u00fcr das Sch\u00f6nstatt-Familienwerk in Paraguay war es eine Chance und eine enorme Herausforderung, f\u00fcnf Jahre lang als Team zu arbeiten und sich <a href=\"https:\/\/schoenstattdev.wpenginepowered.com\/de\/familie\/ein-einziges-herz-ein-einziges-schoenstatt\/\">vorzubereiten<\/a>, wobei der geplante Termin zweimal verschoben wurde, und das bei einer Pandemie, mit der niemand gerechnet hatte. Das waren gro\u00dfe Opfer f\u00fcr das Gnadenkapital der Gottesmutter.<\/p>\n<figure id=\"attachment_30712\" aria-describedby=\"caption-attachment-30712\" style=\"width: 768px\" class=\"wp-caption alignnone\"><img decoding=\"async\" class=\"size-large wp-image-30712\" src=\"https:\/\/schoenstatt.com\/wp-content\/uploads\/2023\/05\/CIOF-Paraguay23-2-1-768x1024.jpeg\" alt=\"CIOF - Obra de Familias\" width=\"768\" height=\"1024\" srcset=\"https:\/\/schoenstatt.com\/wp-content\/uploads\/2023\/05\/CIOF-Paraguay23-2-1-768x1024.jpeg 768w, https:\/\/schoenstatt.com\/wp-content\/uploads\/2023\/05\/CIOF-Paraguay23-2-1-1152x1536.jpeg 1152w, https:\/\/schoenstatt.com\/wp-content\/uploads\/2023\/05\/CIOF-Paraguay23-2-1.jpeg 1200w\" sizes=\"(max-width: 768px) 100vw, 768px\" \/><figcaption id=\"caption-attachment-30712\" class=\"wp-caption-text\">Willkommenspaket<\/figcaption><\/figure>\n<p>Das Arbeitsteam von CIOF Paraguay 2023 bestand aus mehr als 100 Ehepaaren, die f\u00fcr alle organisatorischen, logistischen, geistlichen und inhaltlichen Aspekte verantwortlich waren. Sie k\u00fcmmerten sich um jedes Detail, damit das CIOF ein Familientreffen und ein Fest wurde; von der Vorbereitung in der Ferne bis hin zur Begr\u00fc\u00dfung jedes einzelnen Teilnehmers, der in unserem Guarani-Land ankam, und w\u00e4hrend der gesamten Entwicklung des CIOF.<\/p>\n<p>Wir erlebten ein gro\u00dfes Geschenk Gottes, getreu dem Ideal, das er uns gegeben hat, eine Nation Gottes, ein Herz Amerikas zu sein, und empfingen die Familien und Teilnehmer mit der W\u00e4rme, Herzlichkeit und einzigartigen Gastfreundschaft, die Paraguay kennzeichnet.<\/p>\n<p>Bei dieser Gelegenheit stand das CIOF unter dem Motto: &#8222;Familie im B\u00fcndnis, Herz f\u00fcr die Welt&#8220;, mit dem Ziel, eine Erfahrung der pers\u00f6nlichen und lebensnahen Begegnung, warm und famili\u00e4r, zu erm\u00f6glichen. Auf diese Weise trug es dazu bei, die Beziehungen unter den Teilnehmern zu st\u00e4rken und konkrete Vorschl\u00e4ge zu erarbeiten, die auf der Wahrnehmung der Realit\u00e4t von Ehe, Familie und Gesellschaft beruhen, und zwar aus einer selbstkritischen Sicht als Sch\u00f6nstatt-Familienarbeit.<\/p>\n<figure id=\"attachment_30720\" aria-describedby=\"caption-attachment-30720\" style=\"width: 576px\" class=\"wp-caption alignnone\"><img decoding=\"async\" class=\"size-large wp-image-30720\" src=\"https:\/\/schoenstatt.com\/wp-content\/uploads\/2023\/05\/CIOF-Paraguay23-4-1.jpeg\" alt=\"Obra de Familias\" width=\"576\" height=\"1024\" srcset=\"https:\/\/schoenstatt.com\/wp-content\/uploads\/2023\/05\/CIOF-Paraguay23-4-1.jpeg 900w, https:\/\/schoenstatt.com\/wp-content\/uploads\/2023\/05\/CIOF-Paraguay23-4-1-768x1365.jpeg 768w, https:\/\/schoenstatt.com\/wp-content\/uploads\/2023\/05\/CIOF-Paraguay23-4-1-864x1536.jpeg 864w\" sizes=\"(max-width: 576px) 100vw, 576px\" \/><figcaption id=\"caption-attachment-30720\" class=\"wp-caption-text\">Reliquien des Heiligen Roque Gonz\u00e1lez de Santa Cruz, ersten paraguayischen Heiligen.<\/figcaption><\/figure>\n<h2>Verbundenheit, Bildungsarbeit und gemeinsames Leben<\/h2>\n<p>Die Er\u00f6ffnung des CIOF fand am Donnerstag, dem 4. Mai, im Heiligtum in Asunci\u00f3n statt. Pater Jos\u00e9 Luis Correa, der Kontinentalkoordinator, feierte die hl. Messe, an der mehr als 20 Priester teilnahmen, mit dabei war die Reliquie des unversehrten Herzens des ersten paraguayischen Heiligen, San Roque Gonz\u00e1lez de Santa Cruz. Die Er\u00f6ffnungszeremonie wurde von Graciela und Beltr\u00e1n Macchi, den Koordinatoren von CIOF Paraguay 2023, geleitet.<\/p>\n<p>Am Freitag, den 5. und Samstag, den 6. trafen sich die Teilnehmer im Sheraton Hotel. Dort wurden drei Konferenzen, zwei Erfahrungsberichte und 25 Workshops von Paaren und Beratern aus den verschiedenen Teilnehmerl\u00e4ndern abgehalten. Die Aktivit\u00e4ten am Freitag konzentrierten sich darauf, eine &#8222;Marianische Familie, ein Haus f\u00fcr die Welt&#8220; zu sein. Am Samstag wurde an der Vertiefung des Bewusstseins gearbeitet, dass &#8222;es die Stunde der Laien ist, Cor unum in Patre&#8220;. Anschlie\u00dfend gab es Pr\u00e4sentationen einiger apostolischer Erfahrungen und ein Expo-Apostolat.<\/p>\n<p>Am Freitagabend fand in &#8222;Las Tacuaras&#8220; ein kultureller Abend statt, um die Arbeit des CIOF zu erg\u00e4nzen. Die Teilnehmer kamen in den Genuss der gro\u00dfartigen Darbietung des &#8222;Orchesters der recycelten Instrumente von Cateura&#8220;, das nicht nur ein sch\u00f6ner k\u00fcnstlerischer Ausdruck ist, sondern auch ein Unternehmen der menschlichen F\u00f6rderung und Entwicklung f\u00fcr seine Mitglieder und ihre Umgebung.<\/p>\n<figure id=\"attachment_30708\" aria-describedby=\"caption-attachment-30708\" style=\"width: 840px\" class=\"wp-caption alignnone\"><img loading=\"lazy\" decoding=\"async\" class=\"size-large wp-image-30708\" src=\"https:\/\/schoenstatt.com\/wp-content\/uploads\/2023\/05\/CIOF-Paraguay23-1-1.jpeg\" alt=\"Obra de Familias\" width=\"840\" height=\"630\" srcset=\"https:\/\/schoenstatt.com\/wp-content\/uploads\/2023\/05\/CIOF-Paraguay23-1-1.jpeg 1280w, https:\/\/schoenstatt.com\/wp-content\/uploads\/2023\/05\/CIOF-Paraguay23-1-1-768x576.jpeg 768w\" sizes=\"(max-width: 840px) 100vw, 840px\" \/><figcaption id=\"caption-attachment-30708\" class=\"wp-caption-text\">Er\u00f6ffnungsgottesdienst<\/figcaption><\/figure>\n<p>Der Abschluss dieser Ausgabe des CIOF fand am Sonntag, den 7. Mai in Tuparend\u00e1 statt. An diesem Tag versammelten sich die Teilnehmer entsprechend ihrer Zugeh\u00f6rigkeit zu den verschiedenen Gemeinschaften des Familienwerks: Apostolische Liga der Familien, Apostolischer Familienbund und Institut der Familien. Zum Abschluss wurde in der Kirche \u201eMaria von der Dreifaltigkeit\u201c eine heilige Messe gefeiert, der Bischof Joaquin Robledo, Bischof von San Lorenzo, vorstand und bei der der emeritierte Bischof Claudio Gimenez und mehr als 20 Priester konzelebrierten. Nach der Abschlussfeier waren alle in einer festlichen und famili\u00e4ren Atmosph\u00e4re zu einem Kar\u00fa Guas\u00fa (eine gro\u00dfe Mahlzeit in Guaran\u00ed) eingeladen, begleitet von k\u00fcnstlerischen Darbietungen aus den Teilnehmerl\u00e4ndern.<\/p>\n<p>Daniela und Antonio Peralta geh\u00f6ren zum Verband der Sch\u00f6nstattfamilien in Paraguay<\/p>\n","protected":false},"excerpt":{"rendered":"<p>Erfahrungsbericht \u00fcber den Internationalen Kongress der Sch\u00f6nstatt-Familienbewegung (Paraguay).<\/p>\n","protected":false},"author":6,"featured_media":30724,"comment_status":"closed","ping_status":"closed","sticky":false,"template":"","format":"standard","meta":{"footnotes":""},"categories":[678],"tags":[],"class_list":["post-49472","post","type-post","status-publish","format-standard","has-post-thumbnail","hentry","category-lander-de"],"yoast_head":"<!-- This site is optimized with the Yoast SEO Premium plugin v27.4 (Yoast SEO v27.5) - https:\/\/yoast.com\/product\/yoast-seo-premium-wordpress\/ -->\n<title>Ein Familienwerk, ein Herz f\u00fcr die Welt - Schoenstatt<\/title>\n<meta name=\"description\" content=\"Der Internationale Kongress der Sch\u00f6nstatt-Familienbewegung (CIOF) fand in Paraguay statt. Ein Erfahrungsbericht.\" \/>\n<meta name=\"robots\" content=\"index, follow, max-snippet:-1, max-image-preview:large, max-video-preview:-1\" \/>\n<link rel=\"canonical\" href=\"https:\/\/schoenstatt.com\/de\/ein-familienwerk-ein-herz-fuer-die-welt\/\" \/>\n<meta property=\"og:locale\" content=\"de_DE\" \/>\n<meta property=\"og:type\" content=\"article\" \/>\n<meta property=\"og:title\" content=\"Ein Familienwerk, ein Herz f\u00fcr die Welt\" \/>\n<meta property=\"og:description\" content=\"Der Internationale Kongress der Sch\u00f6nstatt-Familienbewegung (CIOF) fand in Paraguay statt. Ein Erfahrungsbericht.\" \/>\n<meta property=\"og:url\" content=\"https:\/\/schoenstatt.com\/de\/ein-familienwerk-ein-herz-fuer-die-welt\/\" \/>\n<meta property=\"og:site_name\" content=\"Schoenstatt\" \/>\n<meta property=\"article:published_time\" content=\"2023-05-24T12:00:06+00:00\" \/>\n<meta property=\"article:modified_time\" content=\"2025-05-15T17:53:26+00:00\" \/>\n<meta property=\"og:image\" content=\"https:\/\/schoenstatt.com\/wp-content\/uploads\/2023\/05\/CIOF-Paraguay23-5-1.jpeg\" \/>\n\t<meta property=\"og:image:width\" content=\"1366\" \/>\n\t<meta property=\"og:image:height\" content=\"969\" \/>\n\t<meta property=\"og:image:type\" content=\"image\/jpeg\" \/>\n<meta name=\"author\" content=\"Vanessa Franke\" \/>\n<meta name=\"twitter:card\" content=\"summary_large_image\" \/>\n<meta name=\"twitter:label1\" content=\"Verfasst von\" \/>\n\t<meta name=\"twitter:data1\" content=\"Vanessa Franke\" \/>\n\t<meta name=\"twitter:label2\" content=\"Gesch\u00e4tzte Lesezeit\" \/>\n\t<meta name=\"twitter:data2\" content=\"5\u00a0Minuten\" \/>\n<script type=\"application\/ld+json\" class=\"yoast-schema-graph\">{\"@context\":\"https:\\\/\\\/schema.org\",\"@graph\":[{\"@type\":\"Article\",\"@id\":\"https:\\\/\\\/schoenstatt.com\\\/de\\\/ein-familienwerk-ein-herz-fuer-die-welt\\\/#article\",\"isPartOf\":{\"@id\":\"https:\\\/\\\/schoenstatt.com\\\/de\\\/ein-familienwerk-ein-herz-fuer-die-welt\\\/\"},\"author\":{\"name\":\"Vanessa Franke\",\"@id\":\"https:\\\/\\\/schoenstatt.com\\\/de\\\/#\\\/schema\\\/person\\\/ea97a60c723e21c923e2177f0f3163f7\"},\"headline\":\"Ein Familienwerk, ein Herz f\u00fcr die Welt\",\"datePublished\":\"2023-05-24T12:00:06+00:00\",\"dateModified\":\"2025-05-15T17:53:26+00:00\",\"mainEntityOfPage\":{\"@id\":\"https:\\\/\\\/schoenstatt.com\\\/de\\\/ein-familienwerk-ein-herz-fuer-die-welt\\\/\"},\"wordCount\":809,\"publisher\":{\"@id\":\"https:\\\/\\\/schoenstatt.com\\\/de\\\/#organization\"},\"image\":{\"@id\":\"https:\\\/\\\/schoenstatt.com\\\/de\\\/ein-familienwerk-ein-herz-fuer-die-welt\\\/#primaryimage\"},\"thumbnailUrl\":\"https:\\\/\\\/schoenstatt.com\\\/wp-content\\\/uploads\\\/2023\\\/05\\\/CIOF-Paraguay23-5-1.jpeg\",\"articleSection\":[\"L\u00e4nder\"],\"inLanguage\":\"de\"},{\"@type\":\"WebPage\",\"@id\":\"https:\\\/\\\/schoenstatt.com\\\/de\\\/ein-familienwerk-ein-herz-fuer-die-welt\\\/\",\"url\":\"https:\\\/\\\/schoenstatt.com\\\/de\\\/ein-familienwerk-ein-herz-fuer-die-welt\\\/\",\"name\":\"Ein Familienwerk, ein Herz f\u00fcr die Welt - Schoenstatt\",\"isPartOf\":{\"@id\":\"https:\\\/\\\/schoenstatt.com\\\/de\\\/#website\"},\"primaryImageOfPage\":{\"@id\":\"https:\\\/\\\/schoenstatt.com\\\/de\\\/ein-familienwerk-ein-herz-fuer-die-welt\\\/#primaryimage\"},\"image\":{\"@id\":\"https:\\\/\\\/schoenstatt.com\\\/de\\\/ein-familienwerk-ein-herz-fuer-die-welt\\\/#primaryimage\"},\"thumbnailUrl\":\"https:\\\/\\\/schoenstatt.com\\\/wp-content\\\/uploads\\\/2023\\\/05\\\/CIOF-Paraguay23-5-1.jpeg\",\"datePublished\":\"2023-05-24T12:00:06+00:00\",\"dateModified\":\"2025-05-15T17:53:26+00:00\",\"description\":\"Der Internationale Kongress der Sch\u00f6nstatt-Familienbewegung (CIOF) fand in Paraguay statt. Ein Erfahrungsbericht.\",\"breadcrumb\":{\"@id\":\"https:\\\/\\\/schoenstatt.com\\\/de\\\/ein-familienwerk-ein-herz-fuer-die-welt\\\/#breadcrumb\"},\"inLanguage\":\"de\",\"potentialAction\":[{\"@type\":\"ReadAction\",\"target\":[\"https:\\\/\\\/schoenstatt.com\\\/de\\\/ein-familienwerk-ein-herz-fuer-die-welt\\\/\"]}]},{\"@type\":\"ImageObject\",\"inLanguage\":\"de\",\"@id\":\"https:\\\/\\\/schoenstatt.com\\\/de\\\/ein-familienwerk-ein-herz-fuer-die-welt\\\/#primaryimage\",\"url\":\"https:\\\/\\\/schoenstatt.com\\\/wp-content\\\/uploads\\\/2023\\\/05\\\/CIOF-Paraguay23-5-1.jpeg\",\"contentUrl\":\"https:\\\/\\\/schoenstatt.com\\\/wp-content\\\/uploads\\\/2023\\\/05\\\/CIOF-Paraguay23-5-1.jpeg\",\"width\":1366,\"height\":969,\"caption\":\"Celebraci\u00f3n de Misa Inaugural\"},{\"@type\":\"BreadcrumbList\",\"@id\":\"https:\\\/\\\/schoenstatt.com\\\/de\\\/ein-familienwerk-ein-herz-fuer-die-welt\\\/#breadcrumb\",\"itemListElement\":[{\"@type\":\"ListItem\",\"position\":1,\"name\":\"Portada\",\"item\":\"https:\\\/\\\/schoenstatt.com\\\/de\\\/home\\\/\"},{\"@type\":\"ListItem\",\"position\":2,\"name\":\"Ein Familienwerk, ein Herz f\u00fcr die Welt\"}]},{\"@type\":\"WebSite\",\"@id\":\"https:\\\/\\\/schoenstatt.com\\\/de\\\/#website\",\"url\":\"https:\\\/\\\/schoenstatt.com\\\/de\\\/\",\"name\":\"Schoenstatt\",\"description\":\"Apostolic Movement\",\"publisher\":{\"@id\":\"https:\\\/\\\/schoenstatt.com\\\/de\\\/#organization\"},\"potentialAction\":[{\"@type\":\"SearchAction\",\"target\":{\"@type\":\"EntryPoint\",\"urlTemplate\":\"https:\\\/\\\/schoenstatt.com\\\/de\\\/?s={search_term_string}\"},\"query-input\":{\"@type\":\"PropertyValueSpecification\",\"valueRequired\":true,\"valueName\":\"search_term_string\"}}],\"inLanguage\":\"de\"},{\"@type\":\"Organization\",\"@id\":\"https:\\\/\\\/schoenstatt.com\\\/de\\\/#organization\",\"name\":\"Schoenstatt\",\"url\":\"https:\\\/\\\/schoenstatt.com\\\/de\\\/\",\"logo\":{\"@type\":\"ImageObject\",\"inLanguage\":\"de\",\"@id\":\"https:\\\/\\\/schoenstatt.com\\\/de\\\/#\\\/schema\\\/logo\\\/image\\\/\",\"url\":\"https:\\\/\\\/schoenstatt.com\\\/wp-content\\\/uploads\\\/2025\\\/04\\\/logo-schoenstatt-white-696x696-1.png\",\"contentUrl\":\"https:\\\/\\\/schoenstatt.com\\\/wp-content\\\/uploads\\\/2025\\\/04\\\/logo-schoenstatt-white-696x696-1.png\",\"width\":696,\"height\":694,\"caption\":\"Schoenstatt\"},\"image\":{\"@id\":\"https:\\\/\\\/schoenstatt.com\\\/de\\\/#\\\/schema\\\/logo\\\/image\\\/\"}},{\"@type\":\"Person\",\"@id\":\"https:\\\/\\\/schoenstatt.com\\\/de\\\/#\\\/schema\\\/person\\\/ea97a60c723e21c923e2177f0f3163f7\",\"name\":\"Vanessa Franke\",\"image\":{\"@type\":\"ImageObject\",\"inLanguage\":\"de\",\"@id\":\"https:\\\/\\\/secure.gravatar.com\\\/avatar\\\/a9bcca3409928ccd3195eca11e2ccbb2e5d7c7912e9a945d4f326f81a0a5cb4a?s=96&d=mm&r=g\",\"url\":\"https:\\\/\\\/secure.gravatar.com\\\/avatar\\\/a9bcca3409928ccd3195eca11e2ccbb2e5d7c7912e9a945d4f326f81a0a5cb4a?s=96&d=mm&r=g\",\"contentUrl\":\"https:\\\/\\\/secure.gravatar.com\\\/avatar\\\/a9bcca3409928ccd3195eca11e2ccbb2e5d7c7912e9a945d4f326f81a0a5cb4a?s=96&d=mm&r=g\",\"caption\":\"Vanessa Franke\"},\"url\":\"https:\\\/\\\/schoenstatt.com\\\/de\\\/author\\\/vanessa-franke\\\/\"}]}<\/script>\n<!-- \/ Yoast SEO Premium plugin. -->","yoast_head_json":{"title":"Ein Familienwerk, ein Herz f\u00fcr die Welt - Schoenstatt","description":"Der Internationale Kongress der Sch\u00f6nstatt-Familienbewegung (CIOF) fand in Paraguay statt. Ein Erfahrungsbericht.","robots":{"index":"index","follow":"follow","max-snippet":"max-snippet:-1","max-image-preview":"max-image-preview:large","max-video-preview":"max-video-preview:-1"},"canonical":"https:\/\/schoenstatt.com\/de\/ein-familienwerk-ein-herz-fuer-die-welt\/","og_locale":"de_DE","og_type":"article","og_title":"Ein Familienwerk, ein Herz f\u00fcr die Welt","og_description":"Der Internationale Kongress der Sch\u00f6nstatt-Familienbewegung (CIOF) fand in Paraguay statt. Ein Erfahrungsbericht.","og_url":"https:\/\/schoenstatt.com\/de\/ein-familienwerk-ein-herz-fuer-die-welt\/","og_site_name":"Schoenstatt","article_published_time":"2023-05-24T12:00:06+00:00","article_modified_time":"2025-05-15T17:53:26+00:00","og_image":[{"width":1366,"height":969,"url":"https:\/\/schoenstatt.com\/wp-content\/uploads\/2023\/05\/CIOF-Paraguay23-5-1.jpeg","type":"image\/jpeg"}],"author":"Vanessa Franke","twitter_card":"summary_large_image","twitter_misc":{"Verfasst von":"Vanessa Franke","Gesch\u00e4tzte Lesezeit":"5\u00a0Minuten"},"schema":{"@context":"https:\/\/schema.org","@graph":[{"@type":"Article","@id":"https:\/\/schoenstatt.com\/de\/ein-familienwerk-ein-herz-fuer-die-welt\/#article","isPartOf":{"@id":"https:\/\/schoenstatt.com\/de\/ein-familienwerk-ein-herz-fuer-die-welt\/"},"author":{"name":"Vanessa Franke","@id":"https:\/\/schoenstatt.com\/de\/#\/schema\/person\/ea97a60c723e21c923e2177f0f3163f7"},"headline":"Ein Familienwerk, ein Herz f\u00fcr die Welt","datePublished":"2023-05-24T12:00:06+00:00","dateModified":"2025-05-15T17:53:26+00:00","mainEntityOfPage":{"@id":"https:\/\/schoenstatt.com\/de\/ein-familienwerk-ein-herz-fuer-die-welt\/"},"wordCount":809,"publisher":{"@id":"https:\/\/schoenstatt.com\/de\/#organization"},"image":{"@id":"https:\/\/schoenstatt.com\/de\/ein-familienwerk-ein-herz-fuer-die-welt\/#primaryimage"},"thumbnailUrl":"https:\/\/schoenstatt.com\/wp-content\/uploads\/2023\/05\/CIOF-Paraguay23-5-1.jpeg","articleSection":["L\u00e4nder"],"inLanguage":"de"},{"@type":"WebPage","@id":"https:\/\/schoenstatt.com\/de\/ein-familienwerk-ein-herz-fuer-die-welt\/","url":"https:\/\/schoenstatt.com\/de\/ein-familienwerk-ein-herz-fuer-die-welt\/","name":"Ein Familienwerk, ein Herz f\u00fcr die Welt - Schoenstatt","isPartOf":{"@id":"https:\/\/schoenstatt.com\/de\/#website"},"primaryImageOfPage":{"@id":"https:\/\/schoenstatt.com\/de\/ein-familienwerk-ein-herz-fuer-die-welt\/#primaryimage"},"image":{"@id":"https:\/\/schoenstatt.com\/de\/ein-familienwerk-ein-herz-fuer-die-welt\/#primaryimage"},"thumbnailUrl":"https:\/\/schoenstatt.com\/wp-content\/uploads\/2023\/05\/CIOF-Paraguay23-5-1.jpeg","datePublished":"2023-05-24T12:00:06+00:00","dateModified":"2025-05-15T17:53:26+00:00","description":"Der Internationale Kongress der Sch\u00f6nstatt-Familienbewegung (CIOF) fand in Paraguay statt. Ein Erfahrungsbericht.","breadcrumb":{"@id":"https:\/\/schoenstatt.com\/de\/ein-familienwerk-ein-herz-fuer-die-welt\/#breadcrumb"},"inLanguage":"de","potentialAction":[{"@type":"ReadAction","target":["https:\/\/schoenstatt.com\/de\/ein-familienwerk-ein-herz-fuer-die-welt\/"]}]},{"@type":"ImageObject","inLanguage":"de","@id":"https:\/\/schoenstatt.com\/de\/ein-familienwerk-ein-herz-fuer-die-welt\/#primaryimage","url":"https:\/\/schoenstatt.com\/wp-content\/uploads\/2023\/05\/CIOF-Paraguay23-5-1.jpeg","contentUrl":"https:\/\/schoenstatt.com\/wp-content\/uploads\/2023\/05\/CIOF-Paraguay23-5-1.jpeg","width":1366,"height":969,"caption":"Celebraci\u00f3n de Misa Inaugural"},{"@type":"BreadcrumbList","@id":"https:\/\/schoenstatt.com\/de\/ein-familienwerk-ein-herz-fuer-die-welt\/#breadcrumb","itemListElement":[{"@type":"ListItem","position":1,"name":"Portada","item":"https:\/\/schoenstatt.com\/de\/home\/"},{"@type":"ListItem","position":2,"name":"Ein Familienwerk, ein Herz f\u00fcr die Welt"}]},{"@type":"WebSite","@id":"https:\/\/schoenstatt.com\/de\/#website","url":"https:\/\/schoenstatt.com\/de\/","name":"Schoenstatt","description":"Apostolic Movement","publisher":{"@id":"https:\/\/schoenstatt.com\/de\/#organization"},"potentialAction":[{"@type":"SearchAction","target":{"@type":"EntryPoint","urlTemplate":"https:\/\/schoenstatt.com\/de\/?s={search_term_string}"},"query-input":{"@type":"PropertyValueSpecification","valueRequired":true,"valueName":"search_term_string"}}],"inLanguage":"de"},{"@type":"Organization","@id":"https:\/\/schoenstatt.com\/de\/#organization","name":"Schoenstatt","url":"https:\/\/schoenstatt.com\/de\/","logo":{"@type":"ImageObject","inLanguage":"de","@id":"https:\/\/schoenstatt.com\/de\/#\/schema\/logo\/image\/","url":"https:\/\/schoenstatt.com\/wp-content\/uploads\/2025\/04\/logo-schoenstatt-white-696x696-1.png","contentUrl":"https:\/\/schoenstatt.com\/wp-content\/uploads\/2025\/04\/logo-schoenstatt-white-696x696-1.png","width":696,"height":694,"caption":"Schoenstatt"},"image":{"@id":"https:\/\/schoenstatt.com\/de\/#\/schema\/logo\/image\/"}},{"@type":"Person","@id":"https:\/\/schoenstatt.com\/de\/#\/schema\/person\/ea97a60c723e21c923e2177f0f3163f7","name":"Vanessa Franke","image":{"@type":"ImageObject","inLanguage":"de","@id":"https:\/\/secure.gravatar.com\/avatar\/a9bcca3409928ccd3195eca11e2ccbb2e5d7c7912e9a945d4f326f81a0a5cb4a?s=96&d=mm&r=g","url":"https:\/\/secure.gravatar.com\/avatar\/a9bcca3409928ccd3195eca11e2ccbb2e5d7c7912e9a945d4f326f81a0a5cb4a?s=96&d=mm&r=g","contentUrl":"https:\/\/secure.gravatar.com\/avatar\/a9bcca3409928ccd3195eca11e2ccbb2e5d7c7912e9a945d4f326f81a0a5cb4a?s=96&d=mm&r=g","caption":"Vanessa Franke"},"url":"https:\/\/schoenstatt.com\/de\/author\/vanessa-franke\/"}]}},"_links":{"self":[{"href":"https:\/\/schoenstatt.com\/de\/wp-json\/wp\/v2\/posts\/49472","targetHints":{"allow":["GET"]}}],"collection":[{"href":"https:\/\/schoenstatt.com\/de\/wp-json\/wp\/v2\/posts"}],"about":[{"href":"https:\/\/schoenstatt.com\/de\/wp-json\/wp\/v2\/types\/post"}],"author":[{"embeddable":true,"href":"https:\/\/schoenstatt.com\/de\/wp-json\/wp\/v2\/users\/6"}],"replies":[{"embeddable":true,"href":"https:\/\/schoenstatt.com\/de\/wp-json\/wp\/v2\/comments?post=49472"}],"version-history":[{"count":2,"href":"https:\/\/schoenstatt.com\/de\/wp-json\/wp\/v2\/posts\/49472\/revisions"}],"predecessor-version":[{"id":55355,"href":"https:\/\/schoenstatt.com\/de\/wp-json\/wp\/v2\/posts\/49472\/revisions\/55355"}],"wp:featuredmedia":[{"embeddable":true,"href":"https:\/\/schoenstatt.com\/de\/wp-json\/wp\/v2\/media\/30724"}],"wp:attachment":[{"href":"https:\/\/schoenstatt.com\/de\/wp-json\/wp\/v2\/media?parent=49472"}],"wp:term":[{"taxonomy":"category","embeddable":true,"href":"https:\/\/schoenstatt.com\/de\/wp-json\/wp\/v2\/categories?post=49472"},{"taxonomy":"post_tag","embeddable":true,"href":"https:\/\/schoenstatt.com\/de\/wp-json\/wp\/v2\/tags?post=49472"}],"curies":[{"name":"wp","href":"https:\/\/api.w.org\/{rel}","templated":true}]}}