{"id":49124,"date":"2023-07-14T20:41:53","date_gmt":"2023-07-14T18:41:53","guid":{"rendered":"https:\/\/schoenstattdev.wpenginepowered.com\/?p=31344"},"modified":"2025-05-15T20:18:59","modified_gmt":"2025-05-15T18:18:59","slug":"italien-hat-einen-ersten-familienbundeskurs-mariae-apostoli","status":"publish","type":"post","link":"https:\/\/schoenstatt.com\/de\/italien-hat-einen-ersten-familienbundeskurs-mariae-apostoli\/","title":{"rendered":"Italien hat einen ersten Familienbundeskurs,&#8220;Mariae apostoli&#8220;"},"content":{"rendered":"<p>Im <a href=\"https:\/\/goo.gl\/maps\/H2TpeBV9SfcotKmB8\" target=\"_blank\" rel=\"noopener\">Cor Ecclesiae-Heiligtum<\/a> in Rom\/Italien feierten acht Familien ihre Aufnahme in den Sch\u00f6nstattfamilienbund. Der erste Kurs, genannt \u201eMariae apostoli\u201c freut sich auf sein Leben als Kurs mit ihrer ganz besonderen Sendung.<\/p>\n<h2><em>Marie apostoli<\/em><\/h2>\n<p>Am Ende ihrer dreij\u00e4hrigen Vorbereitungszeit wurden am 17. Juni, dem Festtag des Unbefleckten Herzens Mariens acht Familien in den <a href=\"https:\/\/schoenstattdev.wpenginepowered.com\/de\/familie\/gemeinschaften-in-der-schoenstattbewegung\/famile\/\" target=\"_blank\" rel=\"noopener\">Sch\u00f6nstatt Familienbund<\/a> aufgenommen. Als Sendung haben sie erkannt: <em>&#8222;Mariae apostoli&#8220;<\/em>. Sie verstehen sich als &#8222;Marienapostel auf dem Weg zu Familien\u201c.<\/p>\n<p>Die Weihe der acht Kursehepaare fand in einer innigen und besinnlichen Messe im <em>Cor Ecclesiae<\/em> Heiligtum statt in Anwesenheit von Stefan und Maria Pelz, aus der internationalen Leitung des Sch\u00f6nstatt-Familienbundes und den Kursassistenten Pater Beltr\u00e1n Gomez, Schwester Asunci\u00f3n Bergen Pape sowie Ehepaar Gabriela und Gast\u00f3n Zurita aus Argentinien.<\/p>\n<p><img fetchpriority=\"high\" decoding=\"async\" class=\"aligncenter wp-image-31330 \" src=\"https:\/\/schoenstatt.com\/wp-content\/uploads\/2023\/07\/Federacion-de-Familias-de-Schoenstatt-Italia-4-1.png\" alt=\"\" width=\"836\" height=\"376\" srcset=\"https:\/\/schoenstatt.com\/wp-content\/uploads\/2023\/07\/Federacion-de-Familias-de-Schoenstatt-Italia-4-1.png 1600w, https:\/\/schoenstatt.com\/wp-content\/uploads\/2023\/07\/Federacion-de-Familias-de-Schoenstatt-Italia-4-1-768x346.png 768w, https:\/\/schoenstatt.com\/wp-content\/uploads\/2023\/07\/Federacion-de-Familias-de-Schoenstatt-Italia-4-1-1536x691.png 1536w\" sizes=\"(max-width: 836px) 100vw, 836px\" \/><\/p>\n<h2>Die Freude teilen<\/h2>\n<p>W\u00e4hrend der B\u00fcndnismesse am darauffolgenden Tag konnte der erste Kurs des italienischen Familienbundes die Freude \u00fcber seine Weihe mit ihren Familien und den verschiedenen Gruppen Sch\u00f6nstatts in Italien am Cor Ecclesiae-Heiligtum teilen. Noch einmal sprachen sie ihr Weihegebet und erneuerten die Bereitschaft, sich senden zu lassen.<\/p>\n<p>Die Ehepaare des &#8222;Mariae Apostel Kurses&#8220; vertrauen ihren Weg &#8211; pers\u00f6nlich, als Ehepaar und als Gemeinschaft &#8211; Gott und der Gottesmutter an. Sie wissen sich gest\u00e4rkt durch das Liebesb\u00fcndnis, das Sakrament der Ehe im Licht der Evangelischen R\u00e4te und der priesterlichen F\u00fcrsprache <a href=\"https:\/\/schoenstattdev.wpenginepowered.com\/de\/about\/gruender\/\" target=\"_blank\" rel=\"noopener\">Pater Kentenichs<\/a>, des Gr\u00fcnders der Sch\u00f6nstatt-Bewegung.<\/p>\n<p><img decoding=\"async\" class=\"aligncenter wp-image-31334 \" src=\"https:\/\/schoenstatt.com\/wp-content\/uploads\/2023\/07\/Federacion-de-Familias-de-Schoenstatt-Italia-1.jpg\" alt=\"\" width=\"841\" height=\"548\" srcset=\"https:\/\/schoenstatt.com\/wp-content\/uploads\/2023\/07\/Federacion-de-Familias-de-Schoenstatt-Italia-1.jpg 1477w, https:\/\/schoenstatt.com\/wp-content\/uploads\/2023\/07\/Federacion-de-Familias-de-Schoenstatt-Italia-1-768x501.jpg 768w\" sizes=\"(max-width: 841px) 100vw, 841px\" \/><\/p>\n<h3>Danke f\u00fcrs Gebet<\/h3>\n<p>Dankbar f\u00fcr allen Gebetseinsatz und alle Begleitung, die sie erfahren haben auf ihrem Weg in den Sch\u00f6nstatt Familienbund, versprechen die acht Ehepaare ihr Gebet f\u00fcr alle Sch\u00f6nstattmitglieder und hoffen \u201e \u2026 uns vielleicht eines Tages pers\u00f6nlich zu treffen!\u201c<\/p>\n<p><img decoding=\"async\" class=\"aligncenter wp-image-31338 \" src=\"https:\/\/schoenstatt.com\/wp-content\/uploads\/2023\/07\/Federacion-de-Familias-de-Schoenstatt-Italia-2-1.jpg\" alt=\"\" width=\"807\" height=\"605\" srcset=\"https:\/\/schoenstatt.com\/wp-content\/uploads\/2023\/07\/Federacion-de-Familias-de-Schoenstatt-Italia-2-1.jpg 1024w, https:\/\/schoenstatt.com\/wp-content\/uploads\/2023\/07\/Federacion-de-Familias-de-Schoenstatt-Italia-2-1-768x576.jpg 768w\" sizes=\"(max-width: 807px) 100vw, 807px\" \/><\/p>\n","protected":false},"excerpt":{"rendered":"<p>In Rom wurden 8 Familien in den Familienbund aufgenommen. Ihre Sendung: &#8222;Mariae apostoli&#8220;. Sie sind &#8222;Marienapostel auf dem Weg zu Familien&#8220;<\/p>\n","protected":false},"author":3,"featured_media":31326,"comment_status":"closed","ping_status":"closed","sticky":false,"template":"","format":"standard","meta":{"footnotes":""},"categories":[874,678,907],"tags":[],"class_list":["post-49124","post","type-post","status-publish","format-standard","has-post-thumbnail","hentry","category-familie-de","category-lander-de","category-schoenstatt-gemeinschaften-de"],"yoast_head":"<!-- This site is optimized with the Yoast SEO Premium plugin v27.4 (Yoast SEO v27.4) - https:\/\/yoast.com\/product\/yoast-seo-premium-wordpress\/ -->\n<title>Italien hat einen ersten Familienbundeskurs,&quot;Mariae apostoli&quot;<\/title>\n<meta name=\"description\" content=\"In Rom wurden 8 Familien in den Familienbund aufgenommen. Ihre Sendung: &quot;Mariae apostoli&quot;. Sie sind &quot;Marienapostel auf dem Weg zu Familien&quot;\" \/>\n<meta name=\"robots\" content=\"index, follow, max-snippet:-1, max-image-preview:large, max-video-preview:-1\" \/>\n<link rel=\"canonical\" href=\"https:\/\/schoenstatt.com\/de\/italien-hat-einen-ersten-familienbundeskurs-mariae-apostoli\/\" \/>\n<meta property=\"og:locale\" content=\"de_DE\" \/>\n<meta property=\"og:type\" content=\"article\" \/>\n<meta property=\"og:title\" content=\"Italien hat einen ersten Familienbundeskurs,&quot;Mariae apostoli&quot;\" \/>\n<meta property=\"og:description\" content=\"In Rom wurden 8 Familien in den Familienbund aufgenommen. Ihre Sendung: &quot;Mariae apostoli&quot;. Sie sind &quot;Marienapostel auf dem Weg zu Familien&quot;\" \/>\n<meta property=\"og:url\" content=\"https:\/\/schoenstatt.com\/de\/italien-hat-einen-ersten-familienbundeskurs-mariae-apostoli\/\" \/>\n<meta property=\"og:site_name\" content=\"Schoenstatt\" \/>\n<meta property=\"article:published_time\" content=\"2023-07-14T18:41:53+00:00\" \/>\n<meta property=\"article:modified_time\" content=\"2025-05-15T18:18:59+00:00\" \/>\n<meta property=\"og:image\" content=\"https:\/\/schoenstatt.com\/wp-content\/uploads\/2023\/07\/foto-consacrazione-federazione-italiana-giugno-2023-2-1.jpg\" \/>\n\t<meta property=\"og:image:width\" content=\"1600\" \/>\n\t<meta property=\"og:image:height\" content=\"1066\" \/>\n\t<meta property=\"og:image:type\" content=\"image\/jpeg\" \/>\n<meta name=\"author\" content=\"Karen Bueno\" \/>\n<meta name=\"twitter:card\" content=\"summary_large_image\" \/>\n<meta name=\"twitter:label1\" content=\"Verfasst von\" \/>\n\t<meta name=\"twitter:data1\" content=\"Karen Bueno\" \/>\n\t<meta name=\"twitter:label2\" content=\"Gesch\u00e4tzte Lesezeit\" \/>\n\t<meta name=\"twitter:data2\" content=\"2\u00a0Minuten\" \/>\n<script type=\"application\/ld+json\" class=\"yoast-schema-graph\">{\"@context\":\"https:\\\/\\\/schema.org\",\"@graph\":[{\"@type\":\"Article\",\"@id\":\"https:\\\/\\\/schoenstatt.com\\\/de\\\/italien-hat-einen-ersten-familienbundeskurs-mariae-apostoli\\\/#article\",\"isPartOf\":{\"@id\":\"https:\\\/\\\/schoenstatt.com\\\/de\\\/italien-hat-einen-ersten-familienbundeskurs-mariae-apostoli\\\/\"},\"author\":{\"name\":\"Karen Bueno\",\"@id\":\"https:\\\/\\\/schoenstatt.com\\\/de\\\/#\\\/schema\\\/person\\\/5158877ad4acae98b34daaeef2a1ce6e\"},\"headline\":\"Italien hat einen ersten Familienbundeskurs,&#8220;Mariae apostoli&#8220;\",\"datePublished\":\"2023-07-14T18:41:53+00:00\",\"dateModified\":\"2025-05-15T18:18:59+00:00\",\"mainEntityOfPage\":{\"@id\":\"https:\\\/\\\/schoenstatt.com\\\/de\\\/italien-hat-einen-ersten-familienbundeskurs-mariae-apostoli\\\/\"},\"wordCount\":286,\"publisher\":{\"@id\":\"https:\\\/\\\/schoenstatt.com\\\/de\\\/#organization\"},\"image\":{\"@id\":\"https:\\\/\\\/schoenstatt.com\\\/de\\\/italien-hat-einen-ersten-familienbundeskurs-mariae-apostoli\\\/#primaryimage\"},\"thumbnailUrl\":\"https:\\\/\\\/schoenstatt.com\\\/wp-content\\\/uploads\\\/2023\\\/07\\\/foto-consacrazione-federazione-italiana-giugno-2023-2-1.jpg\",\"articleSection\":[\"Familie\",\"L\u00e4nder\",\"Schoenstatt Gemeinschaften\"],\"inLanguage\":\"de\"},{\"@type\":\"WebPage\",\"@id\":\"https:\\\/\\\/schoenstatt.com\\\/de\\\/italien-hat-einen-ersten-familienbundeskurs-mariae-apostoli\\\/\",\"url\":\"https:\\\/\\\/schoenstatt.com\\\/de\\\/italien-hat-einen-ersten-familienbundeskurs-mariae-apostoli\\\/\",\"name\":\"Italien hat einen ersten Familienbundeskurs,\\\"Mariae apostoli\\\"\",\"isPartOf\":{\"@id\":\"https:\\\/\\\/schoenstatt.com\\\/de\\\/#website\"},\"primaryImageOfPage\":{\"@id\":\"https:\\\/\\\/schoenstatt.com\\\/de\\\/italien-hat-einen-ersten-familienbundeskurs-mariae-apostoli\\\/#primaryimage\"},\"image\":{\"@id\":\"https:\\\/\\\/schoenstatt.com\\\/de\\\/italien-hat-einen-ersten-familienbundeskurs-mariae-apostoli\\\/#primaryimage\"},\"thumbnailUrl\":\"https:\\\/\\\/schoenstatt.com\\\/wp-content\\\/uploads\\\/2023\\\/07\\\/foto-consacrazione-federazione-italiana-giugno-2023-2-1.jpg\",\"datePublished\":\"2023-07-14T18:41:53+00:00\",\"dateModified\":\"2025-05-15T18:18:59+00:00\",\"description\":\"In Rom wurden 8 Familien in den Familienbund aufgenommen. Ihre Sendung: \\\"Mariae apostoli\\\". Sie sind \\\"Marienapostel auf dem Weg zu Familien\\\"\",\"breadcrumb\":{\"@id\":\"https:\\\/\\\/schoenstatt.com\\\/de\\\/italien-hat-einen-ersten-familienbundeskurs-mariae-apostoli\\\/#breadcrumb\"},\"inLanguage\":\"de\",\"potentialAction\":[{\"@type\":\"ReadAction\",\"target\":[\"https:\\\/\\\/schoenstatt.com\\\/de\\\/italien-hat-einen-ersten-familienbundeskurs-mariae-apostoli\\\/\"]}]},{\"@type\":\"ImageObject\",\"inLanguage\":\"de\",\"@id\":\"https:\\\/\\\/schoenstatt.com\\\/de\\\/italien-hat-einen-ersten-familienbundeskurs-mariae-apostoli\\\/#primaryimage\",\"url\":\"https:\\\/\\\/schoenstatt.com\\\/wp-content\\\/uploads\\\/2023\\\/07\\\/foto-consacrazione-federazione-italiana-giugno-2023-2-1.jpg\",\"contentUrl\":\"https:\\\/\\\/schoenstatt.com\\\/wp-content\\\/uploads\\\/2023\\\/07\\\/foto-consacrazione-federazione-italiana-giugno-2023-2-1.jpg\",\"width\":1600,\"height\":1066,\"caption\":\"Foto: Federaci\u00f3n de Familias de Schoenstatt en Italia\"},{\"@type\":\"BreadcrumbList\",\"@id\":\"https:\\\/\\\/schoenstatt.com\\\/de\\\/italien-hat-einen-ersten-familienbundeskurs-mariae-apostoli\\\/#breadcrumb\",\"itemListElement\":[{\"@type\":\"ListItem\",\"position\":1,\"name\":\"Portada\",\"item\":\"https:\\\/\\\/schoenstatt.com\\\/de\\\/home\\\/\"},{\"@type\":\"ListItem\",\"position\":2,\"name\":\"Italien hat einen ersten Familienbundeskurs,\u00bbMariae apostoli\u00bb\"}]},{\"@type\":\"WebSite\",\"@id\":\"https:\\\/\\\/schoenstatt.com\\\/de\\\/#website\",\"url\":\"https:\\\/\\\/schoenstatt.com\\\/de\\\/\",\"name\":\"Schoenstatt\",\"description\":\"Apostolic Movement\",\"publisher\":{\"@id\":\"https:\\\/\\\/schoenstatt.com\\\/de\\\/#organization\"},\"potentialAction\":[{\"@type\":\"SearchAction\",\"target\":{\"@type\":\"EntryPoint\",\"urlTemplate\":\"https:\\\/\\\/schoenstatt.com\\\/de\\\/?s={search_term_string}\"},\"query-input\":{\"@type\":\"PropertyValueSpecification\",\"valueRequired\":true,\"valueName\":\"search_term_string\"}}],\"inLanguage\":\"de\"},{\"@type\":\"Organization\",\"@id\":\"https:\\\/\\\/schoenstatt.com\\\/de\\\/#organization\",\"name\":\"Schoenstatt\",\"url\":\"https:\\\/\\\/schoenstatt.com\\\/de\\\/\",\"logo\":{\"@type\":\"ImageObject\",\"inLanguage\":\"de\",\"@id\":\"https:\\\/\\\/schoenstatt.com\\\/de\\\/#\\\/schema\\\/logo\\\/image\\\/\",\"url\":\"https:\\\/\\\/schoenstatt.com\\\/wp-content\\\/uploads\\\/2025\\\/04\\\/logo-schoenstatt-white-696x696-1.png\",\"contentUrl\":\"https:\\\/\\\/schoenstatt.com\\\/wp-content\\\/uploads\\\/2025\\\/04\\\/logo-schoenstatt-white-696x696-1.png\",\"width\":696,\"height\":694,\"caption\":\"Schoenstatt\"},\"image\":{\"@id\":\"https:\\\/\\\/schoenstatt.com\\\/de\\\/#\\\/schema\\\/logo\\\/image\\\/\"}},{\"@type\":\"Person\",\"@id\":\"https:\\\/\\\/schoenstatt.com\\\/de\\\/#\\\/schema\\\/person\\\/5158877ad4acae98b34daaeef2a1ce6e\",\"name\":\"Karen Bueno\",\"image\":{\"@type\":\"ImageObject\",\"inLanguage\":\"de\",\"@id\":\"https:\\\/\\\/secure.gravatar.com\\\/avatar\\\/f9f4b823873154269d2b2130f195f6d41037dd0d7fc5f3cacb5c846bae70d66b?s=96&d=mm&r=g\",\"url\":\"https:\\\/\\\/secure.gravatar.com\\\/avatar\\\/f9f4b823873154269d2b2130f195f6d41037dd0d7fc5f3cacb5c846bae70d66b?s=96&d=mm&r=g\",\"contentUrl\":\"https:\\\/\\\/secure.gravatar.com\\\/avatar\\\/f9f4b823873154269d2b2130f195f6d41037dd0d7fc5f3cacb5c846bae70d66b?s=96&d=mm&r=g\",\"caption\":\"Karen Bueno\"},\"url\":\"https:\\\/\\\/schoenstatt.com\\\/de\\\/author\\\/karen-bueno\\\/\"}]}<\/script>\n<!-- \/ Yoast SEO Premium plugin. -->","yoast_head_json":{"title":"Italien hat einen ersten Familienbundeskurs,\"Mariae apostoli\"","description":"In Rom wurden 8 Familien in den Familienbund aufgenommen. Ihre Sendung: \"Mariae apostoli\". Sie sind \"Marienapostel auf dem Weg zu Familien\"","robots":{"index":"index","follow":"follow","max-snippet":"max-snippet:-1","max-image-preview":"max-image-preview:large","max-video-preview":"max-video-preview:-1"},"canonical":"https:\/\/schoenstatt.com\/de\/italien-hat-einen-ersten-familienbundeskurs-mariae-apostoli\/","og_locale":"de_DE","og_type":"article","og_title":"Italien hat einen ersten Familienbundeskurs,\"Mariae apostoli\"","og_description":"In Rom wurden 8 Familien in den Familienbund aufgenommen. Ihre Sendung: \"Mariae apostoli\". Sie sind \"Marienapostel auf dem Weg zu Familien\"","og_url":"https:\/\/schoenstatt.com\/de\/italien-hat-einen-ersten-familienbundeskurs-mariae-apostoli\/","og_site_name":"Schoenstatt","article_published_time":"2023-07-14T18:41:53+00:00","article_modified_time":"2025-05-15T18:18:59+00:00","og_image":[{"width":1600,"height":1066,"url":"https:\/\/schoenstatt.com\/wp-content\/uploads\/2023\/07\/foto-consacrazione-federazione-italiana-giugno-2023-2-1.jpg","type":"image\/jpeg"}],"author":"Karen Bueno","twitter_card":"summary_large_image","twitter_misc":{"Verfasst von":"Karen Bueno","Gesch\u00e4tzte Lesezeit":"2\u00a0Minuten"},"schema":{"@context":"https:\/\/schema.org","@graph":[{"@type":"Article","@id":"https:\/\/schoenstatt.com\/de\/italien-hat-einen-ersten-familienbundeskurs-mariae-apostoli\/#article","isPartOf":{"@id":"https:\/\/schoenstatt.com\/de\/italien-hat-einen-ersten-familienbundeskurs-mariae-apostoli\/"},"author":{"name":"Karen Bueno","@id":"https:\/\/schoenstatt.com\/de\/#\/schema\/person\/5158877ad4acae98b34daaeef2a1ce6e"},"headline":"Italien hat einen ersten Familienbundeskurs,&#8220;Mariae apostoli&#8220;","datePublished":"2023-07-14T18:41:53+00:00","dateModified":"2025-05-15T18:18:59+00:00","mainEntityOfPage":{"@id":"https:\/\/schoenstatt.com\/de\/italien-hat-einen-ersten-familienbundeskurs-mariae-apostoli\/"},"wordCount":286,"publisher":{"@id":"https:\/\/schoenstatt.com\/de\/#organization"},"image":{"@id":"https:\/\/schoenstatt.com\/de\/italien-hat-einen-ersten-familienbundeskurs-mariae-apostoli\/#primaryimage"},"thumbnailUrl":"https:\/\/schoenstatt.com\/wp-content\/uploads\/2023\/07\/foto-consacrazione-federazione-italiana-giugno-2023-2-1.jpg","articleSection":["Familie","L\u00e4nder","Schoenstatt Gemeinschaften"],"inLanguage":"de"},{"@type":"WebPage","@id":"https:\/\/schoenstatt.com\/de\/italien-hat-einen-ersten-familienbundeskurs-mariae-apostoli\/","url":"https:\/\/schoenstatt.com\/de\/italien-hat-einen-ersten-familienbundeskurs-mariae-apostoli\/","name":"Italien hat einen ersten Familienbundeskurs,\"Mariae apostoli\"","isPartOf":{"@id":"https:\/\/schoenstatt.com\/de\/#website"},"primaryImageOfPage":{"@id":"https:\/\/schoenstatt.com\/de\/italien-hat-einen-ersten-familienbundeskurs-mariae-apostoli\/#primaryimage"},"image":{"@id":"https:\/\/schoenstatt.com\/de\/italien-hat-einen-ersten-familienbundeskurs-mariae-apostoli\/#primaryimage"},"thumbnailUrl":"https:\/\/schoenstatt.com\/wp-content\/uploads\/2023\/07\/foto-consacrazione-federazione-italiana-giugno-2023-2-1.jpg","datePublished":"2023-07-14T18:41:53+00:00","dateModified":"2025-05-15T18:18:59+00:00","description":"In Rom wurden 8 Familien in den Familienbund aufgenommen. Ihre Sendung: \"Mariae apostoli\". Sie sind \"Marienapostel auf dem Weg zu Familien\"","breadcrumb":{"@id":"https:\/\/schoenstatt.com\/de\/italien-hat-einen-ersten-familienbundeskurs-mariae-apostoli\/#breadcrumb"},"inLanguage":"de","potentialAction":[{"@type":"ReadAction","target":["https:\/\/schoenstatt.com\/de\/italien-hat-einen-ersten-familienbundeskurs-mariae-apostoli\/"]}]},{"@type":"ImageObject","inLanguage":"de","@id":"https:\/\/schoenstatt.com\/de\/italien-hat-einen-ersten-familienbundeskurs-mariae-apostoli\/#primaryimage","url":"https:\/\/schoenstatt.com\/wp-content\/uploads\/2023\/07\/foto-consacrazione-federazione-italiana-giugno-2023-2-1.jpg","contentUrl":"https:\/\/schoenstatt.com\/wp-content\/uploads\/2023\/07\/foto-consacrazione-federazione-italiana-giugno-2023-2-1.jpg","width":1600,"height":1066,"caption":"Foto: Federaci\u00f3n de Familias de Schoenstatt en Italia"},{"@type":"BreadcrumbList","@id":"https:\/\/schoenstatt.com\/de\/italien-hat-einen-ersten-familienbundeskurs-mariae-apostoli\/#breadcrumb","itemListElement":[{"@type":"ListItem","position":1,"name":"Portada","item":"https:\/\/schoenstatt.com\/de\/home\/"},{"@type":"ListItem","position":2,"name":"Italien hat einen ersten Familienbundeskurs,\u00bbMariae apostoli\u00bb"}]},{"@type":"WebSite","@id":"https:\/\/schoenstatt.com\/de\/#website","url":"https:\/\/schoenstatt.com\/de\/","name":"Schoenstatt","description":"Apostolic Movement","publisher":{"@id":"https:\/\/schoenstatt.com\/de\/#organization"},"potentialAction":[{"@type":"SearchAction","target":{"@type":"EntryPoint","urlTemplate":"https:\/\/schoenstatt.com\/de\/?s={search_term_string}"},"query-input":{"@type":"PropertyValueSpecification","valueRequired":true,"valueName":"search_term_string"}}],"inLanguage":"de"},{"@type":"Organization","@id":"https:\/\/schoenstatt.com\/de\/#organization","name":"Schoenstatt","url":"https:\/\/schoenstatt.com\/de\/","logo":{"@type":"ImageObject","inLanguage":"de","@id":"https:\/\/schoenstatt.com\/de\/#\/schema\/logo\/image\/","url":"https:\/\/schoenstatt.com\/wp-content\/uploads\/2025\/04\/logo-schoenstatt-white-696x696-1.png","contentUrl":"https:\/\/schoenstatt.com\/wp-content\/uploads\/2025\/04\/logo-schoenstatt-white-696x696-1.png","width":696,"height":694,"caption":"Schoenstatt"},"image":{"@id":"https:\/\/schoenstatt.com\/de\/#\/schema\/logo\/image\/"}},{"@type":"Person","@id":"https:\/\/schoenstatt.com\/de\/#\/schema\/person\/5158877ad4acae98b34daaeef2a1ce6e","name":"Karen Bueno","image":{"@type":"ImageObject","inLanguage":"de","@id":"https:\/\/secure.gravatar.com\/avatar\/f9f4b823873154269d2b2130f195f6d41037dd0d7fc5f3cacb5c846bae70d66b?s=96&d=mm&r=g","url":"https:\/\/secure.gravatar.com\/avatar\/f9f4b823873154269d2b2130f195f6d41037dd0d7fc5f3cacb5c846bae70d66b?s=96&d=mm&r=g","contentUrl":"https:\/\/secure.gravatar.com\/avatar\/f9f4b823873154269d2b2130f195f6d41037dd0d7fc5f3cacb5c846bae70d66b?s=96&d=mm&r=g","caption":"Karen Bueno"},"url":"https:\/\/schoenstatt.com\/de\/author\/karen-bueno\/"}]}},"_links":{"self":[{"href":"https:\/\/schoenstatt.com\/de\/wp-json\/wp\/v2\/posts\/49124","targetHints":{"allow":["GET"]}}],"collection":[{"href":"https:\/\/schoenstatt.com\/de\/wp-json\/wp\/v2\/posts"}],"about":[{"href":"https:\/\/schoenstatt.com\/de\/wp-json\/wp\/v2\/types\/post"}],"author":[{"embeddable":true,"href":"https:\/\/schoenstatt.com\/de\/wp-json\/wp\/v2\/users\/3"}],"replies":[{"embeddable":true,"href":"https:\/\/schoenstatt.com\/de\/wp-json\/wp\/v2\/comments?post=49124"}],"version-history":[{"count":1,"href":"https:\/\/schoenstatt.com\/de\/wp-json\/wp\/v2\/posts\/49124\/revisions"}],"predecessor-version":[{"id":49209,"href":"https:\/\/schoenstatt.com\/de\/wp-json\/wp\/v2\/posts\/49124\/revisions\/49209"}],"wp:featuredmedia":[{"embeddable":true,"href":"https:\/\/schoenstatt.com\/de\/wp-json\/wp\/v2\/media\/31326"}],"wp:attachment":[{"href":"https:\/\/schoenstatt.com\/de\/wp-json\/wp\/v2\/media?parent=49124"}],"wp:term":[{"taxonomy":"category","embeddable":true,"href":"https:\/\/schoenstatt.com\/de\/wp-json\/wp\/v2\/categories?post=49124"},{"taxonomy":"post_tag","embeddable":true,"href":"https:\/\/schoenstatt.com\/de\/wp-json\/wp\/v2\/tags?post=49124"}],"curies":[{"name":"wp","href":"https:\/\/api.w.org\/{rel}","templated":true}]}}