{"id":49114,"date":"2023-07-04T20:10:22","date_gmt":"2023-07-04T18:10:22","guid":{"rendered":"https:\/\/schoenstattdev.wpenginepowered.com\/spiritualitat\/camino-a-la-jmj-una-forma-de-contribuir\/"},"modified":"2025-05-15T22:39:11","modified_gmt":"2025-05-15T20:39:11","slug":"auf-dem-weg-zum-wjt-eine-moeglichkeit-einen-beitrag-zu-leisten","status":"publish","type":"post","link":"https:\/\/schoenstatt.com\/de\/auf-dem-weg-zum-wjt-eine-moeglichkeit-einen-beitrag-zu-leisten\/","title":{"rendered":"Auf dem Weg zum WJT: Eine M\u00f6glichkeit, einen Beitrag zu leisten"},"content":{"rendered":"<p>Viel Erwartung, Unruhe und viele Projekte geh\u00f6rten in den letzten Monaten zum Alltag der <a href=\"https:\/\/www.schoenstatt.pt\/\" target=\"_blank\" rel=\"noopener\">Sch\u00f6nstattfamilie von Portugal<\/a>. All das, um den Tausenden von Jugendlichen, die am <a href=\"https:\/\/schoenstattdev.wpenginepowered.com\/de\/spiritualitat\/schoenstatt-beteiligt-sich-an-der-vorbereitung-des-wjt\/\" target=\"_blank\" rel=\"noopener\">Weltjugendtag (WJT)<\/a> mit <a href=\"https:\/\/schoenstattdev.wpenginepowered.com\/de\/veranstaltungen\/franziskus-meldet-sich-beim-angelus-zum-weltjugendtag-an\/\" target=\"_blank\" rel=\"noopener\">Papst Franziskus<\/a> teilnehmen werden, das Beste zu bieten und sich vorzubereiten.<\/p>\n<p>Neben der spirituellen Vorbereitung sucht die Bewegung auch nach finanziellen Mitteln, um die verschiedenen Aktivit\u00e4ten zu finanzieren, die am 31. Juli in Lissabon stattfinden werden.<\/p>\n<p style=\"text-align: center;\"><iframe title=\"YouTube video player\" src=\"https:\/\/www.youtube.com\/embed\/7nu2CLvSWxQ\" width=\"560\" height=\"315\" frameborder=\"0\" allowfullscreen=\"allowfullscreen\"><\/iframe><\/p>\n<h2>Welche Aktivit\u00e4ten werden stattfinden?<\/h2>\n<p>An diesem Tag findet das <strong>MTA-Festival<\/strong> statt, ein internationales Treffen der Sch\u00f6nstattjugend &#8211; M\u00e4dchenjugend und Mannesjugend. Die Veranstaltung findet im Heiligtum in Lissabon statt, und zum Programm geh\u00f6ren eine heilige Messe, eine Prozession mit dem MTA-Bild und eine Party mit vielen \u00dcberraschungen auf dem Platz des Heiligtums.<\/p>\n<p>Dar\u00fcber hinaus werden vom 1. bis 4. August viele junge WJT-Pilger aus verschiedenen L\u00e4ndern im Heiligtum erwartet. Wir rechnen mit mehr als 3.000 Besucher, die zum Heiligtum kommen werden.<\/p>\n<h2><img fetchpriority=\"high\" decoding=\"async\" class=\"aligncenter wp-image-31062 \" src=\"https:\/\/schoenstatt.com\/wp-content\/uploads\/2023\/07\/equipe-de-espiritualidade-b-1.png\" alt=\"\" width=\"723\" height=\"542\" srcset=\"https:\/\/schoenstatt.com\/wp-content\/uploads\/2023\/07\/equipe-de-espiritualidade-b-1.png 1080w, https:\/\/schoenstatt.com\/wp-content\/uploads\/2023\/07\/equipe-de-espiritualidade-b-1-768x576.png 768w\" sizes=\"(max-width: 723px) 100vw, 723px\" \/><\/h2>\n<p style=\"text-align: center;\">Spiritualit\u00e4tsteam des MTA Festivals<\/p>\n<p><em>&#8222;Wir wollen einen Ort einrichten, um die Spiritualit\u00e4t Sch\u00f6nstatts und unsere Geschichte bekannt zu machen und einen Raum zu schaffen, in dem jeder die drei Gnaden des Heiligtums erleben kann. Wegen der N\u00e4he zu Bethlehem, wo das WJT-Camp der Vergebung stattfinden wird, werden wir viele Besucher haben&#8220;<\/em>, erkl\u00e4rt das Organisationsteam.<\/p>\n<p>*Der &#8222;Park der Vergebung&#8220; ist der Ort, an dem die Pilger das Sakrament der Vers\u00f6hnung in einem der 150 Beichtst\u00fchle empfangen k\u00f6nnen, die zur Verf\u00fcgung stehen werden.<\/p>\n<h2>Wie kann man sich beteiligen?<\/h2>\n<p><img decoding=\"async\" class=\"aligncenter wp-image-31058 \" src=\"https:\/\/schoenstatt.com\/wp-content\/uploads\/2023\/07\/equipe-de-logistica-b-1.png\" alt=\"\" width=\"633\" height=\"633\" srcset=\"https:\/\/schoenstatt.com\/wp-content\/uploads\/2023\/07\/equipe-de-logistica-b-1.png 1080w, https:\/\/schoenstatt.com\/wp-content\/uploads\/2023\/07\/equipe-de-logistica-b-1-768x768.png 768w\" sizes=\"(max-width: 633px) 100vw, 633px\" \/><\/p>\n<p style=\"text-align: center;\">Treffen des Logistikteams des Festivals<\/p>\n<p>Der Leiter der Sch\u00f6nstattbewegung in Portugal, Pater Lorenzo L\u00fctjens, bittet im Namen der Sch\u00f6nstattfamilie um einen finanziellen Beitrag von 12 Euro.<\/p>\n<p><strong>Um Ihre Spende per MBWay oder Multibanco Reference zu \u00fcberweisen, klicken Sie auf die Schaltfl\u00e4che unten:<\/strong><\/p>\n<p style=\"text-align: center;\"><a class=\"fasc-button fasc-size-medium fasc-type-flat fasc-style-bold\" style=\"background-color: #004991; color: #ffffff;\" target=\"_blank\" rel=\"noopener\" href=\"https:\/\/www.easypay.pt\/form\/?f=DonativosFestivalMTA-JMJ\">MBWay oder Multibanco Reference<\/a><\/p>\n<p><strong>Oder, wenn Sie lieber per Kreditkarte spenden m\u00f6chten, klicken Sie bitte hier:<\/strong><\/p>\n<p style=\"text-align: center;\"><a class=\"fasc-button fasc-size-medium fasc-type-flat fasc-style-bold\" style=\"background-color: #004991; color: #ffffff;\" target=\"_blank\" rel=\"noopener\" href=\"https:\/\/www.schoenstatt.pt\/donativos-com-cartao-de-credito\">Kreditkarte<\/a><\/p>\n<p style=\"text-align: left;\">* Wie vom Gesetz vorgesehen, werden Spenden an die Vereinigung Sch\u00f6nstatt Lisboa von der Spende abgezogen.<\/p>\n<p>Der Betrag wird zur Deckung der Kosten des Festivals und des Empfangsbereichs w\u00e4hrend der Woche des Weltjugendtags verwendet, wie z.B.:<\/p>\n<ul>\n<li>&nbsp;Miete von Ausr\u00fcstung (B\u00fchne und Ton)<\/li>\n<li>Ruhezonen<\/li>\n<li>Toiletten<\/li>\n<li>Dekoration<\/li>\n<li>Andere Materialien<\/li>\n<\/ul>\n<p>Um zu helfen, besuchen Sie die Sch\u00f6nstatt-Website in Portugal f\u00fcr weitere Details: <strong><a href=\"https:\/\/www.schoenstatt.pt\/festival-mta-jmj\" target=\"_blank\" rel=\"noopener\">www.schoenstatt.pt\/festival-mta-jmj<\/a><\/strong><\/p>\n","protected":false},"excerpt":{"rendered":"<p>Die Vorbereitungen f\u00fcr den Weltjugendtag enden nicht in Lissabon, Portugal. Und Sie k\u00f6nnen helfen: Sehen Sie einen Weg, um beizutragen<\/p>\n","protected":false},"author":3,"featured_media":31046,"comment_status":"closed","ping_status":"closed","sticky":false,"template":"","format":"standard","meta":{"footnotes":""},"categories":[922,660],"tags":[],"class_list":["post-49114","post","type-post","status-publish","format-standard","has-post-thumbnail","hentry","category-jugend-de","category-veranstaltungen-de"],"yoast_head":"<!-- This site is optimized with the Yoast SEO Premium plugin v27.4 (Yoast SEO v27.5) - https:\/\/yoast.com\/product\/yoast-seo-premium-wordpress\/ -->\n<title>Auf dem Weg zum WJT: Eine M\u00f6glichkeit, einen Beitrag zu leisten<\/title>\n<meta name=\"description\" content=\"Auf der Suche nach finanziellen Mitteln f\u00fcr den Weltjugendtag: ein Weg, um zur Sch\u00f6nstattjugend beizutragen\" \/>\n<meta name=\"robots\" content=\"index, follow, max-snippet:-1, max-image-preview:large, max-video-preview:-1\" \/>\n<link rel=\"canonical\" href=\"https:\/\/schoenstatt.com\/de\/auf-dem-weg-zum-wjt-eine-moeglichkeit-einen-beitrag-zu-leisten\/\" \/>\n<meta property=\"og:locale\" content=\"de_DE\" \/>\n<meta property=\"og:type\" content=\"article\" \/>\n<meta property=\"og:title\" content=\"Auf dem Weg zum WJT: Eine M\u00f6glichkeit, einen Beitrag zu leisten\" \/>\n<meta property=\"og:description\" content=\"Auf der Suche nach finanziellen Mitteln f\u00fcr den Weltjugendtag: ein Weg, um zur Sch\u00f6nstattjugend beizutragen\" \/>\n<meta property=\"og:url\" content=\"https:\/\/schoenstatt.com\/de\/auf-dem-weg-zum-wjt-eine-moeglichkeit-einen-beitrag-zu-leisten\/\" \/>\n<meta property=\"og:site_name\" content=\"Schoenstatt\" \/>\n<meta property=\"article:published_time\" content=\"2023-07-04T18:10:22+00:00\" \/>\n<meta property=\"article:modified_time\" content=\"2025-05-15T20:39:11+00:00\" \/>\n<meta property=\"og:image\" content=\"https:\/\/schoenstatt.com\/wp-content\/uploads\/2023\/07\/Festival-MTA-JMJ-Lisboa-Schoenstatt-2-1.jpg\" \/>\n\t<meta property=\"og:image:width\" content=\"1616\" \/>\n\t<meta property=\"og:image:height\" content=\"1152\" \/>\n\t<meta property=\"og:image:type\" content=\"image\/jpeg\" \/>\n<meta name=\"author\" content=\"Karen Bueno\" \/>\n<meta name=\"twitter:card\" content=\"summary_large_image\" \/>\n<meta name=\"twitter:label1\" content=\"Verfasst von\" \/>\n\t<meta name=\"twitter:data1\" content=\"Karen Bueno\" \/>\n\t<meta name=\"twitter:label2\" content=\"Gesch\u00e4tzte Lesezeit\" \/>\n\t<meta name=\"twitter:data2\" content=\"2\u00a0Minuten\" \/>\n<script type=\"application\/ld+json\" class=\"yoast-schema-graph\">{\"@context\":\"https:\\\/\\\/schema.org\",\"@graph\":[{\"@type\":\"Article\",\"@id\":\"https:\\\/\\\/schoenstatt.com\\\/de\\\/auf-dem-weg-zum-wjt-eine-moeglichkeit-einen-beitrag-zu-leisten\\\/#article\",\"isPartOf\":{\"@id\":\"https:\\\/\\\/schoenstatt.com\\\/de\\\/auf-dem-weg-zum-wjt-eine-moeglichkeit-einen-beitrag-zu-leisten\\\/\"},\"author\":{\"name\":\"Karen Bueno\",\"@id\":\"https:\\\/\\\/schoenstatt.com\\\/de\\\/#\\\/schema\\\/person\\\/5158877ad4acae98b34daaeef2a1ce6e\"},\"headline\":\"Auf dem Weg zum WJT: Eine M\u00f6glichkeit, einen Beitrag zu leisten\",\"datePublished\":\"2023-07-04T18:10:22+00:00\",\"dateModified\":\"2025-05-15T20:39:11+00:00\",\"mainEntityOfPage\":{\"@id\":\"https:\\\/\\\/schoenstatt.com\\\/de\\\/auf-dem-weg-zum-wjt-eine-moeglichkeit-einen-beitrag-zu-leisten\\\/\"},\"wordCount\":389,\"publisher\":{\"@id\":\"https:\\\/\\\/schoenstatt.com\\\/de\\\/#organization\"},\"image\":{\"@id\":\"https:\\\/\\\/schoenstatt.com\\\/de\\\/auf-dem-weg-zum-wjt-eine-moeglichkeit-einen-beitrag-zu-leisten\\\/#primaryimage\"},\"thumbnailUrl\":\"https:\\\/\\\/schoenstatt.com\\\/wp-content\\\/uploads\\\/2023\\\/07\\\/Festival-MTA-JMJ-Lisboa-Schoenstatt-2-1.jpg\",\"articleSection\":[\"Jugend\",\"Veranstaltungen\"],\"inLanguage\":\"de\"},{\"@type\":\"WebPage\",\"@id\":\"https:\\\/\\\/schoenstatt.com\\\/de\\\/auf-dem-weg-zum-wjt-eine-moeglichkeit-einen-beitrag-zu-leisten\\\/\",\"url\":\"https:\\\/\\\/schoenstatt.com\\\/de\\\/auf-dem-weg-zum-wjt-eine-moeglichkeit-einen-beitrag-zu-leisten\\\/\",\"name\":\"Auf dem Weg zum WJT: Eine M\u00f6glichkeit, einen Beitrag zu leisten\",\"isPartOf\":{\"@id\":\"https:\\\/\\\/schoenstatt.com\\\/de\\\/#website\"},\"primaryImageOfPage\":{\"@id\":\"https:\\\/\\\/schoenstatt.com\\\/de\\\/auf-dem-weg-zum-wjt-eine-moeglichkeit-einen-beitrag-zu-leisten\\\/#primaryimage\"},\"image\":{\"@id\":\"https:\\\/\\\/schoenstatt.com\\\/de\\\/auf-dem-weg-zum-wjt-eine-moeglichkeit-einen-beitrag-zu-leisten\\\/#primaryimage\"},\"thumbnailUrl\":\"https:\\\/\\\/schoenstatt.com\\\/wp-content\\\/uploads\\\/2023\\\/07\\\/Festival-MTA-JMJ-Lisboa-Schoenstatt-2-1.jpg\",\"datePublished\":\"2023-07-04T18:10:22+00:00\",\"dateModified\":\"2025-05-15T20:39:11+00:00\",\"description\":\"Auf der Suche nach finanziellen Mitteln f\u00fcr den Weltjugendtag: ein Weg, um zur Sch\u00f6nstattjugend beizutragen\",\"breadcrumb\":{\"@id\":\"https:\\\/\\\/schoenstatt.com\\\/de\\\/auf-dem-weg-zum-wjt-eine-moeglichkeit-einen-beitrag-zu-leisten\\\/#breadcrumb\"},\"inLanguage\":\"de\",\"potentialAction\":[{\"@type\":\"ReadAction\",\"target\":[\"https:\\\/\\\/schoenstatt.com\\\/de\\\/auf-dem-weg-zum-wjt-eine-moeglichkeit-einen-beitrag-zu-leisten\\\/\"]}]},{\"@type\":\"ImageObject\",\"inLanguage\":\"de\",\"@id\":\"https:\\\/\\\/schoenstatt.com\\\/de\\\/auf-dem-weg-zum-wjt-eine-moeglichkeit-einen-beitrag-zu-leisten\\\/#primaryimage\",\"url\":\"https:\\\/\\\/schoenstatt.com\\\/wp-content\\\/uploads\\\/2023\\\/07\\\/Festival-MTA-JMJ-Lisboa-Schoenstatt-2-1.jpg\",\"contentUrl\":\"https:\\\/\\\/schoenstatt.com\\\/wp-content\\\/uploads\\\/2023\\\/07\\\/Festival-MTA-JMJ-Lisboa-Schoenstatt-2-1.jpg\",\"width\":1616,\"height\":1152,\"caption\":\"Logo do Festival MTA\"},{\"@type\":\"BreadcrumbList\",\"@id\":\"https:\\\/\\\/schoenstatt.com\\\/de\\\/auf-dem-weg-zum-wjt-eine-moeglichkeit-einen-beitrag-zu-leisten\\\/#breadcrumb\",\"itemListElement\":[{\"@type\":\"ListItem\",\"position\":1,\"name\":\"Portada\",\"item\":\"https:\\\/\\\/schoenstatt.com\\\/de\\\/home\\\/\"},{\"@type\":\"ListItem\",\"position\":2,\"name\":\"Auf dem Weg zum WJT: Eine M\u00f6glichkeit, einen Beitrag zu leisten\"}]},{\"@type\":\"WebSite\",\"@id\":\"https:\\\/\\\/schoenstatt.com\\\/de\\\/#website\",\"url\":\"https:\\\/\\\/schoenstatt.com\\\/de\\\/\",\"name\":\"Schoenstatt\",\"description\":\"Apostolic Movement\",\"publisher\":{\"@id\":\"https:\\\/\\\/schoenstatt.com\\\/de\\\/#organization\"},\"potentialAction\":[{\"@type\":\"SearchAction\",\"target\":{\"@type\":\"EntryPoint\",\"urlTemplate\":\"https:\\\/\\\/schoenstatt.com\\\/de\\\/?s={search_term_string}\"},\"query-input\":{\"@type\":\"PropertyValueSpecification\",\"valueRequired\":true,\"valueName\":\"search_term_string\"}}],\"inLanguage\":\"de\"},{\"@type\":\"Organization\",\"@id\":\"https:\\\/\\\/schoenstatt.com\\\/de\\\/#organization\",\"name\":\"Schoenstatt\",\"url\":\"https:\\\/\\\/schoenstatt.com\\\/de\\\/\",\"logo\":{\"@type\":\"ImageObject\",\"inLanguage\":\"de\",\"@id\":\"https:\\\/\\\/schoenstatt.com\\\/de\\\/#\\\/schema\\\/logo\\\/image\\\/\",\"url\":\"https:\\\/\\\/schoenstatt.com\\\/wp-content\\\/uploads\\\/2025\\\/04\\\/logo-schoenstatt-white-696x696-1.png\",\"contentUrl\":\"https:\\\/\\\/schoenstatt.com\\\/wp-content\\\/uploads\\\/2025\\\/04\\\/logo-schoenstatt-white-696x696-1.png\",\"width\":696,\"height\":694,\"caption\":\"Schoenstatt\"},\"image\":{\"@id\":\"https:\\\/\\\/schoenstatt.com\\\/de\\\/#\\\/schema\\\/logo\\\/image\\\/\"}},{\"@type\":\"Person\",\"@id\":\"https:\\\/\\\/schoenstatt.com\\\/de\\\/#\\\/schema\\\/person\\\/5158877ad4acae98b34daaeef2a1ce6e\",\"name\":\"Karen Bueno\",\"image\":{\"@type\":\"ImageObject\",\"inLanguage\":\"de\",\"@id\":\"https:\\\/\\\/secure.gravatar.com\\\/avatar\\\/f9f4b823873154269d2b2130f195f6d41037dd0d7fc5f3cacb5c846bae70d66b?s=96&d=mm&r=g\",\"url\":\"https:\\\/\\\/secure.gravatar.com\\\/avatar\\\/f9f4b823873154269d2b2130f195f6d41037dd0d7fc5f3cacb5c846bae70d66b?s=96&d=mm&r=g\",\"contentUrl\":\"https:\\\/\\\/secure.gravatar.com\\\/avatar\\\/f9f4b823873154269d2b2130f195f6d41037dd0d7fc5f3cacb5c846bae70d66b?s=96&d=mm&r=g\",\"caption\":\"Karen Bueno\"},\"url\":\"https:\\\/\\\/schoenstatt.com\\\/de\\\/author\\\/karen-bueno\\\/\"}]}<\/script>\n<!-- \/ Yoast SEO Premium plugin. -->","yoast_head_json":{"title":"Auf dem Weg zum WJT: Eine M\u00f6glichkeit, einen Beitrag zu leisten","description":"Auf der Suche nach finanziellen Mitteln f\u00fcr den Weltjugendtag: ein Weg, um zur Sch\u00f6nstattjugend beizutragen","robots":{"index":"index","follow":"follow","max-snippet":"max-snippet:-1","max-image-preview":"max-image-preview:large","max-video-preview":"max-video-preview:-1"},"canonical":"https:\/\/schoenstatt.com\/de\/auf-dem-weg-zum-wjt-eine-moeglichkeit-einen-beitrag-zu-leisten\/","og_locale":"de_DE","og_type":"article","og_title":"Auf dem Weg zum WJT: Eine M\u00f6glichkeit, einen Beitrag zu leisten","og_description":"Auf der Suche nach finanziellen Mitteln f\u00fcr den Weltjugendtag: ein Weg, um zur Sch\u00f6nstattjugend beizutragen","og_url":"https:\/\/schoenstatt.com\/de\/auf-dem-weg-zum-wjt-eine-moeglichkeit-einen-beitrag-zu-leisten\/","og_site_name":"Schoenstatt","article_published_time":"2023-07-04T18:10:22+00:00","article_modified_time":"2025-05-15T20:39:11+00:00","og_image":[{"width":1616,"height":1152,"url":"https:\/\/schoenstatt.com\/wp-content\/uploads\/2023\/07\/Festival-MTA-JMJ-Lisboa-Schoenstatt-2-1.jpg","type":"image\/jpeg"}],"author":"Karen Bueno","twitter_card":"summary_large_image","twitter_misc":{"Verfasst von":"Karen Bueno","Gesch\u00e4tzte Lesezeit":"2\u00a0Minuten"},"schema":{"@context":"https:\/\/schema.org","@graph":[{"@type":"Article","@id":"https:\/\/schoenstatt.com\/de\/auf-dem-weg-zum-wjt-eine-moeglichkeit-einen-beitrag-zu-leisten\/#article","isPartOf":{"@id":"https:\/\/schoenstatt.com\/de\/auf-dem-weg-zum-wjt-eine-moeglichkeit-einen-beitrag-zu-leisten\/"},"author":{"name":"Karen Bueno","@id":"https:\/\/schoenstatt.com\/de\/#\/schema\/person\/5158877ad4acae98b34daaeef2a1ce6e"},"headline":"Auf dem Weg zum WJT: Eine M\u00f6glichkeit, einen Beitrag zu leisten","datePublished":"2023-07-04T18:10:22+00:00","dateModified":"2025-05-15T20:39:11+00:00","mainEntityOfPage":{"@id":"https:\/\/schoenstatt.com\/de\/auf-dem-weg-zum-wjt-eine-moeglichkeit-einen-beitrag-zu-leisten\/"},"wordCount":389,"publisher":{"@id":"https:\/\/schoenstatt.com\/de\/#organization"},"image":{"@id":"https:\/\/schoenstatt.com\/de\/auf-dem-weg-zum-wjt-eine-moeglichkeit-einen-beitrag-zu-leisten\/#primaryimage"},"thumbnailUrl":"https:\/\/schoenstatt.com\/wp-content\/uploads\/2023\/07\/Festival-MTA-JMJ-Lisboa-Schoenstatt-2-1.jpg","articleSection":["Jugend","Veranstaltungen"],"inLanguage":"de"},{"@type":"WebPage","@id":"https:\/\/schoenstatt.com\/de\/auf-dem-weg-zum-wjt-eine-moeglichkeit-einen-beitrag-zu-leisten\/","url":"https:\/\/schoenstatt.com\/de\/auf-dem-weg-zum-wjt-eine-moeglichkeit-einen-beitrag-zu-leisten\/","name":"Auf dem Weg zum WJT: Eine M\u00f6glichkeit, einen Beitrag zu leisten","isPartOf":{"@id":"https:\/\/schoenstatt.com\/de\/#website"},"primaryImageOfPage":{"@id":"https:\/\/schoenstatt.com\/de\/auf-dem-weg-zum-wjt-eine-moeglichkeit-einen-beitrag-zu-leisten\/#primaryimage"},"image":{"@id":"https:\/\/schoenstatt.com\/de\/auf-dem-weg-zum-wjt-eine-moeglichkeit-einen-beitrag-zu-leisten\/#primaryimage"},"thumbnailUrl":"https:\/\/schoenstatt.com\/wp-content\/uploads\/2023\/07\/Festival-MTA-JMJ-Lisboa-Schoenstatt-2-1.jpg","datePublished":"2023-07-04T18:10:22+00:00","dateModified":"2025-05-15T20:39:11+00:00","description":"Auf der Suche nach finanziellen Mitteln f\u00fcr den Weltjugendtag: ein Weg, um zur Sch\u00f6nstattjugend beizutragen","breadcrumb":{"@id":"https:\/\/schoenstatt.com\/de\/auf-dem-weg-zum-wjt-eine-moeglichkeit-einen-beitrag-zu-leisten\/#breadcrumb"},"inLanguage":"de","potentialAction":[{"@type":"ReadAction","target":["https:\/\/schoenstatt.com\/de\/auf-dem-weg-zum-wjt-eine-moeglichkeit-einen-beitrag-zu-leisten\/"]}]},{"@type":"ImageObject","inLanguage":"de","@id":"https:\/\/schoenstatt.com\/de\/auf-dem-weg-zum-wjt-eine-moeglichkeit-einen-beitrag-zu-leisten\/#primaryimage","url":"https:\/\/schoenstatt.com\/wp-content\/uploads\/2023\/07\/Festival-MTA-JMJ-Lisboa-Schoenstatt-2-1.jpg","contentUrl":"https:\/\/schoenstatt.com\/wp-content\/uploads\/2023\/07\/Festival-MTA-JMJ-Lisboa-Schoenstatt-2-1.jpg","width":1616,"height":1152,"caption":"Logo do Festival MTA"},{"@type":"BreadcrumbList","@id":"https:\/\/schoenstatt.com\/de\/auf-dem-weg-zum-wjt-eine-moeglichkeit-einen-beitrag-zu-leisten\/#breadcrumb","itemListElement":[{"@type":"ListItem","position":1,"name":"Portada","item":"https:\/\/schoenstatt.com\/de\/home\/"},{"@type":"ListItem","position":2,"name":"Auf dem Weg zum WJT: Eine M\u00f6glichkeit, einen Beitrag zu leisten"}]},{"@type":"WebSite","@id":"https:\/\/schoenstatt.com\/de\/#website","url":"https:\/\/schoenstatt.com\/de\/","name":"Schoenstatt","description":"Apostolic Movement","publisher":{"@id":"https:\/\/schoenstatt.com\/de\/#organization"},"potentialAction":[{"@type":"SearchAction","target":{"@type":"EntryPoint","urlTemplate":"https:\/\/schoenstatt.com\/de\/?s={search_term_string}"},"query-input":{"@type":"PropertyValueSpecification","valueRequired":true,"valueName":"search_term_string"}}],"inLanguage":"de"},{"@type":"Organization","@id":"https:\/\/schoenstatt.com\/de\/#organization","name":"Schoenstatt","url":"https:\/\/schoenstatt.com\/de\/","logo":{"@type":"ImageObject","inLanguage":"de","@id":"https:\/\/schoenstatt.com\/de\/#\/schema\/logo\/image\/","url":"https:\/\/schoenstatt.com\/wp-content\/uploads\/2025\/04\/logo-schoenstatt-white-696x696-1.png","contentUrl":"https:\/\/schoenstatt.com\/wp-content\/uploads\/2025\/04\/logo-schoenstatt-white-696x696-1.png","width":696,"height":694,"caption":"Schoenstatt"},"image":{"@id":"https:\/\/schoenstatt.com\/de\/#\/schema\/logo\/image\/"}},{"@type":"Person","@id":"https:\/\/schoenstatt.com\/de\/#\/schema\/person\/5158877ad4acae98b34daaeef2a1ce6e","name":"Karen Bueno","image":{"@type":"ImageObject","inLanguage":"de","@id":"https:\/\/secure.gravatar.com\/avatar\/f9f4b823873154269d2b2130f195f6d41037dd0d7fc5f3cacb5c846bae70d66b?s=96&d=mm&r=g","url":"https:\/\/secure.gravatar.com\/avatar\/f9f4b823873154269d2b2130f195f6d41037dd0d7fc5f3cacb5c846bae70d66b?s=96&d=mm&r=g","contentUrl":"https:\/\/secure.gravatar.com\/avatar\/f9f4b823873154269d2b2130f195f6d41037dd0d7fc5f3cacb5c846bae70d66b?s=96&d=mm&r=g","caption":"Karen Bueno"},"url":"https:\/\/schoenstatt.com\/de\/author\/karen-bueno\/"}]}},"_links":{"self":[{"href":"https:\/\/schoenstatt.com\/de\/wp-json\/wp\/v2\/posts\/49114","targetHints":{"allow":["GET"]}}],"collection":[{"href":"https:\/\/schoenstatt.com\/de\/wp-json\/wp\/v2\/posts"}],"about":[{"href":"https:\/\/schoenstatt.com\/de\/wp-json\/wp\/v2\/types\/post"}],"author":[{"embeddable":true,"href":"https:\/\/schoenstatt.com\/de\/wp-json\/wp\/v2\/users\/3"}],"replies":[{"embeddable":true,"href":"https:\/\/schoenstatt.com\/de\/wp-json\/wp\/v2\/comments?post=49114"}],"version-history":[{"count":2,"href":"https:\/\/schoenstatt.com\/de\/wp-json\/wp\/v2\/posts\/49114\/revisions"}],"predecessor-version":[{"id":55118,"href":"https:\/\/schoenstatt.com\/de\/wp-json\/wp\/v2\/posts\/49114\/revisions\/55118"}],"wp:featuredmedia":[{"embeddable":true,"href":"https:\/\/schoenstatt.com\/de\/wp-json\/wp\/v2\/media\/31046"}],"wp:attachment":[{"href":"https:\/\/schoenstatt.com\/de\/wp-json\/wp\/v2\/media?parent=49114"}],"wp:term":[{"taxonomy":"category","embeddable":true,"href":"https:\/\/schoenstatt.com\/de\/wp-json\/wp\/v2\/categories?post=49114"},{"taxonomy":"post_tag","embeddable":true,"href":"https:\/\/schoenstatt.com\/de\/wp-json\/wp\/v2\/tags?post=49114"}],"curies":[{"name":"wp","href":"https:\/\/api.w.org\/{rel}","templated":true}]}}