{"id":49070,"date":"2023-08-08T13:15:18","date_gmt":"2023-08-08T11:15:18","guid":{"rendered":"https:\/\/schoenstattdev.wpenginepowered.com\/?p=31917"},"modified":"2025-05-15T22:43:36","modified_gmt":"2025-05-15T20:43:36","slug":"nachhaltig-grune-oase-am-grossstadt","status":"publish","type":"post","link":"https:\/\/schoenstatt.com\/de\/nachhaltig-grune-oase-am-grossstadt\/","title":{"rendered":"Nachhaltig: Gr\u00fcne Oase am Rande der Gro\u00dfstadt"},"content":{"rendered":"<p>Drei Jahre lang plante die Sch\u00f6nstattfamilie in M\u00fcnchen, eine Gr\u00fcnfl\u00e4che mit B\u00e4umen und Pflanzen rund um das Heiligtum zu schaffen. Ziel war es, den Ort nicht nur sch\u00f6ner und einladender zu machen, sondern auch einen Beitrag zur Umwelt zu leisten. Heute ist das Heiligtum eine Oase mitten in der Gro\u00dfstadt. Dies veranlasste das Planungsreferat der Stadt M\u00fcnchen, das <a href=\"https:\/\/goo.gl\/maps\/dc7ebU8Dd9G3ST946\" target=\"_blank\" rel=\"noopener\">Heiligtum<\/a> in das Projekt Urban Land-Art-Tour aufzunehmen.<\/p>\n<h2>Endpunkt der Urban Land-Art-Tour<\/h2>\n<p>Es war eine Entdeckung f\u00fcr viele der teilnehmenden Personen, als sie von der viel befahrenen Herterich Strasse kommend das Gel\u00e4nde des <a href=\"https:\/\/www.schoenstatt-muenchen.de\/\" target=\"_blank\" rel=\"noopener\">M\u00fcnchner Sch\u00f6nstatt Zentrums<\/a> betraten. \u201eAm Rande des H\u00e4usermeers ein so gr\u00fcner, ruhiger Ort!\u201c rief eine der Teilnehmerinnen \u00fcberrascht aus.<\/p>\n<p>Unser Park war der Endpunkt der Urban Land-Art-Tour, die das Referat f\u00fcr Stadtplanung der Landeshauptstadt M\u00fcnchen organisiert hatte. Ziel dieses Angebots mit verschiedenen Veranstaltungen ist es, Interessierten die Bedeutung des Gr\u00fcnzugs vor Augen zu f\u00fchren. In einer Zeit, in der t\u00e4glich viele Quadratmeter Fl\u00e4che neu versiegelt werden, ist der Erhalt und die Pflege naturnaher R\u00e4ume in St\u00e4dten von erheblicher Bedeutung.<\/p>\n<h2>Erhalt der Sch\u00f6pfung<\/h2>\n<p>Als im Fr\u00fchjahr das Referat f\u00fcr Stadtplanung anfragte, ob es m\u00f6glich w\u00e4re, die halbt\u00e4gige Veranstaltung auf dem Gel\u00e4nde des M\u00fcnchner Sch\u00f6nstatt Zentrums zu beenden, sagte der \u201eHausherr\u201c, Pater Frank Riedel, ISch, gerne und spontan zu. Schlie\u00dflich war die Neugestaltung des Parks um die Sch\u00f6nstatt Kapelle in den letzten 3 Jahren auch aus dem Grund erfolgt, weil die Gemeinschaft ihren kleinen Beitrag zum Erhalt der Sch\u00f6pfung leisten wollte.<\/p>\n<p>Unter dem Motto \u201eKunst und Natur als Einheit erleben\u201c hatte das Referat f\u00fcr Stadtplanung eingeladen. Unter Anleitung einer Kunstp\u00e4dagogin wurden an mehreren Stationen aus nat\u00fcrlichen Materialien Objekte erstellt und per Foto dokumentiert. Diese Fotos wurden zum Abschluss in einer improvisierten \u201eAusstellung\u201c gezeigt. Au\u00dferdem gestalteten die Teilnehmerinnen und Teilnehmer aus Bl\u00fcten, Gr\u00e4sern und Zweigen kleine \u201eErinnerungs-Werke\u201c.<\/p>\n<p>Alle Personen waren noch nie im Sch\u00f6nstatt Zentrum gewesen. Durch diese Veranstaltung wurden sie auf unser Gel\u00e4nde mit der <a href=\"https:\/\/schoenstattdev.wpenginepowered.com\/de\/about\/spiritualitaet\/heiligtum\/\">Gnadenkapelle<\/a> aufmerksam. So gelang es an diesem Juli \u2013 Abend Menschen anzusprechen, die ohne diese Veranstaltung nicht auf Sch\u00f6nstatt aufmerksam geworden w\u00e4ren.<\/p>\n<p>Quelle: <a href=\"https:\/\/www.schoenstatt.de\/de\/news\/6187\/112\/Schoenstatt-Zentrum-Muenchen-Gruene-Oase-am-Rande-der-Grossstadt.htm\" target=\"_blank\" rel=\"noopener\">schoenstatt.de<\/a><\/p>\n","protected":false},"excerpt":{"rendered":"<p>Mit seinem besonderen Beitrag zur Umwelt ist das M\u00fcnchner Heiligtum Teil des Projekts Urban Land-Art-Tour des Stadtrats. Es ist Teil des Gr\u00fcng\u00fcrtels der Stadt.<\/p>\n","protected":false},"author":3,"featured_media":31912,"comment_status":"closed","ping_status":"closed","sticky":false,"template":"","format":"standard","meta":{"footnotes":""},"categories":[882],"tags":[],"class_list":["post-49070","post","type-post","status-publish","format-standard","has-post-thumbnail","hentry","category-umwelt-de"],"yoast_head":"<!-- This site is optimized with the Yoast SEO Premium plugin v27.4 (Yoast SEO v27.4) - https:\/\/yoast.com\/product\/yoast-seo-premium-wordpress\/ -->\n<title>Nachhaltig: Gr\u00fcne Oase am Rande der Gro\u00dfstadt - Schoenstatt<\/title>\n<meta name=\"description\" content=\"Mit seinem besonderen Beitrag zur Umwelt ist das M\u00fcnchner Heiligtum in die Route des Projekts Urban Land-Art-Tour aufgenommen worden.\" \/>\n<meta name=\"robots\" content=\"index, follow, max-snippet:-1, max-image-preview:large, max-video-preview:-1\" \/>\n<link rel=\"canonical\" href=\"https:\/\/schoenstatt.com\/de\/nachhaltig-grune-oase-am-grossstadt\/\" \/>\n<meta property=\"og:locale\" content=\"de_DE\" \/>\n<meta property=\"og:type\" content=\"article\" \/>\n<meta property=\"og:title\" content=\"Nachhaltig: Gr\u00fcne Oase am Rande der Gro\u00dfstadt\" \/>\n<meta property=\"og:description\" content=\"Mit seinem besonderen Beitrag zur Umwelt ist das M\u00fcnchner Heiligtum in die Route des Projekts Urban Land-Art-Tour aufgenommen worden.\" \/>\n<meta property=\"og:url\" content=\"https:\/\/schoenstatt.com\/de\/nachhaltig-grune-oase-am-grossstadt\/\" \/>\n<meta property=\"og:site_name\" content=\"Schoenstatt\" \/>\n<meta property=\"article:published_time\" content=\"2023-08-08T11:15:18+00:00\" \/>\n<meta property=\"article:modified_time\" content=\"2025-05-15T20:43:36+00:00\" \/>\n<meta property=\"og:image\" content=\"https:\/\/schoenstatt.com\/wp-content\/uploads\/2023\/08\/Schoenstatt-Shrine-Munchen-Klein-Schonstatt-1.png\" \/>\n\t<meta property=\"og:image:width\" content=\"1500\" \/>\n\t<meta property=\"og:image:height\" content=\"843\" \/>\n\t<meta property=\"og:image:type\" content=\"image\/png\" \/>\n<meta name=\"author\" content=\"Karen Bueno\" \/>\n<meta name=\"twitter:card\" content=\"summary_large_image\" \/>\n<meta name=\"twitter:label1\" content=\"Verfasst von\" \/>\n\t<meta name=\"twitter:data1\" content=\"Karen Bueno\" \/>\n\t<meta name=\"twitter:label2\" content=\"Gesch\u00e4tzte Lesezeit\" \/>\n\t<meta name=\"twitter:data2\" content=\"2\u00a0Minuten\" \/>\n<script type=\"application\/ld+json\" class=\"yoast-schema-graph\">{\"@context\":\"https:\\\/\\\/schema.org\",\"@graph\":[{\"@type\":\"Article\",\"@id\":\"https:\\\/\\\/schoenstatt.com\\\/de\\\/nachhaltig-grune-oase-am-grossstadt\\\/#article\",\"isPartOf\":{\"@id\":\"https:\\\/\\\/schoenstatt.com\\\/de\\\/nachhaltig-grune-oase-am-grossstadt\\\/\"},\"author\":{\"name\":\"Karen Bueno\",\"@id\":\"https:\\\/\\\/schoenstatt.com\\\/de\\\/#\\\/schema\\\/person\\\/5158877ad4acae98b34daaeef2a1ce6e\"},\"headline\":\"Nachhaltig: Gr\u00fcne Oase am Rande der Gro\u00dfstadt\",\"datePublished\":\"2023-08-08T11:15:18+00:00\",\"dateModified\":\"2025-05-15T20:43:36+00:00\",\"mainEntityOfPage\":{\"@id\":\"https:\\\/\\\/schoenstatt.com\\\/de\\\/nachhaltig-grune-oase-am-grossstadt\\\/\"},\"wordCount\":389,\"publisher\":{\"@id\":\"https:\\\/\\\/schoenstatt.com\\\/de\\\/#organization\"},\"image\":{\"@id\":\"https:\\\/\\\/schoenstatt.com\\\/de\\\/nachhaltig-grune-oase-am-grossstadt\\\/#primaryimage\"},\"thumbnailUrl\":\"https:\\\/\\\/schoenstatt.com\\\/wp-content\\\/uploads\\\/2023\\\/08\\\/Schoenstatt-Shrine-Munchen-Klein-Schonstatt-1.png\",\"articleSection\":[\"Umwelt\"],\"inLanguage\":\"de\"},{\"@type\":\"WebPage\",\"@id\":\"https:\\\/\\\/schoenstatt.com\\\/de\\\/nachhaltig-grune-oase-am-grossstadt\\\/\",\"url\":\"https:\\\/\\\/schoenstatt.com\\\/de\\\/nachhaltig-grune-oase-am-grossstadt\\\/\",\"name\":\"Nachhaltig: Gr\u00fcne Oase am Rande der Gro\u00dfstadt - Schoenstatt\",\"isPartOf\":{\"@id\":\"https:\\\/\\\/schoenstatt.com\\\/de\\\/#website\"},\"primaryImageOfPage\":{\"@id\":\"https:\\\/\\\/schoenstatt.com\\\/de\\\/nachhaltig-grune-oase-am-grossstadt\\\/#primaryimage\"},\"image\":{\"@id\":\"https:\\\/\\\/schoenstatt.com\\\/de\\\/nachhaltig-grune-oase-am-grossstadt\\\/#primaryimage\"},\"thumbnailUrl\":\"https:\\\/\\\/schoenstatt.com\\\/wp-content\\\/uploads\\\/2023\\\/08\\\/Schoenstatt-Shrine-Munchen-Klein-Schonstatt-1.png\",\"datePublished\":\"2023-08-08T11:15:18+00:00\",\"dateModified\":\"2025-05-15T20:43:36+00:00\",\"description\":\"Mit seinem besonderen Beitrag zur Umwelt ist das M\u00fcnchner Heiligtum in die Route des Projekts Urban Land-Art-Tour aufgenommen worden.\",\"breadcrumb\":{\"@id\":\"https:\\\/\\\/schoenstatt.com\\\/de\\\/nachhaltig-grune-oase-am-grossstadt\\\/#breadcrumb\"},\"inLanguage\":\"de\",\"potentialAction\":[{\"@type\":\"ReadAction\",\"target\":[\"https:\\\/\\\/schoenstatt.com\\\/de\\\/nachhaltig-grune-oase-am-grossstadt\\\/\"]}]},{\"@type\":\"ImageObject\",\"inLanguage\":\"de\",\"@id\":\"https:\\\/\\\/schoenstatt.com\\\/de\\\/nachhaltig-grune-oase-am-grossstadt\\\/#primaryimage\",\"url\":\"https:\\\/\\\/schoenstatt.com\\\/wp-content\\\/uploads\\\/2023\\\/08\\\/Schoenstatt-Shrine-Munchen-Klein-Schonstatt-1.png\",\"contentUrl\":\"https:\\\/\\\/schoenstatt.com\\\/wp-content\\\/uploads\\\/2023\\\/08\\\/Schoenstatt-Shrine-Munchen-Klein-Schonstatt-1.png\",\"width\":1500,\"height\":843},{\"@type\":\"BreadcrumbList\",\"@id\":\"https:\\\/\\\/schoenstatt.com\\\/de\\\/nachhaltig-grune-oase-am-grossstadt\\\/#breadcrumb\",\"itemListElement\":[{\"@type\":\"ListItem\",\"position\":1,\"name\":\"Portada\",\"item\":\"https:\\\/\\\/schoenstatt.com\\\/de\\\/home\\\/\"},{\"@type\":\"ListItem\",\"position\":2,\"name\":\"Nachhaltig: Gr\u00fcne Oase am Rande der Gro\u00dfstadt\"}]},{\"@type\":\"WebSite\",\"@id\":\"https:\\\/\\\/schoenstatt.com\\\/de\\\/#website\",\"url\":\"https:\\\/\\\/schoenstatt.com\\\/de\\\/\",\"name\":\"Schoenstatt\",\"description\":\"Apostolic Movement\",\"publisher\":{\"@id\":\"https:\\\/\\\/schoenstatt.com\\\/de\\\/#organization\"},\"potentialAction\":[{\"@type\":\"SearchAction\",\"target\":{\"@type\":\"EntryPoint\",\"urlTemplate\":\"https:\\\/\\\/schoenstatt.com\\\/de\\\/?s={search_term_string}\"},\"query-input\":{\"@type\":\"PropertyValueSpecification\",\"valueRequired\":true,\"valueName\":\"search_term_string\"}}],\"inLanguage\":\"de\"},{\"@type\":\"Organization\",\"@id\":\"https:\\\/\\\/schoenstatt.com\\\/de\\\/#organization\",\"name\":\"Schoenstatt\",\"url\":\"https:\\\/\\\/schoenstatt.com\\\/de\\\/\",\"logo\":{\"@type\":\"ImageObject\",\"inLanguage\":\"de\",\"@id\":\"https:\\\/\\\/schoenstatt.com\\\/de\\\/#\\\/schema\\\/logo\\\/image\\\/\",\"url\":\"https:\\\/\\\/schoenstatt.com\\\/wp-content\\\/uploads\\\/2025\\\/04\\\/logo-schoenstatt-white-696x696-1.png\",\"contentUrl\":\"https:\\\/\\\/schoenstatt.com\\\/wp-content\\\/uploads\\\/2025\\\/04\\\/logo-schoenstatt-white-696x696-1.png\",\"width\":696,\"height\":694,\"caption\":\"Schoenstatt\"},\"image\":{\"@id\":\"https:\\\/\\\/schoenstatt.com\\\/de\\\/#\\\/schema\\\/logo\\\/image\\\/\"}},{\"@type\":\"Person\",\"@id\":\"https:\\\/\\\/schoenstatt.com\\\/de\\\/#\\\/schema\\\/person\\\/5158877ad4acae98b34daaeef2a1ce6e\",\"name\":\"Karen Bueno\",\"image\":{\"@type\":\"ImageObject\",\"inLanguage\":\"de\",\"@id\":\"https:\\\/\\\/secure.gravatar.com\\\/avatar\\\/f9f4b823873154269d2b2130f195f6d41037dd0d7fc5f3cacb5c846bae70d66b?s=96&d=mm&r=g\",\"url\":\"https:\\\/\\\/secure.gravatar.com\\\/avatar\\\/f9f4b823873154269d2b2130f195f6d41037dd0d7fc5f3cacb5c846bae70d66b?s=96&d=mm&r=g\",\"contentUrl\":\"https:\\\/\\\/secure.gravatar.com\\\/avatar\\\/f9f4b823873154269d2b2130f195f6d41037dd0d7fc5f3cacb5c846bae70d66b?s=96&d=mm&r=g\",\"caption\":\"Karen Bueno\"},\"url\":\"https:\\\/\\\/schoenstatt.com\\\/de\\\/author\\\/karen-bueno\\\/\"}]}<\/script>\n<!-- \/ Yoast SEO Premium plugin. -->","yoast_head_json":{"title":"Nachhaltig: Gr\u00fcne Oase am Rande der Gro\u00dfstadt - Schoenstatt","description":"Mit seinem besonderen Beitrag zur Umwelt ist das M\u00fcnchner Heiligtum in die Route des Projekts Urban Land-Art-Tour aufgenommen worden.","robots":{"index":"index","follow":"follow","max-snippet":"max-snippet:-1","max-image-preview":"max-image-preview:large","max-video-preview":"max-video-preview:-1"},"canonical":"https:\/\/schoenstatt.com\/de\/nachhaltig-grune-oase-am-grossstadt\/","og_locale":"de_DE","og_type":"article","og_title":"Nachhaltig: Gr\u00fcne Oase am Rande der Gro\u00dfstadt","og_description":"Mit seinem besonderen Beitrag zur Umwelt ist das M\u00fcnchner Heiligtum in die Route des Projekts Urban Land-Art-Tour aufgenommen worden.","og_url":"https:\/\/schoenstatt.com\/de\/nachhaltig-grune-oase-am-grossstadt\/","og_site_name":"Schoenstatt","article_published_time":"2023-08-08T11:15:18+00:00","article_modified_time":"2025-05-15T20:43:36+00:00","og_image":[{"width":1500,"height":843,"url":"https:\/\/schoenstatt.com\/wp-content\/uploads\/2023\/08\/Schoenstatt-Shrine-Munchen-Klein-Schonstatt-1.png","type":"image\/png"}],"author":"Karen Bueno","twitter_card":"summary_large_image","twitter_misc":{"Verfasst von":"Karen Bueno","Gesch\u00e4tzte Lesezeit":"2\u00a0Minuten"},"schema":{"@context":"https:\/\/schema.org","@graph":[{"@type":"Article","@id":"https:\/\/schoenstatt.com\/de\/nachhaltig-grune-oase-am-grossstadt\/#article","isPartOf":{"@id":"https:\/\/schoenstatt.com\/de\/nachhaltig-grune-oase-am-grossstadt\/"},"author":{"name":"Karen Bueno","@id":"https:\/\/schoenstatt.com\/de\/#\/schema\/person\/5158877ad4acae98b34daaeef2a1ce6e"},"headline":"Nachhaltig: Gr\u00fcne Oase am Rande der Gro\u00dfstadt","datePublished":"2023-08-08T11:15:18+00:00","dateModified":"2025-05-15T20:43:36+00:00","mainEntityOfPage":{"@id":"https:\/\/schoenstatt.com\/de\/nachhaltig-grune-oase-am-grossstadt\/"},"wordCount":389,"publisher":{"@id":"https:\/\/schoenstatt.com\/de\/#organization"},"image":{"@id":"https:\/\/schoenstatt.com\/de\/nachhaltig-grune-oase-am-grossstadt\/#primaryimage"},"thumbnailUrl":"https:\/\/schoenstatt.com\/wp-content\/uploads\/2023\/08\/Schoenstatt-Shrine-Munchen-Klein-Schonstatt-1.png","articleSection":["Umwelt"],"inLanguage":"de"},{"@type":"WebPage","@id":"https:\/\/schoenstatt.com\/de\/nachhaltig-grune-oase-am-grossstadt\/","url":"https:\/\/schoenstatt.com\/de\/nachhaltig-grune-oase-am-grossstadt\/","name":"Nachhaltig: Gr\u00fcne Oase am Rande der Gro\u00dfstadt - Schoenstatt","isPartOf":{"@id":"https:\/\/schoenstatt.com\/de\/#website"},"primaryImageOfPage":{"@id":"https:\/\/schoenstatt.com\/de\/nachhaltig-grune-oase-am-grossstadt\/#primaryimage"},"image":{"@id":"https:\/\/schoenstatt.com\/de\/nachhaltig-grune-oase-am-grossstadt\/#primaryimage"},"thumbnailUrl":"https:\/\/schoenstatt.com\/wp-content\/uploads\/2023\/08\/Schoenstatt-Shrine-Munchen-Klein-Schonstatt-1.png","datePublished":"2023-08-08T11:15:18+00:00","dateModified":"2025-05-15T20:43:36+00:00","description":"Mit seinem besonderen Beitrag zur Umwelt ist das M\u00fcnchner Heiligtum in die Route des Projekts Urban Land-Art-Tour aufgenommen worden.","breadcrumb":{"@id":"https:\/\/schoenstatt.com\/de\/nachhaltig-grune-oase-am-grossstadt\/#breadcrumb"},"inLanguage":"de","potentialAction":[{"@type":"ReadAction","target":["https:\/\/schoenstatt.com\/de\/nachhaltig-grune-oase-am-grossstadt\/"]}]},{"@type":"ImageObject","inLanguage":"de","@id":"https:\/\/schoenstatt.com\/de\/nachhaltig-grune-oase-am-grossstadt\/#primaryimage","url":"https:\/\/schoenstatt.com\/wp-content\/uploads\/2023\/08\/Schoenstatt-Shrine-Munchen-Klein-Schonstatt-1.png","contentUrl":"https:\/\/schoenstatt.com\/wp-content\/uploads\/2023\/08\/Schoenstatt-Shrine-Munchen-Klein-Schonstatt-1.png","width":1500,"height":843},{"@type":"BreadcrumbList","@id":"https:\/\/schoenstatt.com\/de\/nachhaltig-grune-oase-am-grossstadt\/#breadcrumb","itemListElement":[{"@type":"ListItem","position":1,"name":"Portada","item":"https:\/\/schoenstatt.com\/de\/home\/"},{"@type":"ListItem","position":2,"name":"Nachhaltig: Gr\u00fcne Oase am Rande der Gro\u00dfstadt"}]},{"@type":"WebSite","@id":"https:\/\/schoenstatt.com\/de\/#website","url":"https:\/\/schoenstatt.com\/de\/","name":"Schoenstatt","description":"Apostolic Movement","publisher":{"@id":"https:\/\/schoenstatt.com\/de\/#organization"},"potentialAction":[{"@type":"SearchAction","target":{"@type":"EntryPoint","urlTemplate":"https:\/\/schoenstatt.com\/de\/?s={search_term_string}"},"query-input":{"@type":"PropertyValueSpecification","valueRequired":true,"valueName":"search_term_string"}}],"inLanguage":"de"},{"@type":"Organization","@id":"https:\/\/schoenstatt.com\/de\/#organization","name":"Schoenstatt","url":"https:\/\/schoenstatt.com\/de\/","logo":{"@type":"ImageObject","inLanguage":"de","@id":"https:\/\/schoenstatt.com\/de\/#\/schema\/logo\/image\/","url":"https:\/\/schoenstatt.com\/wp-content\/uploads\/2025\/04\/logo-schoenstatt-white-696x696-1.png","contentUrl":"https:\/\/schoenstatt.com\/wp-content\/uploads\/2025\/04\/logo-schoenstatt-white-696x696-1.png","width":696,"height":694,"caption":"Schoenstatt"},"image":{"@id":"https:\/\/schoenstatt.com\/de\/#\/schema\/logo\/image\/"}},{"@type":"Person","@id":"https:\/\/schoenstatt.com\/de\/#\/schema\/person\/5158877ad4acae98b34daaeef2a1ce6e","name":"Karen Bueno","image":{"@type":"ImageObject","inLanguage":"de","@id":"https:\/\/secure.gravatar.com\/avatar\/f9f4b823873154269d2b2130f195f6d41037dd0d7fc5f3cacb5c846bae70d66b?s=96&d=mm&r=g","url":"https:\/\/secure.gravatar.com\/avatar\/f9f4b823873154269d2b2130f195f6d41037dd0d7fc5f3cacb5c846bae70d66b?s=96&d=mm&r=g","contentUrl":"https:\/\/secure.gravatar.com\/avatar\/f9f4b823873154269d2b2130f195f6d41037dd0d7fc5f3cacb5c846bae70d66b?s=96&d=mm&r=g","caption":"Karen Bueno"},"url":"https:\/\/schoenstatt.com\/de\/author\/karen-bueno\/"}]}},"_links":{"self":[{"href":"https:\/\/schoenstatt.com\/de\/wp-json\/wp\/v2\/posts\/49070","targetHints":{"allow":["GET"]}}],"collection":[{"href":"https:\/\/schoenstatt.com\/de\/wp-json\/wp\/v2\/posts"}],"about":[{"href":"https:\/\/schoenstatt.com\/de\/wp-json\/wp\/v2\/types\/post"}],"author":[{"embeddable":true,"href":"https:\/\/schoenstatt.com\/de\/wp-json\/wp\/v2\/users\/3"}],"replies":[{"embeddable":true,"href":"https:\/\/schoenstatt.com\/de\/wp-json\/wp\/v2\/comments?post=49070"}],"version-history":[{"count":1,"href":"https:\/\/schoenstatt.com\/de\/wp-json\/wp\/v2\/posts\/49070\/revisions"}],"predecessor-version":[{"id":49094,"href":"https:\/\/schoenstatt.com\/de\/wp-json\/wp\/v2\/posts\/49070\/revisions\/49094"}],"wp:featuredmedia":[{"embeddable":true,"href":"https:\/\/schoenstatt.com\/de\/wp-json\/wp\/v2\/media\/31912"}],"wp:attachment":[{"href":"https:\/\/schoenstatt.com\/de\/wp-json\/wp\/v2\/media?parent=49070"}],"wp:term":[{"taxonomy":"category","embeddable":true,"href":"https:\/\/schoenstatt.com\/de\/wp-json\/wp\/v2\/categories?post=49070"},{"taxonomy":"post_tag","embeddable":true,"href":"https:\/\/schoenstatt.com\/de\/wp-json\/wp\/v2\/tags?post=49070"}],"curies":[{"name":"wp","href":"https:\/\/api.w.org\/{rel}","templated":true}]}}