{"id":49068,"date":"2023-08-07T13:11:24","date_gmt":"2023-08-07T11:11:24","guid":{"rendered":"https:\/\/schoenstattdev.wpenginepowered.com\/?p=31902"},"modified":"2025-05-15T19:28:27","modified_gmt":"2025-05-15T17:28:27","slug":"internationale-madchenjugend-kront-die-rta","status":"publish","type":"post","link":"https:\/\/schoenstatt.com\/de\/internationale-madchenjugend-kront-die-rta\/","title":{"rendered":"Internationale M\u00e4dchenjugend kr\u00f6nt die RTA"},"content":{"rendered":"<p>In diesen letzten Julitagen <a href=\"https:\/\/schoenstattdev.wpenginepowered.com\/de\/jugend\/500-jugendliche-werden-vor-dem-weltjugendtag-den-traum-von-einem-besuch-in-schoenstatt-leben\/\">pilgerten Jugendliche aus verschiedenen L\u00e4ndern zum Urheiligtum in Sch\u00f6nstatt<\/a> (Vallendar, Deutschland), um die Reise zum Weltjugendtag in Portugal anzutreten. Die Delegationen kamen aus Brasilien, Argentinien, Chile, Paraguay, Mexiko, Puerto Rico, Ecuador, den Vereinigten Staaten und Deutschland. Diese Pilgerfahrt hatte eine besondere Nacht f\u00fcr die internationale <a href=\"https:\/\/schoenstattdev.wpenginepowered.com\/de\/familie\/gemeinschaften-in-der-schoenstattbewegung\/frauen\/\">M\u00e4dchenjugend:<\/a> am Abend des 26. Juli erneuerten die M\u00e4dchen die Kr\u00f6nung der Gottesmutter.<\/p>\n<p><em><img fetchpriority=\"high\" decoding=\"async\" class=\"aligncenter wp-image-31884 \" src=\"https:\/\/schoenstatt.com\/wp-content\/uploads\/2023\/08\/Coroa-RTA-JF-Internacional-3-1.jpg\" alt=\"\" width=\"842\" height=\"1064\" \/><\/em><\/p>\n<p><em>\u201eGro\u00df ist diejenige, die ihr Leben f\u00fcr etwas Gro\u00dfes weiht!\u201c <\/em>Nach diesen Worten Pater Kentenichs, inspiriert durch das Heldentum der ersten Sodalen und so vieler, die das Liebesb\u00fcndnis treu gelebt haben, erneuerte die M\u00e4dchenjugend ihre Weihe an die Gottesmutter mit der RTA-Krone. Einige waren ber\u00fchrt von dem, was sie bedeutete, andere kamen an, ohne viel von der Geschichte zu wissen, die sie verbarg, aber sie entdeckten sie.<\/p>\n<p><em>\u201eIch kenne dieses wunderbare Land, es ist mein Heimatland, es ist mein Sch\u00f6nstattland.\u201c <\/em>Mit diesen Worten begann das Erlebnis rund um das <a href=\"https:\/\/urheiligtum.de\/\" target=\"_blank\" rel=\"noopener\">Urheiligtum<\/a>. Die ganze Zeit \u00fcber erlebten sie das Erbe, das diese Krone mit sich bringt, ein Zeugnis der Geschichte, die die M\u00e4dchenjugend mit Pater Kentenich verbindet.<\/p>\n<figure id=\"attachment_31892\" aria-describedby=\"caption-attachment-31892\" style=\"width: 895px\" class=\"wp-caption aligncenter\"><img decoding=\"async\" class=\"wp-image-31892\" src=\"https:\/\/schoenstatt.com\/wp-content\/uploads\/2023\/08\/Coroa-RTA-JF-Internacional-1.jpg\" alt=\"\" width=\"895\" height=\"671\" \/><figcaption id=\"caption-attachment-31892\" class=\"wp-caption-text\">Die kleine RTA-Krone wird hinter der \u201egro\u00dfen Krone\u201c der MTA im Urheiligtum platziert<\/figcaption><\/figure>\n<h2>Die RTA-Krone, von internationale M\u00e4dchenjugend<\/h2>\n<p>Die Originalkrone war ein Geschenk Pater Kentenichs 1945 an die M\u00e4dchenjugend in M\u00fcnster, Deutschland. Mit der Krone \u00fcbergab Pater Kentenich ihnen die Sendung der Reinheit, Treue und des Adels \u2013 RTA. Zehn Jahre sp\u00e4ter schenkte die M\u00e4dchenjugend in M\u00fcnster diese Krone der gesamten deutschen M\u00e4dchenjugend und der M\u00e4dchenjugend in aller Welt. Jahre sp\u00e4ter pilgerte die Krone zu den Heiligt\u00fcmern in der ganzen Welt und 1999 wurde sie auf der Reise von Ecuador in die Schweiz gestohlen.<\/p>\n<p>\u201eWas nun?\u201c war die Frage, die in die Herzen der M\u00e4dchenjugend eindrang, und die Worte, die Pater Kentenich ausgesprochen hatte, erklangen: <strong>\u201eDu bist meine lebendige Krone.\u201c<\/strong> Und so wurde eine neue Mission f\u00fcr die internationale M\u00e4dchenjugend geboren: lebendige Kronen f\u00fcr die Kirche zu werden. Kronen, die in ihrer Originalit\u00e4t gl\u00e4nzen und die Werte der Reinheit, der Treue und des Adels verk\u00f6rpern, als eine Lebensweise, die auf die h\u00f6chsten Ideale abzielt und ein Ausgangspunkt f\u00fcr gro\u00dfe Dinge ist.<\/p>\n<p>Da es sich um eine Krone handelt, die von Generation zu Generation weitergegeben wird, haben die Jugendlichen von gestern und heute \u00fcber ihre Lebenserfahrungen im Zusammenhang mit der RTA berichtet.<\/p>\n<figure id=\"attachment_31880\" aria-describedby=\"caption-attachment-31880\" style=\"width: 831px\" class=\"wp-caption aligncenter\"><img decoding=\"async\" class=\"wp-image-31880\" src=\"https:\/\/schoenstatt.com\/wp-content\/uploads\/2023\/08\/Coroa-RTA-JF-Internacional-2-1.jpg\" alt=\"\" width=\"831\" height=\"1108\" \/><figcaption id=\"caption-attachment-31880\" class=\"wp-caption-text\">Geschrieben in der Handschrift von Fr. Kentenich: &#8222;Ihr seid meine Krone&#8220;<\/figcaption><\/figure>\n<h3>\u201eK\u00f6nigin, wir wollen deine lebenden Kronen sein\u201c<\/h3>\n<p>Ein wichtiger Moment war, als alle M\u00e4dchen eine Papierlilie bekamen und aufgefordert wurden, darauf die Aspekte ihres Lebens zu schreiben, in denen sie sich w\u00fcnschen, dass Maria gekr\u00f6nt wird. Im Austausch f\u00fcr diese Lilie, ein Symbol ihres Lebens, erhielt jede von ihnen einen kleinen RTA-Anh\u00e4nger. \u201eK\u00f6nigin, wir wollen deine lebendigen Kronen sein.\u201c<\/p>\n<p>Die RTA-Krone, mit der die Gottesmutter gekr\u00f6nt werden sollte, wurde unter den M\u00e4dchen verteilt, und dann betrat sie in den H\u00e4nden einiger Vertreter das Heiligtum, um die Kr\u00f6nung zu erneuern.<\/p>\n<p>F\u00fcr Maria Paz Jara aus Paraguay bedeutete diese Erfahrung eine Wiederbegegnung mit der Gottesmutter, eine Wiederbegegnung mit ihrem Haus und mit der Schwesternschaft der M\u00e4dchenjugend der Welt. Eine Schwesternschaft, die aus der gleichen Sendung geboren ist.<\/p>\n<p>Am Ende verpflichteten sich alle gemeinsam:<em> \u201eRTA, heute machen wir uns verantwortlich f\u00fcr die n\u00e4chsten 100 Jahre Sch\u00f6nstatt. Du \u00fcbernimmst die Verantwortung f\u00fcr jede einzelne von uns, f\u00fcr deine M\u00e4dchenjugend und f\u00fcr die Jugend der ganzen Welt. Unsere Krone in deiner Krone, und gemeinsam in die neue Zeit.\u201c<\/em><\/p>\n<p><img loading=\"lazy\" decoding=\"async\" class=\"aligncenter wp-image-31888 \" src=\"https:\/\/schoenstatt.com\/wp-content\/uploads\/2023\/08\/Coroa-RTA-JF-Internacional-4-1.jpg\" alt=\"\" width=\"702\" height=\"1248\" \/><\/p>\n","protected":false},"excerpt":{"rendered":"<p>\u201eK\u00f6nigin, wir wollen deine lebendigen Kronen sein\u201c, das ist der Wunsch der jungen Frauen aus verschiedenen L\u00e4ndern, die sich in Sch\u00f6nstatt zur internationalen Erfahrung versammelt haben.<\/p>\n","protected":false},"author":3,"featured_media":31897,"comment_status":"closed","ping_status":"closed","sticky":false,"template":"","format":"standard","meta":{"footnotes":""},"categories":[922],"tags":[],"class_list":["post-49068","post","type-post","status-publish","format-standard","has-post-thumbnail","hentry","category-jugend-de"],"yoast_head":"<!-- This site is optimized with the Yoast SEO Premium plugin v27.4 (Yoast SEO v27.5) - https:\/\/yoast.com\/product\/yoast-seo-premium-wordpress\/ -->\n<title>Internationale M\u00e4dchenjugend kr\u00f6nt die RTA - Schoenstatt<\/title>\n<meta name=\"description\" content=\"Mit R\u00fchrung und Freude kr\u00f6nte die internationale M\u00e4dchenjugend die Gottesmutter im Urheiligtum, bevor sie zum Weltjugendtag aufbrach.\" \/>\n<meta name=\"robots\" content=\"index, follow, max-snippet:-1, max-image-preview:large, max-video-preview:-1\" \/>\n<link rel=\"canonical\" href=\"https:\/\/schoenstatt.com\/de\/internationale-madchenjugend-kront-die-rta\/\" \/>\n<meta property=\"og:locale\" content=\"de_DE\" \/>\n<meta property=\"og:type\" content=\"article\" \/>\n<meta property=\"og:title\" content=\"Internationale M\u00e4dchenjugend kr\u00f6nt die RTA\" \/>\n<meta property=\"og:description\" content=\"Mit R\u00fchrung und Freude kr\u00f6nte die internationale M\u00e4dchenjugend die Gottesmutter im Urheiligtum, bevor sie zum Weltjugendtag aufbrach.\" \/>\n<meta property=\"og:url\" content=\"https:\/\/schoenstatt.com\/de\/internationale-madchenjugend-kront-die-rta\/\" \/>\n<meta property=\"og:site_name\" content=\"Schoenstatt\" \/>\n<meta property=\"article:published_time\" content=\"2023-08-07T11:11:24+00:00\" \/>\n<meta property=\"article:modified_time\" content=\"2025-05-15T17:28:27+00:00\" \/>\n<meta property=\"og:image\" content=\"https:\/\/schoenstatt.com\/wp-content\/uploads\/2023\/08\/Coroa-RTA-JF-Internacional-5-1.jpg\" \/>\n\t<meta property=\"og:image:width\" content=\"1536\" \/>\n\t<meta property=\"og:image:height\" content=\"968\" \/>\n\t<meta property=\"og:image:type\" content=\"image\/jpeg\" \/>\n<meta name=\"author\" content=\"Karen Bueno\" \/>\n<meta name=\"twitter:card\" content=\"summary_large_image\" \/>\n<meta name=\"twitter:label1\" content=\"Verfasst von\" \/>\n\t<meta name=\"twitter:data1\" content=\"Karen Bueno\" \/>\n\t<meta name=\"twitter:label2\" content=\"Gesch\u00e4tzte Lesezeit\" \/>\n\t<meta name=\"twitter:data2\" content=\"4\u00a0Minuten\" \/>\n<script type=\"application\/ld+json\" class=\"yoast-schema-graph\">{\"@context\":\"https:\\\/\\\/schema.org\",\"@graph\":[{\"@type\":\"Article\",\"@id\":\"https:\\\/\\\/schoenstatt.com\\\/de\\\/internationale-madchenjugend-kront-die-rta\\\/#article\",\"isPartOf\":{\"@id\":\"https:\\\/\\\/schoenstatt.com\\\/de\\\/internationale-madchenjugend-kront-die-rta\\\/\"},\"author\":{\"name\":\"Karen Bueno\",\"@id\":\"https:\\\/\\\/schoenstatt.com\\\/de\\\/#\\\/schema\\\/person\\\/5158877ad4acae98b34daaeef2a1ce6e\"},\"headline\":\"Internationale M\u00e4dchenjugend kr\u00f6nt die RTA\",\"datePublished\":\"2023-08-07T11:11:24+00:00\",\"dateModified\":\"2025-05-15T17:28:27+00:00\",\"mainEntityOfPage\":{\"@id\":\"https:\\\/\\\/schoenstatt.com\\\/de\\\/internationale-madchenjugend-kront-die-rta\\\/\"},\"wordCount\":632,\"publisher\":{\"@id\":\"https:\\\/\\\/schoenstatt.com\\\/de\\\/#organization\"},\"image\":{\"@id\":\"https:\\\/\\\/schoenstatt.com\\\/de\\\/internationale-madchenjugend-kront-die-rta\\\/#primaryimage\"},\"thumbnailUrl\":\"https:\\\/\\\/schoenstatt.com\\\/wp-content\\\/uploads\\\/2023\\\/08\\\/Coroa-RTA-JF-Internacional-5-1.jpg\",\"articleSection\":[\"Jugend\"],\"inLanguage\":\"de\"},{\"@type\":\"WebPage\",\"@id\":\"https:\\\/\\\/schoenstatt.com\\\/de\\\/internationale-madchenjugend-kront-die-rta\\\/\",\"url\":\"https:\\\/\\\/schoenstatt.com\\\/de\\\/internationale-madchenjugend-kront-die-rta\\\/\",\"name\":\"Internationale M\u00e4dchenjugend kr\u00f6nt die RTA - Schoenstatt\",\"isPartOf\":{\"@id\":\"https:\\\/\\\/schoenstatt.com\\\/de\\\/#website\"},\"primaryImageOfPage\":{\"@id\":\"https:\\\/\\\/schoenstatt.com\\\/de\\\/internationale-madchenjugend-kront-die-rta\\\/#primaryimage\"},\"image\":{\"@id\":\"https:\\\/\\\/schoenstatt.com\\\/de\\\/internationale-madchenjugend-kront-die-rta\\\/#primaryimage\"},\"thumbnailUrl\":\"https:\\\/\\\/schoenstatt.com\\\/wp-content\\\/uploads\\\/2023\\\/08\\\/Coroa-RTA-JF-Internacional-5-1.jpg\",\"datePublished\":\"2023-08-07T11:11:24+00:00\",\"dateModified\":\"2025-05-15T17:28:27+00:00\",\"description\":\"Mit R\u00fchrung und Freude kr\u00f6nte die internationale M\u00e4dchenjugend die Gottesmutter im Urheiligtum, bevor sie zum Weltjugendtag aufbrach.\",\"breadcrumb\":{\"@id\":\"https:\\\/\\\/schoenstatt.com\\\/de\\\/internationale-madchenjugend-kront-die-rta\\\/#breadcrumb\"},\"inLanguage\":\"de\",\"potentialAction\":[{\"@type\":\"ReadAction\",\"target\":[\"https:\\\/\\\/schoenstatt.com\\\/de\\\/internationale-madchenjugend-kront-die-rta\\\/\"]}]},{\"@type\":\"ImageObject\",\"inLanguage\":\"de\",\"@id\":\"https:\\\/\\\/schoenstatt.com\\\/de\\\/internationale-madchenjugend-kront-die-rta\\\/#primaryimage\",\"url\":\"https:\\\/\\\/schoenstatt.com\\\/wp-content\\\/uploads\\\/2023\\\/08\\\/Coroa-RTA-JF-Internacional-5-1.jpg\",\"contentUrl\":\"https:\\\/\\\/schoenstatt.com\\\/wp-content\\\/uploads\\\/2023\\\/08\\\/Coroa-RTA-JF-Internacional-5-1.jpg\",\"width\":1536,\"height\":968},{\"@type\":\"BreadcrumbList\",\"@id\":\"https:\\\/\\\/schoenstatt.com\\\/de\\\/internationale-madchenjugend-kront-die-rta\\\/#breadcrumb\",\"itemListElement\":[{\"@type\":\"ListItem\",\"position\":1,\"name\":\"Portada\",\"item\":\"https:\\\/\\\/schoenstatt.com\\\/de\\\/home\\\/\"},{\"@type\":\"ListItem\",\"position\":2,\"name\":\"Internationale M\u00e4dchenjugend kr\u00f6nt die RTA\"}]},{\"@type\":\"WebSite\",\"@id\":\"https:\\\/\\\/schoenstatt.com\\\/de\\\/#website\",\"url\":\"https:\\\/\\\/schoenstatt.com\\\/de\\\/\",\"name\":\"Schoenstatt\",\"description\":\"Apostolic Movement\",\"publisher\":{\"@id\":\"https:\\\/\\\/schoenstatt.com\\\/de\\\/#organization\"},\"potentialAction\":[{\"@type\":\"SearchAction\",\"target\":{\"@type\":\"EntryPoint\",\"urlTemplate\":\"https:\\\/\\\/schoenstatt.com\\\/de\\\/?s={search_term_string}\"},\"query-input\":{\"@type\":\"PropertyValueSpecification\",\"valueRequired\":true,\"valueName\":\"search_term_string\"}}],\"inLanguage\":\"de\"},{\"@type\":\"Organization\",\"@id\":\"https:\\\/\\\/schoenstatt.com\\\/de\\\/#organization\",\"name\":\"Schoenstatt\",\"url\":\"https:\\\/\\\/schoenstatt.com\\\/de\\\/\",\"logo\":{\"@type\":\"ImageObject\",\"inLanguage\":\"de\",\"@id\":\"https:\\\/\\\/schoenstatt.com\\\/de\\\/#\\\/schema\\\/logo\\\/image\\\/\",\"url\":\"https:\\\/\\\/schoenstatt.com\\\/wp-content\\\/uploads\\\/2025\\\/04\\\/logo-schoenstatt-white-696x696-1.png\",\"contentUrl\":\"https:\\\/\\\/schoenstatt.com\\\/wp-content\\\/uploads\\\/2025\\\/04\\\/logo-schoenstatt-white-696x696-1.png\",\"width\":696,\"height\":694,\"caption\":\"Schoenstatt\"},\"image\":{\"@id\":\"https:\\\/\\\/schoenstatt.com\\\/de\\\/#\\\/schema\\\/logo\\\/image\\\/\"}},{\"@type\":\"Person\",\"@id\":\"https:\\\/\\\/schoenstatt.com\\\/de\\\/#\\\/schema\\\/person\\\/5158877ad4acae98b34daaeef2a1ce6e\",\"name\":\"Karen Bueno\",\"image\":{\"@type\":\"ImageObject\",\"inLanguage\":\"de\",\"@id\":\"https:\\\/\\\/secure.gravatar.com\\\/avatar\\\/f9f4b823873154269d2b2130f195f6d41037dd0d7fc5f3cacb5c846bae70d66b?s=96&d=mm&r=g\",\"url\":\"https:\\\/\\\/secure.gravatar.com\\\/avatar\\\/f9f4b823873154269d2b2130f195f6d41037dd0d7fc5f3cacb5c846bae70d66b?s=96&d=mm&r=g\",\"contentUrl\":\"https:\\\/\\\/secure.gravatar.com\\\/avatar\\\/f9f4b823873154269d2b2130f195f6d41037dd0d7fc5f3cacb5c846bae70d66b?s=96&d=mm&r=g\",\"caption\":\"Karen Bueno\"},\"url\":\"https:\\\/\\\/schoenstatt.com\\\/de\\\/author\\\/karen-bueno\\\/\"}]}<\/script>\n<!-- \/ Yoast SEO Premium plugin. -->","yoast_head_json":{"title":"Internationale M\u00e4dchenjugend kr\u00f6nt die RTA - Schoenstatt","description":"Mit R\u00fchrung und Freude kr\u00f6nte die internationale M\u00e4dchenjugend die Gottesmutter im Urheiligtum, bevor sie zum Weltjugendtag aufbrach.","robots":{"index":"index","follow":"follow","max-snippet":"max-snippet:-1","max-image-preview":"max-image-preview:large","max-video-preview":"max-video-preview:-1"},"canonical":"https:\/\/schoenstatt.com\/de\/internationale-madchenjugend-kront-die-rta\/","og_locale":"de_DE","og_type":"article","og_title":"Internationale M\u00e4dchenjugend kr\u00f6nt die RTA","og_description":"Mit R\u00fchrung und Freude kr\u00f6nte die internationale M\u00e4dchenjugend die Gottesmutter im Urheiligtum, bevor sie zum Weltjugendtag aufbrach.","og_url":"https:\/\/schoenstatt.com\/de\/internationale-madchenjugend-kront-die-rta\/","og_site_name":"Schoenstatt","article_published_time":"2023-08-07T11:11:24+00:00","article_modified_time":"2025-05-15T17:28:27+00:00","og_image":[{"width":1536,"height":968,"url":"https:\/\/schoenstatt.com\/wp-content\/uploads\/2023\/08\/Coroa-RTA-JF-Internacional-5-1.jpg","type":"image\/jpeg"}],"author":"Karen Bueno","twitter_card":"summary_large_image","twitter_misc":{"Verfasst von":"Karen Bueno","Gesch\u00e4tzte Lesezeit":"4\u00a0Minuten"},"schema":{"@context":"https:\/\/schema.org","@graph":[{"@type":"Article","@id":"https:\/\/schoenstatt.com\/de\/internationale-madchenjugend-kront-die-rta\/#article","isPartOf":{"@id":"https:\/\/schoenstatt.com\/de\/internationale-madchenjugend-kront-die-rta\/"},"author":{"name":"Karen Bueno","@id":"https:\/\/schoenstatt.com\/de\/#\/schema\/person\/5158877ad4acae98b34daaeef2a1ce6e"},"headline":"Internationale M\u00e4dchenjugend kr\u00f6nt die RTA","datePublished":"2023-08-07T11:11:24+00:00","dateModified":"2025-05-15T17:28:27+00:00","mainEntityOfPage":{"@id":"https:\/\/schoenstatt.com\/de\/internationale-madchenjugend-kront-die-rta\/"},"wordCount":632,"publisher":{"@id":"https:\/\/schoenstatt.com\/de\/#organization"},"image":{"@id":"https:\/\/schoenstatt.com\/de\/internationale-madchenjugend-kront-die-rta\/#primaryimage"},"thumbnailUrl":"https:\/\/schoenstatt.com\/wp-content\/uploads\/2023\/08\/Coroa-RTA-JF-Internacional-5-1.jpg","articleSection":["Jugend"],"inLanguage":"de"},{"@type":"WebPage","@id":"https:\/\/schoenstatt.com\/de\/internationale-madchenjugend-kront-die-rta\/","url":"https:\/\/schoenstatt.com\/de\/internationale-madchenjugend-kront-die-rta\/","name":"Internationale M\u00e4dchenjugend kr\u00f6nt die RTA - Schoenstatt","isPartOf":{"@id":"https:\/\/schoenstatt.com\/de\/#website"},"primaryImageOfPage":{"@id":"https:\/\/schoenstatt.com\/de\/internationale-madchenjugend-kront-die-rta\/#primaryimage"},"image":{"@id":"https:\/\/schoenstatt.com\/de\/internationale-madchenjugend-kront-die-rta\/#primaryimage"},"thumbnailUrl":"https:\/\/schoenstatt.com\/wp-content\/uploads\/2023\/08\/Coroa-RTA-JF-Internacional-5-1.jpg","datePublished":"2023-08-07T11:11:24+00:00","dateModified":"2025-05-15T17:28:27+00:00","description":"Mit R\u00fchrung und Freude kr\u00f6nte die internationale M\u00e4dchenjugend die Gottesmutter im Urheiligtum, bevor sie zum Weltjugendtag aufbrach.","breadcrumb":{"@id":"https:\/\/schoenstatt.com\/de\/internationale-madchenjugend-kront-die-rta\/#breadcrumb"},"inLanguage":"de","potentialAction":[{"@type":"ReadAction","target":["https:\/\/schoenstatt.com\/de\/internationale-madchenjugend-kront-die-rta\/"]}]},{"@type":"ImageObject","inLanguage":"de","@id":"https:\/\/schoenstatt.com\/de\/internationale-madchenjugend-kront-die-rta\/#primaryimage","url":"https:\/\/schoenstatt.com\/wp-content\/uploads\/2023\/08\/Coroa-RTA-JF-Internacional-5-1.jpg","contentUrl":"https:\/\/schoenstatt.com\/wp-content\/uploads\/2023\/08\/Coroa-RTA-JF-Internacional-5-1.jpg","width":1536,"height":968},{"@type":"BreadcrumbList","@id":"https:\/\/schoenstatt.com\/de\/internationale-madchenjugend-kront-die-rta\/#breadcrumb","itemListElement":[{"@type":"ListItem","position":1,"name":"Portada","item":"https:\/\/schoenstatt.com\/de\/home\/"},{"@type":"ListItem","position":2,"name":"Internationale M\u00e4dchenjugend kr\u00f6nt die RTA"}]},{"@type":"WebSite","@id":"https:\/\/schoenstatt.com\/de\/#website","url":"https:\/\/schoenstatt.com\/de\/","name":"Schoenstatt","description":"Apostolic Movement","publisher":{"@id":"https:\/\/schoenstatt.com\/de\/#organization"},"potentialAction":[{"@type":"SearchAction","target":{"@type":"EntryPoint","urlTemplate":"https:\/\/schoenstatt.com\/de\/?s={search_term_string}"},"query-input":{"@type":"PropertyValueSpecification","valueRequired":true,"valueName":"search_term_string"}}],"inLanguage":"de"},{"@type":"Organization","@id":"https:\/\/schoenstatt.com\/de\/#organization","name":"Schoenstatt","url":"https:\/\/schoenstatt.com\/de\/","logo":{"@type":"ImageObject","inLanguage":"de","@id":"https:\/\/schoenstatt.com\/de\/#\/schema\/logo\/image\/","url":"https:\/\/schoenstatt.com\/wp-content\/uploads\/2025\/04\/logo-schoenstatt-white-696x696-1.png","contentUrl":"https:\/\/schoenstatt.com\/wp-content\/uploads\/2025\/04\/logo-schoenstatt-white-696x696-1.png","width":696,"height":694,"caption":"Schoenstatt"},"image":{"@id":"https:\/\/schoenstatt.com\/de\/#\/schema\/logo\/image\/"}},{"@type":"Person","@id":"https:\/\/schoenstatt.com\/de\/#\/schema\/person\/5158877ad4acae98b34daaeef2a1ce6e","name":"Karen Bueno","image":{"@type":"ImageObject","inLanguage":"de","@id":"https:\/\/secure.gravatar.com\/avatar\/f9f4b823873154269d2b2130f195f6d41037dd0d7fc5f3cacb5c846bae70d66b?s=96&d=mm&r=g","url":"https:\/\/secure.gravatar.com\/avatar\/f9f4b823873154269d2b2130f195f6d41037dd0d7fc5f3cacb5c846bae70d66b?s=96&d=mm&r=g","contentUrl":"https:\/\/secure.gravatar.com\/avatar\/f9f4b823873154269d2b2130f195f6d41037dd0d7fc5f3cacb5c846bae70d66b?s=96&d=mm&r=g","caption":"Karen Bueno"},"url":"https:\/\/schoenstatt.com\/de\/author\/karen-bueno\/"}]}},"_links":{"self":[{"href":"https:\/\/schoenstatt.com\/de\/wp-json\/wp\/v2\/posts\/49068","targetHints":{"allow":["GET"]}}],"collection":[{"href":"https:\/\/schoenstatt.com\/de\/wp-json\/wp\/v2\/posts"}],"about":[{"href":"https:\/\/schoenstatt.com\/de\/wp-json\/wp\/v2\/types\/post"}],"author":[{"embeddable":true,"href":"https:\/\/schoenstatt.com\/de\/wp-json\/wp\/v2\/users\/3"}],"replies":[{"embeddable":true,"href":"https:\/\/schoenstatt.com\/de\/wp-json\/wp\/v2\/comments?post=49068"}],"version-history":[{"count":1,"href":"https:\/\/schoenstatt.com\/de\/wp-json\/wp\/v2\/posts\/49068\/revisions"}],"predecessor-version":[{"id":49090,"href":"https:\/\/schoenstatt.com\/de\/wp-json\/wp\/v2\/posts\/49068\/revisions\/49090"}],"wp:featuredmedia":[{"embeddable":true,"href":"https:\/\/schoenstatt.com\/de\/wp-json\/wp\/v2\/media\/31897"}],"wp:attachment":[{"href":"https:\/\/schoenstatt.com\/de\/wp-json\/wp\/v2\/media?parent=49068"}],"wp:term":[{"taxonomy":"category","embeddable":true,"href":"https:\/\/schoenstatt.com\/de\/wp-json\/wp\/v2\/categories?post=49068"},{"taxonomy":"post_tag","embeddable":true,"href":"https:\/\/schoenstatt.com\/de\/wp-json\/wp\/v2\/tags?post=49068"}],"curies":[{"name":"wp","href":"https:\/\/api.w.org\/{rel}","templated":true}]}}