{"id":48993,"date":"2023-10-18T12:35:55","date_gmt":"2023-10-18T10:35:55","guid":{"rendered":"https:\/\/schoenstattdev.wpenginepowered.com\/?p=33097"},"modified":"2025-05-15T22:33:27","modified_gmt":"2025-05-15T20:33:27","slug":"botschaft-zum-buendnistag-2023","status":"publish","type":"post","link":"https:\/\/schoenstatt.com\/de\/botschaft-zum-buendnistag-2023\/","title":{"rendered":"Botschaft zum B\u00fcndnistag 2023"},"content":{"rendered":"<p><strong>Verfolgen Sie die Botschaft im Video und gleich darunter im Text:<\/strong><\/p>\n<p><iframe title=\"Saludo de Alianza del P. Alexandre Awi Mello | Covenant Day Greeting from Fr. Alexandre Awi Mello\" width=\"800\" height=\"450\" src=\"https:\/\/www.youtube.com\/embed\/pNK_ivly1fQ?feature=oembed\" frameborder=\"0\" allow=\"accelerometer; autoplay; clipboard-write; encrypted-media; gyroscope; picture-in-picture; web-share\" referrerpolicy=\"strict-origin-when-cross-origin\" allowfullscreen><\/iframe><\/p>\n<p><em>*Untertitel auf Deutsch im Video verf\u00fcgbar<\/em><\/p>\n<p>Wir sind hier im Urheiligtum, dem <a href=\"https:\/\/schoenstattdev.wpenginepowered.com\/de\/about\/spiritualitaet\/das-liebesbuendnis\/\">Ort des Liebesb\u00fcndnisses<\/a>, dem Ort, an dem am 18. Oktober 1914 eine Geschichte der Verwandlung junger Herzen und der Verwandlung der Gesellschaft begann.<\/p>\n<p>Wir glauben an die Kraft dieses B\u00fcndnisses, besonders heute. Vor allem in einer Zeit, die leider immer wieder von Kriegen gepr\u00e4gt ist. Kriege \u00fcberall, Mangel an Sicherheit. Kriege auch in unserem eigenen Land, in unseren eigenen St\u00e4dten, Kriege in unseren eigenen Herzen.<\/p>\n<p>Aber es ist auch eine Zeit, in der die Kirche mit Hoffnung in die Zukunft blickt. Es ist die Zeit der Synode. Wir glauben, dass wir in der Tat aufgerufen sind, diese B\u00fcndniskultur gemeinsam zu bauen, im B\u00fcndnis, das f\u00fcr uns, die Sch\u00f6nstattfamilie, aber auch f\u00fcr die ganze Welt und f\u00fcr jede Gesellschaft gilt. Gemeinsam eine bessere Kirche und eine bessere Welt zu schaffen. Das ist es, was der Papst erwartet, die Teilnahme aller an der Synode und an der Umgestaltung der Kirche und unserer Herzen.<\/p>\n<p><a href=\"https:\/\/urheiligtum.de\/PT\/10-Servico\/99-Webcam.php\" target=\"_blank\" rel=\"noopener\">Lassen Sie uns also das Liebesb\u00fcndnis hier in unserem Heiligtum erneuern<\/a>. Bringen wir uns ein in unser <a href=\"https:\/\/schoenstattdev.wpenginepowered.com\/de\/about\/spiritualitaet\/gnadenkapital\/\">Gnadenkapital<\/a>, in unsere Mitwirkung, schenken wir Maria all unsere Anliegen, aber auch all unsere Bem\u00fchungen, diese Welt zu verbessern.<\/p>\n<p>In Zeiten der Synode, in Zeiten des Krieges, in Zeiten des Kampfes um das Leben, um jedes Leben, wollen wir unser Liebesb\u00fcndnis noch einmal erneuern.<\/p>\n<p>M\u00f6gen wir alle vom Urheiligtum aus gesegnet werden!<\/p>\n<p>Im Namen des Vaters, des Sohnes und des Heiligen Geistes. Amen.<\/p>\n","protected":false},"excerpt":{"rendered":"<p>Am 18. Oktober 2023 hinterl\u00e4sst Pater Alexandre Awi Mello, Vorsitzender des  Generalpr\u00e4sidiums der Internationalen Sch\u00f6nstatt-Bewegung, seine Botschaft an die ganze Familie in einer Zeit der Herausforderungen, aber auch der gro\u00dfen Hoffnung.<\/p>\n","protected":false},"author":3,"featured_media":33092,"comment_status":"closed","ping_status":"closed","sticky":false,"template":"","format":"standard","meta":{"footnotes":""},"categories":[914,899],"tags":[],"class_list":["post-48993","post","type-post","status-publish","format-standard","has-post-thumbnail","hentry","category-spiritualitat-de","category-urheiligtum-de"],"yoast_head":"<!-- This site is optimized with the Yoast SEO Premium plugin v27.4 (Yoast SEO v27.4) - https:\/\/yoast.com\/product\/yoast-seo-premium-wordpress\/ -->\n<title>Botschaft zum B\u00fcndnistag 2023 - Schoenstatt<\/title>\n<meta name=\"description\" content=\"Die Botschaft von Pater Alexandre Awi Mello zum B\u00fcndnistag 2023: Wir glauben an die Kraft dieses B\u00fcndnisses!\" \/>\n<meta name=\"robots\" content=\"index, follow, max-snippet:-1, max-image-preview:large, max-video-preview:-1\" \/>\n<link rel=\"canonical\" href=\"https:\/\/schoenstatt.com\/de\/botschaft-zum-buendnistag-2023\/\" \/>\n<meta property=\"og:locale\" content=\"de_DE\" \/>\n<meta property=\"og:type\" content=\"article\" \/>\n<meta property=\"og:title\" content=\"Botschaft zum B\u00fcndnistag 2023\" \/>\n<meta property=\"og:description\" content=\"Die Botschaft von Pater Alexandre Awi Mello zum B\u00fcndnistag 2023: Wir glauben an die Kraft dieses B\u00fcndnisses!\" \/>\n<meta property=\"og:url\" content=\"https:\/\/schoenstatt.com\/de\/botschaft-zum-buendnistag-2023\/\" \/>\n<meta property=\"og:site_name\" content=\"Schoenstatt\" \/>\n<meta property=\"article:published_time\" content=\"2023-10-18T10:35:55+00:00\" \/>\n<meta property=\"article:modified_time\" content=\"2025-05-15T20:33:27+00:00\" \/>\n<meta property=\"og:image\" content=\"https:\/\/schoenstatt.com\/wp-content\/uploads\/2023\/10\/santuario-original-urheiligtum-shrine-schoenstatt-1.jpg\" \/>\n\t<meta property=\"og:image:width\" content=\"2048\" \/>\n\t<meta property=\"og:image:height\" content=\"1389\" \/>\n\t<meta property=\"og:image:type\" content=\"image\/jpeg\" \/>\n<meta name=\"author\" content=\"Karen Bueno\" \/>\n<meta name=\"twitter:card\" content=\"summary_large_image\" \/>\n<meta name=\"twitter:label1\" content=\"Verfasst von\" \/>\n\t<meta name=\"twitter:data1\" content=\"Karen Bueno\" \/>\n\t<meta name=\"twitter:label2\" content=\"Gesch\u00e4tzte Lesezeit\" \/>\n\t<meta name=\"twitter:data2\" content=\"2\u00a0Minuten\" \/>\n<script type=\"application\/ld+json\" class=\"yoast-schema-graph\">{\"@context\":\"https:\\\/\\\/schema.org\",\"@graph\":[{\"@type\":\"Article\",\"@id\":\"https:\\\/\\\/schoenstatt.com\\\/de\\\/botschaft-zum-buendnistag-2023\\\/#article\",\"isPartOf\":{\"@id\":\"https:\\\/\\\/schoenstatt.com\\\/de\\\/botschaft-zum-buendnistag-2023\\\/\"},\"author\":{\"name\":\"Karen Bueno\",\"@id\":\"https:\\\/\\\/schoenstatt.com\\\/de\\\/#\\\/schema\\\/person\\\/5158877ad4acae98b34daaeef2a1ce6e\"},\"headline\":\"Botschaft zum B\u00fcndnistag 2023\",\"datePublished\":\"2023-10-18T10:35:55+00:00\",\"dateModified\":\"2025-05-15T20:33:27+00:00\",\"mainEntityOfPage\":{\"@id\":\"https:\\\/\\\/schoenstatt.com\\\/de\\\/botschaft-zum-buendnistag-2023\\\/\"},\"wordCount\":280,\"publisher\":{\"@id\":\"https:\\\/\\\/schoenstatt.com\\\/de\\\/#organization\"},\"image\":{\"@id\":\"https:\\\/\\\/schoenstatt.com\\\/de\\\/botschaft-zum-buendnistag-2023\\\/#primaryimage\"},\"thumbnailUrl\":\"https:\\\/\\\/schoenstatt.com\\\/wp-content\\\/uploads\\\/2023\\\/10\\\/santuario-original-urheiligtum-shrine-schoenstatt-1.jpg\",\"articleSection\":[\"Spiritualit\u00e4t\",\"Urheiligtum\"],\"inLanguage\":\"de\"},{\"@type\":\"WebPage\",\"@id\":\"https:\\\/\\\/schoenstatt.com\\\/de\\\/botschaft-zum-buendnistag-2023\\\/\",\"url\":\"https:\\\/\\\/schoenstatt.com\\\/de\\\/botschaft-zum-buendnistag-2023\\\/\",\"name\":\"Botschaft zum B\u00fcndnistag 2023 - Schoenstatt\",\"isPartOf\":{\"@id\":\"https:\\\/\\\/schoenstatt.com\\\/de\\\/#website\"},\"primaryImageOfPage\":{\"@id\":\"https:\\\/\\\/schoenstatt.com\\\/de\\\/botschaft-zum-buendnistag-2023\\\/#primaryimage\"},\"image\":{\"@id\":\"https:\\\/\\\/schoenstatt.com\\\/de\\\/botschaft-zum-buendnistag-2023\\\/#primaryimage\"},\"thumbnailUrl\":\"https:\\\/\\\/schoenstatt.com\\\/wp-content\\\/uploads\\\/2023\\\/10\\\/santuario-original-urheiligtum-shrine-schoenstatt-1.jpg\",\"datePublished\":\"2023-10-18T10:35:55+00:00\",\"dateModified\":\"2025-05-15T20:33:27+00:00\",\"description\":\"Die Botschaft von Pater Alexandre Awi Mello zum B\u00fcndnistag 2023: Wir glauben an die Kraft dieses B\u00fcndnisses!\",\"breadcrumb\":{\"@id\":\"https:\\\/\\\/schoenstatt.com\\\/de\\\/botschaft-zum-buendnistag-2023\\\/#breadcrumb\"},\"inLanguage\":\"de\",\"potentialAction\":[{\"@type\":\"ReadAction\",\"target\":[\"https:\\\/\\\/schoenstatt.com\\\/de\\\/botschaft-zum-buendnistag-2023\\\/\"]}]},{\"@type\":\"ImageObject\",\"inLanguage\":\"de\",\"@id\":\"https:\\\/\\\/schoenstatt.com\\\/de\\\/botschaft-zum-buendnistag-2023\\\/#primaryimage\",\"url\":\"https:\\\/\\\/schoenstatt.com\\\/wp-content\\\/uploads\\\/2023\\\/10\\\/santuario-original-urheiligtum-shrine-schoenstatt-1.jpg\",\"contentUrl\":\"https:\\\/\\\/schoenstatt.com\\\/wp-content\\\/uploads\\\/2023\\\/10\\\/santuario-original-urheiligtum-shrine-schoenstatt-1.jpg\",\"width\":2048,\"height\":1389},{\"@type\":\"BreadcrumbList\",\"@id\":\"https:\\\/\\\/schoenstatt.com\\\/de\\\/botschaft-zum-buendnistag-2023\\\/#breadcrumb\",\"itemListElement\":[{\"@type\":\"ListItem\",\"position\":1,\"name\":\"Portada\",\"item\":\"https:\\\/\\\/schoenstatt.com\\\/de\\\/home\\\/\"},{\"@type\":\"ListItem\",\"position\":2,\"name\":\"Botschaft zum B\u00fcndnistag 2023\"}]},{\"@type\":\"WebSite\",\"@id\":\"https:\\\/\\\/schoenstatt.com\\\/de\\\/#website\",\"url\":\"https:\\\/\\\/schoenstatt.com\\\/de\\\/\",\"name\":\"Schoenstatt\",\"description\":\"Apostolic Movement\",\"publisher\":{\"@id\":\"https:\\\/\\\/schoenstatt.com\\\/de\\\/#organization\"},\"potentialAction\":[{\"@type\":\"SearchAction\",\"target\":{\"@type\":\"EntryPoint\",\"urlTemplate\":\"https:\\\/\\\/schoenstatt.com\\\/de\\\/?s={search_term_string}\"},\"query-input\":{\"@type\":\"PropertyValueSpecification\",\"valueRequired\":true,\"valueName\":\"search_term_string\"}}],\"inLanguage\":\"de\"},{\"@type\":\"Organization\",\"@id\":\"https:\\\/\\\/schoenstatt.com\\\/de\\\/#organization\",\"name\":\"Schoenstatt\",\"url\":\"https:\\\/\\\/schoenstatt.com\\\/de\\\/\",\"logo\":{\"@type\":\"ImageObject\",\"inLanguage\":\"de\",\"@id\":\"https:\\\/\\\/schoenstatt.com\\\/de\\\/#\\\/schema\\\/logo\\\/image\\\/\",\"url\":\"https:\\\/\\\/schoenstatt.com\\\/wp-content\\\/uploads\\\/2025\\\/04\\\/logo-schoenstatt-white-696x696-1.png\",\"contentUrl\":\"https:\\\/\\\/schoenstatt.com\\\/wp-content\\\/uploads\\\/2025\\\/04\\\/logo-schoenstatt-white-696x696-1.png\",\"width\":696,\"height\":694,\"caption\":\"Schoenstatt\"},\"image\":{\"@id\":\"https:\\\/\\\/schoenstatt.com\\\/de\\\/#\\\/schema\\\/logo\\\/image\\\/\"}},{\"@type\":\"Person\",\"@id\":\"https:\\\/\\\/schoenstatt.com\\\/de\\\/#\\\/schema\\\/person\\\/5158877ad4acae98b34daaeef2a1ce6e\",\"name\":\"Karen Bueno\",\"image\":{\"@type\":\"ImageObject\",\"inLanguage\":\"de\",\"@id\":\"https:\\\/\\\/secure.gravatar.com\\\/avatar\\\/f9f4b823873154269d2b2130f195f6d41037dd0d7fc5f3cacb5c846bae70d66b?s=96&d=mm&r=g\",\"url\":\"https:\\\/\\\/secure.gravatar.com\\\/avatar\\\/f9f4b823873154269d2b2130f195f6d41037dd0d7fc5f3cacb5c846bae70d66b?s=96&d=mm&r=g\",\"contentUrl\":\"https:\\\/\\\/secure.gravatar.com\\\/avatar\\\/f9f4b823873154269d2b2130f195f6d41037dd0d7fc5f3cacb5c846bae70d66b?s=96&d=mm&r=g\",\"caption\":\"Karen Bueno\"},\"url\":\"https:\\\/\\\/schoenstatt.com\\\/de\\\/author\\\/karen-bueno\\\/\"}]}<\/script>\n<!-- \/ Yoast SEO Premium plugin. -->","yoast_head_json":{"title":"Botschaft zum B\u00fcndnistag 2023 - Schoenstatt","description":"Die Botschaft von Pater Alexandre Awi Mello zum B\u00fcndnistag 2023: Wir glauben an die Kraft dieses B\u00fcndnisses!","robots":{"index":"index","follow":"follow","max-snippet":"max-snippet:-1","max-image-preview":"max-image-preview:large","max-video-preview":"max-video-preview:-1"},"canonical":"https:\/\/schoenstatt.com\/de\/botschaft-zum-buendnistag-2023\/","og_locale":"de_DE","og_type":"article","og_title":"Botschaft zum B\u00fcndnistag 2023","og_description":"Die Botschaft von Pater Alexandre Awi Mello zum B\u00fcndnistag 2023: Wir glauben an die Kraft dieses B\u00fcndnisses!","og_url":"https:\/\/schoenstatt.com\/de\/botschaft-zum-buendnistag-2023\/","og_site_name":"Schoenstatt","article_published_time":"2023-10-18T10:35:55+00:00","article_modified_time":"2025-05-15T20:33:27+00:00","og_image":[{"width":2048,"height":1389,"url":"https:\/\/schoenstatt.com\/wp-content\/uploads\/2023\/10\/santuario-original-urheiligtum-shrine-schoenstatt-1.jpg","type":"image\/jpeg"}],"author":"Karen Bueno","twitter_card":"summary_large_image","twitter_misc":{"Verfasst von":"Karen Bueno","Gesch\u00e4tzte Lesezeit":"2\u00a0Minuten"},"schema":{"@context":"https:\/\/schema.org","@graph":[{"@type":"Article","@id":"https:\/\/schoenstatt.com\/de\/botschaft-zum-buendnistag-2023\/#article","isPartOf":{"@id":"https:\/\/schoenstatt.com\/de\/botschaft-zum-buendnistag-2023\/"},"author":{"name":"Karen Bueno","@id":"https:\/\/schoenstatt.com\/de\/#\/schema\/person\/5158877ad4acae98b34daaeef2a1ce6e"},"headline":"Botschaft zum B\u00fcndnistag 2023","datePublished":"2023-10-18T10:35:55+00:00","dateModified":"2025-05-15T20:33:27+00:00","mainEntityOfPage":{"@id":"https:\/\/schoenstatt.com\/de\/botschaft-zum-buendnistag-2023\/"},"wordCount":280,"publisher":{"@id":"https:\/\/schoenstatt.com\/de\/#organization"},"image":{"@id":"https:\/\/schoenstatt.com\/de\/botschaft-zum-buendnistag-2023\/#primaryimage"},"thumbnailUrl":"https:\/\/schoenstatt.com\/wp-content\/uploads\/2023\/10\/santuario-original-urheiligtum-shrine-schoenstatt-1.jpg","articleSection":["Spiritualit\u00e4t","Urheiligtum"],"inLanguage":"de"},{"@type":"WebPage","@id":"https:\/\/schoenstatt.com\/de\/botschaft-zum-buendnistag-2023\/","url":"https:\/\/schoenstatt.com\/de\/botschaft-zum-buendnistag-2023\/","name":"Botschaft zum B\u00fcndnistag 2023 - Schoenstatt","isPartOf":{"@id":"https:\/\/schoenstatt.com\/de\/#website"},"primaryImageOfPage":{"@id":"https:\/\/schoenstatt.com\/de\/botschaft-zum-buendnistag-2023\/#primaryimage"},"image":{"@id":"https:\/\/schoenstatt.com\/de\/botschaft-zum-buendnistag-2023\/#primaryimage"},"thumbnailUrl":"https:\/\/schoenstatt.com\/wp-content\/uploads\/2023\/10\/santuario-original-urheiligtum-shrine-schoenstatt-1.jpg","datePublished":"2023-10-18T10:35:55+00:00","dateModified":"2025-05-15T20:33:27+00:00","description":"Die Botschaft von Pater Alexandre Awi Mello zum B\u00fcndnistag 2023: Wir glauben an die Kraft dieses B\u00fcndnisses!","breadcrumb":{"@id":"https:\/\/schoenstatt.com\/de\/botschaft-zum-buendnistag-2023\/#breadcrumb"},"inLanguage":"de","potentialAction":[{"@type":"ReadAction","target":["https:\/\/schoenstatt.com\/de\/botschaft-zum-buendnistag-2023\/"]}]},{"@type":"ImageObject","inLanguage":"de","@id":"https:\/\/schoenstatt.com\/de\/botschaft-zum-buendnistag-2023\/#primaryimage","url":"https:\/\/schoenstatt.com\/wp-content\/uploads\/2023\/10\/santuario-original-urheiligtum-shrine-schoenstatt-1.jpg","contentUrl":"https:\/\/schoenstatt.com\/wp-content\/uploads\/2023\/10\/santuario-original-urheiligtum-shrine-schoenstatt-1.jpg","width":2048,"height":1389},{"@type":"BreadcrumbList","@id":"https:\/\/schoenstatt.com\/de\/botschaft-zum-buendnistag-2023\/#breadcrumb","itemListElement":[{"@type":"ListItem","position":1,"name":"Portada","item":"https:\/\/schoenstatt.com\/de\/home\/"},{"@type":"ListItem","position":2,"name":"Botschaft zum B\u00fcndnistag 2023"}]},{"@type":"WebSite","@id":"https:\/\/schoenstatt.com\/de\/#website","url":"https:\/\/schoenstatt.com\/de\/","name":"Schoenstatt","description":"Apostolic Movement","publisher":{"@id":"https:\/\/schoenstatt.com\/de\/#organization"},"potentialAction":[{"@type":"SearchAction","target":{"@type":"EntryPoint","urlTemplate":"https:\/\/schoenstatt.com\/de\/?s={search_term_string}"},"query-input":{"@type":"PropertyValueSpecification","valueRequired":true,"valueName":"search_term_string"}}],"inLanguage":"de"},{"@type":"Organization","@id":"https:\/\/schoenstatt.com\/de\/#organization","name":"Schoenstatt","url":"https:\/\/schoenstatt.com\/de\/","logo":{"@type":"ImageObject","inLanguage":"de","@id":"https:\/\/schoenstatt.com\/de\/#\/schema\/logo\/image\/","url":"https:\/\/schoenstatt.com\/wp-content\/uploads\/2025\/04\/logo-schoenstatt-white-696x696-1.png","contentUrl":"https:\/\/schoenstatt.com\/wp-content\/uploads\/2025\/04\/logo-schoenstatt-white-696x696-1.png","width":696,"height":694,"caption":"Schoenstatt"},"image":{"@id":"https:\/\/schoenstatt.com\/de\/#\/schema\/logo\/image\/"}},{"@type":"Person","@id":"https:\/\/schoenstatt.com\/de\/#\/schema\/person\/5158877ad4acae98b34daaeef2a1ce6e","name":"Karen Bueno","image":{"@type":"ImageObject","inLanguage":"de","@id":"https:\/\/secure.gravatar.com\/avatar\/f9f4b823873154269d2b2130f195f6d41037dd0d7fc5f3cacb5c846bae70d66b?s=96&d=mm&r=g","url":"https:\/\/secure.gravatar.com\/avatar\/f9f4b823873154269d2b2130f195f6d41037dd0d7fc5f3cacb5c846bae70d66b?s=96&d=mm&r=g","contentUrl":"https:\/\/secure.gravatar.com\/avatar\/f9f4b823873154269d2b2130f195f6d41037dd0d7fc5f3cacb5c846bae70d66b?s=96&d=mm&r=g","caption":"Karen Bueno"},"url":"https:\/\/schoenstatt.com\/de\/author\/karen-bueno\/"}]}},"_links":{"self":[{"href":"https:\/\/schoenstatt.com\/de\/wp-json\/wp\/v2\/posts\/48993","targetHints":{"allow":["GET"]}}],"collection":[{"href":"https:\/\/schoenstatt.com\/de\/wp-json\/wp\/v2\/posts"}],"about":[{"href":"https:\/\/schoenstatt.com\/de\/wp-json\/wp\/v2\/types\/post"}],"author":[{"embeddable":true,"href":"https:\/\/schoenstatt.com\/de\/wp-json\/wp\/v2\/users\/3"}],"replies":[{"embeddable":true,"href":"https:\/\/schoenstatt.com\/de\/wp-json\/wp\/v2\/comments?post=48993"}],"version-history":[{"count":1,"href":"https:\/\/schoenstatt.com\/de\/wp-json\/wp\/v2\/posts\/48993\/revisions"}],"predecessor-version":[{"id":49046,"href":"https:\/\/schoenstatt.com\/de\/wp-json\/wp\/v2\/posts\/48993\/revisions\/49046"}],"wp:featuredmedia":[{"embeddable":true,"href":"https:\/\/schoenstatt.com\/de\/wp-json\/wp\/v2\/media\/33092"}],"wp:attachment":[{"href":"https:\/\/schoenstatt.com\/de\/wp-json\/wp\/v2\/media?parent=48993"}],"wp:term":[{"taxonomy":"category","embeddable":true,"href":"https:\/\/schoenstatt.com\/de\/wp-json\/wp\/v2\/categories?post=48993"},{"taxonomy":"post_tag","embeddable":true,"href":"https:\/\/schoenstatt.com\/de\/wp-json\/wp\/v2\/tags?post=48993"}],"curies":[{"name":"wp","href":"https:\/\/api.w.org\/{rel}","templated":true}]}}