{"id":48990,"date":"2023-10-16T06:49:07","date_gmt":"2023-10-16T04:49:07","guid":{"rendered":"https:\/\/schoenstattdev.wpenginepowered.com\/?p=30142"},"modified":"2025-05-15T22:38:25","modified_gmt":"2025-05-15T20:38:25","slug":"ein-wichtiger-schritt-fuer-das-internationale-schoenstatt","status":"publish","type":"post","link":"https:\/\/schoenstatt.com\/de\/ein-wichtiger-schritt-fuer-das-internationale-schoenstatt\/","title":{"rendered":"Ein wichtiger Schritt f\u00fcr das internationale Sch\u00f6nstatt"},"content":{"rendered":"<h3>Dachau \u2013 Nueva Helvecia<\/h3>\n<p>Bei seinen ersten Besuchen in S\u00fcdamerika, besonders in Nueva Helvecia, erz\u00e4hlte Pater Kentenich, nachdem er mit Erstaunen die \u00c4hnlichkeit des neu gebauten Heiligtums mit dem urspr\u00fcnglichen betrachtet hatte, was im Konzentrationslager Dachau parallel zum Bau des ersten Filialheiligtums geschah. Priester aus verschiedenen Nationen wurden dort inhaftiert: Franzosen, Polen, Holl\u00e4nder, Belgier, Tschechen, usw. Sie kamen in Kontakt mit ebenfalls dort eingesperrten Sch\u00f6nst\u00e4ttern und dem Gr\u00fcnder. Die Welt Sch\u00f6nstatts \u00f6ffnete sich sozusagen f\u00fcr alle, die daran interessiert waren. Viele lie\u00dfen sich begeistern.<\/p>\n<p>Aber es gab trotzdem ein un\u00fcberwindbares Hindernis: Es handelte sich um eine Bewegung, die ihren Ursprung in Deutschland hatte, dem Land, das sie von ihrer Heimat getrennt hatte, das sie ohne triftigen Grund in beklagenswerte Situationen gebracht hatte. Wie konnten sie sich einer Bewegung anschlie\u00dfen, deren Lebensquelle eine kleine Kapelle war, die sich in eben diesem Land befand, das ihnen so feindlich gesinnt war?<\/p>\n<p>Ein Franzose glaubte die L\u00f6sung gefunden zu haben, indem er sagte: \u201eSch\u00f6nstatt liegt nicht in Deutschland, sondern in der Welt.\u201c Aber diese abstrakte Wahrheit hat die anderen noch nicht \u00fcberzeugt.<\/p>\n<p>Doch dann erfuhren sie durch einen Bericht aus Uruguay, der in der Schweiz verbreitet wurde und schlie\u00dflich heimlich auch in Dachau ankam, was in Nueva Helvecia geschehen war.<\/p>\n<figure id=\"attachment_29920\" aria-describedby=\"caption-attachment-29920\" style=\"width: 917px\" class=\"wp-caption aligncenter\"><img fetchpriority=\"high\" decoding=\"async\" class=\"wp-image-29920 \" src=\"https:\/\/schoenstatt.com\/wp-content\/uploads\/2023\/04\/FOTO-B-2-scaled-1.jpg\" alt=\"Nueva Helvecia, Urubguay\" width=\"917\" height=\"718\" srcset=\"https:\/\/schoenstatt.com\/wp-content\/uploads\/2023\/04\/FOTO-B-2-scaled-1.jpg 2048w, https:\/\/schoenstatt.com\/wp-content\/uploads\/2023\/04\/FOTO-B-2-scaled-1-768x602.jpg 768w, https:\/\/schoenstatt.com\/wp-content\/uploads\/2023\/04\/FOTO-B-2-scaled-1-1536x1203.jpg 1536w\" sizes=\"(max-width: 917px) 100vw, 917px\" \/><figcaption id=\"caption-attachment-29920\" class=\"wp-caption-text\">1. Filialheiligtum in Nueva Helvecia, <a href=\"http:\/\/schoenstatt.org.uy\/\">Uruguay<\/a><\/figcaption><\/figure>\n<p><img decoding=\"async\" class=\"aligncenter wp-image-32787 \" src=\"https:\/\/schoenstatt.com\/wp-content\/uploads\/2023\/04\/kentenich-nueva-helvecia-uruguay-2-1.jpg\" alt=\"\" width=\"907\" height=\"690\" \/><\/p>\n<p>Dieser Bericht beschrieb, wie sich die Menschen immer mehr um das kleine Heiligtum versammelten. Durch diesen Vorgang in Uruquay, so Pater Kentenich, kamen alle Fragen zu einem guten Ende, und Sch\u00f6nstatt schlug Wurzeln in den Herzen dieser Priester.<\/p>\n<p>So kam es, dass diese Priestergruppen 1944 ihr Liebesb\u00fcndnis mit der MTA schlossen. Kentenich formulierte dazu im Oktober 1944, also noch im KZ ein Gebet, in dem es u. a. hei\u00dft:<\/p>\n<blockquote><p>\u201eWir waren damals nur ein kleiner Kreis.<br \/>\nWir wuchsen Jahr f\u00fcr Jahr zu deinem Preis<br \/>\nhinein in andere edle Nationen,<br \/>\ndie enge hier mit uns zusammenwohnen.<br \/>\n(in: Gebetbuch Himmelw\u00e4rts, Nr 543).<\/p><\/blockquote>\n<p>Die M\u00f6glichkeit, ein Filialheiligtum au\u00dferhalb Deutschlands zu bauen, war in der Tat ein Meistergriff, der ein Tor \u00f6ffnete, und die Gnaden des Heiligtums in die ganze Welt flie\u00dfen lie\u00df.<\/p>\n<h3>Einheit in der Vielfalt<\/h3>\n<p>Eines der Lieblingsthemen von Papst Franziskus ist die Begegnung zwischen Menschen inmitten von Spannungen, die Einheit in der Vielfalt, die Ber\u00fccksichtigung jeder Kultur, jeder menschlichen Gruppe. Die Kirche, die in die ganze Welt gesandt ist, um Zeugnis zu geben, um eine universale Br\u00fcderlichkeit zu \u201es\u00e4en&#8220;, respektiert und f\u00f6rdert die Kultur der einzelnen V\u00f6lker mit ihren vielen Reicht\u00fcmern.\u201c (vgl Generalaudienz, Papst Franziskus, 13.10.21).<\/p>\n<p>Wer hat nicht schon einmal die je eigene Atmosph\u00e4re, den eigenen \u201eGeschmack\u201c eines Heiligtums erlebt? Und vielleicht waren wir erstaunt, kleine Details zu entdecken, welche die Eigenart und die Sendung des betreffenden Heiligtums unterstreichen. So bekommt die gleiche kleine Kapelle, die wir \u00fcberall auf der Welt finden, eine originelle Note. Dies sind die Reicht\u00fcmer, die jede Kultur einbringt und auf ihre Weise ausdr\u00fcckt.<\/p>\n<p>Gleichzeitig erleben wir aber auch ein besonderes Gef\u00fchl von Heimat, auch wenn wir an einem unbekannten oder fernen Ort ein Heiligtum betreten. Wir f\u00fchlen uns wie zu Hause angekommen! In uns wird alles ruhig. Wir f\u00fchlen uns wohl.<\/p>\n<p>Vor Jahren wurde mir eine sehr anschauliche Anekdote erz\u00e4hlt. Eine chilenische Familie mit kleinen Kindern reiste nach Deutschland. Sie sprachen kein Deutsch und hatten auch keine Bekannten, die sie aufnehmen konnten. Da sie zur Sch\u00f6nstattfamilie geh\u00f6rten, besuchten sie auch das Urheiligtum. Kaum waren sie eingetreten, ert\u00f6nte die freudige Stimme des j\u00fcngsten, etwa dreij\u00e4hrigen Kindes: \u201eMama, Chile!\u201c, w\u00e4hrend es auf das MTA-Bild zeigte.<\/p>\n<p>Das M\u00e4dchen kannte diesen Raum, kannte dieses Bild und f\u00fchlte sich nicht mehr in der Fremde, sondern in seiner Heimat, sicher und beh\u00fctet \u2013eben zu Hause.<\/p>\n<p>Es ist die Erfahrung der Geborgenheit, die jeder Mensch so sehr braucht, wo immer er auch ist.<\/p>\n<p>Ein Filialheiligtum birgt in sich die Treue zum Ursprung, zum urspr\u00fcnglichen Charisma, das wir mit allen Mitgliedern der gro\u00dfen Sch\u00f6nstattfamilie teilen. Und noch mehr st\u00e4rkt es gleichzeitig die Kraft jedes Einzelnen, der sich mit seinem Glauben und Leben einbringt und den ganzen Lebensstrom vom Heiligtum aus bereichert.<\/p>\n<h3>Das Geheimnis des Gnadenstroms<\/h3>\n<p>Als die ersten Missionsschwestern \u00fcber die M\u00f6glichkeit nachdachten, das Heiligtum zu bauen, tauchte eine neue Fragestellung auf, die es bisher nicht gab: Wie ist das mit dem inneren Bau, den sogenannten \u201eBeitr\u00e4gen zum Gnadenkapital\u201c, f\u00fcr das erste Filialheiligtum zu sehen?\u00a0 Sie tauschten sich lange dar\u00fcber aus. Schlie\u00dflich dr\u00fcckten sie es so aus: Der Gnadenstrom des Urheiligtums flie\u00dft zum Filialheiligtum und durch unsere geistlichen \u201eBeitr\u00e4ge zum Gnadenkapital\u201c, die wir hier in Nueva Helvecia der Gottesmutter bringen, kehrt er bereichert zur Quelle zur\u00fcck, zum Kapellchen im Sch\u00f6nstatt-Tal.<\/p>\n<p>Es ist interessant, dass der Gr\u00fcnder selbst dies bei seiner Ankunft best\u00e4tigte und es sp\u00e4ter so ausdr\u00fcckte:<\/p>\n<p>\u201eWo immer ein Filialheiligtum entsteht, bricht der Strom (Anmk:. des Urheiligtums) mit Urgewalt hervor, um von dort aus seine Wasser auszugie\u00dfen, die Heil und Segen in die weiteste Umgebung tragen, aber gleichzeitig neue Str\u00f6me und Fl\u00fcsse sammeln, so wie sie durch die dort geschlossenen Liebesb\u00fcndnisse zu ihm kommen. Str\u00f6me und Fl\u00fcsse, die er mitnimmt, um sie schlie\u00dflich wieder zum Urheiligtum zu f\u00fchren&#8220; (Chroniknotizen 1955).<\/p>\n<blockquote><p><img decoding=\"async\" class=\"wp-image-32791\" src=\"https:\/\/schoenstatt.com\/wp-content\/uploads\/2023\/04\/kentenich-nueva-helvecia-uruguay-scaled-1.jpg\" alt=\"\" width=\"875\" height=\"894\" \/><\/p>\n<p>&#8222;Das ganze Werk, das entstanden ist, ist ebenso dein Werk wie meines&#8220; (Pater Kentenich 11.08.1935)<\/p><\/blockquote>\n<p>Es war immer der Stolz unseres Gr\u00fcnders, dass er nichts ohne seine Gefolgschaft tat.<\/p>\n<p>Was w\u00e4re Sch\u00f6nstatt ohne den Mariengarten, ohne die Rosenkranz Kampagne der pilgernden Gottesmutter, ohne so viele edle Initiativen, die aus den Herzen der Sch\u00f6nst\u00e4tter kommen?<\/p>\n<p>Genau so ist es bei den Filialheiligt\u00fcmern. Sie sind aus dem Leben entstanden; die Notwendigkeit hat sie ertr\u00e4umt und geschaffen; und deshalb haben wir sie.<\/p>\n<p>Wenn wir uns heute das Netz von Heiligt\u00fcmern in der ganzen Welt ansehen, scheint uns das ganz normal zu sein, das es sie gibt. Im Jahr 1943 war das nicht so. Die Unterscheidung war schwer. Der Heilige Geist schenkte sein Licht, und so wagten die ersten Missionsschwestern den Bau, ohne Sch\u00f6nstatt oder den Gr\u00fcnder zu Rate ziehen zu k\u00f6nnen.<\/p>\n<p>Und wegen der Bedeutung dieses Schrittes, der einer \u201ekopernikanische Wende\u201c glich, bekr\u00e4ftigte Pater Kentenich sp\u00e4ter:<\/p>\n<p>\u201eNeben dem 20. Januar 1942 gibt es kein Ereignis, das die j\u00fcngste Geschichte der Familie so stark beeinflusst hat wie die Idee und der Bau der Filialheiligt\u00fcmer (&#8230;) Sie sollten St\u00fctzpunkte f\u00fcr das Reich der Dreimal Wunderbaren Mutter werden, von denen aus sie als K\u00f6nigin der Welt ihre Netze auswerfen und ihre Sendung als Erzieherin erf\u00fcllen konnte&#8220; (Das Geheimnis der Lebenskraft Sch\u00f6nstatts, Mai 1952).<\/p>\n<p><strong>Bei der Feier seines 25-j\u00e4hrigen Priesterweihetages sagte Pater Kentenich zu den Anwesenden:<\/strong><\/p>\n<blockquote><p>\u201eIch bitte jeden von euch, mit Aufrichtigkeit und Demut \u00fcber das nachzudenken, was in der Familie dank eures Herzblutes entstanden ist.\u201c<\/p><\/blockquote>\n<p>Krug im Heiligtum gegeben, und sind wir nicht in gewisser Weise f\u00fcr das Wachstum des Werkes verantwortlich?<\/p>\n<p>Und wenn wir glauben, unser pers\u00f6nlicher Beitrag sei nicht der Rede wert, so kann uns das folgende Wort ermutigen, das Pater Kentenich an diesem Tag hinzugef\u00fcgt hat:<\/p>\n<blockquote><p>\u201eIn der Ewigkeit werden wir wissen, wie die kleinsten und bescheidensten Seelen unserer Familie sie bereichert haben; ohne euer heldenhaftes Leben des Opfers und des Gebets k\u00f6nnten wir uns die Familie und ihren Geist nicht so vorstellen, wie sie heute ist. Ja, nichts ohne euch! (&#8230;) Ich habe mit Hilfe der Menschen gebaut, wie ein Baumeister. Wenn ich merkte, dass sich etwas Gesundes entwickelte, zog ich mich ganz zur\u00fcck und dachte, dass diese Initiative auch ohne mich wachsen w\u00fcrde&#8220; (11.08.1935).<\/p><\/blockquote>\n<p><em>Ja, wirklich: nichts ohne dich, Mutter, nichts ohne uns. Nur im B\u00fcndnis kann das Werk voranschreiten und wachsen.<\/em><\/p>\n<h3>Bis an die Enden der Welt<\/h3>\n<p>La gracia del env\u00edo apost\u00f3lico del Santuario Original nos trajo los <a href=\"https:\/\/schoenstattdev.wpenginepowered.com\/es\/comunidades-de-schoenstatt\/80-anos-del-primer-santuario-filial\/\">Santuarios Filiales<\/a>.<\/p>\n<p>Die Gnade des Urheiligtums beinhaltet die apostolische Sendung und brachte uns als gute Frucht die Filialheiligt\u00fcmer.<\/p>\n<p>Es ist dieselbe Gnade, die uns auch heute antreibt, im Liebesb\u00fcndnis mit der Gottesmutter von Sch\u00f6nstatt alles einzusetzen. Gott will dem Leben der Menschen nahe sein, ihren Weg begleiten. Er will ihre Tr\u00e4nen trocknen durch die Gegenwart seiner Mutter, die nicht m\u00fcde wird, ihre Kinder zu suchen und zu tr\u00f6sten.<\/p>\n<p>Mit einem weltweiten Netz von Filialheiligt\u00fcmern geht Sch\u00f6nstatt in die Zukunft, hinein in die W\u00fcste der heutigen Zeit. Sie gleichen Leuchtt\u00fcrmen und Hauptst\u00e4dten der Neuevangelisierung. Sie sind verankert im Mutterland des urspr\u00fcnglichen Sch\u00f6nstatt, und garantieren gleichzeitig eine Internationalit\u00e4t und kulturelle Vielfalt, in der niemand ausgeschlossen ist, sondern die uns alle bereichert.<\/p>\n<p><img loading=\"lazy\" decoding=\"async\" class=\"aligncenter wp-image-29993 size-full\" src=\"https:\/\/schoenstatt.com\/wp-content\/uploads\/2023\/04\/Original-Shrine-with-flags-1-1.jpg\" alt=\"Schoenstatt Urheiligtum\" width=\"2048\" height=\"1362\" srcset=\"https:\/\/schoenstatt.com\/wp-content\/uploads\/2023\/04\/Original-Shrine-with-flags-1-1.jpg 2048w, https:\/\/schoenstatt.com\/wp-content\/uploads\/2023\/04\/Original-Shrine-with-flags-1-1-768x511.jpg 768w, https:\/\/schoenstatt.com\/wp-content\/uploads\/2023\/04\/Original-Shrine-with-flags-1-1-1536x1022.jpg 1536w\" sizes=\"(max-width: 2048px) 100vw, 2048px\" \/><\/p>\n<p>Lesen Sie auch: <a href=\"https:\/\/schoenstattdev.wpenginepowered.com\/de\/schoenstatt-gemeinschaften\/80-jahre-erstes-filialheiligtum-nueva-helvecia\/\">80 Jahre erstes Filialheiligtum: Nueva Helvecia<\/a><\/p>\n","protected":false},"excerpt":{"rendered":"<p>80 Jahre erstes Filialheiligtum &#8211; Das Heiligtum von Nueva Helvecia leitet eine Entwicklung ein, die einen Strom von Filialheiligt\u00fcmern nach sich zieht, die seitdem Jahr f\u00fcr Jahr auf allen f\u00fcnf Kontinenten nachgebildet werden.<\/p>\n","protected":false},"author":6,"featured_media":29979,"comment_status":"closed","ping_status":"closed","sticky":false,"template":"","format":"standard","meta":{"footnotes":""},"categories":[678,660],"tags":[],"class_list":["post-48990","post","type-post","status-publish","format-standard","has-post-thumbnail","hentry","category-lander-de","category-veranstaltungen-de"],"yoast_head":"<!-- This site is optimized with the Yoast SEO Premium plugin v27.4 (Yoast SEO v27.5) - https:\/\/yoast.com\/product\/yoast-seo-premium-wordpress\/ -->\n<title>Ein wichtiger Schritt f\u00fcr das internationale Sch\u00f6nstatt<\/title>\n<meta name=\"description\" content=\"Das Heiligtum von Nueva Helvecia leitet eine Entwicklung ein, die einen Strom von Filialheiligt\u00fcmern nach sich zieht.\" \/>\n<meta name=\"robots\" content=\"index, follow, max-snippet:-1, max-image-preview:large, max-video-preview:-1\" \/>\n<link rel=\"canonical\" href=\"https:\/\/schoenstatt.com\/de\/ein-wichtiger-schritt-fuer-das-internationale-schoenstatt\/\" \/>\n<meta property=\"og:locale\" content=\"de_DE\" \/>\n<meta property=\"og:type\" content=\"article\" \/>\n<meta property=\"og:title\" content=\"Ein wichtiger Schritt f\u00fcr das internationale Sch\u00f6nstatt\" \/>\n<meta property=\"og:description\" content=\"Das Heiligtum von Nueva Helvecia leitet eine Entwicklung ein, die einen Strom von Filialheiligt\u00fcmern nach sich zieht.\" \/>\n<meta property=\"og:url\" content=\"https:\/\/schoenstatt.com\/de\/ein-wichtiger-schritt-fuer-das-internationale-schoenstatt\/\" \/>\n<meta property=\"og:site_name\" content=\"Schoenstatt\" \/>\n<meta property=\"article:published_time\" content=\"2023-10-16T04:49:07+00:00\" \/>\n<meta property=\"article:modified_time\" content=\"2025-05-15T20:38:25+00:00\" \/>\n<meta property=\"og:image\" content=\"https:\/\/schoenstatt.com\/wp-content\/uploads\/2023\/04\/FOTO-A-1-2.jpg\" \/>\n\t<meta property=\"og:image:width\" content=\"1620\" \/>\n\t<meta property=\"og:image:height\" content=\"1080\" \/>\n\t<meta property=\"og:image:type\" content=\"image\/jpeg\" \/>\n<meta name=\"author\" content=\"Vanessa Franke\" \/>\n<meta name=\"twitter:card\" content=\"summary_large_image\" \/>\n<meta name=\"twitter:label1\" content=\"Verfasst von\" \/>\n\t<meta name=\"twitter:data1\" content=\"Vanessa Franke\" \/>\n\t<meta name=\"twitter:label2\" content=\"Gesch\u00e4tzte Lesezeit\" \/>\n\t<meta name=\"twitter:data2\" content=\"7\u00a0Minuten\" \/>\n<script type=\"application\/ld+json\" class=\"yoast-schema-graph\">{\"@context\":\"https:\\\/\\\/schema.org\",\"@graph\":[{\"@type\":\"Article\",\"@id\":\"https:\\\/\\\/schoenstatt.com\\\/de\\\/ein-wichtiger-schritt-fuer-das-internationale-schoenstatt\\\/#article\",\"isPartOf\":{\"@id\":\"https:\\\/\\\/schoenstatt.com\\\/de\\\/ein-wichtiger-schritt-fuer-das-internationale-schoenstatt\\\/\"},\"author\":{\"name\":\"Vanessa Franke\",\"@id\":\"https:\\\/\\\/schoenstatt.com\\\/de\\\/#\\\/schema\\\/person\\\/ea97a60c723e21c923e2177f0f3163f7\"},\"headline\":\"Ein wichtiger Schritt f\u00fcr das internationale Sch\u00f6nstatt\",\"datePublished\":\"2023-10-16T04:49:07+00:00\",\"dateModified\":\"2025-05-15T20:38:25+00:00\",\"mainEntityOfPage\":{\"@id\":\"https:\\\/\\\/schoenstatt.com\\\/de\\\/ein-wichtiger-schritt-fuer-das-internationale-schoenstatt\\\/\"},\"wordCount\":1482,\"publisher\":{\"@id\":\"https:\\\/\\\/schoenstatt.com\\\/de\\\/#organization\"},\"image\":{\"@id\":\"https:\\\/\\\/schoenstatt.com\\\/de\\\/ein-wichtiger-schritt-fuer-das-internationale-schoenstatt\\\/#primaryimage\"},\"thumbnailUrl\":\"https:\\\/\\\/schoenstatt.com\\\/wp-content\\\/uploads\\\/2023\\\/04\\\/FOTO-A-1-2.jpg\",\"articleSection\":[\"L\u00e4nder\",\"Veranstaltungen\"],\"inLanguage\":\"de\"},{\"@type\":\"WebPage\",\"@id\":\"https:\\\/\\\/schoenstatt.com\\\/de\\\/ein-wichtiger-schritt-fuer-das-internationale-schoenstatt\\\/\",\"url\":\"https:\\\/\\\/schoenstatt.com\\\/de\\\/ein-wichtiger-schritt-fuer-das-internationale-schoenstatt\\\/\",\"name\":\"Ein wichtiger Schritt f\u00fcr das internationale Sch\u00f6nstatt\",\"isPartOf\":{\"@id\":\"https:\\\/\\\/schoenstatt.com\\\/de\\\/#website\"},\"primaryImageOfPage\":{\"@id\":\"https:\\\/\\\/schoenstatt.com\\\/de\\\/ein-wichtiger-schritt-fuer-das-internationale-schoenstatt\\\/#primaryimage\"},\"image\":{\"@id\":\"https:\\\/\\\/schoenstatt.com\\\/de\\\/ein-wichtiger-schritt-fuer-das-internationale-schoenstatt\\\/#primaryimage\"},\"thumbnailUrl\":\"https:\\\/\\\/schoenstatt.com\\\/wp-content\\\/uploads\\\/2023\\\/04\\\/FOTO-A-1-2.jpg\",\"datePublished\":\"2023-10-16T04:49:07+00:00\",\"dateModified\":\"2025-05-15T20:38:25+00:00\",\"description\":\"Das Heiligtum von Nueva Helvecia leitet eine Entwicklung ein, die einen Strom von Filialheiligt\u00fcmern nach sich zieht.\",\"breadcrumb\":{\"@id\":\"https:\\\/\\\/schoenstatt.com\\\/de\\\/ein-wichtiger-schritt-fuer-das-internationale-schoenstatt\\\/#breadcrumb\"},\"inLanguage\":\"de\",\"potentialAction\":[{\"@type\":\"ReadAction\",\"target\":[\"https:\\\/\\\/schoenstatt.com\\\/de\\\/ein-wichtiger-schritt-fuer-das-internationale-schoenstatt\\\/\"]}]},{\"@type\":\"ImageObject\",\"inLanguage\":\"de\",\"@id\":\"https:\\\/\\\/schoenstatt.com\\\/de\\\/ein-wichtiger-schritt-fuer-das-internationale-schoenstatt\\\/#primaryimage\",\"url\":\"https:\\\/\\\/schoenstatt.com\\\/wp-content\\\/uploads\\\/2023\\\/04\\\/FOTO-A-1-2.jpg\",\"contentUrl\":\"https:\\\/\\\/schoenstatt.com\\\/wp-content\\\/uploads\\\/2023\\\/04\\\/FOTO-A-1-2.jpg\",\"width\":1620,\"height\":1080},{\"@type\":\"BreadcrumbList\",\"@id\":\"https:\\\/\\\/schoenstatt.com\\\/de\\\/ein-wichtiger-schritt-fuer-das-internationale-schoenstatt\\\/#breadcrumb\",\"itemListElement\":[{\"@type\":\"ListItem\",\"position\":1,\"name\":\"Portada\",\"item\":\"https:\\\/\\\/schoenstatt.com\\\/de\\\/home\\\/\"},{\"@type\":\"ListItem\",\"position\":2,\"name\":\"Ein wichtiger Schritt f\u00fcr das internationale Sch\u00f6nstatt\"}]},{\"@type\":\"WebSite\",\"@id\":\"https:\\\/\\\/schoenstatt.com\\\/de\\\/#website\",\"url\":\"https:\\\/\\\/schoenstatt.com\\\/de\\\/\",\"name\":\"Schoenstatt\",\"description\":\"Apostolic Movement\",\"publisher\":{\"@id\":\"https:\\\/\\\/schoenstatt.com\\\/de\\\/#organization\"},\"potentialAction\":[{\"@type\":\"SearchAction\",\"target\":{\"@type\":\"EntryPoint\",\"urlTemplate\":\"https:\\\/\\\/schoenstatt.com\\\/de\\\/?s={search_term_string}\"},\"query-input\":{\"@type\":\"PropertyValueSpecification\",\"valueRequired\":true,\"valueName\":\"search_term_string\"}}],\"inLanguage\":\"de\"},{\"@type\":\"Organization\",\"@id\":\"https:\\\/\\\/schoenstatt.com\\\/de\\\/#organization\",\"name\":\"Schoenstatt\",\"url\":\"https:\\\/\\\/schoenstatt.com\\\/de\\\/\",\"logo\":{\"@type\":\"ImageObject\",\"inLanguage\":\"de\",\"@id\":\"https:\\\/\\\/schoenstatt.com\\\/de\\\/#\\\/schema\\\/logo\\\/image\\\/\",\"url\":\"https:\\\/\\\/schoenstatt.com\\\/wp-content\\\/uploads\\\/2025\\\/04\\\/logo-schoenstatt-white-696x696-1.png\",\"contentUrl\":\"https:\\\/\\\/schoenstatt.com\\\/wp-content\\\/uploads\\\/2025\\\/04\\\/logo-schoenstatt-white-696x696-1.png\",\"width\":696,\"height\":694,\"caption\":\"Schoenstatt\"},\"image\":{\"@id\":\"https:\\\/\\\/schoenstatt.com\\\/de\\\/#\\\/schema\\\/logo\\\/image\\\/\"}},{\"@type\":\"Person\",\"@id\":\"https:\\\/\\\/schoenstatt.com\\\/de\\\/#\\\/schema\\\/person\\\/ea97a60c723e21c923e2177f0f3163f7\",\"name\":\"Vanessa Franke\",\"image\":{\"@type\":\"ImageObject\",\"inLanguage\":\"de\",\"@id\":\"https:\\\/\\\/secure.gravatar.com\\\/avatar\\\/a9bcca3409928ccd3195eca11e2ccbb2e5d7c7912e9a945d4f326f81a0a5cb4a?s=96&d=mm&r=g\",\"url\":\"https:\\\/\\\/secure.gravatar.com\\\/avatar\\\/a9bcca3409928ccd3195eca11e2ccbb2e5d7c7912e9a945d4f326f81a0a5cb4a?s=96&d=mm&r=g\",\"contentUrl\":\"https:\\\/\\\/secure.gravatar.com\\\/avatar\\\/a9bcca3409928ccd3195eca11e2ccbb2e5d7c7912e9a945d4f326f81a0a5cb4a?s=96&d=mm&r=g\",\"caption\":\"Vanessa Franke\"},\"url\":\"https:\\\/\\\/schoenstatt.com\\\/de\\\/author\\\/vanessa-franke\\\/\"}]}<\/script>\n<!-- \/ Yoast SEO Premium plugin. -->","yoast_head_json":{"title":"Ein wichtiger Schritt f\u00fcr das internationale Sch\u00f6nstatt","description":"Das Heiligtum von Nueva Helvecia leitet eine Entwicklung ein, die einen Strom von Filialheiligt\u00fcmern nach sich zieht.","robots":{"index":"index","follow":"follow","max-snippet":"max-snippet:-1","max-image-preview":"max-image-preview:large","max-video-preview":"max-video-preview:-1"},"canonical":"https:\/\/schoenstatt.com\/de\/ein-wichtiger-schritt-fuer-das-internationale-schoenstatt\/","og_locale":"de_DE","og_type":"article","og_title":"Ein wichtiger Schritt f\u00fcr das internationale Sch\u00f6nstatt","og_description":"Das Heiligtum von Nueva Helvecia leitet eine Entwicklung ein, die einen Strom von Filialheiligt\u00fcmern nach sich zieht.","og_url":"https:\/\/schoenstatt.com\/de\/ein-wichtiger-schritt-fuer-das-internationale-schoenstatt\/","og_site_name":"Schoenstatt","article_published_time":"2023-10-16T04:49:07+00:00","article_modified_time":"2025-05-15T20:38:25+00:00","og_image":[{"width":1620,"height":1080,"url":"https:\/\/schoenstatt.com\/wp-content\/uploads\/2023\/04\/FOTO-A-1-2.jpg","type":"image\/jpeg"}],"author":"Vanessa Franke","twitter_card":"summary_large_image","twitter_misc":{"Verfasst von":"Vanessa Franke","Gesch\u00e4tzte Lesezeit":"7\u00a0Minuten"},"schema":{"@context":"https:\/\/schema.org","@graph":[{"@type":"Article","@id":"https:\/\/schoenstatt.com\/de\/ein-wichtiger-schritt-fuer-das-internationale-schoenstatt\/#article","isPartOf":{"@id":"https:\/\/schoenstatt.com\/de\/ein-wichtiger-schritt-fuer-das-internationale-schoenstatt\/"},"author":{"name":"Vanessa Franke","@id":"https:\/\/schoenstatt.com\/de\/#\/schema\/person\/ea97a60c723e21c923e2177f0f3163f7"},"headline":"Ein wichtiger Schritt f\u00fcr das internationale Sch\u00f6nstatt","datePublished":"2023-10-16T04:49:07+00:00","dateModified":"2025-05-15T20:38:25+00:00","mainEntityOfPage":{"@id":"https:\/\/schoenstatt.com\/de\/ein-wichtiger-schritt-fuer-das-internationale-schoenstatt\/"},"wordCount":1482,"publisher":{"@id":"https:\/\/schoenstatt.com\/de\/#organization"},"image":{"@id":"https:\/\/schoenstatt.com\/de\/ein-wichtiger-schritt-fuer-das-internationale-schoenstatt\/#primaryimage"},"thumbnailUrl":"https:\/\/schoenstatt.com\/wp-content\/uploads\/2023\/04\/FOTO-A-1-2.jpg","articleSection":["L\u00e4nder","Veranstaltungen"],"inLanguage":"de"},{"@type":"WebPage","@id":"https:\/\/schoenstatt.com\/de\/ein-wichtiger-schritt-fuer-das-internationale-schoenstatt\/","url":"https:\/\/schoenstatt.com\/de\/ein-wichtiger-schritt-fuer-das-internationale-schoenstatt\/","name":"Ein wichtiger Schritt f\u00fcr das internationale Sch\u00f6nstatt","isPartOf":{"@id":"https:\/\/schoenstatt.com\/de\/#website"},"primaryImageOfPage":{"@id":"https:\/\/schoenstatt.com\/de\/ein-wichtiger-schritt-fuer-das-internationale-schoenstatt\/#primaryimage"},"image":{"@id":"https:\/\/schoenstatt.com\/de\/ein-wichtiger-schritt-fuer-das-internationale-schoenstatt\/#primaryimage"},"thumbnailUrl":"https:\/\/schoenstatt.com\/wp-content\/uploads\/2023\/04\/FOTO-A-1-2.jpg","datePublished":"2023-10-16T04:49:07+00:00","dateModified":"2025-05-15T20:38:25+00:00","description":"Das Heiligtum von Nueva Helvecia leitet eine Entwicklung ein, die einen Strom von Filialheiligt\u00fcmern nach sich zieht.","breadcrumb":{"@id":"https:\/\/schoenstatt.com\/de\/ein-wichtiger-schritt-fuer-das-internationale-schoenstatt\/#breadcrumb"},"inLanguage":"de","potentialAction":[{"@type":"ReadAction","target":["https:\/\/schoenstatt.com\/de\/ein-wichtiger-schritt-fuer-das-internationale-schoenstatt\/"]}]},{"@type":"ImageObject","inLanguage":"de","@id":"https:\/\/schoenstatt.com\/de\/ein-wichtiger-schritt-fuer-das-internationale-schoenstatt\/#primaryimage","url":"https:\/\/schoenstatt.com\/wp-content\/uploads\/2023\/04\/FOTO-A-1-2.jpg","contentUrl":"https:\/\/schoenstatt.com\/wp-content\/uploads\/2023\/04\/FOTO-A-1-2.jpg","width":1620,"height":1080},{"@type":"BreadcrumbList","@id":"https:\/\/schoenstatt.com\/de\/ein-wichtiger-schritt-fuer-das-internationale-schoenstatt\/#breadcrumb","itemListElement":[{"@type":"ListItem","position":1,"name":"Portada","item":"https:\/\/schoenstatt.com\/de\/home\/"},{"@type":"ListItem","position":2,"name":"Ein wichtiger Schritt f\u00fcr das internationale Sch\u00f6nstatt"}]},{"@type":"WebSite","@id":"https:\/\/schoenstatt.com\/de\/#website","url":"https:\/\/schoenstatt.com\/de\/","name":"Schoenstatt","description":"Apostolic Movement","publisher":{"@id":"https:\/\/schoenstatt.com\/de\/#organization"},"potentialAction":[{"@type":"SearchAction","target":{"@type":"EntryPoint","urlTemplate":"https:\/\/schoenstatt.com\/de\/?s={search_term_string}"},"query-input":{"@type":"PropertyValueSpecification","valueRequired":true,"valueName":"search_term_string"}}],"inLanguage":"de"},{"@type":"Organization","@id":"https:\/\/schoenstatt.com\/de\/#organization","name":"Schoenstatt","url":"https:\/\/schoenstatt.com\/de\/","logo":{"@type":"ImageObject","inLanguage":"de","@id":"https:\/\/schoenstatt.com\/de\/#\/schema\/logo\/image\/","url":"https:\/\/schoenstatt.com\/wp-content\/uploads\/2025\/04\/logo-schoenstatt-white-696x696-1.png","contentUrl":"https:\/\/schoenstatt.com\/wp-content\/uploads\/2025\/04\/logo-schoenstatt-white-696x696-1.png","width":696,"height":694,"caption":"Schoenstatt"},"image":{"@id":"https:\/\/schoenstatt.com\/de\/#\/schema\/logo\/image\/"}},{"@type":"Person","@id":"https:\/\/schoenstatt.com\/de\/#\/schema\/person\/ea97a60c723e21c923e2177f0f3163f7","name":"Vanessa Franke","image":{"@type":"ImageObject","inLanguage":"de","@id":"https:\/\/secure.gravatar.com\/avatar\/a9bcca3409928ccd3195eca11e2ccbb2e5d7c7912e9a945d4f326f81a0a5cb4a?s=96&d=mm&r=g","url":"https:\/\/secure.gravatar.com\/avatar\/a9bcca3409928ccd3195eca11e2ccbb2e5d7c7912e9a945d4f326f81a0a5cb4a?s=96&d=mm&r=g","contentUrl":"https:\/\/secure.gravatar.com\/avatar\/a9bcca3409928ccd3195eca11e2ccbb2e5d7c7912e9a945d4f326f81a0a5cb4a?s=96&d=mm&r=g","caption":"Vanessa Franke"},"url":"https:\/\/schoenstatt.com\/de\/author\/vanessa-franke\/"}]}},"_links":{"self":[{"href":"https:\/\/schoenstatt.com\/de\/wp-json\/wp\/v2\/posts\/48990","targetHints":{"allow":["GET"]}}],"collection":[{"href":"https:\/\/schoenstatt.com\/de\/wp-json\/wp\/v2\/posts"}],"about":[{"href":"https:\/\/schoenstatt.com\/de\/wp-json\/wp\/v2\/types\/post"}],"author":[{"embeddable":true,"href":"https:\/\/schoenstatt.com\/de\/wp-json\/wp\/v2\/users\/6"}],"replies":[{"embeddable":true,"href":"https:\/\/schoenstatt.com\/de\/wp-json\/wp\/v2\/comments?post=48990"}],"version-history":[{"count":1,"href":"https:\/\/schoenstatt.com\/de\/wp-json\/wp\/v2\/posts\/48990\/revisions"}],"predecessor-version":[{"id":49043,"href":"https:\/\/schoenstatt.com\/de\/wp-json\/wp\/v2\/posts\/48990\/revisions\/49043"}],"wp:featuredmedia":[{"embeddable":true,"href":"https:\/\/schoenstatt.com\/de\/wp-json\/wp\/v2\/media\/29979"}],"wp:attachment":[{"href":"https:\/\/schoenstatt.com\/de\/wp-json\/wp\/v2\/media?parent=48990"}],"wp:term":[{"taxonomy":"category","embeddable":true,"href":"https:\/\/schoenstatt.com\/de\/wp-json\/wp\/v2\/categories?post=48990"},{"taxonomy":"post_tag","embeddable":true,"href":"https:\/\/schoenstatt.com\/de\/wp-json\/wp\/v2\/tags?post=48990"}],"curies":[{"name":"wp","href":"https:\/\/api.w.org\/{rel}","templated":true}]}}