{"id":48987,"date":"2023-10-09T19:08:06","date_gmt":"2023-10-09T17:08:06","guid":{"rendered":"https:\/\/schoenstattdev.wpenginepowered.com\/spiritualitat\/novena-18-de-octubre-dia-1\/"},"modified":"2025-05-15T22:38:31","modified_gmt":"2025-05-15T20:38:31","slug":"novene-18-oktober-tag-1","status":"publish","type":"post","link":"https:\/\/schoenstatt.com\/de\/novene-18-oktober-tag-1\/","title":{"rendered":"Novene &#8211; 18. Oktober &#8211; Tag 1"},"content":{"rendered":"<p>Die Novene zur Vorbereitung auf den B\u00fcndnistag beginnt am Montag, den 9. Oktober. Aus allen Teilen der Welt kommt die Sch\u00f6nstattfamilie zusammen, um diesen gro\u00dfen Moment vorzubereiten und zu feiern.<\/p>\n<p>Der erste Besinnungstag ist dem Symbol des ewigen Lichtes gewidmet, das die Generation Ver Sacrum im Urheiligtum symbolisiert.<\/p>\n<p><img fetchpriority=\"high\" decoding=\"async\" class=\"aligncenter wp-image-32719 size-full\" src=\"https:\/\/schoenstatt.com\/wp-content\/uploads\/2023\/10\/ver-sacrum-lampada-sagrada-1.jpg\" alt=\"\" width=\"500\" height=\"459\" \/><\/p>\n<p>Die Novene wird jeden Tag live \u00fcber die Webcam des Urheiligtums \u00fcbertragen. Sie wird w\u00e4hrend des Abendsegens gebetet, immer um 19.50 Uhr ( Deutschlandzeit).<\/p>\n<p>Am ersten Tag (heute) findet eine Serenade im Urheiligtum statt &#8211; <strong><a href=\"https:\/\/schoenstattdev.wpenginepowered.com\/de\/urheiligtum\/serenade-im-urheiligtum-zur-eroffnung-der-novene-2023\/\">Details dazu finden Sie hier<\/a>.<\/strong><\/p>\n<h2>Von zu Hause aus beten<\/h2>\n<p>Wenn Sie keine Verbindung zu den \u00dcbertragungen herstellen k\u00f6nnen, ist das kein Problem. Sie sind eingeladen, die Novene mit Ihrer Familie oder mit Ihrer Bewegungsgruppe zu beten.<\/p>\n<p>Um daran teilzunehmen, laden Sie den Inhalt herunter:<\/p>\n<p><strong>&#8211; <a href=\"https:\/\/schoenstatt.com\/wp-content\/uploads\/2023\/10\/DE-Dia-1-1.pdf\" target=\"_blank\" rel=\"noopener\">Novene auf Deutsch<\/a><\/strong><\/p>\n<p>Um die \u00dcbertragungen zu sehen &#8211; Zugang zur Webcam: <a href=\"https:\/\/urheiligtum.de\/PT\/10-Servico\/99-Webcam.php\" target=\"_blank\" rel=\"noopener\"><strong>hier klicken<\/strong><\/a><\/p>\n","protected":false},"excerpt":{"rendered":"<p>Die Novene beginnt heute, am 9. Oktober, im Urheiligtum und wird live \u00fcbertragen. Sie sind eingeladen, daran teilzunehmen. Die Gebete k\u00f6nnen Sie hier herunterladen, um mitzubeten oder um sie zu Hause zu beten.<\/p>\n","protected":false},"author":3,"featured_media":32715,"comment_status":"closed","ping_status":"closed","sticky":false,"template":"","format":"standard","meta":{"footnotes":""},"categories":[899,660],"tags":[],"class_list":["post-48987","post","type-post","status-publish","format-standard","has-post-thumbnail","hentry","category-urheiligtum-de","category-veranstaltungen-de"],"yoast_head":"<!-- This site is optimized with the Yoast SEO Premium plugin v27.4 (Yoast SEO v27.4) - https:\/\/yoast.com\/product\/yoast-seo-premium-wordpress\/ -->\n<title>Novene - 18. Oktober - Tag 1 - Schoenstatt<\/title>\n<meta name=\"description\" content=\"Die Novene beginnt am 9. Oktober im Urheiligtum von Sch\u00f6nstatt und wird live \u00fcbertragen. Laden Sie die Texte herunter und nehmen Sie teil!\" \/>\n<meta name=\"robots\" content=\"index, follow, max-snippet:-1, max-image-preview:large, max-video-preview:-1\" \/>\n<link rel=\"canonical\" href=\"https:\/\/schoenstatt.com\/de\/novene-18-oktober-tag-1\/\" \/>\n<meta property=\"og:locale\" content=\"de_DE\" \/>\n<meta property=\"og:type\" content=\"article\" \/>\n<meta property=\"og:title\" content=\"Novene - 18. Oktober - Tag 1\" \/>\n<meta property=\"og:description\" content=\"Die Novene beginnt am 9. Oktober im Urheiligtum von Sch\u00f6nstatt und wird live \u00fcbertragen. Laden Sie die Texte herunter und nehmen Sie teil!\" \/>\n<meta property=\"og:url\" content=\"https:\/\/schoenstatt.com\/de\/novene-18-oktober-tag-1\/\" \/>\n<meta property=\"og:site_name\" content=\"Schoenstatt\" \/>\n<meta property=\"article:published_time\" content=\"2023-10-09T17:08:06+00:00\" \/>\n<meta property=\"article:modified_time\" content=\"2025-05-15T20:38:31+00:00\" \/>\n<meta property=\"og:image\" content=\"https:\/\/schoenstatt.com\/wp-content\/uploads\/2023\/10\/mae-e-rainha-novena-1.jpg\" \/>\n\t<meta property=\"og:image:width\" content=\"1358\" \/>\n\t<meta property=\"og:image:height\" content=\"1185\" \/>\n\t<meta property=\"og:image:type\" content=\"image\/jpeg\" \/>\n<meta name=\"author\" content=\"Karen Bueno\" \/>\n<meta name=\"twitter:card\" content=\"summary_large_image\" \/>\n<meta name=\"twitter:label1\" content=\"Verfasst von\" \/>\n\t<meta name=\"twitter:data1\" content=\"Karen Bueno\" \/>\n\t<meta name=\"twitter:label2\" content=\"Gesch\u00e4tzte Lesezeit\" \/>\n\t<meta name=\"twitter:data2\" content=\"1\u00a0Minute\" \/>\n<script type=\"application\/ld+json\" class=\"yoast-schema-graph\">{\"@context\":\"https:\\\/\\\/schema.org\",\"@graph\":[{\"@type\":\"Article\",\"@id\":\"https:\\\/\\\/schoenstatt.com\\\/de\\\/novene-18-oktober-tag-1\\\/#article\",\"isPartOf\":{\"@id\":\"https:\\\/\\\/schoenstatt.com\\\/de\\\/novene-18-oktober-tag-1\\\/\"},\"author\":{\"name\":\"Karen Bueno\",\"@id\":\"https:\\\/\\\/schoenstatt.com\\\/de\\\/#\\\/schema\\\/person\\\/5158877ad4acae98b34daaeef2a1ce6e\"},\"headline\":\"Novene &#8211; 18. Oktober &#8211; Tag 1\",\"datePublished\":\"2023-10-09T17:08:06+00:00\",\"dateModified\":\"2025-05-15T20:38:31+00:00\",\"mainEntityOfPage\":{\"@id\":\"https:\\\/\\\/schoenstatt.com\\\/de\\\/novene-18-oktober-tag-1\\\/\"},\"wordCount\":150,\"publisher\":{\"@id\":\"https:\\\/\\\/schoenstatt.com\\\/de\\\/#organization\"},\"image\":{\"@id\":\"https:\\\/\\\/schoenstatt.com\\\/de\\\/novene-18-oktober-tag-1\\\/#primaryimage\"},\"thumbnailUrl\":\"https:\\\/\\\/schoenstatt.com\\\/wp-content\\\/uploads\\\/2023\\\/10\\\/mae-e-rainha-novena-1.jpg\",\"articleSection\":[\"Urheiligtum\",\"Veranstaltungen\"],\"inLanguage\":\"de\"},{\"@type\":\"WebPage\",\"@id\":\"https:\\\/\\\/schoenstatt.com\\\/de\\\/novene-18-oktober-tag-1\\\/\",\"url\":\"https:\\\/\\\/schoenstatt.com\\\/de\\\/novene-18-oktober-tag-1\\\/\",\"name\":\"Novene - 18. Oktober - Tag 1 - Schoenstatt\",\"isPartOf\":{\"@id\":\"https:\\\/\\\/schoenstatt.com\\\/de\\\/#website\"},\"primaryImageOfPage\":{\"@id\":\"https:\\\/\\\/schoenstatt.com\\\/de\\\/novene-18-oktober-tag-1\\\/#primaryimage\"},\"image\":{\"@id\":\"https:\\\/\\\/schoenstatt.com\\\/de\\\/novene-18-oktober-tag-1\\\/#primaryimage\"},\"thumbnailUrl\":\"https:\\\/\\\/schoenstatt.com\\\/wp-content\\\/uploads\\\/2023\\\/10\\\/mae-e-rainha-novena-1.jpg\",\"datePublished\":\"2023-10-09T17:08:06+00:00\",\"dateModified\":\"2025-05-15T20:38:31+00:00\",\"description\":\"Die Novene beginnt am 9. Oktober im Urheiligtum von Sch\u00f6nstatt und wird live \u00fcbertragen. Laden Sie die Texte herunter und nehmen Sie teil!\",\"breadcrumb\":{\"@id\":\"https:\\\/\\\/schoenstatt.com\\\/de\\\/novene-18-oktober-tag-1\\\/#breadcrumb\"},\"inLanguage\":\"de\",\"potentialAction\":[{\"@type\":\"ReadAction\",\"target\":[\"https:\\\/\\\/schoenstatt.com\\\/de\\\/novene-18-oktober-tag-1\\\/\"]}]},{\"@type\":\"ImageObject\",\"inLanguage\":\"de\",\"@id\":\"https:\\\/\\\/schoenstatt.com\\\/de\\\/novene-18-oktober-tag-1\\\/#primaryimage\",\"url\":\"https:\\\/\\\/schoenstatt.com\\\/wp-content\\\/uploads\\\/2023\\\/10\\\/mae-e-rainha-novena-1.jpg\",\"contentUrl\":\"https:\\\/\\\/schoenstatt.com\\\/wp-content\\\/uploads\\\/2023\\\/10\\\/mae-e-rainha-novena-1.jpg\",\"width\":1358,\"height\":1185},{\"@type\":\"BreadcrumbList\",\"@id\":\"https:\\\/\\\/schoenstatt.com\\\/de\\\/novene-18-oktober-tag-1\\\/#breadcrumb\",\"itemListElement\":[{\"@type\":\"ListItem\",\"position\":1,\"name\":\"Portada\",\"item\":\"https:\\\/\\\/schoenstatt.com\\\/de\\\/home\\\/\"},{\"@type\":\"ListItem\",\"position\":2,\"name\":\"Novene &#8211; 18. Oktober &#8211; Tag 1\"}]},{\"@type\":\"WebSite\",\"@id\":\"https:\\\/\\\/schoenstatt.com\\\/de\\\/#website\",\"url\":\"https:\\\/\\\/schoenstatt.com\\\/de\\\/\",\"name\":\"Schoenstatt\",\"description\":\"Apostolic Movement\",\"publisher\":{\"@id\":\"https:\\\/\\\/schoenstatt.com\\\/de\\\/#organization\"},\"potentialAction\":[{\"@type\":\"SearchAction\",\"target\":{\"@type\":\"EntryPoint\",\"urlTemplate\":\"https:\\\/\\\/schoenstatt.com\\\/de\\\/?s={search_term_string}\"},\"query-input\":{\"@type\":\"PropertyValueSpecification\",\"valueRequired\":true,\"valueName\":\"search_term_string\"}}],\"inLanguage\":\"de\"},{\"@type\":\"Organization\",\"@id\":\"https:\\\/\\\/schoenstatt.com\\\/de\\\/#organization\",\"name\":\"Schoenstatt\",\"url\":\"https:\\\/\\\/schoenstatt.com\\\/de\\\/\",\"logo\":{\"@type\":\"ImageObject\",\"inLanguage\":\"de\",\"@id\":\"https:\\\/\\\/schoenstatt.com\\\/de\\\/#\\\/schema\\\/logo\\\/image\\\/\",\"url\":\"https:\\\/\\\/schoenstatt.com\\\/wp-content\\\/uploads\\\/2025\\\/04\\\/logo-schoenstatt-white-696x696-1.png\",\"contentUrl\":\"https:\\\/\\\/schoenstatt.com\\\/wp-content\\\/uploads\\\/2025\\\/04\\\/logo-schoenstatt-white-696x696-1.png\",\"width\":696,\"height\":694,\"caption\":\"Schoenstatt\"},\"image\":{\"@id\":\"https:\\\/\\\/schoenstatt.com\\\/de\\\/#\\\/schema\\\/logo\\\/image\\\/\"}},{\"@type\":\"Person\",\"@id\":\"https:\\\/\\\/schoenstatt.com\\\/de\\\/#\\\/schema\\\/person\\\/5158877ad4acae98b34daaeef2a1ce6e\",\"name\":\"Karen Bueno\",\"image\":{\"@type\":\"ImageObject\",\"inLanguage\":\"de\",\"@id\":\"https:\\\/\\\/secure.gravatar.com\\\/avatar\\\/f9f4b823873154269d2b2130f195f6d41037dd0d7fc5f3cacb5c846bae70d66b?s=96&d=mm&r=g\",\"url\":\"https:\\\/\\\/secure.gravatar.com\\\/avatar\\\/f9f4b823873154269d2b2130f195f6d41037dd0d7fc5f3cacb5c846bae70d66b?s=96&d=mm&r=g\",\"contentUrl\":\"https:\\\/\\\/secure.gravatar.com\\\/avatar\\\/f9f4b823873154269d2b2130f195f6d41037dd0d7fc5f3cacb5c846bae70d66b?s=96&d=mm&r=g\",\"caption\":\"Karen Bueno\"},\"url\":\"https:\\\/\\\/schoenstatt.com\\\/de\\\/author\\\/karen-bueno\\\/\"}]}<\/script>\n<!-- \/ Yoast SEO Premium plugin. -->","yoast_head_json":{"title":"Novene - 18. Oktober - Tag 1 - Schoenstatt","description":"Die Novene beginnt am 9. Oktober im Urheiligtum von Sch\u00f6nstatt und wird live \u00fcbertragen. Laden Sie die Texte herunter und nehmen Sie teil!","robots":{"index":"index","follow":"follow","max-snippet":"max-snippet:-1","max-image-preview":"max-image-preview:large","max-video-preview":"max-video-preview:-1"},"canonical":"https:\/\/schoenstatt.com\/de\/novene-18-oktober-tag-1\/","og_locale":"de_DE","og_type":"article","og_title":"Novene - 18. Oktober - Tag 1","og_description":"Die Novene beginnt am 9. Oktober im Urheiligtum von Sch\u00f6nstatt und wird live \u00fcbertragen. Laden Sie die Texte herunter und nehmen Sie teil!","og_url":"https:\/\/schoenstatt.com\/de\/novene-18-oktober-tag-1\/","og_site_name":"Schoenstatt","article_published_time":"2023-10-09T17:08:06+00:00","article_modified_time":"2025-05-15T20:38:31+00:00","og_image":[{"width":1358,"height":1185,"url":"https:\/\/schoenstatt.com\/wp-content\/uploads\/2023\/10\/mae-e-rainha-novena-1.jpg","type":"image\/jpeg"}],"author":"Karen Bueno","twitter_card":"summary_large_image","twitter_misc":{"Verfasst von":"Karen Bueno","Gesch\u00e4tzte Lesezeit":"1\u00a0Minute"},"schema":{"@context":"https:\/\/schema.org","@graph":[{"@type":"Article","@id":"https:\/\/schoenstatt.com\/de\/novene-18-oktober-tag-1\/#article","isPartOf":{"@id":"https:\/\/schoenstatt.com\/de\/novene-18-oktober-tag-1\/"},"author":{"name":"Karen Bueno","@id":"https:\/\/schoenstatt.com\/de\/#\/schema\/person\/5158877ad4acae98b34daaeef2a1ce6e"},"headline":"Novene &#8211; 18. Oktober &#8211; Tag 1","datePublished":"2023-10-09T17:08:06+00:00","dateModified":"2025-05-15T20:38:31+00:00","mainEntityOfPage":{"@id":"https:\/\/schoenstatt.com\/de\/novene-18-oktober-tag-1\/"},"wordCount":150,"publisher":{"@id":"https:\/\/schoenstatt.com\/de\/#organization"},"image":{"@id":"https:\/\/schoenstatt.com\/de\/novene-18-oktober-tag-1\/#primaryimage"},"thumbnailUrl":"https:\/\/schoenstatt.com\/wp-content\/uploads\/2023\/10\/mae-e-rainha-novena-1.jpg","articleSection":["Urheiligtum","Veranstaltungen"],"inLanguage":"de"},{"@type":"WebPage","@id":"https:\/\/schoenstatt.com\/de\/novene-18-oktober-tag-1\/","url":"https:\/\/schoenstatt.com\/de\/novene-18-oktober-tag-1\/","name":"Novene - 18. Oktober - Tag 1 - Schoenstatt","isPartOf":{"@id":"https:\/\/schoenstatt.com\/de\/#website"},"primaryImageOfPage":{"@id":"https:\/\/schoenstatt.com\/de\/novene-18-oktober-tag-1\/#primaryimage"},"image":{"@id":"https:\/\/schoenstatt.com\/de\/novene-18-oktober-tag-1\/#primaryimage"},"thumbnailUrl":"https:\/\/schoenstatt.com\/wp-content\/uploads\/2023\/10\/mae-e-rainha-novena-1.jpg","datePublished":"2023-10-09T17:08:06+00:00","dateModified":"2025-05-15T20:38:31+00:00","description":"Die Novene beginnt am 9. Oktober im Urheiligtum von Sch\u00f6nstatt und wird live \u00fcbertragen. Laden Sie die Texte herunter und nehmen Sie teil!","breadcrumb":{"@id":"https:\/\/schoenstatt.com\/de\/novene-18-oktober-tag-1\/#breadcrumb"},"inLanguage":"de","potentialAction":[{"@type":"ReadAction","target":["https:\/\/schoenstatt.com\/de\/novene-18-oktober-tag-1\/"]}]},{"@type":"ImageObject","inLanguage":"de","@id":"https:\/\/schoenstatt.com\/de\/novene-18-oktober-tag-1\/#primaryimage","url":"https:\/\/schoenstatt.com\/wp-content\/uploads\/2023\/10\/mae-e-rainha-novena-1.jpg","contentUrl":"https:\/\/schoenstatt.com\/wp-content\/uploads\/2023\/10\/mae-e-rainha-novena-1.jpg","width":1358,"height":1185},{"@type":"BreadcrumbList","@id":"https:\/\/schoenstatt.com\/de\/novene-18-oktober-tag-1\/#breadcrumb","itemListElement":[{"@type":"ListItem","position":1,"name":"Portada","item":"https:\/\/schoenstatt.com\/de\/home\/"},{"@type":"ListItem","position":2,"name":"Novene &#8211; 18. Oktober &#8211; Tag 1"}]},{"@type":"WebSite","@id":"https:\/\/schoenstatt.com\/de\/#website","url":"https:\/\/schoenstatt.com\/de\/","name":"Schoenstatt","description":"Apostolic Movement","publisher":{"@id":"https:\/\/schoenstatt.com\/de\/#organization"},"potentialAction":[{"@type":"SearchAction","target":{"@type":"EntryPoint","urlTemplate":"https:\/\/schoenstatt.com\/de\/?s={search_term_string}"},"query-input":{"@type":"PropertyValueSpecification","valueRequired":true,"valueName":"search_term_string"}}],"inLanguage":"de"},{"@type":"Organization","@id":"https:\/\/schoenstatt.com\/de\/#organization","name":"Schoenstatt","url":"https:\/\/schoenstatt.com\/de\/","logo":{"@type":"ImageObject","inLanguage":"de","@id":"https:\/\/schoenstatt.com\/de\/#\/schema\/logo\/image\/","url":"https:\/\/schoenstatt.com\/wp-content\/uploads\/2025\/04\/logo-schoenstatt-white-696x696-1.png","contentUrl":"https:\/\/schoenstatt.com\/wp-content\/uploads\/2025\/04\/logo-schoenstatt-white-696x696-1.png","width":696,"height":694,"caption":"Schoenstatt"},"image":{"@id":"https:\/\/schoenstatt.com\/de\/#\/schema\/logo\/image\/"}},{"@type":"Person","@id":"https:\/\/schoenstatt.com\/de\/#\/schema\/person\/5158877ad4acae98b34daaeef2a1ce6e","name":"Karen Bueno","image":{"@type":"ImageObject","inLanguage":"de","@id":"https:\/\/secure.gravatar.com\/avatar\/f9f4b823873154269d2b2130f195f6d41037dd0d7fc5f3cacb5c846bae70d66b?s=96&d=mm&r=g","url":"https:\/\/secure.gravatar.com\/avatar\/f9f4b823873154269d2b2130f195f6d41037dd0d7fc5f3cacb5c846bae70d66b?s=96&d=mm&r=g","contentUrl":"https:\/\/secure.gravatar.com\/avatar\/f9f4b823873154269d2b2130f195f6d41037dd0d7fc5f3cacb5c846bae70d66b?s=96&d=mm&r=g","caption":"Karen Bueno"},"url":"https:\/\/schoenstatt.com\/de\/author\/karen-bueno\/"}]}},"_links":{"self":[{"href":"https:\/\/schoenstatt.com\/de\/wp-json\/wp\/v2\/posts\/48987","targetHints":{"allow":["GET"]}}],"collection":[{"href":"https:\/\/schoenstatt.com\/de\/wp-json\/wp\/v2\/posts"}],"about":[{"href":"https:\/\/schoenstatt.com\/de\/wp-json\/wp\/v2\/types\/post"}],"author":[{"embeddable":true,"href":"https:\/\/schoenstatt.com\/de\/wp-json\/wp\/v2\/users\/3"}],"replies":[{"embeddable":true,"href":"https:\/\/schoenstatt.com\/de\/wp-json\/wp\/v2\/comments?post=48987"}],"version-history":[{"count":1,"href":"https:\/\/schoenstatt.com\/de\/wp-json\/wp\/v2\/posts\/48987\/revisions"}],"predecessor-version":[{"id":49017,"href":"https:\/\/schoenstatt.com\/de\/wp-json\/wp\/v2\/posts\/48987\/revisions\/49017"}],"wp:featuredmedia":[{"embeddable":true,"href":"https:\/\/schoenstatt.com\/de\/wp-json\/wp\/v2\/media\/32715"}],"wp:attachment":[{"href":"https:\/\/schoenstatt.com\/de\/wp-json\/wp\/v2\/media?parent=48987"}],"wp:term":[{"taxonomy":"category","embeddable":true,"href":"https:\/\/schoenstatt.com\/de\/wp-json\/wp\/v2\/categories?post=48987"},{"taxonomy":"post_tag","embeddable":true,"href":"https:\/\/schoenstatt.com\/de\/wp-json\/wp\/v2\/tags?post=48987"}],"curies":[{"name":"wp","href":"https:\/\/api.w.org\/{rel}","templated":true}]}}