{"id":48814,"date":"2025-04-22T15:19:24","date_gmt":"2025-04-22T13:19:24","guid":{"rendered":"https:\/\/schoenstatt.com\/?p=48814"},"modified":"2025-08-21T01:18:31","modified_gmt":"2025-08-20T23:18:31","slug":"wir-moechten-diese-tage-zum-anlass-nehmen-um-uns-an-alles-zu-erinnern-was-der-papst-uns-geschenkt-hat","status":"publish","type":"post","link":"https:\/\/schoenstatt.com\/de\/wir-moechten-diese-tage-zum-anlass-nehmen-um-uns-an-alles-zu-erinnern-was-der-papst-uns-geschenkt-hat\/","title":{"rendered":"Wir m\u00f6chten diese Tage zum Anlass nehmen, um uns an alles zu erinnern, was der Papst uns geschenkt hat"},"content":{"rendered":"\n<p>Als Vorsitzender des internationalen Generalpr\u00e4sidiums der Sch\u00f6nstattbewegung l\u00e4dt Pater Alexandre Awi Mello die gesamte internationale Sch\u00f6nstattfamilie ein, diesen Moment des \u00dcbergangs in der Kirche mit Gebeten zu begleiten. Er motiviert uns auch, das Verm\u00e4chtnis, das Papst Franziskus uns hinterlassen hat, weiterzuf\u00fchren. Hier seine vollst\u00e4ndige Botschaft:<\/p>\n\n\n\n<p><em>Liebe internationale Sch\u00f6nstattfamilie, wir sind hier am Urheiligtum, um f\u00fcr die ewige Ruhe unseres lieben Papstes Franziskus zu beten und die Gottesmutter zu bitten, ihn aufzunehmen, ihn in diesem Moment zu begleiten und auch die Kirche zu begleiten.<\/em><\/p>\n\n\n\n<p><em>Gedenken wir dieser zw\u00f6lf Jahre seines Pontifikats und all dessen, was er uns als Sch\u00f6nstattfamilie hinterl\u00e4sst, insbesondere der Begegnung anl\u00e4sslich des 100-j\u00e4hrigen Bestehens unserer Sch\u00f6nstattfamilie.<\/em><\/p>\n\n\n\n<p><em>Er hat uns so viele bedeutende Botschaften hinterlassen, die Aufgabe, die Kultur des B\u00fcndnisses weiterzutragen, die tiefe Liebe zur Gottesmutter, die er immer zum Ausdruck gebracht hat, und sogar die sch\u00f6ne Geste bei seinem letzten Gang \u00fcber den Petersplatz, als die Pilgernde Gottesmutter ihn in den letzten Augenblicken zusammen mit dem Volk Gottes begleiten wollte, so wie sie ihn, wie wir wissen, so viele Jahre lang in der Casa Santa Marta, in seinem Zimmer, begleitet hat.<\/em><\/p>\n\n\n\n<p><em>Die Gottesmutter war immer bei ihm, und er hat uns immer auf sie hingewiesen. Deshalb m\u00f6chten wir diese Tage auch nutzen, um uns an alles zu erinnern, was er uns geschenkt hat, und sein Verm\u00e4chtnis anzunehmen, es weiterzuf\u00fchren und in der Kirche weiterzutragen.<\/em><\/p>\n\n\n\n<p><em>Lasst uns in unseren Heiligt\u00fcmern f\u00fcr diesen Moment des \u00dcbergangs beten, f\u00fcr den Papst und f\u00fcr die Kirche, und lasst uns die Kultur des B\u00fcndnisses und der Begegnung lebendig halten.<\/em><\/p>\n\n\n\n<figure class=\"wp-block-embed is-type-video is-provider-youtube wp-block-embed-youtube wp-embed-aspect-16-9 wp-has-aspect-ratio\"><div class=\"wp-block-embed__wrapper\">\n<iframe title=\"Mensaje Oficial - Official Message - P. Alexandrew Awi Mello\" width=\"800\" height=\"450\" src=\"https:\/\/www.youtube.com\/embed\/Y9iVE_L64TI?feature=oembed\" frameborder=\"0\" allow=\"accelerometer; autoplay; clipboard-write; encrypted-media; gyroscope; picture-in-picture; web-share\" referrerpolicy=\"strict-origin-when-cross-origin\" allowfullscreen><\/iframe>\n<\/div><\/figure>\n\n\n\n<p>* Hier bezieht er sich auf das Bild der Pilgernden Gottesmutter von Sch\u00f6nstatt, das die junge Trinidad Dinamarca aus Chile dem Heiligen Vater am Ostersonntag schenkte. Laut Trinidad war es eines der letzten Geschenke, die der Papst am Ostersonntag vor seinem Tod erhielt &#8211; <a href=\"https:\/\/www.instagram.com\/reel\/DIt3xwpNmjG\/?utm_source=ig_web_copy_link&amp;igsh=MzRlODBiNWFlZA==\" target=\"_blank\" rel=\"noreferrer noopener\">siehe ihr Zeugnis hier.<\/a><\/p>\n\n\n\n<p><\/p>\n","protected":false},"excerpt":{"rendered":"<p>Pater Alexandre Awi Mello l\u00e4dt die gesamte Sch\u00f6nstattfamilie ein, diesen Moment des \u00dcbergangs in der Kirche mit Gebeten zu begleiten.<\/p>\n","protected":false},"author":3,"featured_media":48796,"comment_status":"closed","ping_status":"closed","sticky":false,"template":"","format":"standard","meta":{"footnotes":""},"categories":[852],"tags":[1061,1023,853,152,854],"class_list":["post-48814","post","type-post","status-publish","format-standard","has-post-thumbnail","hentry","category-papst-franziskus-de","tag-botschaft-des-generalprasidiums-de","tag-generalpraesidium-de","tag-kirche-de","tag-p-alexandre-awi-mello-de","tag-papst-franziskus-de"],"yoast_head":"<!-- This site is optimized with the Yoast SEO Premium plugin v27.4 (Yoast SEO v27.5) - https:\/\/yoast.com\/product\/yoast-seo-premium-wordpress\/ -->\n<title>Wir m\u00f6chten diese Tage zum Anlass nehmen, um uns an alles zu erinnern, was der Papst uns geschenkt hat<\/title>\n<meta name=\"description\" content=\"Pater Alexandre Awi Mello l\u00e4dt die gesamte Sch\u00f6nstattfamilie ein, diesen Moment des \u00dcbergangs in der Kirche mit Gebeten zu begleiten.\" \/>\n<meta name=\"robots\" content=\"index, follow, max-snippet:-1, max-image-preview:large, max-video-preview:-1\" \/>\n<link rel=\"canonical\" href=\"https:\/\/schoenstatt.com\/de\/wir-moechten-diese-tage-zum-anlass-nehmen-um-uns-an-alles-zu-erinnern-was-der-papst-uns-geschenkt-hat\/\" \/>\n<meta property=\"og:locale\" content=\"de_DE\" \/>\n<meta property=\"og:type\" content=\"article\" \/>\n<meta property=\"og:title\" content=\"Wir m\u00f6chten diese Tage zum Anlass nehmen, um uns an alles zu erinnern, was der Papst uns geschenkt hat\" \/>\n<meta property=\"og:description\" content=\"Pater Alexandre Awi Mello l\u00e4dt die gesamte Sch\u00f6nstattfamilie ein, diesen Moment des \u00dcbergangs in der Kirche mit Gebeten zu begleiten.\" \/>\n<meta property=\"og:url\" content=\"https:\/\/schoenstatt.com\/de\/wir-moechten-diese-tage-zum-anlass-nehmen-um-uns-an-alles-zu-erinnern-was-der-papst-uns-geschenkt-hat\/\" \/>\n<meta property=\"og:site_name\" content=\"Schoenstatt\" \/>\n<meta property=\"article:published_time\" content=\"2025-04-22T13:19:24+00:00\" \/>\n<meta property=\"article:modified_time\" content=\"2025-08-20T23:18:31+00:00\" \/>\n<meta property=\"og:image\" content=\"https:\/\/schoenstatt.com\/wp-content\/uploads\/2025\/04\/Fr-Alexandre-Awi-Mello.webp\" \/>\n\t<meta property=\"og:image:width\" content=\"1598\" \/>\n\t<meta property=\"og:image:height\" content=\"840\" \/>\n\t<meta property=\"og:image:type\" content=\"image\/png\" \/>\n<meta name=\"author\" content=\"Karen Bueno\" \/>\n<meta name=\"twitter:card\" content=\"summary_large_image\" \/>\n<meta name=\"twitter:label1\" content=\"Verfasst von\" \/>\n\t<meta name=\"twitter:data1\" content=\"Karen Bueno\" \/>\n\t<meta name=\"twitter:label2\" content=\"Gesch\u00e4tzte Lesezeit\" \/>\n\t<meta name=\"twitter:data2\" content=\"2\u00a0Minuten\" \/>\n<script type=\"application\/ld+json\" class=\"yoast-schema-graph\">{\"@context\":\"https:\\\/\\\/schema.org\",\"@graph\":[{\"@type\":\"Article\",\"@id\":\"https:\\\/\\\/schoenstatt.com\\\/de\\\/wir-moechten-diese-tage-zum-anlass-nehmen-um-uns-an-alles-zu-erinnern-was-der-papst-uns-geschenkt-hat\\\/#article\",\"isPartOf\":{\"@id\":\"https:\\\/\\\/schoenstatt.com\\\/de\\\/wir-moechten-diese-tage-zum-anlass-nehmen-um-uns-an-alles-zu-erinnern-was-der-papst-uns-geschenkt-hat\\\/\"},\"author\":{\"name\":\"Karen Bueno\",\"@id\":\"https:\\\/\\\/schoenstatt.com\\\/de\\\/#\\\/schema\\\/person\\\/5158877ad4acae98b34daaeef2a1ce6e\"},\"headline\":\"Wir m\u00f6chten diese Tage zum Anlass nehmen, um uns an alles zu erinnern, was der Papst uns geschenkt hat\",\"datePublished\":\"2025-04-22T13:19:24+00:00\",\"dateModified\":\"2025-08-20T23:18:31+00:00\",\"mainEntityOfPage\":{\"@id\":\"https:\\\/\\\/schoenstatt.com\\\/de\\\/wir-moechten-diese-tage-zum-anlass-nehmen-um-uns-an-alles-zu-erinnern-was-der-papst-uns-geschenkt-hat\\\/\"},\"wordCount\":359,\"publisher\":{\"@id\":\"https:\\\/\\\/schoenstatt.com\\\/de\\\/#organization\"},\"image\":{\"@id\":\"https:\\\/\\\/schoenstatt.com\\\/de\\\/wir-moechten-diese-tage-zum-anlass-nehmen-um-uns-an-alles-zu-erinnern-was-der-papst-uns-geschenkt-hat\\\/#primaryimage\"},\"thumbnailUrl\":\"https:\\\/\\\/schoenstatt.com\\\/wp-content\\\/uploads\\\/2025\\\/04\\\/Fr-Alexandre-Awi-Mello.webp\",\"keywords\":[\"Botschaft des Generalpr\u00e4sidiums\",\"Generalpr\u00e4sidium\",\"Kirche\",\"P. Alexandre Awi Mello\",\"Papst Franziskus\"],\"articleSection\":[\"Papst Franziskus\"],\"inLanguage\":\"de\"},{\"@type\":\"WebPage\",\"@id\":\"https:\\\/\\\/schoenstatt.com\\\/de\\\/wir-moechten-diese-tage-zum-anlass-nehmen-um-uns-an-alles-zu-erinnern-was-der-papst-uns-geschenkt-hat\\\/\",\"url\":\"https:\\\/\\\/schoenstatt.com\\\/de\\\/wir-moechten-diese-tage-zum-anlass-nehmen-um-uns-an-alles-zu-erinnern-was-der-papst-uns-geschenkt-hat\\\/\",\"name\":\"Wir m\u00f6chten diese Tage zum Anlass nehmen, um uns an alles zu erinnern, was der Papst uns geschenkt hat\",\"isPartOf\":{\"@id\":\"https:\\\/\\\/schoenstatt.com\\\/de\\\/#website\"},\"primaryImageOfPage\":{\"@id\":\"https:\\\/\\\/schoenstatt.com\\\/de\\\/wir-moechten-diese-tage-zum-anlass-nehmen-um-uns-an-alles-zu-erinnern-was-der-papst-uns-geschenkt-hat\\\/#primaryimage\"},\"image\":{\"@id\":\"https:\\\/\\\/schoenstatt.com\\\/de\\\/wir-moechten-diese-tage-zum-anlass-nehmen-um-uns-an-alles-zu-erinnern-was-der-papst-uns-geschenkt-hat\\\/#primaryimage\"},\"thumbnailUrl\":\"https:\\\/\\\/schoenstatt.com\\\/wp-content\\\/uploads\\\/2025\\\/04\\\/Fr-Alexandre-Awi-Mello.webp\",\"datePublished\":\"2025-04-22T13:19:24+00:00\",\"dateModified\":\"2025-08-20T23:18:31+00:00\",\"description\":\"Pater Alexandre Awi Mello l\u00e4dt die gesamte Sch\u00f6nstattfamilie ein, diesen Moment des \u00dcbergangs in der Kirche mit Gebeten zu begleiten.\",\"breadcrumb\":{\"@id\":\"https:\\\/\\\/schoenstatt.com\\\/de\\\/wir-moechten-diese-tage-zum-anlass-nehmen-um-uns-an-alles-zu-erinnern-was-der-papst-uns-geschenkt-hat\\\/#breadcrumb\"},\"inLanguage\":\"de\",\"potentialAction\":[{\"@type\":\"ReadAction\",\"target\":[\"https:\\\/\\\/schoenstatt.com\\\/de\\\/wir-moechten-diese-tage-zum-anlass-nehmen-um-uns-an-alles-zu-erinnern-was-der-papst-uns-geschenkt-hat\\\/\"]}]},{\"@type\":\"ImageObject\",\"inLanguage\":\"de\",\"@id\":\"https:\\\/\\\/schoenstatt.com\\\/de\\\/wir-moechten-diese-tage-zum-anlass-nehmen-um-uns-an-alles-zu-erinnern-was-der-papst-uns-geschenkt-hat\\\/#primaryimage\",\"url\":\"https:\\\/\\\/schoenstatt.com\\\/wp-content\\\/uploads\\\/2025\\\/04\\\/Fr-Alexandre-Awi-Mello.webp\",\"contentUrl\":\"https:\\\/\\\/schoenstatt.com\\\/wp-content\\\/uploads\\\/2025\\\/04\\\/Fr-Alexandre-Awi-Mello.webp\",\"width\":1598,\"height\":840},{\"@type\":\"BreadcrumbList\",\"@id\":\"https:\\\/\\\/schoenstatt.com\\\/de\\\/wir-moechten-diese-tage-zum-anlass-nehmen-um-uns-an-alles-zu-erinnern-was-der-papst-uns-geschenkt-hat\\\/#breadcrumb\",\"itemListElement\":[{\"@type\":\"ListItem\",\"position\":1,\"name\":\"Portada\",\"item\":\"https:\\\/\\\/schoenstatt.com\\\/de\\\/home\\\/\"},{\"@type\":\"ListItem\",\"position\":2,\"name\":\"Wir m\u00f6chten diese Tage zum Anlass nehmen, um uns an alles zu erinnern, was der Papst uns geschenkt hat\"}]},{\"@type\":\"WebSite\",\"@id\":\"https:\\\/\\\/schoenstatt.com\\\/de\\\/#website\",\"url\":\"https:\\\/\\\/schoenstatt.com\\\/de\\\/\",\"name\":\"Schoenstatt\",\"description\":\"Apostolic Movement\",\"publisher\":{\"@id\":\"https:\\\/\\\/schoenstatt.com\\\/de\\\/#organization\"},\"potentialAction\":[{\"@type\":\"SearchAction\",\"target\":{\"@type\":\"EntryPoint\",\"urlTemplate\":\"https:\\\/\\\/schoenstatt.com\\\/de\\\/?s={search_term_string}\"},\"query-input\":{\"@type\":\"PropertyValueSpecification\",\"valueRequired\":true,\"valueName\":\"search_term_string\"}}],\"inLanguage\":\"de\"},{\"@type\":\"Organization\",\"@id\":\"https:\\\/\\\/schoenstatt.com\\\/de\\\/#organization\",\"name\":\"Schoenstatt\",\"url\":\"https:\\\/\\\/schoenstatt.com\\\/de\\\/\",\"logo\":{\"@type\":\"ImageObject\",\"inLanguage\":\"de\",\"@id\":\"https:\\\/\\\/schoenstatt.com\\\/de\\\/#\\\/schema\\\/logo\\\/image\\\/\",\"url\":\"https:\\\/\\\/schoenstatt.com\\\/wp-content\\\/uploads\\\/2025\\\/04\\\/logo-schoenstatt-white-696x696-1.png\",\"contentUrl\":\"https:\\\/\\\/schoenstatt.com\\\/wp-content\\\/uploads\\\/2025\\\/04\\\/logo-schoenstatt-white-696x696-1.png\",\"width\":696,\"height\":694,\"caption\":\"Schoenstatt\"},\"image\":{\"@id\":\"https:\\\/\\\/schoenstatt.com\\\/de\\\/#\\\/schema\\\/logo\\\/image\\\/\"}},{\"@type\":\"Person\",\"@id\":\"https:\\\/\\\/schoenstatt.com\\\/de\\\/#\\\/schema\\\/person\\\/5158877ad4acae98b34daaeef2a1ce6e\",\"name\":\"Karen Bueno\",\"image\":{\"@type\":\"ImageObject\",\"inLanguage\":\"de\",\"@id\":\"https:\\\/\\\/secure.gravatar.com\\\/avatar\\\/f9f4b823873154269d2b2130f195f6d41037dd0d7fc5f3cacb5c846bae70d66b?s=96&d=mm&r=g\",\"url\":\"https:\\\/\\\/secure.gravatar.com\\\/avatar\\\/f9f4b823873154269d2b2130f195f6d41037dd0d7fc5f3cacb5c846bae70d66b?s=96&d=mm&r=g\",\"contentUrl\":\"https:\\\/\\\/secure.gravatar.com\\\/avatar\\\/f9f4b823873154269d2b2130f195f6d41037dd0d7fc5f3cacb5c846bae70d66b?s=96&d=mm&r=g\",\"caption\":\"Karen Bueno\"},\"url\":\"https:\\\/\\\/schoenstatt.com\\\/de\\\/author\\\/karen-bueno\\\/\"}]}<\/script>\n<!-- \/ Yoast SEO Premium plugin. -->","yoast_head_json":{"title":"Wir m\u00f6chten diese Tage zum Anlass nehmen, um uns an alles zu erinnern, was der Papst uns geschenkt hat","description":"Pater Alexandre Awi Mello l\u00e4dt die gesamte Sch\u00f6nstattfamilie ein, diesen Moment des \u00dcbergangs in der Kirche mit Gebeten zu begleiten.","robots":{"index":"index","follow":"follow","max-snippet":"max-snippet:-1","max-image-preview":"max-image-preview:large","max-video-preview":"max-video-preview:-1"},"canonical":"https:\/\/schoenstatt.com\/de\/wir-moechten-diese-tage-zum-anlass-nehmen-um-uns-an-alles-zu-erinnern-was-der-papst-uns-geschenkt-hat\/","og_locale":"de_DE","og_type":"article","og_title":"Wir m\u00f6chten diese Tage zum Anlass nehmen, um uns an alles zu erinnern, was der Papst uns geschenkt hat","og_description":"Pater Alexandre Awi Mello l\u00e4dt die gesamte Sch\u00f6nstattfamilie ein, diesen Moment des \u00dcbergangs in der Kirche mit Gebeten zu begleiten.","og_url":"https:\/\/schoenstatt.com\/de\/wir-moechten-diese-tage-zum-anlass-nehmen-um-uns-an-alles-zu-erinnern-was-der-papst-uns-geschenkt-hat\/","og_site_name":"Schoenstatt","article_published_time":"2025-04-22T13:19:24+00:00","article_modified_time":"2025-08-20T23:18:31+00:00","og_image":[{"url":"https:\/\/schoenstatt.com\/wp-content\/uploads\/2025\/04\/Fr-Alexandre-Awi-Mello.webp","width":1598,"height":840,"type":"image\/png"}],"author":"Karen Bueno","twitter_card":"summary_large_image","twitter_misc":{"Verfasst von":"Karen Bueno","Gesch\u00e4tzte Lesezeit":"2\u00a0Minuten"},"schema":{"@context":"https:\/\/schema.org","@graph":[{"@type":"Article","@id":"https:\/\/schoenstatt.com\/de\/wir-moechten-diese-tage-zum-anlass-nehmen-um-uns-an-alles-zu-erinnern-was-der-papst-uns-geschenkt-hat\/#article","isPartOf":{"@id":"https:\/\/schoenstatt.com\/de\/wir-moechten-diese-tage-zum-anlass-nehmen-um-uns-an-alles-zu-erinnern-was-der-papst-uns-geschenkt-hat\/"},"author":{"name":"Karen Bueno","@id":"https:\/\/schoenstatt.com\/de\/#\/schema\/person\/5158877ad4acae98b34daaeef2a1ce6e"},"headline":"Wir m\u00f6chten diese Tage zum Anlass nehmen, um uns an alles zu erinnern, was der Papst uns geschenkt hat","datePublished":"2025-04-22T13:19:24+00:00","dateModified":"2025-08-20T23:18:31+00:00","mainEntityOfPage":{"@id":"https:\/\/schoenstatt.com\/de\/wir-moechten-diese-tage-zum-anlass-nehmen-um-uns-an-alles-zu-erinnern-was-der-papst-uns-geschenkt-hat\/"},"wordCount":359,"publisher":{"@id":"https:\/\/schoenstatt.com\/de\/#organization"},"image":{"@id":"https:\/\/schoenstatt.com\/de\/wir-moechten-diese-tage-zum-anlass-nehmen-um-uns-an-alles-zu-erinnern-was-der-papst-uns-geschenkt-hat\/#primaryimage"},"thumbnailUrl":"https:\/\/schoenstatt.com\/wp-content\/uploads\/2025\/04\/Fr-Alexandre-Awi-Mello.webp","keywords":["Botschaft des Generalpr\u00e4sidiums","Generalpr\u00e4sidium","Kirche","P. Alexandre Awi Mello","Papst Franziskus"],"articleSection":["Papst Franziskus"],"inLanguage":"de"},{"@type":"WebPage","@id":"https:\/\/schoenstatt.com\/de\/wir-moechten-diese-tage-zum-anlass-nehmen-um-uns-an-alles-zu-erinnern-was-der-papst-uns-geschenkt-hat\/","url":"https:\/\/schoenstatt.com\/de\/wir-moechten-diese-tage-zum-anlass-nehmen-um-uns-an-alles-zu-erinnern-was-der-papst-uns-geschenkt-hat\/","name":"Wir m\u00f6chten diese Tage zum Anlass nehmen, um uns an alles zu erinnern, was der Papst uns geschenkt hat","isPartOf":{"@id":"https:\/\/schoenstatt.com\/de\/#website"},"primaryImageOfPage":{"@id":"https:\/\/schoenstatt.com\/de\/wir-moechten-diese-tage-zum-anlass-nehmen-um-uns-an-alles-zu-erinnern-was-der-papst-uns-geschenkt-hat\/#primaryimage"},"image":{"@id":"https:\/\/schoenstatt.com\/de\/wir-moechten-diese-tage-zum-anlass-nehmen-um-uns-an-alles-zu-erinnern-was-der-papst-uns-geschenkt-hat\/#primaryimage"},"thumbnailUrl":"https:\/\/schoenstatt.com\/wp-content\/uploads\/2025\/04\/Fr-Alexandre-Awi-Mello.webp","datePublished":"2025-04-22T13:19:24+00:00","dateModified":"2025-08-20T23:18:31+00:00","description":"Pater Alexandre Awi Mello l\u00e4dt die gesamte Sch\u00f6nstattfamilie ein, diesen Moment des \u00dcbergangs in der Kirche mit Gebeten zu begleiten.","breadcrumb":{"@id":"https:\/\/schoenstatt.com\/de\/wir-moechten-diese-tage-zum-anlass-nehmen-um-uns-an-alles-zu-erinnern-was-der-papst-uns-geschenkt-hat\/#breadcrumb"},"inLanguage":"de","potentialAction":[{"@type":"ReadAction","target":["https:\/\/schoenstatt.com\/de\/wir-moechten-diese-tage-zum-anlass-nehmen-um-uns-an-alles-zu-erinnern-was-der-papst-uns-geschenkt-hat\/"]}]},{"@type":"ImageObject","inLanguage":"de","@id":"https:\/\/schoenstatt.com\/de\/wir-moechten-diese-tage-zum-anlass-nehmen-um-uns-an-alles-zu-erinnern-was-der-papst-uns-geschenkt-hat\/#primaryimage","url":"https:\/\/schoenstatt.com\/wp-content\/uploads\/2025\/04\/Fr-Alexandre-Awi-Mello.webp","contentUrl":"https:\/\/schoenstatt.com\/wp-content\/uploads\/2025\/04\/Fr-Alexandre-Awi-Mello.webp","width":1598,"height":840},{"@type":"BreadcrumbList","@id":"https:\/\/schoenstatt.com\/de\/wir-moechten-diese-tage-zum-anlass-nehmen-um-uns-an-alles-zu-erinnern-was-der-papst-uns-geschenkt-hat\/#breadcrumb","itemListElement":[{"@type":"ListItem","position":1,"name":"Portada","item":"https:\/\/schoenstatt.com\/de\/home\/"},{"@type":"ListItem","position":2,"name":"Wir m\u00f6chten diese Tage zum Anlass nehmen, um uns an alles zu erinnern, was der Papst uns geschenkt hat"}]},{"@type":"WebSite","@id":"https:\/\/schoenstatt.com\/de\/#website","url":"https:\/\/schoenstatt.com\/de\/","name":"Schoenstatt","description":"Apostolic Movement","publisher":{"@id":"https:\/\/schoenstatt.com\/de\/#organization"},"potentialAction":[{"@type":"SearchAction","target":{"@type":"EntryPoint","urlTemplate":"https:\/\/schoenstatt.com\/de\/?s={search_term_string}"},"query-input":{"@type":"PropertyValueSpecification","valueRequired":true,"valueName":"search_term_string"}}],"inLanguage":"de"},{"@type":"Organization","@id":"https:\/\/schoenstatt.com\/de\/#organization","name":"Schoenstatt","url":"https:\/\/schoenstatt.com\/de\/","logo":{"@type":"ImageObject","inLanguage":"de","@id":"https:\/\/schoenstatt.com\/de\/#\/schema\/logo\/image\/","url":"https:\/\/schoenstatt.com\/wp-content\/uploads\/2025\/04\/logo-schoenstatt-white-696x696-1.png","contentUrl":"https:\/\/schoenstatt.com\/wp-content\/uploads\/2025\/04\/logo-schoenstatt-white-696x696-1.png","width":696,"height":694,"caption":"Schoenstatt"},"image":{"@id":"https:\/\/schoenstatt.com\/de\/#\/schema\/logo\/image\/"}},{"@type":"Person","@id":"https:\/\/schoenstatt.com\/de\/#\/schema\/person\/5158877ad4acae98b34daaeef2a1ce6e","name":"Karen Bueno","image":{"@type":"ImageObject","inLanguage":"de","@id":"https:\/\/secure.gravatar.com\/avatar\/f9f4b823873154269d2b2130f195f6d41037dd0d7fc5f3cacb5c846bae70d66b?s=96&d=mm&r=g","url":"https:\/\/secure.gravatar.com\/avatar\/f9f4b823873154269d2b2130f195f6d41037dd0d7fc5f3cacb5c846bae70d66b?s=96&d=mm&r=g","contentUrl":"https:\/\/secure.gravatar.com\/avatar\/f9f4b823873154269d2b2130f195f6d41037dd0d7fc5f3cacb5c846bae70d66b?s=96&d=mm&r=g","caption":"Karen Bueno"},"url":"https:\/\/schoenstatt.com\/de\/author\/karen-bueno\/"}]}},"_links":{"self":[{"href":"https:\/\/schoenstatt.com\/de\/wp-json\/wp\/v2\/posts\/48814","targetHints":{"allow":["GET"]}}],"collection":[{"href":"https:\/\/schoenstatt.com\/de\/wp-json\/wp\/v2\/posts"}],"about":[{"href":"https:\/\/schoenstatt.com\/de\/wp-json\/wp\/v2\/types\/post"}],"author":[{"embeddable":true,"href":"https:\/\/schoenstatt.com\/de\/wp-json\/wp\/v2\/users\/3"}],"replies":[{"embeddable":true,"href":"https:\/\/schoenstatt.com\/de\/wp-json\/wp\/v2\/comments?post=48814"}],"version-history":[{"count":2,"href":"https:\/\/schoenstatt.com\/de\/wp-json\/wp\/v2\/posts\/48814\/revisions"}],"predecessor-version":[{"id":48870,"href":"https:\/\/schoenstatt.com\/de\/wp-json\/wp\/v2\/posts\/48814\/revisions\/48870"}],"wp:featuredmedia":[{"embeddable":true,"href":"https:\/\/schoenstatt.com\/de\/wp-json\/wp\/v2\/media\/48796"}],"wp:attachment":[{"href":"https:\/\/schoenstatt.com\/de\/wp-json\/wp\/v2\/media?parent=48814"}],"wp:term":[{"taxonomy":"category","embeddable":true,"href":"https:\/\/schoenstatt.com\/de\/wp-json\/wp\/v2\/categories?post=48814"},{"taxonomy":"post_tag","embeddable":true,"href":"https:\/\/schoenstatt.com\/de\/wp-json\/wp\/v2\/tags?post=48814"}],"curies":[{"name":"wp","href":"https:\/\/api.w.org\/{rel}","templated":true}]}}