{"id":44421,"date":"2025-04-11T03:03:00","date_gmt":"2025-04-11T01:03:00","guid":{"rendered":"https:\/\/schoenstatt.com\/?p=44421"},"modified":"2025-08-19T02:15:47","modified_gmt":"2025-08-19T00:15:47","slug":"maria-das-zeichen-der-hoffnung-fuer-den-frieden-in-der-dem-rep-kongo","status":"publish","type":"post","link":"https:\/\/schoenstatt.com\/de\/maria-das-zeichen-der-hoffnung-fuer-den-frieden-in-der-dem-rep-kongo\/","title":{"rendered":"Maria, das Zeichen der Hoffnung f\u00fcr den Frieden in der Dem. Rep. Kongo"},"content":{"rendered":"\n<p>Vor einigen Monaten wurde das erste Sch\u00f6nstatt-Heiligtum in der <a href=\"https:\/\/maps.app.goo.gl\/itkgb4hoX4xr5faB7\" target=\"_blank\" rel=\"noreferrer noopener\"><mark style=\"background-color:rgba(0, 0, 0, 0);color:#e46d00\" class=\"has-inline-color\">Demokratischen Republik Kongo<\/mark><\/a> eingeweiht (<a href=\"https:\/\/schoenstatt.com\/de\/die-demokratische-republik-kongo-erhealt-ihr-erstes-schoenstattheiligtum\/\"><mark style=\"background-color:rgba(0, 0, 0, 0);color:#e46d00\" class=\"has-inline-color\">lesen Sie hier mehr dar\u00fcber<\/mark><\/a>). Dieses Land leidet seit einigen Jahren unter Konflikten und B\u00fcrgerkrieg. Anfang 2025 versch\u00e4rfte sich die Situation und erreichte das Gebiet des neuen Heiligtums, wie auf dem Foto zu sehen ist. Agisha Gaetano, Seminarist des Instituts der Sch\u00f6nstatt-Patres, erz\u00e4hlt uns mehr \u00fcber diese Situation.<\/p>\n\n\n\n<h3 class=\"wp-block-heading\" id=\"h-ein-gemischtes-bild-eines-krieges-der-einer-wehrlosen-bevolkerung-aufgezwungen-wurde\"><strong><strong>Ein gemischtes Bild eines Krieges, der einer wehrlosen Bev\u00f6lkerung aufgezwungen wurde<\/strong><\/strong><\/h3>\n\n\n\n<p>Zu Beginn des neuen Jahres 2025, das als Jahr der Hoffnung viele Wunder versprach, ist in diesem Teil der Demokratischen Republik Kongo erneut ein m\u00f6rderischer und erbarmungsloser Krieg ausgebrochen, unter dessen Folgen die kongolesische Bev\u00f6lkerung bis heute leidet. Die Menschenw\u00fcrde wird nicht respektiert, Gesetze und Regeln werden missachtet. Es herrscht das Recht des St\u00e4rkeren. Ein Krieg, in dem die Bev\u00f6lkerung nur schwer erkennen kann, wer der wahre Feind ist. Ironischerweise sind diejenigen, die eigentlich f\u00fcr den Schutz der Bev\u00f6lkerung sorgen sollten, stattdessen auf sie angesetzt und fordern Tag und Nacht L\u00f6segeld, nehmen sogar skrupellos Menschenleben. Und niemand bleibt verschont!<\/p>\n\n\n\n<figure class=\"wp-block-image size-large\"><img decoding=\"async\" src=\"https:\/\/schoenstatt.com\/wp-content\/uploads\/2025\/04\/Schoenstatt-Shrine-Democratic-Republic-of-Congo-1024x669.jpg\" alt=\"Schoenstatt Shrine in the Democratic Republic of the Congo\" class=\"wp-image-44403\"\/><figcaption class=\"wp-element-caption\">\u201eDas Gel\u00e4nde unseres Heiligtums ist bis heute von einheimischen Widerstandsk\u00e4mpfern besetzt, die dort ein Milit\u00e4rlager errichtet haben\u201c.<\/figcaption><\/figure>\n\n\n\n<h3 class=\"wp-block-heading\" id=\"h-schoenstatt-ein-kriegskind\"><strong><strong>Schoenstatt, ein Kriegskind<\/strong><\/strong><\/h3>\n\n\n\n<p>Auch die Stadt Uvira, in der vor acht Monaten das erste Sch\u00f6nstatt-Heiligtum des Landes (Mount Zion BULA) eingeweiht wurde, leidet unter der Psychose des Krieges vor ihrer Haust\u00fcr. F\u00fcr eine Stadt, die den Ruf hat, widerstandsf\u00e4hig zu sein, war es am 22. Februar 2025 an der Zeit, sich zwischen den lokalen Widerstandsk\u00e4mpfern und dem Milit\u00e4r zu entscheiden, das von den ersteren beschuldigt wurde, mit Waffen und Munition abzuziehen und die Stadt den Rebellen zu \u00fcberlassen. Der Aufstand hat Uvira jedoch noch nicht erreicht. Der Bericht stellt die Bev\u00f6lkerung von Uvira derzeit als im Kreuzfeuer zwischen den Widerstandsk\u00e4mpfern, genannt \u201eWAZALENDO\u201c, und den loyalen Soldaten, genannt \u201eFARDC\u201c, gefangen dar; dazu kommt die Angst, dass Uvira Schauplatz eines Massakers durch die Rebellen werden k\u00f6nnte, die mit Riesenschritten auf die Stadt an der Grenze zu Bujumbura, der Hauptstadt Burundis, vorr\u00fccken.<\/p>\n\n\n\n<figure class=\"wp-block-image size-full\"><img decoding=\"async\" src=\"https:\/\/schoenstatt.com\/wp-content\/uploads\/2025\/04\/Democratic-Republic-of-Congo.jpg\" alt=\"War in the Democratic Republic of the Congo\" class=\"wp-image-44413\"\/><\/figure>\n\n\n\n<p>Die Stadt ger\u00e4t au\u00dfer Kontrolle. Gesch\u00e4fte werden gepl\u00fcndert, H\u00e4user verw\u00fcstet\u2026 Die N\u00e4chte sind lang und unruhig. Und obwohl niemand verschont bleibt, sind einige aufgrund ihres Ranges und ihrer Verantwortung st\u00e4rker betroffen als andere.<\/p>\n\n\n\n<p>So musste der Bischof der Di\u00f6zese Uvira, Monsignore S\u00e9bastien Muyengo Mulombe, vor zwei Tagen einen hohen Preis zahlen, als er von Soldaten aufgesucht wurde, die die Situation ausnutzten, um Geld von ihm zu fordern. Berichten zufolge wurden auch mehrere Ordensgemeinschaften und ein Pfarrhaus von Bewaffneten angegriffen. Das Gel\u00e4nde unseres Heiligtums ist bis heute von einheimischen Widerstandsk\u00e4mpfern besetzt, die dort ein Milit\u00e4rlager errichtet haben.<\/p>\n\n\n\n<p>Was soll man zu all diesen Verlusten an Menschenleben sagen? Leichen liegen auf den Stra\u00dfen, Frauen und M\u00e4dchen werden t\u00e4glich vergewaltigt und verst\u00fcmmelt, junge M\u00e4nner werden zwangsrekrutiert und in bewaffnete Gruppen eingegliedert. Familien werden auseinandergerissen.<\/p>\n\n\n\n<p>Dieser x-te Krieg schw\u00e4cht ein Wirtschaftssystem erheblich, das bereits im Sterben lag und in dem sich die Mehrheit der Bev\u00f6lkerung nicht wiederfand.<\/p>\n\n\n\n<figure class=\"wp-block-image size-full\"><img decoding=\"async\" src=\"https:\/\/schoenstatt.com\/wp-content\/uploads\/2024\/09\/schoenstatt-fathers-congo-2.jpg\" alt=\"Schoenstatt Shrine in the Democratic Republic of the Congo\" class=\"wp-image-41119\"\/><figcaption class=\"wp-element-caption\">Das Gel\u00e4nde des Heiligtums vor seiner Einweihung im Jahr 2024.<\/figcaption><\/figure>\n\n\n\n<h3 class=\"wp-block-heading\" id=\"h-ein-hoffnungsschimmer\"><strong><strong>Ein Hoffnungsschimmer<\/strong><\/strong><\/h3>\n\n\n\n<p>Unser Glaube an die g\u00f6ttliche Vorsehung l\u00e4sst uns hoffen. Unser Glaube an die F\u00fcrsprache der Dreimal Wunderbaren Mutter, K\u00f6nigin von Sch\u00f6nstatt, l\u00e4sst uns von einer besseren Zukunft tr\u00e4umen, von Frieden und Verst\u00e4ndigung unter den Kongolesen.<\/p>\n\n\n\n<p>Nat\u00fcrlich zeigt uns die Geschichte Sch\u00f6nstatts, dass Krieg immer ein Teil davon war, aber vor allem wusste die Gottesmutter zu sch\u00fctzen und Frieden zu bringen, wo immer sie sich niederlie\u00df. Auch diesmal, wie in Kana, wird sie f\u00fcr uns von ihrem Sohn den Frieden erbitten, um den wir sie bitten.<\/p>\n\n\n\n<p>Heilige Maria, K\u00f6nigin der Hoffnung, bitte f\u00fcr uns!<\/p>\n\n\n<p><iframe src=\"https:\/\/www.google.com\/maps\/embed?pb=!1m18!1m12!1m3!1d16270695.314060507!2d18.075167866459303!3d-5.36534798794702!2m3!1f0!2f0!3f0!3m2!1i1024!2i768!4f13.1!3m3!1m2!1s0x1979facf9a7546bd%3A0x4c63e5eac93f141!2sDemocratic%20Republic%20of%20the%20Congo!5e0!3m2!1sen!2sbr!4v1744305149516!5m2!1sen!2sbr\" width=\"600\" height=\"450\" style=\"border:0;\" allowfullscreen=\"\" loading=\"lazy\" referrerpolicy=\"no-referrer-when-downgrade\"><\/iframe><\/p>\n\n\n\n<p><strong>\u00dcbersetzung: <\/strong>Sr. M. Lourdes Mac\u00edas<br><strong>Lektorat:<\/strong> Sr. M. Anika L\u00e4mmle<\/p>\n","protected":false},"excerpt":{"rendered":"<p>Das neue Heiligtum im Kriegsgebiet: Das Heiligtum liegt in einem gef\u00e4hrlichen Konfliktgebiet in der DR Kongo. Beten wir f\u00fcr unsere Br\u00fcder und Schwestern! <\/p>\n","protected":false},"author":3,"featured_media":44403,"comment_status":"closed","ping_status":"closed","sticky":false,"template":"","format":"standard","meta":{"footnotes":""},"categories":[71,910],"tags":[1284,1140,1197],"class_list":["post-44421","post","type-post","status-publish","format-standard","has-post-thumbnail","hentry","category-afrika-de","category-gesellschaft-de","tag-afrika-de","tag-schonstatt-dr-kongo-de","tag-schonstatt-heiligtum-de"],"yoast_head":"<!-- This site is optimized with the Yoast SEO Premium plugin v27.4 (Yoast SEO v27.4) - https:\/\/yoast.com\/product\/yoast-seo-premium-wordpress\/ -->\n<title>Maria, das Zeichen der Hoffnung f\u00fcr den Frieden in der Dem. Rep. Kongo<\/title>\n<meta name=\"description\" content=\"Das Heiligtum liegt in einem gef\u00e4hrlichen Konfliktgebiet in der DR Kongo. Beten wir f\u00fcr unsere Br\u00fcder und Schwestern!\" \/>\n<meta name=\"robots\" content=\"index, follow, max-snippet:-1, max-image-preview:large, max-video-preview:-1\" \/>\n<link rel=\"canonical\" href=\"https:\/\/schoenstatt.com\/de\/maria-das-zeichen-der-hoffnung-fuer-den-frieden-in-der-dem-rep-kongo\/\" \/>\n<meta property=\"og:locale\" content=\"de_DE\" \/>\n<meta property=\"og:type\" content=\"article\" \/>\n<meta property=\"og:title\" content=\"Maria, das Zeichen der Hoffnung f\u00fcr den Frieden in der Dem. Rep. Kongo\" \/>\n<meta property=\"og:description\" content=\"Das Heiligtum liegt in einem gef\u00e4hrlichen Konfliktgebiet in der DR Kongo. Beten wir f\u00fcr unsere Br\u00fcder und Schwestern!\" \/>\n<meta property=\"og:url\" content=\"https:\/\/schoenstatt.com\/de\/maria-das-zeichen-der-hoffnung-fuer-den-frieden-in-der-dem-rep-kongo\/\" \/>\n<meta property=\"og:site_name\" content=\"Schoenstatt\" \/>\n<meta property=\"article:published_time\" content=\"2025-04-11T01:03:00+00:00\" \/>\n<meta property=\"article:modified_time\" content=\"2025-08-19T00:15:47+00:00\" \/>\n<meta property=\"og:image\" content=\"https:\/\/schoenstatt.com\/wp-content\/uploads\/2025\/04\/Schoenstatt-Shrine-Democratic-Republic-of-Congo-1.webp\" \/>\n\t<meta property=\"og:image:width\" content=\"1920\" \/>\n\t<meta property=\"og:image:height\" content=\"1254\" \/>\n\t<meta property=\"og:image:type\" content=\"image\/webp\" \/>\n<meta name=\"author\" content=\"Karen Bueno\" \/>\n<meta name=\"twitter:card\" content=\"summary_large_image\" \/>\n<meta name=\"twitter:label1\" content=\"Verfasst von\" \/>\n\t<meta name=\"twitter:data1\" content=\"Karen Bueno\" \/>\n\t<meta name=\"twitter:label2\" content=\"Gesch\u00e4tzte Lesezeit\" \/>\n\t<meta name=\"twitter:data2\" content=\"4\u00a0Minuten\" \/>\n<script type=\"application\/ld+json\" class=\"yoast-schema-graph\">{\"@context\":\"https:\\\/\\\/schema.org\",\"@graph\":[{\"@type\":\"Article\",\"@id\":\"https:\\\/\\\/schoenstatt.com\\\/de\\\/maria-das-zeichen-der-hoffnung-fuer-den-frieden-in-der-dem-rep-kongo\\\/#article\",\"isPartOf\":{\"@id\":\"https:\\\/\\\/schoenstatt.com\\\/de\\\/maria-das-zeichen-der-hoffnung-fuer-den-frieden-in-der-dem-rep-kongo\\\/\"},\"author\":{\"name\":\"Karen Bueno\",\"@id\":\"https:\\\/\\\/schoenstatt.com\\\/de\\\/#\\\/schema\\\/person\\\/5158877ad4acae98b34daaeef2a1ce6e\"},\"headline\":\"Maria, das Zeichen der Hoffnung f\u00fcr den Frieden in der Dem. Rep. Kongo\",\"datePublished\":\"2025-04-11T01:03:00+00:00\",\"dateModified\":\"2025-08-19T00:15:47+00:00\",\"mainEntityOfPage\":{\"@id\":\"https:\\\/\\\/schoenstatt.com\\\/de\\\/maria-das-zeichen-der-hoffnung-fuer-den-frieden-in-der-dem-rep-kongo\\\/\"},\"wordCount\":669,\"publisher\":{\"@id\":\"https:\\\/\\\/schoenstatt.com\\\/de\\\/#organization\"},\"image\":{\"@id\":\"https:\\\/\\\/schoenstatt.com\\\/de\\\/maria-das-zeichen-der-hoffnung-fuer-den-frieden-in-der-dem-rep-kongo\\\/#primaryimage\"},\"thumbnailUrl\":\"https:\\\/\\\/schoenstatt.com\\\/wp-content\\\/uploads\\\/2025\\\/04\\\/Schoenstatt-Shrine-Democratic-Republic-of-Congo-1.webp\",\"keywords\":[\"Afrika\",\"Sch\u00f6nstatt DR Kongo\",\"Sch\u00f6nstatt-Heiligtum\"],\"articleSection\":[\"Afrika\",\"Gesellschaft\"],\"inLanguage\":\"de\"},{\"@type\":\"WebPage\",\"@id\":\"https:\\\/\\\/schoenstatt.com\\\/de\\\/maria-das-zeichen-der-hoffnung-fuer-den-frieden-in-der-dem-rep-kongo\\\/\",\"url\":\"https:\\\/\\\/schoenstatt.com\\\/de\\\/maria-das-zeichen-der-hoffnung-fuer-den-frieden-in-der-dem-rep-kongo\\\/\",\"name\":\"Maria, das Zeichen der Hoffnung f\u00fcr den Frieden in der Dem. Rep. Kongo\",\"isPartOf\":{\"@id\":\"https:\\\/\\\/schoenstatt.com\\\/de\\\/#website\"},\"primaryImageOfPage\":{\"@id\":\"https:\\\/\\\/schoenstatt.com\\\/de\\\/maria-das-zeichen-der-hoffnung-fuer-den-frieden-in-der-dem-rep-kongo\\\/#primaryimage\"},\"image\":{\"@id\":\"https:\\\/\\\/schoenstatt.com\\\/de\\\/maria-das-zeichen-der-hoffnung-fuer-den-frieden-in-der-dem-rep-kongo\\\/#primaryimage\"},\"thumbnailUrl\":\"https:\\\/\\\/schoenstatt.com\\\/wp-content\\\/uploads\\\/2025\\\/04\\\/Schoenstatt-Shrine-Democratic-Republic-of-Congo-1.webp\",\"datePublished\":\"2025-04-11T01:03:00+00:00\",\"dateModified\":\"2025-08-19T00:15:47+00:00\",\"description\":\"Das Heiligtum liegt in einem gef\u00e4hrlichen Konfliktgebiet in der DR Kongo. Beten wir f\u00fcr unsere Br\u00fcder und Schwestern!\",\"breadcrumb\":{\"@id\":\"https:\\\/\\\/schoenstatt.com\\\/de\\\/maria-das-zeichen-der-hoffnung-fuer-den-frieden-in-der-dem-rep-kongo\\\/#breadcrumb\"},\"inLanguage\":\"de\",\"potentialAction\":[{\"@type\":\"ReadAction\",\"target\":[\"https:\\\/\\\/schoenstatt.com\\\/de\\\/maria-das-zeichen-der-hoffnung-fuer-den-frieden-in-der-dem-rep-kongo\\\/\"]}]},{\"@type\":\"ImageObject\",\"inLanguage\":\"de\",\"@id\":\"https:\\\/\\\/schoenstatt.com\\\/de\\\/maria-das-zeichen-der-hoffnung-fuer-den-frieden-in-der-dem-rep-kongo\\\/#primaryimage\",\"url\":\"https:\\\/\\\/schoenstatt.com\\\/wp-content\\\/uploads\\\/2025\\\/04\\\/Schoenstatt-Shrine-Democratic-Republic-of-Congo-1.webp\",\"contentUrl\":\"https:\\\/\\\/schoenstatt.com\\\/wp-content\\\/uploads\\\/2025\\\/04\\\/Schoenstatt-Shrine-Democratic-Republic-of-Congo-1.webp\",\"width\":1920,\"height\":1254,\"caption\":\"Schoenstatt Shrine Democratic Republic of Congo\"},{\"@type\":\"BreadcrumbList\",\"@id\":\"https:\\\/\\\/schoenstatt.com\\\/de\\\/maria-das-zeichen-der-hoffnung-fuer-den-frieden-in-der-dem-rep-kongo\\\/#breadcrumb\",\"itemListElement\":[{\"@type\":\"ListItem\",\"position\":1,\"name\":\"Portada\",\"item\":\"https:\\\/\\\/schoenstatt.com\\\/de\\\/home\\\/\"},{\"@type\":\"ListItem\",\"position\":2,\"name\":\"Maria, das Zeichen der Hoffnung f\u00fcr den Frieden in der Dem. Rep. Kongo\"}]},{\"@type\":\"WebSite\",\"@id\":\"https:\\\/\\\/schoenstatt.com\\\/de\\\/#website\",\"url\":\"https:\\\/\\\/schoenstatt.com\\\/de\\\/\",\"name\":\"Schoenstatt\",\"description\":\"Apostolic Movement\",\"publisher\":{\"@id\":\"https:\\\/\\\/schoenstatt.com\\\/de\\\/#organization\"},\"potentialAction\":[{\"@type\":\"SearchAction\",\"target\":{\"@type\":\"EntryPoint\",\"urlTemplate\":\"https:\\\/\\\/schoenstatt.com\\\/de\\\/?s={search_term_string}\"},\"query-input\":{\"@type\":\"PropertyValueSpecification\",\"valueRequired\":true,\"valueName\":\"search_term_string\"}}],\"inLanguage\":\"de\"},{\"@type\":\"Organization\",\"@id\":\"https:\\\/\\\/schoenstatt.com\\\/de\\\/#organization\",\"name\":\"Schoenstatt\",\"url\":\"https:\\\/\\\/schoenstatt.com\\\/de\\\/\",\"logo\":{\"@type\":\"ImageObject\",\"inLanguage\":\"de\",\"@id\":\"https:\\\/\\\/schoenstatt.com\\\/de\\\/#\\\/schema\\\/logo\\\/image\\\/\",\"url\":\"https:\\\/\\\/schoenstatt.com\\\/wp-content\\\/uploads\\\/2025\\\/04\\\/logo-schoenstatt-white-696x696-1.png\",\"contentUrl\":\"https:\\\/\\\/schoenstatt.com\\\/wp-content\\\/uploads\\\/2025\\\/04\\\/logo-schoenstatt-white-696x696-1.png\",\"width\":696,\"height\":694,\"caption\":\"Schoenstatt\"},\"image\":{\"@id\":\"https:\\\/\\\/schoenstatt.com\\\/de\\\/#\\\/schema\\\/logo\\\/image\\\/\"}},{\"@type\":\"Person\",\"@id\":\"https:\\\/\\\/schoenstatt.com\\\/de\\\/#\\\/schema\\\/person\\\/5158877ad4acae98b34daaeef2a1ce6e\",\"name\":\"Karen Bueno\",\"image\":{\"@type\":\"ImageObject\",\"inLanguage\":\"de\",\"@id\":\"https:\\\/\\\/secure.gravatar.com\\\/avatar\\\/f9f4b823873154269d2b2130f195f6d41037dd0d7fc5f3cacb5c846bae70d66b?s=96&d=mm&r=g\",\"url\":\"https:\\\/\\\/secure.gravatar.com\\\/avatar\\\/f9f4b823873154269d2b2130f195f6d41037dd0d7fc5f3cacb5c846bae70d66b?s=96&d=mm&r=g\",\"contentUrl\":\"https:\\\/\\\/secure.gravatar.com\\\/avatar\\\/f9f4b823873154269d2b2130f195f6d41037dd0d7fc5f3cacb5c846bae70d66b?s=96&d=mm&r=g\",\"caption\":\"Karen Bueno\"},\"url\":\"https:\\\/\\\/schoenstatt.com\\\/de\\\/author\\\/karen-bueno\\\/\"}]}<\/script>\n<!-- \/ Yoast SEO Premium plugin. -->","yoast_head_json":{"title":"Maria, das Zeichen der Hoffnung f\u00fcr den Frieden in der Dem. Rep. Kongo","description":"Das Heiligtum liegt in einem gef\u00e4hrlichen Konfliktgebiet in der DR Kongo. Beten wir f\u00fcr unsere Br\u00fcder und Schwestern!","robots":{"index":"index","follow":"follow","max-snippet":"max-snippet:-1","max-image-preview":"max-image-preview:large","max-video-preview":"max-video-preview:-1"},"canonical":"https:\/\/schoenstatt.com\/de\/maria-das-zeichen-der-hoffnung-fuer-den-frieden-in-der-dem-rep-kongo\/","og_locale":"de_DE","og_type":"article","og_title":"Maria, das Zeichen der Hoffnung f\u00fcr den Frieden in der Dem. Rep. Kongo","og_description":"Das Heiligtum liegt in einem gef\u00e4hrlichen Konfliktgebiet in der DR Kongo. Beten wir f\u00fcr unsere Br\u00fcder und Schwestern!","og_url":"https:\/\/schoenstatt.com\/de\/maria-das-zeichen-der-hoffnung-fuer-den-frieden-in-der-dem-rep-kongo\/","og_site_name":"Schoenstatt","article_published_time":"2025-04-11T01:03:00+00:00","article_modified_time":"2025-08-19T00:15:47+00:00","og_image":[{"width":1920,"height":1254,"url":"https:\/\/schoenstatt.com\/wp-content\/uploads\/2025\/04\/Schoenstatt-Shrine-Democratic-Republic-of-Congo-1.webp","type":"image\/webp"}],"author":"Karen Bueno","twitter_card":"summary_large_image","twitter_misc":{"Verfasst von":"Karen Bueno","Gesch\u00e4tzte Lesezeit":"4\u00a0Minuten"},"schema":{"@context":"https:\/\/schema.org","@graph":[{"@type":"Article","@id":"https:\/\/schoenstatt.com\/de\/maria-das-zeichen-der-hoffnung-fuer-den-frieden-in-der-dem-rep-kongo\/#article","isPartOf":{"@id":"https:\/\/schoenstatt.com\/de\/maria-das-zeichen-der-hoffnung-fuer-den-frieden-in-der-dem-rep-kongo\/"},"author":{"name":"Karen Bueno","@id":"https:\/\/schoenstatt.com\/de\/#\/schema\/person\/5158877ad4acae98b34daaeef2a1ce6e"},"headline":"Maria, das Zeichen der Hoffnung f\u00fcr den Frieden in der Dem. Rep. Kongo","datePublished":"2025-04-11T01:03:00+00:00","dateModified":"2025-08-19T00:15:47+00:00","mainEntityOfPage":{"@id":"https:\/\/schoenstatt.com\/de\/maria-das-zeichen-der-hoffnung-fuer-den-frieden-in-der-dem-rep-kongo\/"},"wordCount":669,"publisher":{"@id":"https:\/\/schoenstatt.com\/de\/#organization"},"image":{"@id":"https:\/\/schoenstatt.com\/de\/maria-das-zeichen-der-hoffnung-fuer-den-frieden-in-der-dem-rep-kongo\/#primaryimage"},"thumbnailUrl":"https:\/\/schoenstatt.com\/wp-content\/uploads\/2025\/04\/Schoenstatt-Shrine-Democratic-Republic-of-Congo-1.webp","keywords":["Afrika","Sch\u00f6nstatt DR Kongo","Sch\u00f6nstatt-Heiligtum"],"articleSection":["Afrika","Gesellschaft"],"inLanguage":"de"},{"@type":"WebPage","@id":"https:\/\/schoenstatt.com\/de\/maria-das-zeichen-der-hoffnung-fuer-den-frieden-in-der-dem-rep-kongo\/","url":"https:\/\/schoenstatt.com\/de\/maria-das-zeichen-der-hoffnung-fuer-den-frieden-in-der-dem-rep-kongo\/","name":"Maria, das Zeichen der Hoffnung f\u00fcr den Frieden in der Dem. Rep. Kongo","isPartOf":{"@id":"https:\/\/schoenstatt.com\/de\/#website"},"primaryImageOfPage":{"@id":"https:\/\/schoenstatt.com\/de\/maria-das-zeichen-der-hoffnung-fuer-den-frieden-in-der-dem-rep-kongo\/#primaryimage"},"image":{"@id":"https:\/\/schoenstatt.com\/de\/maria-das-zeichen-der-hoffnung-fuer-den-frieden-in-der-dem-rep-kongo\/#primaryimage"},"thumbnailUrl":"https:\/\/schoenstatt.com\/wp-content\/uploads\/2025\/04\/Schoenstatt-Shrine-Democratic-Republic-of-Congo-1.webp","datePublished":"2025-04-11T01:03:00+00:00","dateModified":"2025-08-19T00:15:47+00:00","description":"Das Heiligtum liegt in einem gef\u00e4hrlichen Konfliktgebiet in der DR Kongo. Beten wir f\u00fcr unsere Br\u00fcder und Schwestern!","breadcrumb":{"@id":"https:\/\/schoenstatt.com\/de\/maria-das-zeichen-der-hoffnung-fuer-den-frieden-in-der-dem-rep-kongo\/#breadcrumb"},"inLanguage":"de","potentialAction":[{"@type":"ReadAction","target":["https:\/\/schoenstatt.com\/de\/maria-das-zeichen-der-hoffnung-fuer-den-frieden-in-der-dem-rep-kongo\/"]}]},{"@type":"ImageObject","inLanguage":"de","@id":"https:\/\/schoenstatt.com\/de\/maria-das-zeichen-der-hoffnung-fuer-den-frieden-in-der-dem-rep-kongo\/#primaryimage","url":"https:\/\/schoenstatt.com\/wp-content\/uploads\/2025\/04\/Schoenstatt-Shrine-Democratic-Republic-of-Congo-1.webp","contentUrl":"https:\/\/schoenstatt.com\/wp-content\/uploads\/2025\/04\/Schoenstatt-Shrine-Democratic-Republic-of-Congo-1.webp","width":1920,"height":1254,"caption":"Schoenstatt Shrine Democratic Republic of Congo"},{"@type":"BreadcrumbList","@id":"https:\/\/schoenstatt.com\/de\/maria-das-zeichen-der-hoffnung-fuer-den-frieden-in-der-dem-rep-kongo\/#breadcrumb","itemListElement":[{"@type":"ListItem","position":1,"name":"Portada","item":"https:\/\/schoenstatt.com\/de\/home\/"},{"@type":"ListItem","position":2,"name":"Maria, das Zeichen der Hoffnung f\u00fcr den Frieden in der Dem. Rep. Kongo"}]},{"@type":"WebSite","@id":"https:\/\/schoenstatt.com\/de\/#website","url":"https:\/\/schoenstatt.com\/de\/","name":"Schoenstatt","description":"Apostolic Movement","publisher":{"@id":"https:\/\/schoenstatt.com\/de\/#organization"},"potentialAction":[{"@type":"SearchAction","target":{"@type":"EntryPoint","urlTemplate":"https:\/\/schoenstatt.com\/de\/?s={search_term_string}"},"query-input":{"@type":"PropertyValueSpecification","valueRequired":true,"valueName":"search_term_string"}}],"inLanguage":"de"},{"@type":"Organization","@id":"https:\/\/schoenstatt.com\/de\/#organization","name":"Schoenstatt","url":"https:\/\/schoenstatt.com\/de\/","logo":{"@type":"ImageObject","inLanguage":"de","@id":"https:\/\/schoenstatt.com\/de\/#\/schema\/logo\/image\/","url":"https:\/\/schoenstatt.com\/wp-content\/uploads\/2025\/04\/logo-schoenstatt-white-696x696-1.png","contentUrl":"https:\/\/schoenstatt.com\/wp-content\/uploads\/2025\/04\/logo-schoenstatt-white-696x696-1.png","width":696,"height":694,"caption":"Schoenstatt"},"image":{"@id":"https:\/\/schoenstatt.com\/de\/#\/schema\/logo\/image\/"}},{"@type":"Person","@id":"https:\/\/schoenstatt.com\/de\/#\/schema\/person\/5158877ad4acae98b34daaeef2a1ce6e","name":"Karen Bueno","image":{"@type":"ImageObject","inLanguage":"de","@id":"https:\/\/secure.gravatar.com\/avatar\/f9f4b823873154269d2b2130f195f6d41037dd0d7fc5f3cacb5c846bae70d66b?s=96&d=mm&r=g","url":"https:\/\/secure.gravatar.com\/avatar\/f9f4b823873154269d2b2130f195f6d41037dd0d7fc5f3cacb5c846bae70d66b?s=96&d=mm&r=g","contentUrl":"https:\/\/secure.gravatar.com\/avatar\/f9f4b823873154269d2b2130f195f6d41037dd0d7fc5f3cacb5c846bae70d66b?s=96&d=mm&r=g","caption":"Karen Bueno"},"url":"https:\/\/schoenstatt.com\/de\/author\/karen-bueno\/"}]}},"_links":{"self":[{"href":"https:\/\/schoenstatt.com\/de\/wp-json\/wp\/v2\/posts\/44421","targetHints":{"allow":["GET"]}}],"collection":[{"href":"https:\/\/schoenstatt.com\/de\/wp-json\/wp\/v2\/posts"}],"about":[{"href":"https:\/\/schoenstatt.com\/de\/wp-json\/wp\/v2\/types\/post"}],"author":[{"embeddable":true,"href":"https:\/\/schoenstatt.com\/de\/wp-json\/wp\/v2\/users\/3"}],"replies":[{"embeddable":true,"href":"https:\/\/schoenstatt.com\/de\/wp-json\/wp\/v2\/comments?post=44421"}],"version-history":[{"count":6,"href":"https:\/\/schoenstatt.com\/de\/wp-json\/wp\/v2\/posts\/44421\/revisions"}],"predecessor-version":[{"id":62477,"href":"https:\/\/schoenstatt.com\/de\/wp-json\/wp\/v2\/posts\/44421\/revisions\/62477"}],"wp:featuredmedia":[{"embeddable":true,"href":"https:\/\/schoenstatt.com\/de\/wp-json\/wp\/v2\/media\/44403"}],"wp:attachment":[{"href":"https:\/\/schoenstatt.com\/de\/wp-json\/wp\/v2\/media?parent=44421"}],"wp:term":[{"taxonomy":"category","embeddable":true,"href":"https:\/\/schoenstatt.com\/de\/wp-json\/wp\/v2\/categories?post=44421"},{"taxonomy":"post_tag","embeddable":true,"href":"https:\/\/schoenstatt.com\/de\/wp-json\/wp\/v2\/tags?post=44421"}],"curies":[{"name":"wp","href":"https:\/\/api.w.org\/{rel}","templated":true}]}}