{"id":44209,"date":"2025-04-02T13:30:16","date_gmt":"2025-04-02T11:30:16","guid":{"rendered":"https:\/\/schoenstatt.com\/?p=44209"},"modified":"2025-08-21T01:18:52","modified_gmt":"2025-08-20T23:18:52","slug":"gebetsanliegen-fuer-den-april-fuer-den-gebrauch-der-neuen-technologien","status":"publish","type":"post","link":"https:\/\/schoenstatt.com\/de\/gebetsanliegen-fuer-den-april-fuer-den-gebrauch-der-neuen-technologien\/","title":{"rendered":"Gebetsanliegen f\u00fcr den April: F\u00fcr den Gebrauch der neuen Technologien"},"content":{"rendered":"\n<p>\u201eBeten wir, dass der Gebrauch der <a href=\"https:\/\/schoenstatt.com\/de\/angesichts-der-technologischen-saettigung-intermittentes-digitales-fasten\/\">neuen Technologien<\/a> nicht die menschlichen Beziehungen ersetzt, die W\u00fcrde der Personen respektiert und hilft, uns den Krisen unserer Zeit zu stellen,\u201c so das Anliegen des Papstes in dem Gebetsvideo, das der Vatikan diesen Dienstag ver\u00f6ffentlicht hat. \u201eWie sehr w\u00fcrde ich mir w\u00fcnschen, dass wir weniger auf die Bildschirme und mehr in die Augen der anderen schauen!\u201c bringt das Kirchenoberhaupt die in unserer Zeit weit verbreitete Isolation und den h\u00e4ufigen Mangel an echten Beziehungen auf den Punkt.<\/p>\n\n\n\n<p>\u201eTechnologie ist eine Frucht der uns von Gott geschenkten Intelligenz. Aber sie muss gut genutzt werden. Sie darf nicht nur einigen wenigen zugutekommen, w\u00e4hrend andere ausgeschlossen werden,\u201c so Franziskus. \u201eWenn wir mehr Zeit mit unseren Handys als mit Menschen verbringen, stimmt etwas nicht.\u201c<\/p>\n\n\n\n<p>Cybermobbing und Hass in sozialen Netzwerken zeigten nur allzu deutlich, dass uns der Bildschirm vergessen lasse, \u201edass es dahinter wirkliche Menschen gibt, die atmen, lachen und weinen,\u201c gibt der Papst weiter zu bedenken.<\/p>\n\n\n\n<figure class=\"wp-block-embed is-type-video is-provider-youtube wp-block-embed-youtube wp-embed-aspect-16-9 wp-has-aspect-ratio\"><div class=\"wp-block-embed__wrapper\">\n<iframe title=\"F\u00dcR DEN GEBRAUCH DER NEUEN TECHNOLOGIEN \u2013 DAS VIDEO VOM PAPST - APRIL 2025\" width=\"800\" height=\"450\" src=\"https:\/\/www.youtube.com\/embed\/SxmgAzEn0to?feature=oembed\" frameborder=\"0\" allow=\"accelerometer; autoplay; clipboard-write; encrypted-media; gyroscope; picture-in-picture; web-share\" referrerpolicy=\"strict-origin-when-cross-origin\" allowfullscreen><\/iframe>\n<\/div><\/figure>\n\n\n\n<h3 class=\"wp-block-heading\" id=\"h-technologie-in-den-dienst-des-menschen-stellen\"><strong>Technologie in den Dienst des Menschen stellen<\/strong><\/h3>\n\n\n\n<p>Um diese Gefahren zu vermeiden, ruft das Kirchenoberhaupt dazu auf, die Technologie in den Dienst des Menschen zu stellen. \u201eDie Technologie nutzen, um zu einen, nicht um zu spalten. Um den Armen zu helfen. Um das Leben von Kranken und Menschen mit Behinderungen zu verbessern. Die Technologie nutzen, um f\u00fcr unser gemeinsames Haus Sorge zu tragen. Um uns als Br\u00fcder und Schwestern zu begegnen,\u201c so der konkrete Rat des Papstes.<\/p>\n\n\n\n<p>Die neuen Technologien d\u00fcrften uns nicht den anderen und der Realit\u00e4t entfremden. Daher fordert Papst Franziskus in seiner Videobotschaft, dass wir \u201eeinander in die Augen sehen\u201c. Auf diese Weise k\u00f6nnten wir n\u00e4mlich \u201eentdecken, was wirklich z\u00e4hlt: dass wir Br\u00fcder und Schwestern, Kinder desselben Vaters sind.\u201c<\/p>\n\n\n\n<p>Am Ende des Videos bittet das Kirchenoberhaupt, darum zu beten, \u201edass der Gebrauch der neuen Technologien nicht die menschlichen Beziehungen ersetzt, die W\u00fcrde der Personen respektiert und hilft, uns den Krisen unserer Zeit zu stellen.\u201c<\/p>\n\n\n\n<h3 class=\"wp-block-heading\" id=\"h-hintergrund\"><strong>Hintergrund<\/strong><\/h3>\n\n\n\n<p>Das Video mit den Gebetsanliegen des Papstes ist ein Projekt des \u201eWeltweiten Gebetsnetzwerks des Papstes\u201c. In kurzen Videos geht Franziskus jeden Monat auf eine der Herausforderungen ein, vor denen die Menschheit und die Kirche aktuell stehen. Seit 2016 wurde das Papst-Video in den sozialen Netzwerken des Vatikans mehr als 182 Millionen Mal aufgerufen und in mehr als 23 Sprachen \u00fcbersetzt.<\/p>\n\n\n\n<p><strong>Quelle: <\/strong><a href=\"https:\/\/www.vaticannews.va\/de\/papst\/news\/2025-04\/papst-franziskus-gebetsanliegen-april-technologien.html\" target=\"_blank\" rel=\"noreferrer noopener\">vaticannews.va\/de<\/a><\/p>\n","protected":false},"excerpt":{"rendered":"<p>Gebetsanliegen f\u00fcr den Monat April: dass der Einsatz neuer Technologien die menschlichen Beziehungen nicht ersetzt.<\/p>\n","protected":false},"author":3,"featured_media":44204,"comment_status":"closed","ping_status":"closed","sticky":false,"template":"","format":"standard","meta":{"footnotes":""},"categories":[851,852],"tags":[854,415],"class_list":["post-44209","post","type-post","status-publish","format-standard","has-post-thumbnail","hentry","category-kirche-de","category-papst-franziskus-de","tag-papst-franziskus-de","tag-video-des-papstes-de"],"yoast_head":"<!-- This site is optimized with the Yoast SEO Premium plugin v27.4 (Yoast SEO v27.4) - https:\/\/yoast.com\/product\/yoast-seo-premium-wordpress\/ -->\n<title>Gebetsanliegen f\u00fcr den April: F\u00fcr den Gebrauch der neuen Technologien<\/title>\n<meta name=\"description\" content=\"Gebetsanliegen f\u00fcr den Monat April: dass der Einsatz neuer Technologien die menschlichen Beziehungen nicht ersetzt.\" \/>\n<meta name=\"robots\" content=\"index, follow, max-snippet:-1, max-image-preview:large, max-video-preview:-1\" \/>\n<link rel=\"canonical\" href=\"https:\/\/schoenstatt.com\/de\/gebetsanliegen-fuer-den-april-fuer-den-gebrauch-der-neuen-technologien\/\" \/>\n<meta property=\"og:locale\" content=\"de_DE\" \/>\n<meta property=\"og:type\" content=\"article\" \/>\n<meta property=\"og:title\" content=\"Gebetsanliegen f\u00fcr den April: F\u00fcr den Gebrauch der neuen Technologien\" \/>\n<meta property=\"og:description\" content=\"Gebetsanliegen f\u00fcr den Monat April: dass der Einsatz neuer Technologien die menschlichen Beziehungen nicht ersetzt.\" \/>\n<meta property=\"og:url\" content=\"https:\/\/schoenstatt.com\/de\/gebetsanliegen-fuer-den-april-fuer-den-gebrauch-der-neuen-technologien\/\" \/>\n<meta property=\"og:site_name\" content=\"Schoenstatt\" \/>\n<meta property=\"article:published_time\" content=\"2025-04-02T11:30:16+00:00\" \/>\n<meta property=\"article:modified_time\" content=\"2025-08-20T23:18:52+00:00\" \/>\n<meta property=\"og:image\" content=\"https:\/\/schoenstatt.com\/wp-content\/uploads\/2025\/04\/tecnology-smartphone-Foto-Paul-Hanaoka-unsplash-1.webp\" \/>\n\t<meta property=\"og:image:width\" content=\"1920\" \/>\n\t<meta property=\"og:image:height\" content=\"1092\" \/>\n\t<meta property=\"og:image:type\" content=\"image\/webp\" \/>\n<meta name=\"author\" content=\"Karen Bueno\" \/>\n<meta name=\"twitter:card\" content=\"summary_large_image\" \/>\n<meta name=\"twitter:label1\" content=\"Verfasst von\" \/>\n\t<meta name=\"twitter:data1\" content=\"Karen Bueno\" \/>\n\t<meta name=\"twitter:label2\" content=\"Gesch\u00e4tzte Lesezeit\" \/>\n\t<meta name=\"twitter:data2\" content=\"2\u00a0Minuten\" \/>\n<script type=\"application\/ld+json\" class=\"yoast-schema-graph\">{\"@context\":\"https:\\\/\\\/schema.org\",\"@graph\":[{\"@type\":\"Article\",\"@id\":\"https:\\\/\\\/schoenstatt.com\\\/de\\\/gebetsanliegen-fuer-den-april-fuer-den-gebrauch-der-neuen-technologien\\\/#article\",\"isPartOf\":{\"@id\":\"https:\\\/\\\/schoenstatt.com\\\/de\\\/gebetsanliegen-fuer-den-april-fuer-den-gebrauch-der-neuen-technologien\\\/\"},\"author\":{\"name\":\"Karen Bueno\",\"@id\":\"https:\\\/\\\/schoenstatt.com\\\/de\\\/#\\\/schema\\\/person\\\/5158877ad4acae98b34daaeef2a1ce6e\"},\"headline\":\"Gebetsanliegen f\u00fcr den April: F\u00fcr den Gebrauch der neuen Technologien\",\"datePublished\":\"2025-04-02T11:30:16+00:00\",\"dateModified\":\"2025-08-20T23:18:52+00:00\",\"mainEntityOfPage\":{\"@id\":\"https:\\\/\\\/schoenstatt.com\\\/de\\\/gebetsanliegen-fuer-den-april-fuer-den-gebrauch-der-neuen-technologien\\\/\"},\"wordCount\":412,\"publisher\":{\"@id\":\"https:\\\/\\\/schoenstatt.com\\\/de\\\/#organization\"},\"image\":{\"@id\":\"https:\\\/\\\/schoenstatt.com\\\/de\\\/gebetsanliegen-fuer-den-april-fuer-den-gebrauch-der-neuen-technologien\\\/#primaryimage\"},\"thumbnailUrl\":\"https:\\\/\\\/schoenstatt.com\\\/wp-content\\\/uploads\\\/2025\\\/04\\\/tecnology-smartphone-Foto-Paul-Hanaoka-unsplash-1.webp\",\"keywords\":[\"Papst Franziskus\",\"Video des Papstes\"],\"articleSection\":[\"Kirche\",\"Papst Franziskus\"],\"inLanguage\":\"de\"},{\"@type\":\"WebPage\",\"@id\":\"https:\\\/\\\/schoenstatt.com\\\/de\\\/gebetsanliegen-fuer-den-april-fuer-den-gebrauch-der-neuen-technologien\\\/\",\"url\":\"https:\\\/\\\/schoenstatt.com\\\/de\\\/gebetsanliegen-fuer-den-april-fuer-den-gebrauch-der-neuen-technologien\\\/\",\"name\":\"Gebetsanliegen f\u00fcr den April: F\u00fcr den Gebrauch der neuen Technologien\",\"isPartOf\":{\"@id\":\"https:\\\/\\\/schoenstatt.com\\\/de\\\/#website\"},\"primaryImageOfPage\":{\"@id\":\"https:\\\/\\\/schoenstatt.com\\\/de\\\/gebetsanliegen-fuer-den-april-fuer-den-gebrauch-der-neuen-technologien\\\/#primaryimage\"},\"image\":{\"@id\":\"https:\\\/\\\/schoenstatt.com\\\/de\\\/gebetsanliegen-fuer-den-april-fuer-den-gebrauch-der-neuen-technologien\\\/#primaryimage\"},\"thumbnailUrl\":\"https:\\\/\\\/schoenstatt.com\\\/wp-content\\\/uploads\\\/2025\\\/04\\\/tecnology-smartphone-Foto-Paul-Hanaoka-unsplash-1.webp\",\"datePublished\":\"2025-04-02T11:30:16+00:00\",\"dateModified\":\"2025-08-20T23:18:52+00:00\",\"description\":\"Gebetsanliegen f\u00fcr den Monat April: dass der Einsatz neuer Technologien die menschlichen Beziehungen nicht ersetzt.\",\"breadcrumb\":{\"@id\":\"https:\\\/\\\/schoenstatt.com\\\/de\\\/gebetsanliegen-fuer-den-april-fuer-den-gebrauch-der-neuen-technologien\\\/#breadcrumb\"},\"inLanguage\":\"de\",\"potentialAction\":[{\"@type\":\"ReadAction\",\"target\":[\"https:\\\/\\\/schoenstatt.com\\\/de\\\/gebetsanliegen-fuer-den-april-fuer-den-gebrauch-der-neuen-technologien\\\/\"]}]},{\"@type\":\"ImageObject\",\"inLanguage\":\"de\",\"@id\":\"https:\\\/\\\/schoenstatt.com\\\/de\\\/gebetsanliegen-fuer-den-april-fuer-den-gebrauch-der-neuen-technologien\\\/#primaryimage\",\"url\":\"https:\\\/\\\/schoenstatt.com\\\/wp-content\\\/uploads\\\/2025\\\/04\\\/tecnology-smartphone-Foto-Paul-Hanaoka-unsplash-1.webp\",\"contentUrl\":\"https:\\\/\\\/schoenstatt.com\\\/wp-content\\\/uploads\\\/2025\\\/04\\\/tecnology-smartphone-Foto-Paul-Hanaoka-unsplash-1.webp\",\"width\":1920,\"height\":1092,\"caption\":\"Smartphone\"},{\"@type\":\"BreadcrumbList\",\"@id\":\"https:\\\/\\\/schoenstatt.com\\\/de\\\/gebetsanliegen-fuer-den-april-fuer-den-gebrauch-der-neuen-technologien\\\/#breadcrumb\",\"itemListElement\":[{\"@type\":\"ListItem\",\"position\":1,\"name\":\"Portada\",\"item\":\"https:\\\/\\\/schoenstatt.com\\\/de\\\/home\\\/\"},{\"@type\":\"ListItem\",\"position\":2,\"name\":\"Gebetsanliegen f\u00fcr den April: F\u00fcr den Gebrauch der neuen Technologien\"}]},{\"@type\":\"WebSite\",\"@id\":\"https:\\\/\\\/schoenstatt.com\\\/de\\\/#website\",\"url\":\"https:\\\/\\\/schoenstatt.com\\\/de\\\/\",\"name\":\"Schoenstatt\",\"description\":\"Apostolic Movement\",\"publisher\":{\"@id\":\"https:\\\/\\\/schoenstatt.com\\\/de\\\/#organization\"},\"potentialAction\":[{\"@type\":\"SearchAction\",\"target\":{\"@type\":\"EntryPoint\",\"urlTemplate\":\"https:\\\/\\\/schoenstatt.com\\\/de\\\/?s={search_term_string}\"},\"query-input\":{\"@type\":\"PropertyValueSpecification\",\"valueRequired\":true,\"valueName\":\"search_term_string\"}}],\"inLanguage\":\"de\"},{\"@type\":\"Organization\",\"@id\":\"https:\\\/\\\/schoenstatt.com\\\/de\\\/#organization\",\"name\":\"Schoenstatt\",\"url\":\"https:\\\/\\\/schoenstatt.com\\\/de\\\/\",\"logo\":{\"@type\":\"ImageObject\",\"inLanguage\":\"de\",\"@id\":\"https:\\\/\\\/schoenstatt.com\\\/de\\\/#\\\/schema\\\/logo\\\/image\\\/\",\"url\":\"https:\\\/\\\/schoenstatt.com\\\/wp-content\\\/uploads\\\/2025\\\/04\\\/logo-schoenstatt-white-696x696-1.png\",\"contentUrl\":\"https:\\\/\\\/schoenstatt.com\\\/wp-content\\\/uploads\\\/2025\\\/04\\\/logo-schoenstatt-white-696x696-1.png\",\"width\":696,\"height\":694,\"caption\":\"Schoenstatt\"},\"image\":{\"@id\":\"https:\\\/\\\/schoenstatt.com\\\/de\\\/#\\\/schema\\\/logo\\\/image\\\/\"}},{\"@type\":\"Person\",\"@id\":\"https:\\\/\\\/schoenstatt.com\\\/de\\\/#\\\/schema\\\/person\\\/5158877ad4acae98b34daaeef2a1ce6e\",\"name\":\"Karen Bueno\",\"image\":{\"@type\":\"ImageObject\",\"inLanguage\":\"de\",\"@id\":\"https:\\\/\\\/secure.gravatar.com\\\/avatar\\\/f9f4b823873154269d2b2130f195f6d41037dd0d7fc5f3cacb5c846bae70d66b?s=96&d=mm&r=g\",\"url\":\"https:\\\/\\\/secure.gravatar.com\\\/avatar\\\/f9f4b823873154269d2b2130f195f6d41037dd0d7fc5f3cacb5c846bae70d66b?s=96&d=mm&r=g\",\"contentUrl\":\"https:\\\/\\\/secure.gravatar.com\\\/avatar\\\/f9f4b823873154269d2b2130f195f6d41037dd0d7fc5f3cacb5c846bae70d66b?s=96&d=mm&r=g\",\"caption\":\"Karen Bueno\"},\"url\":\"https:\\\/\\\/schoenstatt.com\\\/de\\\/author\\\/karen-bueno\\\/\"}]}<\/script>\n<!-- \/ Yoast SEO Premium plugin. -->","yoast_head_json":{"title":"Gebetsanliegen f\u00fcr den April: F\u00fcr den Gebrauch der neuen Technologien","description":"Gebetsanliegen f\u00fcr den Monat April: dass der Einsatz neuer Technologien die menschlichen Beziehungen nicht ersetzt.","robots":{"index":"index","follow":"follow","max-snippet":"max-snippet:-1","max-image-preview":"max-image-preview:large","max-video-preview":"max-video-preview:-1"},"canonical":"https:\/\/schoenstatt.com\/de\/gebetsanliegen-fuer-den-april-fuer-den-gebrauch-der-neuen-technologien\/","og_locale":"de_DE","og_type":"article","og_title":"Gebetsanliegen f\u00fcr den April: F\u00fcr den Gebrauch der neuen Technologien","og_description":"Gebetsanliegen f\u00fcr den Monat April: dass der Einsatz neuer Technologien die menschlichen Beziehungen nicht ersetzt.","og_url":"https:\/\/schoenstatt.com\/de\/gebetsanliegen-fuer-den-april-fuer-den-gebrauch-der-neuen-technologien\/","og_site_name":"Schoenstatt","article_published_time":"2025-04-02T11:30:16+00:00","article_modified_time":"2025-08-20T23:18:52+00:00","og_image":[{"width":1920,"height":1092,"url":"https:\/\/schoenstatt.com\/wp-content\/uploads\/2025\/04\/tecnology-smartphone-Foto-Paul-Hanaoka-unsplash-1.webp","type":"image\/webp"}],"author":"Karen Bueno","twitter_card":"summary_large_image","twitter_misc":{"Verfasst von":"Karen Bueno","Gesch\u00e4tzte Lesezeit":"2\u00a0Minuten"},"schema":{"@context":"https:\/\/schema.org","@graph":[{"@type":"Article","@id":"https:\/\/schoenstatt.com\/de\/gebetsanliegen-fuer-den-april-fuer-den-gebrauch-der-neuen-technologien\/#article","isPartOf":{"@id":"https:\/\/schoenstatt.com\/de\/gebetsanliegen-fuer-den-april-fuer-den-gebrauch-der-neuen-technologien\/"},"author":{"name":"Karen Bueno","@id":"https:\/\/schoenstatt.com\/de\/#\/schema\/person\/5158877ad4acae98b34daaeef2a1ce6e"},"headline":"Gebetsanliegen f\u00fcr den April: F\u00fcr den Gebrauch der neuen Technologien","datePublished":"2025-04-02T11:30:16+00:00","dateModified":"2025-08-20T23:18:52+00:00","mainEntityOfPage":{"@id":"https:\/\/schoenstatt.com\/de\/gebetsanliegen-fuer-den-april-fuer-den-gebrauch-der-neuen-technologien\/"},"wordCount":412,"publisher":{"@id":"https:\/\/schoenstatt.com\/de\/#organization"},"image":{"@id":"https:\/\/schoenstatt.com\/de\/gebetsanliegen-fuer-den-april-fuer-den-gebrauch-der-neuen-technologien\/#primaryimage"},"thumbnailUrl":"https:\/\/schoenstatt.com\/wp-content\/uploads\/2025\/04\/tecnology-smartphone-Foto-Paul-Hanaoka-unsplash-1.webp","keywords":["Papst Franziskus","Video des Papstes"],"articleSection":["Kirche","Papst Franziskus"],"inLanguage":"de"},{"@type":"WebPage","@id":"https:\/\/schoenstatt.com\/de\/gebetsanliegen-fuer-den-april-fuer-den-gebrauch-der-neuen-technologien\/","url":"https:\/\/schoenstatt.com\/de\/gebetsanliegen-fuer-den-april-fuer-den-gebrauch-der-neuen-technologien\/","name":"Gebetsanliegen f\u00fcr den April: F\u00fcr den Gebrauch der neuen Technologien","isPartOf":{"@id":"https:\/\/schoenstatt.com\/de\/#website"},"primaryImageOfPage":{"@id":"https:\/\/schoenstatt.com\/de\/gebetsanliegen-fuer-den-april-fuer-den-gebrauch-der-neuen-technologien\/#primaryimage"},"image":{"@id":"https:\/\/schoenstatt.com\/de\/gebetsanliegen-fuer-den-april-fuer-den-gebrauch-der-neuen-technologien\/#primaryimage"},"thumbnailUrl":"https:\/\/schoenstatt.com\/wp-content\/uploads\/2025\/04\/tecnology-smartphone-Foto-Paul-Hanaoka-unsplash-1.webp","datePublished":"2025-04-02T11:30:16+00:00","dateModified":"2025-08-20T23:18:52+00:00","description":"Gebetsanliegen f\u00fcr den Monat April: dass der Einsatz neuer Technologien die menschlichen Beziehungen nicht ersetzt.","breadcrumb":{"@id":"https:\/\/schoenstatt.com\/de\/gebetsanliegen-fuer-den-april-fuer-den-gebrauch-der-neuen-technologien\/#breadcrumb"},"inLanguage":"de","potentialAction":[{"@type":"ReadAction","target":["https:\/\/schoenstatt.com\/de\/gebetsanliegen-fuer-den-april-fuer-den-gebrauch-der-neuen-technologien\/"]}]},{"@type":"ImageObject","inLanguage":"de","@id":"https:\/\/schoenstatt.com\/de\/gebetsanliegen-fuer-den-april-fuer-den-gebrauch-der-neuen-technologien\/#primaryimage","url":"https:\/\/schoenstatt.com\/wp-content\/uploads\/2025\/04\/tecnology-smartphone-Foto-Paul-Hanaoka-unsplash-1.webp","contentUrl":"https:\/\/schoenstatt.com\/wp-content\/uploads\/2025\/04\/tecnology-smartphone-Foto-Paul-Hanaoka-unsplash-1.webp","width":1920,"height":1092,"caption":"Smartphone"},{"@type":"BreadcrumbList","@id":"https:\/\/schoenstatt.com\/de\/gebetsanliegen-fuer-den-april-fuer-den-gebrauch-der-neuen-technologien\/#breadcrumb","itemListElement":[{"@type":"ListItem","position":1,"name":"Portada","item":"https:\/\/schoenstatt.com\/de\/home\/"},{"@type":"ListItem","position":2,"name":"Gebetsanliegen f\u00fcr den April: F\u00fcr den Gebrauch der neuen Technologien"}]},{"@type":"WebSite","@id":"https:\/\/schoenstatt.com\/de\/#website","url":"https:\/\/schoenstatt.com\/de\/","name":"Schoenstatt","description":"Apostolic Movement","publisher":{"@id":"https:\/\/schoenstatt.com\/de\/#organization"},"potentialAction":[{"@type":"SearchAction","target":{"@type":"EntryPoint","urlTemplate":"https:\/\/schoenstatt.com\/de\/?s={search_term_string}"},"query-input":{"@type":"PropertyValueSpecification","valueRequired":true,"valueName":"search_term_string"}}],"inLanguage":"de"},{"@type":"Organization","@id":"https:\/\/schoenstatt.com\/de\/#organization","name":"Schoenstatt","url":"https:\/\/schoenstatt.com\/de\/","logo":{"@type":"ImageObject","inLanguage":"de","@id":"https:\/\/schoenstatt.com\/de\/#\/schema\/logo\/image\/","url":"https:\/\/schoenstatt.com\/wp-content\/uploads\/2025\/04\/logo-schoenstatt-white-696x696-1.png","contentUrl":"https:\/\/schoenstatt.com\/wp-content\/uploads\/2025\/04\/logo-schoenstatt-white-696x696-1.png","width":696,"height":694,"caption":"Schoenstatt"},"image":{"@id":"https:\/\/schoenstatt.com\/de\/#\/schema\/logo\/image\/"}},{"@type":"Person","@id":"https:\/\/schoenstatt.com\/de\/#\/schema\/person\/5158877ad4acae98b34daaeef2a1ce6e","name":"Karen Bueno","image":{"@type":"ImageObject","inLanguage":"de","@id":"https:\/\/secure.gravatar.com\/avatar\/f9f4b823873154269d2b2130f195f6d41037dd0d7fc5f3cacb5c846bae70d66b?s=96&d=mm&r=g","url":"https:\/\/secure.gravatar.com\/avatar\/f9f4b823873154269d2b2130f195f6d41037dd0d7fc5f3cacb5c846bae70d66b?s=96&d=mm&r=g","contentUrl":"https:\/\/secure.gravatar.com\/avatar\/f9f4b823873154269d2b2130f195f6d41037dd0d7fc5f3cacb5c846bae70d66b?s=96&d=mm&r=g","caption":"Karen Bueno"},"url":"https:\/\/schoenstatt.com\/de\/author\/karen-bueno\/"}]}},"_links":{"self":[{"href":"https:\/\/schoenstatt.com\/de\/wp-json\/wp\/v2\/posts\/44209","targetHints":{"allow":["GET"]}}],"collection":[{"href":"https:\/\/schoenstatt.com\/de\/wp-json\/wp\/v2\/posts"}],"about":[{"href":"https:\/\/schoenstatt.com\/de\/wp-json\/wp\/v2\/types\/post"}],"author":[{"embeddable":true,"href":"https:\/\/schoenstatt.com\/de\/wp-json\/wp\/v2\/users\/3"}],"replies":[{"embeddable":true,"href":"https:\/\/schoenstatt.com\/de\/wp-json\/wp\/v2\/comments?post=44209"}],"version-history":[{"count":2,"href":"https:\/\/schoenstatt.com\/de\/wp-json\/wp\/v2\/posts\/44209\/revisions"}],"predecessor-version":[{"id":62924,"href":"https:\/\/schoenstatt.com\/de\/wp-json\/wp\/v2\/posts\/44209\/revisions\/62924"}],"wp:featuredmedia":[{"embeddable":true,"href":"https:\/\/schoenstatt.com\/de\/wp-json\/wp\/v2\/media\/44204"}],"wp:attachment":[{"href":"https:\/\/schoenstatt.com\/de\/wp-json\/wp\/v2\/media?parent=44209"}],"wp:term":[{"taxonomy":"category","embeddable":true,"href":"https:\/\/schoenstatt.com\/de\/wp-json\/wp\/v2\/categories?post=44209"},{"taxonomy":"post_tag","embeddable":true,"href":"https:\/\/schoenstatt.com\/de\/wp-json\/wp\/v2\/tags?post=44209"}],"curies":[{"name":"wp","href":"https:\/\/api.w.org\/{rel}","templated":true}]}}