{"id":44059,"date":"2025-03-25T13:24:34","date_gmt":"2025-03-25T12:24:34","guid":{"rendered":"https:\/\/schoenstatt.com\/?p=44059"},"modified":"2025-08-18T17:09:07","modified_gmt":"2025-08-18T15:09:07","slug":"das-heiligtum-land-der-einheit-in-bolivien-wird-zur-pilgerstaette","status":"publish","type":"post","link":"https:\/\/schoenstatt.com\/de\/das-heiligtum-land-der-einheit-in-bolivien-wird-zur-pilgerstaette\/","title":{"rendered":"Das Heiligtum \u201eLand der Einheit\u201c in Bolivien wird zur Pilgerst\u00e4tte"},"content":{"rendered":"\n<p>Im <a href=\"https:\/\/schoenstatt.com\/de\/heiliges-jahr-der-kirche-2025\/\"><mark style=\"background-color:rgba(0, 0, 0, 0);color:#e3820e\" class=\"has-inline-color\">Heiligen Jahr der Kirche<\/mark><\/a> feierte die Sch\u00f6nstattfamilie des <a href=\"https:\/\/www.google.com\/maps\/d\/u\/0\/viewer?mid=1s4l3u-K4zPDDgunq78lhdqr68MAg69U&amp;ll=-16.524852000000017%2C-68.071476&amp;z=20\" target=\"_blank\" rel=\"noreferrer noopener\"><mark style=\"background-color:rgba(0, 0, 0, 0);color:#e3820e\" class=\"has-inline-color\">Achumani-Heiligtums \u201eLand der Einheit\u201c<\/mark><\/a> in La Paz, Bolivien, mit gro\u00dfer Freude die \u00d6ffnung der Pforte des Heiligtums als \u201eHeiliger Ort des Jubil\u00e4ums\u201c.<\/p>\n\n\n\n<p>Nach einem Monat der Vorbereitung und gro\u00dfer Begeisterung, nachdem der Di\u00f6zesanpr\u00e4ses, Pater Javier Uria, am 18. Februar bekannt gegeben hatte, dass unser Heiligtum als Jubil\u00e4umsheiligtum f\u00fcr dieses Heilige Jahr ausgew\u00e4hlt worden war, wurde am Sonntag, dem 23. M\u00e4rz, die \u201ePforte der Hoffnung\u201c des Heiligtums \u201eLand der Einheit\u201c vor einer gro\u00dfen Menge von Familienangeh\u00f6rigen und Pilgern aus anderen Pfarreien und Bewegungen ge\u00f6ffnet.<\/p>\n\n\n\n<figure class=\"wp-block-image size-large\"><img decoding=\"async\" src=\"https:\/\/schoenstatt.com\/wp-content\/uploads\/2025\/03\/La-Paz-Bolivia-Schoenstatt-Shrine-3-1024x768.jpg\" alt=\"Shrine \u201cLand of Unity\u201d in La Paz, Bolivia\" class=\"wp-image-44031\"\/><\/figure>\n\n\n\n<p>Es war ein Sonntag, der mit Vorbereitungen und Details begann, an denen alle Gliederungen der Sch\u00f6nstattbewegung beteiligt waren, und der die Teilnahme aller f\u00f6rderte und so die Einheit und den Einsatz der Sch\u00f6nstattfamilie von La Paz, dem \u201eLand der Einheit\u201c, zeigte.<\/p>\n\n\n\n<p>Die <a href=\"https:\/\/schoenstatt.com\/de\/in-gemeinschaft\/famile\/\"><mark style=\"background-color:rgba(0, 0, 0, 0);color:#e3820e\" class=\"has-inline-color\">Ehepaare<\/mark><\/a> und <a href=\"https:\/\/schoenstatt.com\/de\/in-gemeinschaft\/frauen\/frauen-und-mutter\/\"><mark style=\"background-color:rgba(0, 0, 0, 0);color:#e3820e\" class=\"has-inline-color\">Frauen<\/mark><\/a> konzentrierten sich auf die Vorbereitung der Feier, der heiligen Messe und der Ch\u00f6re. Die Jugendlichen halfen bei der Begr\u00fc\u00dfung der Pilger, bei der Programmgestaltung, bei der Gestaltung der Pforten zum Heiligtum und als Akolythen bei der Feier.<\/p>\n\n\n\n<figure class=\"wp-block-gallery has-nested-images columns-default is-cropped wp-block-gallery-1 is-layout-flex wp-block-gallery-is-layout-flex\">\n<figure class=\"wp-block-image size-large\"><img decoding=\"async\" data-id=\"44036\" src=\"https:\/\/schoenstatt.com\/wp-content\/uploads\/2025\/03\/La-Paz-Bolivia-Schoenstatt-Shrine-4-1024x767.jpg\" alt=\"Shrine \u201cLand of Unity\u201d in La Paz, Bolivia\" class=\"wp-image-44036\"\/><\/figure>\n\n\n\n<figure class=\"wp-block-image size-large\"><img decoding=\"async\" data-id=\"44041\" src=\"https:\/\/schoenstatt.com\/wp-content\/uploads\/2025\/03\/La-Paz-Bolivia-Schoenstatt-Shrine-6-1024x768.jpg\" alt=\"Shrine \u201cLand of Unity\u201d in La Paz, Bolivia\" class=\"wp-image-44041\"\/><\/figure>\n<\/figure>\n\n\n\n<h3 class=\"wp-block-heading\" id=\"h-die-gesamte-schonstattfamilie-war-an-der-vorbereitung-beteiligt\"><strong><strong>Die gesamte Sch\u00f6nstattfamilie war an der Vorbereitung beteiligt<\/strong><\/strong><\/h3>\n\n\n\n<p>Die Feier begann um 11.30 Uhr mit der Begr\u00fc\u00dfung durch die Koordinatoren der Sch\u00f6nstattfamilie, Iblin Fonseca und Guillermo Collao. Die Prozession zum Heiligtum wurde von den anwesenden Priestern und Monsignore Luis Dur\u00e1n, dem Vorsitzenden der Feier, gebildet. Ein Chor aus Mitgliedern der <a href=\"https:\/\/schoenstatt.com\/de\/in-gemeinschaft\/frauen\/frauen-und-mutter\/\"><mark style=\"background-color:rgba(0, 0, 0, 0);color:#e3820e\" class=\"has-inline-color\">Sch\u00f6nstattbewegung Frauen und M\u00fctter<\/mark><\/a> und der <a href=\"https:\/\/schoenstatt.com\/de\/in-gemeinschaft\/frauen\/frauenliga\/\"><mark style=\"background-color:rgba(0, 0, 0, 0);color:#e3820e\" class=\"has-inline-color\">Frauenliga<\/mark><\/a> gestaltete den Eingang. Oben wartete eine Gruppe von Mitgliedern der <a href=\"https:\/\/schoenstatt.com\/de\/in-gemeinschaft\/men\/mannesjugend\/\"><mark style=\"background-color:rgba(0, 0, 0, 0);color:#e3820e\" class=\"has-inline-color\">Mannes<\/mark><\/a>&#8211; und <a href=\"https:\/\/schoenstatt.com\/de\/in-gemeinschaft\/frauen\/maedchen-junge-frauen\/\"><mark style=\"background-color:rgba(0, 0, 0, 0);color:#e3820e\" class=\"has-inline-color\">M\u00e4dchenjugend<\/mark><\/a>, um die Pilger und Zelebranten an der Pforte des Heiligtums zu empfangen.<\/p>\n\n\n\n<p>Nach den ersten Riten sorgte der Chor der Mannesjugend f\u00fcr eine feierliche und fr\u00f6hliche Atmosph\u00e4re. Dann sprachen die Verantwortlichen einige Worte und vollzogen die entsprechenden Riten. Monsignore Luis Dur\u00e1n kniete sich vor die T\u00fcr des Heiligtums und klopfte dreimal an. Sofort \u00f6ffnete sich die T\u00fcr unter dem Jubel und Applaus der Anwesenden. Bevor die Pilger das Heiligtum betraten, enth\u00fcllten die Koordinatoren der Sch\u00f6nstattfamilie die Jubil\u00e4umstafel und weihten damit das Heiligtum von Achumani, dem \u201eLand der Einheit\u201c, zum Jubil\u00e4umsheiligtum.<\/p>\n\n\n\n<p>Nach einem Moment gro\u00dfer Freude und Euphorie wurden sie eingeladen, die Feier am Fu\u00dfe des Heiligtums auf dem Hauptplatz unseres Landes fortzusetzen.<\/p>\n\n\n\n<figure class=\"wp-block-image size-full\"><img decoding=\"async\" src=\"https:\/\/schoenstatt.com\/wp-content\/uploads\/2025\/03\/La-Paz-Bolivia-Schoenstatt-Shrine-5.jpg\" alt=\"Shrine \u201cLand of Unity\u201d in La Paz, Bolivia\" class=\"wp-image-44046\"\/><\/figure>\n\n\n\n<h3 class=\"wp-block-heading\" id=\"h-ein-historischer-tag-fur-die-schonstattfamilie-von-la-paz\"><strong><strong>Ein historischer Tag f\u00fcr die Sch\u00f6nstattfamilie von La Paz<\/strong><\/strong><\/h3>\n\n\n\n<p>Vor einer gro\u00dfen Zahl von Gl\u00e4ubigen sprach Monsignore Luis Dur\u00e1n in seiner Predigt \u00fcber die Bedeutung der Wallfahrt zu den ausgew\u00e4hlten Orten, die Bedeutung der Hoffnung und die Haltung, die ein Pilger einnehmen sollte, wenn er eine Wallfahrt zu einem Jubil\u00e4umstempel unternimmt. Er sprach auch \u00fcber den Wert und die Bedeutung des <a href=\"https:\/\/schoenstatt.com\/de\/wie-kann-man-im-heiligen-jahr-2025-einen-vollkommenen-ablass-erlangen-2\/\"><mark style=\"background-color:rgba(0, 0, 0, 0);color:#e3820e\" class=\"has-inline-color\">vollkommenen Ablasses<\/mark><\/a> und lud die Anwesenden ein, die ausgew\u00e4hlten Orte regelm\u00e4\u00dfig zu besuchen.<\/p>\n\n\n\n<p>Mit dem traditionellen Ritus der Sch\u00f6nstattfamilie, dem Blick zum Heiligtum und dem Weihegebet, ging ein historischer Tag f\u00fcr die Sch\u00f6nstattfamilie von La Paz zu Ende.<\/p>\n\n\n\n<figure class=\"wp-block-image size-large\"><img decoding=\"async\" src=\"https:\/\/schoenstatt.com\/wp-content\/uploads\/2025\/03\/La-Paz-Bolivia-Schoenstatt-Shrine-2-1024x768.jpg\" alt=\"Shrine \u201cLand of Unity\u201d in La Paz, Bolivia\" class=\"wp-image-44051\"\/><\/figure>\n\n\n\n<p><strong>\u00dcbersetzung: <\/strong>Sr. M. Lourdes Mac\u00edas<br><strong>Lektorat:<\/strong> Hildegard Kaiser<\/p>\n","protected":false},"excerpt":{"rendered":"<p>Am Sonntag, 23. M\u00e4rz, hat Bischof Luis Dur\u00e1n das Heiligtum \u201eLand der Einheit\u201c als Wallfahrtsort er\u00f6ffnet.<\/p>\n","protected":false},"author":3,"featured_media":44026,"comment_status":"closed","ping_status":"closed","sticky":false,"template":"","format":"standard","meta":{"footnotes":""},"categories":[195,678],"tags":[973,1125,1197],"class_list":["post-44059","post","type-post","status-publish","format-standard","has-post-thumbnail","hentry","category-amerika-de","category-lander-de","tag-kirchenjubilaum-2025-de","tag-schonstatt-bolivien-de","tag-schonstatt-heiligtum-de"],"yoast_head":"<!-- This site is optimized with the Yoast SEO Premium plugin v27.4 (Yoast SEO v27.4) - https:\/\/yoast.com\/product\/yoast-seo-premium-wordpress\/ -->\n<title>Das Heiligtum \u201eLand der Einheit\u201c in Bolivien wird zur Pilgerst\u00e4tte - Schoenstatt<\/title>\n<meta name=\"description\" content=\"Am Sonntag, 23. M\u00e4rz, hat Bischof Luis Dur\u00e1n das Heiligtum \u201eLand der Einheit\u201c als Wallfahrtsort er\u00f6ffnet.\" \/>\n<meta name=\"robots\" content=\"index, follow, max-snippet:-1, max-image-preview:large, max-video-preview:-1\" \/>\n<link rel=\"canonical\" href=\"https:\/\/schoenstatt.com\/de\/das-heiligtum-land-der-einheit-in-bolivien-wird-zur-pilgerstaette\/\" \/>\n<meta property=\"og:locale\" content=\"de_DE\" \/>\n<meta property=\"og:type\" content=\"article\" \/>\n<meta property=\"og:title\" content=\"Das Heiligtum \u201eLand der Einheit\u201c in Bolivien wird zur Pilgerst\u00e4tte\" \/>\n<meta property=\"og:description\" content=\"Am Sonntag, 23. M\u00e4rz, hat Bischof Luis Dur\u00e1n das Heiligtum \u201eLand der Einheit\u201c als Wallfahrtsort er\u00f6ffnet.\" \/>\n<meta property=\"og:url\" content=\"https:\/\/schoenstatt.com\/de\/das-heiligtum-land-der-einheit-in-bolivien-wird-zur-pilgerstaette\/\" \/>\n<meta property=\"og:site_name\" content=\"Schoenstatt\" \/>\n<meta property=\"article:published_time\" content=\"2025-03-25T12:24:34+00:00\" \/>\n<meta property=\"article:modified_time\" content=\"2025-08-18T15:09:07+00:00\" \/>\n<meta property=\"og:image\" content=\"https:\/\/schoenstatt.com\/wp-content\/uploads\/2025\/03\/La-Paz-Bolivia-Schoenstatt-Shrine-1.webp\" \/>\n\t<meta property=\"og:image:width\" content=\"1920\" \/>\n\t<meta property=\"og:image:height\" content=\"1323\" \/>\n\t<meta property=\"og:image:type\" content=\"image\/webp\" \/>\n<meta name=\"author\" content=\"Karen Bueno\" \/>\n<meta name=\"twitter:card\" content=\"summary_large_image\" \/>\n<meta name=\"twitter:label1\" content=\"Verfasst von\" \/>\n\t<meta name=\"twitter:data1\" content=\"Karen Bueno\" \/>\n\t<meta name=\"twitter:label2\" content=\"Gesch\u00e4tzte Lesezeit\" \/>\n\t<meta name=\"twitter:data2\" content=\"4\u00a0Minuten\" \/>\n<script type=\"application\/ld+json\" class=\"yoast-schema-graph\">{\"@context\":\"https:\\\/\\\/schema.org\",\"@graph\":[{\"@type\":\"Article\",\"@id\":\"https:\\\/\\\/schoenstatt.com\\\/de\\\/das-heiligtum-land-der-einheit-in-bolivien-wird-zur-pilgerstaette\\\/#article\",\"isPartOf\":{\"@id\":\"https:\\\/\\\/schoenstatt.com\\\/de\\\/das-heiligtum-land-der-einheit-in-bolivien-wird-zur-pilgerstaette\\\/\"},\"author\":{\"name\":\"Karen Bueno\",\"@id\":\"https:\\\/\\\/schoenstatt.com\\\/de\\\/#\\\/schema\\\/person\\\/5158877ad4acae98b34daaeef2a1ce6e\"},\"headline\":\"Das Heiligtum \u201eLand der Einheit\u201c in Bolivien wird zur Pilgerst\u00e4tte\",\"datePublished\":\"2025-03-25T12:24:34+00:00\",\"dateModified\":\"2025-08-18T15:09:07+00:00\",\"mainEntityOfPage\":{\"@id\":\"https:\\\/\\\/schoenstatt.com\\\/de\\\/das-heiligtum-land-der-einheit-in-bolivien-wird-zur-pilgerstaette\\\/\"},\"wordCount\":522,\"publisher\":{\"@id\":\"https:\\\/\\\/schoenstatt.com\\\/de\\\/#organization\"},\"image\":{\"@id\":\"https:\\\/\\\/schoenstatt.com\\\/de\\\/das-heiligtum-land-der-einheit-in-bolivien-wird-zur-pilgerstaette\\\/#primaryimage\"},\"thumbnailUrl\":\"https:\\\/\\\/schoenstatt.com\\\/wp-content\\\/uploads\\\/2025\\\/03\\\/La-Paz-Bolivia-Schoenstatt-Shrine-1.webp\",\"keywords\":[\"Kirchenjubil\u00e4um 2025\",\"Sch\u00f6nstatt Bolivien\",\"Sch\u00f6nstatt-Heiligtum\"],\"articleSection\":[\"Amerika\",\"L\u00e4nder\"],\"inLanguage\":\"de\"},{\"@type\":\"WebPage\",\"@id\":\"https:\\\/\\\/schoenstatt.com\\\/de\\\/das-heiligtum-land-der-einheit-in-bolivien-wird-zur-pilgerstaette\\\/\",\"url\":\"https:\\\/\\\/schoenstatt.com\\\/de\\\/das-heiligtum-land-der-einheit-in-bolivien-wird-zur-pilgerstaette\\\/\",\"name\":\"Das Heiligtum \u201eLand der Einheit\u201c in Bolivien wird zur Pilgerst\u00e4tte - Schoenstatt\",\"isPartOf\":{\"@id\":\"https:\\\/\\\/schoenstatt.com\\\/de\\\/#website\"},\"primaryImageOfPage\":{\"@id\":\"https:\\\/\\\/schoenstatt.com\\\/de\\\/das-heiligtum-land-der-einheit-in-bolivien-wird-zur-pilgerstaette\\\/#primaryimage\"},\"image\":{\"@id\":\"https:\\\/\\\/schoenstatt.com\\\/de\\\/das-heiligtum-land-der-einheit-in-bolivien-wird-zur-pilgerstaette\\\/#primaryimage\"},\"thumbnailUrl\":\"https:\\\/\\\/schoenstatt.com\\\/wp-content\\\/uploads\\\/2025\\\/03\\\/La-Paz-Bolivia-Schoenstatt-Shrine-1.webp\",\"datePublished\":\"2025-03-25T12:24:34+00:00\",\"dateModified\":\"2025-08-18T15:09:07+00:00\",\"description\":\"Am Sonntag, 23. M\u00e4rz, hat Bischof Luis Dur\u00e1n das Heiligtum \u201eLand der Einheit\u201c als Wallfahrtsort er\u00f6ffnet.\",\"breadcrumb\":{\"@id\":\"https:\\\/\\\/schoenstatt.com\\\/de\\\/das-heiligtum-land-der-einheit-in-bolivien-wird-zur-pilgerstaette\\\/#breadcrumb\"},\"inLanguage\":\"de\",\"potentialAction\":[{\"@type\":\"ReadAction\",\"target\":[\"https:\\\/\\\/schoenstatt.com\\\/de\\\/das-heiligtum-land-der-einheit-in-bolivien-wird-zur-pilgerstaette\\\/\"]}]},{\"@type\":\"ImageObject\",\"inLanguage\":\"de\",\"@id\":\"https:\\\/\\\/schoenstatt.com\\\/de\\\/das-heiligtum-land-der-einheit-in-bolivien-wird-zur-pilgerstaette\\\/#primaryimage\",\"url\":\"https:\\\/\\\/schoenstatt.com\\\/wp-content\\\/uploads\\\/2025\\\/03\\\/La-Paz-Bolivia-Schoenstatt-Shrine-1.webp\",\"contentUrl\":\"https:\\\/\\\/schoenstatt.com\\\/wp-content\\\/uploads\\\/2025\\\/03\\\/La-Paz-Bolivia-Schoenstatt-Shrine-1.webp\",\"width\":1920,\"height\":1323,\"caption\":\"Shrine \u201cLand of Unity\u201d in La Paz, Bolivia\"},{\"@type\":\"BreadcrumbList\",\"@id\":\"https:\\\/\\\/schoenstatt.com\\\/de\\\/das-heiligtum-land-der-einheit-in-bolivien-wird-zur-pilgerstaette\\\/#breadcrumb\",\"itemListElement\":[{\"@type\":\"ListItem\",\"position\":1,\"name\":\"Portada\",\"item\":\"https:\\\/\\\/schoenstatt.com\\\/de\\\/home\\\/\"},{\"@type\":\"ListItem\",\"position\":2,\"name\":\"Das Heiligtum \u201eLand der Einheit\u201c in Bolivien wird zur Pilgerst\u00e4tte\"}]},{\"@type\":\"WebSite\",\"@id\":\"https:\\\/\\\/schoenstatt.com\\\/de\\\/#website\",\"url\":\"https:\\\/\\\/schoenstatt.com\\\/de\\\/\",\"name\":\"Schoenstatt\",\"description\":\"Apostolic Movement\",\"publisher\":{\"@id\":\"https:\\\/\\\/schoenstatt.com\\\/de\\\/#organization\"},\"potentialAction\":[{\"@type\":\"SearchAction\",\"target\":{\"@type\":\"EntryPoint\",\"urlTemplate\":\"https:\\\/\\\/schoenstatt.com\\\/de\\\/?s={search_term_string}\"},\"query-input\":{\"@type\":\"PropertyValueSpecification\",\"valueRequired\":true,\"valueName\":\"search_term_string\"}}],\"inLanguage\":\"de\"},{\"@type\":\"Organization\",\"@id\":\"https:\\\/\\\/schoenstatt.com\\\/de\\\/#organization\",\"name\":\"Schoenstatt\",\"url\":\"https:\\\/\\\/schoenstatt.com\\\/de\\\/\",\"logo\":{\"@type\":\"ImageObject\",\"inLanguage\":\"de\",\"@id\":\"https:\\\/\\\/schoenstatt.com\\\/de\\\/#\\\/schema\\\/logo\\\/image\\\/\",\"url\":\"https:\\\/\\\/schoenstatt.com\\\/wp-content\\\/uploads\\\/2025\\\/04\\\/logo-schoenstatt-white-696x696-1.png\",\"contentUrl\":\"https:\\\/\\\/schoenstatt.com\\\/wp-content\\\/uploads\\\/2025\\\/04\\\/logo-schoenstatt-white-696x696-1.png\",\"width\":696,\"height\":694,\"caption\":\"Schoenstatt\"},\"image\":{\"@id\":\"https:\\\/\\\/schoenstatt.com\\\/de\\\/#\\\/schema\\\/logo\\\/image\\\/\"}},{\"@type\":\"Person\",\"@id\":\"https:\\\/\\\/schoenstatt.com\\\/de\\\/#\\\/schema\\\/person\\\/5158877ad4acae98b34daaeef2a1ce6e\",\"name\":\"Karen Bueno\",\"image\":{\"@type\":\"ImageObject\",\"inLanguage\":\"de\",\"@id\":\"https:\\\/\\\/secure.gravatar.com\\\/avatar\\\/f9f4b823873154269d2b2130f195f6d41037dd0d7fc5f3cacb5c846bae70d66b?s=96&d=mm&r=g\",\"url\":\"https:\\\/\\\/secure.gravatar.com\\\/avatar\\\/f9f4b823873154269d2b2130f195f6d41037dd0d7fc5f3cacb5c846bae70d66b?s=96&d=mm&r=g\",\"contentUrl\":\"https:\\\/\\\/secure.gravatar.com\\\/avatar\\\/f9f4b823873154269d2b2130f195f6d41037dd0d7fc5f3cacb5c846bae70d66b?s=96&d=mm&r=g\",\"caption\":\"Karen Bueno\"},\"url\":\"https:\\\/\\\/schoenstatt.com\\\/de\\\/author\\\/karen-bueno\\\/\"}]}<\/script>\n<!-- \/ Yoast SEO Premium plugin. -->","yoast_head_json":{"title":"Das Heiligtum \u201eLand der Einheit\u201c in Bolivien wird zur Pilgerst\u00e4tte - Schoenstatt","description":"Am Sonntag, 23. M\u00e4rz, hat Bischof Luis Dur\u00e1n das Heiligtum \u201eLand der Einheit\u201c als Wallfahrtsort er\u00f6ffnet.","robots":{"index":"index","follow":"follow","max-snippet":"max-snippet:-1","max-image-preview":"max-image-preview:large","max-video-preview":"max-video-preview:-1"},"canonical":"https:\/\/schoenstatt.com\/de\/das-heiligtum-land-der-einheit-in-bolivien-wird-zur-pilgerstaette\/","og_locale":"de_DE","og_type":"article","og_title":"Das Heiligtum \u201eLand der Einheit\u201c in Bolivien wird zur Pilgerst\u00e4tte","og_description":"Am Sonntag, 23. M\u00e4rz, hat Bischof Luis Dur\u00e1n das Heiligtum \u201eLand der Einheit\u201c als Wallfahrtsort er\u00f6ffnet.","og_url":"https:\/\/schoenstatt.com\/de\/das-heiligtum-land-der-einheit-in-bolivien-wird-zur-pilgerstaette\/","og_site_name":"Schoenstatt","article_published_time":"2025-03-25T12:24:34+00:00","article_modified_time":"2025-08-18T15:09:07+00:00","og_image":[{"width":1920,"height":1323,"url":"https:\/\/schoenstatt.com\/wp-content\/uploads\/2025\/03\/La-Paz-Bolivia-Schoenstatt-Shrine-1.webp","type":"image\/webp"}],"author":"Karen Bueno","twitter_card":"summary_large_image","twitter_misc":{"Verfasst von":"Karen Bueno","Gesch\u00e4tzte Lesezeit":"4\u00a0Minuten"},"schema":{"@context":"https:\/\/schema.org","@graph":[{"@type":"Article","@id":"https:\/\/schoenstatt.com\/de\/das-heiligtum-land-der-einheit-in-bolivien-wird-zur-pilgerstaette\/#article","isPartOf":{"@id":"https:\/\/schoenstatt.com\/de\/das-heiligtum-land-der-einheit-in-bolivien-wird-zur-pilgerstaette\/"},"author":{"name":"Karen Bueno","@id":"https:\/\/schoenstatt.com\/de\/#\/schema\/person\/5158877ad4acae98b34daaeef2a1ce6e"},"headline":"Das Heiligtum \u201eLand der Einheit\u201c in Bolivien wird zur Pilgerst\u00e4tte","datePublished":"2025-03-25T12:24:34+00:00","dateModified":"2025-08-18T15:09:07+00:00","mainEntityOfPage":{"@id":"https:\/\/schoenstatt.com\/de\/das-heiligtum-land-der-einheit-in-bolivien-wird-zur-pilgerstaette\/"},"wordCount":522,"publisher":{"@id":"https:\/\/schoenstatt.com\/de\/#organization"},"image":{"@id":"https:\/\/schoenstatt.com\/de\/das-heiligtum-land-der-einheit-in-bolivien-wird-zur-pilgerstaette\/#primaryimage"},"thumbnailUrl":"https:\/\/schoenstatt.com\/wp-content\/uploads\/2025\/03\/La-Paz-Bolivia-Schoenstatt-Shrine-1.webp","keywords":["Kirchenjubil\u00e4um 2025","Sch\u00f6nstatt Bolivien","Sch\u00f6nstatt-Heiligtum"],"articleSection":["Amerika","L\u00e4nder"],"inLanguage":"de"},{"@type":"WebPage","@id":"https:\/\/schoenstatt.com\/de\/das-heiligtum-land-der-einheit-in-bolivien-wird-zur-pilgerstaette\/","url":"https:\/\/schoenstatt.com\/de\/das-heiligtum-land-der-einheit-in-bolivien-wird-zur-pilgerstaette\/","name":"Das Heiligtum \u201eLand der Einheit\u201c in Bolivien wird zur Pilgerst\u00e4tte - Schoenstatt","isPartOf":{"@id":"https:\/\/schoenstatt.com\/de\/#website"},"primaryImageOfPage":{"@id":"https:\/\/schoenstatt.com\/de\/das-heiligtum-land-der-einheit-in-bolivien-wird-zur-pilgerstaette\/#primaryimage"},"image":{"@id":"https:\/\/schoenstatt.com\/de\/das-heiligtum-land-der-einheit-in-bolivien-wird-zur-pilgerstaette\/#primaryimage"},"thumbnailUrl":"https:\/\/schoenstatt.com\/wp-content\/uploads\/2025\/03\/La-Paz-Bolivia-Schoenstatt-Shrine-1.webp","datePublished":"2025-03-25T12:24:34+00:00","dateModified":"2025-08-18T15:09:07+00:00","description":"Am Sonntag, 23. M\u00e4rz, hat Bischof Luis Dur\u00e1n das Heiligtum \u201eLand der Einheit\u201c als Wallfahrtsort er\u00f6ffnet.","breadcrumb":{"@id":"https:\/\/schoenstatt.com\/de\/das-heiligtum-land-der-einheit-in-bolivien-wird-zur-pilgerstaette\/#breadcrumb"},"inLanguage":"de","potentialAction":[{"@type":"ReadAction","target":["https:\/\/schoenstatt.com\/de\/das-heiligtum-land-der-einheit-in-bolivien-wird-zur-pilgerstaette\/"]}]},{"@type":"ImageObject","inLanguage":"de","@id":"https:\/\/schoenstatt.com\/de\/das-heiligtum-land-der-einheit-in-bolivien-wird-zur-pilgerstaette\/#primaryimage","url":"https:\/\/schoenstatt.com\/wp-content\/uploads\/2025\/03\/La-Paz-Bolivia-Schoenstatt-Shrine-1.webp","contentUrl":"https:\/\/schoenstatt.com\/wp-content\/uploads\/2025\/03\/La-Paz-Bolivia-Schoenstatt-Shrine-1.webp","width":1920,"height":1323,"caption":"Shrine \u201cLand of Unity\u201d in La Paz, Bolivia"},{"@type":"BreadcrumbList","@id":"https:\/\/schoenstatt.com\/de\/das-heiligtum-land-der-einheit-in-bolivien-wird-zur-pilgerstaette\/#breadcrumb","itemListElement":[{"@type":"ListItem","position":1,"name":"Portada","item":"https:\/\/schoenstatt.com\/de\/home\/"},{"@type":"ListItem","position":2,"name":"Das Heiligtum \u201eLand der Einheit\u201c in Bolivien wird zur Pilgerst\u00e4tte"}]},{"@type":"WebSite","@id":"https:\/\/schoenstatt.com\/de\/#website","url":"https:\/\/schoenstatt.com\/de\/","name":"Schoenstatt","description":"Apostolic Movement","publisher":{"@id":"https:\/\/schoenstatt.com\/de\/#organization"},"potentialAction":[{"@type":"SearchAction","target":{"@type":"EntryPoint","urlTemplate":"https:\/\/schoenstatt.com\/de\/?s={search_term_string}"},"query-input":{"@type":"PropertyValueSpecification","valueRequired":true,"valueName":"search_term_string"}}],"inLanguage":"de"},{"@type":"Organization","@id":"https:\/\/schoenstatt.com\/de\/#organization","name":"Schoenstatt","url":"https:\/\/schoenstatt.com\/de\/","logo":{"@type":"ImageObject","inLanguage":"de","@id":"https:\/\/schoenstatt.com\/de\/#\/schema\/logo\/image\/","url":"https:\/\/schoenstatt.com\/wp-content\/uploads\/2025\/04\/logo-schoenstatt-white-696x696-1.png","contentUrl":"https:\/\/schoenstatt.com\/wp-content\/uploads\/2025\/04\/logo-schoenstatt-white-696x696-1.png","width":696,"height":694,"caption":"Schoenstatt"},"image":{"@id":"https:\/\/schoenstatt.com\/de\/#\/schema\/logo\/image\/"}},{"@type":"Person","@id":"https:\/\/schoenstatt.com\/de\/#\/schema\/person\/5158877ad4acae98b34daaeef2a1ce6e","name":"Karen Bueno","image":{"@type":"ImageObject","inLanguage":"de","@id":"https:\/\/secure.gravatar.com\/avatar\/f9f4b823873154269d2b2130f195f6d41037dd0d7fc5f3cacb5c846bae70d66b?s=96&d=mm&r=g","url":"https:\/\/secure.gravatar.com\/avatar\/f9f4b823873154269d2b2130f195f6d41037dd0d7fc5f3cacb5c846bae70d66b?s=96&d=mm&r=g","contentUrl":"https:\/\/secure.gravatar.com\/avatar\/f9f4b823873154269d2b2130f195f6d41037dd0d7fc5f3cacb5c846bae70d66b?s=96&d=mm&r=g","caption":"Karen Bueno"},"url":"https:\/\/schoenstatt.com\/de\/author\/karen-bueno\/"}]}},"_links":{"self":[{"href":"https:\/\/schoenstatt.com\/de\/wp-json\/wp\/v2\/posts\/44059","targetHints":{"allow":["GET"]}}],"collection":[{"href":"https:\/\/schoenstatt.com\/de\/wp-json\/wp\/v2\/posts"}],"about":[{"href":"https:\/\/schoenstatt.com\/de\/wp-json\/wp\/v2\/types\/post"}],"author":[{"embeddable":true,"href":"https:\/\/schoenstatt.com\/de\/wp-json\/wp\/v2\/users\/3"}],"replies":[{"embeddable":true,"href":"https:\/\/schoenstatt.com\/de\/wp-json\/wp\/v2\/comments?post=44059"}],"version-history":[{"count":6,"href":"https:\/\/schoenstatt.com\/de\/wp-json\/wp\/v2\/posts\/44059\/revisions"}],"predecessor-version":[{"id":62239,"href":"https:\/\/schoenstatt.com\/de\/wp-json\/wp\/v2\/posts\/44059\/revisions\/62239"}],"wp:featuredmedia":[{"embeddable":true,"href":"https:\/\/schoenstatt.com\/de\/wp-json\/wp\/v2\/media\/44026"}],"wp:attachment":[{"href":"https:\/\/schoenstatt.com\/de\/wp-json\/wp\/v2\/media?parent=44059"}],"wp:term":[{"taxonomy":"category","embeddable":true,"href":"https:\/\/schoenstatt.com\/de\/wp-json\/wp\/v2\/categories?post=44059"},{"taxonomy":"post_tag","embeddable":true,"href":"https:\/\/schoenstatt.com\/de\/wp-json\/wp\/v2\/tags?post=44059"}],"curies":[{"name":"wp","href":"https:\/\/api.w.org\/{rel}","templated":true}]}}