{"id":43893,"date":"2025-03-14T01:45:58","date_gmt":"2025-03-14T00:45:58","guid":{"rendered":"https:\/\/schoenstatt.com\/?p=43893"},"modified":"2025-08-21T01:19:01","modified_gmt":"2025-08-20T23:19:01","slug":"papst-franziskus-und-seine-marianische-vision-der-kirche","status":"publish","type":"post","link":"https:\/\/schoenstatt.com\/de\/papst-franziskus-und-seine-marianische-vision-der-kirche\/","title":{"rendered":"Papst Franziskus und seine marianische Vision der Kirche"},"content":{"rendered":"\n<h3 class=\"wp-block-heading\" id=\"h-eine-markante-personlichkeit-und-die-liebe-zu-unserer-frau\"><strong>Eine markante Pers\u00f6nlichkeit und die Liebe zu unserer Frau<\/strong><\/h3>\n\n\n\n<p>Mit gro\u00dfer Freude lege ich dieses Zeugnis in Dankbarkeit gegen\u00fcber Papst Franziskus vor, mit dem ich seit 2007 verbunden bin. Ich hatte die Gnade, mit ihm bei der Konferenz von Aparecida zusammenzuarbeiten, eine Erfahrung, die mein Leben tief gepr\u00e4gt hat, vor allem durch seine Demut, seine spirituelle Tiefe und seine kirchliche Haltung. Damals h\u00e4tte ich nie gedacht, dass er einmal Papst werden w\u00fcrde.<\/p>\n\n\n\n<p>Von Anfang an war ich beeindruckt von seiner Pers\u00f6nlichkeit, seinem religi\u00f6sen Geist und seiner Liebe zu unserer Frau. In Aparecida hatten wir wichtige Gespr\u00e4che \u00fcber die Bedeutung der Anwesenheit Mariens im Schlussdokument der Konferenz und dar\u00fcber, wie das Beispiel und die F\u00fcrsprache Mariens alle Dimensionen des Lebens der Kirche pr\u00e4gen sollen, besonders das Leben des lateinamerikanischen Volkes, das durch die H\u00e4nde Unserer Lieben Frau evangelisiert wurde.<\/p>\n\n\n\n<p>Die marianische Geschichte unseres amerikanischen Kontinents ist sehr tief. Die Evangelisierung war marianisch, guadalupisch, und in S\u00fcdamerika begleitete die Gegenwart Mariens die Evangelisierer, die das Kreuz Christi mit einem Bild Unserer Lieben Frau brachten. Papst Franziskus ist der Erbe dieser Tradition.<\/p>\n\n\n\n<h3 class=\"wp-block-heading\" id=\"h-sie-ist-meine-mutter-zeugnisse-der-marianischen-frommigkeit-des-papstes\"><strong>\u201eSie ist meine Mutter\u201c: Zeugnisse der marianischen Fr\u00f6mmigkeit des Papstes<\/strong><\/h3>\n\n\n\n<p>Ich m\u00f6chte einige Geschichten \u00fcber die Beziehung des Papstes zu unserer Frau mit Ihnen teilen. Ich hatte die Gnade, ihn zu diesem Thema zu interviewen, woraus das Buch \u201eSie ist meine Mutter\u201c (Begegnungen von Papst Franziskus mit Maria, 2014) entstanden ist.<\/p>\n\n\n\n<p>Als Mitglied der Sch\u00f6nstattbewegung habe ich immer die Verbindung gesp\u00fcrt, die der Papst zwischen mir und unserer Frau hergestellt hat. W\u00e4hrend des Weltjugendtags in Rio de Janeiro (2013), als ich sein Dolmetscher war, schenkte er mir marianische Gegenst\u00e4nde. Als ich merkte, dass ich kein Geschenk f\u00fcr ihn hatte, erinnerte ich mich an ein Bild der Pilgernden Mutter, das mir eine Sch\u00f6nstattschwester gegeben hatte, damit der Papst es segne.<\/p>\n\n\n\n<p>Als ich das Bild anschaute, sp\u00fcrte ich, dass es das perfekte Geschenk war. Als ich es ihm gab, umarmte und k\u00fcsste er es und bat mich, es zu segnen. Dann sagte er: \u201eIch gebe die Geschenke, die ich bekomme, oft weiter, aber dieses bleibt bei mir.\u201c Seitdem begleitet ihn das Bild auf seinem Nachttisch neben dem Bett.<\/p>\n\n\n\n<figure class=\"wp-block-image size-full\"><img decoding=\"async\" src=\"https:\/\/schoenstatt.com\/wp-content\/uploads\/2025\/03\/room-pope-francis.jpg\" alt=\"\" class=\"wp-image-43881\"\/><figcaption class=\"wp-element-caption\">Pope Francis&#8216; room, with the Pilgrim Mother image<\/figcaption><\/figure>\n\n\n\n<p>2014 erz\u00e4hlte er der Sch\u00f6nstattfamilie:<em> \u201eVor einiger Zeit schenkte mir ein Sch\u00f6nstattpriester ein Bild der Gottesmutter. Ich habe es auf dem Tisch neben meinem Bett. Jeden Morgen, wenn ich aufstehe, ber\u00fchre ich es und bete. Das ist ein Geheimnis, das ich mit euch teilen wollte.\u201c <\/em>Er betonte auch die Bedeutung Mariens als unserer Mutter und hinterlie\u00df der Sch\u00f6nstattfamilie sch\u00f6ne Botschaften:<em> \u201eWir haben nicht das Recht, eine Waisenmentalit\u00e4t zu haben. Das hei\u00dft, der Christ hat nicht das Recht, sich als Waise zu f\u00fchlen. Du hast eine Mutter. Wir haben eine Mutter. (\u2026) Sie ist nicht nur Mutter, weil sie uns das Leben gibt, sondern auch, weil sie uns im Glauben erzieht. Es ist etwas ganz anderes, im Glauben zu suchen und zu wachsen ohne die Hilfe Mariens. Es ist etwas anderes. Es ist wie im Glauben wachsen, ja, aber in einer Kirche, die ein Waisenhaus ist. Eine Kirche ohne Maria ist wie ein Waisenhaus. Sie erzieht uns, sie hilft uns zu wachsen, sie begleitet uns, sie ber\u00fchrt unser Gewissen. Sie versteht es, das Gewissen zur Umkehr zu bewegen!\u201c<\/em><\/p>\n\n\n\n<h3 class=\"wp-block-heading\" id=\"h-maria-und-die-kultur-der-begegnung-und-des-bundes\"><strong><strong>Maria und die Kultur der Begegnung und des Bundes<\/strong><\/strong><\/h3>\n\n\n\n<p>Papst Franziskus betont die Bedeutung Mariens als der Person, die uns hilft, die Kultur der Begegnung und des B\u00fcndnisses zu leben, die im Zentrum der Spiritualit\u00e4t Sch\u00f6nstatts steht. <em>\u201eDie Kultur der Begegnung ist die Kultur des B\u00fcndnisses. Und das schafft Solidarit\u00e4t. (\u2026) Es bedeutet, Bindungen zu schaffen, nicht Bindungen zu zerst\u00f6ren. Und heute leben wir in dieser Kultur, in dieser Kultur der Vorl\u00e4ufigkeit, die eine Kultur der Zerst\u00f6rung von Bindungen ist. (\u2026) Also, Kultur der Begegnung, die eine Einheit schafft, die nicht falsch ist, und es ist die Einheit der Heiligkeit, verstehen Sie? Die zur Kultur der Begegnung f\u00fchrt.\u201c<\/em><\/p>\n\n\n\n<h3 class=\"wp-block-heading\" id=\"h-eine-marianische-kirche-standhaftigkeit-zartlichkeit-und-barmherzigkeit\"><strong><strong>Eine marianische Kirche: Standhaftigkeit, Z\u00e4rtlichkeit und Barmherzigkeit<\/strong><\/strong><\/h3>\n\n\n\n<p>Der Blick des Papstes auf unsere Frau ist der einer Mutter, die immer inmitten ihres Volkes gegenw\u00e4rtig ist, einer J\u00fcngerin und Missionarin Jesu. Wenn wir von Maria sprechen, sprechen wir f\u00fcr ihn auch von der Kirche.<br>In der Apostolischen Exhortation <a href=\"https:\/\/www.vatican.va\/content\/francesco\/de\/apost_exhortations\/documents\/papa-francesco_esortazione-ap_20131124_evangelii-gaudium.html\" target=\"_blank\" rel=\"noreferrer noopener\"><mark style=\"background-color:rgba(0, 0, 0, 0);color:#eb9205\" class=\"has-inline-color\">Evangelii Gaudium<\/mark><\/a> lehrt Franziskus, dass alles, was wir \u00fcber Maria sagen, auf die Kirche und auf jeden Getauften angewendet werden muss.<\/p>\n\n\n\n<p>Eine Kirche, die Mutter sein muss wie Maria, standhaft, stark und z\u00e4rtlich, die in der Revolution der Z\u00e4rtlichkeit lebt. Eine missionarische Kirche, die ihre T\u00fcren \u00f6ffnet, alle aufnimmt, sich um sie k\u00fcmmert und sie umarmt, besonders diejenigen, die am Rande der Gesellschaft stehen. Eine Kirche, die wie ein Feldlazarett erste Hilfe leistet, aufnimmt und sich k\u00fcmmert.<\/p>\n\n\n\n<p>Papst Franziskus w\u00fcnscht sich eine Kirche mit der m\u00fctterlichen Sorge Mariens. Sein 12-j\u00e4hriges Pontifikat hat uns dies gezeigt, mit der Ausrufung des au\u00dferordentlichen Heiligen Jahres der Barmherzigkeit und dem synodalen Geist, der darauf abzielt, dass \u201ealle, alle, alle\u201c in den Scho\u00df der Kirche aufgenommen werden und sich dort zu Hause f\u00fchlen, unabh\u00e4ngig von ihrer moralischen Geschichte. Die Kirche l\u00e4dt zur F\u00fclle der theologischen Tugenden und des Evangeliums ein, wo die Moral einen grundlegenden Wert hat, aber der Ausgangspunkt immer die Offenheit, die Aufnahme und das Zuh\u00f6ren ist. Der Papst hofft, dass wir die Kirche zu einer m\u00fctterlichen Kirche machen k\u00f6nnen, mit den Z\u00fcgen Mariens, einer marianischen Kirche.<\/p>\n\n\n\n<p><em><strong>P. Alexandre Awi Mello, ISch<br><\/strong>Derzeit ist er Generaloberer des Instituts der Sch\u00f6nstatt-Patres. Magister der Theologie an der Philosophisch-Theologischen Hochschule Vallendar, Deutschland. Promotion in Mariologie an der Universit\u00e4t Dayton, USA. Professor f\u00fcr Pastoraltheologie und Systematische Theologie am Institut Paulo VI. Institut in Londrina (PR); an der Pontificia Universidad Cat\u00f3lica in Paran\u00e1, Londrina; an der UNISAL der Salesianer; und an der Fakult\u00e4t f\u00fcr Philosophie und Theologie in S\u00e3o Bento. Er arbeitete mit Kardinal Bergoglio bei der V. Generalversammlung des lateinamerikanischen und karibischen Episkopats in Aparecida zusammen und begleitete den Papst zum XXVIII Weltjugendtag 2013 in Rio de Janeiro. Er war Sekret\u00e4r des Dikasteriums f\u00fcr Laien, Familie und Leben und Berater der P\u00e4pstlichen Kommission f\u00fcr Lateinamerika.<\/em><\/p>\n\n\n\n<p><strong>Quelle: <\/strong><a href=\"Source: https:\/\/formacao.cancaonova.com\/testemunhos\/papa-francisco-e-sua-visao-mariana-da-igreja\/\" target=\"_blank\" rel=\"noreferrer noopener\"><mark style=\"background-color:rgba(0, 0, 0, 0);color:#eb9205\" class=\"has-inline-color\">formacao.cancaonova.com<\/mark><\/a><\/p>\n\n\n\n<p><strong>\u00dcbersetzung: <\/strong>Sr. M. Lourdes Mac\u00edas<br><strong>Lektorat: <\/strong>Hildegard Kaiser<\/p>\n","protected":false},"excerpt":{"rendered":"<p>In den 12 Jahren des Pontifikats von Papst Franziskus finden wir in ihm eine markante Pers\u00f6nlichkeit mit gro\u00dfer Liebe zu unserer Frau. <\/p>\n","protected":false},"author":3,"featured_media":43886,"comment_status":"closed","ping_status":"closed","sticky":false,"template":"","format":"standard","meta":{"footnotes":""},"categories":[851,852],"tags":[853,152,854],"class_list":["post-43893","post","type-post","status-publish","format-standard","has-post-thumbnail","hentry","category-kirche-de","category-papst-franziskus-de","tag-kirche-de","tag-p-alexandre-awi-mello-de","tag-papst-franziskus-de"],"yoast_head":"<!-- This site is optimized with the Yoast SEO Premium plugin v27.4 (Yoast SEO v27.5) - https:\/\/yoast.com\/product\/yoast-seo-premium-wordpress\/ -->\n<title>Papst Franziskus und seine marianische Vision der Kirche - Schoenstatt<\/title>\n<meta name=\"description\" content=\"In den 12 Jahren des Pontifikats von Papst Franziskus finden wir in ihm eine markante Pers\u00f6nlichkeit mit gro\u00dfer Liebe zu unserer Frau.\" \/>\n<meta name=\"robots\" content=\"index, follow, max-snippet:-1, max-image-preview:large, max-video-preview:-1\" \/>\n<link rel=\"canonical\" href=\"https:\/\/schoenstatt.com\/de\/papst-franziskus-und-seine-marianische-vision-der-kirche\/\" \/>\n<meta property=\"og:locale\" content=\"de_DE\" \/>\n<meta property=\"og:type\" content=\"article\" \/>\n<meta property=\"og:title\" content=\"Papst Franziskus und seine marianische Vision der Kirche\" \/>\n<meta property=\"og:description\" content=\"In den 12 Jahren des Pontifikats von Papst Franziskus finden wir in ihm eine markante Pers\u00f6nlichkeit mit gro\u00dfer Liebe zu unserer Frau.\" \/>\n<meta property=\"og:url\" content=\"https:\/\/schoenstatt.com\/de\/papst-franziskus-und-seine-marianische-vision-der-kirche\/\" \/>\n<meta property=\"og:site_name\" content=\"Schoenstatt\" \/>\n<meta property=\"article:published_time\" content=\"2025-03-14T00:45:58+00:00\" \/>\n<meta property=\"article:modified_time\" content=\"2025-08-20T23:19:01+00:00\" \/>\n<meta property=\"og:image\" content=\"https:\/\/schoenstatt.com\/wp-content\/uploads\/2025\/03\/father-Alexandre-Awi-Mello-and-Pope-Francis-1.webp\" \/>\n\t<meta property=\"og:image:width\" content=\"1920\" \/>\n\t<meta property=\"og:image:height\" content=\"1080\" \/>\n\t<meta property=\"og:image:type\" content=\"image\/webp\" \/>\n<meta name=\"author\" content=\"Karen Bueno\" \/>\n<meta name=\"twitter:card\" content=\"summary_large_image\" \/>\n<meta name=\"twitter:label1\" content=\"Verfasst von\" \/>\n\t<meta name=\"twitter:data1\" content=\"Karen Bueno\" \/>\n\t<meta name=\"twitter:label2\" content=\"Gesch\u00e4tzte Lesezeit\" \/>\n\t<meta name=\"twitter:data2\" content=\"5\u00a0Minuten\" \/>\n<script type=\"application\/ld+json\" class=\"yoast-schema-graph\">{\"@context\":\"https:\\\/\\\/schema.org\",\"@graph\":[{\"@type\":\"Article\",\"@id\":\"https:\\\/\\\/schoenstatt.com\\\/de\\\/papst-franziskus-und-seine-marianische-vision-der-kirche\\\/#article\",\"isPartOf\":{\"@id\":\"https:\\\/\\\/schoenstatt.com\\\/de\\\/papst-franziskus-und-seine-marianische-vision-der-kirche\\\/\"},\"author\":{\"name\":\"Karen Bueno\",\"@id\":\"https:\\\/\\\/schoenstatt.com\\\/de\\\/#\\\/schema\\\/person\\\/5158877ad4acae98b34daaeef2a1ce6e\"},\"headline\":\"Papst Franziskus und seine marianische Vision der Kirche\",\"datePublished\":\"2025-03-14T00:45:58+00:00\",\"dateModified\":\"2025-08-20T23:19:01+00:00\",\"mainEntityOfPage\":{\"@id\":\"https:\\\/\\\/schoenstatt.com\\\/de\\\/papst-franziskus-und-seine-marianische-vision-der-kirche\\\/\"},\"wordCount\":1081,\"publisher\":{\"@id\":\"https:\\\/\\\/schoenstatt.com\\\/de\\\/#organization\"},\"image\":{\"@id\":\"https:\\\/\\\/schoenstatt.com\\\/de\\\/papst-franziskus-und-seine-marianische-vision-der-kirche\\\/#primaryimage\"},\"thumbnailUrl\":\"https:\\\/\\\/schoenstatt.com\\\/wp-content\\\/uploads\\\/2025\\\/03\\\/father-Alexandre-Awi-Mello-and-Pope-Francis-1.webp\",\"keywords\":[\"Kirche\",\"P. Alexandre Awi Mello\",\"Papst Franziskus\"],\"articleSection\":[\"Kirche\",\"Papst Franziskus\"],\"inLanguage\":\"de\"},{\"@type\":\"WebPage\",\"@id\":\"https:\\\/\\\/schoenstatt.com\\\/de\\\/papst-franziskus-und-seine-marianische-vision-der-kirche\\\/\",\"url\":\"https:\\\/\\\/schoenstatt.com\\\/de\\\/papst-franziskus-und-seine-marianische-vision-der-kirche\\\/\",\"name\":\"Papst Franziskus und seine marianische Vision der Kirche - Schoenstatt\",\"isPartOf\":{\"@id\":\"https:\\\/\\\/schoenstatt.com\\\/de\\\/#website\"},\"primaryImageOfPage\":{\"@id\":\"https:\\\/\\\/schoenstatt.com\\\/de\\\/papst-franziskus-und-seine-marianische-vision-der-kirche\\\/#primaryimage\"},\"image\":{\"@id\":\"https:\\\/\\\/schoenstatt.com\\\/de\\\/papst-franziskus-und-seine-marianische-vision-der-kirche\\\/#primaryimage\"},\"thumbnailUrl\":\"https:\\\/\\\/schoenstatt.com\\\/wp-content\\\/uploads\\\/2025\\\/03\\\/father-Alexandre-Awi-Mello-and-Pope-Francis-1.webp\",\"datePublished\":\"2025-03-14T00:45:58+00:00\",\"dateModified\":\"2025-08-20T23:19:01+00:00\",\"description\":\"In den 12 Jahren des Pontifikats von Papst Franziskus finden wir in ihm eine markante Pers\u00f6nlichkeit mit gro\u00dfer Liebe zu unserer Frau.\",\"breadcrumb\":{\"@id\":\"https:\\\/\\\/schoenstatt.com\\\/de\\\/papst-franziskus-und-seine-marianische-vision-der-kirche\\\/#breadcrumb\"},\"inLanguage\":\"de\",\"potentialAction\":[{\"@type\":\"ReadAction\",\"target\":[\"https:\\\/\\\/schoenstatt.com\\\/de\\\/papst-franziskus-und-seine-marianische-vision-der-kirche\\\/\"]}]},{\"@type\":\"ImageObject\",\"inLanguage\":\"de\",\"@id\":\"https:\\\/\\\/schoenstatt.com\\\/de\\\/papst-franziskus-und-seine-marianische-vision-der-kirche\\\/#primaryimage\",\"url\":\"https:\\\/\\\/schoenstatt.com\\\/wp-content\\\/uploads\\\/2025\\\/03\\\/father-Alexandre-Awi-Mello-and-Pope-Francis-1.webp\",\"contentUrl\":\"https:\\\/\\\/schoenstatt.com\\\/wp-content\\\/uploads\\\/2025\\\/03\\\/father-Alexandre-Awi-Mello-and-Pope-Francis-1.webp\",\"width\":1920,\"height\":1080},{\"@type\":\"BreadcrumbList\",\"@id\":\"https:\\\/\\\/schoenstatt.com\\\/de\\\/papst-franziskus-und-seine-marianische-vision-der-kirche\\\/#breadcrumb\",\"itemListElement\":[{\"@type\":\"ListItem\",\"position\":1,\"name\":\"Portada\",\"item\":\"https:\\\/\\\/schoenstatt.com\\\/de\\\/home\\\/\"},{\"@type\":\"ListItem\",\"position\":2,\"name\":\"Papst Franziskus und seine marianische Vision der Kirche\"}]},{\"@type\":\"WebSite\",\"@id\":\"https:\\\/\\\/schoenstatt.com\\\/de\\\/#website\",\"url\":\"https:\\\/\\\/schoenstatt.com\\\/de\\\/\",\"name\":\"Schoenstatt\",\"description\":\"Apostolic Movement\",\"publisher\":{\"@id\":\"https:\\\/\\\/schoenstatt.com\\\/de\\\/#organization\"},\"potentialAction\":[{\"@type\":\"SearchAction\",\"target\":{\"@type\":\"EntryPoint\",\"urlTemplate\":\"https:\\\/\\\/schoenstatt.com\\\/de\\\/?s={search_term_string}\"},\"query-input\":{\"@type\":\"PropertyValueSpecification\",\"valueRequired\":true,\"valueName\":\"search_term_string\"}}],\"inLanguage\":\"de\"},{\"@type\":\"Organization\",\"@id\":\"https:\\\/\\\/schoenstatt.com\\\/de\\\/#organization\",\"name\":\"Schoenstatt\",\"url\":\"https:\\\/\\\/schoenstatt.com\\\/de\\\/\",\"logo\":{\"@type\":\"ImageObject\",\"inLanguage\":\"de\",\"@id\":\"https:\\\/\\\/schoenstatt.com\\\/de\\\/#\\\/schema\\\/logo\\\/image\\\/\",\"url\":\"https:\\\/\\\/schoenstatt.com\\\/wp-content\\\/uploads\\\/2025\\\/04\\\/logo-schoenstatt-white-696x696-1.png\",\"contentUrl\":\"https:\\\/\\\/schoenstatt.com\\\/wp-content\\\/uploads\\\/2025\\\/04\\\/logo-schoenstatt-white-696x696-1.png\",\"width\":696,\"height\":694,\"caption\":\"Schoenstatt\"},\"image\":{\"@id\":\"https:\\\/\\\/schoenstatt.com\\\/de\\\/#\\\/schema\\\/logo\\\/image\\\/\"}},{\"@type\":\"Person\",\"@id\":\"https:\\\/\\\/schoenstatt.com\\\/de\\\/#\\\/schema\\\/person\\\/5158877ad4acae98b34daaeef2a1ce6e\",\"name\":\"Karen Bueno\",\"image\":{\"@type\":\"ImageObject\",\"inLanguage\":\"de\",\"@id\":\"https:\\\/\\\/secure.gravatar.com\\\/avatar\\\/f9f4b823873154269d2b2130f195f6d41037dd0d7fc5f3cacb5c846bae70d66b?s=96&d=mm&r=g\",\"url\":\"https:\\\/\\\/secure.gravatar.com\\\/avatar\\\/f9f4b823873154269d2b2130f195f6d41037dd0d7fc5f3cacb5c846bae70d66b?s=96&d=mm&r=g\",\"contentUrl\":\"https:\\\/\\\/secure.gravatar.com\\\/avatar\\\/f9f4b823873154269d2b2130f195f6d41037dd0d7fc5f3cacb5c846bae70d66b?s=96&d=mm&r=g\",\"caption\":\"Karen Bueno\"},\"url\":\"https:\\\/\\\/schoenstatt.com\\\/de\\\/author\\\/karen-bueno\\\/\"}]}<\/script>\n<!-- \/ Yoast SEO Premium plugin. -->","yoast_head_json":{"title":"Papst Franziskus und seine marianische Vision der Kirche - Schoenstatt","description":"In den 12 Jahren des Pontifikats von Papst Franziskus finden wir in ihm eine markante Pers\u00f6nlichkeit mit gro\u00dfer Liebe zu unserer Frau.","robots":{"index":"index","follow":"follow","max-snippet":"max-snippet:-1","max-image-preview":"max-image-preview:large","max-video-preview":"max-video-preview:-1"},"canonical":"https:\/\/schoenstatt.com\/de\/papst-franziskus-und-seine-marianische-vision-der-kirche\/","og_locale":"de_DE","og_type":"article","og_title":"Papst Franziskus und seine marianische Vision der Kirche","og_description":"In den 12 Jahren des Pontifikats von Papst Franziskus finden wir in ihm eine markante Pers\u00f6nlichkeit mit gro\u00dfer Liebe zu unserer Frau.","og_url":"https:\/\/schoenstatt.com\/de\/papst-franziskus-und-seine-marianische-vision-der-kirche\/","og_site_name":"Schoenstatt","article_published_time":"2025-03-14T00:45:58+00:00","article_modified_time":"2025-08-20T23:19:01+00:00","og_image":[{"width":1920,"height":1080,"url":"https:\/\/schoenstatt.com\/wp-content\/uploads\/2025\/03\/father-Alexandre-Awi-Mello-and-Pope-Francis-1.webp","type":"image\/webp"}],"author":"Karen Bueno","twitter_card":"summary_large_image","twitter_misc":{"Verfasst von":"Karen Bueno","Gesch\u00e4tzte Lesezeit":"5\u00a0Minuten"},"schema":{"@context":"https:\/\/schema.org","@graph":[{"@type":"Article","@id":"https:\/\/schoenstatt.com\/de\/papst-franziskus-und-seine-marianische-vision-der-kirche\/#article","isPartOf":{"@id":"https:\/\/schoenstatt.com\/de\/papst-franziskus-und-seine-marianische-vision-der-kirche\/"},"author":{"name":"Karen Bueno","@id":"https:\/\/schoenstatt.com\/de\/#\/schema\/person\/5158877ad4acae98b34daaeef2a1ce6e"},"headline":"Papst Franziskus und seine marianische Vision der Kirche","datePublished":"2025-03-14T00:45:58+00:00","dateModified":"2025-08-20T23:19:01+00:00","mainEntityOfPage":{"@id":"https:\/\/schoenstatt.com\/de\/papst-franziskus-und-seine-marianische-vision-der-kirche\/"},"wordCount":1081,"publisher":{"@id":"https:\/\/schoenstatt.com\/de\/#organization"},"image":{"@id":"https:\/\/schoenstatt.com\/de\/papst-franziskus-und-seine-marianische-vision-der-kirche\/#primaryimage"},"thumbnailUrl":"https:\/\/schoenstatt.com\/wp-content\/uploads\/2025\/03\/father-Alexandre-Awi-Mello-and-Pope-Francis-1.webp","keywords":["Kirche","P. Alexandre Awi Mello","Papst Franziskus"],"articleSection":["Kirche","Papst Franziskus"],"inLanguage":"de"},{"@type":"WebPage","@id":"https:\/\/schoenstatt.com\/de\/papst-franziskus-und-seine-marianische-vision-der-kirche\/","url":"https:\/\/schoenstatt.com\/de\/papst-franziskus-und-seine-marianische-vision-der-kirche\/","name":"Papst Franziskus und seine marianische Vision der Kirche - Schoenstatt","isPartOf":{"@id":"https:\/\/schoenstatt.com\/de\/#website"},"primaryImageOfPage":{"@id":"https:\/\/schoenstatt.com\/de\/papst-franziskus-und-seine-marianische-vision-der-kirche\/#primaryimage"},"image":{"@id":"https:\/\/schoenstatt.com\/de\/papst-franziskus-und-seine-marianische-vision-der-kirche\/#primaryimage"},"thumbnailUrl":"https:\/\/schoenstatt.com\/wp-content\/uploads\/2025\/03\/father-Alexandre-Awi-Mello-and-Pope-Francis-1.webp","datePublished":"2025-03-14T00:45:58+00:00","dateModified":"2025-08-20T23:19:01+00:00","description":"In den 12 Jahren des Pontifikats von Papst Franziskus finden wir in ihm eine markante Pers\u00f6nlichkeit mit gro\u00dfer Liebe zu unserer Frau.","breadcrumb":{"@id":"https:\/\/schoenstatt.com\/de\/papst-franziskus-und-seine-marianische-vision-der-kirche\/#breadcrumb"},"inLanguage":"de","potentialAction":[{"@type":"ReadAction","target":["https:\/\/schoenstatt.com\/de\/papst-franziskus-und-seine-marianische-vision-der-kirche\/"]}]},{"@type":"ImageObject","inLanguage":"de","@id":"https:\/\/schoenstatt.com\/de\/papst-franziskus-und-seine-marianische-vision-der-kirche\/#primaryimage","url":"https:\/\/schoenstatt.com\/wp-content\/uploads\/2025\/03\/father-Alexandre-Awi-Mello-and-Pope-Francis-1.webp","contentUrl":"https:\/\/schoenstatt.com\/wp-content\/uploads\/2025\/03\/father-Alexandre-Awi-Mello-and-Pope-Francis-1.webp","width":1920,"height":1080},{"@type":"BreadcrumbList","@id":"https:\/\/schoenstatt.com\/de\/papst-franziskus-und-seine-marianische-vision-der-kirche\/#breadcrumb","itemListElement":[{"@type":"ListItem","position":1,"name":"Portada","item":"https:\/\/schoenstatt.com\/de\/home\/"},{"@type":"ListItem","position":2,"name":"Papst Franziskus und seine marianische Vision der Kirche"}]},{"@type":"WebSite","@id":"https:\/\/schoenstatt.com\/de\/#website","url":"https:\/\/schoenstatt.com\/de\/","name":"Schoenstatt","description":"Apostolic Movement","publisher":{"@id":"https:\/\/schoenstatt.com\/de\/#organization"},"potentialAction":[{"@type":"SearchAction","target":{"@type":"EntryPoint","urlTemplate":"https:\/\/schoenstatt.com\/de\/?s={search_term_string}"},"query-input":{"@type":"PropertyValueSpecification","valueRequired":true,"valueName":"search_term_string"}}],"inLanguage":"de"},{"@type":"Organization","@id":"https:\/\/schoenstatt.com\/de\/#organization","name":"Schoenstatt","url":"https:\/\/schoenstatt.com\/de\/","logo":{"@type":"ImageObject","inLanguage":"de","@id":"https:\/\/schoenstatt.com\/de\/#\/schema\/logo\/image\/","url":"https:\/\/schoenstatt.com\/wp-content\/uploads\/2025\/04\/logo-schoenstatt-white-696x696-1.png","contentUrl":"https:\/\/schoenstatt.com\/wp-content\/uploads\/2025\/04\/logo-schoenstatt-white-696x696-1.png","width":696,"height":694,"caption":"Schoenstatt"},"image":{"@id":"https:\/\/schoenstatt.com\/de\/#\/schema\/logo\/image\/"}},{"@type":"Person","@id":"https:\/\/schoenstatt.com\/de\/#\/schema\/person\/5158877ad4acae98b34daaeef2a1ce6e","name":"Karen Bueno","image":{"@type":"ImageObject","inLanguage":"de","@id":"https:\/\/secure.gravatar.com\/avatar\/f9f4b823873154269d2b2130f195f6d41037dd0d7fc5f3cacb5c846bae70d66b?s=96&d=mm&r=g","url":"https:\/\/secure.gravatar.com\/avatar\/f9f4b823873154269d2b2130f195f6d41037dd0d7fc5f3cacb5c846bae70d66b?s=96&d=mm&r=g","contentUrl":"https:\/\/secure.gravatar.com\/avatar\/f9f4b823873154269d2b2130f195f6d41037dd0d7fc5f3cacb5c846bae70d66b?s=96&d=mm&r=g","caption":"Karen Bueno"},"url":"https:\/\/schoenstatt.com\/de\/author\/karen-bueno\/"}]}},"_links":{"self":[{"href":"https:\/\/schoenstatt.com\/de\/wp-json\/wp\/v2\/posts\/43893","targetHints":{"allow":["GET"]}}],"collection":[{"href":"https:\/\/schoenstatt.com\/de\/wp-json\/wp\/v2\/posts"}],"about":[{"href":"https:\/\/schoenstatt.com\/de\/wp-json\/wp\/v2\/types\/post"}],"author":[{"embeddable":true,"href":"https:\/\/schoenstatt.com\/de\/wp-json\/wp\/v2\/users\/3"}],"replies":[{"embeddable":true,"href":"https:\/\/schoenstatt.com\/de\/wp-json\/wp\/v2\/comments?post=43893"}],"version-history":[{"count":1,"href":"https:\/\/schoenstatt.com\/de\/wp-json\/wp\/v2\/posts\/43893\/revisions"}],"predecessor-version":[{"id":47393,"href":"https:\/\/schoenstatt.com\/de\/wp-json\/wp\/v2\/posts\/43893\/revisions\/47393"}],"wp:featuredmedia":[{"embeddable":true,"href":"https:\/\/schoenstatt.com\/de\/wp-json\/wp\/v2\/media\/43886"}],"wp:attachment":[{"href":"https:\/\/schoenstatt.com\/de\/wp-json\/wp\/v2\/media?parent=43893"}],"wp:term":[{"taxonomy":"category","embeddable":true,"href":"https:\/\/schoenstatt.com\/de\/wp-json\/wp\/v2\/categories?post=43893"},{"taxonomy":"post_tag","embeddable":true,"href":"https:\/\/schoenstatt.com\/de\/wp-json\/wp\/v2\/tags?post=43893"}],"curies":[{"name":"wp","href":"https:\/\/api.w.org\/{rel}","templated":true}]}}