{"id":43725,"date":"2025-03-06T21:45:12","date_gmt":"2025-03-06T20:45:12","guid":{"rendered":"https:\/\/schoenstatt.com\/?p=43725"},"modified":"2025-08-18T19:47:33","modified_gmt":"2025-08-18T17:47:33","slug":"theologische-kommission-bewertet-den-prozess-von-joao-pozzobon-positiv","status":"publish","type":"post","link":"https:\/\/schoenstatt.com\/de\/theologische-kommission-bewertet-den-prozess-von-joao-pozzobon-positiv\/","title":{"rendered":"Theologische Kommission bewertet den Prozess von Jo\u00e3o Pozzobon positiv"},"content":{"rendered":"\n<p>Die Theologische Kommission des Dikasteriums f\u00fcr die Selig- und Heiligsprechungsprozesse hat das rund 800 Seiten umfassende Dokument (Positio) \u00fcber das Leben, die heroischen Tugenden und den Ruf der Heiligkeit von Jo\u00e3o Luiz Pozzobon gepr\u00fcft und ihre Stellungnahme abgegeben.<\/p>\n\n\n\n<p><em>\u201eDie Theologische Kommission, die sich am Dienstag, dem 4. M\u00e4rz, getroffen hat, hat sich positiv \u00fcber die heroische Aus\u00fcbung der Tugenden, den Ruf der Heiligkeit und die F\u00fcrbitte des Dieners Gottes, Diakon Jo\u00e3o Luiz Pozzobon, ge\u00e4u\u00dfert\u201c<\/em>, sagte Dr. Silvia Correale, Postulatorin f\u00fcr diese Angelegenheit in Rom. Das bedeutet, dass Jo\u00e3o Luiz Pozzobon nach der Analyse dieser Kommission Glaube, Hoffnung und N\u00e4chstenliebe auf au\u00dfergew\u00f6hnliche Weise gelebt hat. F\u00fcr diesen weiteren Schritt im Seligsprechungsprozess k\u00f6nnen wir sehr dankbar sein. Es sind aber noch zwei weitere Schritte notwendig, um dies offiziell und \u00f6ffentlich zu machen.<\/p>\n\n\n\n<h3 class=\"wp-block-heading\" id=\"h-es-sind-noch-zwei-schritte-erforderlich\"><strong>Es sind noch zwei Schritte erforderlich<\/strong><\/h3>\n\n\n\n<p>Der n\u00e4chste Schritt ist die Pr\u00fcfung des Berichts (Sitzung vom 4. M\u00e4rz) durch die Bisch\u00f6fe und Kardin\u00e4le, die Mitglieder des Dikasteriums f\u00fcr die Selig- und Heiligsprechungsprozesse sind. <em>\u201eWir bleiben im Gebet vereint, dass der Herr durch das Wirken des Heiligen Geistes die Kardin\u00e4le und Bisch\u00f6fe des Dikasteriums leiten m\u00f6ge, die aufgerufen sind, ihr Urteil in einer ordentlichen Sitzung abzugeben, deren Termin noch nicht feststeht, aber in den n\u00e4chsten Monaten erwartet wird\u201c<\/em>, so die Postulatorin.<\/p>\n\n\n\n<p>Wenn das Urteil positiv ausf\u00e4llt, wird die Angelegenheit dem Heiligen Vater, dem Papst, vorgelegt, der die Ver\u00f6ffentlichung des Dekrets zur Anerkennung der heroischen Tugenden genehmigen k\u00f6nnte.<\/p>\n\n\n\n<h3 class=\"wp-block-heading\" id=\"h-konnen-wir-pozzobon-bereits-fur-venerabel-erklaren\"><strong>K\u00f6nnen wir Pozzobon bereits f\u00fcr Venerabel erkl\u00e4ren?<\/strong><\/h3>\n\n\n\n<p><strong>Noch nicht. <\/strong>Zwei wichtige Schritte bleiben: das Gutachten der Kardin\u00e4le und die Approbation des Papstes. Bleiben wir also mit frohem Herzen im Gebet vereint.<\/p>\n\n\n\n<h3 class=\"wp-block-heading\" id=\"h-die-etappen-der-anerkennung-der-heroischen-tugenden\"><strong>Die Etappen der Anerkennung der heroischen Tugenden<\/strong><\/h3>\n\n\n\n<ol class=\"wp-block-list\">\n<li>Er\u00f6ffnung der di\u00f6zesanen Phase \u2013 1994<\/li>\n\n\n\n<li>Er\u00f6ffnung der r\u00f6mischen Phase \u2013 2009<\/li>\n\n\n\n<li>Theologen und Berater analysieren die Positio \u2013 4. M\u00e4rz 2025<\/li>\n\n\n\n<li>Ordentliche Sitzung der Bisch\u00f6fe und Kardin\u00e4le (N\u00e4chster Schritt)<\/li>\n\n\n\n<li>Anerkennung der heroischen Tugenden und Dekret des Venerabeln durch den Papst<\/li>\n<\/ol>\n\n\n\n<h3 class=\"wp-block-heading\" id=\"h-gebetsinitiativen\"><strong>Gebetsinitiativen<\/strong><\/h3>\n\n\n\n<p>Neben verschiedenen privaten Initiativen gibt es auch offizielle. In Sch\u00f6nstatt, Deutschland, wird an jedem 27. des Monats im Urheiligtum eine heilige Messe f\u00fcr den Seligsprechungsprozess und des 75j\u00e4hrigen Jubil\u00e4ums der Kampagne der Pilgernden Gottesmutter in portugiesischer Sprache gefeiert. In verschiedenen Teilen Brasiliens und der Welt gibt es Gebets- und Bildungsinitiativen rund um Jo\u00e3o Pozzobon und sein Anliegen.<\/p>\n\n\n\n<p><em>\u201eEin weltweites Gebetsnetz f\u00fcr die Seligsprechung des Dieners Gottes entsteht. Wir haben Berichte von vielen Menschen und Gemeinschaften erhalten, die im Gebet vereint sind und mehr \u00fcber das Leben des armen Diakons von Santa Maria erfahren m\u00f6chten, der versucht hat, den Glauben mit der Gnade Gottes tief und heroisch zu leben\u201c<\/em>, berichtet P. Vitor Possetti, Vize-Postulator der Causa.<em> \u201eDas Wichtigste ist, dass uns dieser Prozess noch mehr im Gebet vereint und uns inspiriert, unser Leben im Glauben ebenfalls heroisch zu leben, wie es Diakon Jo\u00e3o Pozzobon getan hat. Er ermutigt uns, weiter zu beten und uns mehr mit seinem Leben und Erbe zu besch\u00e4ftigen\u201c<\/em>, f\u00fcgt er hinzu.<\/p>\n\n\n\n<p><strong>Information:<\/strong> <a href=\"https:\/\/www.instagram.com\/joaoluizpozzobon\/\" target=\"_blank\" rel=\"noreferrer noopener\">Sekretariat des Seligsprechungsprozesses von Jo\u00e3o Luiz Pozzobon<\/a><\/p>\n\n\n\n<p><strong>Lesen Sie mehr:<\/strong> <a href=\"https:\/\/schoenstatt.com\/de\/vatikan-setzt-datum-fuer-analyse-des-seligsprechungsprozesses-von-joao-pozzobon-fest\/\"><mark style=\"background-color:rgba(0, 0, 0, 0);color:#e38f1b\" class=\"has-inline-color\">Vatikan setzt Datum f\u00fcr Analyse des Seligsprechungsprozesses von Jo\u00e3o Pozzobon fest<\/mark><\/a><\/p>\n\n\n\n<p><strong>\u00dcbersetzung: <\/strong>Sr. M. Lourdes Mac\u00edas<br><strong>Lektorat: <\/strong>Hildegard Kaiser<\/p>\n","protected":false},"excerpt":{"rendered":"<p>Der Seligsprechungsprozess von Jo\u00e3o Pozzobon macht einen weiteren Schritt vorw\u00e4rts. Zwei weitere Schritte sind noch notwendig, um den Titel \u201eVenerabel\u201c zu erhalten.<\/p>\n","protected":false},"author":3,"featured_media":42181,"comment_status":"closed","ping_status":"closed","sticky":false,"template":"","format":"standard","meta":{"footnotes":""},"categories":[902,886],"tags":[1086,1039,1133],"class_list":["post-43725","post","type-post","status-publish","format-standard","has-post-thumbnail","hentry","category-pilgerheiligtum-de","category-schoenstatt-helden-de","tag-apostolat-der-pilgernden-gottesmutter-de","tag-joao-luiz-pozzobon-de","tag-schonstatt-brasilien-de"],"yoast_head":"<!-- This site is optimized with the Yoast SEO Premium plugin v27.4 (Yoast SEO v27.4) - https:\/\/yoast.com\/product\/yoast-seo-premium-wordpress\/ -->\n<title>Theologische Kommission bewertet den Prozess von Jo\u00e3o Pozzobon positiv<\/title>\n<meta name=\"description\" content=\"Der Seligsprechungsprozess von Jo\u00e3o Pozzobon macht einen weiteren Schritt vorw\u00e4rts. Zwei weitere Schritte sind noch notwendig, um den Titel \u201eVenerabel\u201c zu erhalten.\" \/>\n<meta name=\"robots\" content=\"index, follow, max-snippet:-1, max-image-preview:large, max-video-preview:-1\" \/>\n<link rel=\"canonical\" href=\"https:\/\/schoenstatt.com\/de\/theologische-kommission-bewertet-den-prozess-von-joao-pozzobon-positiv\/\" \/>\n<meta property=\"og:locale\" content=\"de_DE\" \/>\n<meta property=\"og:type\" content=\"article\" \/>\n<meta property=\"og:title\" content=\"Theologische Kommission bewertet den Prozess von Jo\u00e3o Pozzobon positiv\" \/>\n<meta property=\"og:description\" content=\"Der Seligsprechungsprozess von Jo\u00e3o Pozzobon macht einen weiteren Schritt vorw\u00e4rts. Zwei weitere Schritte sind noch notwendig, um den Titel \u201eVenerabel\u201c zu erhalten.\" \/>\n<meta property=\"og:url\" content=\"https:\/\/schoenstatt.com\/de\/theologische-kommission-bewertet-den-prozess-von-joao-pozzobon-positiv\/\" \/>\n<meta property=\"og:site_name\" content=\"Schoenstatt\" \/>\n<meta property=\"article:published_time\" content=\"2025-03-06T20:45:12+00:00\" \/>\n<meta property=\"article:modified_time\" content=\"2025-08-18T17:47:33+00:00\" \/>\n<meta property=\"og:image\" content=\"https:\/\/schoenstatt.com\/wp-content\/uploads\/2024\/11\/joao-pozzobon-roma-1.jpg\" \/>\n\t<meta property=\"og:image:width\" content=\"2048\" \/>\n\t<meta property=\"og:image:height\" content=\"1511\" \/>\n\t<meta property=\"og:image:type\" content=\"image\/jpeg\" \/>\n<meta name=\"author\" content=\"Karen Bueno\" \/>\n<meta name=\"twitter:card\" content=\"summary_large_image\" \/>\n<meta name=\"twitter:label1\" content=\"Verfasst von\" \/>\n\t<meta name=\"twitter:data1\" content=\"Karen Bueno\" \/>\n\t<meta name=\"twitter:label2\" content=\"Gesch\u00e4tzte Lesezeit\" \/>\n\t<meta name=\"twitter:data2\" content=\"3\u00a0Minuten\" \/>\n<script type=\"application\/ld+json\" class=\"yoast-schema-graph\">{\"@context\":\"https:\\\/\\\/schema.org\",\"@graph\":[{\"@type\":\"Article\",\"@id\":\"https:\\\/\\\/schoenstatt.com\\\/de\\\/theologische-kommission-bewertet-den-prozess-von-joao-pozzobon-positiv\\\/#article\",\"isPartOf\":{\"@id\":\"https:\\\/\\\/schoenstatt.com\\\/de\\\/theologische-kommission-bewertet-den-prozess-von-joao-pozzobon-positiv\\\/\"},\"author\":{\"name\":\"Karen Bueno\",\"@id\":\"https:\\\/\\\/schoenstatt.com\\\/de\\\/#\\\/schema\\\/person\\\/5158877ad4acae98b34daaeef2a1ce6e\"},\"headline\":\"Theologische Kommission bewertet den Prozess von Jo\u00e3o Pozzobon positiv\",\"datePublished\":\"2025-03-06T20:45:12+00:00\",\"dateModified\":\"2025-08-18T17:47:33+00:00\",\"mainEntityOfPage\":{\"@id\":\"https:\\\/\\\/schoenstatt.com\\\/de\\\/theologische-kommission-bewertet-den-prozess-von-joao-pozzobon-positiv\\\/\"},\"wordCount\":564,\"publisher\":{\"@id\":\"https:\\\/\\\/schoenstatt.com\\\/de\\\/#organization\"},\"image\":{\"@id\":\"https:\\\/\\\/schoenstatt.com\\\/de\\\/theologische-kommission-bewertet-den-prozess-von-joao-pozzobon-positiv\\\/#primaryimage\"},\"thumbnailUrl\":\"https:\\\/\\\/schoenstatt.com\\\/wp-content\\\/uploads\\\/2024\\\/11\\\/joao-pozzobon-roma-1.jpg\",\"keywords\":[\"Apostolat der Pilgernden Gottesmutter\",\"Jo\u00e3o Luiz Pozzobon\",\"Sch\u00f6nstatt Brasilien\"],\"articleSection\":[\"Pilgerheiligtum\",\"Schoenstatt Helden\"],\"inLanguage\":\"de\"},{\"@type\":\"WebPage\",\"@id\":\"https:\\\/\\\/schoenstatt.com\\\/de\\\/theologische-kommission-bewertet-den-prozess-von-joao-pozzobon-positiv\\\/\",\"url\":\"https:\\\/\\\/schoenstatt.com\\\/de\\\/theologische-kommission-bewertet-den-prozess-von-joao-pozzobon-positiv\\\/\",\"name\":\"Theologische Kommission bewertet den Prozess von Jo\u00e3o Pozzobon positiv\",\"isPartOf\":{\"@id\":\"https:\\\/\\\/schoenstatt.com\\\/de\\\/#website\"},\"primaryImageOfPage\":{\"@id\":\"https:\\\/\\\/schoenstatt.com\\\/de\\\/theologische-kommission-bewertet-den-prozess-von-joao-pozzobon-positiv\\\/#primaryimage\"},\"image\":{\"@id\":\"https:\\\/\\\/schoenstatt.com\\\/de\\\/theologische-kommission-bewertet-den-prozess-von-joao-pozzobon-positiv\\\/#primaryimage\"},\"thumbnailUrl\":\"https:\\\/\\\/schoenstatt.com\\\/wp-content\\\/uploads\\\/2024\\\/11\\\/joao-pozzobon-roma-1.jpg\",\"datePublished\":\"2025-03-06T20:45:12+00:00\",\"dateModified\":\"2025-08-18T17:47:33+00:00\",\"description\":\"Der Seligsprechungsprozess von Jo\u00e3o Pozzobon macht einen weiteren Schritt vorw\u00e4rts. Zwei weitere Schritte sind noch notwendig, um den Titel \u201eVenerabel\u201c zu erhalten.\",\"breadcrumb\":{\"@id\":\"https:\\\/\\\/schoenstatt.com\\\/de\\\/theologische-kommission-bewertet-den-prozess-von-joao-pozzobon-positiv\\\/#breadcrumb\"},\"inLanguage\":\"de\",\"potentialAction\":[{\"@type\":\"ReadAction\",\"target\":[\"https:\\\/\\\/schoenstatt.com\\\/de\\\/theologische-kommission-bewertet-den-prozess-von-joao-pozzobon-positiv\\\/\"]}]},{\"@type\":\"ImageObject\",\"inLanguage\":\"de\",\"@id\":\"https:\\\/\\\/schoenstatt.com\\\/de\\\/theologische-kommission-bewertet-den-prozess-von-joao-pozzobon-positiv\\\/#primaryimage\",\"url\":\"https:\\\/\\\/schoenstatt.com\\\/wp-content\\\/uploads\\\/2024\\\/11\\\/joao-pozzobon-roma-1.jpg\",\"contentUrl\":\"https:\\\/\\\/schoenstatt.com\\\/wp-content\\\/uploads\\\/2024\\\/11\\\/joao-pozzobon-roma-1.jpg\",\"width\":2048,\"height\":1511},{\"@type\":\"BreadcrumbList\",\"@id\":\"https:\\\/\\\/schoenstatt.com\\\/de\\\/theologische-kommission-bewertet-den-prozess-von-joao-pozzobon-positiv\\\/#breadcrumb\",\"itemListElement\":[{\"@type\":\"ListItem\",\"position\":1,\"name\":\"Portada\",\"item\":\"https:\\\/\\\/schoenstatt.com\\\/de\\\/home\\\/\"},{\"@type\":\"ListItem\",\"position\":2,\"name\":\"Theologische Kommission bewertet den Prozess von Jo\u00e3o Pozzobon positiv\"}]},{\"@type\":\"WebSite\",\"@id\":\"https:\\\/\\\/schoenstatt.com\\\/de\\\/#website\",\"url\":\"https:\\\/\\\/schoenstatt.com\\\/de\\\/\",\"name\":\"Schoenstatt\",\"description\":\"Apostolic Movement\",\"publisher\":{\"@id\":\"https:\\\/\\\/schoenstatt.com\\\/de\\\/#organization\"},\"potentialAction\":[{\"@type\":\"SearchAction\",\"target\":{\"@type\":\"EntryPoint\",\"urlTemplate\":\"https:\\\/\\\/schoenstatt.com\\\/de\\\/?s={search_term_string}\"},\"query-input\":{\"@type\":\"PropertyValueSpecification\",\"valueRequired\":true,\"valueName\":\"search_term_string\"}}],\"inLanguage\":\"de\"},{\"@type\":\"Organization\",\"@id\":\"https:\\\/\\\/schoenstatt.com\\\/de\\\/#organization\",\"name\":\"Schoenstatt\",\"url\":\"https:\\\/\\\/schoenstatt.com\\\/de\\\/\",\"logo\":{\"@type\":\"ImageObject\",\"inLanguage\":\"de\",\"@id\":\"https:\\\/\\\/schoenstatt.com\\\/de\\\/#\\\/schema\\\/logo\\\/image\\\/\",\"url\":\"https:\\\/\\\/schoenstatt.com\\\/wp-content\\\/uploads\\\/2025\\\/04\\\/logo-schoenstatt-white-696x696-1.png\",\"contentUrl\":\"https:\\\/\\\/schoenstatt.com\\\/wp-content\\\/uploads\\\/2025\\\/04\\\/logo-schoenstatt-white-696x696-1.png\",\"width\":696,\"height\":694,\"caption\":\"Schoenstatt\"},\"image\":{\"@id\":\"https:\\\/\\\/schoenstatt.com\\\/de\\\/#\\\/schema\\\/logo\\\/image\\\/\"}},{\"@type\":\"Person\",\"@id\":\"https:\\\/\\\/schoenstatt.com\\\/de\\\/#\\\/schema\\\/person\\\/5158877ad4acae98b34daaeef2a1ce6e\",\"name\":\"Karen Bueno\",\"image\":{\"@type\":\"ImageObject\",\"inLanguage\":\"de\",\"@id\":\"https:\\\/\\\/secure.gravatar.com\\\/avatar\\\/f9f4b823873154269d2b2130f195f6d41037dd0d7fc5f3cacb5c846bae70d66b?s=96&d=mm&r=g\",\"url\":\"https:\\\/\\\/secure.gravatar.com\\\/avatar\\\/f9f4b823873154269d2b2130f195f6d41037dd0d7fc5f3cacb5c846bae70d66b?s=96&d=mm&r=g\",\"contentUrl\":\"https:\\\/\\\/secure.gravatar.com\\\/avatar\\\/f9f4b823873154269d2b2130f195f6d41037dd0d7fc5f3cacb5c846bae70d66b?s=96&d=mm&r=g\",\"caption\":\"Karen Bueno\"},\"url\":\"https:\\\/\\\/schoenstatt.com\\\/de\\\/author\\\/karen-bueno\\\/\"}]}<\/script>\n<!-- \/ Yoast SEO Premium plugin. -->","yoast_head_json":{"title":"Theologische Kommission bewertet den Prozess von Jo\u00e3o Pozzobon positiv","description":"Der Seligsprechungsprozess von Jo\u00e3o Pozzobon macht einen weiteren Schritt vorw\u00e4rts. Zwei weitere Schritte sind noch notwendig, um den Titel \u201eVenerabel\u201c zu erhalten.","robots":{"index":"index","follow":"follow","max-snippet":"max-snippet:-1","max-image-preview":"max-image-preview:large","max-video-preview":"max-video-preview:-1"},"canonical":"https:\/\/schoenstatt.com\/de\/theologische-kommission-bewertet-den-prozess-von-joao-pozzobon-positiv\/","og_locale":"de_DE","og_type":"article","og_title":"Theologische Kommission bewertet den Prozess von Jo\u00e3o Pozzobon positiv","og_description":"Der Seligsprechungsprozess von Jo\u00e3o Pozzobon macht einen weiteren Schritt vorw\u00e4rts. Zwei weitere Schritte sind noch notwendig, um den Titel \u201eVenerabel\u201c zu erhalten.","og_url":"https:\/\/schoenstatt.com\/de\/theologische-kommission-bewertet-den-prozess-von-joao-pozzobon-positiv\/","og_site_name":"Schoenstatt","article_published_time":"2025-03-06T20:45:12+00:00","article_modified_time":"2025-08-18T17:47:33+00:00","og_image":[{"width":2048,"height":1511,"url":"https:\/\/schoenstatt.com\/wp-content\/uploads\/2024\/11\/joao-pozzobon-roma-1.jpg","type":"image\/jpeg"}],"author":"Karen Bueno","twitter_card":"summary_large_image","twitter_misc":{"Verfasst von":"Karen Bueno","Gesch\u00e4tzte Lesezeit":"3\u00a0Minuten"},"schema":{"@context":"https:\/\/schema.org","@graph":[{"@type":"Article","@id":"https:\/\/schoenstatt.com\/de\/theologische-kommission-bewertet-den-prozess-von-joao-pozzobon-positiv\/#article","isPartOf":{"@id":"https:\/\/schoenstatt.com\/de\/theologische-kommission-bewertet-den-prozess-von-joao-pozzobon-positiv\/"},"author":{"name":"Karen Bueno","@id":"https:\/\/schoenstatt.com\/de\/#\/schema\/person\/5158877ad4acae98b34daaeef2a1ce6e"},"headline":"Theologische Kommission bewertet den Prozess von Jo\u00e3o Pozzobon positiv","datePublished":"2025-03-06T20:45:12+00:00","dateModified":"2025-08-18T17:47:33+00:00","mainEntityOfPage":{"@id":"https:\/\/schoenstatt.com\/de\/theologische-kommission-bewertet-den-prozess-von-joao-pozzobon-positiv\/"},"wordCount":564,"publisher":{"@id":"https:\/\/schoenstatt.com\/de\/#organization"},"image":{"@id":"https:\/\/schoenstatt.com\/de\/theologische-kommission-bewertet-den-prozess-von-joao-pozzobon-positiv\/#primaryimage"},"thumbnailUrl":"https:\/\/schoenstatt.com\/wp-content\/uploads\/2024\/11\/joao-pozzobon-roma-1.jpg","keywords":["Apostolat der Pilgernden Gottesmutter","Jo\u00e3o Luiz Pozzobon","Sch\u00f6nstatt Brasilien"],"articleSection":["Pilgerheiligtum","Schoenstatt Helden"],"inLanguage":"de"},{"@type":"WebPage","@id":"https:\/\/schoenstatt.com\/de\/theologische-kommission-bewertet-den-prozess-von-joao-pozzobon-positiv\/","url":"https:\/\/schoenstatt.com\/de\/theologische-kommission-bewertet-den-prozess-von-joao-pozzobon-positiv\/","name":"Theologische Kommission bewertet den Prozess von Jo\u00e3o Pozzobon positiv","isPartOf":{"@id":"https:\/\/schoenstatt.com\/de\/#website"},"primaryImageOfPage":{"@id":"https:\/\/schoenstatt.com\/de\/theologische-kommission-bewertet-den-prozess-von-joao-pozzobon-positiv\/#primaryimage"},"image":{"@id":"https:\/\/schoenstatt.com\/de\/theologische-kommission-bewertet-den-prozess-von-joao-pozzobon-positiv\/#primaryimage"},"thumbnailUrl":"https:\/\/schoenstatt.com\/wp-content\/uploads\/2024\/11\/joao-pozzobon-roma-1.jpg","datePublished":"2025-03-06T20:45:12+00:00","dateModified":"2025-08-18T17:47:33+00:00","description":"Der Seligsprechungsprozess von Jo\u00e3o Pozzobon macht einen weiteren Schritt vorw\u00e4rts. Zwei weitere Schritte sind noch notwendig, um den Titel \u201eVenerabel\u201c zu erhalten.","breadcrumb":{"@id":"https:\/\/schoenstatt.com\/de\/theologische-kommission-bewertet-den-prozess-von-joao-pozzobon-positiv\/#breadcrumb"},"inLanguage":"de","potentialAction":[{"@type":"ReadAction","target":["https:\/\/schoenstatt.com\/de\/theologische-kommission-bewertet-den-prozess-von-joao-pozzobon-positiv\/"]}]},{"@type":"ImageObject","inLanguage":"de","@id":"https:\/\/schoenstatt.com\/de\/theologische-kommission-bewertet-den-prozess-von-joao-pozzobon-positiv\/#primaryimage","url":"https:\/\/schoenstatt.com\/wp-content\/uploads\/2024\/11\/joao-pozzobon-roma-1.jpg","contentUrl":"https:\/\/schoenstatt.com\/wp-content\/uploads\/2024\/11\/joao-pozzobon-roma-1.jpg","width":2048,"height":1511},{"@type":"BreadcrumbList","@id":"https:\/\/schoenstatt.com\/de\/theologische-kommission-bewertet-den-prozess-von-joao-pozzobon-positiv\/#breadcrumb","itemListElement":[{"@type":"ListItem","position":1,"name":"Portada","item":"https:\/\/schoenstatt.com\/de\/home\/"},{"@type":"ListItem","position":2,"name":"Theologische Kommission bewertet den Prozess von Jo\u00e3o Pozzobon positiv"}]},{"@type":"WebSite","@id":"https:\/\/schoenstatt.com\/de\/#website","url":"https:\/\/schoenstatt.com\/de\/","name":"Schoenstatt","description":"Apostolic Movement","publisher":{"@id":"https:\/\/schoenstatt.com\/de\/#organization"},"potentialAction":[{"@type":"SearchAction","target":{"@type":"EntryPoint","urlTemplate":"https:\/\/schoenstatt.com\/de\/?s={search_term_string}"},"query-input":{"@type":"PropertyValueSpecification","valueRequired":true,"valueName":"search_term_string"}}],"inLanguage":"de"},{"@type":"Organization","@id":"https:\/\/schoenstatt.com\/de\/#organization","name":"Schoenstatt","url":"https:\/\/schoenstatt.com\/de\/","logo":{"@type":"ImageObject","inLanguage":"de","@id":"https:\/\/schoenstatt.com\/de\/#\/schema\/logo\/image\/","url":"https:\/\/schoenstatt.com\/wp-content\/uploads\/2025\/04\/logo-schoenstatt-white-696x696-1.png","contentUrl":"https:\/\/schoenstatt.com\/wp-content\/uploads\/2025\/04\/logo-schoenstatt-white-696x696-1.png","width":696,"height":694,"caption":"Schoenstatt"},"image":{"@id":"https:\/\/schoenstatt.com\/de\/#\/schema\/logo\/image\/"}},{"@type":"Person","@id":"https:\/\/schoenstatt.com\/de\/#\/schema\/person\/5158877ad4acae98b34daaeef2a1ce6e","name":"Karen Bueno","image":{"@type":"ImageObject","inLanguage":"de","@id":"https:\/\/secure.gravatar.com\/avatar\/f9f4b823873154269d2b2130f195f6d41037dd0d7fc5f3cacb5c846bae70d66b?s=96&d=mm&r=g","url":"https:\/\/secure.gravatar.com\/avatar\/f9f4b823873154269d2b2130f195f6d41037dd0d7fc5f3cacb5c846bae70d66b?s=96&d=mm&r=g","contentUrl":"https:\/\/secure.gravatar.com\/avatar\/f9f4b823873154269d2b2130f195f6d41037dd0d7fc5f3cacb5c846bae70d66b?s=96&d=mm&r=g","caption":"Karen Bueno"},"url":"https:\/\/schoenstatt.com\/de\/author\/karen-bueno\/"}]}},"_links":{"self":[{"href":"https:\/\/schoenstatt.com\/de\/wp-json\/wp\/v2\/posts\/43725","targetHints":{"allow":["GET"]}}],"collection":[{"href":"https:\/\/schoenstatt.com\/de\/wp-json\/wp\/v2\/posts"}],"about":[{"href":"https:\/\/schoenstatt.com\/de\/wp-json\/wp\/v2\/types\/post"}],"author":[{"embeddable":true,"href":"https:\/\/schoenstatt.com\/de\/wp-json\/wp\/v2\/users\/3"}],"replies":[{"embeddable":true,"href":"https:\/\/schoenstatt.com\/de\/wp-json\/wp\/v2\/comments?post=43725"}],"version-history":[{"count":6,"href":"https:\/\/schoenstatt.com\/de\/wp-json\/wp\/v2\/posts\/43725\/revisions"}],"predecessor-version":[{"id":62336,"href":"https:\/\/schoenstatt.com\/de\/wp-json\/wp\/v2\/posts\/43725\/revisions\/62336"}],"wp:featuredmedia":[{"embeddable":true,"href":"https:\/\/schoenstatt.com\/de\/wp-json\/wp\/v2\/media\/42181"}],"wp:attachment":[{"href":"https:\/\/schoenstatt.com\/de\/wp-json\/wp\/v2\/media?parent=43725"}],"wp:term":[{"taxonomy":"category","embeddable":true,"href":"https:\/\/schoenstatt.com\/de\/wp-json\/wp\/v2\/categories?post=43725"},{"taxonomy":"post_tag","embeddable":true,"href":"https:\/\/schoenstatt.com\/de\/wp-json\/wp\/v2\/tags?post=43725"}],"curies":[{"name":"wp","href":"https:\/\/api.w.org\/{rel}","templated":true}]}}