{"id":43674,"date":"2025-02-28T03:03:00","date_gmt":"2025-02-28T02:03:00","guid":{"rendered":"https:\/\/schoenstatt.com\/?p=43674"},"modified":"2025-08-21T03:55:19","modified_gmt":"2025-08-21T01:55:19","slug":"2025-internationaler-schoenstatt-jugendkongress-in-rom","status":"publish","type":"post","link":"https:\/\/schoenstatt.com\/de\/2025-internationaler-schoenstatt-jugendkongress-in-rom\/","title":{"rendered":"2025: Internationaler Sch\u00f6nstatt-Jugendkongress in Rom"},"content":{"rendered":"\n<p><em>\u201eIch ziehe die M\u00fcdigkeit des Reisenden der Tr\u00e4gheit des Bleibenden vor, der nicht mehr gehen will!\u201c (\u2026) \u201eParadoxerweise besteht die L\u00f6sung gegen die M\u00fcdigkeit nicht darin, sich auszuruhen, sondern darin, sich auf den Weg zu machen und Pilger der Hoffnung zu werden. Das ist meine Einladung: Geht in der Hoffnung! Die Hoffnung besiegt jede M\u00fcdigkeit, jede Krise, jede Angst und gibt uns eine starke Motivation weiterzumachen, denn diese Hoffnung ist ein Geschenk, das wir von Gott selbst erhalten. Sie erf\u00fcllt unsere ganze Zeit mit Sinn, erleuchtet uns auf unserem Weg, zeigt uns die Richtung und das Ziel unseres Lebens.\u201c<\/em><\/p>\n\n\n\n<p>Das sind einige der letzten Worte von Papst Franziskus beim letzten Weltjugendtag, Worte, die im Herzen der Sch\u00f6nstattjugend weiterklingen und die uns im Jahr 2025 tief ansprechen.<\/p>\n\n\n\n<h3 class=\"wp-block-heading\" id=\"h-vertreter-jedes-landes-treffen-sich-in-rom\"><strong><strong>Vertreter jedes Landes treffen sich in Rom<\/strong><\/strong><\/h3>\n\n\n\n<p>Wir erleben ein neues Jubil\u00e4um der Kirche. <strong>Wir wollen als Sch\u00f6nstattjugend zusammenkommen, durch einige Vertreter, als Antwort auf den Wunsch, der beim Pfingstkongress 2022 ge\u00e4u\u00dfert wurde.<\/strong> Wir wollen uns wiedersehen, uns wiedersehen \u2026 wiederentdecken, dass unsere Jugendgruppen keine identischen \u201eGliederungen\u201c sind, sondern lebendige Heiligt\u00fcmer, jede mit ihrer eigenen Originalit\u00e4t, aber mit dem Bewusstsein, dass wir dasselbe Feuer ausstrahlen.<\/p>\n\n\n\n<p>Im Rahmen des Jubil\u00e4ums in Rom treffen sich am 29., 30. und 31. Juli Vertreter der <a href=\"https:\/\/schoenstatt.com\/de\/in-gemeinschaft\/frauen\/maedchen-junge-frauen\/\">M\u00e4dchen<\/a>&#8211; und <a href=\"https:\/\/schoenstatt.com\/de\/in-gemeinschaft\/men\/mannesjugend\/\">Mannesjugend<\/a> aus aller Welt im Heiligtum von Belmonte.<\/p>\n\n\n\n<figure class=\"wp-block-image size-large\"><img decoding=\"async\" src=\"https:\/\/schoenstatt.com\/wp-content\/uploads\/2025\/02\/Pentecost-Congress-2022-1024x768.jpg\" alt=\"\" class=\"wp-image-43661\"\/><figcaption class=\"wp-element-caption\">Pfingstkongress 2022<\/figcaption><\/figure>\n\n\n\n<h3 class=\"wp-block-heading\" id=\"h-wozu-treffen-wir-uns\"><strong><strong>Wozu treffen wir uns?<\/strong><\/strong><\/h3>\n\n\n\n<p><em>Wir wollen die Spuren Gottes im Leben unserer Jugendlichen entdecken, seinen Ruf in den Herausforderungen, vor denen wir stehen, erkennen und mit unserem Charisma als Werkzeuge Mariens in unserer Gesellschaft antworten.<\/em><\/p>\n\n\n\n<p>Es werden Tage sein, in denen wir im H\u00f6ren auf die Stimmen der Seele, des Seins und der Zeit die Einzigartigkeit eines jeden Jugendlichen entdecken wollen und das, was uns verbindet, was uns zu einem einzigen Herzen macht.<\/p>\n\n\n\n<p>Wir werden an Themen arbeiten, die den jungen Menschen heute herausfordern: seine Beziehung zu Jesus, seine Art, die Liebe zu leben, die Herausforderung, das Liebesb\u00fcndnis in der Leitung und im Dienst an anderen zu leben.<\/p>\n\n\n\n<h3 class=\"wp-block-heading\" id=\"h-vereint-unter-dem-motto-stimmen-der-hoffnung\"><strong><strong>Vereint unter dem Motto \u201eStimmen der Hoffnung\u201c<\/strong><\/strong><\/h3>\n\n\n\n<p>Die Jugend ist diese Stimme, diese Stimme voller Freude, voller Elan, voller Hoffnung. Und es ist die Stimme, von der wir uns w\u00fcnschen, dass sie nach unserem Treffen noch lauter erklingt. Jedes Land kann auf Vertreter z\u00e4hlen, die nicht nur ihre eigenen W\u00fcnsche, sondern auch die Tr\u00e4ume der Jugendlichen, die sie vertreten, einbringen m\u00fcssen.<\/p>\n\n\n\n<p>In unserem Logo wollten wir viel von der Identit\u00e4t unserer Jugend ausdr\u00fccken.<\/p>\n\n\n\n<figure class=\"wp-block-image aligncenter size-full is-resized\"><img decoding=\"async\" src=\"https:\/\/schoenstatt.com\/wp-content\/uploads\/2025\/02\/voices-of-hope-logo-Congress-of-Schoenstatt-Youth-Rome-2025.png\" alt=\"\" class=\"wp-image-43656\" style=\"width:546px;height:auto\"\/><\/figure>\n\n\n\n<p>Wir sind das <strong>Feue<\/strong>r, das die ganze Welt erleuchten soll. Eine Welt, die wir im unteren Teil des Logos symbolisiert sehen. Die Farben sind lebendig, so wie es unsere Jugend immer sein soll. <strong>Das Kreuz der Einheit<\/strong> inspiriert uns, erinnert uns daran, dass wir durch Maria zu Jesus kommen, und an die gegenseitige Hingabe von Mann und Frau, die wir entdecken und bezeugen sollen.<\/p>\n\n\n\n<h3 class=\"wp-block-heading\" id=\"h-schonstattfamilie-wir-zahlen-auf-sie\"><strong><strong>Sch\u00f6nstattfamilie, wir z\u00e4hlen auf Sie<\/strong><\/strong><\/h3>\n\n\n\n<p>Wir, Jugendliche und Standesleiter\/innen aus verschiedenen L\u00e4ndern, sind Teil des Vorbereitungsteams f\u00fcr diesen Kongress. Wir stellen uns in den Dienst dieser Aufgabe, die uns anvertraut wurde.<\/p>\n\n\n\n<p>Das Organisationsteam besteht aus<\/p>\n\n\n\n<p><strong>Jugendliche<\/strong><\/p>\n\n\n\n<ul class=\"wp-block-list\">\n<li>Benjam\u00edn Mar\u00eda Biagosch &#8211; Mannesjugend aus Argentinien<\/li>\n\n\n\n<li>Ana Mar\u00eda Wahl Gonz\u00e1lez &#8211; M\u00e4dchenjugend aus Chile<\/li>\n\n\n\n<li>Maria Leonor Gavilanes S\u00e1nchez &#8211; M\u00e4dchenjugend aus Ecuador<\/li>\n\n\n\n<li>Mat\u00edas Sebasti\u00e1n Estigarribia Lima \u2013 Mannesjugend aus Paraguay<\/li>\n<\/ul>\n\n\n\n<div style=\"height:26px\" aria-hidden=\"true\" class=\"wp-block-spacer\"><\/div>\n\n\n\n<p><strong>Standesleiter\/innen<\/strong><\/p>\n\n\n\n<ul class=\"wp-block-list\">\n<li>Ana Christina Melquiades &#8211; Frau von Sch\u00f6nstatt &#8211; Standesleiterin der M\u00e4dchenjugend von Brasilien<\/li>\n\n\n\n<li>Pater Pablo Gerardo P\u00e9rez &#8211; Sch\u00f6nstatt-Pater &#8211; Nationalleiter der Bewegung in Italien<\/li>\n\n\n\n<li>Schw. M. Jimena Persia &#8211; Sch\u00f6nst\u00e4tter Marienschwester &#8211; Landesleiterin der M\u00e4dchenjugend in Paraguay<\/li>\n<\/ul>\n\n\n\n<div style=\"height:25px\" aria-hidden=\"true\" class=\"wp-block-spacer\"><\/div>\n\n\n\n<p>Wir z\u00e4hlen schon jetzt auf das Gebet und die Beitr\u00e4ge zum Gnadenkapital der ganzen Sch\u00f6nstattfamilie, damit jeder der jungen Teilnehmer mit einem Herzen kommt, das bereit ist, den Gott des Lebens neu zu entdecken, der unser Leben mit Sinn und Hoffnung erf\u00fcllt.<\/p>\n\n\n\n<p>Und unsere Sch\u00f6nstattjugend, bleibt dran, es wird bald Neuigkeiten geben.<\/p>\n\n\n\n<p><strong>Mat\u00edas Estigarribia &#8211; Sch\u00f6nstattjugend Paraguay<\/strong><br>Mitglied des Teams f\u00fcr den Internationalen Kongress der Sch\u00f6nstattjugend &#8211; Rom 2025<\/p>\n\n\n\n<p><strong>\u00dcbersetzung:<\/strong> Sr. M. Lourdes Mac\u00edas<br><strong>Lektorat: <\/strong>Hildegard Kaiser<\/p>\n","protected":false},"excerpt":{"rendered":"<p>Die Stimme der Hoffnung, die in unserer Sch\u00f6nstattjugend brennt, f\u00fchrt die Jugendlichen zu einem internationalen Kongress.<\/p>\n","protected":false},"author":3,"featured_media":43651,"comment_status":"closed","ping_status":"closed","sticky":false,"template":"","format":"standard","meta":{"footnotes":""},"categories":[922],"tags":[1290,1264,1105,1166,1129,572],"class_list":["post-43674","post","type-post","status-publish","format-standard","has-post-thumbnail","hentry","category-jugend-de","tag-belmonte-rom-de","tag-jugend-de","tag-rom-de","tag-schoenstatt-maedchen-junge-frauen-mjf-de","tag-schonstatt-mannesjugend-smj-de","tag-schonstattjugend-de"],"yoast_head":"<!-- This site is optimized with the Yoast SEO Premium plugin v27.4 (Yoast SEO v27.4) - https:\/\/yoast.com\/product\/yoast-seo-premium-wordpress\/ -->\n<title>2025: Internationaler Sch\u00f6nstatt-Jugendkongress in Rom - Schoenstatt<\/title>\n<meta name=\"description\" content=\"Die Stimme der Hoffnung, die in unserer Sch\u00f6nstattjugend brennt, f\u00fchrt die Jugendlichen zu einem internationalen Kongress.\" \/>\n<meta name=\"robots\" content=\"index, follow, max-snippet:-1, max-image-preview:large, max-video-preview:-1\" \/>\n<link rel=\"canonical\" href=\"https:\/\/schoenstatt.com\/de\/2025-internationaler-schoenstatt-jugendkongress-in-rom\/\" \/>\n<meta property=\"og:locale\" content=\"de_DE\" \/>\n<meta property=\"og:type\" content=\"article\" \/>\n<meta property=\"og:title\" content=\"2025: Internationaler Sch\u00f6nstatt-Jugendkongress in Rom\" \/>\n<meta property=\"og:description\" content=\"Die Stimme der Hoffnung, die in unserer Sch\u00f6nstattjugend brennt, f\u00fchrt die Jugendlichen zu einem internationalen Kongress.\" \/>\n<meta property=\"og:url\" content=\"https:\/\/schoenstatt.com\/de\/2025-internationaler-schoenstatt-jugendkongress-in-rom\/\" \/>\n<meta property=\"og:site_name\" content=\"Schoenstatt\" \/>\n<meta property=\"article:published_time\" content=\"2025-02-28T02:03:00+00:00\" \/>\n<meta property=\"article:modified_time\" content=\"2025-08-21T01:55:19+00:00\" \/>\n<meta property=\"og:image\" content=\"https:\/\/schoenstatt.com\/wp-content\/uploads\/2025\/02\/schoenstatt-youth-1.jpg\" \/>\n\t<meta property=\"og:image:width\" content=\"2048\" \/>\n\t<meta property=\"og:image:height\" content=\"979\" \/>\n\t<meta property=\"og:image:type\" content=\"image\/jpeg\" \/>\n<meta name=\"author\" content=\"Karen Bueno\" \/>\n<meta name=\"twitter:card\" content=\"summary_large_image\" \/>\n<meta name=\"twitter:label1\" content=\"Verfasst von\" \/>\n\t<meta name=\"twitter:data1\" content=\"Karen Bueno\" \/>\n\t<meta name=\"twitter:label2\" content=\"Gesch\u00e4tzte Lesezeit\" \/>\n\t<meta name=\"twitter:data2\" content=\"4\u00a0Minuten\" \/>\n<script type=\"application\/ld+json\" class=\"yoast-schema-graph\">{\"@context\":\"https:\\\/\\\/schema.org\",\"@graph\":[{\"@type\":\"Article\",\"@id\":\"https:\\\/\\\/schoenstatt.com\\\/de\\\/2025-internationaler-schoenstatt-jugendkongress-in-rom\\\/#article\",\"isPartOf\":{\"@id\":\"https:\\\/\\\/schoenstatt.com\\\/de\\\/2025-internationaler-schoenstatt-jugendkongress-in-rom\\\/\"},\"author\":{\"name\":\"Karen Bueno\",\"@id\":\"https:\\\/\\\/schoenstatt.com\\\/de\\\/#\\\/schema\\\/person\\\/5158877ad4acae98b34daaeef2a1ce6e\"},\"headline\":\"2025: Internationaler Sch\u00f6nstatt-Jugendkongress in Rom\",\"datePublished\":\"2025-02-28T02:03:00+00:00\",\"dateModified\":\"2025-08-21T01:55:19+00:00\",\"mainEntityOfPage\":{\"@id\":\"https:\\\/\\\/schoenstatt.com\\\/de\\\/2025-internationaler-schoenstatt-jugendkongress-in-rom\\\/\"},\"wordCount\":698,\"publisher\":{\"@id\":\"https:\\\/\\\/schoenstatt.com\\\/de\\\/#organization\"},\"image\":{\"@id\":\"https:\\\/\\\/schoenstatt.com\\\/de\\\/2025-internationaler-schoenstatt-jugendkongress-in-rom\\\/#primaryimage\"},\"thumbnailUrl\":\"https:\\\/\\\/schoenstatt.com\\\/wp-content\\\/uploads\\\/2025\\\/02\\\/schoenstatt-youth-1.jpg\",\"keywords\":[\"Belmonte - Rom\",\"Jugend\",\"Rom\",\"Sch\u00f6nstatt M\u00e4dchen\\\/Junge Frauen - MJF\",\"Sch\u00f6nstatt-Mannesjugend - SMJ\",\"Sch\u00f6nstattjugend\"],\"articleSection\":[\"Jugend\"],\"inLanguage\":\"de\"},{\"@type\":\"WebPage\",\"@id\":\"https:\\\/\\\/schoenstatt.com\\\/de\\\/2025-internationaler-schoenstatt-jugendkongress-in-rom\\\/\",\"url\":\"https:\\\/\\\/schoenstatt.com\\\/de\\\/2025-internationaler-schoenstatt-jugendkongress-in-rom\\\/\",\"name\":\"2025: Internationaler Sch\u00f6nstatt-Jugendkongress in Rom - Schoenstatt\",\"isPartOf\":{\"@id\":\"https:\\\/\\\/schoenstatt.com\\\/de\\\/#website\"},\"primaryImageOfPage\":{\"@id\":\"https:\\\/\\\/schoenstatt.com\\\/de\\\/2025-internationaler-schoenstatt-jugendkongress-in-rom\\\/#primaryimage\"},\"image\":{\"@id\":\"https:\\\/\\\/schoenstatt.com\\\/de\\\/2025-internationaler-schoenstatt-jugendkongress-in-rom\\\/#primaryimage\"},\"thumbnailUrl\":\"https:\\\/\\\/schoenstatt.com\\\/wp-content\\\/uploads\\\/2025\\\/02\\\/schoenstatt-youth-1.jpg\",\"datePublished\":\"2025-02-28T02:03:00+00:00\",\"dateModified\":\"2025-08-21T01:55:19+00:00\",\"description\":\"Die Stimme der Hoffnung, die in unserer Sch\u00f6nstattjugend brennt, f\u00fchrt die Jugendlichen zu einem internationalen Kongress.\",\"breadcrumb\":{\"@id\":\"https:\\\/\\\/schoenstatt.com\\\/de\\\/2025-internationaler-schoenstatt-jugendkongress-in-rom\\\/#breadcrumb\"},\"inLanguage\":\"de\",\"potentialAction\":[{\"@type\":\"ReadAction\",\"target\":[\"https:\\\/\\\/schoenstatt.com\\\/de\\\/2025-internationaler-schoenstatt-jugendkongress-in-rom\\\/\"]}]},{\"@type\":\"ImageObject\",\"inLanguage\":\"de\",\"@id\":\"https:\\\/\\\/schoenstatt.com\\\/de\\\/2025-internationaler-schoenstatt-jugendkongress-in-rom\\\/#primaryimage\",\"url\":\"https:\\\/\\\/schoenstatt.com\\\/wp-content\\\/uploads\\\/2025\\\/02\\\/schoenstatt-youth-1.jpg\",\"contentUrl\":\"https:\\\/\\\/schoenstatt.com\\\/wp-content\\\/uploads\\\/2025\\\/02\\\/schoenstatt-youth-1.jpg\",\"width\":2048,\"height\":979},{\"@type\":\"BreadcrumbList\",\"@id\":\"https:\\\/\\\/schoenstatt.com\\\/de\\\/2025-internationaler-schoenstatt-jugendkongress-in-rom\\\/#breadcrumb\",\"itemListElement\":[{\"@type\":\"ListItem\",\"position\":1,\"name\":\"Portada\",\"item\":\"https:\\\/\\\/schoenstatt.com\\\/de\\\/home\\\/\"},{\"@type\":\"ListItem\",\"position\":2,\"name\":\"2025: Internationaler Sch\u00f6nstatt-Jugendkongress in Rom\"}]},{\"@type\":\"WebSite\",\"@id\":\"https:\\\/\\\/schoenstatt.com\\\/de\\\/#website\",\"url\":\"https:\\\/\\\/schoenstatt.com\\\/de\\\/\",\"name\":\"Schoenstatt\",\"description\":\"Apostolic Movement\",\"publisher\":{\"@id\":\"https:\\\/\\\/schoenstatt.com\\\/de\\\/#organization\"},\"potentialAction\":[{\"@type\":\"SearchAction\",\"target\":{\"@type\":\"EntryPoint\",\"urlTemplate\":\"https:\\\/\\\/schoenstatt.com\\\/de\\\/?s={search_term_string}\"},\"query-input\":{\"@type\":\"PropertyValueSpecification\",\"valueRequired\":true,\"valueName\":\"search_term_string\"}}],\"inLanguage\":\"de\"},{\"@type\":\"Organization\",\"@id\":\"https:\\\/\\\/schoenstatt.com\\\/de\\\/#organization\",\"name\":\"Schoenstatt\",\"url\":\"https:\\\/\\\/schoenstatt.com\\\/de\\\/\",\"logo\":{\"@type\":\"ImageObject\",\"inLanguage\":\"de\",\"@id\":\"https:\\\/\\\/schoenstatt.com\\\/de\\\/#\\\/schema\\\/logo\\\/image\\\/\",\"url\":\"https:\\\/\\\/schoenstatt.com\\\/wp-content\\\/uploads\\\/2025\\\/04\\\/logo-schoenstatt-white-696x696-1.png\",\"contentUrl\":\"https:\\\/\\\/schoenstatt.com\\\/wp-content\\\/uploads\\\/2025\\\/04\\\/logo-schoenstatt-white-696x696-1.png\",\"width\":696,\"height\":694,\"caption\":\"Schoenstatt\"},\"image\":{\"@id\":\"https:\\\/\\\/schoenstatt.com\\\/de\\\/#\\\/schema\\\/logo\\\/image\\\/\"}},{\"@type\":\"Person\",\"@id\":\"https:\\\/\\\/schoenstatt.com\\\/de\\\/#\\\/schema\\\/person\\\/5158877ad4acae98b34daaeef2a1ce6e\",\"name\":\"Karen Bueno\",\"image\":{\"@type\":\"ImageObject\",\"inLanguage\":\"de\",\"@id\":\"https:\\\/\\\/secure.gravatar.com\\\/avatar\\\/f9f4b823873154269d2b2130f195f6d41037dd0d7fc5f3cacb5c846bae70d66b?s=96&d=mm&r=g\",\"url\":\"https:\\\/\\\/secure.gravatar.com\\\/avatar\\\/f9f4b823873154269d2b2130f195f6d41037dd0d7fc5f3cacb5c846bae70d66b?s=96&d=mm&r=g\",\"contentUrl\":\"https:\\\/\\\/secure.gravatar.com\\\/avatar\\\/f9f4b823873154269d2b2130f195f6d41037dd0d7fc5f3cacb5c846bae70d66b?s=96&d=mm&r=g\",\"caption\":\"Karen Bueno\"},\"url\":\"https:\\\/\\\/schoenstatt.com\\\/de\\\/author\\\/karen-bueno\\\/\"}]}<\/script>\n<!-- \/ Yoast SEO Premium plugin. -->","yoast_head_json":{"title":"2025: Internationaler Sch\u00f6nstatt-Jugendkongress in Rom - Schoenstatt","description":"Die Stimme der Hoffnung, die in unserer Sch\u00f6nstattjugend brennt, f\u00fchrt die Jugendlichen zu einem internationalen Kongress.","robots":{"index":"index","follow":"follow","max-snippet":"max-snippet:-1","max-image-preview":"max-image-preview:large","max-video-preview":"max-video-preview:-1"},"canonical":"https:\/\/schoenstatt.com\/de\/2025-internationaler-schoenstatt-jugendkongress-in-rom\/","og_locale":"de_DE","og_type":"article","og_title":"2025: Internationaler Sch\u00f6nstatt-Jugendkongress in Rom","og_description":"Die Stimme der Hoffnung, die in unserer Sch\u00f6nstattjugend brennt, f\u00fchrt die Jugendlichen zu einem internationalen Kongress.","og_url":"https:\/\/schoenstatt.com\/de\/2025-internationaler-schoenstatt-jugendkongress-in-rom\/","og_site_name":"Schoenstatt","article_published_time":"2025-02-28T02:03:00+00:00","article_modified_time":"2025-08-21T01:55:19+00:00","og_image":[{"width":2048,"height":979,"url":"https:\/\/schoenstatt.com\/wp-content\/uploads\/2025\/02\/schoenstatt-youth-1.jpg","type":"image\/jpeg"}],"author":"Karen Bueno","twitter_card":"summary_large_image","twitter_misc":{"Verfasst von":"Karen Bueno","Gesch\u00e4tzte Lesezeit":"4\u00a0Minuten"},"schema":{"@context":"https:\/\/schema.org","@graph":[{"@type":"Article","@id":"https:\/\/schoenstatt.com\/de\/2025-internationaler-schoenstatt-jugendkongress-in-rom\/#article","isPartOf":{"@id":"https:\/\/schoenstatt.com\/de\/2025-internationaler-schoenstatt-jugendkongress-in-rom\/"},"author":{"name":"Karen Bueno","@id":"https:\/\/schoenstatt.com\/de\/#\/schema\/person\/5158877ad4acae98b34daaeef2a1ce6e"},"headline":"2025: Internationaler Sch\u00f6nstatt-Jugendkongress in Rom","datePublished":"2025-02-28T02:03:00+00:00","dateModified":"2025-08-21T01:55:19+00:00","mainEntityOfPage":{"@id":"https:\/\/schoenstatt.com\/de\/2025-internationaler-schoenstatt-jugendkongress-in-rom\/"},"wordCount":698,"publisher":{"@id":"https:\/\/schoenstatt.com\/de\/#organization"},"image":{"@id":"https:\/\/schoenstatt.com\/de\/2025-internationaler-schoenstatt-jugendkongress-in-rom\/#primaryimage"},"thumbnailUrl":"https:\/\/schoenstatt.com\/wp-content\/uploads\/2025\/02\/schoenstatt-youth-1.jpg","keywords":["Belmonte - Rom","Jugend","Rom","Sch\u00f6nstatt M\u00e4dchen\/Junge Frauen - MJF","Sch\u00f6nstatt-Mannesjugend - SMJ","Sch\u00f6nstattjugend"],"articleSection":["Jugend"],"inLanguage":"de"},{"@type":"WebPage","@id":"https:\/\/schoenstatt.com\/de\/2025-internationaler-schoenstatt-jugendkongress-in-rom\/","url":"https:\/\/schoenstatt.com\/de\/2025-internationaler-schoenstatt-jugendkongress-in-rom\/","name":"2025: Internationaler Sch\u00f6nstatt-Jugendkongress in Rom - Schoenstatt","isPartOf":{"@id":"https:\/\/schoenstatt.com\/de\/#website"},"primaryImageOfPage":{"@id":"https:\/\/schoenstatt.com\/de\/2025-internationaler-schoenstatt-jugendkongress-in-rom\/#primaryimage"},"image":{"@id":"https:\/\/schoenstatt.com\/de\/2025-internationaler-schoenstatt-jugendkongress-in-rom\/#primaryimage"},"thumbnailUrl":"https:\/\/schoenstatt.com\/wp-content\/uploads\/2025\/02\/schoenstatt-youth-1.jpg","datePublished":"2025-02-28T02:03:00+00:00","dateModified":"2025-08-21T01:55:19+00:00","description":"Die Stimme der Hoffnung, die in unserer Sch\u00f6nstattjugend brennt, f\u00fchrt die Jugendlichen zu einem internationalen Kongress.","breadcrumb":{"@id":"https:\/\/schoenstatt.com\/de\/2025-internationaler-schoenstatt-jugendkongress-in-rom\/#breadcrumb"},"inLanguage":"de","potentialAction":[{"@type":"ReadAction","target":["https:\/\/schoenstatt.com\/de\/2025-internationaler-schoenstatt-jugendkongress-in-rom\/"]}]},{"@type":"ImageObject","inLanguage":"de","@id":"https:\/\/schoenstatt.com\/de\/2025-internationaler-schoenstatt-jugendkongress-in-rom\/#primaryimage","url":"https:\/\/schoenstatt.com\/wp-content\/uploads\/2025\/02\/schoenstatt-youth-1.jpg","contentUrl":"https:\/\/schoenstatt.com\/wp-content\/uploads\/2025\/02\/schoenstatt-youth-1.jpg","width":2048,"height":979},{"@type":"BreadcrumbList","@id":"https:\/\/schoenstatt.com\/de\/2025-internationaler-schoenstatt-jugendkongress-in-rom\/#breadcrumb","itemListElement":[{"@type":"ListItem","position":1,"name":"Portada","item":"https:\/\/schoenstatt.com\/de\/home\/"},{"@type":"ListItem","position":2,"name":"2025: Internationaler Sch\u00f6nstatt-Jugendkongress in Rom"}]},{"@type":"WebSite","@id":"https:\/\/schoenstatt.com\/de\/#website","url":"https:\/\/schoenstatt.com\/de\/","name":"Schoenstatt","description":"Apostolic Movement","publisher":{"@id":"https:\/\/schoenstatt.com\/de\/#organization"},"potentialAction":[{"@type":"SearchAction","target":{"@type":"EntryPoint","urlTemplate":"https:\/\/schoenstatt.com\/de\/?s={search_term_string}"},"query-input":{"@type":"PropertyValueSpecification","valueRequired":true,"valueName":"search_term_string"}}],"inLanguage":"de"},{"@type":"Organization","@id":"https:\/\/schoenstatt.com\/de\/#organization","name":"Schoenstatt","url":"https:\/\/schoenstatt.com\/de\/","logo":{"@type":"ImageObject","inLanguage":"de","@id":"https:\/\/schoenstatt.com\/de\/#\/schema\/logo\/image\/","url":"https:\/\/schoenstatt.com\/wp-content\/uploads\/2025\/04\/logo-schoenstatt-white-696x696-1.png","contentUrl":"https:\/\/schoenstatt.com\/wp-content\/uploads\/2025\/04\/logo-schoenstatt-white-696x696-1.png","width":696,"height":694,"caption":"Schoenstatt"},"image":{"@id":"https:\/\/schoenstatt.com\/de\/#\/schema\/logo\/image\/"}},{"@type":"Person","@id":"https:\/\/schoenstatt.com\/de\/#\/schema\/person\/5158877ad4acae98b34daaeef2a1ce6e","name":"Karen Bueno","image":{"@type":"ImageObject","inLanguage":"de","@id":"https:\/\/secure.gravatar.com\/avatar\/f9f4b823873154269d2b2130f195f6d41037dd0d7fc5f3cacb5c846bae70d66b?s=96&d=mm&r=g","url":"https:\/\/secure.gravatar.com\/avatar\/f9f4b823873154269d2b2130f195f6d41037dd0d7fc5f3cacb5c846bae70d66b?s=96&d=mm&r=g","contentUrl":"https:\/\/secure.gravatar.com\/avatar\/f9f4b823873154269d2b2130f195f6d41037dd0d7fc5f3cacb5c846bae70d66b?s=96&d=mm&r=g","caption":"Karen Bueno"},"url":"https:\/\/schoenstatt.com\/de\/author\/karen-bueno\/"}]}},"_links":{"self":[{"href":"https:\/\/schoenstatt.com\/de\/wp-json\/wp\/v2\/posts\/43674","targetHints":{"allow":["GET"]}}],"collection":[{"href":"https:\/\/schoenstatt.com\/de\/wp-json\/wp\/v2\/posts"}],"about":[{"href":"https:\/\/schoenstatt.com\/de\/wp-json\/wp\/v2\/types\/post"}],"author":[{"embeddable":true,"href":"https:\/\/schoenstatt.com\/de\/wp-json\/wp\/v2\/users\/3"}],"replies":[{"embeddable":true,"href":"https:\/\/schoenstatt.com\/de\/wp-json\/wp\/v2\/comments?post=43674"}],"version-history":[{"count":10,"href":"https:\/\/schoenstatt.com\/de\/wp-json\/wp\/v2\/posts\/43674\/revisions"}],"predecessor-version":[{"id":62996,"href":"https:\/\/schoenstatt.com\/de\/wp-json\/wp\/v2\/posts\/43674\/revisions\/62996"}],"wp:featuredmedia":[{"embeddable":true,"href":"https:\/\/schoenstatt.com\/de\/wp-json\/wp\/v2\/media\/43651"}],"wp:attachment":[{"href":"https:\/\/schoenstatt.com\/de\/wp-json\/wp\/v2\/media?parent=43674"}],"wp:term":[{"taxonomy":"category","embeddable":true,"href":"https:\/\/schoenstatt.com\/de\/wp-json\/wp\/v2\/categories?post=43674"},{"taxonomy":"post_tag","embeddable":true,"href":"https:\/\/schoenstatt.com\/de\/wp-json\/wp\/v2\/tags?post=43674"}],"curies":[{"name":"wp","href":"https:\/\/api.w.org\/{rel}","templated":true}]}}