{"id":43200,"date":"2025-02-02T03:03:00","date_gmt":"2025-02-02T02:03:00","guid":{"rendered":"https:\/\/schoenstatt.com\/?p=43200"},"modified":"2025-08-18T21:02:44","modified_gmt":"2025-08-18T19:02:44","slug":"von-professioneller-tennisspielerin-zur-schoenstaetter-marienschwester","status":"publish","type":"post","link":"https:\/\/schoenstatt.com\/de\/von-professioneller-tennisspielerin-zur-schoenstaetter-marienschwester\/","title":{"rendered":"Von professioneller Tennisspielerin zur Sch\u00f6nst\u00e4tter Marienschwester"},"content":{"rendered":"\n<p><strong>Heute, am 2. Februar, feiern wir den Tag des geweihten Lebens. An diesem besonderen Tag wollen wir die Geschichte von Schwester M. Olivia Lukaszewicz aus Australien kennen lernen. Als professionelle Tennisspielerin nahm sie an den <em><a href=\"https:\/\/de.wikipedia.org\/wiki\/Grand_Slam_(Tennis)\" target=\"_blank\" rel=\"noreferrer noopener\"><mark style=\"background-color:rgba(0, 0, 0, 0);color:#da6e0b\" class=\"has-inline-color\">Grand-Slam-Turnieren<\/mark><\/a><\/em>* teil und hatte eine vielversprechende Sportkarriere. Doch ein Wendepunkt f\u00fchrte sie dazu, ihr Leben Gott als Sch\u00f6nst\u00e4tter Marienschwester zu weihen.<\/strong><\/p>\n\n\n\n<p>Tennis war das t\u00e4gliche Brot von Sr. M. Olivia, die in den n\u00f6rdlichen Vororten von Adelaide, Australien, aufwuchs. Sie war eine vielversprechende Juniorin, die schon in jungen Jahren die Welt bereiste. Sie nahm an allen vier Jugend-Grand-Slam-Turnieren teil und deb\u00fctierte im Alter von nur 15 Jahren bei den Australian Open. Doch als ihre sportliche Karriere im Alter von 22 Jahren an einen Scheideweg kam, entschied sie sich, Tennis nicht mehr als Beruf auszu\u00fcben.<em> \u201eDie Entscheidung, mit dem Wettkampftennis aufzuh\u00f6ren, fiel mir in vielerlei Hinsicht schwer\u201c<\/em>, sagt Sr. M. Olivia,<em> \u201eaber sie erf\u00fcllte mich auch mit gro\u00dfer Hoffnung, denn zu heiraten und eine Familie zu gr\u00fcnden war immer mein sehnlichster Wunsch. Solange ich denken kann, wollte ich heiraten und Mutter werden\u201c.<\/em><\/p>\n\n\n\n<figure class=\"wp-block-image size-full\"><img decoding=\"async\" src=\"https:\/\/schoenstatt.com\/wp-content\/uploads\/2025\/01\/tennis-Sr-M-Olivia-Lukaszewicz.jpg\" alt=\"Sr. M. Olivia playing tennis\" class=\"wp-image-43181\"\/><figcaption class=\"wp-element-caption\">Schwester M. Olivia in ihrer Jugend, die nach H\u00f6herem strebt<\/figcaption><\/figure>\n\n\n\n<p>Nachdem sie einen Gro\u00dfteil ihrer Jugend aus dem Koffer gelebt hatte, lie\u00df sich Sr. M. Olivia in ihrer Heimatstadt Adelaide nieder und hatte endlich die M\u00f6glichkeit, ihren Traum zu verwirklichen. Sie schloss ihr Studium der Ern\u00e4hrungswissenschaften und Di\u00e4tetik ab, begann als Ern\u00e4hrungsberaterin in einem Krankenhaus zu arbeiten und suchte gleichzeitig mit offenen Augen und offenem Herzen nach einem Partner f\u00fcrs Leben.<\/p>\n\n\n\n<p>Ein Jahr verging, zwei Jahre vergingen, und ehe sie sich versah, war Sr. M. Olivia Ende zwanzig, und statt der Erf\u00fcllung ihres Traumes f\u00fchlte sie nur noch Zerbrochenheit und Verzweiflung. <em>\u201eIch konnte nicht verstehen, warum Gott es mir so schwer machte, etwas so Gutes und Sch\u00f6nes zu tun, n\u00e4mlich zu heiraten\u201c<\/em>, erinnert sich Sr. M. Olivia. <em>\u201eIch war an einem sehr tiefen Punkt in meinem Leben und machte eine sehr schwere Zeit durch, und ich war w\u00fctend auf Gott, als ob es seine Schuld w\u00e4re.\u201c<\/em><\/p>\n\n\n\n<h3 class=\"wp-block-heading\" id=\"h-ich-musste-gott-auf-meinem-weg-einbeziehen\"><strong>Ich musste Gott auf meinem Weg einbeziehen<\/strong><\/h3>\n\n\n\n<p>In ihrer Verzweiflung wusste Sr. M. Olivia, dass sie mit jemandem reden musste. Mutig wandte sie sich an ihren Pfarrer, der von da an ihr geistlicher Begleiter wurde. Sr. M. Olivia gibt zu, dass die wichtigste Einsicht in ihrem Leben war, sich \u00fcber ihre Probleme zu \u00f6ffnen.<em> \u201eBis dahin hatte ich mich immer nur auf das konzentriert, was ich wollte, und nie wirklich innegehalten, um zu fragen oder dar\u00fcber nachzudenken, was Gott von meinem Leben wollte\u201c<\/em>, gesteht sie.<\/p>\n\n\n\n<p><em>&#8222;In mancher Hinsicht sch\u00e4mte ich mich, es zuzugeben, aber nur, weil Mutterschaft und eheliche Beziehung so tief in meinem Herzen verwurzelt waren, dass ich die Ehe als meine nat\u00fcrliche Berufung ansah. Ich dachte, das geweihte Leben nehme mir genau diese beiden Elemente weg, warum also sollte ich es \u00fcberhaupt als Option in Betracht ziehen? Aber ich war an einem Punkt angelangt, an dem ich es satt hatte, die Dinge auf meine Weise zu tun. Mir wurde klar, dass ich Gott in meinen Weg einbeziehen musste, und so \u00f6ffnete ich mein Herz im Gebet ganz f\u00fcr seinen Willen.\u201c<\/em><\/p>\n\n\n\n<h3 class=\"wp-block-heading\" id=\"h-die-spirituelle-mutter-vieler-herzen-zu-sein\"><strong>Die spirituelle Mutter vieler Herzen zu sein<\/strong><\/h3>\n\n\n\n<p>Im R\u00fcckblick war es genau das, was Gott von Sr. M. Olivia wollte: offen zu sein f\u00fcr alles, was Gott in seiner au\u00dfergew\u00f6hnlichen Vorsehung f\u00fcr sie bereithielt. <em>\u201eSobald ich mein Herz f\u00fcr den Willen Gottes in meinem Leben ge\u00f6ffnet hatte\u201c<\/em>, erkl\u00e4rt sie, <em>&#8222;dauerte es nur wenige Tage, bis er auf tiefe Weise zu mir sprach. Ich erlebte eine Zeit in meinem Leben, die mich f\u00fcr immer in Staunen versetzen wird. Durch die geheimnisvollen Wege Gottes, die nur er m\u00f6glich machen kann, f\u00fchrte er mich zu der Erkenntnis, dass es mehr gibt, als auf der nat\u00fcrlichen Ebene Ehefrau und Mutter zu sein. Gott rief mich zu sich &#8211; um Jesus Christus als den sch\u00f6nsten Br\u00e4utigam zu empfangen, den ich je finden k\u00f6nnte, und um eine geistliche Mutter f\u00fcr mehr Kinder zu werden, als ich je auf nat\u00fcrliche Weise geb\u00e4ren k\u00f6nnte&#8220;.<\/em><\/p>\n\n\n\n<p>Diese drei Monate gipfelten in einer Einladung des Herrn, die keinen Zweifel daran lie\u00df, dass Sr. M. Olivia zum geweihten Leben berufen war: <em>\u201eWie w\u00fcrde es dir gefallen, mein Apostel zu sein?\u201c fragte der Herr. \u201eHerr, wirklich? Ich? Aber wenn das dein Wille f\u00fcr mich ist, dann \u02bbJa!&#8217;\u201c<\/em>, antwortete Sr. M. Olivia von ganzem Herzen.<\/p>\n\n\n\n<figure class=\"wp-block-image size-large\"><img decoding=\"async\" src=\"https:\/\/schoenstatt.com\/wp-content\/uploads\/2025\/01\/schoenstatt-sisters-of-mary-1024x848.jpg\" alt=\"Schoenstatt Sisters of Mary\" class=\"wp-image-43186\"\/><figcaption class=\"wp-element-caption\">Sr. M. Olivia (oben links) mit ihren Kursschwestern (von links nach rechts) Sr. M. Th\u00e1lita Siqueira (Brasilien), Sr. M. Hemma Strutz (\u00d6sterreich), Sr. M. Celine Tran (Vietnam) und Sr. M. Jany Nguyen (Vietnam) in Deutschland kurz vor ihrer R\u00fcckkehr nach Australien.<\/figcaption><\/figure>\n\n\n\n<h3 class=\"wp-block-heading\" id=\"h-eine-marienschwester-sein-ohne-zuruckzublicken\"><strong>Eine Marienschwester sein \u2026 ohne zur\u00fcckzublicken<\/strong><\/h3>\n\n\n\n<p>Die Berufung war nun klar, aber noch nicht der Ort und die Gemeinschaft. <em>&#8222;In vielerlei Hinsicht war diese zweite Phase meiner Entscheidungsfindung vielleicht noch schwieriger als die erste. Ich hatte keine starken Bindungen zu irgendeiner Gemeinschaft, also wusste ich, dass ich bei Null anfangen und Gott erlauben musste, mich weiterhin nach seinem Willen zu f\u00fchren, nicht nach meinem eigenen. Am Ende f\u00fchlte ich mich am meisten zu den <a href=\"https:\/\/schoenstatt.com\/de\/in-gemeinschaft\/frauen\/marienschwestern\/\"><mark style=\"background-color:rgba(0, 0, 0, 0);color:#da6e0b\" class=\"has-inline-color\">Sch\u00f6nst\u00e4tter Marienschwestern<\/mark><\/a> hingezogen, einfach wegen meines Hintergrundes und meiner tiefen Verbindung zur Gottesmutter. Also habe ich dort angefangen und nie zur\u00fcckgeblickt, trotz der vielen Opfer, die dieser Weg mit sich brachte.\u201c<\/em><\/p>\n\n\n\n<p>Im Jahr 2020, auf dem H\u00f6hepunkt der Corona-Pandemie, machte sich Sr. M. Olivia auf den langen Weg nach Sch\u00f6nstatt bei Vallendar, Deutschland, um ihre Ausbildung bei den Sch\u00f6nst\u00e4tter Marienschwestern zu beginnen. In Adelaide verlie\u00df sie ihre geliebte Familie, ihren wunderbaren Freundeskreis, ihre gerade gefundene Arbeitsstelle und ihr Lieblingsland Australien, um eine neue Sprache zu lernen und in eine v\u00f6llig neue Lebensweise einzutauchen.<\/p>\n\n\n\n<figure class=\"wp-block-image size-large\"><img decoding=\"async\" src=\"https:\/\/schoenstatt.com\/wp-content\/uploads\/2025\/01\/Sr-Olivia-and-Fr-Matthew-Lukaszewicz-676x1024.jpg\" alt=\"Sr. M. Olivia at the priestly ordination of her brother, Fr. Matthew Lukaszewicz\" class=\"wp-image-43191\"\/><figcaption class=\"wp-element-caption\">Sr. M. Olivia bei der Priesterweihe ihres Bruders, Pater Matthew Lukaszewicz, in der St. Mary&#8217;s Kathedrale am 9. September 2023.<\/figcaption><\/figure>\n\n\n\n<p>W\u00e4hrend ihrer fast vierj\u00e4hrigen Auslandszeit kehrte sie einmal kurz nach Hause zur\u00fcck, im September 2023, um an der Priesterweihe ihres einzigen Bruders, Pater Matthew Lukaszewicz, teilzunehmen, der nun als Hilfspriester in der Holy Family Catholic Parish Mosman in der Erzdi\u00f6zese Sydney t\u00e4tig ist.<\/p>\n\n\n\n<p>Vor kurzem ist Sr. M. Olivia nach Australien zur\u00fcckgekehrt, diesmal f\u00fcr einen l\u00e4ngeren Aufenthalt. Sie hat ihr Provinzhaus in Mulgoa bezogen und freut sich darauf, die Menschen in Sydney kennen zu lernen, ihnen zu begegnen und ihnen zu dienen. <em>\u201eIch h\u00e4tte mir das alles nie tr\u00e4umen lassen\u201c<\/em>, schloss Sr. M. Olivia und f\u00fcgte hinzu: <em>&#8222;Oft kann ich immer noch nicht glauben, wohin Gott mich gef\u00fchrt hat und wie er es getan hat, aber ich glaube fest daran, dass er seine Gr\u00fcnde hat, und das gen\u00fcgt mir. Trotz aller Opfer sp\u00fcre ich eine gro\u00dfe Freude und einen inneren Frieden in meinem Herzen, den ich kaum erkl\u00e4ren kann, weil ich wei\u00df, dass ich jeden Tag ein freudiges Ja zu Gottes Willen in meinem Leben sage. Meine ganze Lebensaufgabe ist es, Maria in der Welt von heute zu sein und durch sie andere zu Christus zu f\u00fchren. Ich kann mir keinen besseren Weg vorstellen, Gott f\u00fcr all die Wunder, die er an mir getan hat, zu danken und ihn daf\u00fcr zu preisen.\u201c<\/em><\/p>\n\n\n\n<p>* <em>Die Grand-Slam-Turniere sind die vier wichtigsten j\u00e4hrlichen Veranstaltungen im internationalen Tennis. Die Turniere sind die Australian Open, Roland Garros, Wimbledon und die US Open, die in dieser Reihenfolge stattfinden.<\/em><\/p>\n\n\n\n<p><strong>Quelle: <\/strong><a href=\"https:\/\/mcusercontent.com\/71b50815c8caf96260a27976a\/files\/66d93deb-3893-664f-9cfe-2c1657824196\/Schoenstatt_Newsletter_December_2024.pdf\" target=\"_blank\" rel=\"noreferrer noopener\"><mark style=\"background-color:rgba(0, 0, 0, 0);color:#da6e0b\" class=\"has-inline-color\">National Newsletter Schoenstatt Australia, December 18 2024 l Volume 5, Number 12<\/mark><\/a><\/p>\n\n\n\n<p><strong>\u00dcbersetzung: <\/strong>Sr. M. Lourdes Mac\u00edas<br><strong>Lektorat: <\/strong>Hildegard Kaiser<\/p>\n\n\n\n<p><\/p>\n","protected":false},"excerpt":{"rendered":"<p>Am Tag des geweihten Lebens wollen wir die Geschichte von Schwester M. Olivia Lukaszewicz h\u00f6ren, die den Tennisplatz verlie\u00df, um ihr Leben zu weihen.<\/p>\n","protected":false},"author":3,"featured_media":43176,"comment_status":"closed","ping_status":"closed","sticky":false,"template":"","format":"standard","meta":{"footnotes":""},"categories":[506,907],"tags":[1074,1117,1200,612],"class_list":["post-43200","post","type-post","status-publish","format-standard","has-post-thumbnail","hentry","category-ozeanien-de","category-schoenstatt-gemeinschaften-de","tag-ozeanien-de","tag-schonstatt-australien-de","tag-schonstatter-marienschwestern-de","tag-sport-de"],"yoast_head":"<!-- This site is optimized with the Yoast SEO Premium plugin v27.4 (Yoast SEO v27.4) - https:\/\/yoast.com\/product\/yoast-seo-premium-wordpress\/ -->\n<title>Von professioneller Tennisspielerin zur Sch\u00f6nst\u00e4tter Marienschwester<\/title>\n<meta name=\"description\" content=\"Am Tag des geweihten Lebens wollen wir die Geschichte von Sr. M. Olivia h\u00f6ren, die den Tennisplatz verlie\u00df, um ihr Leben zu weihen.\" \/>\n<meta name=\"robots\" content=\"index, follow, max-snippet:-1, max-image-preview:large, max-video-preview:-1\" \/>\n<link rel=\"canonical\" href=\"https:\/\/schoenstatt.com\/de\/von-professioneller-tennisspielerin-zur-schoenstaetter-marienschwester\/\" \/>\n<meta property=\"og:locale\" content=\"de_DE\" \/>\n<meta property=\"og:type\" content=\"article\" \/>\n<meta property=\"og:title\" content=\"Von professioneller Tennisspielerin zur Sch\u00f6nst\u00e4tter Marienschwester\" \/>\n<meta property=\"og:description\" content=\"Am Tag des geweihten Lebens wollen wir die Geschichte von Sr. M. Olivia h\u00f6ren, die den Tennisplatz verlie\u00df, um ihr Leben zu weihen.\" \/>\n<meta property=\"og:url\" content=\"https:\/\/schoenstatt.com\/de\/von-professioneller-tennisspielerin-zur-schoenstaetter-marienschwester\/\" \/>\n<meta property=\"og:site_name\" content=\"Schoenstatt\" \/>\n<meta property=\"article:published_time\" content=\"2025-02-02T02:03:00+00:00\" \/>\n<meta property=\"article:modified_time\" content=\"2025-08-18T19:02:44+00:00\" \/>\n<meta property=\"og:image\" content=\"https:\/\/schoenstatt.com\/wp-content\/uploads\/2025\/01\/tennis-prayer-1.jpg\" \/>\n\t<meta property=\"og:image:width\" content=\"2048\" \/>\n\t<meta property=\"og:image:height\" content=\"1069\" \/>\n\t<meta property=\"og:image:type\" content=\"image\/jpeg\" \/>\n<meta name=\"author\" content=\"Karen Bueno\" \/>\n<meta name=\"twitter:card\" content=\"summary_large_image\" \/>\n<meta name=\"twitter:label1\" content=\"Verfasst von\" \/>\n\t<meta name=\"twitter:data1\" content=\"Karen Bueno\" \/>\n\t<meta name=\"twitter:label2\" content=\"Gesch\u00e4tzte Lesezeit\" \/>\n\t<meta name=\"twitter:data2\" content=\"7\u00a0Minuten\" \/>\n<script type=\"application\/ld+json\" class=\"yoast-schema-graph\">{\"@context\":\"https:\\\/\\\/schema.org\",\"@graph\":[{\"@type\":\"Article\",\"@id\":\"https:\\\/\\\/schoenstatt.com\\\/de\\\/von-professioneller-tennisspielerin-zur-schoenstaetter-marienschwester\\\/#article\",\"isPartOf\":{\"@id\":\"https:\\\/\\\/schoenstatt.com\\\/de\\\/von-professioneller-tennisspielerin-zur-schoenstaetter-marienschwester\\\/\"},\"author\":{\"name\":\"Karen Bueno\",\"@id\":\"https:\\\/\\\/schoenstatt.com\\\/de\\\/#\\\/schema\\\/person\\\/5158877ad4acae98b34daaeef2a1ce6e\"},\"headline\":\"Von professioneller Tennisspielerin zur Sch\u00f6nst\u00e4tter Marienschwester\",\"datePublished\":\"2025-02-02T02:03:00+00:00\",\"dateModified\":\"2025-08-18T19:02:44+00:00\",\"mainEntityOfPage\":{\"@id\":\"https:\\\/\\\/schoenstatt.com\\\/de\\\/von-professioneller-tennisspielerin-zur-schoenstaetter-marienschwester\\\/\"},\"wordCount\":1286,\"publisher\":{\"@id\":\"https:\\\/\\\/schoenstatt.com\\\/de\\\/#organization\"},\"image\":{\"@id\":\"https:\\\/\\\/schoenstatt.com\\\/de\\\/von-professioneller-tennisspielerin-zur-schoenstaetter-marienschwester\\\/#primaryimage\"},\"thumbnailUrl\":\"https:\\\/\\\/schoenstatt.com\\\/wp-content\\\/uploads\\\/2025\\\/01\\\/tennis-prayer-1.jpg\",\"keywords\":[\"Ozeanien\",\"Sch\u00f6nstatt Australien\",\"Sch\u00f6nst\u00e4tter Marienschwestern\",\"Sport\"],\"articleSection\":[\"Ozeanien\",\"Schoenstatt Gemeinschaften\"],\"inLanguage\":\"de\"},{\"@type\":\"WebPage\",\"@id\":\"https:\\\/\\\/schoenstatt.com\\\/de\\\/von-professioneller-tennisspielerin-zur-schoenstaetter-marienschwester\\\/\",\"url\":\"https:\\\/\\\/schoenstatt.com\\\/de\\\/von-professioneller-tennisspielerin-zur-schoenstaetter-marienschwester\\\/\",\"name\":\"Von professioneller Tennisspielerin zur Sch\u00f6nst\u00e4tter Marienschwester\",\"isPartOf\":{\"@id\":\"https:\\\/\\\/schoenstatt.com\\\/de\\\/#website\"},\"primaryImageOfPage\":{\"@id\":\"https:\\\/\\\/schoenstatt.com\\\/de\\\/von-professioneller-tennisspielerin-zur-schoenstaetter-marienschwester\\\/#primaryimage\"},\"image\":{\"@id\":\"https:\\\/\\\/schoenstatt.com\\\/de\\\/von-professioneller-tennisspielerin-zur-schoenstaetter-marienschwester\\\/#primaryimage\"},\"thumbnailUrl\":\"https:\\\/\\\/schoenstatt.com\\\/wp-content\\\/uploads\\\/2025\\\/01\\\/tennis-prayer-1.jpg\",\"datePublished\":\"2025-02-02T02:03:00+00:00\",\"dateModified\":\"2025-08-18T19:02:44+00:00\",\"description\":\"Am Tag des geweihten Lebens wollen wir die Geschichte von Sr. M. Olivia h\u00f6ren, die den Tennisplatz verlie\u00df, um ihr Leben zu weihen.\",\"breadcrumb\":{\"@id\":\"https:\\\/\\\/schoenstatt.com\\\/de\\\/von-professioneller-tennisspielerin-zur-schoenstaetter-marienschwester\\\/#breadcrumb\"},\"inLanguage\":\"de\",\"potentialAction\":[{\"@type\":\"ReadAction\",\"target\":[\"https:\\\/\\\/schoenstatt.com\\\/de\\\/von-professioneller-tennisspielerin-zur-schoenstaetter-marienschwester\\\/\"]}]},{\"@type\":\"ImageObject\",\"inLanguage\":\"de\",\"@id\":\"https:\\\/\\\/schoenstatt.com\\\/de\\\/von-professioneller-tennisspielerin-zur-schoenstaetter-marienschwester\\\/#primaryimage\",\"url\":\"https:\\\/\\\/schoenstatt.com\\\/wp-content\\\/uploads\\\/2025\\\/01\\\/tennis-prayer-1.jpg\",\"contentUrl\":\"https:\\\/\\\/schoenstatt.com\\\/wp-content\\\/uploads\\\/2025\\\/01\\\/tennis-prayer-1.jpg\",\"width\":2048,\"height\":1069},{\"@type\":\"BreadcrumbList\",\"@id\":\"https:\\\/\\\/schoenstatt.com\\\/de\\\/von-professioneller-tennisspielerin-zur-schoenstaetter-marienschwester\\\/#breadcrumb\",\"itemListElement\":[{\"@type\":\"ListItem\",\"position\":1,\"name\":\"Portada\",\"item\":\"https:\\\/\\\/schoenstatt.com\\\/de\\\/home\\\/\"},{\"@type\":\"ListItem\",\"position\":2,\"name\":\"Von professioneller Tennisspielerin zur Sch\u00f6nst\u00e4tter Marienschwester\"}]},{\"@type\":\"WebSite\",\"@id\":\"https:\\\/\\\/schoenstatt.com\\\/de\\\/#website\",\"url\":\"https:\\\/\\\/schoenstatt.com\\\/de\\\/\",\"name\":\"Schoenstatt\",\"description\":\"Apostolic Movement\",\"publisher\":{\"@id\":\"https:\\\/\\\/schoenstatt.com\\\/de\\\/#organization\"},\"potentialAction\":[{\"@type\":\"SearchAction\",\"target\":{\"@type\":\"EntryPoint\",\"urlTemplate\":\"https:\\\/\\\/schoenstatt.com\\\/de\\\/?s={search_term_string}\"},\"query-input\":{\"@type\":\"PropertyValueSpecification\",\"valueRequired\":true,\"valueName\":\"search_term_string\"}}],\"inLanguage\":\"de\"},{\"@type\":\"Organization\",\"@id\":\"https:\\\/\\\/schoenstatt.com\\\/de\\\/#organization\",\"name\":\"Schoenstatt\",\"url\":\"https:\\\/\\\/schoenstatt.com\\\/de\\\/\",\"logo\":{\"@type\":\"ImageObject\",\"inLanguage\":\"de\",\"@id\":\"https:\\\/\\\/schoenstatt.com\\\/de\\\/#\\\/schema\\\/logo\\\/image\\\/\",\"url\":\"https:\\\/\\\/schoenstatt.com\\\/wp-content\\\/uploads\\\/2025\\\/04\\\/logo-schoenstatt-white-696x696-1.png\",\"contentUrl\":\"https:\\\/\\\/schoenstatt.com\\\/wp-content\\\/uploads\\\/2025\\\/04\\\/logo-schoenstatt-white-696x696-1.png\",\"width\":696,\"height\":694,\"caption\":\"Schoenstatt\"},\"image\":{\"@id\":\"https:\\\/\\\/schoenstatt.com\\\/de\\\/#\\\/schema\\\/logo\\\/image\\\/\"}},{\"@type\":\"Person\",\"@id\":\"https:\\\/\\\/schoenstatt.com\\\/de\\\/#\\\/schema\\\/person\\\/5158877ad4acae98b34daaeef2a1ce6e\",\"name\":\"Karen Bueno\",\"image\":{\"@type\":\"ImageObject\",\"inLanguage\":\"de\",\"@id\":\"https:\\\/\\\/secure.gravatar.com\\\/avatar\\\/f9f4b823873154269d2b2130f195f6d41037dd0d7fc5f3cacb5c846bae70d66b?s=96&d=mm&r=g\",\"url\":\"https:\\\/\\\/secure.gravatar.com\\\/avatar\\\/f9f4b823873154269d2b2130f195f6d41037dd0d7fc5f3cacb5c846bae70d66b?s=96&d=mm&r=g\",\"contentUrl\":\"https:\\\/\\\/secure.gravatar.com\\\/avatar\\\/f9f4b823873154269d2b2130f195f6d41037dd0d7fc5f3cacb5c846bae70d66b?s=96&d=mm&r=g\",\"caption\":\"Karen Bueno\"},\"url\":\"https:\\\/\\\/schoenstatt.com\\\/de\\\/author\\\/karen-bueno\\\/\"}]}<\/script>\n<!-- \/ Yoast SEO Premium plugin. -->","yoast_head_json":{"title":"Von professioneller Tennisspielerin zur Sch\u00f6nst\u00e4tter Marienschwester","description":"Am Tag des geweihten Lebens wollen wir die Geschichte von Sr. M. Olivia h\u00f6ren, die den Tennisplatz verlie\u00df, um ihr Leben zu weihen.","robots":{"index":"index","follow":"follow","max-snippet":"max-snippet:-1","max-image-preview":"max-image-preview:large","max-video-preview":"max-video-preview:-1"},"canonical":"https:\/\/schoenstatt.com\/de\/von-professioneller-tennisspielerin-zur-schoenstaetter-marienschwester\/","og_locale":"de_DE","og_type":"article","og_title":"Von professioneller Tennisspielerin zur Sch\u00f6nst\u00e4tter Marienschwester","og_description":"Am Tag des geweihten Lebens wollen wir die Geschichte von Sr. M. Olivia h\u00f6ren, die den Tennisplatz verlie\u00df, um ihr Leben zu weihen.","og_url":"https:\/\/schoenstatt.com\/de\/von-professioneller-tennisspielerin-zur-schoenstaetter-marienschwester\/","og_site_name":"Schoenstatt","article_published_time":"2025-02-02T02:03:00+00:00","article_modified_time":"2025-08-18T19:02:44+00:00","og_image":[{"width":2048,"height":1069,"url":"https:\/\/schoenstatt.com\/wp-content\/uploads\/2025\/01\/tennis-prayer-1.jpg","type":"image\/jpeg"}],"author":"Karen Bueno","twitter_card":"summary_large_image","twitter_misc":{"Verfasst von":"Karen Bueno","Gesch\u00e4tzte Lesezeit":"7\u00a0Minuten"},"schema":{"@context":"https:\/\/schema.org","@graph":[{"@type":"Article","@id":"https:\/\/schoenstatt.com\/de\/von-professioneller-tennisspielerin-zur-schoenstaetter-marienschwester\/#article","isPartOf":{"@id":"https:\/\/schoenstatt.com\/de\/von-professioneller-tennisspielerin-zur-schoenstaetter-marienschwester\/"},"author":{"name":"Karen Bueno","@id":"https:\/\/schoenstatt.com\/de\/#\/schema\/person\/5158877ad4acae98b34daaeef2a1ce6e"},"headline":"Von professioneller Tennisspielerin zur Sch\u00f6nst\u00e4tter Marienschwester","datePublished":"2025-02-02T02:03:00+00:00","dateModified":"2025-08-18T19:02:44+00:00","mainEntityOfPage":{"@id":"https:\/\/schoenstatt.com\/de\/von-professioneller-tennisspielerin-zur-schoenstaetter-marienschwester\/"},"wordCount":1286,"publisher":{"@id":"https:\/\/schoenstatt.com\/de\/#organization"},"image":{"@id":"https:\/\/schoenstatt.com\/de\/von-professioneller-tennisspielerin-zur-schoenstaetter-marienschwester\/#primaryimage"},"thumbnailUrl":"https:\/\/schoenstatt.com\/wp-content\/uploads\/2025\/01\/tennis-prayer-1.jpg","keywords":["Ozeanien","Sch\u00f6nstatt Australien","Sch\u00f6nst\u00e4tter Marienschwestern","Sport"],"articleSection":["Ozeanien","Schoenstatt Gemeinschaften"],"inLanguage":"de"},{"@type":"WebPage","@id":"https:\/\/schoenstatt.com\/de\/von-professioneller-tennisspielerin-zur-schoenstaetter-marienschwester\/","url":"https:\/\/schoenstatt.com\/de\/von-professioneller-tennisspielerin-zur-schoenstaetter-marienschwester\/","name":"Von professioneller Tennisspielerin zur Sch\u00f6nst\u00e4tter Marienschwester","isPartOf":{"@id":"https:\/\/schoenstatt.com\/de\/#website"},"primaryImageOfPage":{"@id":"https:\/\/schoenstatt.com\/de\/von-professioneller-tennisspielerin-zur-schoenstaetter-marienschwester\/#primaryimage"},"image":{"@id":"https:\/\/schoenstatt.com\/de\/von-professioneller-tennisspielerin-zur-schoenstaetter-marienschwester\/#primaryimage"},"thumbnailUrl":"https:\/\/schoenstatt.com\/wp-content\/uploads\/2025\/01\/tennis-prayer-1.jpg","datePublished":"2025-02-02T02:03:00+00:00","dateModified":"2025-08-18T19:02:44+00:00","description":"Am Tag des geweihten Lebens wollen wir die Geschichte von Sr. M. Olivia h\u00f6ren, die den Tennisplatz verlie\u00df, um ihr Leben zu weihen.","breadcrumb":{"@id":"https:\/\/schoenstatt.com\/de\/von-professioneller-tennisspielerin-zur-schoenstaetter-marienschwester\/#breadcrumb"},"inLanguage":"de","potentialAction":[{"@type":"ReadAction","target":["https:\/\/schoenstatt.com\/de\/von-professioneller-tennisspielerin-zur-schoenstaetter-marienschwester\/"]}]},{"@type":"ImageObject","inLanguage":"de","@id":"https:\/\/schoenstatt.com\/de\/von-professioneller-tennisspielerin-zur-schoenstaetter-marienschwester\/#primaryimage","url":"https:\/\/schoenstatt.com\/wp-content\/uploads\/2025\/01\/tennis-prayer-1.jpg","contentUrl":"https:\/\/schoenstatt.com\/wp-content\/uploads\/2025\/01\/tennis-prayer-1.jpg","width":2048,"height":1069},{"@type":"BreadcrumbList","@id":"https:\/\/schoenstatt.com\/de\/von-professioneller-tennisspielerin-zur-schoenstaetter-marienschwester\/#breadcrumb","itemListElement":[{"@type":"ListItem","position":1,"name":"Portada","item":"https:\/\/schoenstatt.com\/de\/home\/"},{"@type":"ListItem","position":2,"name":"Von professioneller Tennisspielerin zur Sch\u00f6nst\u00e4tter Marienschwester"}]},{"@type":"WebSite","@id":"https:\/\/schoenstatt.com\/de\/#website","url":"https:\/\/schoenstatt.com\/de\/","name":"Schoenstatt","description":"Apostolic Movement","publisher":{"@id":"https:\/\/schoenstatt.com\/de\/#organization"},"potentialAction":[{"@type":"SearchAction","target":{"@type":"EntryPoint","urlTemplate":"https:\/\/schoenstatt.com\/de\/?s={search_term_string}"},"query-input":{"@type":"PropertyValueSpecification","valueRequired":true,"valueName":"search_term_string"}}],"inLanguage":"de"},{"@type":"Organization","@id":"https:\/\/schoenstatt.com\/de\/#organization","name":"Schoenstatt","url":"https:\/\/schoenstatt.com\/de\/","logo":{"@type":"ImageObject","inLanguage":"de","@id":"https:\/\/schoenstatt.com\/de\/#\/schema\/logo\/image\/","url":"https:\/\/schoenstatt.com\/wp-content\/uploads\/2025\/04\/logo-schoenstatt-white-696x696-1.png","contentUrl":"https:\/\/schoenstatt.com\/wp-content\/uploads\/2025\/04\/logo-schoenstatt-white-696x696-1.png","width":696,"height":694,"caption":"Schoenstatt"},"image":{"@id":"https:\/\/schoenstatt.com\/de\/#\/schema\/logo\/image\/"}},{"@type":"Person","@id":"https:\/\/schoenstatt.com\/de\/#\/schema\/person\/5158877ad4acae98b34daaeef2a1ce6e","name":"Karen Bueno","image":{"@type":"ImageObject","inLanguage":"de","@id":"https:\/\/secure.gravatar.com\/avatar\/f9f4b823873154269d2b2130f195f6d41037dd0d7fc5f3cacb5c846bae70d66b?s=96&d=mm&r=g","url":"https:\/\/secure.gravatar.com\/avatar\/f9f4b823873154269d2b2130f195f6d41037dd0d7fc5f3cacb5c846bae70d66b?s=96&d=mm&r=g","contentUrl":"https:\/\/secure.gravatar.com\/avatar\/f9f4b823873154269d2b2130f195f6d41037dd0d7fc5f3cacb5c846bae70d66b?s=96&d=mm&r=g","caption":"Karen Bueno"},"url":"https:\/\/schoenstatt.com\/de\/author\/karen-bueno\/"}]}},"_links":{"self":[{"href":"https:\/\/schoenstatt.com\/de\/wp-json\/wp\/v2\/posts\/43200","targetHints":{"allow":["GET"]}}],"collection":[{"href":"https:\/\/schoenstatt.com\/de\/wp-json\/wp\/v2\/posts"}],"about":[{"href":"https:\/\/schoenstatt.com\/de\/wp-json\/wp\/v2\/types\/post"}],"author":[{"embeddable":true,"href":"https:\/\/schoenstatt.com\/de\/wp-json\/wp\/v2\/users\/3"}],"replies":[{"embeddable":true,"href":"https:\/\/schoenstatt.com\/de\/wp-json\/wp\/v2\/comments?post=43200"}],"version-history":[{"count":6,"href":"https:\/\/schoenstatt.com\/de\/wp-json\/wp\/v2\/posts\/43200\/revisions"}],"predecessor-version":[{"id":62393,"href":"https:\/\/schoenstatt.com\/de\/wp-json\/wp\/v2\/posts\/43200\/revisions\/62393"}],"wp:featuredmedia":[{"embeddable":true,"href":"https:\/\/schoenstatt.com\/de\/wp-json\/wp\/v2\/media\/43176"}],"wp:attachment":[{"href":"https:\/\/schoenstatt.com\/de\/wp-json\/wp\/v2\/media?parent=43200"}],"wp:term":[{"taxonomy":"category","embeddable":true,"href":"https:\/\/schoenstatt.com\/de\/wp-json\/wp\/v2\/categories?post=43200"},{"taxonomy":"post_tag","embeddable":true,"href":"https:\/\/schoenstatt.com\/de\/wp-json\/wp\/v2\/tags?post=43200"}],"curies":[{"name":"wp","href":"https:\/\/api.w.org\/{rel}","templated":true}]}}