{"id":43066,"date":"2025-01-28T12:27:47","date_gmt":"2025-01-28T11:27:47","guid":{"rendered":"https:\/\/schoenstatt.com\/?p=43066"},"modified":"2025-08-21T17:00:23","modified_gmt":"2025-08-21T15:00:23","slug":"schreibe-deinen-namen-auf-das-heiligtum-von-bellavista","status":"publish","type":"post","link":"https:\/\/schoenstatt.com\/de\/schreibe-deinen-namen-auf-das-heiligtum-von-bellavista\/","title":{"rendered":"Schreibe deinen Namen auf das Heiligtum von Bellavista"},"content":{"rendered":"\n<p>Vom Coenaculum-Heiligtum aus, dem Heiligtum des 31. Mai, beginnen wir das Jahr 2025 und vereinen die Sch\u00f6nst\u00e4tter in einem neuen Kreuzzug. Es ist die Kampagne \u201eSchenk Maria einen Dachziegel\u201c, eine neue Str\u00f6mung, die uns dem Gnadenort n\u00e4her bringt, um diesem historischen Heiligtum neues Leben zu geben.<\/p>\n\n\n\n<p>Die Herausforderung besteht darin, dass jeder von uns, als Einzelner, als Gruppe, als Familie, als Freund, als Pilger aus Chile oder aus dem Ausland, dazu beitr\u00e4gt, die 3.360 Dachziegel zu erwerben, die es uns erm\u00f6glichen, <a href=\"https:\/\/schoenstatt.com\/de\/naturkatastrophe-sturm-verursacht-schwere-schaden-am-heiligtum-in-bellavista\/\"><mark style=\"background-color:rgba(0, 0, 0, 0);color:#e98114\" class=\"has-inline-color\">das Dach und die Einfriedung unseres Heiligtums nach den Sturmsch\u00e4den<\/mark><\/a> vom 2. August 2024 zu erneuern.<\/p>\n\n\n\n<p>Nach der Spende wird der Name des Spenders auf jedem Ziegel f\u00fcr die Nachwelt als geistliches Verm\u00e4chtnis und Beitrag zum Gnadenkapital verewigt.<\/p>\n\n\n\n<figure class=\"wp-block-image size-large\"><img decoding=\"async\" src=\"https:\/\/schoenstatt.com\/wp-content\/uploads\/2024\/08\/santuario-de-bellavista-1024x682.jpg\" alt=\"\" class=\"wp-image-40490\"\/><\/figure>\n\n\n\n<h2 class=\"wp-block-heading\" id=\"h-wie-kann-man-spenden\"><strong>Wie kann man spenden?<\/strong><\/h2>\n\n\n\n<p>Sie k\u00f6nnen als Einzelperson oder als Gruppe eine oder mehrere Kacheln im Wert von jeweils 10.000 pesos in Chile oder 15 Euro im Ausland spenden. Die Kacheln werden mit dem Namen des Spenders versehen. Die personalisierten Ziegel werden auf dem neuen Dach verlegt und der Spender erh\u00e4lt ein Zertifikat \u00fcber seinen Beitrag.<\/p>\n\n\n\n<p>Wer spenden m\u00f6chte, kann dies unten tun, wo die Einzelheiten der Spende und die Namen, die auf den Dachziegeln eingraviert werden sollen, angegeben sind.<\/p>\n\n\n\n<h2 class=\"wp-block-heading\" id=\"h-im-vertrauen-auf-gott\"><strong>Im Vertrauen auf Gott<\/strong><\/h2>\n\n\n\n<p>Unter Ber\u00fccksichtigung der Anforderungen und in der Hoffnung, dass viele von uns pers\u00f6nlich oder aus der Ferne mithelfen, <a href=\"https:\/\/bellavistatuhogar.cl\/\" target=\"_blank\" rel=\"noreferrer noopener\"><mark style=\"background-color:rgba(0, 0, 0, 0);color:#e98114\" class=\"has-inline-color\">diesen heiligen Ort zu restaurieren<\/mark><\/a> und in die Zukunft des 21. Jahrhunderts zu f\u00fchren, haben wir in den ersten Januarwochen mit den Renovierungsarbeiten am Heiligtum begonnen.<\/p>\n\n\n\n<p>Wie so oft in der Vergangenheit vertrauen wir darauf, dass Gott und die Gottesmutter uns den Weg weisen werden, in der Gewissheit, dass dieser pastorale Ort aufgrund seines spirituellen und historischen Wertes so bald wie m\u00f6glich f\u00fcr Wallfahrten der lokalen, nationalen und internationalen Gemeinschaft zur Verf\u00fcgung stehen sollte.<\/p>\n\n\n\n<p>Bei dieser Gelegenheit m\u00f6chten wir der Gottesmutter sagen, dass wir uns wieder in ihr Herz einschreiben wollen und dass wir uns im B\u00fcndnis f\u00fcr die Wiederer\u00f6ffnung des Heiligtums einsetzen werden.<\/p>\n\n\n\n<h2 class=\"wp-block-heading\" id=\"h-wie-man-spendet\"><strong>Wie man spendet:<\/strong><\/h2>\n\n\n\n<p><strong>Spenden in Chile:<\/strong> <a href=\"https:\/\/legacy.payku.cl\/botonpago\/index?idboton=28839&amp;verif=53ecab6f\" target=\"_blank\" rel=\"noreferrer noopener\"><mark style=\"background-color:rgba(0, 0, 0, 0);color:#e98114\" class=\"has-inline-color\">Klicken Sie hier<\/mark><\/a><\/p>\n\n\n\n<p><strong>Spenden aus anderen L\u00e4ndern:<\/strong> <a href=\"https:\/\/www.paypal.com\/ncp\/payment\/BNZ29ZWHMY97S\" target=\"_blank\" rel=\"noreferrer noopener\"><mark style=\"background-color:rgba(0, 0, 0, 0);color:#e98114\" class=\"has-inline-color\">Klicken Sie hier<\/mark><\/a><\/p>\n\n\n\n<p><strong>\u00dcbersetzung: <\/strong>Sr. M. Lourdes Mac\u00edas<br><strong>Lektorat:<\/strong> Hildegard Kaiser<\/p>\n","protected":false},"excerpt":{"rendered":"<p>Die neue Kampagne des Bellavista-Heiligtums in Chile l\u00e4dt dazu ein, den eigenen Namen auf das Dach des Heiligtums zu schreiben <\/p>\n","protected":false},"author":3,"featured_media":39768,"comment_status":"closed","ping_status":"closed","sticky":false,"template":"","format":"standard","meta":{"footnotes":""},"categories":[195],"tags":[956,926],"class_list":["post-43066","post","type-post","status-publish","format-standard","has-post-thumbnail","hentry","category-amerika-de","tag-bellavista-chile-de","tag-schonstatt-chile-de"],"yoast_head":"<!-- This site is optimized with the Yoast SEO Premium plugin v27.4 (Yoast SEO v27.5) - https:\/\/yoast.com\/product\/yoast-seo-premium-wordpress\/ -->\n<title>Schreibe deinen Namen auf das Heiligtum von Bellavista - Schoenstatt<\/title>\n<meta name=\"description\" content=\"Die neue Kampagne des Bellavista-Heiligtums in Chile l\u00e4dt dazu ein, den eigenen Namen auf das Dach des Heiligtums zu schreiben.\" \/>\n<meta name=\"robots\" content=\"index, follow, max-snippet:-1, max-image-preview:large, max-video-preview:-1\" \/>\n<link rel=\"canonical\" href=\"https:\/\/schoenstatt.com\/de\/schreibe-deinen-namen-auf-das-heiligtum-von-bellavista\/\" \/>\n<meta property=\"og:locale\" content=\"de_DE\" \/>\n<meta property=\"og:type\" content=\"article\" \/>\n<meta property=\"og:title\" content=\"Schreibe deinen Namen auf das Heiligtum von Bellavista\" \/>\n<meta property=\"og:description\" content=\"Die neue Kampagne des Bellavista-Heiligtums in Chile l\u00e4dt dazu ein, den eigenen Namen auf das Dach des Heiligtums zu schreiben.\" \/>\n<meta property=\"og:url\" content=\"https:\/\/schoenstatt.com\/de\/schreibe-deinen-namen-auf-das-heiligtum-von-bellavista\/\" \/>\n<meta property=\"og:site_name\" content=\"Schoenstatt\" \/>\n<meta property=\"article:published_time\" content=\"2025-01-28T11:27:47+00:00\" \/>\n<meta property=\"article:modified_time\" content=\"2025-08-21T15:00:23+00:00\" \/>\n<meta property=\"og:image\" content=\"https:\/\/schoenstatt.com\/wp-content\/uploads\/2024\/06\/banner-home-bellavista-1.jpg\" \/>\n\t<meta property=\"og:image:width\" content=\"1920\" \/>\n\t<meta property=\"og:image:height\" content=\"1080\" \/>\n\t<meta property=\"og:image:type\" content=\"image\/jpeg\" \/>\n<meta name=\"author\" content=\"Karen Bueno\" \/>\n<meta name=\"twitter:card\" content=\"summary_large_image\" \/>\n<meta name=\"twitter:label1\" content=\"Verfasst von\" \/>\n\t<meta name=\"twitter:data1\" content=\"Karen Bueno\" \/>\n\t<meta name=\"twitter:label2\" content=\"Gesch\u00e4tzte Lesezeit\" \/>\n\t<meta name=\"twitter:data2\" content=\"3\u00a0Minuten\" \/>\n<script type=\"application\/ld+json\" class=\"yoast-schema-graph\">{\"@context\":\"https:\\\/\\\/schema.org\",\"@graph\":[{\"@type\":\"Article\",\"@id\":\"https:\\\/\\\/schoenstatt.com\\\/de\\\/schreibe-deinen-namen-auf-das-heiligtum-von-bellavista\\\/#article\",\"isPartOf\":{\"@id\":\"https:\\\/\\\/schoenstatt.com\\\/de\\\/schreibe-deinen-namen-auf-das-heiligtum-von-bellavista\\\/\"},\"author\":{\"name\":\"Karen Bueno\",\"@id\":\"https:\\\/\\\/schoenstatt.com\\\/de\\\/#\\\/schema\\\/person\\\/5158877ad4acae98b34daaeef2a1ce6e\"},\"headline\":\"Schreibe deinen Namen auf das Heiligtum von Bellavista\",\"datePublished\":\"2025-01-28T11:27:47+00:00\",\"dateModified\":\"2025-08-21T15:00:23+00:00\",\"mainEntityOfPage\":{\"@id\":\"https:\\\/\\\/schoenstatt.com\\\/de\\\/schreibe-deinen-namen-auf-das-heiligtum-von-bellavista\\\/\"},\"wordCount\":373,\"publisher\":{\"@id\":\"https:\\\/\\\/schoenstatt.com\\\/de\\\/#organization\"},\"image\":{\"@id\":\"https:\\\/\\\/schoenstatt.com\\\/de\\\/schreibe-deinen-namen-auf-das-heiligtum-von-bellavista\\\/#primaryimage\"},\"thumbnailUrl\":\"https:\\\/\\\/schoenstatt.com\\\/wp-content\\\/uploads\\\/2024\\\/06\\\/banner-home-bellavista-1.jpg\",\"keywords\":[\"Bellavista - Chile\",\"Sch\u00f6nstatt Chile\"],\"articleSection\":[\"Amerika\"],\"inLanguage\":\"de\"},{\"@type\":\"WebPage\",\"@id\":\"https:\\\/\\\/schoenstatt.com\\\/de\\\/schreibe-deinen-namen-auf-das-heiligtum-von-bellavista\\\/\",\"url\":\"https:\\\/\\\/schoenstatt.com\\\/de\\\/schreibe-deinen-namen-auf-das-heiligtum-von-bellavista\\\/\",\"name\":\"Schreibe deinen Namen auf das Heiligtum von Bellavista - Schoenstatt\",\"isPartOf\":{\"@id\":\"https:\\\/\\\/schoenstatt.com\\\/de\\\/#website\"},\"primaryImageOfPage\":{\"@id\":\"https:\\\/\\\/schoenstatt.com\\\/de\\\/schreibe-deinen-namen-auf-das-heiligtum-von-bellavista\\\/#primaryimage\"},\"image\":{\"@id\":\"https:\\\/\\\/schoenstatt.com\\\/de\\\/schreibe-deinen-namen-auf-das-heiligtum-von-bellavista\\\/#primaryimage\"},\"thumbnailUrl\":\"https:\\\/\\\/schoenstatt.com\\\/wp-content\\\/uploads\\\/2024\\\/06\\\/banner-home-bellavista-1.jpg\",\"datePublished\":\"2025-01-28T11:27:47+00:00\",\"dateModified\":\"2025-08-21T15:00:23+00:00\",\"description\":\"Die neue Kampagne des Bellavista-Heiligtums in Chile l\u00e4dt dazu ein, den eigenen Namen auf das Dach des Heiligtums zu schreiben.\",\"breadcrumb\":{\"@id\":\"https:\\\/\\\/schoenstatt.com\\\/de\\\/schreibe-deinen-namen-auf-das-heiligtum-von-bellavista\\\/#breadcrumb\"},\"inLanguage\":\"de\",\"potentialAction\":[{\"@type\":\"ReadAction\",\"target\":[\"https:\\\/\\\/schoenstatt.com\\\/de\\\/schreibe-deinen-namen-auf-das-heiligtum-von-bellavista\\\/\"]}]},{\"@type\":\"ImageObject\",\"inLanguage\":\"de\",\"@id\":\"https:\\\/\\\/schoenstatt.com\\\/de\\\/schreibe-deinen-namen-auf-das-heiligtum-von-bellavista\\\/#primaryimage\",\"url\":\"https:\\\/\\\/schoenstatt.com\\\/wp-content\\\/uploads\\\/2024\\\/06\\\/banner-home-bellavista-1.jpg\",\"contentUrl\":\"https:\\\/\\\/schoenstatt.com\\\/wp-content\\\/uploads\\\/2024\\\/06\\\/banner-home-bellavista-1.jpg\",\"width\":1920,\"height\":1080},{\"@type\":\"BreadcrumbList\",\"@id\":\"https:\\\/\\\/schoenstatt.com\\\/de\\\/schreibe-deinen-namen-auf-das-heiligtum-von-bellavista\\\/#breadcrumb\",\"itemListElement\":[{\"@type\":\"ListItem\",\"position\":1,\"name\":\"Portada\",\"item\":\"https:\\\/\\\/schoenstatt.com\\\/de\\\/home\\\/\"},{\"@type\":\"ListItem\",\"position\":2,\"name\":\"Schreibe deinen Namen auf das Heiligtum von Bellavista\"}]},{\"@type\":\"WebSite\",\"@id\":\"https:\\\/\\\/schoenstatt.com\\\/de\\\/#website\",\"url\":\"https:\\\/\\\/schoenstatt.com\\\/de\\\/\",\"name\":\"Schoenstatt\",\"description\":\"Apostolic Movement\",\"publisher\":{\"@id\":\"https:\\\/\\\/schoenstatt.com\\\/de\\\/#organization\"},\"potentialAction\":[{\"@type\":\"SearchAction\",\"target\":{\"@type\":\"EntryPoint\",\"urlTemplate\":\"https:\\\/\\\/schoenstatt.com\\\/de\\\/?s={search_term_string}\"},\"query-input\":{\"@type\":\"PropertyValueSpecification\",\"valueRequired\":true,\"valueName\":\"search_term_string\"}}],\"inLanguage\":\"de\"},{\"@type\":\"Organization\",\"@id\":\"https:\\\/\\\/schoenstatt.com\\\/de\\\/#organization\",\"name\":\"Schoenstatt\",\"url\":\"https:\\\/\\\/schoenstatt.com\\\/de\\\/\",\"logo\":{\"@type\":\"ImageObject\",\"inLanguage\":\"de\",\"@id\":\"https:\\\/\\\/schoenstatt.com\\\/de\\\/#\\\/schema\\\/logo\\\/image\\\/\",\"url\":\"https:\\\/\\\/schoenstatt.com\\\/wp-content\\\/uploads\\\/2025\\\/04\\\/logo-schoenstatt-white-696x696-1.png\",\"contentUrl\":\"https:\\\/\\\/schoenstatt.com\\\/wp-content\\\/uploads\\\/2025\\\/04\\\/logo-schoenstatt-white-696x696-1.png\",\"width\":696,\"height\":694,\"caption\":\"Schoenstatt\"},\"image\":{\"@id\":\"https:\\\/\\\/schoenstatt.com\\\/de\\\/#\\\/schema\\\/logo\\\/image\\\/\"}},{\"@type\":\"Person\",\"@id\":\"https:\\\/\\\/schoenstatt.com\\\/de\\\/#\\\/schema\\\/person\\\/5158877ad4acae98b34daaeef2a1ce6e\",\"name\":\"Karen Bueno\",\"image\":{\"@type\":\"ImageObject\",\"inLanguage\":\"de\",\"@id\":\"https:\\\/\\\/secure.gravatar.com\\\/avatar\\\/f9f4b823873154269d2b2130f195f6d41037dd0d7fc5f3cacb5c846bae70d66b?s=96&d=mm&r=g\",\"url\":\"https:\\\/\\\/secure.gravatar.com\\\/avatar\\\/f9f4b823873154269d2b2130f195f6d41037dd0d7fc5f3cacb5c846bae70d66b?s=96&d=mm&r=g\",\"contentUrl\":\"https:\\\/\\\/secure.gravatar.com\\\/avatar\\\/f9f4b823873154269d2b2130f195f6d41037dd0d7fc5f3cacb5c846bae70d66b?s=96&d=mm&r=g\",\"caption\":\"Karen Bueno\"},\"url\":\"https:\\\/\\\/schoenstatt.com\\\/de\\\/author\\\/karen-bueno\\\/\"}]}<\/script>\n<!-- \/ Yoast SEO Premium plugin. -->","yoast_head_json":{"title":"Schreibe deinen Namen auf das Heiligtum von Bellavista - Schoenstatt","description":"Die neue Kampagne des Bellavista-Heiligtums in Chile l\u00e4dt dazu ein, den eigenen Namen auf das Dach des Heiligtums zu schreiben.","robots":{"index":"index","follow":"follow","max-snippet":"max-snippet:-1","max-image-preview":"max-image-preview:large","max-video-preview":"max-video-preview:-1"},"canonical":"https:\/\/schoenstatt.com\/de\/schreibe-deinen-namen-auf-das-heiligtum-von-bellavista\/","og_locale":"de_DE","og_type":"article","og_title":"Schreibe deinen Namen auf das Heiligtum von Bellavista","og_description":"Die neue Kampagne des Bellavista-Heiligtums in Chile l\u00e4dt dazu ein, den eigenen Namen auf das Dach des Heiligtums zu schreiben.","og_url":"https:\/\/schoenstatt.com\/de\/schreibe-deinen-namen-auf-das-heiligtum-von-bellavista\/","og_site_name":"Schoenstatt","article_published_time":"2025-01-28T11:27:47+00:00","article_modified_time":"2025-08-21T15:00:23+00:00","og_image":[{"width":1920,"height":1080,"url":"https:\/\/schoenstatt.com\/wp-content\/uploads\/2024\/06\/banner-home-bellavista-1.jpg","type":"image\/jpeg"}],"author":"Karen Bueno","twitter_card":"summary_large_image","twitter_misc":{"Verfasst von":"Karen Bueno","Gesch\u00e4tzte Lesezeit":"3\u00a0Minuten"},"schema":{"@context":"https:\/\/schema.org","@graph":[{"@type":"Article","@id":"https:\/\/schoenstatt.com\/de\/schreibe-deinen-namen-auf-das-heiligtum-von-bellavista\/#article","isPartOf":{"@id":"https:\/\/schoenstatt.com\/de\/schreibe-deinen-namen-auf-das-heiligtum-von-bellavista\/"},"author":{"name":"Karen Bueno","@id":"https:\/\/schoenstatt.com\/de\/#\/schema\/person\/5158877ad4acae98b34daaeef2a1ce6e"},"headline":"Schreibe deinen Namen auf das Heiligtum von Bellavista","datePublished":"2025-01-28T11:27:47+00:00","dateModified":"2025-08-21T15:00:23+00:00","mainEntityOfPage":{"@id":"https:\/\/schoenstatt.com\/de\/schreibe-deinen-namen-auf-das-heiligtum-von-bellavista\/"},"wordCount":373,"publisher":{"@id":"https:\/\/schoenstatt.com\/de\/#organization"},"image":{"@id":"https:\/\/schoenstatt.com\/de\/schreibe-deinen-namen-auf-das-heiligtum-von-bellavista\/#primaryimage"},"thumbnailUrl":"https:\/\/schoenstatt.com\/wp-content\/uploads\/2024\/06\/banner-home-bellavista-1.jpg","keywords":["Bellavista - Chile","Sch\u00f6nstatt Chile"],"articleSection":["Amerika"],"inLanguage":"de"},{"@type":"WebPage","@id":"https:\/\/schoenstatt.com\/de\/schreibe-deinen-namen-auf-das-heiligtum-von-bellavista\/","url":"https:\/\/schoenstatt.com\/de\/schreibe-deinen-namen-auf-das-heiligtum-von-bellavista\/","name":"Schreibe deinen Namen auf das Heiligtum von Bellavista - Schoenstatt","isPartOf":{"@id":"https:\/\/schoenstatt.com\/de\/#website"},"primaryImageOfPage":{"@id":"https:\/\/schoenstatt.com\/de\/schreibe-deinen-namen-auf-das-heiligtum-von-bellavista\/#primaryimage"},"image":{"@id":"https:\/\/schoenstatt.com\/de\/schreibe-deinen-namen-auf-das-heiligtum-von-bellavista\/#primaryimage"},"thumbnailUrl":"https:\/\/schoenstatt.com\/wp-content\/uploads\/2024\/06\/banner-home-bellavista-1.jpg","datePublished":"2025-01-28T11:27:47+00:00","dateModified":"2025-08-21T15:00:23+00:00","description":"Die neue Kampagne des Bellavista-Heiligtums in Chile l\u00e4dt dazu ein, den eigenen Namen auf das Dach des Heiligtums zu schreiben.","breadcrumb":{"@id":"https:\/\/schoenstatt.com\/de\/schreibe-deinen-namen-auf-das-heiligtum-von-bellavista\/#breadcrumb"},"inLanguage":"de","potentialAction":[{"@type":"ReadAction","target":["https:\/\/schoenstatt.com\/de\/schreibe-deinen-namen-auf-das-heiligtum-von-bellavista\/"]}]},{"@type":"ImageObject","inLanguage":"de","@id":"https:\/\/schoenstatt.com\/de\/schreibe-deinen-namen-auf-das-heiligtum-von-bellavista\/#primaryimage","url":"https:\/\/schoenstatt.com\/wp-content\/uploads\/2024\/06\/banner-home-bellavista-1.jpg","contentUrl":"https:\/\/schoenstatt.com\/wp-content\/uploads\/2024\/06\/banner-home-bellavista-1.jpg","width":1920,"height":1080},{"@type":"BreadcrumbList","@id":"https:\/\/schoenstatt.com\/de\/schreibe-deinen-namen-auf-das-heiligtum-von-bellavista\/#breadcrumb","itemListElement":[{"@type":"ListItem","position":1,"name":"Portada","item":"https:\/\/schoenstatt.com\/de\/home\/"},{"@type":"ListItem","position":2,"name":"Schreibe deinen Namen auf das Heiligtum von Bellavista"}]},{"@type":"WebSite","@id":"https:\/\/schoenstatt.com\/de\/#website","url":"https:\/\/schoenstatt.com\/de\/","name":"Schoenstatt","description":"Apostolic Movement","publisher":{"@id":"https:\/\/schoenstatt.com\/de\/#organization"},"potentialAction":[{"@type":"SearchAction","target":{"@type":"EntryPoint","urlTemplate":"https:\/\/schoenstatt.com\/de\/?s={search_term_string}"},"query-input":{"@type":"PropertyValueSpecification","valueRequired":true,"valueName":"search_term_string"}}],"inLanguage":"de"},{"@type":"Organization","@id":"https:\/\/schoenstatt.com\/de\/#organization","name":"Schoenstatt","url":"https:\/\/schoenstatt.com\/de\/","logo":{"@type":"ImageObject","inLanguage":"de","@id":"https:\/\/schoenstatt.com\/de\/#\/schema\/logo\/image\/","url":"https:\/\/schoenstatt.com\/wp-content\/uploads\/2025\/04\/logo-schoenstatt-white-696x696-1.png","contentUrl":"https:\/\/schoenstatt.com\/wp-content\/uploads\/2025\/04\/logo-schoenstatt-white-696x696-1.png","width":696,"height":694,"caption":"Schoenstatt"},"image":{"@id":"https:\/\/schoenstatt.com\/de\/#\/schema\/logo\/image\/"}},{"@type":"Person","@id":"https:\/\/schoenstatt.com\/de\/#\/schema\/person\/5158877ad4acae98b34daaeef2a1ce6e","name":"Karen Bueno","image":{"@type":"ImageObject","inLanguage":"de","@id":"https:\/\/secure.gravatar.com\/avatar\/f9f4b823873154269d2b2130f195f6d41037dd0d7fc5f3cacb5c846bae70d66b?s=96&d=mm&r=g","url":"https:\/\/secure.gravatar.com\/avatar\/f9f4b823873154269d2b2130f195f6d41037dd0d7fc5f3cacb5c846bae70d66b?s=96&d=mm&r=g","contentUrl":"https:\/\/secure.gravatar.com\/avatar\/f9f4b823873154269d2b2130f195f6d41037dd0d7fc5f3cacb5c846bae70d66b?s=96&d=mm&r=g","caption":"Karen Bueno"},"url":"https:\/\/schoenstatt.com\/de\/author\/karen-bueno\/"}]}},"_links":{"self":[{"href":"https:\/\/schoenstatt.com\/de\/wp-json\/wp\/v2\/posts\/43066","targetHints":{"allow":["GET"]}}],"collection":[{"href":"https:\/\/schoenstatt.com\/de\/wp-json\/wp\/v2\/posts"}],"about":[{"href":"https:\/\/schoenstatt.com\/de\/wp-json\/wp\/v2\/types\/post"}],"author":[{"embeddable":true,"href":"https:\/\/schoenstatt.com\/de\/wp-json\/wp\/v2\/users\/3"}],"replies":[{"embeddable":true,"href":"https:\/\/schoenstatt.com\/de\/wp-json\/wp\/v2\/comments?post=43066"}],"version-history":[{"count":4,"href":"https:\/\/schoenstatt.com\/de\/wp-json\/wp\/v2\/posts\/43066\/revisions"}],"predecessor-version":[{"id":63097,"href":"https:\/\/schoenstatt.com\/de\/wp-json\/wp\/v2\/posts\/43066\/revisions\/63097"}],"wp:featuredmedia":[{"embeddable":true,"href":"https:\/\/schoenstatt.com\/de\/wp-json\/wp\/v2\/media\/39768"}],"wp:attachment":[{"href":"https:\/\/schoenstatt.com\/de\/wp-json\/wp\/v2\/media?parent=43066"}],"wp:term":[{"taxonomy":"category","embeddable":true,"href":"https:\/\/schoenstatt.com\/de\/wp-json\/wp\/v2\/categories?post=43066"},{"taxonomy":"post_tag","embeddable":true,"href":"https:\/\/schoenstatt.com\/de\/wp-json\/wp\/v2\/tags?post=43066"}],"curies":[{"name":"wp","href":"https:\/\/api.w.org\/{rel}","templated":true}]}}