{"id":42788,"date":"2025-01-07T03:03:00","date_gmt":"2025-01-07T02:03:00","guid":{"rendered":"https:\/\/schoenstatt.com\/?p=42788"},"modified":"2025-05-15T19:14:05","modified_gmt":"2025-05-15T17:14:05","slug":"das-jahr-mit-einheit-und-hoffnung-beenden-am-strand","status":"publish","type":"post","link":"https:\/\/schoenstatt.com\/de\/das-jahr-mit-einheit-und-hoffnung-beenden-am-strand\/","title":{"rendered":"Das Jahr mit Einheit und Hoffnung beenden&#8230; am Strand"},"content":{"rendered":"\n<p>Die Sch\u00f6nstattfamilie von Lagos, Nigeria, traf sich am 28. Dezember 2024, dem <a href=\"https:\/\/de.wikipedia.org\/wiki\/Kindermord_in_Bethlehem\" target=\"_blank\" rel=\"noreferrer noopener\">Fest der Unschuldigen Kinder<\/a>, zu einem unvergesslichen Strandausflug, um das Jahr im Glauben und in froher Gemeinschaft zu beschlie\u00dfen. Unter den 54 Teilnehmern waren 11 Familien mit Kindern und Freunden.<\/p>\n\n\n\n<figure class=\"wp-block-image size-large\"><img decoding=\"async\" src=\"https:\/\/schoenstatt.com\/wp-content\/uploads\/2025\/01\/schoenstatt-family-nigeria-beach-playa-mar-2024-c-1024x680.jpg\" alt=\"\" class=\"wp-image-42769\"\/><\/figure>\n\n\n\n<p>Das Treffen begann mit einer heiligen Messe um 12.00 Uhr in der Kapelle der katholischen Kirche Stella Maris, Beach Road, Ogombo, Lagos State. Pater Jude Eze, ISch, verantwortlich f\u00fcr die Sch\u00f6nstattbewegung in Lagos, zelebrierte die heilige Messe und gab dem Tag eine tiefe spirituelle Note.<\/p>\n\n\n\n<p>In seiner Predigt unterstrich Pater Jude die Bedeutung des Festes der Unschuldigen Kinder, deren Martyrium uns an die Heiligkeit des Lebens und an die Verantwortung erinnert, das zu sch\u00fctzen, was Gott uns anvertraut hat. Der egoistischen und zerst\u00f6rerischen Reaktion des Herodes auf die Ankunft Christi stellte er das Vertrauen der Heiligen Familie in die Vorsehung Gottes gegen\u00fcber.<\/p>\n\n\n\n<p>\u201eF\u00fcr Sie, liebe Familien\u201c, so Pater Jude, \u201el\u00e4dt das Fest der Unschuldigen Kinder dazu ein, \u00fcber Ihre Berufung nachzudenken, das heilige Geschenk von Ehe und Familie zu verteidigen. Wie der heilige Josef, der aufstand, um seine Familie zu sch\u00fctzen, sind auch wir aufgerufen, jeden Tag aufzustehen, um unsere Beziehungen vor allem zu sch\u00fctzen, was die Liebe, die Einheit und die Heiligkeit bedroht\u201c.<\/p>\n\n\n\n<p>Er hob drei wichtige Punkte hervor:<\/p>\n\n\n\n<p><strong>Die Ehe als Licht in der Finsternis:<\/strong> Ehepaare sind dazu berufen, Leuchtt\u00fcrme der Liebe Gottes zu sein und in einer Welt, die von zerbrochenen Beziehungen \u00fcberschattet wird, Freundlichkeit, Vergebung und Freude auszustrahlen.<\/p>\n\n\n\n<p><strong>Das Heilige sch\u00fctzen: <\/strong>Moderne Ablenkungen und Herausforderungen k\u00f6nnen die Heiligkeit des Familienlebens untergraben. Pater Jude ermutigte die Familien, auf die Gnade Gottes zu vertrauen, zu beten und eine offene Kommunikation zu pflegen.<\/p>\n\n\n\n<p><strong>Der Segen der Unschuld: <\/strong>Pater Jude lud die Paare ein, die Reinheit und das Wunder ihrer ersten Liebe wiederzuentdecken und sich mehr auf Dankbarkeit und gegenseitige Wertsch\u00e4tzung zu konzentrieren als auf Fehler.<\/p>\n\n\n\n<figure class=\"wp-block-image size-large\"><img decoding=\"async\" src=\"https:\/\/schoenstatt.com\/wp-content\/uploads\/2025\/01\/schoenstatt-family-nigeria-beach-playa-mar-2024-b-1024x770.jpg\" alt=\"\" class=\"wp-image-42773\"\/><\/figure>\n\n\n\n<h3 class=\"wp-block-heading\" id=\"h-ein-nachmittag-voller-spass-und-geselligkeit\">Ein Nachmittag voller Spa\u00df und Geselligkeit<\/h3>\n\n\n\n<p>Nach dem Gottesdienst gingen die Familien an einen ruhigen Strand, um gemeinsam Zeit zu verbringen. Es war sch\u00f6n zu sehen, wie die Kinder Sandburgen bauten, spielten und frei am Strand herumliefen. Die Erwachsenen unterhielten sich freundschaftlich, lachten und beteiligten sich an Gruppenspielen, die das Zusammengeh\u00f6rigkeitsgef\u00fchl f\u00f6rderten.<\/p>\n\n\n\n<p>Das gemeinsame Essen war ein Moment, den alle sehr genossen. Alle Familien brachten verschiedene Gerichte mit, sodass ein kleines Festmahl entstand, das die Vielfalt und den Reichtum der Sch\u00f6nstattfamilie widerspiegelte. Von traditionellen nigerianischen Gerichten bis zu festlichen K\u00f6stlichkeiten war es ein wahres kulinarisches Fest der Einheit.<\/p>\n\n\n\n<h3 class=\"wp-block-heading\" id=\"h-das-jahr-in-einigkeit-und-hoffnung-abschliessen\"><strong>Das Jahr in Einigkeit und Hoffnung abschlie\u00dfen<\/strong><\/h3>\n\n\n\n<p>\u201eDiese Erfahrung spiegelt auf wunderbare Weise unsere Sendung in Sch\u00f6nstatt wider: eine im Glauben geeinte B\u00fcndnisfamilie, die in Hoffnung und Vertrauen auf die g\u00f6ttliche Vorsehung lebt\u201c, so Pater Jude.<\/p>\n\n\n\n<figure class=\"wp-block-image size-full\"><img decoding=\"async\" src=\"https:\/\/schoenstatt.com\/wp-content\/uploads\/2025\/01\/schoenstatt-family-nigeria-beach-playa-mar-2024-d.jpg\" alt=\"\" class=\"wp-image-42777\"\/><\/figure>\n\n\n\n<p>Als die Sonne unterging, endete das Treffen mit Herzen voller Dankbarkeit und Freude. Dieser Ausflug an den Strand war nicht nur ein Ereignis, sondern ein Zeugnis des gemeinsamen Einsatzes der Sch\u00f6nstattfamilie f\u00fcr Glaube, Familie und Gemeinschaft.<\/p>\n\n\n\n<p>Mit Blick auf die Zukunft geht die Sch\u00f6nstattfamilie von Lagos mit neuer Hoffnung ins neue Jahr, inspiriert, mit Gott und der Dreimal Wunderbaren Mutter, K\u00f6nigin und Siegerin von Sch\u00f6nstatt zu gehen.<\/p>\n\n\n\n<p><strong>\u00dcbersetzung:<\/strong> Sr. M. Lourdes Mac\u00edas<br><strong>Lektorat: <\/strong>Hildegard Kaiser<\/p>\n","protected":false},"excerpt":{"rendered":"<p>Fr\u00f6hliches Beisammensein:  Die Sch\u00f6nstatt-Familiengruppen in Lagos, Nigeria, feiern das Jahresende mit einem Ausflug an den Strand.<\/p>\n","protected":false},"author":3,"featured_media":42781,"comment_status":"closed","ping_status":"closed","sticky":false,"template":"","format":"standard","meta":{"footnotes":""},"categories":[71,874],"tags":[],"class_list":["post-42788","post","type-post","status-publish","format-standard","has-post-thumbnail","hentry","category-afrika-de","category-familie-de"],"yoast_head":"<!-- This site is optimized with the Yoast SEO Premium plugin v27.4 (Yoast SEO v27.5) - https:\/\/yoast.com\/product\/yoast-seo-premium-wordpress\/ -->\n<title>Das Jahr mit Einheit und Hoffnung beenden... am Strand - Schoenstatt<\/title>\n<meta name=\"description\" content=\"Fr\u00f6hliches Beisammensein: Die Sch\u00f6nstatt-Familiengruppen in Lagos, Nigeria, feiern das Jahresende mit einem Ausflug an den Strand.\" \/>\n<meta name=\"robots\" content=\"index, follow, max-snippet:-1, max-image-preview:large, max-video-preview:-1\" \/>\n<link rel=\"canonical\" href=\"https:\/\/schoenstatt.com\/de\/das-jahr-mit-einheit-und-hoffnung-beenden-am-strand\/\" \/>\n<meta property=\"og:locale\" content=\"de_DE\" \/>\n<meta property=\"og:type\" content=\"article\" \/>\n<meta property=\"og:title\" content=\"Das Jahr mit Einheit und Hoffnung beenden... am Strand\" \/>\n<meta property=\"og:description\" content=\"Fr\u00f6hliches Beisammensein: Die Sch\u00f6nstatt-Familiengruppen in Lagos, Nigeria, feiern das Jahresende mit einem Ausflug an den Strand.\" \/>\n<meta property=\"og:url\" content=\"https:\/\/schoenstatt.com\/de\/das-jahr-mit-einheit-und-hoffnung-beenden-am-strand\/\" \/>\n<meta property=\"og:site_name\" content=\"Schoenstatt\" \/>\n<meta property=\"article:published_time\" content=\"2025-01-07T02:03:00+00:00\" \/>\n<meta property=\"article:modified_time\" content=\"2025-05-15T17:14:05+00:00\" \/>\n<meta property=\"og:image\" content=\"https:\/\/schoenstatt.com\/wp-content\/uploads\/2025\/01\/schoenstatt-family-nigeria-beach-playa-mar-2024-1.jpg\" \/>\n\t<meta property=\"og:image:width\" content=\"2048\" \/>\n\t<meta property=\"og:image:height\" content=\"1487\" \/>\n\t<meta property=\"og:image:type\" content=\"image\/jpeg\" \/>\n<meta name=\"author\" content=\"Karen Bueno\" \/>\n<meta name=\"twitter:card\" content=\"summary_large_image\" \/>\n<meta name=\"twitter:label1\" content=\"Verfasst von\" \/>\n\t<meta name=\"twitter:data1\" content=\"Karen Bueno\" \/>\n\t<meta name=\"twitter:label2\" content=\"Gesch\u00e4tzte Lesezeit\" \/>\n\t<meta name=\"twitter:data2\" content=\"4\u00a0Minuten\" \/>\n<script type=\"application\/ld+json\" class=\"yoast-schema-graph\">{\"@context\":\"https:\\\/\\\/schema.org\",\"@graph\":[{\"@type\":\"Article\",\"@id\":\"https:\\\/\\\/schoenstatt.com\\\/de\\\/das-jahr-mit-einheit-und-hoffnung-beenden-am-strand\\\/#article\",\"isPartOf\":{\"@id\":\"https:\\\/\\\/schoenstatt.com\\\/de\\\/das-jahr-mit-einheit-und-hoffnung-beenden-am-strand\\\/\"},\"author\":{\"name\":\"Karen Bueno\",\"@id\":\"https:\\\/\\\/schoenstatt.com\\\/de\\\/#\\\/schema\\\/person\\\/5158877ad4acae98b34daaeef2a1ce6e\"},\"headline\":\"Das Jahr mit Einheit und Hoffnung beenden&#8230; am Strand\",\"datePublished\":\"2025-01-07T02:03:00+00:00\",\"dateModified\":\"2025-05-15T17:14:05+00:00\",\"mainEntityOfPage\":{\"@id\":\"https:\\\/\\\/schoenstatt.com\\\/de\\\/das-jahr-mit-einheit-und-hoffnung-beenden-am-strand\\\/\"},\"wordCount\":552,\"publisher\":{\"@id\":\"https:\\\/\\\/schoenstatt.com\\\/de\\\/#organization\"},\"image\":{\"@id\":\"https:\\\/\\\/schoenstatt.com\\\/de\\\/das-jahr-mit-einheit-und-hoffnung-beenden-am-strand\\\/#primaryimage\"},\"thumbnailUrl\":\"https:\\\/\\\/schoenstatt.com\\\/wp-content\\\/uploads\\\/2025\\\/01\\\/schoenstatt-family-nigeria-beach-playa-mar-2024-1.jpg\",\"articleSection\":[\"Afrika\",\"Familie\"],\"inLanguage\":\"de\"},{\"@type\":\"WebPage\",\"@id\":\"https:\\\/\\\/schoenstatt.com\\\/de\\\/das-jahr-mit-einheit-und-hoffnung-beenden-am-strand\\\/\",\"url\":\"https:\\\/\\\/schoenstatt.com\\\/de\\\/das-jahr-mit-einheit-und-hoffnung-beenden-am-strand\\\/\",\"name\":\"Das Jahr mit Einheit und Hoffnung beenden... am Strand - Schoenstatt\",\"isPartOf\":{\"@id\":\"https:\\\/\\\/schoenstatt.com\\\/de\\\/#website\"},\"primaryImageOfPage\":{\"@id\":\"https:\\\/\\\/schoenstatt.com\\\/de\\\/das-jahr-mit-einheit-und-hoffnung-beenden-am-strand\\\/#primaryimage\"},\"image\":{\"@id\":\"https:\\\/\\\/schoenstatt.com\\\/de\\\/das-jahr-mit-einheit-und-hoffnung-beenden-am-strand\\\/#primaryimage\"},\"thumbnailUrl\":\"https:\\\/\\\/schoenstatt.com\\\/wp-content\\\/uploads\\\/2025\\\/01\\\/schoenstatt-family-nigeria-beach-playa-mar-2024-1.jpg\",\"datePublished\":\"2025-01-07T02:03:00+00:00\",\"dateModified\":\"2025-05-15T17:14:05+00:00\",\"description\":\"Fr\u00f6hliches Beisammensein: Die Sch\u00f6nstatt-Familiengruppen in Lagos, Nigeria, feiern das Jahresende mit einem Ausflug an den Strand.\",\"breadcrumb\":{\"@id\":\"https:\\\/\\\/schoenstatt.com\\\/de\\\/das-jahr-mit-einheit-und-hoffnung-beenden-am-strand\\\/#breadcrumb\"},\"inLanguage\":\"de\",\"potentialAction\":[{\"@type\":\"ReadAction\",\"target\":[\"https:\\\/\\\/schoenstatt.com\\\/de\\\/das-jahr-mit-einheit-und-hoffnung-beenden-am-strand\\\/\"]}]},{\"@type\":\"ImageObject\",\"inLanguage\":\"de\",\"@id\":\"https:\\\/\\\/schoenstatt.com\\\/de\\\/das-jahr-mit-einheit-und-hoffnung-beenden-am-strand\\\/#primaryimage\",\"url\":\"https:\\\/\\\/schoenstatt.com\\\/wp-content\\\/uploads\\\/2025\\\/01\\\/schoenstatt-family-nigeria-beach-playa-mar-2024-1.jpg\",\"contentUrl\":\"https:\\\/\\\/schoenstatt.com\\\/wp-content\\\/uploads\\\/2025\\\/01\\\/schoenstatt-family-nigeria-beach-playa-mar-2024-1.jpg\",\"width\":2048,\"height\":1487},{\"@type\":\"BreadcrumbList\",\"@id\":\"https:\\\/\\\/schoenstatt.com\\\/de\\\/das-jahr-mit-einheit-und-hoffnung-beenden-am-strand\\\/#breadcrumb\",\"itemListElement\":[{\"@type\":\"ListItem\",\"position\":1,\"name\":\"Portada\",\"item\":\"https:\\\/\\\/schoenstatt.com\\\/de\\\/home\\\/\"},{\"@type\":\"ListItem\",\"position\":2,\"name\":\"Das Jahr mit Einheit und Hoffnung beenden&#8230; am Strand\"}]},{\"@type\":\"WebSite\",\"@id\":\"https:\\\/\\\/schoenstatt.com\\\/de\\\/#website\",\"url\":\"https:\\\/\\\/schoenstatt.com\\\/de\\\/\",\"name\":\"Schoenstatt\",\"description\":\"Apostolic Movement\",\"publisher\":{\"@id\":\"https:\\\/\\\/schoenstatt.com\\\/de\\\/#organization\"},\"potentialAction\":[{\"@type\":\"SearchAction\",\"target\":{\"@type\":\"EntryPoint\",\"urlTemplate\":\"https:\\\/\\\/schoenstatt.com\\\/de\\\/?s={search_term_string}\"},\"query-input\":{\"@type\":\"PropertyValueSpecification\",\"valueRequired\":true,\"valueName\":\"search_term_string\"}}],\"inLanguage\":\"de\"},{\"@type\":\"Organization\",\"@id\":\"https:\\\/\\\/schoenstatt.com\\\/de\\\/#organization\",\"name\":\"Schoenstatt\",\"url\":\"https:\\\/\\\/schoenstatt.com\\\/de\\\/\",\"logo\":{\"@type\":\"ImageObject\",\"inLanguage\":\"de\",\"@id\":\"https:\\\/\\\/schoenstatt.com\\\/de\\\/#\\\/schema\\\/logo\\\/image\\\/\",\"url\":\"https:\\\/\\\/schoenstatt.com\\\/wp-content\\\/uploads\\\/2025\\\/04\\\/logo-schoenstatt-white-696x696-1.png\",\"contentUrl\":\"https:\\\/\\\/schoenstatt.com\\\/wp-content\\\/uploads\\\/2025\\\/04\\\/logo-schoenstatt-white-696x696-1.png\",\"width\":696,\"height\":694,\"caption\":\"Schoenstatt\"},\"image\":{\"@id\":\"https:\\\/\\\/schoenstatt.com\\\/de\\\/#\\\/schema\\\/logo\\\/image\\\/\"}},{\"@type\":\"Person\",\"@id\":\"https:\\\/\\\/schoenstatt.com\\\/de\\\/#\\\/schema\\\/person\\\/5158877ad4acae98b34daaeef2a1ce6e\",\"name\":\"Karen Bueno\",\"image\":{\"@type\":\"ImageObject\",\"inLanguage\":\"de\",\"@id\":\"https:\\\/\\\/secure.gravatar.com\\\/avatar\\\/f9f4b823873154269d2b2130f195f6d41037dd0d7fc5f3cacb5c846bae70d66b?s=96&d=mm&r=g\",\"url\":\"https:\\\/\\\/secure.gravatar.com\\\/avatar\\\/f9f4b823873154269d2b2130f195f6d41037dd0d7fc5f3cacb5c846bae70d66b?s=96&d=mm&r=g\",\"contentUrl\":\"https:\\\/\\\/secure.gravatar.com\\\/avatar\\\/f9f4b823873154269d2b2130f195f6d41037dd0d7fc5f3cacb5c846bae70d66b?s=96&d=mm&r=g\",\"caption\":\"Karen Bueno\"},\"url\":\"https:\\\/\\\/schoenstatt.com\\\/de\\\/author\\\/karen-bueno\\\/\"}]}<\/script>\n<!-- \/ Yoast SEO Premium plugin. -->","yoast_head_json":{"title":"Das Jahr mit Einheit und Hoffnung beenden... am Strand - Schoenstatt","description":"Fr\u00f6hliches Beisammensein: Die Sch\u00f6nstatt-Familiengruppen in Lagos, Nigeria, feiern das Jahresende mit einem Ausflug an den Strand.","robots":{"index":"index","follow":"follow","max-snippet":"max-snippet:-1","max-image-preview":"max-image-preview:large","max-video-preview":"max-video-preview:-1"},"canonical":"https:\/\/schoenstatt.com\/de\/das-jahr-mit-einheit-und-hoffnung-beenden-am-strand\/","og_locale":"de_DE","og_type":"article","og_title":"Das Jahr mit Einheit und Hoffnung beenden... am Strand","og_description":"Fr\u00f6hliches Beisammensein: Die Sch\u00f6nstatt-Familiengruppen in Lagos, Nigeria, feiern das Jahresende mit einem Ausflug an den Strand.","og_url":"https:\/\/schoenstatt.com\/de\/das-jahr-mit-einheit-und-hoffnung-beenden-am-strand\/","og_site_name":"Schoenstatt","article_published_time":"2025-01-07T02:03:00+00:00","article_modified_time":"2025-05-15T17:14:05+00:00","og_image":[{"width":2048,"height":1487,"url":"https:\/\/schoenstatt.com\/wp-content\/uploads\/2025\/01\/schoenstatt-family-nigeria-beach-playa-mar-2024-1.jpg","type":"image\/jpeg"}],"author":"Karen Bueno","twitter_card":"summary_large_image","twitter_misc":{"Verfasst von":"Karen Bueno","Gesch\u00e4tzte Lesezeit":"4\u00a0Minuten"},"schema":{"@context":"https:\/\/schema.org","@graph":[{"@type":"Article","@id":"https:\/\/schoenstatt.com\/de\/das-jahr-mit-einheit-und-hoffnung-beenden-am-strand\/#article","isPartOf":{"@id":"https:\/\/schoenstatt.com\/de\/das-jahr-mit-einheit-und-hoffnung-beenden-am-strand\/"},"author":{"name":"Karen Bueno","@id":"https:\/\/schoenstatt.com\/de\/#\/schema\/person\/5158877ad4acae98b34daaeef2a1ce6e"},"headline":"Das Jahr mit Einheit und Hoffnung beenden&#8230; am Strand","datePublished":"2025-01-07T02:03:00+00:00","dateModified":"2025-05-15T17:14:05+00:00","mainEntityOfPage":{"@id":"https:\/\/schoenstatt.com\/de\/das-jahr-mit-einheit-und-hoffnung-beenden-am-strand\/"},"wordCount":552,"publisher":{"@id":"https:\/\/schoenstatt.com\/de\/#organization"},"image":{"@id":"https:\/\/schoenstatt.com\/de\/das-jahr-mit-einheit-und-hoffnung-beenden-am-strand\/#primaryimage"},"thumbnailUrl":"https:\/\/schoenstatt.com\/wp-content\/uploads\/2025\/01\/schoenstatt-family-nigeria-beach-playa-mar-2024-1.jpg","articleSection":["Afrika","Familie"],"inLanguage":"de"},{"@type":"WebPage","@id":"https:\/\/schoenstatt.com\/de\/das-jahr-mit-einheit-und-hoffnung-beenden-am-strand\/","url":"https:\/\/schoenstatt.com\/de\/das-jahr-mit-einheit-und-hoffnung-beenden-am-strand\/","name":"Das Jahr mit Einheit und Hoffnung beenden... am Strand - Schoenstatt","isPartOf":{"@id":"https:\/\/schoenstatt.com\/de\/#website"},"primaryImageOfPage":{"@id":"https:\/\/schoenstatt.com\/de\/das-jahr-mit-einheit-und-hoffnung-beenden-am-strand\/#primaryimage"},"image":{"@id":"https:\/\/schoenstatt.com\/de\/das-jahr-mit-einheit-und-hoffnung-beenden-am-strand\/#primaryimage"},"thumbnailUrl":"https:\/\/schoenstatt.com\/wp-content\/uploads\/2025\/01\/schoenstatt-family-nigeria-beach-playa-mar-2024-1.jpg","datePublished":"2025-01-07T02:03:00+00:00","dateModified":"2025-05-15T17:14:05+00:00","description":"Fr\u00f6hliches Beisammensein: Die Sch\u00f6nstatt-Familiengruppen in Lagos, Nigeria, feiern das Jahresende mit einem Ausflug an den Strand.","breadcrumb":{"@id":"https:\/\/schoenstatt.com\/de\/das-jahr-mit-einheit-und-hoffnung-beenden-am-strand\/#breadcrumb"},"inLanguage":"de","potentialAction":[{"@type":"ReadAction","target":["https:\/\/schoenstatt.com\/de\/das-jahr-mit-einheit-und-hoffnung-beenden-am-strand\/"]}]},{"@type":"ImageObject","inLanguage":"de","@id":"https:\/\/schoenstatt.com\/de\/das-jahr-mit-einheit-und-hoffnung-beenden-am-strand\/#primaryimage","url":"https:\/\/schoenstatt.com\/wp-content\/uploads\/2025\/01\/schoenstatt-family-nigeria-beach-playa-mar-2024-1.jpg","contentUrl":"https:\/\/schoenstatt.com\/wp-content\/uploads\/2025\/01\/schoenstatt-family-nigeria-beach-playa-mar-2024-1.jpg","width":2048,"height":1487},{"@type":"BreadcrumbList","@id":"https:\/\/schoenstatt.com\/de\/das-jahr-mit-einheit-und-hoffnung-beenden-am-strand\/#breadcrumb","itemListElement":[{"@type":"ListItem","position":1,"name":"Portada","item":"https:\/\/schoenstatt.com\/de\/home\/"},{"@type":"ListItem","position":2,"name":"Das Jahr mit Einheit und Hoffnung beenden&#8230; am Strand"}]},{"@type":"WebSite","@id":"https:\/\/schoenstatt.com\/de\/#website","url":"https:\/\/schoenstatt.com\/de\/","name":"Schoenstatt","description":"Apostolic Movement","publisher":{"@id":"https:\/\/schoenstatt.com\/de\/#organization"},"potentialAction":[{"@type":"SearchAction","target":{"@type":"EntryPoint","urlTemplate":"https:\/\/schoenstatt.com\/de\/?s={search_term_string}"},"query-input":{"@type":"PropertyValueSpecification","valueRequired":true,"valueName":"search_term_string"}}],"inLanguage":"de"},{"@type":"Organization","@id":"https:\/\/schoenstatt.com\/de\/#organization","name":"Schoenstatt","url":"https:\/\/schoenstatt.com\/de\/","logo":{"@type":"ImageObject","inLanguage":"de","@id":"https:\/\/schoenstatt.com\/de\/#\/schema\/logo\/image\/","url":"https:\/\/schoenstatt.com\/wp-content\/uploads\/2025\/04\/logo-schoenstatt-white-696x696-1.png","contentUrl":"https:\/\/schoenstatt.com\/wp-content\/uploads\/2025\/04\/logo-schoenstatt-white-696x696-1.png","width":696,"height":694,"caption":"Schoenstatt"},"image":{"@id":"https:\/\/schoenstatt.com\/de\/#\/schema\/logo\/image\/"}},{"@type":"Person","@id":"https:\/\/schoenstatt.com\/de\/#\/schema\/person\/5158877ad4acae98b34daaeef2a1ce6e","name":"Karen Bueno","image":{"@type":"ImageObject","inLanguage":"de","@id":"https:\/\/secure.gravatar.com\/avatar\/f9f4b823873154269d2b2130f195f6d41037dd0d7fc5f3cacb5c846bae70d66b?s=96&d=mm&r=g","url":"https:\/\/secure.gravatar.com\/avatar\/f9f4b823873154269d2b2130f195f6d41037dd0d7fc5f3cacb5c846bae70d66b?s=96&d=mm&r=g","contentUrl":"https:\/\/secure.gravatar.com\/avatar\/f9f4b823873154269d2b2130f195f6d41037dd0d7fc5f3cacb5c846bae70d66b?s=96&d=mm&r=g","caption":"Karen Bueno"},"url":"https:\/\/schoenstatt.com\/de\/author\/karen-bueno\/"}]}},"_links":{"self":[{"href":"https:\/\/schoenstatt.com\/de\/wp-json\/wp\/v2\/posts\/42788","targetHints":{"allow":["GET"]}}],"collection":[{"href":"https:\/\/schoenstatt.com\/de\/wp-json\/wp\/v2\/posts"}],"about":[{"href":"https:\/\/schoenstatt.com\/de\/wp-json\/wp\/v2\/types\/post"}],"author":[{"embeddable":true,"href":"https:\/\/schoenstatt.com\/de\/wp-json\/wp\/v2\/users\/3"}],"replies":[{"embeddable":true,"href":"https:\/\/schoenstatt.com\/de\/wp-json\/wp\/v2\/comments?post=42788"}],"version-history":[{"count":1,"href":"https:\/\/schoenstatt.com\/de\/wp-json\/wp\/v2\/posts\/42788\/revisions"}],"predecessor-version":[{"id":47254,"href":"https:\/\/schoenstatt.com\/de\/wp-json\/wp\/v2\/posts\/42788\/revisions\/47254"}],"wp:featuredmedia":[{"embeddable":true,"href":"https:\/\/schoenstatt.com\/de\/wp-json\/wp\/v2\/media\/42781"}],"wp:attachment":[{"href":"https:\/\/schoenstatt.com\/de\/wp-json\/wp\/v2\/media?parent=42788"}],"wp:term":[{"taxonomy":"category","embeddable":true,"href":"https:\/\/schoenstatt.com\/de\/wp-json\/wp\/v2\/categories?post=42788"},{"taxonomy":"post_tag","embeddable":true,"href":"https:\/\/schoenstatt.com\/de\/wp-json\/wp\/v2\/tags?post=42788"}],"curies":[{"name":"wp","href":"https:\/\/api.w.org\/{rel}","templated":true}]}}