{"id":42747,"date":"2024-12-19T12:42:04","date_gmt":"2024-12-19T11:42:04","guid":{"rendered":"https:\/\/schoenstatt.com\/?p=42747"},"modified":"2025-04-18T21:57:21","modified_gmt":"2025-04-18T19:57:21","slug":"bellavista-nachhaltiger-wiederaufbau-im-stil-von-laudato-si","status":"publish","type":"post","link":"https:\/\/schoenstatt.com\/de\/bellavista-nachhaltiger-wiederaufbau-im-stil-von-laudato-si\/","title":{"rendered":"Bellavista: Nachhaltiger Wiederaufbau im Stil von Laudato si"},"content":{"rendered":"\n<p>Die Realit\u00e4t des Klimawandels wurde in Sch\u00f6nstatt deutlich. <a href=\"https:\/\/schoenstatt.com\/de\/naturkatastrophe-sturm-verursacht-schwere-schaden-am-heiligtum-in-bellavista\/\"><mark style=\"background-color:rgba(0, 0, 0, 0);color:#db6a03\" class=\"has-inline-color\">Nach heftigen St\u00fcrmen und untypischen Regenf\u00e4llen ist das Heiligtum in Bellavista, Chile, wieder wie am Anfang<\/mark><\/a>: ein Land, das erobert werden muss, und ein Heiligtum, das wieder aufgebaut werden muss.<\/p>\n\n\n\n<p>W\u00e4hrend die Gegenwart Gottes und Mariens in diesem, unserem gemeinsamen Haus, in den 75 Jahren seines Bestehens unver\u00e4ndert geblieben ist, hat sich der Planet ver\u00e4ndert, das Klima hat sich gewandelt: extreme D\u00fcrren, \u00dcberschwemmungen in den St\u00e4dten, Tornados und eine zunehmende globale Erw\u00e4rmung wirken sich bereits auf das Leben und die Menschen aus, die hier leben.<\/p>\n\n\n\n<p>Daran erinnert uns Papst Franziskus in seinem Apostolischen Schreiben <a href=\"https:\/\/www.vatican.va\/content\/francesco\/de\/apost_exhortations\/documents\/20231004-laudate-deum.html\" target=\"_blank\" rel=\"noreferrer noopener\"><mark style=\"background-color:rgba(0, 0, 0, 0);color:#db6a03\" class=\"has-inline-color\">Laudate deum<\/mark><\/a> aus dem Jahr 2023: <em>\u201eWie sehr man auch versuchen mag, sie zu leugnen, zu verstecken, zu verhehlen oder zu relativieren, die Anzeichen des Klimawandels sind da und treten immer deutlicher hervor\u201c <\/em>(LD5). Die Zeichen des Wetters werden sichtbar, und diesmal sind wir an der Reihe, sie zu erfahren.<\/p>\n\n\n\n<p>Aber wir wissen, dass nichts zuf\u00e4llig geschieht. Es ist symbolisch, dass das Heiligtum mit der Sendung des 31. Mai ein Zeichen f\u00fcr die Folgen unserer Zeit ist, einer Zeit wirtschaftlicher, sozialer und \u00f6kologischer Herausforderungen. Denn die Herausforderungen sind nicht nur \u00f6kologischer Natur, sondern, wie der Papst selbst in seiner Enzyklika <a href=\"https:\/\/www.vatican.va\/content\/francesco\/de\/encyclicals\/documents\/papa-francesco_20150524_enciclica-laudato-si.html\" target=\"_blank\" rel=\"noreferrer noopener\"><mark style=\"background-color:rgba(0, 0, 0, 0);color:#db6a03\" class=\"has-inline-color\">Laudato si<\/mark><\/a> sagt:<em> \u201eEs gibt nicht zwei Krisen nebeneinander, eine der Umwelt und eine der Gesellschaft, sondern eine einzige und komplexe sozio-\u00f6kologische Krise. Die Wege zur L\u00f6sung erfordern einen ganzheitlichen Zugang, um die Armut zu bek\u00e4mpfen, den Ausgeschlossenen ihre W\u00fcrde zur\u00fcckzugeben und sich zugleich um die Natur zu k\u00fcmmern\u201c<\/em> (139).<\/p>\n\n\n\n<p>Und in diesem \u201eH\u00f6ren\u201c auf die Stimme Gottes entstand die Idee, ein Laudato si oder einen nachhaltigen Ansatz in diesen Wiederaufbau einzubringen.<\/p>\n\n\n\n<h3 class=\"wp-block-heading\" id=\"h-uber-die-umwelt-hinaus-nachhaltiger-wiederaufbau\"><strong>\u00dcber die Umwelt hinaus &#8211; nachhaltiger Wiederaufbau<\/strong><\/h3>\n\n\n\n<p>Unser Gr\u00fcnder hat uns immer wieder daran erinnert, dass unsere Zeit vor allem neue Frauen und M\u00e4nner braucht, authentische Christen, die auf die N\u00f6te der Zeit antworten, und so haben wir vorgeschlagen, dass diese Restaurierung auch ein Symbol der Inspiration und der Antwort auf die wirtschaftlichen, sozialen und \u00f6kologischen Herausforderungen unserer Zeit sein sollte, so wie es Pater Kentenich wollte und wie es die Kirche heute von uns fordert.<\/p>\n\n\n\n<p>So gibt <a href=\"https:\/\/bellavistatuhogar.cl\/\" target=\"_blank\" rel=\"noreferrer noopener\"><mark style=\"background-color:rgba(0, 0, 0, 0);color:#db6a03\" class=\"has-inline-color\">Bellavista Tu Hogar<\/mark><\/a>, zusammen mit dem <a href=\"https:\/\/schoenstatt.com\/de\/in-gemeinschaft\/frauen\/marienschwestern\/\"><mark style=\"background-color:rgba(0, 0, 0, 0);color:#db6a03\" class=\"has-inline-color\">Institut der Marienschwestern<\/mark><\/a> und einer interdisziplin\u00e4ren Gruppe von Sch\u00f6nst\u00e4ttern, dem Umbauprojekt Bellavista ein nachhaltiges Gepr\u00e4ge. <em>\u201eDieses Projekt wird eine gro\u00dfe Aufgabe sein, und Nachhaltigkeit ist Teil unseres Denkens. Im ersten Schritt, der Umgestaltung des Heiligtums, ist es uns wichtig, das Projekt im Dienst der Menschen zu gestalten und zu entwickeln, die umgebende Naturoase zu pflegen und zu st\u00e4rken, damit sie zur Begegnung mit der Gnade beitr\u00e4gt, und nach Finanzierungsm\u00f6glichkeiten zu suchen, um unser Heiligtum und seine Sendung dauerhaft zu erhalten\u201c<\/em>, so Schwester Josefa Maria Fuentes, Koordinatorin von Bellavista Tu Hogar.<\/p>\n\n\n\n<figure class=\"wp-block-image size-large\"><img decoding=\"async\" src=\"https:\/\/schoenstatt.com\/wp-content\/uploads\/2024\/12\/Bellavista-chile-2-875x1024.jpg\" alt=\"\" class=\"wp-image-42739\"\/><\/figure>\n\n\n\n<h3 class=\"wp-block-heading\" id=\"h-ziele-und-14-nachhaltige-massnahmen\"><strong>Ziele und 14 nachhaltige Ma\u00dfnahmen<\/strong><\/h3>\n\n\n\n<p>Um voranzukommen, wurden drei gro\u00dfe wirtschaftliche, soziale und \u00f6kologische Ziele vereinbart, die nach einem intensiven Reflexionsprozess in 14 Ma\u00dfnahmen umgesetzt wurden, die die W\u00fcnsche widerspiegeln, die wir zu erreichen hoffen.<\/p>\n\n\n\n<p><strong>Nachhaltige Ziele<\/strong><\/p>\n\n\n\n<p><strong>A. Umwelt: <\/strong>Ein Heiligtum, das sich f\u00fcr die Sch\u00f6pfung und den Schutz der Umwelt einsetzt.<\/p>\n\n\n\n<p><strong>B. Soziales:<\/strong> Ein Heiligtum als Zeichen der Integration, der guten Nachbarschaft und offen f\u00fcr alle, ohne Unterschied.<\/p>\n\n\n\n<p><strong>C. Wirtschaftlich:<\/strong> Ein Prozess, der Transparenz und gerechte Verteilung f\u00fcr alle Beteiligten widerspiegelt.<\/p>\n\n\n\n<p><strong>14 nachhaltige Ma\u00dfnahmen<\/strong><\/p>\n\n\n\n<p><em>Umweltma\u00dfnahmen<\/em><\/p>\n\n\n\n<p><strong>1. Nachhaltige Landschaftsgestaltung:<\/strong> Wir werden die Landschaftsgestaltung mit einheimischen Pflanzen aus Zentralchile und Arten, die resistent gegen den Klimawandel sind und wenig Wasser verbrauchen, verst\u00e4rken.<\/p>\n\n\n\n<p><strong>2. CO2-Neutralit\u00e4t:<\/strong> Wir werden versuchen, den CO2-Fu\u00dfabdruck des Projekts zu messen und ihn zu neutralisieren.<\/p>\n\n\n\n<p><strong>3. Erneuerbare Energie: <\/strong>Wir werden die Erzeugung von erneuerbarer Energie durch Photovoltaik untersuchen, um den Energiebedarf des Heiligtums zu decken.<\/p>\n\n\n\n<p><strong>4. Geringer Wasserverbrauch: <\/strong>Wir werden das Bew\u00e4sserungssystem \u00fcberdenken, um es effizienter zu machen und weniger Wasser zu verschwenden.<\/p>\n\n\n\n<p><strong>5. Umweltfreundliche Beleuchtung:<\/strong> Wir werden ein neues Beleuchtungssystem erforschen, das weder die Menschen noch die Biodiversit\u00e4t beeintr\u00e4chtigt.<\/p>\n\n\n\n<p><strong>6. Nachhaltiges Bauen:<\/strong> In Zusammenarbeit mit den beauftragten Unternehmen werden wir versuchen, nachhaltig zertifizierte Materialien mit geringer Umweltbelastung zu verwenden und die lokale Auftragsvergabe zu f\u00f6rdern.<\/p>\n\n\n\n<p><strong>7. Laudato si Kultur:<\/strong> Wir werden versuchen, Arbeiten durchzuf\u00fchren, die Lebensstile im Sinne der Enzyklika von Papst Franziskus f\u00f6rdern, wie z.B. saubere Punkte, Fahrradst\u00e4nder oder \u00c4hnliches.<\/p>\n\n\n\n<p><em>Soziale Ma\u00dfnahmen<\/em><\/p>\n\n\n\n<p><strong>8. Universelle Zug\u00e4nglichkeit: <\/strong>Wir werden versuchen, die h\u00f6chsten Standards der universellen Zug\u00e4nglichkeit in das Projekt zu integrieren, um sicherzustellen, dass jede Entscheidung jeden einl\u00e4dt, den Raum ohne Barrieren zu genie\u00dfen.<\/p>\n\n\n\n<p><strong>9. Gute Nachbarschaft: <\/strong>Wir werden nach M\u00f6glichkeiten suchen, die Nachbarn des Heiligtums und die umliegende Gemeinde in diesen Kreuzzug einzubeziehen, indem wir einen offenen Dialog \u00fcber Sicherheit und Beteiligung f\u00f6rdern und gleichzeitig die St\u00f6rungen w\u00e4hrend der Bauarbeiten auf ein Minimum beschr\u00e4nken.<\/p>\n\n\n\n<p><strong>10. P\u00e4dagogisch-sensorischer Raum:<\/strong> Wir werden versuchen, einige Elemente zu integrieren, die in \u00dcbereinstimmung mit dem Masterplan die spirituelle Erfahrung mit der F\u00f6rderung der Pflege des gemeinsamen Hauses erg\u00e4nzen, mit dem Ziel, dass Natur und Spiritualit\u00e4t durch die Sinne wahrgenommen werden.<\/p>\n\n\n\n<p><strong>11. Synodalit\u00e4t und Partizipation: <\/strong>Wir ermutigen die Mitglieder der Coenaculum-Familie, sich zu beteiligen und zusammenzuarbeiten, um ein Netzwerk der Unterst\u00fctzung und Solidarit\u00e4t aufzubauen.<\/p>\n\n\n\n<p><strong>12. Nachhaltige Kommunikation:<\/strong> Wir streben eine nachhaltige und integrative Beschilderung an, die klar definiert, wie nachhaltige Beitr\u00e4ge an die Pilger kommuniziert werden, unter Verwendung anerkannter Rahmen und Standards, die die Bedeutung jedes Beitrags hervorheben.<\/p>\n\n\n\n<p><em>Wirtschaftliche Ma\u00dfnahmen<\/em><\/p>\n\n\n\n<p><strong>13. Wirtschaftliche Transparenz: <\/strong>Wir werden die Transparenz bei der Beschaffung und Verwendung von Ressourcen f\u00f6rdern und dabei der Steigerung des wirtschaftlichen Wertes, der unter den Stakeholdern wie Besch\u00e4ftigten, Lieferanten und Auftragnehmern aufgeteilt wird, Vorrang einr\u00e4umen, um das Vertrauen und die Beziehungen zwischen allen zu st\u00e4rken.<\/p>\n\n\n\n<p><strong>14. Nachhaltige Investitionen: <\/strong>Wir werden uns bem\u00fchen, Beitr\u00e4ge von Unternehmen anzuziehen, die mit den nachhaltigen Attributen des Wiederaufbaus des Heiligtums \u00fcbereinstimmen und einen Ansatz f\u00f6rdern, der nicht nur dem Projekt zugute kommt, sondern auch positive Auswirkungen auf die Gemeinschaft und die Umwelt hat.<\/p>\n\n\n\n<p><strong>Quelle:<\/strong> <a href=\"http:\/\/www.schoenstatt.cl\/prontus_schoenstatt\/site\/artic\/20241211\/asocfile\/20241211220412\/vinculo_n___387___diciembre_2024.pdf\" target=\"_blank\" rel=\"noreferrer noopener\"><mark style=\"background-color:rgba(0, 0, 0, 0);color:#db6a03\" class=\"has-inline-color\">Zeitschrift V\u00ednculo<\/mark><\/a>, Nr. 387, Dezember 2024<\/p>\n\n\n\n<p><strong>\u00dcbersetzung:<\/strong> Sr. M. Lourdes Mac\u00edas<br><strong>Lektorat: <\/strong>Hildegard Kaiser<\/p>\n\n\n\n<ol start=\"8\" class=\"wp-block-list\"><\/ol>\n\n\n\n<ol class=\"wp-block-list\"><\/ol>\n","protected":false},"excerpt":{"rendered":"<p>Beim Wiederaufbau des Heiligtums von Bellavista in Chile wurden konkrete Ma\u00dfnahmen zur Schonung der Umwelt ergriffen.<\/p>\n","protected":false},"author":3,"featured_media":42734,"comment_status":"closed","ping_status":"closed","sticky":false,"template":"","format":"standard","meta":{"footnotes":""},"categories":[195],"tags":[],"class_list":["post-42747","post","type-post","status-publish","format-standard","has-post-thumbnail","hentry","category-amerika-de"],"yoast_head":"<!-- This site is optimized with the Yoast SEO Premium plugin v27.4 (Yoast SEO v27.4) - https:\/\/yoast.com\/product\/yoast-seo-premium-wordpress\/ -->\n<title>Bellavista: Nachhaltiger Wiederaufbau im Stil von Laudato si - Schoenstatt<\/title>\n<meta name=\"description\" content=\"Beim Wiederaufbau des Heiligtums von Bellavista in Chile wurden konkrete Ma\u00dfnahmen zur Schonung der Umwelt ergriffen.\" \/>\n<meta name=\"robots\" content=\"index, follow, max-snippet:-1, max-image-preview:large, max-video-preview:-1\" \/>\n<link rel=\"canonical\" href=\"https:\/\/schoenstatt.com\/de\/bellavista-nachhaltiger-wiederaufbau-im-stil-von-laudato-si\/\" \/>\n<meta property=\"og:locale\" content=\"de_DE\" \/>\n<meta property=\"og:type\" content=\"article\" \/>\n<meta property=\"og:title\" content=\"Bellavista: Nachhaltiger Wiederaufbau im Stil von Laudato si\" \/>\n<meta property=\"og:description\" content=\"Beim Wiederaufbau des Heiligtums von Bellavista in Chile wurden konkrete Ma\u00dfnahmen zur Schonung der Umwelt ergriffen.\" \/>\n<meta property=\"og:url\" content=\"https:\/\/schoenstatt.com\/de\/bellavista-nachhaltiger-wiederaufbau-im-stil-von-laudato-si\/\" \/>\n<meta property=\"og:site_name\" content=\"Schoenstatt\" \/>\n<meta property=\"article:published_time\" content=\"2024-12-19T11:42:04+00:00\" \/>\n<meta property=\"article:modified_time\" content=\"2025-04-18T19:57:21+00:00\" \/>\n<meta property=\"og:image\" content=\"https:\/\/schoenstatt.com\/wp-content\/uploads\/2024\/12\/Bellavista-chile-1.jpg\" \/>\n\t<meta property=\"og:image:width\" content=\"2048\" \/>\n\t<meta property=\"og:image:height\" content=\"1151\" \/>\n\t<meta property=\"og:image:type\" content=\"image\/jpeg\" \/>\n<meta name=\"author\" content=\"Karen Bueno\" \/>\n<meta name=\"twitter:card\" content=\"summary_large_image\" \/>\n<meta name=\"twitter:label1\" content=\"Verfasst von\" \/>\n\t<meta name=\"twitter:data1\" content=\"Karen Bueno\" \/>\n\t<meta name=\"twitter:label2\" content=\"Gesch\u00e4tzte Lesezeit\" \/>\n\t<meta name=\"twitter:data2\" content=\"5\u00a0Minuten\" \/>\n<script type=\"application\/ld+json\" class=\"yoast-schema-graph\">{\"@context\":\"https:\\\/\\\/schema.org\",\"@graph\":[{\"@type\":\"Article\",\"@id\":\"https:\\\/\\\/schoenstatt.com\\\/de\\\/bellavista-nachhaltiger-wiederaufbau-im-stil-von-laudato-si\\\/#article\",\"isPartOf\":{\"@id\":\"https:\\\/\\\/schoenstatt.com\\\/de\\\/bellavista-nachhaltiger-wiederaufbau-im-stil-von-laudato-si\\\/\"},\"author\":{\"name\":\"Karen Bueno\",\"@id\":\"https:\\\/\\\/schoenstatt.com\\\/de\\\/#\\\/schema\\\/person\\\/5158877ad4acae98b34daaeef2a1ce6e\"},\"headline\":\"Bellavista: Nachhaltiger Wiederaufbau im Stil von Laudato si\",\"datePublished\":\"2024-12-19T11:42:04+00:00\",\"dateModified\":\"2025-04-18T19:57:21+00:00\",\"mainEntityOfPage\":{\"@id\":\"https:\\\/\\\/schoenstatt.com\\\/de\\\/bellavista-nachhaltiger-wiederaufbau-im-stil-von-laudato-si\\\/\"},\"wordCount\":1023,\"publisher\":{\"@id\":\"https:\\\/\\\/schoenstatt.com\\\/de\\\/#organization\"},\"image\":{\"@id\":\"https:\\\/\\\/schoenstatt.com\\\/de\\\/bellavista-nachhaltiger-wiederaufbau-im-stil-von-laudato-si\\\/#primaryimage\"},\"thumbnailUrl\":\"https:\\\/\\\/schoenstatt.com\\\/wp-content\\\/uploads\\\/2024\\\/12\\\/Bellavista-chile-1.jpg\",\"articleSection\":[\"Amerika\"],\"inLanguage\":\"de\"},{\"@type\":\"WebPage\",\"@id\":\"https:\\\/\\\/schoenstatt.com\\\/de\\\/bellavista-nachhaltiger-wiederaufbau-im-stil-von-laudato-si\\\/\",\"url\":\"https:\\\/\\\/schoenstatt.com\\\/de\\\/bellavista-nachhaltiger-wiederaufbau-im-stil-von-laudato-si\\\/\",\"name\":\"Bellavista: Nachhaltiger Wiederaufbau im Stil von Laudato si - Schoenstatt\",\"isPartOf\":{\"@id\":\"https:\\\/\\\/schoenstatt.com\\\/de\\\/#website\"},\"primaryImageOfPage\":{\"@id\":\"https:\\\/\\\/schoenstatt.com\\\/de\\\/bellavista-nachhaltiger-wiederaufbau-im-stil-von-laudato-si\\\/#primaryimage\"},\"image\":{\"@id\":\"https:\\\/\\\/schoenstatt.com\\\/de\\\/bellavista-nachhaltiger-wiederaufbau-im-stil-von-laudato-si\\\/#primaryimage\"},\"thumbnailUrl\":\"https:\\\/\\\/schoenstatt.com\\\/wp-content\\\/uploads\\\/2024\\\/12\\\/Bellavista-chile-1.jpg\",\"datePublished\":\"2024-12-19T11:42:04+00:00\",\"dateModified\":\"2025-04-18T19:57:21+00:00\",\"description\":\"Beim Wiederaufbau des Heiligtums von Bellavista in Chile wurden konkrete Ma\u00dfnahmen zur Schonung der Umwelt ergriffen.\",\"breadcrumb\":{\"@id\":\"https:\\\/\\\/schoenstatt.com\\\/de\\\/bellavista-nachhaltiger-wiederaufbau-im-stil-von-laudato-si\\\/#breadcrumb\"},\"inLanguage\":\"de\",\"potentialAction\":[{\"@type\":\"ReadAction\",\"target\":[\"https:\\\/\\\/schoenstatt.com\\\/de\\\/bellavista-nachhaltiger-wiederaufbau-im-stil-von-laudato-si\\\/\"]}]},{\"@type\":\"ImageObject\",\"inLanguage\":\"de\",\"@id\":\"https:\\\/\\\/schoenstatt.com\\\/de\\\/bellavista-nachhaltiger-wiederaufbau-im-stil-von-laudato-si\\\/#primaryimage\",\"url\":\"https:\\\/\\\/schoenstatt.com\\\/wp-content\\\/uploads\\\/2024\\\/12\\\/Bellavista-chile-1.jpg\",\"contentUrl\":\"https:\\\/\\\/schoenstatt.com\\\/wp-content\\\/uploads\\\/2024\\\/12\\\/Bellavista-chile-1.jpg\",\"width\":2048,\"height\":1151},{\"@type\":\"BreadcrumbList\",\"@id\":\"https:\\\/\\\/schoenstatt.com\\\/de\\\/bellavista-nachhaltiger-wiederaufbau-im-stil-von-laudato-si\\\/#breadcrumb\",\"itemListElement\":[{\"@type\":\"ListItem\",\"position\":1,\"name\":\"Portada\",\"item\":\"https:\\\/\\\/schoenstatt.com\\\/de\\\/home\\\/\"},{\"@type\":\"ListItem\",\"position\":2,\"name\":\"Bellavista: Nachhaltiger Wiederaufbau im Stil von Laudato si\"}]},{\"@type\":\"WebSite\",\"@id\":\"https:\\\/\\\/schoenstatt.com\\\/de\\\/#website\",\"url\":\"https:\\\/\\\/schoenstatt.com\\\/de\\\/\",\"name\":\"Schoenstatt\",\"description\":\"Apostolic Movement\",\"publisher\":{\"@id\":\"https:\\\/\\\/schoenstatt.com\\\/de\\\/#organization\"},\"potentialAction\":[{\"@type\":\"SearchAction\",\"target\":{\"@type\":\"EntryPoint\",\"urlTemplate\":\"https:\\\/\\\/schoenstatt.com\\\/de\\\/?s={search_term_string}\"},\"query-input\":{\"@type\":\"PropertyValueSpecification\",\"valueRequired\":true,\"valueName\":\"search_term_string\"}}],\"inLanguage\":\"de\"},{\"@type\":\"Organization\",\"@id\":\"https:\\\/\\\/schoenstatt.com\\\/de\\\/#organization\",\"name\":\"Schoenstatt\",\"url\":\"https:\\\/\\\/schoenstatt.com\\\/de\\\/\",\"logo\":{\"@type\":\"ImageObject\",\"inLanguage\":\"de\",\"@id\":\"https:\\\/\\\/schoenstatt.com\\\/de\\\/#\\\/schema\\\/logo\\\/image\\\/\",\"url\":\"https:\\\/\\\/schoenstatt.com\\\/wp-content\\\/uploads\\\/2025\\\/04\\\/logo-schoenstatt-white-696x696-1.png\",\"contentUrl\":\"https:\\\/\\\/schoenstatt.com\\\/wp-content\\\/uploads\\\/2025\\\/04\\\/logo-schoenstatt-white-696x696-1.png\",\"width\":696,\"height\":694,\"caption\":\"Schoenstatt\"},\"image\":{\"@id\":\"https:\\\/\\\/schoenstatt.com\\\/de\\\/#\\\/schema\\\/logo\\\/image\\\/\"}},{\"@type\":\"Person\",\"@id\":\"https:\\\/\\\/schoenstatt.com\\\/de\\\/#\\\/schema\\\/person\\\/5158877ad4acae98b34daaeef2a1ce6e\",\"name\":\"Karen Bueno\",\"image\":{\"@type\":\"ImageObject\",\"inLanguage\":\"de\",\"@id\":\"https:\\\/\\\/secure.gravatar.com\\\/avatar\\\/f9f4b823873154269d2b2130f195f6d41037dd0d7fc5f3cacb5c846bae70d66b?s=96&d=mm&r=g\",\"url\":\"https:\\\/\\\/secure.gravatar.com\\\/avatar\\\/f9f4b823873154269d2b2130f195f6d41037dd0d7fc5f3cacb5c846bae70d66b?s=96&d=mm&r=g\",\"contentUrl\":\"https:\\\/\\\/secure.gravatar.com\\\/avatar\\\/f9f4b823873154269d2b2130f195f6d41037dd0d7fc5f3cacb5c846bae70d66b?s=96&d=mm&r=g\",\"caption\":\"Karen Bueno\"},\"url\":\"https:\\\/\\\/schoenstatt.com\\\/de\\\/author\\\/karen-bueno\\\/\"}]}<\/script>\n<!-- \/ Yoast SEO Premium plugin. -->","yoast_head_json":{"title":"Bellavista: Nachhaltiger Wiederaufbau im Stil von Laudato si - Schoenstatt","description":"Beim Wiederaufbau des Heiligtums von Bellavista in Chile wurden konkrete Ma\u00dfnahmen zur Schonung der Umwelt ergriffen.","robots":{"index":"index","follow":"follow","max-snippet":"max-snippet:-1","max-image-preview":"max-image-preview:large","max-video-preview":"max-video-preview:-1"},"canonical":"https:\/\/schoenstatt.com\/de\/bellavista-nachhaltiger-wiederaufbau-im-stil-von-laudato-si\/","og_locale":"de_DE","og_type":"article","og_title":"Bellavista: Nachhaltiger Wiederaufbau im Stil von Laudato si","og_description":"Beim Wiederaufbau des Heiligtums von Bellavista in Chile wurden konkrete Ma\u00dfnahmen zur Schonung der Umwelt ergriffen.","og_url":"https:\/\/schoenstatt.com\/de\/bellavista-nachhaltiger-wiederaufbau-im-stil-von-laudato-si\/","og_site_name":"Schoenstatt","article_published_time":"2024-12-19T11:42:04+00:00","article_modified_time":"2025-04-18T19:57:21+00:00","og_image":[{"width":2048,"height":1151,"url":"https:\/\/schoenstatt.com\/wp-content\/uploads\/2024\/12\/Bellavista-chile-1.jpg","type":"image\/jpeg"}],"author":"Karen Bueno","twitter_card":"summary_large_image","twitter_misc":{"Verfasst von":"Karen Bueno","Gesch\u00e4tzte Lesezeit":"5\u00a0Minuten"},"schema":{"@context":"https:\/\/schema.org","@graph":[{"@type":"Article","@id":"https:\/\/schoenstatt.com\/de\/bellavista-nachhaltiger-wiederaufbau-im-stil-von-laudato-si\/#article","isPartOf":{"@id":"https:\/\/schoenstatt.com\/de\/bellavista-nachhaltiger-wiederaufbau-im-stil-von-laudato-si\/"},"author":{"name":"Karen Bueno","@id":"https:\/\/schoenstatt.com\/de\/#\/schema\/person\/5158877ad4acae98b34daaeef2a1ce6e"},"headline":"Bellavista: Nachhaltiger Wiederaufbau im Stil von Laudato si","datePublished":"2024-12-19T11:42:04+00:00","dateModified":"2025-04-18T19:57:21+00:00","mainEntityOfPage":{"@id":"https:\/\/schoenstatt.com\/de\/bellavista-nachhaltiger-wiederaufbau-im-stil-von-laudato-si\/"},"wordCount":1023,"publisher":{"@id":"https:\/\/schoenstatt.com\/de\/#organization"},"image":{"@id":"https:\/\/schoenstatt.com\/de\/bellavista-nachhaltiger-wiederaufbau-im-stil-von-laudato-si\/#primaryimage"},"thumbnailUrl":"https:\/\/schoenstatt.com\/wp-content\/uploads\/2024\/12\/Bellavista-chile-1.jpg","articleSection":["Amerika"],"inLanguage":"de"},{"@type":"WebPage","@id":"https:\/\/schoenstatt.com\/de\/bellavista-nachhaltiger-wiederaufbau-im-stil-von-laudato-si\/","url":"https:\/\/schoenstatt.com\/de\/bellavista-nachhaltiger-wiederaufbau-im-stil-von-laudato-si\/","name":"Bellavista: Nachhaltiger Wiederaufbau im Stil von Laudato si - Schoenstatt","isPartOf":{"@id":"https:\/\/schoenstatt.com\/de\/#website"},"primaryImageOfPage":{"@id":"https:\/\/schoenstatt.com\/de\/bellavista-nachhaltiger-wiederaufbau-im-stil-von-laudato-si\/#primaryimage"},"image":{"@id":"https:\/\/schoenstatt.com\/de\/bellavista-nachhaltiger-wiederaufbau-im-stil-von-laudato-si\/#primaryimage"},"thumbnailUrl":"https:\/\/schoenstatt.com\/wp-content\/uploads\/2024\/12\/Bellavista-chile-1.jpg","datePublished":"2024-12-19T11:42:04+00:00","dateModified":"2025-04-18T19:57:21+00:00","description":"Beim Wiederaufbau des Heiligtums von Bellavista in Chile wurden konkrete Ma\u00dfnahmen zur Schonung der Umwelt ergriffen.","breadcrumb":{"@id":"https:\/\/schoenstatt.com\/de\/bellavista-nachhaltiger-wiederaufbau-im-stil-von-laudato-si\/#breadcrumb"},"inLanguage":"de","potentialAction":[{"@type":"ReadAction","target":["https:\/\/schoenstatt.com\/de\/bellavista-nachhaltiger-wiederaufbau-im-stil-von-laudato-si\/"]}]},{"@type":"ImageObject","inLanguage":"de","@id":"https:\/\/schoenstatt.com\/de\/bellavista-nachhaltiger-wiederaufbau-im-stil-von-laudato-si\/#primaryimage","url":"https:\/\/schoenstatt.com\/wp-content\/uploads\/2024\/12\/Bellavista-chile-1.jpg","contentUrl":"https:\/\/schoenstatt.com\/wp-content\/uploads\/2024\/12\/Bellavista-chile-1.jpg","width":2048,"height":1151},{"@type":"BreadcrumbList","@id":"https:\/\/schoenstatt.com\/de\/bellavista-nachhaltiger-wiederaufbau-im-stil-von-laudato-si\/#breadcrumb","itemListElement":[{"@type":"ListItem","position":1,"name":"Portada","item":"https:\/\/schoenstatt.com\/de\/home\/"},{"@type":"ListItem","position":2,"name":"Bellavista: Nachhaltiger Wiederaufbau im Stil von Laudato si"}]},{"@type":"WebSite","@id":"https:\/\/schoenstatt.com\/de\/#website","url":"https:\/\/schoenstatt.com\/de\/","name":"Schoenstatt","description":"Apostolic Movement","publisher":{"@id":"https:\/\/schoenstatt.com\/de\/#organization"},"potentialAction":[{"@type":"SearchAction","target":{"@type":"EntryPoint","urlTemplate":"https:\/\/schoenstatt.com\/de\/?s={search_term_string}"},"query-input":{"@type":"PropertyValueSpecification","valueRequired":true,"valueName":"search_term_string"}}],"inLanguage":"de"},{"@type":"Organization","@id":"https:\/\/schoenstatt.com\/de\/#organization","name":"Schoenstatt","url":"https:\/\/schoenstatt.com\/de\/","logo":{"@type":"ImageObject","inLanguage":"de","@id":"https:\/\/schoenstatt.com\/de\/#\/schema\/logo\/image\/","url":"https:\/\/schoenstatt.com\/wp-content\/uploads\/2025\/04\/logo-schoenstatt-white-696x696-1.png","contentUrl":"https:\/\/schoenstatt.com\/wp-content\/uploads\/2025\/04\/logo-schoenstatt-white-696x696-1.png","width":696,"height":694,"caption":"Schoenstatt"},"image":{"@id":"https:\/\/schoenstatt.com\/de\/#\/schema\/logo\/image\/"}},{"@type":"Person","@id":"https:\/\/schoenstatt.com\/de\/#\/schema\/person\/5158877ad4acae98b34daaeef2a1ce6e","name":"Karen Bueno","image":{"@type":"ImageObject","inLanguage":"de","@id":"https:\/\/secure.gravatar.com\/avatar\/f9f4b823873154269d2b2130f195f6d41037dd0d7fc5f3cacb5c846bae70d66b?s=96&d=mm&r=g","url":"https:\/\/secure.gravatar.com\/avatar\/f9f4b823873154269d2b2130f195f6d41037dd0d7fc5f3cacb5c846bae70d66b?s=96&d=mm&r=g","contentUrl":"https:\/\/secure.gravatar.com\/avatar\/f9f4b823873154269d2b2130f195f6d41037dd0d7fc5f3cacb5c846bae70d66b?s=96&d=mm&r=g","caption":"Karen Bueno"},"url":"https:\/\/schoenstatt.com\/de\/author\/karen-bueno\/"}]}},"_links":{"self":[{"href":"https:\/\/schoenstatt.com\/de\/wp-json\/wp\/v2\/posts\/42747","targetHints":{"allow":["GET"]}}],"collection":[{"href":"https:\/\/schoenstatt.com\/de\/wp-json\/wp\/v2\/posts"}],"about":[{"href":"https:\/\/schoenstatt.com\/de\/wp-json\/wp\/v2\/types\/post"}],"author":[{"embeddable":true,"href":"https:\/\/schoenstatt.com\/de\/wp-json\/wp\/v2\/users\/3"}],"replies":[{"embeddable":true,"href":"https:\/\/schoenstatt.com\/de\/wp-json\/wp\/v2\/comments?post=42747"}],"version-history":[{"count":1,"href":"https:\/\/schoenstatt.com\/de\/wp-json\/wp\/v2\/posts\/42747\/revisions"}],"predecessor-version":[{"id":47245,"href":"https:\/\/schoenstatt.com\/de\/wp-json\/wp\/v2\/posts\/42747\/revisions\/47245"}],"wp:featuredmedia":[{"embeddable":true,"href":"https:\/\/schoenstatt.com\/de\/wp-json\/wp\/v2\/media\/42734"}],"wp:attachment":[{"href":"https:\/\/schoenstatt.com\/de\/wp-json\/wp\/v2\/media?parent=42747"}],"wp:term":[{"taxonomy":"category","embeddable":true,"href":"https:\/\/schoenstatt.com\/de\/wp-json\/wp\/v2\/categories?post=42747"},{"taxonomy":"post_tag","embeddable":true,"href":"https:\/\/schoenstatt.com\/de\/wp-json\/wp\/v2\/tags?post=42747"}],"curies":[{"name":"wp","href":"https:\/\/api.w.org\/{rel}","templated":true}]}}