{"id":42636,"date":"2024-12-10T03:03:00","date_gmt":"2024-12-10T02:03:00","guid":{"rendered":"https:\/\/schoenstatt.com\/?p=42636"},"modified":"2025-05-15T22:37:35","modified_gmt":"2025-05-15T20:37:35","slug":"die-kroenung-mariens-unsere-hingabe-an-das-kindliche-vertrauen","status":"publish","type":"post","link":"https:\/\/schoenstatt.com\/de\/die-kroenung-mariens-unsere-hingabe-an-das-kindliche-vertrauen\/","title":{"rendered":"Die Kr\u00f6nung Mariens &#8211; Unsere Hingabe an das kindliche Vertrauen"},"content":{"rendered":"\n<p>Auf dem Weg zu Weihnachten erinnert der 10. Dezember an einen besonderen Moment f\u00fcr die internationale Sch\u00f6nstattfamilie. Es ist der Tag der Kr\u00f6nung der Dreimal Wunderbaren Mutter zur Mutter und K\u00f6nigin.<\/p>\n\n\n\n<h3 class=\"wp-block-heading\" id=\"h-zur-erinnerung\"><strong>Zur Erinnerung: &#8230;.<\/strong><\/h3>\n\n\n\n<p>Die erste Krone, die der Gottesmutter im Urheiligtum geschenkt wurde, war sehr einfach und aus Holz. Im Jahr 1939 beschloss die Sch\u00f6nstattfamilie, Maria eine neue Krone zu schenken. Diese Kr\u00f6nungsbewegung entstand in der Gemeinschaft der Sch\u00f6nst\u00e4tter Marienschwestern und gewann an Schwung.<\/p>\n\n\n\n<p>Am 10. Dezember erhielt die MTA die uns allen bekannte goldene Krone und den Titel Dreimal Wunderbare K\u00f6nigin von Sch\u00f6nstatt. Mit dieser Geste begann eine Kette von Kr\u00f6nungen, die charakteristisch ist f\u00fcr die Sch\u00f6nstattbewegung in der ganzen Welt.<\/p>\n\n\n\n<figure class=\"wp-block-image aligncenter size-large\"><img decoding=\"async\" src=\"https:\/\/schoenstatt.com\/wp-content\/uploads\/2024\/10\/corona-coroa-crown-krone-belmonte-1-577x1024.jpeg\" alt=\"\" class=\"wp-image-41839\"\/><\/figure>\n\n\n\n<h3 class=\"wp-block-heading\" id=\"h-kronen-wir-maria-wieder\"><strong>Kr\u00f6nen wir Maria wieder?<\/strong><\/h3>\n\n\n\n<p>Das Jahr 2025 wird ein besonderes Jahr. Neben den vielf\u00e4ltigen Aktivit\u00e4ten der Kirche wird die Sch\u00f6nstattbewegung einen einzigartigen Kr\u00f6nungsmoment erleben, der diese generationen\u00fcbergreifende Str\u00f6mung neu beleben wird.<\/p>\n\n\n\n<p>Im Heiligtum von Belmonte in Rom wird die Gottesmutter von Sch\u00f6nstatt zur \u201eK\u00f6nigin der Kirche\u201c gekr\u00f6nt. Das ganze Jahr \u00fcber werden zahlreiche Pilger an diesem Ereignis teilnehmen und der Gottesmutter die Krone schenken. Weitere Informationen finden <a href=\"https:\/\/schoenstatt.com\/de\/internationale-kroenung-in-belmonte\/\"><mark style=\"background-color:rgba(0, 0, 0, 0);color:#db6d08\" class=\"has-inline-color\">Sie hier<\/mark><\/a>.<\/p>\n\n\n\n<h3 class=\"wp-block-heading\" id=\"h-warum-wiederholen-wir-diesen-akt\"><strong>Warum wiederholen wir diesen Akt?<\/strong><\/h3>\n\n\n\n<p>Der Rektor von Belmonte, Pater Marcelo Cervi, erkl\u00e4rt: \u201eWir kr\u00f6nen Maria immer wieder, weil die Kr\u00f6nung inmitten der N\u00f6te, die uns bedr\u00e4ngen, und nachdem wir alle menschlichen Ressourcen ausgesch\u00f6pft haben, das inbr\u00fcnstige Flehen und das grenzenlose Vertrauen in die Jungfrau symbolisiert, die die \u201aflehende Allmacht\u2018 vor dem Einen ist, der alle unsere Probleme l\u00f6sen kann. Die Kr\u00f6nung bedeutet also, unser Flehen anzuerkennen und gleichzeitig den Reichtum Gottes, der alles vermag.\u201c<\/p>\n\n\n\n<figure class=\"wp-block-image aligncenter size-full\"><img decoding=\"async\" src=\"https:\/\/schoenstatt.com\/wp-content\/uploads\/2024\/06\/corona-mater-coroa-crown-krone.jpg\" alt=\"\" class=\"wp-image-37260\"\/><\/figure>\n\n\n\n<h3 class=\"wp-block-heading\" id=\"h-mit-welcher-haltung-wollen-wir-kronen\"><strong>Mit welcher Haltung wollen wir kr\u00f6nen?<\/strong><\/h3>\n\n\n\n<p>Pater Marcelo, geb\u00fcrtiger Brasilianer und Mitglied des Sch\u00f6nstatt-Instituts der Di\u00f6zesanpriester, wurde gebeten, in seine Di\u00f6zese zur\u00fcckzukehren. Er wird aber weiterhin mit dem Team von Belmonte an der Vorbereitung dieses besonderen Jahres arbeiten.<\/p>\n\n\n\n<p>Er erkl\u00e4rt die Haltung, in der wir die Krone der Jungfrau Maria \u00fcbergeben wollen: \u201eEs ist notwendig, sich ganz dem Gnadenkapital hinzugeben, zu beten und sich aufzuopfern als konkreter Beweis unseres Vertrauens und unserer Hoffnung, denn was auch immer geschieht, ist durch Maria in Gottes H\u00e4nden.\u201d<\/p>\n\n\n\n<p>Er f\u00fcgte hinzu: \u201eDie \u00dcbergabe der Krone bedeutet, dass wir die W\u00fcrde und die Rechte Mariens als K\u00f6nigin anerkennen, das hei\u00dft, dass sie an der Seite des K\u00f6nigs der K\u00f6nige steht und das Recht und die Freiheit hat, jede Situation zu vertreten, in der sie mit Macht eingreifen muss. Unsere wichtigste Haltung ist also die des Vertrauens. Ein kindliches und einfaches Vertrauen, indem wir uns in die H\u00e4nde unserer Mutter begeben, in der \u00dcberzeugung, dass sie sich um alles k\u00fcmmern wird.\u201d<\/p>\n\n\n\n<h3 class=\"wp-block-heading\" id=\"h-weitere-informationen-zur-internationalen-kronung\"><strong>Weitere Informationen zur internationalen Kr\u00f6nung<\/strong><\/h3>\n\n\n\n<p><a href=\"https:\/\/schoenstatt.com\/de\/internationale-kroenung-in-belmonte\/\"><mark style=\"background-color:rgba(0, 0, 0, 0);color:#db6d08\" class=\"has-inline-color\">Auf dieser Seite<\/mark><\/a> finden Sie alle Informationen und Kontakte zur Kr\u00f6nung in Belmonte. Gehen wir gemeinsam in dieses neue Gnadenjahr, das zweifellos eine besondere Zeit f\u00fcr die ganze Sch\u00f6nstattfamilie sein wird.<\/p>\n\n\n\n<p><strong>\u00dcbersetzung: <\/strong>Sr. M. Lourdes Mac\u00edas<br><strong>Lektorat: <\/strong>Hildegard Kaiser<\/p>\n","protected":false},"excerpt":{"rendered":"<p>Im Jahr 2025 wird die MTA zur K\u00f6nigin und Mutter der Kirche gekr\u00f6nt. Mit welcher Haltung werden wir unserer Mutter die Krone schenken?<\/p>\n","protected":false},"author":3,"featured_media":42236,"comment_status":"closed","ping_status":"closed","sticky":false,"template":"","format":"standard","meta":{"footnotes":""},"categories":[870,660],"tags":[],"class_list":["post-42636","post","type-post","status-publish","format-standard","has-post-thumbnail","hentry","category-europa-de","category-veranstaltungen-de"],"yoast_head":"<!-- This site is optimized with the Yoast SEO Premium plugin v27.4 (Yoast SEO v27.4) - https:\/\/yoast.com\/product\/yoast-seo-premium-wordpress\/ -->\n<title>Die Kr\u00f6nung Mariens - Unsere Hingabe an das kindliche Vertrauen - Schoenstatt<\/title>\n<meta name=\"description\" content=\"Im Jahr 2025 wird die MTA zur K\u00f6nigin und Mutter der Kirche gekr\u00f6nt. Mit welcher Haltung werden wir unserer Mutter die Krone schenken?\" \/>\n<meta name=\"robots\" content=\"index, follow, max-snippet:-1, max-image-preview:large, max-video-preview:-1\" \/>\n<link rel=\"canonical\" href=\"https:\/\/schoenstatt.com\/de\/die-kroenung-mariens-unsere-hingabe-an-das-kindliche-vertrauen\/\" \/>\n<meta property=\"og:locale\" content=\"de_DE\" \/>\n<meta property=\"og:type\" content=\"article\" \/>\n<meta property=\"og:title\" content=\"Die Kr\u00f6nung Mariens - Unsere Hingabe an das kindliche Vertrauen\" \/>\n<meta property=\"og:description\" content=\"Im Jahr 2025 wird die MTA zur K\u00f6nigin und Mutter der Kirche gekr\u00f6nt. Mit welcher Haltung werden wir unserer Mutter die Krone schenken?\" \/>\n<meta property=\"og:url\" content=\"https:\/\/schoenstatt.com\/de\/die-kroenung-mariens-unsere-hingabe-an-das-kindliche-vertrauen\/\" \/>\n<meta property=\"og:site_name\" content=\"Schoenstatt\" \/>\n<meta property=\"article:published_time\" content=\"2024-12-10T02:03:00+00:00\" \/>\n<meta property=\"article:modified_time\" content=\"2025-05-15T20:37:35+00:00\" \/>\n<meta property=\"og:image\" content=\"https:\/\/schoenstatt.com\/wp-content\/uploads\/2024\/11\/coroa-corona-krone-crown-belmonte-1.jpg\" \/>\n\t<meta property=\"og:image:width\" content=\"1577\" \/>\n\t<meta property=\"og:image:height\" content=\"1126\" \/>\n\t<meta property=\"og:image:type\" content=\"image\/jpeg\" \/>\n<meta name=\"author\" content=\"Karen Bueno\" \/>\n<meta name=\"twitter:card\" content=\"summary_large_image\" \/>\n<meta name=\"twitter:label1\" content=\"Verfasst von\" \/>\n\t<meta name=\"twitter:data1\" content=\"Karen Bueno\" \/>\n\t<meta name=\"twitter:label2\" content=\"Gesch\u00e4tzte Lesezeit\" \/>\n\t<meta name=\"twitter:data2\" content=\"3\u00a0Minuten\" \/>\n<script type=\"application\/ld+json\" class=\"yoast-schema-graph\">{\"@context\":\"https:\\\/\\\/schema.org\",\"@graph\":[{\"@type\":\"Article\",\"@id\":\"https:\\\/\\\/schoenstatt.com\\\/de\\\/die-kroenung-mariens-unsere-hingabe-an-das-kindliche-vertrauen\\\/#article\",\"isPartOf\":{\"@id\":\"https:\\\/\\\/schoenstatt.com\\\/de\\\/die-kroenung-mariens-unsere-hingabe-an-das-kindliche-vertrauen\\\/\"},\"author\":{\"name\":\"Karen Bueno\",\"@id\":\"https:\\\/\\\/schoenstatt.com\\\/de\\\/#\\\/schema\\\/person\\\/5158877ad4acae98b34daaeef2a1ce6e\"},\"headline\":\"Die Kr\u00f6nung Mariens &#8211; Unsere Hingabe an das kindliche Vertrauen\",\"datePublished\":\"2024-12-10T02:03:00+00:00\",\"dateModified\":\"2025-05-15T20:37:35+00:00\",\"mainEntityOfPage\":{\"@id\":\"https:\\\/\\\/schoenstatt.com\\\/de\\\/die-kroenung-mariens-unsere-hingabe-an-das-kindliche-vertrauen\\\/\"},\"wordCount\":525,\"publisher\":{\"@id\":\"https:\\\/\\\/schoenstatt.com\\\/de\\\/#organization\"},\"image\":{\"@id\":\"https:\\\/\\\/schoenstatt.com\\\/de\\\/die-kroenung-mariens-unsere-hingabe-an-das-kindliche-vertrauen\\\/#primaryimage\"},\"thumbnailUrl\":\"https:\\\/\\\/schoenstatt.com\\\/wp-content\\\/uploads\\\/2024\\\/11\\\/coroa-corona-krone-crown-belmonte-1.jpg\",\"articleSection\":[\"Europa\",\"Veranstaltungen\"],\"inLanguage\":\"de\"},{\"@type\":\"WebPage\",\"@id\":\"https:\\\/\\\/schoenstatt.com\\\/de\\\/die-kroenung-mariens-unsere-hingabe-an-das-kindliche-vertrauen\\\/\",\"url\":\"https:\\\/\\\/schoenstatt.com\\\/de\\\/die-kroenung-mariens-unsere-hingabe-an-das-kindliche-vertrauen\\\/\",\"name\":\"Die Kr\u00f6nung Mariens - Unsere Hingabe an das kindliche Vertrauen - Schoenstatt\",\"isPartOf\":{\"@id\":\"https:\\\/\\\/schoenstatt.com\\\/de\\\/#website\"},\"primaryImageOfPage\":{\"@id\":\"https:\\\/\\\/schoenstatt.com\\\/de\\\/die-kroenung-mariens-unsere-hingabe-an-das-kindliche-vertrauen\\\/#primaryimage\"},\"image\":{\"@id\":\"https:\\\/\\\/schoenstatt.com\\\/de\\\/die-kroenung-mariens-unsere-hingabe-an-das-kindliche-vertrauen\\\/#primaryimage\"},\"thumbnailUrl\":\"https:\\\/\\\/schoenstatt.com\\\/wp-content\\\/uploads\\\/2024\\\/11\\\/coroa-corona-krone-crown-belmonte-1.jpg\",\"datePublished\":\"2024-12-10T02:03:00+00:00\",\"dateModified\":\"2025-05-15T20:37:35+00:00\",\"description\":\"Im Jahr 2025 wird die MTA zur K\u00f6nigin und Mutter der Kirche gekr\u00f6nt. Mit welcher Haltung werden wir unserer Mutter die Krone schenken?\",\"breadcrumb\":{\"@id\":\"https:\\\/\\\/schoenstatt.com\\\/de\\\/die-kroenung-mariens-unsere-hingabe-an-das-kindliche-vertrauen\\\/#breadcrumb\"},\"inLanguage\":\"de\",\"potentialAction\":[{\"@type\":\"ReadAction\",\"target\":[\"https:\\\/\\\/schoenstatt.com\\\/de\\\/die-kroenung-mariens-unsere-hingabe-an-das-kindliche-vertrauen\\\/\"]}]},{\"@type\":\"ImageObject\",\"inLanguage\":\"de\",\"@id\":\"https:\\\/\\\/schoenstatt.com\\\/de\\\/die-kroenung-mariens-unsere-hingabe-an-das-kindliche-vertrauen\\\/#primaryimage\",\"url\":\"https:\\\/\\\/schoenstatt.com\\\/wp-content\\\/uploads\\\/2024\\\/11\\\/coroa-corona-krone-crown-belmonte-1.jpg\",\"contentUrl\":\"https:\\\/\\\/schoenstatt.com\\\/wp-content\\\/uploads\\\/2024\\\/11\\\/coroa-corona-krone-crown-belmonte-1.jpg\",\"width\":1577,\"height\":1126},{\"@type\":\"BreadcrumbList\",\"@id\":\"https:\\\/\\\/schoenstatt.com\\\/de\\\/die-kroenung-mariens-unsere-hingabe-an-das-kindliche-vertrauen\\\/#breadcrumb\",\"itemListElement\":[{\"@type\":\"ListItem\",\"position\":1,\"name\":\"Portada\",\"item\":\"https:\\\/\\\/schoenstatt.com\\\/de\\\/home\\\/\"},{\"@type\":\"ListItem\",\"position\":2,\"name\":\"Die Kr\u00f6nung Mariens &#8211; Unsere Hingabe an das kindliche Vertrauen\"}]},{\"@type\":\"WebSite\",\"@id\":\"https:\\\/\\\/schoenstatt.com\\\/de\\\/#website\",\"url\":\"https:\\\/\\\/schoenstatt.com\\\/de\\\/\",\"name\":\"Schoenstatt\",\"description\":\"Apostolic Movement\",\"publisher\":{\"@id\":\"https:\\\/\\\/schoenstatt.com\\\/de\\\/#organization\"},\"potentialAction\":[{\"@type\":\"SearchAction\",\"target\":{\"@type\":\"EntryPoint\",\"urlTemplate\":\"https:\\\/\\\/schoenstatt.com\\\/de\\\/?s={search_term_string}\"},\"query-input\":{\"@type\":\"PropertyValueSpecification\",\"valueRequired\":true,\"valueName\":\"search_term_string\"}}],\"inLanguage\":\"de\"},{\"@type\":\"Organization\",\"@id\":\"https:\\\/\\\/schoenstatt.com\\\/de\\\/#organization\",\"name\":\"Schoenstatt\",\"url\":\"https:\\\/\\\/schoenstatt.com\\\/de\\\/\",\"logo\":{\"@type\":\"ImageObject\",\"inLanguage\":\"de\",\"@id\":\"https:\\\/\\\/schoenstatt.com\\\/de\\\/#\\\/schema\\\/logo\\\/image\\\/\",\"url\":\"https:\\\/\\\/schoenstatt.com\\\/wp-content\\\/uploads\\\/2025\\\/04\\\/logo-schoenstatt-white-696x696-1.png\",\"contentUrl\":\"https:\\\/\\\/schoenstatt.com\\\/wp-content\\\/uploads\\\/2025\\\/04\\\/logo-schoenstatt-white-696x696-1.png\",\"width\":696,\"height\":694,\"caption\":\"Schoenstatt\"},\"image\":{\"@id\":\"https:\\\/\\\/schoenstatt.com\\\/de\\\/#\\\/schema\\\/logo\\\/image\\\/\"}},{\"@type\":\"Person\",\"@id\":\"https:\\\/\\\/schoenstatt.com\\\/de\\\/#\\\/schema\\\/person\\\/5158877ad4acae98b34daaeef2a1ce6e\",\"name\":\"Karen Bueno\",\"image\":{\"@type\":\"ImageObject\",\"inLanguage\":\"de\",\"@id\":\"https:\\\/\\\/secure.gravatar.com\\\/avatar\\\/f9f4b823873154269d2b2130f195f6d41037dd0d7fc5f3cacb5c846bae70d66b?s=96&d=mm&r=g\",\"url\":\"https:\\\/\\\/secure.gravatar.com\\\/avatar\\\/f9f4b823873154269d2b2130f195f6d41037dd0d7fc5f3cacb5c846bae70d66b?s=96&d=mm&r=g\",\"contentUrl\":\"https:\\\/\\\/secure.gravatar.com\\\/avatar\\\/f9f4b823873154269d2b2130f195f6d41037dd0d7fc5f3cacb5c846bae70d66b?s=96&d=mm&r=g\",\"caption\":\"Karen Bueno\"},\"url\":\"https:\\\/\\\/schoenstatt.com\\\/de\\\/author\\\/karen-bueno\\\/\"}]}<\/script>\n<!-- \/ Yoast SEO Premium plugin. -->","yoast_head_json":{"title":"Die Kr\u00f6nung Mariens - Unsere Hingabe an das kindliche Vertrauen - Schoenstatt","description":"Im Jahr 2025 wird die MTA zur K\u00f6nigin und Mutter der Kirche gekr\u00f6nt. Mit welcher Haltung werden wir unserer Mutter die Krone schenken?","robots":{"index":"index","follow":"follow","max-snippet":"max-snippet:-1","max-image-preview":"max-image-preview:large","max-video-preview":"max-video-preview:-1"},"canonical":"https:\/\/schoenstatt.com\/de\/die-kroenung-mariens-unsere-hingabe-an-das-kindliche-vertrauen\/","og_locale":"de_DE","og_type":"article","og_title":"Die Kr\u00f6nung Mariens - Unsere Hingabe an das kindliche Vertrauen","og_description":"Im Jahr 2025 wird die MTA zur K\u00f6nigin und Mutter der Kirche gekr\u00f6nt. Mit welcher Haltung werden wir unserer Mutter die Krone schenken?","og_url":"https:\/\/schoenstatt.com\/de\/die-kroenung-mariens-unsere-hingabe-an-das-kindliche-vertrauen\/","og_site_name":"Schoenstatt","article_published_time":"2024-12-10T02:03:00+00:00","article_modified_time":"2025-05-15T20:37:35+00:00","og_image":[{"width":1577,"height":1126,"url":"https:\/\/schoenstatt.com\/wp-content\/uploads\/2024\/11\/coroa-corona-krone-crown-belmonte-1.jpg","type":"image\/jpeg"}],"author":"Karen Bueno","twitter_card":"summary_large_image","twitter_misc":{"Verfasst von":"Karen Bueno","Gesch\u00e4tzte Lesezeit":"3\u00a0Minuten"},"schema":{"@context":"https:\/\/schema.org","@graph":[{"@type":"Article","@id":"https:\/\/schoenstatt.com\/de\/die-kroenung-mariens-unsere-hingabe-an-das-kindliche-vertrauen\/#article","isPartOf":{"@id":"https:\/\/schoenstatt.com\/de\/die-kroenung-mariens-unsere-hingabe-an-das-kindliche-vertrauen\/"},"author":{"name":"Karen Bueno","@id":"https:\/\/schoenstatt.com\/de\/#\/schema\/person\/5158877ad4acae98b34daaeef2a1ce6e"},"headline":"Die Kr\u00f6nung Mariens &#8211; Unsere Hingabe an das kindliche Vertrauen","datePublished":"2024-12-10T02:03:00+00:00","dateModified":"2025-05-15T20:37:35+00:00","mainEntityOfPage":{"@id":"https:\/\/schoenstatt.com\/de\/die-kroenung-mariens-unsere-hingabe-an-das-kindliche-vertrauen\/"},"wordCount":525,"publisher":{"@id":"https:\/\/schoenstatt.com\/de\/#organization"},"image":{"@id":"https:\/\/schoenstatt.com\/de\/die-kroenung-mariens-unsere-hingabe-an-das-kindliche-vertrauen\/#primaryimage"},"thumbnailUrl":"https:\/\/schoenstatt.com\/wp-content\/uploads\/2024\/11\/coroa-corona-krone-crown-belmonte-1.jpg","articleSection":["Europa","Veranstaltungen"],"inLanguage":"de"},{"@type":"WebPage","@id":"https:\/\/schoenstatt.com\/de\/die-kroenung-mariens-unsere-hingabe-an-das-kindliche-vertrauen\/","url":"https:\/\/schoenstatt.com\/de\/die-kroenung-mariens-unsere-hingabe-an-das-kindliche-vertrauen\/","name":"Die Kr\u00f6nung Mariens - Unsere Hingabe an das kindliche Vertrauen - Schoenstatt","isPartOf":{"@id":"https:\/\/schoenstatt.com\/de\/#website"},"primaryImageOfPage":{"@id":"https:\/\/schoenstatt.com\/de\/die-kroenung-mariens-unsere-hingabe-an-das-kindliche-vertrauen\/#primaryimage"},"image":{"@id":"https:\/\/schoenstatt.com\/de\/die-kroenung-mariens-unsere-hingabe-an-das-kindliche-vertrauen\/#primaryimage"},"thumbnailUrl":"https:\/\/schoenstatt.com\/wp-content\/uploads\/2024\/11\/coroa-corona-krone-crown-belmonte-1.jpg","datePublished":"2024-12-10T02:03:00+00:00","dateModified":"2025-05-15T20:37:35+00:00","description":"Im Jahr 2025 wird die MTA zur K\u00f6nigin und Mutter der Kirche gekr\u00f6nt. Mit welcher Haltung werden wir unserer Mutter die Krone schenken?","breadcrumb":{"@id":"https:\/\/schoenstatt.com\/de\/die-kroenung-mariens-unsere-hingabe-an-das-kindliche-vertrauen\/#breadcrumb"},"inLanguage":"de","potentialAction":[{"@type":"ReadAction","target":["https:\/\/schoenstatt.com\/de\/die-kroenung-mariens-unsere-hingabe-an-das-kindliche-vertrauen\/"]}]},{"@type":"ImageObject","inLanguage":"de","@id":"https:\/\/schoenstatt.com\/de\/die-kroenung-mariens-unsere-hingabe-an-das-kindliche-vertrauen\/#primaryimage","url":"https:\/\/schoenstatt.com\/wp-content\/uploads\/2024\/11\/coroa-corona-krone-crown-belmonte-1.jpg","contentUrl":"https:\/\/schoenstatt.com\/wp-content\/uploads\/2024\/11\/coroa-corona-krone-crown-belmonte-1.jpg","width":1577,"height":1126},{"@type":"BreadcrumbList","@id":"https:\/\/schoenstatt.com\/de\/die-kroenung-mariens-unsere-hingabe-an-das-kindliche-vertrauen\/#breadcrumb","itemListElement":[{"@type":"ListItem","position":1,"name":"Portada","item":"https:\/\/schoenstatt.com\/de\/home\/"},{"@type":"ListItem","position":2,"name":"Die Kr\u00f6nung Mariens &#8211; Unsere Hingabe an das kindliche Vertrauen"}]},{"@type":"WebSite","@id":"https:\/\/schoenstatt.com\/de\/#website","url":"https:\/\/schoenstatt.com\/de\/","name":"Schoenstatt","description":"Apostolic Movement","publisher":{"@id":"https:\/\/schoenstatt.com\/de\/#organization"},"potentialAction":[{"@type":"SearchAction","target":{"@type":"EntryPoint","urlTemplate":"https:\/\/schoenstatt.com\/de\/?s={search_term_string}"},"query-input":{"@type":"PropertyValueSpecification","valueRequired":true,"valueName":"search_term_string"}}],"inLanguage":"de"},{"@type":"Organization","@id":"https:\/\/schoenstatt.com\/de\/#organization","name":"Schoenstatt","url":"https:\/\/schoenstatt.com\/de\/","logo":{"@type":"ImageObject","inLanguage":"de","@id":"https:\/\/schoenstatt.com\/de\/#\/schema\/logo\/image\/","url":"https:\/\/schoenstatt.com\/wp-content\/uploads\/2025\/04\/logo-schoenstatt-white-696x696-1.png","contentUrl":"https:\/\/schoenstatt.com\/wp-content\/uploads\/2025\/04\/logo-schoenstatt-white-696x696-1.png","width":696,"height":694,"caption":"Schoenstatt"},"image":{"@id":"https:\/\/schoenstatt.com\/de\/#\/schema\/logo\/image\/"}},{"@type":"Person","@id":"https:\/\/schoenstatt.com\/de\/#\/schema\/person\/5158877ad4acae98b34daaeef2a1ce6e","name":"Karen Bueno","image":{"@type":"ImageObject","inLanguage":"de","@id":"https:\/\/secure.gravatar.com\/avatar\/f9f4b823873154269d2b2130f195f6d41037dd0d7fc5f3cacb5c846bae70d66b?s=96&d=mm&r=g","url":"https:\/\/secure.gravatar.com\/avatar\/f9f4b823873154269d2b2130f195f6d41037dd0d7fc5f3cacb5c846bae70d66b?s=96&d=mm&r=g","contentUrl":"https:\/\/secure.gravatar.com\/avatar\/f9f4b823873154269d2b2130f195f6d41037dd0d7fc5f3cacb5c846bae70d66b?s=96&d=mm&r=g","caption":"Karen Bueno"},"url":"https:\/\/schoenstatt.com\/de\/author\/karen-bueno\/"}]}},"_links":{"self":[{"href":"https:\/\/schoenstatt.com\/de\/wp-json\/wp\/v2\/posts\/42636","targetHints":{"allow":["GET"]}}],"collection":[{"href":"https:\/\/schoenstatt.com\/de\/wp-json\/wp\/v2\/posts"}],"about":[{"href":"https:\/\/schoenstatt.com\/de\/wp-json\/wp\/v2\/types\/post"}],"author":[{"embeddable":true,"href":"https:\/\/schoenstatt.com\/de\/wp-json\/wp\/v2\/users\/3"}],"replies":[{"embeddable":true,"href":"https:\/\/schoenstatt.com\/de\/wp-json\/wp\/v2\/comments?post=42636"}],"version-history":[{"count":1,"href":"https:\/\/schoenstatt.com\/de\/wp-json\/wp\/v2\/posts\/42636\/revisions"}],"predecessor-version":[{"id":47219,"href":"https:\/\/schoenstatt.com\/de\/wp-json\/wp\/v2\/posts\/42636\/revisions\/47219"}],"wp:featuredmedia":[{"embeddable":true,"href":"https:\/\/schoenstatt.com\/de\/wp-json\/wp\/v2\/media\/42236"}],"wp:attachment":[{"href":"https:\/\/schoenstatt.com\/de\/wp-json\/wp\/v2\/media?parent=42636"}],"wp:term":[{"taxonomy":"category","embeddable":true,"href":"https:\/\/schoenstatt.com\/de\/wp-json\/wp\/v2\/categories?post=42636"},{"taxonomy":"post_tag","embeddable":true,"href":"https:\/\/schoenstatt.com\/de\/wp-json\/wp\/v2\/tags?post=42636"}],"curies":[{"name":"wp","href":"https:\/\/api.w.org\/{rel}","templated":true}]}}