{"id":42576,"date":"2024-12-05T12:02:42","date_gmt":"2024-12-05T11:02:42","guid":{"rendered":"https:\/\/schoenstatt.com\/?p=42576"},"modified":"2025-05-15T19:14:06","modified_gmt":"2025-05-15T17:14:06","slug":"pastoral-der-verliebten-sucht-weltweite-zusammenarbeit","status":"publish","type":"post","link":"https:\/\/schoenstatt.com\/de\/pastoral-der-verliebten-sucht-weltweite-zusammenarbeit\/","title":{"rendered":"Pastoral der Verlobten sucht weltweite Zusammenarbeit"},"content":{"rendered":"\n<p>Wie kann die Spiritualit\u00e4t Sch\u00f6nstatts Verlobten und Neuverm\u00e4hlten helfen? Das ist die Frage, die viele Menschen in verschiedenen L\u00e4ndern besch\u00e4ftigt, die bei der Gr\u00fcndung neuer Familien helfen. Um ihre Kr\u00e4fte zu b\u00fcndeln und zusammenzuarbeiten, haben Sch\u00f6nst\u00e4tter, die sich diesem Apostolat widmen, beschlossen, sich online zu treffen. Auf diese Weise und durch die Teilnahme von Vertretern aus verschiedenen L\u00e4ndern ist es gelungen, <strong>eine internationale Sch\u00f6nstattpastoral f\u00fcr Verlobte zu schaffen.<\/strong><\/p>\n\n\n\n<p>Das erste Treffen fand am 23. Oktober 2024 mit <a href=\"https:\/\/schoenstatt.com\/de\/in-gemeinschaft\/famile\/\">Teilnehmern<\/a> aus Argentinien, \u00d6sterreich und Costa Rica statt. Das Treffen fand \u00fcber die Plattform \u201eTeams\u201c unter Ber\u00fccksichtigung der verschiedenen Zeitzonen statt.<\/p>\n\n\n\n<figure class=\"wp-block-image size-large\"><img decoding=\"async\" src=\"https:\/\/schoenstatt.com\/wp-content\/uploads\/2024\/12\/Ministry-for-engaged-couples-novios-noivos-2-1024x584.jpg\" alt=\"\" class=\"wp-image-42564\"\/><\/figure>\n\n\n\n<p>Ziel des Treffens war das gegenseitige Kennenlernen und der Austausch \u00fcber die Entwicklung der Ehevorbereitungskurse an den verschiedenen Orten. Im Allgemeinen konzentriert sich die Arbeit aller auf Paare in den ersten Jahren des Ehelebens &#8211; etwa 0 bis 5 Jahre Ehe &#8211; und die Aktivit\u00e4ten werden in Pfarreien oder in den R\u00e4umen der Sch\u00f6nstattbewegung durchgef\u00fchrt.<\/p>\n\n\n\n<h3 class=\"wp-block-heading\" id=\"h-krafte-bundeln-im-licht-der-spiritualitat-schonstatts\"><strong>Kr\u00e4fte b\u00fcndeln im Licht der Spiritualit\u00e4t Sch\u00f6nstatts<\/strong><\/h3>\n\n\n\n<p>Am 28. Oktober fand das zweite internationale Treffen statt, an dem Vertreter aus Argentinien, Deutschland, Italien und Chile teilnahmen. Wie beim ersten Treffen ging es darum, dem Projekt der Zusammenarbeit Kontinuit\u00e4t zu geben.<\/p>\n\n\n\n<figure class=\"wp-block-image size-large\"><img decoding=\"async\" src=\"https:\/\/schoenstatt.com\/wp-content\/uploads\/2024\/12\/Ministry-for-engaged-couples-novios-noivos-3-1024x644.jpg\" alt=\"\" class=\"wp-image-42568\"\/><\/figure>\n\n\n\n<p>Da wir alle aus der Spiritualit\u00e4t Sch\u00f6nstatts heraus arbeiten, ist die internationale Pastoral entstanden mit dem Ziel, gemeinsame Materialien auszutauschen, die in der Pastoral der einzelnen L\u00e4nder verwendet werden k\u00f6nnen.<\/p>\n\n\n\n<p>Gemeinsam wollen die Ausbilder Antworten und gute Inhalte f\u00fcr Paare in der Verlobungsphase, f\u00fcr Paare in der Ehevorbereitung und f\u00fcr Brautpaare anbieten.<\/p>\n\n\n\n<p>Derzeit nehmen folgende L\u00e4nder an der internationalen Pastoral teil: \u00d6sterreich, Deutschland, Argentinien, Costa Rica, Chile und Italien.<\/p>\n\n\n\n<p>Das n\u00e4chste Online-Meeting findet im M\u00e4rz 2025 statt. F\u00fcr weitere Informationen kontaktieren Sie bitte Adrian und Lourdes Garcia, E-Mail: aagarciac66@gmail.com<\/p>\n\n\n\n<figure class=\"wp-block-image size-large\"><img decoding=\"async\" src=\"https:\/\/schoenstatt.com\/wp-content\/uploads\/2024\/12\/Ministry-for-engaged-couples-novios-noivos-1024x805.jpg\" alt=\"\" class=\"wp-image-42572\"\/><\/figure>\n\n\n\n<p><strong>\u00dcbersetzung: <\/strong>Sr. M. Lourdes Mac\u00edas<br><strong>Lektorat: <\/strong>Hildegard Kaiser<\/p>\n","protected":false},"excerpt":{"rendered":"<p>Durch die Beteiligung verschiedener L\u00e4nder war es m\u00f6glich, eine internationale Sch\u00f6nstatt-Pastoral f\u00fcr Verlobte zu schaffen.<\/p>\n","protected":false},"author":3,"featured_media":42572,"comment_status":"closed","ping_status":"closed","sticky":false,"template":"","format":"standard","meta":{"footnotes":""},"categories":[874],"tags":[],"class_list":["post-42576","post","type-post","status-publish","format-standard","has-post-thumbnail","hentry","category-familie-de"],"yoast_head":"<!-- This site is optimized with the Yoast SEO Premium plugin v27.4 (Yoast SEO v27.4) - https:\/\/yoast.com\/product\/yoast-seo-premium-wordpress\/ -->\n<title>Pastoral der Verlobten sucht weltweite Zusammenarbeit - Schoenstatt<\/title>\n<meta name=\"description\" content=\"Durch die Beteiligung verschiedener L\u00e4nder war es m\u00f6glich, eine internationale Sch\u00f6nstatt-Pastoral f\u00fcr Verlobte zu schaffen.\" \/>\n<meta name=\"robots\" content=\"index, follow, max-snippet:-1, max-image-preview:large, max-video-preview:-1\" \/>\n<link rel=\"canonical\" href=\"https:\/\/schoenstatt.com\/de\/pastoral-der-verliebten-sucht-weltweite-zusammenarbeit\/\" \/>\n<meta property=\"og:locale\" content=\"de_DE\" \/>\n<meta property=\"og:type\" content=\"article\" \/>\n<meta property=\"og:title\" content=\"Pastoral der Verlobten sucht weltweite Zusammenarbeit\" \/>\n<meta property=\"og:description\" content=\"Durch die Beteiligung verschiedener L\u00e4nder war es m\u00f6glich, eine internationale Sch\u00f6nstatt-Pastoral f\u00fcr Verlobte zu schaffen.\" \/>\n<meta property=\"og:url\" content=\"https:\/\/schoenstatt.com\/de\/pastoral-der-verliebten-sucht-weltweite-zusammenarbeit\/\" \/>\n<meta property=\"og:site_name\" content=\"Schoenstatt\" \/>\n<meta property=\"article:published_time\" content=\"2024-12-05T11:02:42+00:00\" \/>\n<meta property=\"article:modified_time\" content=\"2025-05-15T17:14:06+00:00\" \/>\n<meta property=\"og:image\" content=\"https:\/\/schoenstatt.com\/wp-content\/uploads\/2024\/12\/Ministry-for-engaged-couples-novios-noivos-1.jpg\" \/>\n\t<meta property=\"og:image:width\" content=\"1600\" \/>\n\t<meta property=\"og:image:height\" content=\"1258\" \/>\n\t<meta property=\"og:image:type\" content=\"image\/jpeg\" \/>\n<meta name=\"author\" content=\"Karen Bueno\" \/>\n<meta name=\"twitter:card\" content=\"summary_large_image\" \/>\n<meta name=\"twitter:label1\" content=\"Verfasst von\" \/>\n\t<meta name=\"twitter:data1\" content=\"Karen Bueno\" \/>\n\t<meta name=\"twitter:label2\" content=\"Gesch\u00e4tzte Lesezeit\" \/>\n\t<meta name=\"twitter:data2\" content=\"3\u00a0Minuten\" \/>\n<script type=\"application\/ld+json\" class=\"yoast-schema-graph\">{\"@context\":\"https:\\\/\\\/schema.org\",\"@graph\":[{\"@type\":\"Article\",\"@id\":\"https:\\\/\\\/schoenstatt.com\\\/de\\\/pastoral-der-verliebten-sucht-weltweite-zusammenarbeit\\\/#article\",\"isPartOf\":{\"@id\":\"https:\\\/\\\/schoenstatt.com\\\/de\\\/pastoral-der-verliebten-sucht-weltweite-zusammenarbeit\\\/\"},\"author\":{\"name\":\"Karen Bueno\",\"@id\":\"https:\\\/\\\/schoenstatt.com\\\/de\\\/#\\\/schema\\\/person\\\/5158877ad4acae98b34daaeef2a1ce6e\"},\"headline\":\"Pastoral der Verlobten sucht weltweite Zusammenarbeit\",\"datePublished\":\"2024-12-05T11:02:42+00:00\",\"dateModified\":\"2025-05-15T17:14:06+00:00\",\"mainEntityOfPage\":{\"@id\":\"https:\\\/\\\/schoenstatt.com\\\/de\\\/pastoral-der-verliebten-sucht-weltweite-zusammenarbeit\\\/\"},\"wordCount\":327,\"publisher\":{\"@id\":\"https:\\\/\\\/schoenstatt.com\\\/de\\\/#organization\"},\"image\":{\"@id\":\"https:\\\/\\\/schoenstatt.com\\\/de\\\/pastoral-der-verliebten-sucht-weltweite-zusammenarbeit\\\/#primaryimage\"},\"thumbnailUrl\":\"https:\\\/\\\/schoenstatt.com\\\/wp-content\\\/uploads\\\/2024\\\/12\\\/Ministry-for-engaged-couples-novios-noivos-1.jpg\",\"articleSection\":[\"Familie\"],\"inLanguage\":\"de\"},{\"@type\":\"WebPage\",\"@id\":\"https:\\\/\\\/schoenstatt.com\\\/de\\\/pastoral-der-verliebten-sucht-weltweite-zusammenarbeit\\\/\",\"url\":\"https:\\\/\\\/schoenstatt.com\\\/de\\\/pastoral-der-verliebten-sucht-weltweite-zusammenarbeit\\\/\",\"name\":\"Pastoral der Verlobten sucht weltweite Zusammenarbeit - Schoenstatt\",\"isPartOf\":{\"@id\":\"https:\\\/\\\/schoenstatt.com\\\/de\\\/#website\"},\"primaryImageOfPage\":{\"@id\":\"https:\\\/\\\/schoenstatt.com\\\/de\\\/pastoral-der-verliebten-sucht-weltweite-zusammenarbeit\\\/#primaryimage\"},\"image\":{\"@id\":\"https:\\\/\\\/schoenstatt.com\\\/de\\\/pastoral-der-verliebten-sucht-weltweite-zusammenarbeit\\\/#primaryimage\"},\"thumbnailUrl\":\"https:\\\/\\\/schoenstatt.com\\\/wp-content\\\/uploads\\\/2024\\\/12\\\/Ministry-for-engaged-couples-novios-noivos-1.jpg\",\"datePublished\":\"2024-12-05T11:02:42+00:00\",\"dateModified\":\"2025-05-15T17:14:06+00:00\",\"description\":\"Durch die Beteiligung verschiedener L\u00e4nder war es m\u00f6glich, eine internationale Sch\u00f6nstatt-Pastoral f\u00fcr Verlobte zu schaffen.\",\"breadcrumb\":{\"@id\":\"https:\\\/\\\/schoenstatt.com\\\/de\\\/pastoral-der-verliebten-sucht-weltweite-zusammenarbeit\\\/#breadcrumb\"},\"inLanguage\":\"de\",\"potentialAction\":[{\"@type\":\"ReadAction\",\"target\":[\"https:\\\/\\\/schoenstatt.com\\\/de\\\/pastoral-der-verliebten-sucht-weltweite-zusammenarbeit\\\/\"]}]},{\"@type\":\"ImageObject\",\"inLanguage\":\"de\",\"@id\":\"https:\\\/\\\/schoenstatt.com\\\/de\\\/pastoral-der-verliebten-sucht-weltweite-zusammenarbeit\\\/#primaryimage\",\"url\":\"https:\\\/\\\/schoenstatt.com\\\/wp-content\\\/uploads\\\/2024\\\/12\\\/Ministry-for-engaged-couples-novios-noivos-1.jpg\",\"contentUrl\":\"https:\\\/\\\/schoenstatt.com\\\/wp-content\\\/uploads\\\/2024\\\/12\\\/Ministry-for-engaged-couples-novios-noivos-1.jpg\",\"width\":1600,\"height\":1258},{\"@type\":\"BreadcrumbList\",\"@id\":\"https:\\\/\\\/schoenstatt.com\\\/de\\\/pastoral-der-verliebten-sucht-weltweite-zusammenarbeit\\\/#breadcrumb\",\"itemListElement\":[{\"@type\":\"ListItem\",\"position\":1,\"name\":\"Portada\",\"item\":\"https:\\\/\\\/schoenstatt.com\\\/de\\\/home\\\/\"},{\"@type\":\"ListItem\",\"position\":2,\"name\":\"Pastoral der Verlobten sucht weltweite Zusammenarbeit\"}]},{\"@type\":\"WebSite\",\"@id\":\"https:\\\/\\\/schoenstatt.com\\\/de\\\/#website\",\"url\":\"https:\\\/\\\/schoenstatt.com\\\/de\\\/\",\"name\":\"Schoenstatt\",\"description\":\"Apostolic Movement\",\"publisher\":{\"@id\":\"https:\\\/\\\/schoenstatt.com\\\/de\\\/#organization\"},\"potentialAction\":[{\"@type\":\"SearchAction\",\"target\":{\"@type\":\"EntryPoint\",\"urlTemplate\":\"https:\\\/\\\/schoenstatt.com\\\/de\\\/?s={search_term_string}\"},\"query-input\":{\"@type\":\"PropertyValueSpecification\",\"valueRequired\":true,\"valueName\":\"search_term_string\"}}],\"inLanguage\":\"de\"},{\"@type\":\"Organization\",\"@id\":\"https:\\\/\\\/schoenstatt.com\\\/de\\\/#organization\",\"name\":\"Schoenstatt\",\"url\":\"https:\\\/\\\/schoenstatt.com\\\/de\\\/\",\"logo\":{\"@type\":\"ImageObject\",\"inLanguage\":\"de\",\"@id\":\"https:\\\/\\\/schoenstatt.com\\\/de\\\/#\\\/schema\\\/logo\\\/image\\\/\",\"url\":\"https:\\\/\\\/schoenstatt.com\\\/wp-content\\\/uploads\\\/2025\\\/04\\\/logo-schoenstatt-white-696x696-1.png\",\"contentUrl\":\"https:\\\/\\\/schoenstatt.com\\\/wp-content\\\/uploads\\\/2025\\\/04\\\/logo-schoenstatt-white-696x696-1.png\",\"width\":696,\"height\":694,\"caption\":\"Schoenstatt\"},\"image\":{\"@id\":\"https:\\\/\\\/schoenstatt.com\\\/de\\\/#\\\/schema\\\/logo\\\/image\\\/\"}},{\"@type\":\"Person\",\"@id\":\"https:\\\/\\\/schoenstatt.com\\\/de\\\/#\\\/schema\\\/person\\\/5158877ad4acae98b34daaeef2a1ce6e\",\"name\":\"Karen Bueno\",\"image\":{\"@type\":\"ImageObject\",\"inLanguage\":\"de\",\"@id\":\"https:\\\/\\\/secure.gravatar.com\\\/avatar\\\/f9f4b823873154269d2b2130f195f6d41037dd0d7fc5f3cacb5c846bae70d66b?s=96&d=mm&r=g\",\"url\":\"https:\\\/\\\/secure.gravatar.com\\\/avatar\\\/f9f4b823873154269d2b2130f195f6d41037dd0d7fc5f3cacb5c846bae70d66b?s=96&d=mm&r=g\",\"contentUrl\":\"https:\\\/\\\/secure.gravatar.com\\\/avatar\\\/f9f4b823873154269d2b2130f195f6d41037dd0d7fc5f3cacb5c846bae70d66b?s=96&d=mm&r=g\",\"caption\":\"Karen Bueno\"},\"url\":\"https:\\\/\\\/schoenstatt.com\\\/de\\\/author\\\/karen-bueno\\\/\"}]}<\/script>\n<!-- \/ Yoast SEO Premium plugin. -->","yoast_head_json":{"title":"Pastoral der Verlobten sucht weltweite Zusammenarbeit - Schoenstatt","description":"Durch die Beteiligung verschiedener L\u00e4nder war es m\u00f6glich, eine internationale Sch\u00f6nstatt-Pastoral f\u00fcr Verlobte zu schaffen.","robots":{"index":"index","follow":"follow","max-snippet":"max-snippet:-1","max-image-preview":"max-image-preview:large","max-video-preview":"max-video-preview:-1"},"canonical":"https:\/\/schoenstatt.com\/de\/pastoral-der-verliebten-sucht-weltweite-zusammenarbeit\/","og_locale":"de_DE","og_type":"article","og_title":"Pastoral der Verlobten sucht weltweite Zusammenarbeit","og_description":"Durch die Beteiligung verschiedener L\u00e4nder war es m\u00f6glich, eine internationale Sch\u00f6nstatt-Pastoral f\u00fcr Verlobte zu schaffen.","og_url":"https:\/\/schoenstatt.com\/de\/pastoral-der-verliebten-sucht-weltweite-zusammenarbeit\/","og_site_name":"Schoenstatt","article_published_time":"2024-12-05T11:02:42+00:00","article_modified_time":"2025-05-15T17:14:06+00:00","og_image":[{"width":1600,"height":1258,"url":"https:\/\/schoenstatt.com\/wp-content\/uploads\/2024\/12\/Ministry-for-engaged-couples-novios-noivos-1.jpg","type":"image\/jpeg"}],"author":"Karen Bueno","twitter_card":"summary_large_image","twitter_misc":{"Verfasst von":"Karen Bueno","Gesch\u00e4tzte Lesezeit":"3\u00a0Minuten"},"schema":{"@context":"https:\/\/schema.org","@graph":[{"@type":"Article","@id":"https:\/\/schoenstatt.com\/de\/pastoral-der-verliebten-sucht-weltweite-zusammenarbeit\/#article","isPartOf":{"@id":"https:\/\/schoenstatt.com\/de\/pastoral-der-verliebten-sucht-weltweite-zusammenarbeit\/"},"author":{"name":"Karen Bueno","@id":"https:\/\/schoenstatt.com\/de\/#\/schema\/person\/5158877ad4acae98b34daaeef2a1ce6e"},"headline":"Pastoral der Verlobten sucht weltweite Zusammenarbeit","datePublished":"2024-12-05T11:02:42+00:00","dateModified":"2025-05-15T17:14:06+00:00","mainEntityOfPage":{"@id":"https:\/\/schoenstatt.com\/de\/pastoral-der-verliebten-sucht-weltweite-zusammenarbeit\/"},"wordCount":327,"publisher":{"@id":"https:\/\/schoenstatt.com\/de\/#organization"},"image":{"@id":"https:\/\/schoenstatt.com\/de\/pastoral-der-verliebten-sucht-weltweite-zusammenarbeit\/#primaryimage"},"thumbnailUrl":"https:\/\/schoenstatt.com\/wp-content\/uploads\/2024\/12\/Ministry-for-engaged-couples-novios-noivos-1.jpg","articleSection":["Familie"],"inLanguage":"de"},{"@type":"WebPage","@id":"https:\/\/schoenstatt.com\/de\/pastoral-der-verliebten-sucht-weltweite-zusammenarbeit\/","url":"https:\/\/schoenstatt.com\/de\/pastoral-der-verliebten-sucht-weltweite-zusammenarbeit\/","name":"Pastoral der Verlobten sucht weltweite Zusammenarbeit - Schoenstatt","isPartOf":{"@id":"https:\/\/schoenstatt.com\/de\/#website"},"primaryImageOfPage":{"@id":"https:\/\/schoenstatt.com\/de\/pastoral-der-verliebten-sucht-weltweite-zusammenarbeit\/#primaryimage"},"image":{"@id":"https:\/\/schoenstatt.com\/de\/pastoral-der-verliebten-sucht-weltweite-zusammenarbeit\/#primaryimage"},"thumbnailUrl":"https:\/\/schoenstatt.com\/wp-content\/uploads\/2024\/12\/Ministry-for-engaged-couples-novios-noivos-1.jpg","datePublished":"2024-12-05T11:02:42+00:00","dateModified":"2025-05-15T17:14:06+00:00","description":"Durch die Beteiligung verschiedener L\u00e4nder war es m\u00f6glich, eine internationale Sch\u00f6nstatt-Pastoral f\u00fcr Verlobte zu schaffen.","breadcrumb":{"@id":"https:\/\/schoenstatt.com\/de\/pastoral-der-verliebten-sucht-weltweite-zusammenarbeit\/#breadcrumb"},"inLanguage":"de","potentialAction":[{"@type":"ReadAction","target":["https:\/\/schoenstatt.com\/de\/pastoral-der-verliebten-sucht-weltweite-zusammenarbeit\/"]}]},{"@type":"ImageObject","inLanguage":"de","@id":"https:\/\/schoenstatt.com\/de\/pastoral-der-verliebten-sucht-weltweite-zusammenarbeit\/#primaryimage","url":"https:\/\/schoenstatt.com\/wp-content\/uploads\/2024\/12\/Ministry-for-engaged-couples-novios-noivos-1.jpg","contentUrl":"https:\/\/schoenstatt.com\/wp-content\/uploads\/2024\/12\/Ministry-for-engaged-couples-novios-noivos-1.jpg","width":1600,"height":1258},{"@type":"BreadcrumbList","@id":"https:\/\/schoenstatt.com\/de\/pastoral-der-verliebten-sucht-weltweite-zusammenarbeit\/#breadcrumb","itemListElement":[{"@type":"ListItem","position":1,"name":"Portada","item":"https:\/\/schoenstatt.com\/de\/home\/"},{"@type":"ListItem","position":2,"name":"Pastoral der Verlobten sucht weltweite Zusammenarbeit"}]},{"@type":"WebSite","@id":"https:\/\/schoenstatt.com\/de\/#website","url":"https:\/\/schoenstatt.com\/de\/","name":"Schoenstatt","description":"Apostolic Movement","publisher":{"@id":"https:\/\/schoenstatt.com\/de\/#organization"},"potentialAction":[{"@type":"SearchAction","target":{"@type":"EntryPoint","urlTemplate":"https:\/\/schoenstatt.com\/de\/?s={search_term_string}"},"query-input":{"@type":"PropertyValueSpecification","valueRequired":true,"valueName":"search_term_string"}}],"inLanguage":"de"},{"@type":"Organization","@id":"https:\/\/schoenstatt.com\/de\/#organization","name":"Schoenstatt","url":"https:\/\/schoenstatt.com\/de\/","logo":{"@type":"ImageObject","inLanguage":"de","@id":"https:\/\/schoenstatt.com\/de\/#\/schema\/logo\/image\/","url":"https:\/\/schoenstatt.com\/wp-content\/uploads\/2025\/04\/logo-schoenstatt-white-696x696-1.png","contentUrl":"https:\/\/schoenstatt.com\/wp-content\/uploads\/2025\/04\/logo-schoenstatt-white-696x696-1.png","width":696,"height":694,"caption":"Schoenstatt"},"image":{"@id":"https:\/\/schoenstatt.com\/de\/#\/schema\/logo\/image\/"}},{"@type":"Person","@id":"https:\/\/schoenstatt.com\/de\/#\/schema\/person\/5158877ad4acae98b34daaeef2a1ce6e","name":"Karen Bueno","image":{"@type":"ImageObject","inLanguage":"de","@id":"https:\/\/secure.gravatar.com\/avatar\/f9f4b823873154269d2b2130f195f6d41037dd0d7fc5f3cacb5c846bae70d66b?s=96&d=mm&r=g","url":"https:\/\/secure.gravatar.com\/avatar\/f9f4b823873154269d2b2130f195f6d41037dd0d7fc5f3cacb5c846bae70d66b?s=96&d=mm&r=g","contentUrl":"https:\/\/secure.gravatar.com\/avatar\/f9f4b823873154269d2b2130f195f6d41037dd0d7fc5f3cacb5c846bae70d66b?s=96&d=mm&r=g","caption":"Karen Bueno"},"url":"https:\/\/schoenstatt.com\/de\/author\/karen-bueno\/"}]}},"_links":{"self":[{"href":"https:\/\/schoenstatt.com\/de\/wp-json\/wp\/v2\/posts\/42576","targetHints":{"allow":["GET"]}}],"collection":[{"href":"https:\/\/schoenstatt.com\/de\/wp-json\/wp\/v2\/posts"}],"about":[{"href":"https:\/\/schoenstatt.com\/de\/wp-json\/wp\/v2\/types\/post"}],"author":[{"embeddable":true,"href":"https:\/\/schoenstatt.com\/de\/wp-json\/wp\/v2\/users\/3"}],"replies":[{"embeddable":true,"href":"https:\/\/schoenstatt.com\/de\/wp-json\/wp\/v2\/comments?post=42576"}],"version-history":[{"count":1,"href":"https:\/\/schoenstatt.com\/de\/wp-json\/wp\/v2\/posts\/42576\/revisions"}],"predecessor-version":[{"id":47211,"href":"https:\/\/schoenstatt.com\/de\/wp-json\/wp\/v2\/posts\/42576\/revisions\/47211"}],"wp:featuredmedia":[{"embeddable":true,"href":"https:\/\/schoenstatt.com\/de\/wp-json\/wp\/v2\/media\/42572"}],"wp:attachment":[{"href":"https:\/\/schoenstatt.com\/de\/wp-json\/wp\/v2\/media?parent=42576"}],"wp:term":[{"taxonomy":"category","embeddable":true,"href":"https:\/\/schoenstatt.com\/de\/wp-json\/wp\/v2\/categories?post=42576"},{"taxonomy":"post_tag","embeddable":true,"href":"https:\/\/schoenstatt.com\/de\/wp-json\/wp\/v2\/tags?post=42576"}],"curies":[{"name":"wp","href":"https:\/\/api.w.org\/{rel}","templated":true}]}}