{"id":42523,"date":"2024-12-04T03:03:00","date_gmt":"2024-12-04T02:03:00","guid":{"rendered":"https:\/\/schoenstatt.com\/?p=42523"},"modified":"2025-05-15T22:43:32","modified_gmt":"2025-05-15T20:43:32","slug":"ein-prophetischer-text-zur-bekaempfung-des-klimawandels","status":"publish","type":"post","link":"https:\/\/schoenstatt.com\/de\/ein-prophetischer-text-zur-bekaempfung-des-klimawandels\/","title":{"rendered":"Ein \u201eprophetischer\u201c Text zur Bek\u00e4mpfung des Klimawandels"},"content":{"rendered":"\n<p>Die Kirche kann und will die Auswirkungen des <a href=\"https:\/\/schoenstatt.com\/de\/was-bedeutet-es-ein-climarianer-zu-sein-eine-herausforderung-fuer-alle\/\">Klimawandels<\/a> auf unseren Planeten nicht ignorieren. Und wir als Sch\u00f6nstattbewegung wollen diese Realit\u00e4t im Geiste des \u201e31. Mai 1949\u201c im organischen Leben, Denken und Lieben betrachten.<\/p>\n\n\n\n<p>\u201eEs ist, als ob die Atmosph\u00e4re der Heimat uns in diesem Moment umgibt. Es scheint, als ob Engel in unserer Mitte sind und uns sagen: \u201aZieht eure Sandalen aus, denn der Ort, wo ihr steht, ist heiliger Boden\u2018\u201c (Pater Josef Kentenich in seiner Predigt am 31. Mai 1949).<\/p>\n\n\n\n<p>Papst Franziskus erinnert uns daran, dass die Sorge f\u00fcr die Umwelt die Sorge f\u00fcr die Menschen bedeutet, die in ihr leben, denn alles ist miteinander verbunden. \u201eIch m\u00f6chte nicht vers\u00e4umen, die katholischen Gl\u00e4ubigen an die Motivationen zu erinnern, die sich aus ihrem eigenen Glauben ergeben. Ich ermutige die Br\u00fcder und Schwestern anderer Religionen, dasselbe zu tun, denn wir wissen, dass der echte Glaube nicht nur das menschliche Herz st\u00e4rkt, sondern das ganze Leben verwandelt, die eigenen Ziele verkl\u00e4rt, die Beziehungen zu den anderen und die Verbindungen mit der gesamten Sch\u00f6pfung erhellt.\u201c<\/p>\n\n\n\n<h3 class=\"wp-block-heading\" id=\"h-ein-neuer-mensch-sein-der-die-welt-verwandelt\"><strong>Ein neuer Mensch sein, der die Welt verwandelt<\/strong><\/h3>\n\n\n\n<p>Das Thema der Nachhaltigkeit ist in unserer Gesellschaft immer h\u00e4ufiger zu h\u00f6ren. Dieser neue Mensch in der neuen Gesellschaft steht vor der gro\u00dfen Herausforderung, seine Sandalen auszuziehen und zu bezeugen, dass alles, was Gott in der Welt geschaffen hat, gepflegt, gesch\u00fctzt und richtig verwaltet werden muss. Nur auf diese Weise kann jeder Mensch in der Zukunft leben.<\/p>\n\n\n\n<p>Der Papst erinnert uns daran, dass es keinen Grund gibt, noch l\u00e4nger zu z\u00f6gern.<\/p>\n\n\n\n<p>Wie die Propheten des Alten Testaments klopft Papst Franziskus an die T\u00fcr unseres Gewissens, um uns aus Positionen herauszuholen, hinter denen sich vielleicht Gleichg\u00fcltigkeit oder Egoismus verbergen und die uns daran hindern, uns zu \u00e4ndern: \u201eMachen wir ein f\u00fcr alle Mal Schluss mit dem unverantwortlichen Spott, der dieses Thema nur als etwas \u00d6kologisches, \u201aGr\u00fcnes\u2018, Romantisches darstellt, das oft von wirtschaftlichen Interessen l\u00e4cherlich gemacht wird. Wir sollten ein f\u00fcr alle Mal akzeptieren, dass es sich um ein menschliches und soziales Problem im weitesten Sinne handelt.\u201c<\/p>\n\n\n\n<p>Es ist nicht das erste Mal, dass ein zeitgen\u00f6ssischer Papst diese prophetische Funktion aus\u00fcbt. Der heilige Papst Paul VI. tat es mit <a href=\"https:\/\/www.vatican.va\/content\/paul-vi\/de\/encyclicals\/documents\/hf_p-vi_enc_25071968_humanae-vitae.html\" target=\"_blank\" rel=\"noreferrer noopener\">Humanae vitae<\/a> &#8211; und die bekannten Folgen der Nichtbeachtung seiner Botschaft sind heute traurig offensichtlich -; Johannes Paul II. tat es, indem er die Invasion des Irak anprangerte, die mit dem Zusammenbruch eines Landes endete, in dem Muslime und Christen einigerma\u00dfen friedlich zusammenlebten und nun praktisch verschwunden sind, indem sie &#8211; freiwillig oder gezwungenerma\u00dfen &#8211; in andere L\u00e4nder auswanderten.<\/p>\n\n\n\n<p>Jetzt tut Papst Franziskus dies mit einem Thema, das f\u00fcr einige weit vom Glauben entfernt zu sein scheint, das aber im Zentrum steht, indem es uns ermutigt, uns um unsere Br\u00fcder und Schwestern zu k\u00fcmmern, aber auch um die Sch\u00f6pfung, indem wir dem urspr\u00fcnglichen Auftrag der Genesis (2,15) folgen und ihre Sch\u00f6nheit bewundern, denn wenn \u201edie Welt den Gesang der unendlichen Liebe singt, wie k\u00f6nnten wir uns nicht um sie k\u00fcmmern\u201c (Papst Franziskus).<\/p>\n\n\n\n<h3 class=\"wp-block-heading\" id=\"h-organisch-fur-die-schopfung-leben\"><strong>Organisch f\u00fcr die Sch\u00f6pfung leben<\/strong><\/h3>\n\n\n\n<p>In Sch\u00f6nstatt k\u00f6nnen wir das Gleiche mit den Worten unseres Propheten Pater Kentenich sagen.<\/p>\n\n\n\n<p>\u201eHeiliger Boden, weil die Gottesmutter dieses Fleckchen Erde f\u00fcr sich ausgew\u00e4hlt hat; heiliger Boden, weil im Laufe der Jahre, Jahrzehnte und Jahrhunderte aus diesem Fleckchen Erde heilige Menschen entstehen, wachsen und fruchtbar wirken werden; heiliger Boden schlie\u00dflich, weil von hier aus die heiligen, d.h. die heiligenden Aufgaben auf schwache menschliche Schultern gelegt werden.\u201c<\/p>\n\n\n\n<p>In diesem November laden wir Sch\u00f6nst\u00e4tter in der ganzen Welt ein, Erfahrungen im Blick auf die Zukunft zu machen.<\/p>\n\n\n\n<h3 class=\"wp-block-heading\" id=\"h-herausforderungen-fur-dezember\"><strong>Herausforderungen f\u00fcr Dezember<\/strong><\/h3>\n\n\n\n<p><strong>Nimm die heilige Aufgabe an, die Sch\u00f6pfung zu bewahren.<\/strong><\/p>\n\n\n\n<p><strong>VERWANDLE DEINEN EINKAUFSWAGEN IN EINEN EINKAUFSWAGEN, UM DEINEN KOHLENSTOFF-FUSSABDRUCK ZU VERRINGERN.<\/strong><\/p>\n\n\n\n<p>Entscheiden Sie sich so oft wie m\u00f6glich f\u00fcr lokale, saisonale Produkte mit so wenig Verarbeitung und Verpackung wie m\u00f6glich.<\/p>\n\n\n\n<p><strong>ENTPLASTIFIZIERUNG SO VIEL WIE M\u00d6GLICH<\/strong><\/p>\n\n\n\n<p>Schauen Sie sich das Plastik um sich herum an und \u00fcberlegen Sie, wie viel Plastik Sie nicht brauchen. Diese Tipps werden Ihnen helfen, Ihren Plastikverbrauch zu reduzieren.<\/p>\n\n\n\n<p>&#8222;Die heilige berufliche Aufgabe des katholischen Menschen ist es, in allen Erscheinungsformen des menschlichen Lebens immer der Herausragendste, der Beste zu sein. \u2026. Es gibt einen heiligen Stolz, einen Ehrgeiz, der eine Pflicht ist: sich im Guten zu \u00fcbertreffen!\u201c (J.K. 15.04.1928).<\/p>\n\n\n\n<hr class=\"wp-block-separator has-text-color has-alpha-channel-opacity has-background\" style=\"background-color:#e58908;color:#e58908\"\/>\n\n\n\n<blockquote class=\"wp-block-quote is-layout-flow wp-block-quote-is-layout-flow\">\n<h2 class=\"wp-block-heading\" id=\"h-einladung\"><strong>Einladung<\/strong><\/h2>\n\n\n\n<p>Ich lade Fachleute aus den Bereichen Design, Ingenieurwesen, Architektur, Landschaftsarchitektur und Bauwesen ein, zusammenzukommen und zu versuchen, \u00fcber diese Errungenschaft der Nachhaltigkeit und die Zukunft der Menschheit nachzudenken.<\/p>\n\n\n\n<p>Schlie\u00dfen Sie sich uns an, lassen Sie uns gemeinsam f\u00fcr die Zukunft handeln.<\/p>\n\n\n\n<p>Wenn Sie teilnehmen m\u00f6chten, schreiben Sie mir eine private Nachricht auf meinem Instagram-Account: <a href=\"https:\/\/www.instagram.com\/gavilan_green.spaces\/\" target=\"_blank\" rel=\"noreferrer noopener\">@gavilan_green.spaces<\/a><br>Oder per E-Mail an: gavilan.foreverstore@gmail.com<br>Oder an die WhatsApp Nummer: +351 915 943 107<\/p>\n<\/blockquote>\n\n\n\n<hr class=\"wp-block-separator has-text-color has-alpha-channel-opacity has-background\" style=\"background-color:#e58908;color:#e58908\"\/>\n\n\n\n<div style=\"height:41px\" aria-hidden=\"true\" class=\"wp-block-spacer\"><\/div>\n\n\n\n<p><strong>\u00dcbersetzung: <\/strong>Vanessa Franke<br><strong>Lektorat:<\/strong> Hildegard Kaiser<\/p>\n\n\n\n<p><strong>Mehr lesen<\/strong><\/p>\n\n\n\n<figure class=\"wp-block-embed is-type-wp-embed is-provider-schoenstatt wp-block-embed-schoenstatt\"><div class=\"wp-block-embed__wrapper\">\n<blockquote class=\"wp-embedded-content\" data-secret=\"qKyWxLzu3k\"><a href=\"https:\/\/schoenstatt.com\/de\/was-bedeutet-es-ein-climarianer-zu-sein-eine-herausforderung-fuer-alle\/\">Was bedeutet es, ein \u201eCliMARIANer\u201c zu sein? Eine Herausforderung f\u00fcr alle<\/a><\/blockquote><iframe class=\"wp-embedded-content\" sandbox=\"allow-scripts\" security=\"restricted\" style=\"position: absolute; visibility: hidden;\" title=\"&#8222;Was bedeutet es, ein \u201eCliMARIANer\u201c zu sein? Eine Herausforderung f\u00fcr alle&#8220; &#8212; Schoenstatt\" src=\"https:\/\/schoenstatt.com\/de\/was-bedeutet-es-ein-climarianer-zu-sein-eine-herausforderung-fuer-alle\/embed\/#?secret=Gsa5KlcslT#?secret=qKyWxLzu3k\" data-secret=\"qKyWxLzu3k\" width=\"600\" height=\"338\" frameborder=\"0\" marginwidth=\"0\" marginheight=\"0\" scrolling=\"no\"><\/iframe>\n<\/div><\/figure>\n","protected":false},"excerpt":{"rendered":"<p>In Fortsetzung unserer \u00dcberlegungen zum Thema Umwelt wollen wir uns ansehen, was einige P\u00e4pste zu den Auswirkungen des Klimawandels gesagt haben.<\/p>\n","protected":false},"author":3,"featured_media":42515,"comment_status":"closed","ping_status":"closed","sticky":false,"template":"","format":"standard","meta":{"footnotes":""},"categories":[910,882],"tags":[],"class_list":["post-42523","post","type-post","status-publish","format-standard","has-post-thumbnail","hentry","category-gesellschaft-de","category-umwelt-de"],"yoast_head":"<!-- This site is optimized with the Yoast SEO Premium plugin v27.4 (Yoast SEO v27.4) - https:\/\/yoast.com\/product\/yoast-seo-premium-wordpress\/ -->\n<title>Ein \u201eprophetischer\u201c Text zur Bek\u00e4mpfung des Klimawandels - Schoenstatt<\/title>\n<meta name=\"description\" content=\"In Fortsetzung unserer \u00dcberlegungen zum Thema Umwelt wollen wir uns ansehen, was einige P\u00e4pste zu den Auswirkungen des Klimawandels gesagt haben.\" \/>\n<meta name=\"robots\" content=\"index, follow, max-snippet:-1, max-image-preview:large, max-video-preview:-1\" \/>\n<link rel=\"canonical\" href=\"https:\/\/schoenstatt.com\/de\/ein-prophetischer-text-zur-bekaempfung-des-klimawandels\/\" \/>\n<meta property=\"og:locale\" content=\"de_DE\" \/>\n<meta property=\"og:type\" content=\"article\" \/>\n<meta property=\"og:title\" content=\"Ein \u201eprophetischer\u201c Text zur Bek\u00e4mpfung des Klimawandels\" \/>\n<meta property=\"og:description\" content=\"In Fortsetzung unserer \u00dcberlegungen zum Thema Umwelt wollen wir uns ansehen, was einige P\u00e4pste zu den Auswirkungen des Klimawandels gesagt haben.\" \/>\n<meta property=\"og:url\" content=\"https:\/\/schoenstatt.com\/de\/ein-prophetischer-text-zur-bekaempfung-des-klimawandels\/\" \/>\n<meta property=\"og:site_name\" content=\"Schoenstatt\" \/>\n<meta property=\"article:published_time\" content=\"2024-12-04T02:03:00+00:00\" \/>\n<meta property=\"article:modified_time\" content=\"2025-05-15T20:43:32+00:00\" \/>\n<meta property=\"og:image\" content=\"https:\/\/schoenstatt.com\/wp-content\/uploads\/2024\/12\/ecology-1.jpg\" \/>\n\t<meta property=\"og:image:width\" content=\"1600\" \/>\n\t<meta property=\"og:image:height\" content=\"807\" \/>\n\t<meta property=\"og:image:type\" content=\"image\/jpeg\" \/>\n<meta name=\"author\" content=\"Karen Bueno\" \/>\n<meta name=\"twitter:card\" content=\"summary_large_image\" \/>\n<meta name=\"twitter:label1\" content=\"Verfasst von\" \/>\n\t<meta name=\"twitter:data1\" content=\"Karen Bueno\" \/>\n\t<meta name=\"twitter:label2\" content=\"Gesch\u00e4tzte Lesezeit\" \/>\n\t<meta name=\"twitter:data2\" content=\"4\u00a0Minuten\" \/>\n<script type=\"application\/ld+json\" class=\"yoast-schema-graph\">{\"@context\":\"https:\\\/\\\/schema.org\",\"@graph\":[{\"@type\":\"Article\",\"@id\":\"https:\\\/\\\/schoenstatt.com\\\/de\\\/ein-prophetischer-text-zur-bekaempfung-des-klimawandels\\\/#article\",\"isPartOf\":{\"@id\":\"https:\\\/\\\/schoenstatt.com\\\/de\\\/ein-prophetischer-text-zur-bekaempfung-des-klimawandels\\\/\"},\"author\":{\"name\":\"Karen Bueno\",\"@id\":\"https:\\\/\\\/schoenstatt.com\\\/de\\\/#\\\/schema\\\/person\\\/5158877ad4acae98b34daaeef2a1ce6e\"},\"headline\":\"Ein \u201eprophetischer\u201c Text zur Bek\u00e4mpfung des Klimawandels\",\"datePublished\":\"2024-12-04T02:03:00+00:00\",\"dateModified\":\"2025-05-15T20:43:32+00:00\",\"mainEntityOfPage\":{\"@id\":\"https:\\\/\\\/schoenstatt.com\\\/de\\\/ein-prophetischer-text-zur-bekaempfung-des-klimawandels\\\/\"},\"wordCount\":836,\"publisher\":{\"@id\":\"https:\\\/\\\/schoenstatt.com\\\/de\\\/#organization\"},\"image\":{\"@id\":\"https:\\\/\\\/schoenstatt.com\\\/de\\\/ein-prophetischer-text-zur-bekaempfung-des-klimawandels\\\/#primaryimage\"},\"thumbnailUrl\":\"https:\\\/\\\/schoenstatt.com\\\/wp-content\\\/uploads\\\/2024\\\/12\\\/ecology-1.jpg\",\"articleSection\":[\"Gesellschaft\",\"Umwelt\"],\"inLanguage\":\"de\"},{\"@type\":\"WebPage\",\"@id\":\"https:\\\/\\\/schoenstatt.com\\\/de\\\/ein-prophetischer-text-zur-bekaempfung-des-klimawandels\\\/\",\"url\":\"https:\\\/\\\/schoenstatt.com\\\/de\\\/ein-prophetischer-text-zur-bekaempfung-des-klimawandels\\\/\",\"name\":\"Ein \u201eprophetischer\u201c Text zur Bek\u00e4mpfung des Klimawandels - Schoenstatt\",\"isPartOf\":{\"@id\":\"https:\\\/\\\/schoenstatt.com\\\/de\\\/#website\"},\"primaryImageOfPage\":{\"@id\":\"https:\\\/\\\/schoenstatt.com\\\/de\\\/ein-prophetischer-text-zur-bekaempfung-des-klimawandels\\\/#primaryimage\"},\"image\":{\"@id\":\"https:\\\/\\\/schoenstatt.com\\\/de\\\/ein-prophetischer-text-zur-bekaempfung-des-klimawandels\\\/#primaryimage\"},\"thumbnailUrl\":\"https:\\\/\\\/schoenstatt.com\\\/wp-content\\\/uploads\\\/2024\\\/12\\\/ecology-1.jpg\",\"datePublished\":\"2024-12-04T02:03:00+00:00\",\"dateModified\":\"2025-05-15T20:43:32+00:00\",\"description\":\"In Fortsetzung unserer \u00dcberlegungen zum Thema Umwelt wollen wir uns ansehen, was einige P\u00e4pste zu den Auswirkungen des Klimawandels gesagt haben.\",\"breadcrumb\":{\"@id\":\"https:\\\/\\\/schoenstatt.com\\\/de\\\/ein-prophetischer-text-zur-bekaempfung-des-klimawandels\\\/#breadcrumb\"},\"inLanguage\":\"de\",\"potentialAction\":[{\"@type\":\"ReadAction\",\"target\":[\"https:\\\/\\\/schoenstatt.com\\\/de\\\/ein-prophetischer-text-zur-bekaempfung-des-klimawandels\\\/\"]}]},{\"@type\":\"ImageObject\",\"inLanguage\":\"de\",\"@id\":\"https:\\\/\\\/schoenstatt.com\\\/de\\\/ein-prophetischer-text-zur-bekaempfung-des-klimawandels\\\/#primaryimage\",\"url\":\"https:\\\/\\\/schoenstatt.com\\\/wp-content\\\/uploads\\\/2024\\\/12\\\/ecology-1.jpg\",\"contentUrl\":\"https:\\\/\\\/schoenstatt.com\\\/wp-content\\\/uploads\\\/2024\\\/12\\\/ecology-1.jpg\",\"width\":1600,\"height\":807},{\"@type\":\"BreadcrumbList\",\"@id\":\"https:\\\/\\\/schoenstatt.com\\\/de\\\/ein-prophetischer-text-zur-bekaempfung-des-klimawandels\\\/#breadcrumb\",\"itemListElement\":[{\"@type\":\"ListItem\",\"position\":1,\"name\":\"Portada\",\"item\":\"https:\\\/\\\/schoenstatt.com\\\/de\\\/home\\\/\"},{\"@type\":\"ListItem\",\"position\":2,\"name\":\"Ein \u201eprophetischer\u201c Text zur Bek\u00e4mpfung des Klimawandels\"}]},{\"@type\":\"WebSite\",\"@id\":\"https:\\\/\\\/schoenstatt.com\\\/de\\\/#website\",\"url\":\"https:\\\/\\\/schoenstatt.com\\\/de\\\/\",\"name\":\"Schoenstatt\",\"description\":\"Apostolic Movement\",\"publisher\":{\"@id\":\"https:\\\/\\\/schoenstatt.com\\\/de\\\/#organization\"},\"potentialAction\":[{\"@type\":\"SearchAction\",\"target\":{\"@type\":\"EntryPoint\",\"urlTemplate\":\"https:\\\/\\\/schoenstatt.com\\\/de\\\/?s={search_term_string}\"},\"query-input\":{\"@type\":\"PropertyValueSpecification\",\"valueRequired\":true,\"valueName\":\"search_term_string\"}}],\"inLanguage\":\"de\"},{\"@type\":\"Organization\",\"@id\":\"https:\\\/\\\/schoenstatt.com\\\/de\\\/#organization\",\"name\":\"Schoenstatt\",\"url\":\"https:\\\/\\\/schoenstatt.com\\\/de\\\/\",\"logo\":{\"@type\":\"ImageObject\",\"inLanguage\":\"de\",\"@id\":\"https:\\\/\\\/schoenstatt.com\\\/de\\\/#\\\/schema\\\/logo\\\/image\\\/\",\"url\":\"https:\\\/\\\/schoenstatt.com\\\/wp-content\\\/uploads\\\/2025\\\/04\\\/logo-schoenstatt-white-696x696-1.png\",\"contentUrl\":\"https:\\\/\\\/schoenstatt.com\\\/wp-content\\\/uploads\\\/2025\\\/04\\\/logo-schoenstatt-white-696x696-1.png\",\"width\":696,\"height\":694,\"caption\":\"Schoenstatt\"},\"image\":{\"@id\":\"https:\\\/\\\/schoenstatt.com\\\/de\\\/#\\\/schema\\\/logo\\\/image\\\/\"}},{\"@type\":\"Person\",\"@id\":\"https:\\\/\\\/schoenstatt.com\\\/de\\\/#\\\/schema\\\/person\\\/5158877ad4acae98b34daaeef2a1ce6e\",\"name\":\"Karen Bueno\",\"image\":{\"@type\":\"ImageObject\",\"inLanguage\":\"de\",\"@id\":\"https:\\\/\\\/secure.gravatar.com\\\/avatar\\\/f9f4b823873154269d2b2130f195f6d41037dd0d7fc5f3cacb5c846bae70d66b?s=96&d=mm&r=g\",\"url\":\"https:\\\/\\\/secure.gravatar.com\\\/avatar\\\/f9f4b823873154269d2b2130f195f6d41037dd0d7fc5f3cacb5c846bae70d66b?s=96&d=mm&r=g\",\"contentUrl\":\"https:\\\/\\\/secure.gravatar.com\\\/avatar\\\/f9f4b823873154269d2b2130f195f6d41037dd0d7fc5f3cacb5c846bae70d66b?s=96&d=mm&r=g\",\"caption\":\"Karen Bueno\"},\"url\":\"https:\\\/\\\/schoenstatt.com\\\/de\\\/author\\\/karen-bueno\\\/\"}]}<\/script>\n<!-- \/ Yoast SEO Premium plugin. -->","yoast_head_json":{"title":"Ein \u201eprophetischer\u201c Text zur Bek\u00e4mpfung des Klimawandels - Schoenstatt","description":"In Fortsetzung unserer \u00dcberlegungen zum Thema Umwelt wollen wir uns ansehen, was einige P\u00e4pste zu den Auswirkungen des Klimawandels gesagt haben.","robots":{"index":"index","follow":"follow","max-snippet":"max-snippet:-1","max-image-preview":"max-image-preview:large","max-video-preview":"max-video-preview:-1"},"canonical":"https:\/\/schoenstatt.com\/de\/ein-prophetischer-text-zur-bekaempfung-des-klimawandels\/","og_locale":"de_DE","og_type":"article","og_title":"Ein \u201eprophetischer\u201c Text zur Bek\u00e4mpfung des Klimawandels","og_description":"In Fortsetzung unserer \u00dcberlegungen zum Thema Umwelt wollen wir uns ansehen, was einige P\u00e4pste zu den Auswirkungen des Klimawandels gesagt haben.","og_url":"https:\/\/schoenstatt.com\/de\/ein-prophetischer-text-zur-bekaempfung-des-klimawandels\/","og_site_name":"Schoenstatt","article_published_time":"2024-12-04T02:03:00+00:00","article_modified_time":"2025-05-15T20:43:32+00:00","og_image":[{"width":1600,"height":807,"url":"https:\/\/schoenstatt.com\/wp-content\/uploads\/2024\/12\/ecology-1.jpg","type":"image\/jpeg"}],"author":"Karen Bueno","twitter_card":"summary_large_image","twitter_misc":{"Verfasst von":"Karen Bueno","Gesch\u00e4tzte Lesezeit":"4\u00a0Minuten"},"schema":{"@context":"https:\/\/schema.org","@graph":[{"@type":"Article","@id":"https:\/\/schoenstatt.com\/de\/ein-prophetischer-text-zur-bekaempfung-des-klimawandels\/#article","isPartOf":{"@id":"https:\/\/schoenstatt.com\/de\/ein-prophetischer-text-zur-bekaempfung-des-klimawandels\/"},"author":{"name":"Karen Bueno","@id":"https:\/\/schoenstatt.com\/de\/#\/schema\/person\/5158877ad4acae98b34daaeef2a1ce6e"},"headline":"Ein \u201eprophetischer\u201c Text zur Bek\u00e4mpfung des Klimawandels","datePublished":"2024-12-04T02:03:00+00:00","dateModified":"2025-05-15T20:43:32+00:00","mainEntityOfPage":{"@id":"https:\/\/schoenstatt.com\/de\/ein-prophetischer-text-zur-bekaempfung-des-klimawandels\/"},"wordCount":836,"publisher":{"@id":"https:\/\/schoenstatt.com\/de\/#organization"},"image":{"@id":"https:\/\/schoenstatt.com\/de\/ein-prophetischer-text-zur-bekaempfung-des-klimawandels\/#primaryimage"},"thumbnailUrl":"https:\/\/schoenstatt.com\/wp-content\/uploads\/2024\/12\/ecology-1.jpg","articleSection":["Gesellschaft","Umwelt"],"inLanguage":"de"},{"@type":"WebPage","@id":"https:\/\/schoenstatt.com\/de\/ein-prophetischer-text-zur-bekaempfung-des-klimawandels\/","url":"https:\/\/schoenstatt.com\/de\/ein-prophetischer-text-zur-bekaempfung-des-klimawandels\/","name":"Ein \u201eprophetischer\u201c Text zur Bek\u00e4mpfung des Klimawandels - Schoenstatt","isPartOf":{"@id":"https:\/\/schoenstatt.com\/de\/#website"},"primaryImageOfPage":{"@id":"https:\/\/schoenstatt.com\/de\/ein-prophetischer-text-zur-bekaempfung-des-klimawandels\/#primaryimage"},"image":{"@id":"https:\/\/schoenstatt.com\/de\/ein-prophetischer-text-zur-bekaempfung-des-klimawandels\/#primaryimage"},"thumbnailUrl":"https:\/\/schoenstatt.com\/wp-content\/uploads\/2024\/12\/ecology-1.jpg","datePublished":"2024-12-04T02:03:00+00:00","dateModified":"2025-05-15T20:43:32+00:00","description":"In Fortsetzung unserer \u00dcberlegungen zum Thema Umwelt wollen wir uns ansehen, was einige P\u00e4pste zu den Auswirkungen des Klimawandels gesagt haben.","breadcrumb":{"@id":"https:\/\/schoenstatt.com\/de\/ein-prophetischer-text-zur-bekaempfung-des-klimawandels\/#breadcrumb"},"inLanguage":"de","potentialAction":[{"@type":"ReadAction","target":["https:\/\/schoenstatt.com\/de\/ein-prophetischer-text-zur-bekaempfung-des-klimawandels\/"]}]},{"@type":"ImageObject","inLanguage":"de","@id":"https:\/\/schoenstatt.com\/de\/ein-prophetischer-text-zur-bekaempfung-des-klimawandels\/#primaryimage","url":"https:\/\/schoenstatt.com\/wp-content\/uploads\/2024\/12\/ecology-1.jpg","contentUrl":"https:\/\/schoenstatt.com\/wp-content\/uploads\/2024\/12\/ecology-1.jpg","width":1600,"height":807},{"@type":"BreadcrumbList","@id":"https:\/\/schoenstatt.com\/de\/ein-prophetischer-text-zur-bekaempfung-des-klimawandels\/#breadcrumb","itemListElement":[{"@type":"ListItem","position":1,"name":"Portada","item":"https:\/\/schoenstatt.com\/de\/home\/"},{"@type":"ListItem","position":2,"name":"Ein \u201eprophetischer\u201c Text zur Bek\u00e4mpfung des Klimawandels"}]},{"@type":"WebSite","@id":"https:\/\/schoenstatt.com\/de\/#website","url":"https:\/\/schoenstatt.com\/de\/","name":"Schoenstatt","description":"Apostolic Movement","publisher":{"@id":"https:\/\/schoenstatt.com\/de\/#organization"},"potentialAction":[{"@type":"SearchAction","target":{"@type":"EntryPoint","urlTemplate":"https:\/\/schoenstatt.com\/de\/?s={search_term_string}"},"query-input":{"@type":"PropertyValueSpecification","valueRequired":true,"valueName":"search_term_string"}}],"inLanguage":"de"},{"@type":"Organization","@id":"https:\/\/schoenstatt.com\/de\/#organization","name":"Schoenstatt","url":"https:\/\/schoenstatt.com\/de\/","logo":{"@type":"ImageObject","inLanguage":"de","@id":"https:\/\/schoenstatt.com\/de\/#\/schema\/logo\/image\/","url":"https:\/\/schoenstatt.com\/wp-content\/uploads\/2025\/04\/logo-schoenstatt-white-696x696-1.png","contentUrl":"https:\/\/schoenstatt.com\/wp-content\/uploads\/2025\/04\/logo-schoenstatt-white-696x696-1.png","width":696,"height":694,"caption":"Schoenstatt"},"image":{"@id":"https:\/\/schoenstatt.com\/de\/#\/schema\/logo\/image\/"}},{"@type":"Person","@id":"https:\/\/schoenstatt.com\/de\/#\/schema\/person\/5158877ad4acae98b34daaeef2a1ce6e","name":"Karen Bueno","image":{"@type":"ImageObject","inLanguage":"de","@id":"https:\/\/secure.gravatar.com\/avatar\/f9f4b823873154269d2b2130f195f6d41037dd0d7fc5f3cacb5c846bae70d66b?s=96&d=mm&r=g","url":"https:\/\/secure.gravatar.com\/avatar\/f9f4b823873154269d2b2130f195f6d41037dd0d7fc5f3cacb5c846bae70d66b?s=96&d=mm&r=g","contentUrl":"https:\/\/secure.gravatar.com\/avatar\/f9f4b823873154269d2b2130f195f6d41037dd0d7fc5f3cacb5c846bae70d66b?s=96&d=mm&r=g","caption":"Karen Bueno"},"url":"https:\/\/schoenstatt.com\/de\/author\/karen-bueno\/"}]}},"_links":{"self":[{"href":"https:\/\/schoenstatt.com\/de\/wp-json\/wp\/v2\/posts\/42523","targetHints":{"allow":["GET"]}}],"collection":[{"href":"https:\/\/schoenstatt.com\/de\/wp-json\/wp\/v2\/posts"}],"about":[{"href":"https:\/\/schoenstatt.com\/de\/wp-json\/wp\/v2\/types\/post"}],"author":[{"embeddable":true,"href":"https:\/\/schoenstatt.com\/de\/wp-json\/wp\/v2\/users\/3"}],"replies":[{"embeddable":true,"href":"https:\/\/schoenstatt.com\/de\/wp-json\/wp\/v2\/comments?post=42523"}],"version-history":[{"count":1,"href":"https:\/\/schoenstatt.com\/de\/wp-json\/wp\/v2\/posts\/42523\/revisions"}],"predecessor-version":[{"id":47205,"href":"https:\/\/schoenstatt.com\/de\/wp-json\/wp\/v2\/posts\/42523\/revisions\/47205"}],"wp:featuredmedia":[{"embeddable":true,"href":"https:\/\/schoenstatt.com\/de\/wp-json\/wp\/v2\/media\/42515"}],"wp:attachment":[{"href":"https:\/\/schoenstatt.com\/de\/wp-json\/wp\/v2\/media?parent=42523"}],"wp:term":[{"taxonomy":"category","embeddable":true,"href":"https:\/\/schoenstatt.com\/de\/wp-json\/wp\/v2\/categories?post=42523"},{"taxonomy":"post_tag","embeddable":true,"href":"https:\/\/schoenstatt.com\/de\/wp-json\/wp\/v2\/tags?post=42523"}],"curies":[{"name":"wp","href":"https:\/\/api.w.org\/{rel}","templated":true}]}}