{"id":42410,"date":"2024-11-25T12:02:41","date_gmt":"2024-11-25T11:02:41","guid":{"rendered":"https:\/\/schoenstatt.com\/?p=42410"},"modified":"2025-05-15T20:17:11","modified_gmt":"2025-05-15T18:17:11","slug":"die-synode-und-die-vision-einer-erneuerten-kirche-ueberlegungen-zur-inspiration-durch-pater-kentenich-und-papst-franziskus","status":"publish","type":"post","link":"https:\/\/schoenstatt.com\/de\/die-synode-und-die-vision-einer-erneuerten-kirche-ueberlegungen-zur-inspiration-durch-pater-kentenich-und-papst-franziskus\/","title":{"rendered":"Die Synode und die Vision einer erneuerten Kirche: \u00dcberlegungen zur Inspiration durch Pater Kentenich und Papst Franziskus"},"content":{"rendered":"\n<p><strong>Monsignore Ram\u00f3n Alfredo de la Cruz Baldera, Bischof der Di\u00f6zese San Francisco de Macor\u00eds in der Dominikanischen Republik und Mitglied des <a href=\"https:\/\/schoenstatt.com\/de\/in-gemeinschaft\/priester\/institut-dioezesanpriester\/\"><mark style=\"background-color:rgba(0, 0, 0, 0);color:#d86e0c\" class=\"has-inline-color\">Sch\u00f6nstatt-Instituts der Di\u00f6zesanpriester<\/mark><\/a>, <a href=\"https:\/\/schoenstatt.com\/de\/drei-schoenstaetter-zur-synode-berufen-lasst-uns-fuer-sie-beten\/\"><mark style=\"background-color:rgba(0, 0, 0, 0);color:#d86e0c\" class=\"has-inline-color\">war einer der Teilnehmer der Bischofssynode<\/mark><\/a> 2023\/2024, die von Papst Franziskus zusammen mit zahlreichen Bisch\u00f6fen, Priestern, Ordensleuten und Laien einberufen worden war. Heute erz\u00e4hlt er uns, was die aktuelle Synode mit dem Kirchenbild Pater Josef Kentenichs zu tun hat:<\/strong><\/p>\n\n\n\n<p>Inmitten der <a href=\"https:\/\/www.synod.va\/en.html\" target=\"_blank\" rel=\"noreferrer noopener\"><mark style=\"background-color:rgba(0, 0, 0, 0);color:#d86e0c\" class=\"has-inline-color\">synodalen Reflexion<\/mark><\/a>, in der jedes Wort und jede Geste das Echo des Zweiten Vatikanischen Konzils widerzuspiegeln schien, f\u00fchlte ich mich in eine tiefe Meditation \u00fcber die Gestalt Pater Josef Kentenichs eingeh\u00fcllt. Als Sch\u00f6nst\u00e4tter fand mein Geist und mein Herz eine nat\u00fcrliche Br\u00fccke zwischen der Inspiration des Gr\u00fcnders der Sch\u00f6nstattbewegung und der Vision der Kirche, die Papst Franziskus aufbauen m\u00f6chte. Als ich die Teilnehmer im Dialog und im Gebet beobachtete, sp\u00fcrte ich die gemeinsame Sehnsucht nach einer erneuerten Kirche, die sich mehr vom Heiligen Geist leiten l\u00e4sst als von menschlichen Strukturen, die offener ist f\u00fcr das H\u00f6ren als f\u00fcr das Aufstellen von Regeln. Und in dieser Sehnsucht schien der Geist Pater Kentenichs zu pulsieren, im Einklang mit den pastoralen W\u00fcnschen des Heiligen Vaters.<\/p>\n\n\n\n<figure class=\"wp-block-image size-large\"><img decoding=\"async\" src=\"https:\/\/schoenstatt.com\/wp-content\/uploads\/2024\/11\/Bishop-Alfredo-de-la-Cruz-Baldera-synod-sinodo-2024-1024x683.jpg\" alt=\"\" class=\"wp-image-42402\"\/><\/figure>\n\n\n\n<h3 class=\"wp-block-heading\" id=\"h-die-brucke-zwischen-pater-kentenich-und-papst-franziskus\"><strong>Die Br\u00fccke zwischen Pater Kentenich und Papst Franziskus<\/strong><\/h3>\n\n\n\n<p>Sowohl f\u00fcr Pater Kentenich als auch f\u00fcr Papst Franziskus ist die Erneuerung der Kirche ein Traum, der in der Tiefe eines f\u00fcr den Geist ge\u00f6ffneten Herzens entsteht. Pater Kentenich war in seiner K\u00fchnheit als Reformer ein Pionier, der die Notwendigkeit einer Kirche sah, die wirklich in der Liebe und in der kindlichen Freiheit verwurzelt ist. In seiner Lehre k\u00f6nnen wir die Vorwegnahme dessen sehen, was wir heute unter Synodalit\u00e4t verstehen: eine Kirche, die zuh\u00f6rt, die aufnimmt und die sich auf dem Weg vereint. Als guter Hirte unserer Zeit will Franziskus kein Reformprogramm von oben verordnen, sondern zu einer Umkehr des Herzens, der Gemeinschaft und der Sendung ermutigen, wie sie unser Gr\u00fcnder ertr\u00e4umt hat.<\/p>\n\n\n\n<p>Die N\u00e4he zwischen Pater Kentenich und Papst Franziskus zeigt sich in der gleichen \u00dcberzeugung: Die Zukunft der Kirche liegt an ihren neuen Ufern, in einer Evangelisierung, die sich nicht mit den traditionellen Methoden zufrieden gibt, sondern das Wagnis eingeht, hinauszugehen und die R\u00e4nder der Menschheit zu ber\u00fchren. Beide haben zu unterschiedlichen Zeiten darauf hingewiesen, dass die Kirche keine starre Struktur sein darf, sondern wie ein Boot, das sich, vom Geist getrieben, neuen Horizonten \u00f6ffnet.<\/p>\n\n\n\n<h3 class=\"wp-block-heading\" id=\"h-der-geist-des-zweiten-vatikanischen-konzils-in-der-synode-uber-die-synodalitat\"><strong>Der Geist des Zweiten Vatikanischen Konzils in der Synode \u00fcber die Synodalit\u00e4t<\/strong><\/h3>\n\n\n\n<p>Als Sch\u00f6nst\u00e4tter kann ich nicht umhin, in dieser Synode ein getreues Echo des Zweiten Vatikanischen Konzils zu sehen und auch die Verwirklichung eines Traumes, den Pater Kentenich mit Nachdruck ge\u00e4u\u00dfert hat: das Entstehen einer Kirche der \u201eneuen Ufer\u201c, einer Kirche, die sich von innen her erneuert, die sich anpasst, ohne ihr Wesen zu verlieren, und die auf die N\u00f6te der Zeit antwortet. In dieser Synode ist jeder von uns aufgerufen, Protagonist dieser Erneuerung zu sein, nicht seine Vorlieben durchzusetzen, sondern gemeinsam unter der F\u00fchrung des Heiligen Geistes zu unterscheiden.<\/p>\n\n\n\n<p>Das Zweite Vatikanische Konzil war ein Meilenstein in der Geschichte der Kirche, denn es forderte eine \u00d6ffnung zur Welt und eine st\u00e4rkere Zusammenarbeit zwischen Klerus und Laien. Die Synode der Synodalit\u00e4t ist die Umsetzung dieses Konzils, und hier sp\u00fcre ich die N\u00e4he unseres Gr\u00fcnders, dem auch eine Kirche vorschwebte, die f\u00e4hig ist, Mutter und Lehrerin zu sein, eine Kirche, die sich vom Heiligen Geist leiten l\u00e4sst und den Mut hat, die Schranken niederzurei\u00dfen, die sie von den Menschen trennen.<\/p>\n\n\n\n<figure class=\"wp-block-image size-large\"><img decoding=\"async\" src=\"https:\/\/schoenstatt.com\/wp-content\/uploads\/2024\/11\/Bishop-Alfredo-de-la-Cruz-Baldera-synod-sinodo-2024-b-1024x682.jpg\" alt=\"\" class=\"wp-image-42406\"\/><\/figure>\n\n\n\n<h3 class=\"wp-block-heading\" id=\"h-die-kirche-am-neuen-ufer-kentenichs-traum-wird-wirklichkeit\"><strong>Die Kirche am Neuen Ufer: Kentenichs Traum wird Wirklichkeit<\/strong><\/h3>\n\n\n\n<p>Pater Kentenich hat immer wieder von einer \u201eKirche der neuen Ufer\u201c gesprochen, von der Vision einer verwandelten Kirche, die \u00fcber ihre Grenzen hinausschaut und sich vom Heiligen Geist formen l\u00e4sst, um alle Herzen zu erreichen. In dieser Synode sehe ich diesen Traum Wirklichkeit werden. In jedem Beitrag, in jedem Vorschlag, in jedem Moment des Zuh\u00f6rens sp\u00fcre ich, wie die Kirche zu einem Leuchtfeuer der Hoffnung wird, zu einem Licht, das sich nicht scheut, in die Nacht der modernen Sorgen einzudringen. Wir gehen auf eine Kirche zu, die sich nicht damit begn\u00fcgt, das Bestehende zu bewahren, sondern die aufbricht zu den Ufern, von denen Pater Kentenich so sehr getr\u00e4umt hat.<\/p>\n\n\n\n<p>Die Erneuerung, die uns die Synode vorschl\u00e4gt, ist im Wesentlichen eine Einladung an jeden von uns, Zeuge dieser Kirche auf dem Weg zu sein. Wir Sch\u00f6nst\u00e4tter sind aus unserer marianischen Spiritualit\u00e4t und unserem Vorsehungsglauben heraus aufgerufen, zu diesem Geist der Familie, des B\u00fcndnisses und des Einsatzes f\u00fcr die neuen Generationen beizutragen. Das ist unsere Chance zu zeigen, dass wir mit der Kraft Mariens eine Kirche sein k\u00f6nnen, die die Liebe Christi aufnimmt und zu ihr hinf\u00fchrt.<\/p>\n\n\n\n<h3 class=\"wp-block-heading\" id=\"h-gemeinsam-auf-dem-weg-zur-kirche-von-morgen\"><strong>Gemeinsam auf dem Weg zur Kirche von morgen<\/strong><\/h3>\n\n\n\n<p>Die Synode der Synodalit\u00e4t, inspiriert vom Zweiten Vatikanischen Konzil und geleitet vom Heiligen Geist, l\u00e4dt uns ein, eine Kirche im Aufbruch zu sein, eine Kirche, die sich erneuert und ihrer Sendung treu bleibt. Sowohl Pater Kentenich als auch Papst Franziskus vertrauen auf eine lebendige Kirche, nicht auf eine Institution, die in der Zeit erstarrt ist. Beide tr\u00e4umen von einer Kirche, die sich im Rhythmus des Geistes bewegt, die im Dialog mit der Welt steht und Hoffnung gibt f\u00fcr die, die sie am meisten brauchen.<\/p>\n\n\n\n<p>Am Ende eines jeden Synodentages habe ich den Eindruck, dass wir die Kirche der neuen Ufer ins Leben rufen, die sich unser Gr\u00fcnder so sehr gew\u00fcnscht hat. Eine Kirche, die wie Maria zur Zuflucht und zum Wegweiser wird und die, ihrem Wesen treu, offen ist f\u00fcr den st\u00e4ndigen Ruf des Geistes, mit allen Kindern Gottes zu gehen. So gehen wir nach dem Vorbild Pater Kentenichs und unter der F\u00fchrung von Papst Franziskus Schritt f\u00fcr Schritt auf eine erneuerte Kirche zu, die Christus treu ist und der Welt dient.<\/p>\n\n\n\n<p><strong>\u00dcbersetzung:<\/strong> Sr. M. Lourdes Mac\u00edas<br><strong>Lektorat:<\/strong> Hildegard Kaiser<\/p>\n\n\n\n<p><strong>Mehr lesen:<\/strong><\/p>\n\n\n\n<h3 class=\"wp-block-heading\" id=\"h-schonstatt-bischof-bei-der-synode-kirche-der-neuen-ufer-bauen\"><a href=\"https:\/\/schoenstatt.com\/de\/schoenstatt-bischof-bei-der-synode-kirche-der-neuen-ufer-bauen\/\"><mark style=\"background-color:rgba(0, 0, 0, 0);color:#d86e0c\" class=\"has-inline-color\">Sch\u00f6nstatt-Bischof bei der Synode: \u201eKirche der neuen Ufer\u201c bauen<\/mark><\/a><\/h3>\n","protected":false},"excerpt":{"rendered":"<p>Bischof Alfredo de la Cruz Baldera hat an der Bischofssynode in Rom teilgenommen und erz\u00e4hlt, was die Synode mit der Vision Pater Kentenichs f\u00fcr die Kirche zu tun hat.<\/p>\n","protected":false},"author":3,"featured_media":32676,"comment_status":"closed","ping_status":"closed","sticky":false,"template":"","format":"standard","meta":{"footnotes":""},"categories":[851,852,907],"tags":[],"class_list":["post-42410","post","type-post","status-publish","format-standard","has-post-thumbnail","hentry","category-kirche-de","category-papst-franziskus-de","category-schoenstatt-gemeinschaften-de"],"yoast_head":"<!-- This site is optimized with the Yoast SEO Premium plugin v27.4 (Yoast SEO v27.4) - https:\/\/yoast.com\/product\/yoast-seo-premium-wordpress\/ -->\n<title>Die Synode und die Vision einer erneuerten Kirche: \u00dcberlegungen zur Inspiration durch Pater Kentenich und Papst Franziskus<\/title>\n<meta name=\"description\" content=\"Bischof Alfredo Baldera hat an der Synode in Rom teilgenommen und erz\u00e4hlt, was die Synode mit der Vision P. Kentenichs f\u00fcr die Kirche zu tun hat.\" \/>\n<meta name=\"robots\" content=\"index, follow, max-snippet:-1, max-image-preview:large, max-video-preview:-1\" \/>\n<link rel=\"canonical\" href=\"https:\/\/schoenstatt.com\/de\/die-synode-und-die-vision-einer-erneuerten-kirche-ueberlegungen-zur-inspiration-durch-pater-kentenich-und-papst-franziskus\/\" \/>\n<meta property=\"og:locale\" content=\"de_DE\" \/>\n<meta property=\"og:type\" content=\"article\" \/>\n<meta property=\"og:title\" content=\"Die Synode und die Vision einer erneuerten Kirche: \u00dcberlegungen zur Inspiration durch Pater Kentenich und Papst Franziskus\" \/>\n<meta property=\"og:description\" content=\"Bischof Alfredo Baldera hat an der Synode in Rom teilgenommen und erz\u00e4hlt, was die Synode mit der Vision P. Kentenichs f\u00fcr die Kirche zu tun hat.\" \/>\n<meta property=\"og:url\" content=\"https:\/\/schoenstatt.com\/de\/die-synode-und-die-vision-einer-erneuerten-kirche-ueberlegungen-zur-inspiration-durch-pater-kentenich-und-papst-franziskus\/\" \/>\n<meta property=\"og:site_name\" content=\"Schoenstatt\" \/>\n<meta property=\"article:published_time\" content=\"2024-11-25T11:02:41+00:00\" \/>\n<meta property=\"article:modified_time\" content=\"2025-05-15T18:17:11+00:00\" \/>\n<meta property=\"og:image\" content=\"https:\/\/schoenstatt.com\/wp-content\/uploads\/2023\/10\/monsenor-ramon-alfredo-de-la-cruz-baldera-1.png\" \/>\n\t<meta property=\"og:image:width\" content=\"840\" \/>\n\t<meta property=\"og:image:height\" content=\"717\" \/>\n\t<meta property=\"og:image:type\" content=\"image\/png\" \/>\n<meta name=\"author\" content=\"Karen Bueno\" \/>\n<meta name=\"twitter:card\" content=\"summary_large_image\" \/>\n<meta name=\"twitter:label1\" content=\"Verfasst von\" \/>\n\t<meta name=\"twitter:data1\" content=\"Karen Bueno\" \/>\n\t<meta name=\"twitter:label2\" content=\"Gesch\u00e4tzte Lesezeit\" \/>\n\t<meta name=\"twitter:data2\" content=\"5\u00a0Minuten\" \/>\n<script type=\"application\/ld+json\" class=\"yoast-schema-graph\">{\"@context\":\"https:\\\/\\\/schema.org\",\"@graph\":[{\"@type\":\"Article\",\"@id\":\"https:\\\/\\\/schoenstatt.com\\\/de\\\/die-synode-und-die-vision-einer-erneuerten-kirche-ueberlegungen-zur-inspiration-durch-pater-kentenich-und-papst-franziskus\\\/#article\",\"isPartOf\":{\"@id\":\"https:\\\/\\\/schoenstatt.com\\\/de\\\/die-synode-und-die-vision-einer-erneuerten-kirche-ueberlegungen-zur-inspiration-durch-pater-kentenich-und-papst-franziskus\\\/\"},\"author\":{\"name\":\"Karen Bueno\",\"@id\":\"https:\\\/\\\/schoenstatt.com\\\/de\\\/#\\\/schema\\\/person\\\/5158877ad4acae98b34daaeef2a1ce6e\"},\"headline\":\"Die Synode und die Vision einer erneuerten Kirche: \u00dcberlegungen zur Inspiration durch Pater Kentenich und Papst Franziskus\",\"datePublished\":\"2024-11-25T11:02:41+00:00\",\"dateModified\":\"2025-05-15T18:17:11+00:00\",\"mainEntityOfPage\":{\"@id\":\"https:\\\/\\\/schoenstatt.com\\\/de\\\/die-synode-und-die-vision-einer-erneuerten-kirche-ueberlegungen-zur-inspiration-durch-pater-kentenich-und-papst-franziskus\\\/\"},\"wordCount\":1047,\"publisher\":{\"@id\":\"https:\\\/\\\/schoenstatt.com\\\/de\\\/#organization\"},\"image\":{\"@id\":\"https:\\\/\\\/schoenstatt.com\\\/de\\\/die-synode-und-die-vision-einer-erneuerten-kirche-ueberlegungen-zur-inspiration-durch-pater-kentenich-und-papst-franziskus\\\/#primaryimage\"},\"thumbnailUrl\":\"https:\\\/\\\/schoenstatt.com\\\/wp-content\\\/uploads\\\/2023\\\/10\\\/monsenor-ramon-alfredo-de-la-cruz-baldera-1.png\",\"articleSection\":[\"Kirche\",\"Papst Franziskus\",\"Schoenstatt Gemeinschaften\"],\"inLanguage\":\"de\"},{\"@type\":\"WebPage\",\"@id\":\"https:\\\/\\\/schoenstatt.com\\\/de\\\/die-synode-und-die-vision-einer-erneuerten-kirche-ueberlegungen-zur-inspiration-durch-pater-kentenich-und-papst-franziskus\\\/\",\"url\":\"https:\\\/\\\/schoenstatt.com\\\/de\\\/die-synode-und-die-vision-einer-erneuerten-kirche-ueberlegungen-zur-inspiration-durch-pater-kentenich-und-papst-franziskus\\\/\",\"name\":\"Die Synode und die Vision einer erneuerten Kirche: \u00dcberlegungen zur Inspiration durch Pater Kentenich und Papst Franziskus\",\"isPartOf\":{\"@id\":\"https:\\\/\\\/schoenstatt.com\\\/de\\\/#website\"},\"primaryImageOfPage\":{\"@id\":\"https:\\\/\\\/schoenstatt.com\\\/de\\\/die-synode-und-die-vision-einer-erneuerten-kirche-ueberlegungen-zur-inspiration-durch-pater-kentenich-und-papst-franziskus\\\/#primaryimage\"},\"image\":{\"@id\":\"https:\\\/\\\/schoenstatt.com\\\/de\\\/die-synode-und-die-vision-einer-erneuerten-kirche-ueberlegungen-zur-inspiration-durch-pater-kentenich-und-papst-franziskus\\\/#primaryimage\"},\"thumbnailUrl\":\"https:\\\/\\\/schoenstatt.com\\\/wp-content\\\/uploads\\\/2023\\\/10\\\/monsenor-ramon-alfredo-de-la-cruz-baldera-1.png\",\"datePublished\":\"2024-11-25T11:02:41+00:00\",\"dateModified\":\"2025-05-15T18:17:11+00:00\",\"description\":\"Bischof Alfredo Baldera hat an der Synode in Rom teilgenommen und erz\u00e4hlt, was die Synode mit der Vision P. Kentenichs f\u00fcr die Kirche zu tun hat.\",\"breadcrumb\":{\"@id\":\"https:\\\/\\\/schoenstatt.com\\\/de\\\/die-synode-und-die-vision-einer-erneuerten-kirche-ueberlegungen-zur-inspiration-durch-pater-kentenich-und-papst-franziskus\\\/#breadcrumb\"},\"inLanguage\":\"de\",\"potentialAction\":[{\"@type\":\"ReadAction\",\"target\":[\"https:\\\/\\\/schoenstatt.com\\\/de\\\/die-synode-und-die-vision-einer-erneuerten-kirche-ueberlegungen-zur-inspiration-durch-pater-kentenich-und-papst-franziskus\\\/\"]}]},{\"@type\":\"ImageObject\",\"inLanguage\":\"de\",\"@id\":\"https:\\\/\\\/schoenstatt.com\\\/de\\\/die-synode-und-die-vision-einer-erneuerten-kirche-ueberlegungen-zur-inspiration-durch-pater-kentenich-und-papst-franziskus\\\/#primaryimage\",\"url\":\"https:\\\/\\\/schoenstatt.com\\\/wp-content\\\/uploads\\\/2023\\\/10\\\/monsenor-ramon-alfredo-de-la-cruz-baldera-1.png\",\"contentUrl\":\"https:\\\/\\\/schoenstatt.com\\\/wp-content\\\/uploads\\\/2023\\\/10\\\/monsenor-ramon-alfredo-de-la-cruz-baldera-1.png\",\"width\":840,\"height\":717},{\"@type\":\"BreadcrumbList\",\"@id\":\"https:\\\/\\\/schoenstatt.com\\\/de\\\/die-synode-und-die-vision-einer-erneuerten-kirche-ueberlegungen-zur-inspiration-durch-pater-kentenich-und-papst-franziskus\\\/#breadcrumb\",\"itemListElement\":[{\"@type\":\"ListItem\",\"position\":1,\"name\":\"Portada\",\"item\":\"https:\\\/\\\/schoenstatt.com\\\/de\\\/home\\\/\"},{\"@type\":\"ListItem\",\"position\":2,\"name\":\"Die Synode und die Vision einer erneuerten Kirche: \u00dcberlegungen zur Inspiration durch Pater Kentenich und Papst Franziskus\"}]},{\"@type\":\"WebSite\",\"@id\":\"https:\\\/\\\/schoenstatt.com\\\/de\\\/#website\",\"url\":\"https:\\\/\\\/schoenstatt.com\\\/de\\\/\",\"name\":\"Schoenstatt\",\"description\":\"Apostolic Movement\",\"publisher\":{\"@id\":\"https:\\\/\\\/schoenstatt.com\\\/de\\\/#organization\"},\"potentialAction\":[{\"@type\":\"SearchAction\",\"target\":{\"@type\":\"EntryPoint\",\"urlTemplate\":\"https:\\\/\\\/schoenstatt.com\\\/de\\\/?s={search_term_string}\"},\"query-input\":{\"@type\":\"PropertyValueSpecification\",\"valueRequired\":true,\"valueName\":\"search_term_string\"}}],\"inLanguage\":\"de\"},{\"@type\":\"Organization\",\"@id\":\"https:\\\/\\\/schoenstatt.com\\\/de\\\/#organization\",\"name\":\"Schoenstatt\",\"url\":\"https:\\\/\\\/schoenstatt.com\\\/de\\\/\",\"logo\":{\"@type\":\"ImageObject\",\"inLanguage\":\"de\",\"@id\":\"https:\\\/\\\/schoenstatt.com\\\/de\\\/#\\\/schema\\\/logo\\\/image\\\/\",\"url\":\"https:\\\/\\\/schoenstatt.com\\\/wp-content\\\/uploads\\\/2025\\\/04\\\/logo-schoenstatt-white-696x696-1.png\",\"contentUrl\":\"https:\\\/\\\/schoenstatt.com\\\/wp-content\\\/uploads\\\/2025\\\/04\\\/logo-schoenstatt-white-696x696-1.png\",\"width\":696,\"height\":694,\"caption\":\"Schoenstatt\"},\"image\":{\"@id\":\"https:\\\/\\\/schoenstatt.com\\\/de\\\/#\\\/schema\\\/logo\\\/image\\\/\"}},{\"@type\":\"Person\",\"@id\":\"https:\\\/\\\/schoenstatt.com\\\/de\\\/#\\\/schema\\\/person\\\/5158877ad4acae98b34daaeef2a1ce6e\",\"name\":\"Karen Bueno\",\"image\":{\"@type\":\"ImageObject\",\"inLanguage\":\"de\",\"@id\":\"https:\\\/\\\/secure.gravatar.com\\\/avatar\\\/f9f4b823873154269d2b2130f195f6d41037dd0d7fc5f3cacb5c846bae70d66b?s=96&d=mm&r=g\",\"url\":\"https:\\\/\\\/secure.gravatar.com\\\/avatar\\\/f9f4b823873154269d2b2130f195f6d41037dd0d7fc5f3cacb5c846bae70d66b?s=96&d=mm&r=g\",\"contentUrl\":\"https:\\\/\\\/secure.gravatar.com\\\/avatar\\\/f9f4b823873154269d2b2130f195f6d41037dd0d7fc5f3cacb5c846bae70d66b?s=96&d=mm&r=g\",\"caption\":\"Karen Bueno\"},\"url\":\"https:\\\/\\\/schoenstatt.com\\\/de\\\/author\\\/karen-bueno\\\/\"}]}<\/script>\n<!-- \/ Yoast SEO Premium plugin. -->","yoast_head_json":{"title":"Die Synode und die Vision einer erneuerten Kirche: \u00dcberlegungen zur Inspiration durch Pater Kentenich und Papst Franziskus","description":"Bischof Alfredo Baldera hat an der Synode in Rom teilgenommen und erz\u00e4hlt, was die Synode mit der Vision P. Kentenichs f\u00fcr die Kirche zu tun hat.","robots":{"index":"index","follow":"follow","max-snippet":"max-snippet:-1","max-image-preview":"max-image-preview:large","max-video-preview":"max-video-preview:-1"},"canonical":"https:\/\/schoenstatt.com\/de\/die-synode-und-die-vision-einer-erneuerten-kirche-ueberlegungen-zur-inspiration-durch-pater-kentenich-und-papst-franziskus\/","og_locale":"de_DE","og_type":"article","og_title":"Die Synode und die Vision einer erneuerten Kirche: \u00dcberlegungen zur Inspiration durch Pater Kentenich und Papst Franziskus","og_description":"Bischof Alfredo Baldera hat an der Synode in Rom teilgenommen und erz\u00e4hlt, was die Synode mit der Vision P. Kentenichs f\u00fcr die Kirche zu tun hat.","og_url":"https:\/\/schoenstatt.com\/de\/die-synode-und-die-vision-einer-erneuerten-kirche-ueberlegungen-zur-inspiration-durch-pater-kentenich-und-papst-franziskus\/","og_site_name":"Schoenstatt","article_published_time":"2024-11-25T11:02:41+00:00","article_modified_time":"2025-05-15T18:17:11+00:00","og_image":[{"width":840,"height":717,"url":"https:\/\/schoenstatt.com\/wp-content\/uploads\/2023\/10\/monsenor-ramon-alfredo-de-la-cruz-baldera-1.png","type":"image\/png"}],"author":"Karen Bueno","twitter_card":"summary_large_image","twitter_misc":{"Verfasst von":"Karen Bueno","Gesch\u00e4tzte Lesezeit":"5\u00a0Minuten"},"schema":{"@context":"https:\/\/schema.org","@graph":[{"@type":"Article","@id":"https:\/\/schoenstatt.com\/de\/die-synode-und-die-vision-einer-erneuerten-kirche-ueberlegungen-zur-inspiration-durch-pater-kentenich-und-papst-franziskus\/#article","isPartOf":{"@id":"https:\/\/schoenstatt.com\/de\/die-synode-und-die-vision-einer-erneuerten-kirche-ueberlegungen-zur-inspiration-durch-pater-kentenich-und-papst-franziskus\/"},"author":{"name":"Karen Bueno","@id":"https:\/\/schoenstatt.com\/de\/#\/schema\/person\/5158877ad4acae98b34daaeef2a1ce6e"},"headline":"Die Synode und die Vision einer erneuerten Kirche: \u00dcberlegungen zur Inspiration durch Pater Kentenich und Papst Franziskus","datePublished":"2024-11-25T11:02:41+00:00","dateModified":"2025-05-15T18:17:11+00:00","mainEntityOfPage":{"@id":"https:\/\/schoenstatt.com\/de\/die-synode-und-die-vision-einer-erneuerten-kirche-ueberlegungen-zur-inspiration-durch-pater-kentenich-und-papst-franziskus\/"},"wordCount":1047,"publisher":{"@id":"https:\/\/schoenstatt.com\/de\/#organization"},"image":{"@id":"https:\/\/schoenstatt.com\/de\/die-synode-und-die-vision-einer-erneuerten-kirche-ueberlegungen-zur-inspiration-durch-pater-kentenich-und-papst-franziskus\/#primaryimage"},"thumbnailUrl":"https:\/\/schoenstatt.com\/wp-content\/uploads\/2023\/10\/monsenor-ramon-alfredo-de-la-cruz-baldera-1.png","articleSection":["Kirche","Papst Franziskus","Schoenstatt Gemeinschaften"],"inLanguage":"de"},{"@type":"WebPage","@id":"https:\/\/schoenstatt.com\/de\/die-synode-und-die-vision-einer-erneuerten-kirche-ueberlegungen-zur-inspiration-durch-pater-kentenich-und-papst-franziskus\/","url":"https:\/\/schoenstatt.com\/de\/die-synode-und-die-vision-einer-erneuerten-kirche-ueberlegungen-zur-inspiration-durch-pater-kentenich-und-papst-franziskus\/","name":"Die Synode und die Vision einer erneuerten Kirche: \u00dcberlegungen zur Inspiration durch Pater Kentenich und Papst Franziskus","isPartOf":{"@id":"https:\/\/schoenstatt.com\/de\/#website"},"primaryImageOfPage":{"@id":"https:\/\/schoenstatt.com\/de\/die-synode-und-die-vision-einer-erneuerten-kirche-ueberlegungen-zur-inspiration-durch-pater-kentenich-und-papst-franziskus\/#primaryimage"},"image":{"@id":"https:\/\/schoenstatt.com\/de\/die-synode-und-die-vision-einer-erneuerten-kirche-ueberlegungen-zur-inspiration-durch-pater-kentenich-und-papst-franziskus\/#primaryimage"},"thumbnailUrl":"https:\/\/schoenstatt.com\/wp-content\/uploads\/2023\/10\/monsenor-ramon-alfredo-de-la-cruz-baldera-1.png","datePublished":"2024-11-25T11:02:41+00:00","dateModified":"2025-05-15T18:17:11+00:00","description":"Bischof Alfredo Baldera hat an der Synode in Rom teilgenommen und erz\u00e4hlt, was die Synode mit der Vision P. Kentenichs f\u00fcr die Kirche zu tun hat.","breadcrumb":{"@id":"https:\/\/schoenstatt.com\/de\/die-synode-und-die-vision-einer-erneuerten-kirche-ueberlegungen-zur-inspiration-durch-pater-kentenich-und-papst-franziskus\/#breadcrumb"},"inLanguage":"de","potentialAction":[{"@type":"ReadAction","target":["https:\/\/schoenstatt.com\/de\/die-synode-und-die-vision-einer-erneuerten-kirche-ueberlegungen-zur-inspiration-durch-pater-kentenich-und-papst-franziskus\/"]}]},{"@type":"ImageObject","inLanguage":"de","@id":"https:\/\/schoenstatt.com\/de\/die-synode-und-die-vision-einer-erneuerten-kirche-ueberlegungen-zur-inspiration-durch-pater-kentenich-und-papst-franziskus\/#primaryimage","url":"https:\/\/schoenstatt.com\/wp-content\/uploads\/2023\/10\/monsenor-ramon-alfredo-de-la-cruz-baldera-1.png","contentUrl":"https:\/\/schoenstatt.com\/wp-content\/uploads\/2023\/10\/monsenor-ramon-alfredo-de-la-cruz-baldera-1.png","width":840,"height":717},{"@type":"BreadcrumbList","@id":"https:\/\/schoenstatt.com\/de\/die-synode-und-die-vision-einer-erneuerten-kirche-ueberlegungen-zur-inspiration-durch-pater-kentenich-und-papst-franziskus\/#breadcrumb","itemListElement":[{"@type":"ListItem","position":1,"name":"Portada","item":"https:\/\/schoenstatt.com\/de\/home\/"},{"@type":"ListItem","position":2,"name":"Die Synode und die Vision einer erneuerten Kirche: \u00dcberlegungen zur Inspiration durch Pater Kentenich und Papst Franziskus"}]},{"@type":"WebSite","@id":"https:\/\/schoenstatt.com\/de\/#website","url":"https:\/\/schoenstatt.com\/de\/","name":"Schoenstatt","description":"Apostolic Movement","publisher":{"@id":"https:\/\/schoenstatt.com\/de\/#organization"},"potentialAction":[{"@type":"SearchAction","target":{"@type":"EntryPoint","urlTemplate":"https:\/\/schoenstatt.com\/de\/?s={search_term_string}"},"query-input":{"@type":"PropertyValueSpecification","valueRequired":true,"valueName":"search_term_string"}}],"inLanguage":"de"},{"@type":"Organization","@id":"https:\/\/schoenstatt.com\/de\/#organization","name":"Schoenstatt","url":"https:\/\/schoenstatt.com\/de\/","logo":{"@type":"ImageObject","inLanguage":"de","@id":"https:\/\/schoenstatt.com\/de\/#\/schema\/logo\/image\/","url":"https:\/\/schoenstatt.com\/wp-content\/uploads\/2025\/04\/logo-schoenstatt-white-696x696-1.png","contentUrl":"https:\/\/schoenstatt.com\/wp-content\/uploads\/2025\/04\/logo-schoenstatt-white-696x696-1.png","width":696,"height":694,"caption":"Schoenstatt"},"image":{"@id":"https:\/\/schoenstatt.com\/de\/#\/schema\/logo\/image\/"}},{"@type":"Person","@id":"https:\/\/schoenstatt.com\/de\/#\/schema\/person\/5158877ad4acae98b34daaeef2a1ce6e","name":"Karen Bueno","image":{"@type":"ImageObject","inLanguage":"de","@id":"https:\/\/secure.gravatar.com\/avatar\/f9f4b823873154269d2b2130f195f6d41037dd0d7fc5f3cacb5c846bae70d66b?s=96&d=mm&r=g","url":"https:\/\/secure.gravatar.com\/avatar\/f9f4b823873154269d2b2130f195f6d41037dd0d7fc5f3cacb5c846bae70d66b?s=96&d=mm&r=g","contentUrl":"https:\/\/secure.gravatar.com\/avatar\/f9f4b823873154269d2b2130f195f6d41037dd0d7fc5f3cacb5c846bae70d66b?s=96&d=mm&r=g","caption":"Karen Bueno"},"url":"https:\/\/schoenstatt.com\/de\/author\/karen-bueno\/"}]}},"_links":{"self":[{"href":"https:\/\/schoenstatt.com\/de\/wp-json\/wp\/v2\/posts\/42410","targetHints":{"allow":["GET"]}}],"collection":[{"href":"https:\/\/schoenstatt.com\/de\/wp-json\/wp\/v2\/posts"}],"about":[{"href":"https:\/\/schoenstatt.com\/de\/wp-json\/wp\/v2\/types\/post"}],"author":[{"embeddable":true,"href":"https:\/\/schoenstatt.com\/de\/wp-json\/wp\/v2\/users\/3"}],"replies":[{"embeddable":true,"href":"https:\/\/schoenstatt.com\/de\/wp-json\/wp\/v2\/comments?post=42410"}],"version-history":[{"count":1,"href":"https:\/\/schoenstatt.com\/de\/wp-json\/wp\/v2\/posts\/42410\/revisions"}],"predecessor-version":[{"id":47179,"href":"https:\/\/schoenstatt.com\/de\/wp-json\/wp\/v2\/posts\/42410\/revisions\/47179"}],"wp:featuredmedia":[{"embeddable":true,"href":"https:\/\/schoenstatt.com\/de\/wp-json\/wp\/v2\/media\/32676"}],"wp:attachment":[{"href":"https:\/\/schoenstatt.com\/de\/wp-json\/wp\/v2\/media?parent=42410"}],"wp:term":[{"taxonomy":"category","embeddable":true,"href":"https:\/\/schoenstatt.com\/de\/wp-json\/wp\/v2\/categories?post=42410"},{"taxonomy":"post_tag","embeddable":true,"href":"https:\/\/schoenstatt.com\/de\/wp-json\/wp\/v2\/tags?post=42410"}],"curies":[{"name":"wp","href":"https:\/\/api.w.org\/{rel}","templated":true}]}}