{"id":41946,"date":"2024-10-22T14:54:04","date_gmt":"2024-10-22T12:54:04","guid":{"rendered":"https:\/\/schoenstatt.com\/?p=41946"},"modified":"2025-05-15T22:28:19","modified_gmt":"2025-05-15T20:28:19","slug":"in-argentinien-findet-ein-nationaler-kongress-der-familien-misionen-statt","status":"publish","type":"post","link":"https:\/\/schoenstatt.com\/de\/in-argentinien-findet-ein-nationaler-kongress-der-familien-misionen-statt\/","title":{"rendered":"In Argentinien findet ein nationaler Kongress der Familien-Misionen statt"},"content":{"rendered":"\n<p>In diesem Jahr feierten die Familien-Misiones in <a href=\"https:\/\/www.schoenstatt.org.ar\/\" target=\"_blank\" rel=\"noreferrer noopener\">Argentinien<\/a> ihr 25-j\u00e4hriges Bestehen. Die Sch\u00f6nstattbewegung feierte dieses Jubil\u00e4um mit vielen Teilnehmern, den Familien der Missionare, bei einem nationalen Kongress der argentinischen Familien-Misiones.<\/p>\n\n\n\n<p>Am Wochenende, vom 10. bis 13. Oktober, trafen sich \u00fcber 70 Missionare jeden Alters und jeder Berufung. Als Vertreter verschiedener Di\u00f6zesen des Landes (C\u00f3rdoba, Mendoza, San Juan, San Luis, Paran\u00e1, Chaco, Misiones, La Plata, San Isidro und Buenos Aires) kamen sie im Colegio Mar\u00eda de Nazareth in C\u00f3rdoba zusammen, um das zu feiern, was sie alle verbindet.<\/p>\n\n\n\n<p>Kinder, Jugendliche, Ehepaare, Gro\u00dfeltern, Laien und Geweihte\u2026 Jeder wurde sich neu bewusst, dass er Protagonist einer missionarischen Modalit\u00e4t ist, die Platz hat f\u00fcr alle Lebenssituationen und Altersstufen, und die uns mit gro\u00dfer Klarheit neu entdecken l\u00e4sst, dass wir als Sch\u00f6nstattkinder Familie sind.<\/p>\n\n\n\n<figure class=\"wp-block-image size-large\"><img decoding=\"async\" src=\"https:\/\/schoenstatt.com\/wp-content\/uploads\/2024\/10\/Congreso-de-Misiones-Familiares-Argentinas-2024-c-851x1024.jpg\" alt=\"\" class=\"wp-image-41918\"\/><\/figure>\n\n\n\n<h3 class=\"wp-block-heading\" id=\"h-wir-stehen-nicht-still-wir-haben-eine-mission\"><strong>Wir stehen nicht still, wir haben eine Mission<\/strong><\/h3>\n\n\n\n<p>Die Missionare erlebten, dass Sch\u00f6nstatt nicht nur eine geistliche Familie ist, die sich um das Heiligtum versammelt, sondern eine apostolische Familie, die die Gnaden des Heiligtums mit sich tr\u00e4gt und weitergibt, denn, wie es das Motto ausdr\u00fcckt, das sie in diesen Tagen zusammengef\u00fchrt hat, sind wir: <strong>\u201eMissionarische Familie, lebendige Heiligt\u00fcmer f\u00fcr die Welt.\u201c<\/strong><\/p>\n\n\n\n<p>Die Idee war, 25 Jahre Geschichte zu feiern und Dankbarkeit auszudr\u00fccken (es fehlte weder ein Fest noch ein Geburtstagskuchen!), aber wir blieben nicht in der Vergangenheit, sondern tr\u00e4umten gemeinsam von der Zukunft. Aus dem Kongress haben wir ein sehr klares Bewusstsein f\u00fcr alle Schritte mitgenommen, die wir unternehmen wollen, damit die Familien-Misiones in den Di\u00f6zesen, in denen sie bereits pr\u00e4sent sind, gest\u00e4rkt werden und dort, wo die Herzen f\u00fcr die Berufung zur missionarischen Familie brennen, weiter wachsen und sich vervielf\u00e4ltigen k\u00f6nnen.<\/p>\n\n\n\n<p>Romi und Pio Reitano aus Mendoza sagen: <em>\u201eDie Kinder sind f\u00fcr uns die Hauptmotivation, am Kongress teilzunehmen, und das ist ein Beweis daf\u00fcr, dass es auch f\u00fcr sie eine echte Freude ist. Sie sind alle mit neuen Bindungen, neuen Freunden und einer neuen Familie zur\u00fcckgekehrt.\u201c<\/em><\/p>\n\n\n\n<figure class=\"wp-block-image size-large\"><img decoding=\"async\" src=\"https:\/\/schoenstatt.com\/wp-content\/uploads\/2024\/10\/ninos-criancas-chicos-children-1024x683.jpg\" alt=\"\" class=\"wp-image-41922\"\/><\/figure>\n\n\n\n<h3 class=\"wp-block-heading\" id=\"h-fruchte\"><strong>Fr\u00fcchte<\/strong><\/h3>\n\n\n\n<p>In den Workshops und im Austausch mit den Familien der Sch\u00f6nstattbewegung, die mit Namen wie Joao Pozzobon, Schwester M. Emilie Engel, Pater Franz Reinisch, Josef Engling und Pater Esteban Uriburu verbunden sind, haben wir im Gebet und im Dialog einige Horizonte f\u00fcr die Arbeit identifiziert. Dazu geh\u00f6rten die Bedeutung, die wir der Einheit und der nationalen Identit\u00e4t als argentinische Familien-Misiones geben wollen; der Wert der Integration und der Synergie mit der Kampagne der Pilgernden Gottesmutter und den Gliederungen der Sch\u00f6nstattfamilie; und die Verpflichtung zu h\u00e4ufigen nationalen Treffen als Instanzen der gegenseitigen St\u00e4rkung.<\/p>\n\n\n\n<p><em>\u201eWir erlebten ein gro\u00dfes \u201aBewusstwerden\u2018 dessen, was die Familien-Missionen f\u00fcr unsere Kirche, unsere Bewegung und unser Land bedeuten. Die Worte klingen nach: Liebe, Familie, Freundschaft, Einheit, Gemeinschaft, Familien-Missionen. M\u00f6ge dieser Raum weiterhin eine Gnadenquelle f\u00fcr unsere Gesellschaft sein und uns helfen, lebendige Heiligt\u00fcmer zu sein, von denen aus wir unseren Gnadenschatz weitergeben\u201c, <\/em>so Ana und Osvaldo Marcozzi aus La Plata.<\/p>\n\n\n\n<h3 class=\"wp-block-heading\" id=\"h-ursprunge\"><strong>Urspr\u00fcnge<\/strong><\/h3>\n\n\n\n<p>Ein ganz besonderer Moment war der Besuch und das Zeugnis der Gr\u00fcnderpaare der Familien-Missionen, die dieses Abenteuer vor 25 Jahren in La Plata begonnen haben. Sie erz\u00e4hlten, wie diese Missionserfahrung ihr Leben und das ihrer Kinder durch die tiefen und dauerhaften Bindungen, die w\u00e4hrend der Missionen entstanden sind, ver\u00e4ndert hat. Jede \u201eFamilie des Lebens\u201c, die sich w\u00e4hrend der Mission mit den leiblichen und den \u201eadoptierten\u201c Kindern gebildet hatte, wurde zu einer Familienschule, in der alle lernten, miteinander zu teilen, sich auszutauschen, einander zu helfen und sich gegenseitig zu sch\u00e4tzen. Sie erz\u00e4hlten, wie diese Bindungen im Laufe der Jahre im Alltag aufrechterhalten wurden und sich zu einer tiefen Freundschaft und Vertrautheit entwickelten.<\/p>\n\n\n\n<p>Im Zeugnis aus der Gr\u00fcndungszeit erz\u00e4hlten sie, wie schwierig es war, einen Ort f\u00fcr die Mission zu finden, denn damals, 1999, hatte kein Pfarrer gro\u00dfes Vertrauen in diese neue Initiative der \u201eFamilien-Misiones\u201c. Nach mehreren erfolglosen Versuchen und angesichts der Unm\u00f6glichkeit, einen Ort f\u00fcr die Mission zu finden, vertrauten sie dieses Projekt Pater Esteban Uriburu an, einem Sch\u00f6nstatt-Pater und internationalen F\u00f6rderer der Kampagne der Pilgernden Gottesmutter, der kurz zuvor, am 12. Oktober 1998, gestorben war. Er war mit den Gr\u00fcnderehepaaren pers\u00f6nlich verbunden und h\u00e4tte sicher gerne mit seinem missionarischen Geist mitgewirkt.<\/p>\n\n\n\n<p>Kurz darauf kam die Nachricht, dass ein Pfarrer in der Stadt Belgrano auftauchte, um sie aufzunehmen! Die Patenschaft f\u00fcr die Familien-Misiones wurde von Anfang an Pater Esteban zugeschrieben. Im Laufe der Jahre war diese Geschichte in Vergessenheit geraten, weil die heutige Generation diese Fakten nicht mehr kannte, aber jetzt ist sie wieder in unser kollektives Ged\u00e4chtnis zur\u00fcckgekehrt. Der Zufall wollte es, dass wir uns an jenem Samstag, dem 12. Oktober, in der Mitte des Kongresses befanden und uns bewusst wurde, dass sich der Todestag von Pater Esteban zum 26. Mal j\u00e4hrte.<\/p>\n\n\n\n<figure class=\"wp-block-image size-large\"><img decoding=\"async\" src=\"https:\/\/schoenstatt.com\/wp-content\/uploads\/2024\/10\/Congreso-de-Misiones-Familiares-Argentinas-2024-b-1024x576.jpg\" alt=\"\" class=\"wp-image-41926\"\/><\/figure>\n\n\n\n<h3 class=\"wp-block-heading\" id=\"h-es-ist-eine-missionarische-berufung\"><strong>Es ist eine missionarische Berufung<\/strong><\/h3>\n\n\n\n<p>Abschlie\u00dfend kann man sagen, dass vom ganzen Kongress nicht nur die Worte oder die Dokumente in Erinnerung bleiben, sondern auch eine tiefe Erfahrung, die uns fast \u201espontan\u201c verbunden hat: die Freude, in einer Familie zu sein, die diese missionarische Berufung mit einer au\u00dfergew\u00f6hnlichen Nat\u00fcrlichkeit teilt.<\/p>\n\n\n\n<p>Es besteht kein Zweifel, dass dies eine Gnade Gottes ist und dass die Gottesmutter durch diese Initiative des Familien-Apostolats viel Segen ausgie\u00dfen m\u00f6chte. Es ist eine missionarische Berufung, die schon in 11 Orten im ganzen Land Fr\u00fcchte getragen hat, und die die Gottesmutter an viele Orte bringen m\u00f6chte; nicht nur, weil sie die Pilgernde Gottesmutter tr\u00e4gt, sondern weil sie einen Stil des Familienlebens offenbart, der den Glauben und die Werte auf die nat\u00fcrlichste und wirksamste Weise verbreitet.<\/p>\n\n\n\n<p><strong>\u00dcbersetzung: <\/strong>Sr. M. Lourdes Mac\u00edas<br><strong>Lektorat: <\/strong>Hildegard Kaiser<\/p>\n","protected":false},"excerpt":{"rendered":"<p>Anl\u00e4sslich des 25-j\u00e4hrigen Jubil\u00e4ums der Sch\u00f6nstattfamilien-Misionen veranstaltet die Bewegung einen nationalen Kongress.<\/p>\n","protected":false},"author":3,"featured_media":41913,"comment_status":"closed","ping_status":"closed","sticky":false,"template":"","format":"standard","meta":{"footnotes":""},"categories":[195,895],"tags":[],"class_list":["post-41946","post","type-post","status-publish","format-standard","has-post-thumbnail","hentry","category-amerika-de","category-uber-die-mission-de"],"yoast_head":"<!-- This site is optimized with the Yoast SEO Premium plugin v27.4 (Yoast SEO v27.4) - https:\/\/yoast.com\/product\/yoast-seo-premium-wordpress\/ -->\n<title>In Argentinien findet ein nationaler Kongress der Familien-Misionen statt<\/title>\n<meta name=\"description\" content=\"Anl\u00e4sslich des 25-j\u00e4hrigen Jubil\u00e4ums der Sch\u00f6nstattfamilien-Misionen veranstaltet die Bewegung einen nationalen Kongress.\" \/>\n<meta name=\"robots\" content=\"index, follow, max-snippet:-1, max-image-preview:large, max-video-preview:-1\" \/>\n<link rel=\"canonical\" href=\"https:\/\/schoenstatt.com\/de\/in-argentinien-findet-ein-nationaler-kongress-der-familien-misionen-statt\/\" \/>\n<meta property=\"og:locale\" content=\"de_DE\" \/>\n<meta property=\"og:type\" content=\"article\" \/>\n<meta property=\"og:title\" content=\"In Argentinien findet ein nationaler Kongress der Familien-Misionen statt\" \/>\n<meta property=\"og:description\" content=\"Anl\u00e4sslich des 25-j\u00e4hrigen Jubil\u00e4ums der Sch\u00f6nstattfamilien-Misionen veranstaltet die Bewegung einen nationalen Kongress.\" \/>\n<meta property=\"og:url\" content=\"https:\/\/schoenstatt.com\/de\/in-argentinien-findet-ein-nationaler-kongress-der-familien-misionen-statt\/\" \/>\n<meta property=\"og:site_name\" content=\"Schoenstatt\" \/>\n<meta property=\"article:published_time\" content=\"2024-10-22T12:54:04+00:00\" \/>\n<meta property=\"article:modified_time\" content=\"2025-05-15T20:28:19+00:00\" \/>\n<meta property=\"og:image\" content=\"https:\/\/schoenstatt.com\/wp-content\/uploads\/2024\/10\/Congreso-de-Misiones-Familiares-Argentinas-2024-1.jpg\" \/>\n\t<meta property=\"og:image:width\" content=\"1280\" \/>\n\t<meta property=\"og:image:height\" content=\"721\" \/>\n\t<meta property=\"og:image:type\" content=\"image\/jpeg\" \/>\n<meta name=\"author\" content=\"Karen Bueno\" \/>\n<meta name=\"twitter:card\" content=\"summary_large_image\" \/>\n<meta name=\"twitter:label1\" content=\"Verfasst von\" \/>\n\t<meta name=\"twitter:data1\" content=\"Karen Bueno\" \/>\n\t<meta name=\"twitter:label2\" content=\"Gesch\u00e4tzte Lesezeit\" \/>\n\t<meta name=\"twitter:data2\" content=\"5\u00a0Minuten\" \/>\n<script type=\"application\/ld+json\" class=\"yoast-schema-graph\">{\"@context\":\"https:\\\/\\\/schema.org\",\"@graph\":[{\"@type\":\"Article\",\"@id\":\"https:\\\/\\\/schoenstatt.com\\\/de\\\/in-argentinien-findet-ein-nationaler-kongress-der-familien-misionen-statt\\\/#article\",\"isPartOf\":{\"@id\":\"https:\\\/\\\/schoenstatt.com\\\/de\\\/in-argentinien-findet-ein-nationaler-kongress-der-familien-misionen-statt\\\/\"},\"author\":{\"name\":\"Karen Bueno\",\"@id\":\"https:\\\/\\\/schoenstatt.com\\\/de\\\/#\\\/schema\\\/person\\\/5158877ad4acae98b34daaeef2a1ce6e\"},\"headline\":\"In Argentinien findet ein nationaler Kongress der Familien-Misionen statt\",\"datePublished\":\"2024-10-22T12:54:04+00:00\",\"dateModified\":\"2025-05-15T20:28:19+00:00\",\"mainEntityOfPage\":{\"@id\":\"https:\\\/\\\/schoenstatt.com\\\/de\\\/in-argentinien-findet-ein-nationaler-kongress-der-familien-misionen-statt\\\/\"},\"wordCount\":974,\"publisher\":{\"@id\":\"https:\\\/\\\/schoenstatt.com\\\/de\\\/#organization\"},\"image\":{\"@id\":\"https:\\\/\\\/schoenstatt.com\\\/de\\\/in-argentinien-findet-ein-nationaler-kongress-der-familien-misionen-statt\\\/#primaryimage\"},\"thumbnailUrl\":\"https:\\\/\\\/schoenstatt.com\\\/wp-content\\\/uploads\\\/2024\\\/10\\\/Congreso-de-Misiones-Familiares-Argentinas-2024-1.jpg\",\"articleSection\":[\"Amerika\",\"\u00dcber die Mission\"],\"inLanguage\":\"de\"},{\"@type\":\"WebPage\",\"@id\":\"https:\\\/\\\/schoenstatt.com\\\/de\\\/in-argentinien-findet-ein-nationaler-kongress-der-familien-misionen-statt\\\/\",\"url\":\"https:\\\/\\\/schoenstatt.com\\\/de\\\/in-argentinien-findet-ein-nationaler-kongress-der-familien-misionen-statt\\\/\",\"name\":\"In Argentinien findet ein nationaler Kongress der Familien-Misionen statt\",\"isPartOf\":{\"@id\":\"https:\\\/\\\/schoenstatt.com\\\/de\\\/#website\"},\"primaryImageOfPage\":{\"@id\":\"https:\\\/\\\/schoenstatt.com\\\/de\\\/in-argentinien-findet-ein-nationaler-kongress-der-familien-misionen-statt\\\/#primaryimage\"},\"image\":{\"@id\":\"https:\\\/\\\/schoenstatt.com\\\/de\\\/in-argentinien-findet-ein-nationaler-kongress-der-familien-misionen-statt\\\/#primaryimage\"},\"thumbnailUrl\":\"https:\\\/\\\/schoenstatt.com\\\/wp-content\\\/uploads\\\/2024\\\/10\\\/Congreso-de-Misiones-Familiares-Argentinas-2024-1.jpg\",\"datePublished\":\"2024-10-22T12:54:04+00:00\",\"dateModified\":\"2025-05-15T20:28:19+00:00\",\"description\":\"Anl\u00e4sslich des 25-j\u00e4hrigen Jubil\u00e4ums der Sch\u00f6nstattfamilien-Misionen veranstaltet die Bewegung einen nationalen Kongress.\",\"breadcrumb\":{\"@id\":\"https:\\\/\\\/schoenstatt.com\\\/de\\\/in-argentinien-findet-ein-nationaler-kongress-der-familien-misionen-statt\\\/#breadcrumb\"},\"inLanguage\":\"de\",\"potentialAction\":[{\"@type\":\"ReadAction\",\"target\":[\"https:\\\/\\\/schoenstatt.com\\\/de\\\/in-argentinien-findet-ein-nationaler-kongress-der-familien-misionen-statt\\\/\"]}]},{\"@type\":\"ImageObject\",\"inLanguage\":\"de\",\"@id\":\"https:\\\/\\\/schoenstatt.com\\\/de\\\/in-argentinien-findet-ein-nationaler-kongress-der-familien-misionen-statt\\\/#primaryimage\",\"url\":\"https:\\\/\\\/schoenstatt.com\\\/wp-content\\\/uploads\\\/2024\\\/10\\\/Congreso-de-Misiones-Familiares-Argentinas-2024-1.jpg\",\"contentUrl\":\"https:\\\/\\\/schoenstatt.com\\\/wp-content\\\/uploads\\\/2024\\\/10\\\/Congreso-de-Misiones-Familiares-Argentinas-2024-1.jpg\",\"width\":1280,\"height\":721},{\"@type\":\"BreadcrumbList\",\"@id\":\"https:\\\/\\\/schoenstatt.com\\\/de\\\/in-argentinien-findet-ein-nationaler-kongress-der-familien-misionen-statt\\\/#breadcrumb\",\"itemListElement\":[{\"@type\":\"ListItem\",\"position\":1,\"name\":\"Portada\",\"item\":\"https:\\\/\\\/schoenstatt.com\\\/de\\\/home\\\/\"},{\"@type\":\"ListItem\",\"position\":2,\"name\":\"In Argentinien findet ein nationaler Kongress der Familien-Misionen statt\"}]},{\"@type\":\"WebSite\",\"@id\":\"https:\\\/\\\/schoenstatt.com\\\/de\\\/#website\",\"url\":\"https:\\\/\\\/schoenstatt.com\\\/de\\\/\",\"name\":\"Schoenstatt\",\"description\":\"Apostolic Movement\",\"publisher\":{\"@id\":\"https:\\\/\\\/schoenstatt.com\\\/de\\\/#organization\"},\"potentialAction\":[{\"@type\":\"SearchAction\",\"target\":{\"@type\":\"EntryPoint\",\"urlTemplate\":\"https:\\\/\\\/schoenstatt.com\\\/de\\\/?s={search_term_string}\"},\"query-input\":{\"@type\":\"PropertyValueSpecification\",\"valueRequired\":true,\"valueName\":\"search_term_string\"}}],\"inLanguage\":\"de\"},{\"@type\":\"Organization\",\"@id\":\"https:\\\/\\\/schoenstatt.com\\\/de\\\/#organization\",\"name\":\"Schoenstatt\",\"url\":\"https:\\\/\\\/schoenstatt.com\\\/de\\\/\",\"logo\":{\"@type\":\"ImageObject\",\"inLanguage\":\"de\",\"@id\":\"https:\\\/\\\/schoenstatt.com\\\/de\\\/#\\\/schema\\\/logo\\\/image\\\/\",\"url\":\"https:\\\/\\\/schoenstatt.com\\\/wp-content\\\/uploads\\\/2025\\\/04\\\/logo-schoenstatt-white-696x696-1.png\",\"contentUrl\":\"https:\\\/\\\/schoenstatt.com\\\/wp-content\\\/uploads\\\/2025\\\/04\\\/logo-schoenstatt-white-696x696-1.png\",\"width\":696,\"height\":694,\"caption\":\"Schoenstatt\"},\"image\":{\"@id\":\"https:\\\/\\\/schoenstatt.com\\\/de\\\/#\\\/schema\\\/logo\\\/image\\\/\"}},{\"@type\":\"Person\",\"@id\":\"https:\\\/\\\/schoenstatt.com\\\/de\\\/#\\\/schema\\\/person\\\/5158877ad4acae98b34daaeef2a1ce6e\",\"name\":\"Karen Bueno\",\"image\":{\"@type\":\"ImageObject\",\"inLanguage\":\"de\",\"@id\":\"https:\\\/\\\/secure.gravatar.com\\\/avatar\\\/f9f4b823873154269d2b2130f195f6d41037dd0d7fc5f3cacb5c846bae70d66b?s=96&d=mm&r=g\",\"url\":\"https:\\\/\\\/secure.gravatar.com\\\/avatar\\\/f9f4b823873154269d2b2130f195f6d41037dd0d7fc5f3cacb5c846bae70d66b?s=96&d=mm&r=g\",\"contentUrl\":\"https:\\\/\\\/secure.gravatar.com\\\/avatar\\\/f9f4b823873154269d2b2130f195f6d41037dd0d7fc5f3cacb5c846bae70d66b?s=96&d=mm&r=g\",\"caption\":\"Karen Bueno\"},\"url\":\"https:\\\/\\\/schoenstatt.com\\\/de\\\/author\\\/karen-bueno\\\/\"}]}<\/script>\n<!-- \/ Yoast SEO Premium plugin. -->","yoast_head_json":{"title":"In Argentinien findet ein nationaler Kongress der Familien-Misionen statt","description":"Anl\u00e4sslich des 25-j\u00e4hrigen Jubil\u00e4ums der Sch\u00f6nstattfamilien-Misionen veranstaltet die Bewegung einen nationalen Kongress.","robots":{"index":"index","follow":"follow","max-snippet":"max-snippet:-1","max-image-preview":"max-image-preview:large","max-video-preview":"max-video-preview:-1"},"canonical":"https:\/\/schoenstatt.com\/de\/in-argentinien-findet-ein-nationaler-kongress-der-familien-misionen-statt\/","og_locale":"de_DE","og_type":"article","og_title":"In Argentinien findet ein nationaler Kongress der Familien-Misionen statt","og_description":"Anl\u00e4sslich des 25-j\u00e4hrigen Jubil\u00e4ums der Sch\u00f6nstattfamilien-Misionen veranstaltet die Bewegung einen nationalen Kongress.","og_url":"https:\/\/schoenstatt.com\/de\/in-argentinien-findet-ein-nationaler-kongress-der-familien-misionen-statt\/","og_site_name":"Schoenstatt","article_published_time":"2024-10-22T12:54:04+00:00","article_modified_time":"2025-05-15T20:28:19+00:00","og_image":[{"width":1280,"height":721,"url":"https:\/\/schoenstatt.com\/wp-content\/uploads\/2024\/10\/Congreso-de-Misiones-Familiares-Argentinas-2024-1.jpg","type":"image\/jpeg"}],"author":"Karen Bueno","twitter_card":"summary_large_image","twitter_misc":{"Verfasst von":"Karen Bueno","Gesch\u00e4tzte Lesezeit":"5\u00a0Minuten"},"schema":{"@context":"https:\/\/schema.org","@graph":[{"@type":"Article","@id":"https:\/\/schoenstatt.com\/de\/in-argentinien-findet-ein-nationaler-kongress-der-familien-misionen-statt\/#article","isPartOf":{"@id":"https:\/\/schoenstatt.com\/de\/in-argentinien-findet-ein-nationaler-kongress-der-familien-misionen-statt\/"},"author":{"name":"Karen Bueno","@id":"https:\/\/schoenstatt.com\/de\/#\/schema\/person\/5158877ad4acae98b34daaeef2a1ce6e"},"headline":"In Argentinien findet ein nationaler Kongress der Familien-Misionen statt","datePublished":"2024-10-22T12:54:04+00:00","dateModified":"2025-05-15T20:28:19+00:00","mainEntityOfPage":{"@id":"https:\/\/schoenstatt.com\/de\/in-argentinien-findet-ein-nationaler-kongress-der-familien-misionen-statt\/"},"wordCount":974,"publisher":{"@id":"https:\/\/schoenstatt.com\/de\/#organization"},"image":{"@id":"https:\/\/schoenstatt.com\/de\/in-argentinien-findet-ein-nationaler-kongress-der-familien-misionen-statt\/#primaryimage"},"thumbnailUrl":"https:\/\/schoenstatt.com\/wp-content\/uploads\/2024\/10\/Congreso-de-Misiones-Familiares-Argentinas-2024-1.jpg","articleSection":["Amerika","\u00dcber die Mission"],"inLanguage":"de"},{"@type":"WebPage","@id":"https:\/\/schoenstatt.com\/de\/in-argentinien-findet-ein-nationaler-kongress-der-familien-misionen-statt\/","url":"https:\/\/schoenstatt.com\/de\/in-argentinien-findet-ein-nationaler-kongress-der-familien-misionen-statt\/","name":"In Argentinien findet ein nationaler Kongress der Familien-Misionen statt","isPartOf":{"@id":"https:\/\/schoenstatt.com\/de\/#website"},"primaryImageOfPage":{"@id":"https:\/\/schoenstatt.com\/de\/in-argentinien-findet-ein-nationaler-kongress-der-familien-misionen-statt\/#primaryimage"},"image":{"@id":"https:\/\/schoenstatt.com\/de\/in-argentinien-findet-ein-nationaler-kongress-der-familien-misionen-statt\/#primaryimage"},"thumbnailUrl":"https:\/\/schoenstatt.com\/wp-content\/uploads\/2024\/10\/Congreso-de-Misiones-Familiares-Argentinas-2024-1.jpg","datePublished":"2024-10-22T12:54:04+00:00","dateModified":"2025-05-15T20:28:19+00:00","description":"Anl\u00e4sslich des 25-j\u00e4hrigen Jubil\u00e4ums der Sch\u00f6nstattfamilien-Misionen veranstaltet die Bewegung einen nationalen Kongress.","breadcrumb":{"@id":"https:\/\/schoenstatt.com\/de\/in-argentinien-findet-ein-nationaler-kongress-der-familien-misionen-statt\/#breadcrumb"},"inLanguage":"de","potentialAction":[{"@type":"ReadAction","target":["https:\/\/schoenstatt.com\/de\/in-argentinien-findet-ein-nationaler-kongress-der-familien-misionen-statt\/"]}]},{"@type":"ImageObject","inLanguage":"de","@id":"https:\/\/schoenstatt.com\/de\/in-argentinien-findet-ein-nationaler-kongress-der-familien-misionen-statt\/#primaryimage","url":"https:\/\/schoenstatt.com\/wp-content\/uploads\/2024\/10\/Congreso-de-Misiones-Familiares-Argentinas-2024-1.jpg","contentUrl":"https:\/\/schoenstatt.com\/wp-content\/uploads\/2024\/10\/Congreso-de-Misiones-Familiares-Argentinas-2024-1.jpg","width":1280,"height":721},{"@type":"BreadcrumbList","@id":"https:\/\/schoenstatt.com\/de\/in-argentinien-findet-ein-nationaler-kongress-der-familien-misionen-statt\/#breadcrumb","itemListElement":[{"@type":"ListItem","position":1,"name":"Portada","item":"https:\/\/schoenstatt.com\/de\/home\/"},{"@type":"ListItem","position":2,"name":"In Argentinien findet ein nationaler Kongress der Familien-Misionen statt"}]},{"@type":"WebSite","@id":"https:\/\/schoenstatt.com\/de\/#website","url":"https:\/\/schoenstatt.com\/de\/","name":"Schoenstatt","description":"Apostolic Movement","publisher":{"@id":"https:\/\/schoenstatt.com\/de\/#organization"},"potentialAction":[{"@type":"SearchAction","target":{"@type":"EntryPoint","urlTemplate":"https:\/\/schoenstatt.com\/de\/?s={search_term_string}"},"query-input":{"@type":"PropertyValueSpecification","valueRequired":true,"valueName":"search_term_string"}}],"inLanguage":"de"},{"@type":"Organization","@id":"https:\/\/schoenstatt.com\/de\/#organization","name":"Schoenstatt","url":"https:\/\/schoenstatt.com\/de\/","logo":{"@type":"ImageObject","inLanguage":"de","@id":"https:\/\/schoenstatt.com\/de\/#\/schema\/logo\/image\/","url":"https:\/\/schoenstatt.com\/wp-content\/uploads\/2025\/04\/logo-schoenstatt-white-696x696-1.png","contentUrl":"https:\/\/schoenstatt.com\/wp-content\/uploads\/2025\/04\/logo-schoenstatt-white-696x696-1.png","width":696,"height":694,"caption":"Schoenstatt"},"image":{"@id":"https:\/\/schoenstatt.com\/de\/#\/schema\/logo\/image\/"}},{"@type":"Person","@id":"https:\/\/schoenstatt.com\/de\/#\/schema\/person\/5158877ad4acae98b34daaeef2a1ce6e","name":"Karen Bueno","image":{"@type":"ImageObject","inLanguage":"de","@id":"https:\/\/secure.gravatar.com\/avatar\/f9f4b823873154269d2b2130f195f6d41037dd0d7fc5f3cacb5c846bae70d66b?s=96&d=mm&r=g","url":"https:\/\/secure.gravatar.com\/avatar\/f9f4b823873154269d2b2130f195f6d41037dd0d7fc5f3cacb5c846bae70d66b?s=96&d=mm&r=g","contentUrl":"https:\/\/secure.gravatar.com\/avatar\/f9f4b823873154269d2b2130f195f6d41037dd0d7fc5f3cacb5c846bae70d66b?s=96&d=mm&r=g","caption":"Karen Bueno"},"url":"https:\/\/schoenstatt.com\/de\/author\/karen-bueno\/"}]}},"_links":{"self":[{"href":"https:\/\/schoenstatt.com\/de\/wp-json\/wp\/v2\/posts\/41946","targetHints":{"allow":["GET"]}}],"collection":[{"href":"https:\/\/schoenstatt.com\/de\/wp-json\/wp\/v2\/posts"}],"about":[{"href":"https:\/\/schoenstatt.com\/de\/wp-json\/wp\/v2\/types\/post"}],"author":[{"embeddable":true,"href":"https:\/\/schoenstatt.com\/de\/wp-json\/wp\/v2\/users\/3"}],"replies":[{"embeddable":true,"href":"https:\/\/schoenstatt.com\/de\/wp-json\/wp\/v2\/comments?post=41946"}],"version-history":[{"count":1,"href":"https:\/\/schoenstatt.com\/de\/wp-json\/wp\/v2\/posts\/41946\/revisions"}],"predecessor-version":[{"id":47097,"href":"https:\/\/schoenstatt.com\/de\/wp-json\/wp\/v2\/posts\/41946\/revisions\/47097"}],"wp:featuredmedia":[{"embeddable":true,"href":"https:\/\/schoenstatt.com\/de\/wp-json\/wp\/v2\/media\/41913"}],"wp:attachment":[{"href":"https:\/\/schoenstatt.com\/de\/wp-json\/wp\/v2\/media?parent=41946"}],"wp:term":[{"taxonomy":"category","embeddable":true,"href":"https:\/\/schoenstatt.com\/de\/wp-json\/wp\/v2\/categories?post=41946"},{"taxonomy":"post_tag","embeddable":true,"href":"https:\/\/schoenstatt.com\/de\/wp-json\/wp\/v2\/tags?post=41946"}],"curies":[{"name":"wp","href":"https:\/\/api.w.org\/{rel}","templated":true}]}}