{"id":41883,"date":"2024-10-18T03:03:00","date_gmt":"2024-10-18T01:03:00","guid":{"rendered":"https:\/\/schoenstatt.com\/?p=41883"},"modified":"2025-05-15T22:32:24","modified_gmt":"2025-05-15T20:32:24","slug":"wir-alle-sind-schoenstatt-ein-weltweiter-aufruf-an-die-internationale-schoenstattfamilie","status":"publish","type":"post","link":"https:\/\/schoenstatt.com\/de\/wir-alle-sind-schoenstatt-ein-weltweiter-aufruf-an-die-internationale-schoenstattfamilie\/","title":{"rendered":"\u201eWir alle sind Sch\u00f6nstatt\u201c: Ein weltweiter Aufruf an die internationale Sch\u00f6nstattfamilie"},"content":{"rendered":"\n<p>Im Rahmen des B\u00fcndnismonats freut sich das Generalpr\u00e4sidium, eine Initiative von gro\u00dfer Bedeutung und weltweiter Tragweite ank\u00fcndigen zu k\u00f6nnen. Nach Monaten der Planung und Zusammenarbeit wird offiziell die weltweite Kampagne<strong> \u201eWIR ALLE SIND SCH\u00d6NSTATT\u201c<\/strong> gestartet, um die Verbindungen unserer internationalen Familie zu st\u00e4rken und die Zukunft der Sendung zu sichern, die unserem Vater und Gr\u00fcnder von der Dreimal Wunderbaren Mutter anvertraut wurde.<\/p>\n\n\n\n<h2 class=\"wp-block-heading\" id=\"h-eine-gemeinsame-herausforderung\"><strong>Eine gemeinsame Herausforderung<\/strong><\/h2>\n\n\n\n<div class=\"wp-block-media-text is-stacked-on-mobile\" style=\"grid-template-columns:44% auto\"><figure class=\"wp-block-media-text__media\"><img decoding=\"async\" src=\"https:\/\/schoenstatt.com\/wp-content\/uploads\/2024\/10\/DE-wir-sind-alle-schoenstatt.png\" alt=\"\" class=\"wp-image-41903 size-full\"\/><\/figure><div class=\"wp-block-media-text__content\">\n<p>Die Kampagne, die am <strong>18. Oktober 2024<\/strong>, dem 110. Jahrestag der Gr\u00fcndung der Sch\u00f6nstattbewegung, offiziell er\u00f6ffnet wird, soll die Sch\u00f6nst\u00e4tter auf der ganzen Welt inspirieren, sich aktiv am Erhalt und Ausbau unseres Werkes zu beteiligen. Diese Initiative hat ein doppeltes Ziel: erstens, die <strong>Freude und Dankbarkeit <\/strong>f\u00fcr die Zugeh\u00f6rigkeit zu einer internationalen Familie zu f\u00f6rdern, und zweitens, das Bewusstsein einer gemeinsamen Verantwortung f\u00fcr die Erhaltung unseres gemeinsamen Hauses und Lebens zu wecken, das unter dem Wirken der g\u00f6ttlichen Vorsehung weiter w\u00e4chst.<\/p>\n<\/div><\/div>\n\n\n\n<h2 class=\"wp-block-heading\" id=\"h-drei-projekte-ein-ziel\"><strong>Drei Projekte, ein Ziel<\/strong><\/h2>\n\n\n\n<p>Die Kampagne bittet um die Unterst\u00fctzung der gesamten Familie und sie hat ein Spendenziel von 250.000 \u20ac, aufgeteilt auf 3 spezifische Projekte:<\/p>\n\n\n\n<blockquote class=\"wp-block-quote is-layout-flow wp-block-quote-is-layout-flow\">\n<p><strong>1. Erhaltung des Urheiligtums:<\/strong> Ein symbolischer und heiliger Ort f\u00fcr die ganze Sch\u00f6nstattfamilie.<\/p>\n\n\n\n<p>2. <strong>Unterst\u00fctzung der internationalen Koordinierungsstelle der Bewegung:<\/strong> Diese Gruppe ist unter anderem verantwortlich f\u00fcr die offizielle Kommunikation der Sch\u00f6nstattbewegung, sie verwaltet die Website schoenstatt.com, betreut die sozialen Netzwerke, h\u00e4lt Kontakt zu den neu entstehenden Sch\u00f6nstattfamilien in den neuen L\u00e4ndern und unterst\u00fctzt deren Entwicklung.<\/p>\n\n\n\n<p>3. <strong>Finanzierung einer unabh\u00e4ngigen Studie \u00fcber die Causa unseres Vaters und Gr\u00fcnders: <\/strong>Diese soll Klarheit und Transparenz \u00fcber die Gr\u00fcnde des Exils bringen.<\/p>\n<\/blockquote>\n\n\n\n<h2 class=\"wp-block-heading\" id=\"h-globale-einheit-und-lokale-partizipation\"><strong>Globale Einheit und lokale Partizipation<\/strong><\/h2>\n\n\n\n<p>Die Kampagne ist so angelegt, dass alle Sch\u00f6nst\u00e4tter, wo immer sie sich auf der Welt befinden, frei und freiwillig daran teilnehmen k\u00f6nnen. Es wurden Materialien in verschiedenen Sprachen und f\u00fcr verschiedene Plattformen wie E-Mail, WhatsApp, Instagram und andere soziale Netzwerke vorbereitet, zusammen mit einem inspirierenden Motto f\u00fcr dieses Jahr: <strong>\u201eHin zum Ursprung, Liebesb\u00fcndnis f\u00fcr die Welt\u201c.<\/strong><\/p>\n\n\n\n<p>Dar\u00fcber hinaus wurden Botschafter aus verschiedenen L\u00e4ndern benannt, die die Verbreitung dieser Initiative f\u00f6rdern und die Aufgabe haben, die lokale Familie zu mobilisieren und Netzwerke zu schaffen, um die Botschaft in m\u00f6glichst alle Bereiche tragen k\u00f6nnen. Schulungen werden bereits auf Spanisch, Deutsch, Portugiesisch, Polnisch und Englisch angeboten und bald auch auf Italienisch, um sicherzustellen, dass viele bereit sind, das Anliegen bekannt zu machen.<\/p>\n\n\n\n<figure class=\"wp-block-image size-large\"><img decoding=\"async\" src=\"https:\/\/schoenstatt.com\/wp-content\/uploads\/2024\/10\/wir-sind-alle-schoenstatt-1024x1024.png\" alt=\"\" class=\"wp-image-41888\"\/><\/figure>\n\n\n\n<h2 class=\"wp-block-heading\" id=\"h-transparenz-und-rechenschaft\"><strong>Transparenz und Rechenschaft<\/strong><\/h2>\n\n\n\n<p>Transparenz ist einer der Eckpfeiler der Kampagne. Spenden k\u00f6nnen \u00fcber verschiedene Kan\u00e4le get\u00e4tigt werden, haupts\u00e4chlich \u00fcber die <strong><a href=\"https:\/\/schoenstatt.com\/de\/wir-alle-sind-schoenstatt\/\">Donorbox-Plattform<\/a><\/strong>, die Spenden aus mehreren L\u00e4ndern und in mehr als 20 W\u00e4hrungen erm\u00f6glicht. Dar\u00fcber hinaus wird eine strikt vertrauliche Spenderdatenbank eingerichtet und es wird eine transparente und regelm\u00e4\u00dfige Berichterstattung \u00fcber die Verwendung der Mittel auf der Webseite geben.<\/p>\n\n\n\n<div class=\"wp-block-buttons is-layout-flex wp-block-buttons-is-layout-flex\">\n<div class=\"wp-block-button\"><a class=\"wp-block-button__link has-white-color has-text-color has-background has-link-color has-text-align-center wp-element-button\" href=\"https:\/\/schoenstatt.com\/de\/wir-alle-sind-schoenstatt\/\" style=\"border-radius:19px;background-color:#232955\">Link zum Spenden<\/a><\/div>\n<\/div>\n\n\n\n<h2 class=\"wp-block-heading\" id=\"h-gemeinsam-fur-eine-nachhaltige-zukunft\"><strong>Gemeinsam f\u00fcr eine nachhaltige Zukunft<\/strong><\/h2>\n\n\n\n<p>Dies ist ein Aufruf an die ganze Sch\u00f6nstattfamilie, Mitverantwortung zu \u00fcbernehmen f\u00fcr den Fortbestand und das Wachstum unserer Bewegung auf internationaler Ebene, nicht nur f\u00fcr die unmittelbaren Projekte, sondern damit die<strong> Sendung Sch\u00f6nstatts <\/strong>auch in den kommenden Jahrhunderten ihr Licht ausstrahlen kann. \u00dcber die materiellen Beitr\u00e4ge hinaus w\u00fcnschen wir uns, dass m\u00f6glichst viele im Rahmen ihrer M\u00f6glichkeiten ihre <strong>F\u00e4higkeiten, ihre Initiative und ihre Zeit<\/strong> als konkreten Beitrag zur St\u00e4rkung unserer internationalen Einheit einbringen.<\/p>\n\n\n\n<p>Die Finanzkommission, die sich aus Vertretern verschiedener L\u00e4nder und Gliederungen der Bewegung zusammensetzt, und die Botschafter stehen zur Verf\u00fcgung, um Fragen zu kl\u00e4ren, die auftauchen k\u00f6nnten. Gemeinsam sind wir zuversichtlich, dass wir mit der Hilfe <strong>der Gottesmutter<\/strong> und in Zusammenarbeit aller die Ziele erreichen und zum weiteren Wachstum und zur Ausbreitung der Sendung Sch\u00f6nstatts in der Welt beitragen werden.<\/p>\n\n\n\n<p><strong>Wir alle sind Sch\u00f6nstatt! <\/strong>Es ist an der Zeit, uns zu vereinen, auf unseren Ursprung zu blicken und gemeinsam unser B\u00fcndnis zu verbreiten gem\u00e4\u00df dem Motto<strong> \u201eHin zum Ursprung, Liebesb\u00fcndnis f\u00fcr die Welt\u201c.<\/strong><\/p>\n","protected":false},"excerpt":{"rendered":"<p>Nach Monaten der Planung und Zusammenarbeit wird offiziell die weltweite Kampagne \u201eWIR ALLE SIND SCH\u00d6NSTATT\u201c gestartet<\/p>\n","protected":false},"author":3,"featured_media":41857,"comment_status":"closed","ping_status":"closed","sticky":false,"template":"","format":"standard","meta":{"footnotes":""},"categories":[890,895,899],"tags":[],"class_list":["post-41883","post","type-post","status-publish","format-standard","has-post-thumbnail","hentry","category-causa-kentenich-de","category-uber-die-mission-de","category-urheiligtum-de"],"yoast_head":"<!-- This site is optimized with the Yoast SEO Premium plugin v27.4 (Yoast SEO v27.4) - https:\/\/yoast.com\/product\/yoast-seo-premium-wordpress\/ -->\n<title>\u201eWir alle sind Sch\u00f6nstatt\u201c: Ein weltweiter Aufruf an die internationale Sch\u00f6nstattfamilie<\/title>\n<meta name=\"description\" content=\"Nach Monaten der Planung und Zusammenarbeit wird offiziell die weltweite Kampagne \u201eWIR ALLE SIND SCH\u00d6NSTATT\u201c gestartet\" \/>\n<meta name=\"robots\" content=\"index, follow, max-snippet:-1, max-image-preview:large, max-video-preview:-1\" \/>\n<link rel=\"canonical\" href=\"https:\/\/schoenstatt.com\/de\/wir-alle-sind-schoenstatt-ein-weltweiter-aufruf-an-die-internationale-schoenstattfamilie\/\" \/>\n<meta property=\"og:locale\" content=\"de_DE\" \/>\n<meta property=\"og:type\" content=\"article\" \/>\n<meta property=\"og:title\" content=\"\u201eWir alle sind Sch\u00f6nstatt\u201c: Ein weltweiter Aufruf an die internationale Sch\u00f6nstattfamilie\" \/>\n<meta property=\"og:description\" content=\"Nach Monaten der Planung und Zusammenarbeit wird offiziell die weltweite Kampagne \u201eWIR ALLE SIND SCH\u00d6NSTATT\u201c gestartet\" \/>\n<meta property=\"og:url\" content=\"https:\/\/schoenstatt.com\/de\/wir-alle-sind-schoenstatt-ein-weltweiter-aufruf-an-die-internationale-schoenstattfamilie\/\" \/>\n<meta property=\"og:site_name\" content=\"Schoenstatt\" \/>\n<meta property=\"article:published_time\" content=\"2024-10-18T01:03:00+00:00\" \/>\n<meta property=\"article:modified_time\" content=\"2025-05-15T20:32:24+00:00\" \/>\n<meta property=\"og:image\" content=\"https:\/\/schoenstatt.com\/wp-content\/uploads\/2024\/10\/urheiligtum-santuario-original-shrine-1.jpg\" \/>\n\t<meta property=\"og:image:width\" content=\"2048\" \/>\n\t<meta property=\"og:image:height\" content=\"1179\" \/>\n\t<meta property=\"og:image:type\" content=\"image\/jpeg\" \/>\n<meta name=\"author\" content=\"Karen Bueno\" \/>\n<meta name=\"twitter:card\" content=\"summary_large_image\" \/>\n<meta name=\"twitter:label1\" content=\"Verfasst von\" \/>\n\t<meta name=\"twitter:data1\" content=\"Karen Bueno\" \/>\n\t<meta name=\"twitter:label2\" content=\"Gesch\u00e4tzte Lesezeit\" \/>\n\t<meta name=\"twitter:data2\" content=\"3\u00a0Minuten\" \/>\n<script type=\"application\/ld+json\" class=\"yoast-schema-graph\">{\"@context\":\"https:\\\/\\\/schema.org\",\"@graph\":[{\"@type\":\"Article\",\"@id\":\"https:\\\/\\\/schoenstatt.com\\\/de\\\/wir-alle-sind-schoenstatt-ein-weltweiter-aufruf-an-die-internationale-schoenstattfamilie\\\/#article\",\"isPartOf\":{\"@id\":\"https:\\\/\\\/schoenstatt.com\\\/de\\\/wir-alle-sind-schoenstatt-ein-weltweiter-aufruf-an-die-internationale-schoenstattfamilie\\\/\"},\"author\":{\"name\":\"Karen Bueno\",\"@id\":\"https:\\\/\\\/schoenstatt.com\\\/de\\\/#\\\/schema\\\/person\\\/5158877ad4acae98b34daaeef2a1ce6e\"},\"headline\":\"\u201eWir alle sind Sch\u00f6nstatt\u201c: Ein weltweiter Aufruf an die internationale Sch\u00f6nstattfamilie\",\"datePublished\":\"2024-10-18T01:03:00+00:00\",\"dateModified\":\"2025-05-15T20:32:24+00:00\",\"mainEntityOfPage\":{\"@id\":\"https:\\\/\\\/schoenstatt.com\\\/de\\\/wir-alle-sind-schoenstatt-ein-weltweiter-aufruf-an-die-internationale-schoenstattfamilie\\\/\"},\"wordCount\":683,\"publisher\":{\"@id\":\"https:\\\/\\\/schoenstatt.com\\\/de\\\/#organization\"},\"image\":{\"@id\":\"https:\\\/\\\/schoenstatt.com\\\/de\\\/wir-alle-sind-schoenstatt-ein-weltweiter-aufruf-an-die-internationale-schoenstattfamilie\\\/#primaryimage\"},\"thumbnailUrl\":\"https:\\\/\\\/schoenstatt.com\\\/wp-content\\\/uploads\\\/2024\\\/10\\\/urheiligtum-santuario-original-shrine-1.jpg\",\"articleSection\":[\"Causa Kentenich\",\"\u00dcber die Mission\",\"Urheiligtum\"],\"inLanguage\":\"de\"},{\"@type\":\"WebPage\",\"@id\":\"https:\\\/\\\/schoenstatt.com\\\/de\\\/wir-alle-sind-schoenstatt-ein-weltweiter-aufruf-an-die-internationale-schoenstattfamilie\\\/\",\"url\":\"https:\\\/\\\/schoenstatt.com\\\/de\\\/wir-alle-sind-schoenstatt-ein-weltweiter-aufruf-an-die-internationale-schoenstattfamilie\\\/\",\"name\":\"\u201eWir alle sind Sch\u00f6nstatt\u201c: Ein weltweiter Aufruf an die internationale Sch\u00f6nstattfamilie\",\"isPartOf\":{\"@id\":\"https:\\\/\\\/schoenstatt.com\\\/de\\\/#website\"},\"primaryImageOfPage\":{\"@id\":\"https:\\\/\\\/schoenstatt.com\\\/de\\\/wir-alle-sind-schoenstatt-ein-weltweiter-aufruf-an-die-internationale-schoenstattfamilie\\\/#primaryimage\"},\"image\":{\"@id\":\"https:\\\/\\\/schoenstatt.com\\\/de\\\/wir-alle-sind-schoenstatt-ein-weltweiter-aufruf-an-die-internationale-schoenstattfamilie\\\/#primaryimage\"},\"thumbnailUrl\":\"https:\\\/\\\/schoenstatt.com\\\/wp-content\\\/uploads\\\/2024\\\/10\\\/urheiligtum-santuario-original-shrine-1.jpg\",\"datePublished\":\"2024-10-18T01:03:00+00:00\",\"dateModified\":\"2025-05-15T20:32:24+00:00\",\"description\":\"Nach Monaten der Planung und Zusammenarbeit wird offiziell die weltweite Kampagne \u201eWIR ALLE SIND SCH\u00d6NSTATT\u201c gestartet\",\"breadcrumb\":{\"@id\":\"https:\\\/\\\/schoenstatt.com\\\/de\\\/wir-alle-sind-schoenstatt-ein-weltweiter-aufruf-an-die-internationale-schoenstattfamilie\\\/#breadcrumb\"},\"inLanguage\":\"de\",\"potentialAction\":[{\"@type\":\"ReadAction\",\"target\":[\"https:\\\/\\\/schoenstatt.com\\\/de\\\/wir-alle-sind-schoenstatt-ein-weltweiter-aufruf-an-die-internationale-schoenstattfamilie\\\/\"]}]},{\"@type\":\"ImageObject\",\"inLanguage\":\"de\",\"@id\":\"https:\\\/\\\/schoenstatt.com\\\/de\\\/wir-alle-sind-schoenstatt-ein-weltweiter-aufruf-an-die-internationale-schoenstattfamilie\\\/#primaryimage\",\"url\":\"https:\\\/\\\/schoenstatt.com\\\/wp-content\\\/uploads\\\/2024\\\/10\\\/urheiligtum-santuario-original-shrine-1.jpg\",\"contentUrl\":\"https:\\\/\\\/schoenstatt.com\\\/wp-content\\\/uploads\\\/2024\\\/10\\\/urheiligtum-santuario-original-shrine-1.jpg\",\"width\":2048,\"height\":1179},{\"@type\":\"BreadcrumbList\",\"@id\":\"https:\\\/\\\/schoenstatt.com\\\/de\\\/wir-alle-sind-schoenstatt-ein-weltweiter-aufruf-an-die-internationale-schoenstattfamilie\\\/#breadcrumb\",\"itemListElement\":[{\"@type\":\"ListItem\",\"position\":1,\"name\":\"Portada\",\"item\":\"https:\\\/\\\/schoenstatt.com\\\/de\\\/home\\\/\"},{\"@type\":\"ListItem\",\"position\":2,\"name\":\"\u201eWir alle sind Sch\u00f6nstatt\u201c: Ein weltweiter Aufruf an die internationale Sch\u00f6nstattfamilie\"}]},{\"@type\":\"WebSite\",\"@id\":\"https:\\\/\\\/schoenstatt.com\\\/de\\\/#website\",\"url\":\"https:\\\/\\\/schoenstatt.com\\\/de\\\/\",\"name\":\"Schoenstatt\",\"description\":\"Apostolic Movement\",\"publisher\":{\"@id\":\"https:\\\/\\\/schoenstatt.com\\\/de\\\/#organization\"},\"potentialAction\":[{\"@type\":\"SearchAction\",\"target\":{\"@type\":\"EntryPoint\",\"urlTemplate\":\"https:\\\/\\\/schoenstatt.com\\\/de\\\/?s={search_term_string}\"},\"query-input\":{\"@type\":\"PropertyValueSpecification\",\"valueRequired\":true,\"valueName\":\"search_term_string\"}}],\"inLanguage\":\"de\"},{\"@type\":\"Organization\",\"@id\":\"https:\\\/\\\/schoenstatt.com\\\/de\\\/#organization\",\"name\":\"Schoenstatt\",\"url\":\"https:\\\/\\\/schoenstatt.com\\\/de\\\/\",\"logo\":{\"@type\":\"ImageObject\",\"inLanguage\":\"de\",\"@id\":\"https:\\\/\\\/schoenstatt.com\\\/de\\\/#\\\/schema\\\/logo\\\/image\\\/\",\"url\":\"https:\\\/\\\/schoenstatt.com\\\/wp-content\\\/uploads\\\/2025\\\/04\\\/logo-schoenstatt-white-696x696-1.png\",\"contentUrl\":\"https:\\\/\\\/schoenstatt.com\\\/wp-content\\\/uploads\\\/2025\\\/04\\\/logo-schoenstatt-white-696x696-1.png\",\"width\":696,\"height\":694,\"caption\":\"Schoenstatt\"},\"image\":{\"@id\":\"https:\\\/\\\/schoenstatt.com\\\/de\\\/#\\\/schema\\\/logo\\\/image\\\/\"}},{\"@type\":\"Person\",\"@id\":\"https:\\\/\\\/schoenstatt.com\\\/de\\\/#\\\/schema\\\/person\\\/5158877ad4acae98b34daaeef2a1ce6e\",\"name\":\"Karen Bueno\",\"image\":{\"@type\":\"ImageObject\",\"inLanguage\":\"de\",\"@id\":\"https:\\\/\\\/secure.gravatar.com\\\/avatar\\\/f9f4b823873154269d2b2130f195f6d41037dd0d7fc5f3cacb5c846bae70d66b?s=96&d=mm&r=g\",\"url\":\"https:\\\/\\\/secure.gravatar.com\\\/avatar\\\/f9f4b823873154269d2b2130f195f6d41037dd0d7fc5f3cacb5c846bae70d66b?s=96&d=mm&r=g\",\"contentUrl\":\"https:\\\/\\\/secure.gravatar.com\\\/avatar\\\/f9f4b823873154269d2b2130f195f6d41037dd0d7fc5f3cacb5c846bae70d66b?s=96&d=mm&r=g\",\"caption\":\"Karen Bueno\"},\"url\":\"https:\\\/\\\/schoenstatt.com\\\/de\\\/author\\\/karen-bueno\\\/\"}]}<\/script>\n<!-- \/ Yoast SEO Premium plugin. -->","yoast_head_json":{"title":"\u201eWir alle sind Sch\u00f6nstatt\u201c: Ein weltweiter Aufruf an die internationale Sch\u00f6nstattfamilie","description":"Nach Monaten der Planung und Zusammenarbeit wird offiziell die weltweite Kampagne \u201eWIR ALLE SIND SCH\u00d6NSTATT\u201c gestartet","robots":{"index":"index","follow":"follow","max-snippet":"max-snippet:-1","max-image-preview":"max-image-preview:large","max-video-preview":"max-video-preview:-1"},"canonical":"https:\/\/schoenstatt.com\/de\/wir-alle-sind-schoenstatt-ein-weltweiter-aufruf-an-die-internationale-schoenstattfamilie\/","og_locale":"de_DE","og_type":"article","og_title":"\u201eWir alle sind Sch\u00f6nstatt\u201c: Ein weltweiter Aufruf an die internationale Sch\u00f6nstattfamilie","og_description":"Nach Monaten der Planung und Zusammenarbeit wird offiziell die weltweite Kampagne \u201eWIR ALLE SIND SCH\u00d6NSTATT\u201c gestartet","og_url":"https:\/\/schoenstatt.com\/de\/wir-alle-sind-schoenstatt-ein-weltweiter-aufruf-an-die-internationale-schoenstattfamilie\/","og_site_name":"Schoenstatt","article_published_time":"2024-10-18T01:03:00+00:00","article_modified_time":"2025-05-15T20:32:24+00:00","og_image":[{"width":2048,"height":1179,"url":"https:\/\/schoenstatt.com\/wp-content\/uploads\/2024\/10\/urheiligtum-santuario-original-shrine-1.jpg","type":"image\/jpeg"}],"author":"Karen Bueno","twitter_card":"summary_large_image","twitter_misc":{"Verfasst von":"Karen Bueno","Gesch\u00e4tzte Lesezeit":"3\u00a0Minuten"},"schema":{"@context":"https:\/\/schema.org","@graph":[{"@type":"Article","@id":"https:\/\/schoenstatt.com\/de\/wir-alle-sind-schoenstatt-ein-weltweiter-aufruf-an-die-internationale-schoenstattfamilie\/#article","isPartOf":{"@id":"https:\/\/schoenstatt.com\/de\/wir-alle-sind-schoenstatt-ein-weltweiter-aufruf-an-die-internationale-schoenstattfamilie\/"},"author":{"name":"Karen Bueno","@id":"https:\/\/schoenstatt.com\/de\/#\/schema\/person\/5158877ad4acae98b34daaeef2a1ce6e"},"headline":"\u201eWir alle sind Sch\u00f6nstatt\u201c: Ein weltweiter Aufruf an die internationale Sch\u00f6nstattfamilie","datePublished":"2024-10-18T01:03:00+00:00","dateModified":"2025-05-15T20:32:24+00:00","mainEntityOfPage":{"@id":"https:\/\/schoenstatt.com\/de\/wir-alle-sind-schoenstatt-ein-weltweiter-aufruf-an-die-internationale-schoenstattfamilie\/"},"wordCount":683,"publisher":{"@id":"https:\/\/schoenstatt.com\/de\/#organization"},"image":{"@id":"https:\/\/schoenstatt.com\/de\/wir-alle-sind-schoenstatt-ein-weltweiter-aufruf-an-die-internationale-schoenstattfamilie\/#primaryimage"},"thumbnailUrl":"https:\/\/schoenstatt.com\/wp-content\/uploads\/2024\/10\/urheiligtum-santuario-original-shrine-1.jpg","articleSection":["Causa Kentenich","\u00dcber die Mission","Urheiligtum"],"inLanguage":"de"},{"@type":"WebPage","@id":"https:\/\/schoenstatt.com\/de\/wir-alle-sind-schoenstatt-ein-weltweiter-aufruf-an-die-internationale-schoenstattfamilie\/","url":"https:\/\/schoenstatt.com\/de\/wir-alle-sind-schoenstatt-ein-weltweiter-aufruf-an-die-internationale-schoenstattfamilie\/","name":"\u201eWir alle sind Sch\u00f6nstatt\u201c: Ein weltweiter Aufruf an die internationale Sch\u00f6nstattfamilie","isPartOf":{"@id":"https:\/\/schoenstatt.com\/de\/#website"},"primaryImageOfPage":{"@id":"https:\/\/schoenstatt.com\/de\/wir-alle-sind-schoenstatt-ein-weltweiter-aufruf-an-die-internationale-schoenstattfamilie\/#primaryimage"},"image":{"@id":"https:\/\/schoenstatt.com\/de\/wir-alle-sind-schoenstatt-ein-weltweiter-aufruf-an-die-internationale-schoenstattfamilie\/#primaryimage"},"thumbnailUrl":"https:\/\/schoenstatt.com\/wp-content\/uploads\/2024\/10\/urheiligtum-santuario-original-shrine-1.jpg","datePublished":"2024-10-18T01:03:00+00:00","dateModified":"2025-05-15T20:32:24+00:00","description":"Nach Monaten der Planung und Zusammenarbeit wird offiziell die weltweite Kampagne \u201eWIR ALLE SIND SCH\u00d6NSTATT\u201c gestartet","breadcrumb":{"@id":"https:\/\/schoenstatt.com\/de\/wir-alle-sind-schoenstatt-ein-weltweiter-aufruf-an-die-internationale-schoenstattfamilie\/#breadcrumb"},"inLanguage":"de","potentialAction":[{"@type":"ReadAction","target":["https:\/\/schoenstatt.com\/de\/wir-alle-sind-schoenstatt-ein-weltweiter-aufruf-an-die-internationale-schoenstattfamilie\/"]}]},{"@type":"ImageObject","inLanguage":"de","@id":"https:\/\/schoenstatt.com\/de\/wir-alle-sind-schoenstatt-ein-weltweiter-aufruf-an-die-internationale-schoenstattfamilie\/#primaryimage","url":"https:\/\/schoenstatt.com\/wp-content\/uploads\/2024\/10\/urheiligtum-santuario-original-shrine-1.jpg","contentUrl":"https:\/\/schoenstatt.com\/wp-content\/uploads\/2024\/10\/urheiligtum-santuario-original-shrine-1.jpg","width":2048,"height":1179},{"@type":"BreadcrumbList","@id":"https:\/\/schoenstatt.com\/de\/wir-alle-sind-schoenstatt-ein-weltweiter-aufruf-an-die-internationale-schoenstattfamilie\/#breadcrumb","itemListElement":[{"@type":"ListItem","position":1,"name":"Portada","item":"https:\/\/schoenstatt.com\/de\/home\/"},{"@type":"ListItem","position":2,"name":"\u201eWir alle sind Sch\u00f6nstatt\u201c: Ein weltweiter Aufruf an die internationale Sch\u00f6nstattfamilie"}]},{"@type":"WebSite","@id":"https:\/\/schoenstatt.com\/de\/#website","url":"https:\/\/schoenstatt.com\/de\/","name":"Schoenstatt","description":"Apostolic Movement","publisher":{"@id":"https:\/\/schoenstatt.com\/de\/#organization"},"potentialAction":[{"@type":"SearchAction","target":{"@type":"EntryPoint","urlTemplate":"https:\/\/schoenstatt.com\/de\/?s={search_term_string}"},"query-input":{"@type":"PropertyValueSpecification","valueRequired":true,"valueName":"search_term_string"}}],"inLanguage":"de"},{"@type":"Organization","@id":"https:\/\/schoenstatt.com\/de\/#organization","name":"Schoenstatt","url":"https:\/\/schoenstatt.com\/de\/","logo":{"@type":"ImageObject","inLanguage":"de","@id":"https:\/\/schoenstatt.com\/de\/#\/schema\/logo\/image\/","url":"https:\/\/schoenstatt.com\/wp-content\/uploads\/2025\/04\/logo-schoenstatt-white-696x696-1.png","contentUrl":"https:\/\/schoenstatt.com\/wp-content\/uploads\/2025\/04\/logo-schoenstatt-white-696x696-1.png","width":696,"height":694,"caption":"Schoenstatt"},"image":{"@id":"https:\/\/schoenstatt.com\/de\/#\/schema\/logo\/image\/"}},{"@type":"Person","@id":"https:\/\/schoenstatt.com\/de\/#\/schema\/person\/5158877ad4acae98b34daaeef2a1ce6e","name":"Karen Bueno","image":{"@type":"ImageObject","inLanguage":"de","@id":"https:\/\/secure.gravatar.com\/avatar\/f9f4b823873154269d2b2130f195f6d41037dd0d7fc5f3cacb5c846bae70d66b?s=96&d=mm&r=g","url":"https:\/\/secure.gravatar.com\/avatar\/f9f4b823873154269d2b2130f195f6d41037dd0d7fc5f3cacb5c846bae70d66b?s=96&d=mm&r=g","contentUrl":"https:\/\/secure.gravatar.com\/avatar\/f9f4b823873154269d2b2130f195f6d41037dd0d7fc5f3cacb5c846bae70d66b?s=96&d=mm&r=g","caption":"Karen Bueno"},"url":"https:\/\/schoenstatt.com\/de\/author\/karen-bueno\/"}]}},"_links":{"self":[{"href":"https:\/\/schoenstatt.com\/de\/wp-json\/wp\/v2\/posts\/41883","targetHints":{"allow":["GET"]}}],"collection":[{"href":"https:\/\/schoenstatt.com\/de\/wp-json\/wp\/v2\/posts"}],"about":[{"href":"https:\/\/schoenstatt.com\/de\/wp-json\/wp\/v2\/types\/post"}],"author":[{"embeddable":true,"href":"https:\/\/schoenstatt.com\/de\/wp-json\/wp\/v2\/users\/3"}],"replies":[{"embeddable":true,"href":"https:\/\/schoenstatt.com\/de\/wp-json\/wp\/v2\/comments?post=41883"}],"version-history":[{"count":1,"href":"https:\/\/schoenstatt.com\/de\/wp-json\/wp\/v2\/posts\/41883\/revisions"}],"predecessor-version":[{"id":47093,"href":"https:\/\/schoenstatt.com\/de\/wp-json\/wp\/v2\/posts\/41883\/revisions\/47093"}],"wp:featuredmedia":[{"embeddable":true,"href":"https:\/\/schoenstatt.com\/de\/wp-json\/wp\/v2\/media\/41857"}],"wp:attachment":[{"href":"https:\/\/schoenstatt.com\/de\/wp-json\/wp\/v2\/media?parent=41883"}],"wp:term":[{"taxonomy":"category","embeddable":true,"href":"https:\/\/schoenstatt.com\/de\/wp-json\/wp\/v2\/categories?post=41883"},{"taxonomy":"post_tag","embeddable":true,"href":"https:\/\/schoenstatt.com\/de\/wp-json\/wp\/v2\/tags?post=41883"}],"curies":[{"name":"wp","href":"https:\/\/api.w.org\/{rel}","templated":true}]}}