{"id":41342,"date":"2024-10-01T15:16:44","date_gmt":"2024-10-01T13:16:44","guid":{"rendered":"https:\/\/schoenstatt.com\/?p=41342"},"modified":"2025-05-15T20:07:02","modified_gmt":"2025-05-15T18:07:02","slug":"papst-wir-alle-sind-fuer-die-mission-der-kirche-verantwortlich","status":"publish","type":"post","link":"https:\/\/schoenstatt.com\/de\/papst-wir-alle-sind-fuer-die-mission-der-kirche-verantwortlich\/","title":{"rendered":"Papst: Wir alle sind f\u00fcr die Mission der Kirche verantwortlich"},"content":{"rendered":"\n<p>Mit seiner Gebetsmeinung f\u00fcr den Monat Oktober erinnert der Papst daran, dass alle Mitglieder der Kirche f\u00fcr die Mission der Kirche verantwortlich sind. Im Oktober findet der zweite Teil der Weltsynode zum Thema Synodalit\u00e4t im Vatikan statt.<\/p>\n\n\n\n<p>\u201eAlle Christen sind f\u00fcr die Mission der Kirche verantwortlich. Alle Priester. Wir alle\u201c, schreibt Franziskus in seiner Videobotschaft den Gl\u00e4ubigen ins Stammbuch. Der Vatikan ver\u00f6ffentlichte die Gebetsmeinung mit dem Titel \u201eF\u00fcr eine gemeinsame Sendung\u201c an diesem Montag.<\/p>\n\n\n\n<p>Darin erteilt der Papst Klerikalismus erneut eine klare Absage und wirbt f\u00fcr Synodalit\u00e4t in der Kirche: \u201eWir Priester sind nicht die F\u00fchrer der Laien, sondern ihre Hirten. Jesus hat jeden von uns berufen. Nicht einer \u00fcber dem anderen, nicht einer auf der einen und der andere auf der anderen Seite, sondern wir erg\u00e4nzen uns gegenseitig. Wir sind Gemeinschaft. Deshalb m\u00fcssen wir gemeinsam den Weg der Synodalit\u00e4t gehen.\u201c<\/p>\n\n\n\n<figure class=\"wp-block-embed is-type-video is-provider-youtube wp-block-embed-youtube wp-embed-aspect-16-9 wp-has-aspect-ratio\"><div class=\"wp-block-embed__wrapper\">\n<iframe title=\"F\u00fcr eine gemeinsame Sendung - Das Video vom Papst 10 \u2013  Oktober 2024\" width=\"800\" height=\"450\" src=\"https:\/\/www.youtube.com\/embed\/gVwLL-i6zLc?feature=oembed\" frameborder=\"0\" allow=\"accelerometer; autoplay; clipboard-write; encrypted-media; gyroscope; picture-in-picture; web-share\" referrerpolicy=\"strict-origin-when-cross-origin\" allowfullscreen><\/iframe>\n<\/div><\/figure>\n\n\n\n<h2 class=\"wp-block-heading\" id=\"h-mit-unserem-leben-zeugnis-geben\"><strong>Mit unserem Leben Zeugnis geben<\/strong><\/h2>\n\n\n\n<p>In dem Video wechseln Aufnahmen des Papstes, der auf Spanisch in die Kamera spricht, mit Bildern von Gl\u00e4ubigen weltweit ab, die sich in verschiedenen Bereichen engagieren. Zu sehen sind etwa Priester und Ordensschwestern bei ihrem pastoralen Dienst, eine den synodalen Weg symbolisierende Gemeindeprozession, die sich mit einem schlichten Holzkreuz \u00fcber eine Br\u00fccke bewegt, Frauen, M\u00e4nner und Jugendliche, die karitative Dienste ausf\u00fchren und sich etwa um Bed\u00fcrftige, Jugendliche und den Umweltschutz k\u00fcmmern.<\/p>\n\n\n\n<p>\u201eNat\u00fcrlich k\u00f6nnt ihr mich fragen, was kann ich, ein Busfahrer, tun, ich, eine B\u00e4uerin, oder ich, ein Fischer?\u201c, fragt der Papst mit Blick auf den Auftrag an jeden Gl\u00e4ubigen. \u201eWas wir alle tun m\u00fcssen: mit unserem Leben Zeugnis geben. Und Mitverantwortung f\u00fcr die Sendung der Kirche \u00fcbernehmen.\u201c Ob getaufte Laien oder Priester und Gottgeweihte \u2013 jeder solle das beitragen, \u201ewas er oder sie am besten kann\u201c, so Franziskus: \u201eWir sind mitverantwortlich f\u00fcr die Sendung, wir nehmen an ihr teil und leben in der Gemeinschaft der Kirche.\u201c<\/p>\n\n\n\n<h2 class=\"wp-block-heading\" id=\"h-synodalitat-und-mitverantwortung\"><strong>Synodalit\u00e4t und Mitverantwortung<\/strong><\/h2>\n\n\n\n<p>Franziskus ruft zum gemeinsamen Gebet f\u00fcr dieses Anliegen im Monat Oktober auf, in dem im Vatikan die Weltsynode zum Thema \u201eF\u00fcr eine synodale Kirche: Gemeinschaft, Teilhabe, Sendung\u201c stattfindet: \u201eBeten wir, dass die Kirche weiterhin in jeder Hinsicht einen synodalen Lebensstil im Zeichen der Mitverantwortung unterst\u00fctzt, der die Beteiligung, die Gemeinschaft und die gemeinsame Sendung von Priestern, Ordensleuten und Laien f\u00f6rdert.\u201c<\/p>\n\n\n\n<p>Das weltweite Gebetsnetzwerk des Papstes k\u00fcmmert sich um die Ausformulierung der Gebetsmeinungen, aber auch die Realisierung von monatlich erscheinenden Videos, in denen Franziskus die Intentionen genauer erl\u00e4utert. Die zweite Sitzung der XVI. Ordentlichen Generalversammlung der Bischofssynode \u201eF\u00fcr eine synodale Kirche: Gemeinschaft, Teilhabe und Sendung\u201c findet vom 2. bis 27. Oktober 2024 im Vatikan statt, Auftakt bilden Einkehrtage am 30. September und 1. Oktober, die mit einer gemeinsamen Bu\u00dfvigil abschlie\u00dfen. Der erste Teil hatte im Oktober 2023 im Vatikan stattgefunden.<\/p>\n\n\n\n<p><strong>Quelle: <\/strong><a href=\"https:\/\/www.vaticannews.va\/de\/papst\/news\/2024-09\/papst-video-gebetsinention-oktober-2024-mission-synodalitaet.html\" target=\"_blank\" rel=\"noreferrer noopener\">vaticannews.va\/de<\/a><\/p>\n","protected":false},"excerpt":{"rendered":"<p>\u201eAlle Christen sind f\u00fcr die Mission der Kirche verantwortlich\u201c, schreibt Franziskus in seiner Videobotschaft den Gl\u00e4ubigen ins Stammbuch.<\/p>\n","protected":false},"author":3,"featured_media":41336,"comment_status":"closed","ping_status":"closed","sticky":false,"template":"","format":"standard","meta":{"footnotes":""},"categories":[851,852],"tags":[],"class_list":["post-41342","post","type-post","status-publish","format-standard","has-post-thumbnail","hentry","category-kirche-de","category-papst-franziskus-de"],"yoast_head":"<!-- This site is optimized with the Yoast SEO Premium plugin v27.4 (Yoast SEO v27.5) - https:\/\/yoast.com\/product\/yoast-seo-premium-wordpress\/ -->\n<title>Papst: Wir alle sind f\u00fcr die Mission der Kirche verantwortlich - Schoenstatt<\/title>\n<meta name=\"description\" content=\"\u201eAlle Christen sind f\u00fcr die Mission der Kirche verantwortlich\u201c, schreibt Franziskus in seiner Videobotschaft den Gl\u00e4ubigen ins Stammbuch.\" \/>\n<meta name=\"robots\" content=\"index, follow, max-snippet:-1, max-image-preview:large, max-video-preview:-1\" \/>\n<link rel=\"canonical\" href=\"https:\/\/schoenstatt.com\/de\/papst-wir-alle-sind-fuer-die-mission-der-kirche-verantwortlich\/\" \/>\n<meta property=\"og:locale\" content=\"de_DE\" \/>\n<meta property=\"og:type\" content=\"article\" \/>\n<meta property=\"og:title\" content=\"Papst: Wir alle sind f\u00fcr die Mission der Kirche verantwortlich\" \/>\n<meta property=\"og:description\" content=\"\u201eAlle Christen sind f\u00fcr die Mission der Kirche verantwortlich\u201c, schreibt Franziskus in seiner Videobotschaft den Gl\u00e4ubigen ins Stammbuch.\" \/>\n<meta property=\"og:url\" content=\"https:\/\/schoenstatt.com\/de\/papst-wir-alle-sind-fuer-die-mission-der-kirche-verantwortlich\/\" \/>\n<meta property=\"og:site_name\" content=\"Schoenstatt\" \/>\n<meta property=\"article:published_time\" content=\"2024-10-01T13:16:44+00:00\" \/>\n<meta property=\"article:modified_time\" content=\"2025-05-15T18:07:02+00:00\" \/>\n<meta property=\"og:image\" content=\"https:\/\/schoenstatt.com\/wp-content\/uploads\/2024\/10\/papa-pope-papst-1.jpg\" \/>\n\t<meta property=\"og:image:width\" content=\"2048\" \/>\n\t<meta property=\"og:image:height\" content=\"1139\" \/>\n\t<meta property=\"og:image:type\" content=\"image\/jpeg\" \/>\n<meta name=\"author\" content=\"Karen Bueno\" \/>\n<meta name=\"twitter:card\" content=\"summary_large_image\" \/>\n<meta name=\"twitter:label1\" content=\"Verfasst von\" \/>\n\t<meta name=\"twitter:data1\" content=\"Karen Bueno\" \/>\n\t<meta name=\"twitter:label2\" content=\"Gesch\u00e4tzte Lesezeit\" \/>\n\t<meta name=\"twitter:data2\" content=\"3\u00a0Minuten\" \/>\n<script type=\"application\/ld+json\" class=\"yoast-schema-graph\">{\"@context\":\"https:\\\/\\\/schema.org\",\"@graph\":[{\"@type\":\"Article\",\"@id\":\"https:\\\/\\\/schoenstatt.com\\\/de\\\/papst-wir-alle-sind-fuer-die-mission-der-kirche-verantwortlich\\\/#article\",\"isPartOf\":{\"@id\":\"https:\\\/\\\/schoenstatt.com\\\/de\\\/papst-wir-alle-sind-fuer-die-mission-der-kirche-verantwortlich\\\/\"},\"author\":{\"name\":\"Karen Bueno\",\"@id\":\"https:\\\/\\\/schoenstatt.com\\\/de\\\/#\\\/schema\\\/person\\\/5158877ad4acae98b34daaeef2a1ce6e\"},\"headline\":\"Papst: Wir alle sind f\u00fcr die Mission der Kirche verantwortlich\",\"datePublished\":\"2024-10-01T13:16:44+00:00\",\"dateModified\":\"2025-05-15T18:07:02+00:00\",\"mainEntityOfPage\":{\"@id\":\"https:\\\/\\\/schoenstatt.com\\\/de\\\/papst-wir-alle-sind-fuer-die-mission-der-kirche-verantwortlich\\\/\"},\"wordCount\":497,\"publisher\":{\"@id\":\"https:\\\/\\\/schoenstatt.com\\\/de\\\/#organization\"},\"image\":{\"@id\":\"https:\\\/\\\/schoenstatt.com\\\/de\\\/papst-wir-alle-sind-fuer-die-mission-der-kirche-verantwortlich\\\/#primaryimage\"},\"thumbnailUrl\":\"https:\\\/\\\/schoenstatt.com\\\/wp-content\\\/uploads\\\/2024\\\/10\\\/papa-pope-papst-1.jpg\",\"articleSection\":[\"Kirche\",\"Papst Franziskus\"],\"inLanguage\":\"de\"},{\"@type\":\"WebPage\",\"@id\":\"https:\\\/\\\/schoenstatt.com\\\/de\\\/papst-wir-alle-sind-fuer-die-mission-der-kirche-verantwortlich\\\/\",\"url\":\"https:\\\/\\\/schoenstatt.com\\\/de\\\/papst-wir-alle-sind-fuer-die-mission-der-kirche-verantwortlich\\\/\",\"name\":\"Papst: Wir alle sind f\u00fcr die Mission der Kirche verantwortlich - Schoenstatt\",\"isPartOf\":{\"@id\":\"https:\\\/\\\/schoenstatt.com\\\/de\\\/#website\"},\"primaryImageOfPage\":{\"@id\":\"https:\\\/\\\/schoenstatt.com\\\/de\\\/papst-wir-alle-sind-fuer-die-mission-der-kirche-verantwortlich\\\/#primaryimage\"},\"image\":{\"@id\":\"https:\\\/\\\/schoenstatt.com\\\/de\\\/papst-wir-alle-sind-fuer-die-mission-der-kirche-verantwortlich\\\/#primaryimage\"},\"thumbnailUrl\":\"https:\\\/\\\/schoenstatt.com\\\/wp-content\\\/uploads\\\/2024\\\/10\\\/papa-pope-papst-1.jpg\",\"datePublished\":\"2024-10-01T13:16:44+00:00\",\"dateModified\":\"2025-05-15T18:07:02+00:00\",\"description\":\"\u201eAlle Christen sind f\u00fcr die Mission der Kirche verantwortlich\u201c, schreibt Franziskus in seiner Videobotschaft den Gl\u00e4ubigen ins Stammbuch.\",\"breadcrumb\":{\"@id\":\"https:\\\/\\\/schoenstatt.com\\\/de\\\/papst-wir-alle-sind-fuer-die-mission-der-kirche-verantwortlich\\\/#breadcrumb\"},\"inLanguage\":\"de\",\"potentialAction\":[{\"@type\":\"ReadAction\",\"target\":[\"https:\\\/\\\/schoenstatt.com\\\/de\\\/papst-wir-alle-sind-fuer-die-mission-der-kirche-verantwortlich\\\/\"]}]},{\"@type\":\"ImageObject\",\"inLanguage\":\"de\",\"@id\":\"https:\\\/\\\/schoenstatt.com\\\/de\\\/papst-wir-alle-sind-fuer-die-mission-der-kirche-verantwortlich\\\/#primaryimage\",\"url\":\"https:\\\/\\\/schoenstatt.com\\\/wp-content\\\/uploads\\\/2024\\\/10\\\/papa-pope-papst-1.jpg\",\"contentUrl\":\"https:\\\/\\\/schoenstatt.com\\\/wp-content\\\/uploads\\\/2024\\\/10\\\/papa-pope-papst-1.jpg\",\"width\":2048,\"height\":1139},{\"@type\":\"BreadcrumbList\",\"@id\":\"https:\\\/\\\/schoenstatt.com\\\/de\\\/papst-wir-alle-sind-fuer-die-mission-der-kirche-verantwortlich\\\/#breadcrumb\",\"itemListElement\":[{\"@type\":\"ListItem\",\"position\":1,\"name\":\"Portada\",\"item\":\"https:\\\/\\\/schoenstatt.com\\\/de\\\/home\\\/\"},{\"@type\":\"ListItem\",\"position\":2,\"name\":\"Papst: Wir alle sind f\u00fcr die Mission der Kirche verantwortlich\"}]},{\"@type\":\"WebSite\",\"@id\":\"https:\\\/\\\/schoenstatt.com\\\/de\\\/#website\",\"url\":\"https:\\\/\\\/schoenstatt.com\\\/de\\\/\",\"name\":\"Schoenstatt\",\"description\":\"Apostolic Movement\",\"publisher\":{\"@id\":\"https:\\\/\\\/schoenstatt.com\\\/de\\\/#organization\"},\"potentialAction\":[{\"@type\":\"SearchAction\",\"target\":{\"@type\":\"EntryPoint\",\"urlTemplate\":\"https:\\\/\\\/schoenstatt.com\\\/de\\\/?s={search_term_string}\"},\"query-input\":{\"@type\":\"PropertyValueSpecification\",\"valueRequired\":true,\"valueName\":\"search_term_string\"}}],\"inLanguage\":\"de\"},{\"@type\":\"Organization\",\"@id\":\"https:\\\/\\\/schoenstatt.com\\\/de\\\/#organization\",\"name\":\"Schoenstatt\",\"url\":\"https:\\\/\\\/schoenstatt.com\\\/de\\\/\",\"logo\":{\"@type\":\"ImageObject\",\"inLanguage\":\"de\",\"@id\":\"https:\\\/\\\/schoenstatt.com\\\/de\\\/#\\\/schema\\\/logo\\\/image\\\/\",\"url\":\"https:\\\/\\\/schoenstatt.com\\\/wp-content\\\/uploads\\\/2025\\\/04\\\/logo-schoenstatt-white-696x696-1.png\",\"contentUrl\":\"https:\\\/\\\/schoenstatt.com\\\/wp-content\\\/uploads\\\/2025\\\/04\\\/logo-schoenstatt-white-696x696-1.png\",\"width\":696,\"height\":694,\"caption\":\"Schoenstatt\"},\"image\":{\"@id\":\"https:\\\/\\\/schoenstatt.com\\\/de\\\/#\\\/schema\\\/logo\\\/image\\\/\"}},{\"@type\":\"Person\",\"@id\":\"https:\\\/\\\/schoenstatt.com\\\/de\\\/#\\\/schema\\\/person\\\/5158877ad4acae98b34daaeef2a1ce6e\",\"name\":\"Karen Bueno\",\"image\":{\"@type\":\"ImageObject\",\"inLanguage\":\"de\",\"@id\":\"https:\\\/\\\/secure.gravatar.com\\\/avatar\\\/f9f4b823873154269d2b2130f195f6d41037dd0d7fc5f3cacb5c846bae70d66b?s=96&d=mm&r=g\",\"url\":\"https:\\\/\\\/secure.gravatar.com\\\/avatar\\\/f9f4b823873154269d2b2130f195f6d41037dd0d7fc5f3cacb5c846bae70d66b?s=96&d=mm&r=g\",\"contentUrl\":\"https:\\\/\\\/secure.gravatar.com\\\/avatar\\\/f9f4b823873154269d2b2130f195f6d41037dd0d7fc5f3cacb5c846bae70d66b?s=96&d=mm&r=g\",\"caption\":\"Karen Bueno\"},\"url\":\"https:\\\/\\\/schoenstatt.com\\\/de\\\/author\\\/karen-bueno\\\/\"}]}<\/script>\n<!-- \/ Yoast SEO Premium plugin. -->","yoast_head_json":{"title":"Papst: Wir alle sind f\u00fcr die Mission der Kirche verantwortlich - Schoenstatt","description":"\u201eAlle Christen sind f\u00fcr die Mission der Kirche verantwortlich\u201c, schreibt Franziskus in seiner Videobotschaft den Gl\u00e4ubigen ins Stammbuch.","robots":{"index":"index","follow":"follow","max-snippet":"max-snippet:-1","max-image-preview":"max-image-preview:large","max-video-preview":"max-video-preview:-1"},"canonical":"https:\/\/schoenstatt.com\/de\/papst-wir-alle-sind-fuer-die-mission-der-kirche-verantwortlich\/","og_locale":"de_DE","og_type":"article","og_title":"Papst: Wir alle sind f\u00fcr die Mission der Kirche verantwortlich","og_description":"\u201eAlle Christen sind f\u00fcr die Mission der Kirche verantwortlich\u201c, schreibt Franziskus in seiner Videobotschaft den Gl\u00e4ubigen ins Stammbuch.","og_url":"https:\/\/schoenstatt.com\/de\/papst-wir-alle-sind-fuer-die-mission-der-kirche-verantwortlich\/","og_site_name":"Schoenstatt","article_published_time":"2024-10-01T13:16:44+00:00","article_modified_time":"2025-05-15T18:07:02+00:00","og_image":[{"width":2048,"height":1139,"url":"https:\/\/schoenstatt.com\/wp-content\/uploads\/2024\/10\/papa-pope-papst-1.jpg","type":"image\/jpeg"}],"author":"Karen Bueno","twitter_card":"summary_large_image","twitter_misc":{"Verfasst von":"Karen Bueno","Gesch\u00e4tzte Lesezeit":"3\u00a0Minuten"},"schema":{"@context":"https:\/\/schema.org","@graph":[{"@type":"Article","@id":"https:\/\/schoenstatt.com\/de\/papst-wir-alle-sind-fuer-die-mission-der-kirche-verantwortlich\/#article","isPartOf":{"@id":"https:\/\/schoenstatt.com\/de\/papst-wir-alle-sind-fuer-die-mission-der-kirche-verantwortlich\/"},"author":{"name":"Karen Bueno","@id":"https:\/\/schoenstatt.com\/de\/#\/schema\/person\/5158877ad4acae98b34daaeef2a1ce6e"},"headline":"Papst: Wir alle sind f\u00fcr die Mission der Kirche verantwortlich","datePublished":"2024-10-01T13:16:44+00:00","dateModified":"2025-05-15T18:07:02+00:00","mainEntityOfPage":{"@id":"https:\/\/schoenstatt.com\/de\/papst-wir-alle-sind-fuer-die-mission-der-kirche-verantwortlich\/"},"wordCount":497,"publisher":{"@id":"https:\/\/schoenstatt.com\/de\/#organization"},"image":{"@id":"https:\/\/schoenstatt.com\/de\/papst-wir-alle-sind-fuer-die-mission-der-kirche-verantwortlich\/#primaryimage"},"thumbnailUrl":"https:\/\/schoenstatt.com\/wp-content\/uploads\/2024\/10\/papa-pope-papst-1.jpg","articleSection":["Kirche","Papst Franziskus"],"inLanguage":"de"},{"@type":"WebPage","@id":"https:\/\/schoenstatt.com\/de\/papst-wir-alle-sind-fuer-die-mission-der-kirche-verantwortlich\/","url":"https:\/\/schoenstatt.com\/de\/papst-wir-alle-sind-fuer-die-mission-der-kirche-verantwortlich\/","name":"Papst: Wir alle sind f\u00fcr die Mission der Kirche verantwortlich - Schoenstatt","isPartOf":{"@id":"https:\/\/schoenstatt.com\/de\/#website"},"primaryImageOfPage":{"@id":"https:\/\/schoenstatt.com\/de\/papst-wir-alle-sind-fuer-die-mission-der-kirche-verantwortlich\/#primaryimage"},"image":{"@id":"https:\/\/schoenstatt.com\/de\/papst-wir-alle-sind-fuer-die-mission-der-kirche-verantwortlich\/#primaryimage"},"thumbnailUrl":"https:\/\/schoenstatt.com\/wp-content\/uploads\/2024\/10\/papa-pope-papst-1.jpg","datePublished":"2024-10-01T13:16:44+00:00","dateModified":"2025-05-15T18:07:02+00:00","description":"\u201eAlle Christen sind f\u00fcr die Mission der Kirche verantwortlich\u201c, schreibt Franziskus in seiner Videobotschaft den Gl\u00e4ubigen ins Stammbuch.","breadcrumb":{"@id":"https:\/\/schoenstatt.com\/de\/papst-wir-alle-sind-fuer-die-mission-der-kirche-verantwortlich\/#breadcrumb"},"inLanguage":"de","potentialAction":[{"@type":"ReadAction","target":["https:\/\/schoenstatt.com\/de\/papst-wir-alle-sind-fuer-die-mission-der-kirche-verantwortlich\/"]}]},{"@type":"ImageObject","inLanguage":"de","@id":"https:\/\/schoenstatt.com\/de\/papst-wir-alle-sind-fuer-die-mission-der-kirche-verantwortlich\/#primaryimage","url":"https:\/\/schoenstatt.com\/wp-content\/uploads\/2024\/10\/papa-pope-papst-1.jpg","contentUrl":"https:\/\/schoenstatt.com\/wp-content\/uploads\/2024\/10\/papa-pope-papst-1.jpg","width":2048,"height":1139},{"@type":"BreadcrumbList","@id":"https:\/\/schoenstatt.com\/de\/papst-wir-alle-sind-fuer-die-mission-der-kirche-verantwortlich\/#breadcrumb","itemListElement":[{"@type":"ListItem","position":1,"name":"Portada","item":"https:\/\/schoenstatt.com\/de\/home\/"},{"@type":"ListItem","position":2,"name":"Papst: Wir alle sind f\u00fcr die Mission der Kirche verantwortlich"}]},{"@type":"WebSite","@id":"https:\/\/schoenstatt.com\/de\/#website","url":"https:\/\/schoenstatt.com\/de\/","name":"Schoenstatt","description":"Apostolic Movement","publisher":{"@id":"https:\/\/schoenstatt.com\/de\/#organization"},"potentialAction":[{"@type":"SearchAction","target":{"@type":"EntryPoint","urlTemplate":"https:\/\/schoenstatt.com\/de\/?s={search_term_string}"},"query-input":{"@type":"PropertyValueSpecification","valueRequired":true,"valueName":"search_term_string"}}],"inLanguage":"de"},{"@type":"Organization","@id":"https:\/\/schoenstatt.com\/de\/#organization","name":"Schoenstatt","url":"https:\/\/schoenstatt.com\/de\/","logo":{"@type":"ImageObject","inLanguage":"de","@id":"https:\/\/schoenstatt.com\/de\/#\/schema\/logo\/image\/","url":"https:\/\/schoenstatt.com\/wp-content\/uploads\/2025\/04\/logo-schoenstatt-white-696x696-1.png","contentUrl":"https:\/\/schoenstatt.com\/wp-content\/uploads\/2025\/04\/logo-schoenstatt-white-696x696-1.png","width":696,"height":694,"caption":"Schoenstatt"},"image":{"@id":"https:\/\/schoenstatt.com\/de\/#\/schema\/logo\/image\/"}},{"@type":"Person","@id":"https:\/\/schoenstatt.com\/de\/#\/schema\/person\/5158877ad4acae98b34daaeef2a1ce6e","name":"Karen Bueno","image":{"@type":"ImageObject","inLanguage":"de","@id":"https:\/\/secure.gravatar.com\/avatar\/f9f4b823873154269d2b2130f195f6d41037dd0d7fc5f3cacb5c846bae70d66b?s=96&d=mm&r=g","url":"https:\/\/secure.gravatar.com\/avatar\/f9f4b823873154269d2b2130f195f6d41037dd0d7fc5f3cacb5c846bae70d66b?s=96&d=mm&r=g","contentUrl":"https:\/\/secure.gravatar.com\/avatar\/f9f4b823873154269d2b2130f195f6d41037dd0d7fc5f3cacb5c846bae70d66b?s=96&d=mm&r=g","caption":"Karen Bueno"},"url":"https:\/\/schoenstatt.com\/de\/author\/karen-bueno\/"}]}},"_links":{"self":[{"href":"https:\/\/schoenstatt.com\/de\/wp-json\/wp\/v2\/posts\/41342","targetHints":{"allow":["GET"]}}],"collection":[{"href":"https:\/\/schoenstatt.com\/de\/wp-json\/wp\/v2\/posts"}],"about":[{"href":"https:\/\/schoenstatt.com\/de\/wp-json\/wp\/v2\/types\/post"}],"author":[{"embeddable":true,"href":"https:\/\/schoenstatt.com\/de\/wp-json\/wp\/v2\/users\/3"}],"replies":[{"embeddable":true,"href":"https:\/\/schoenstatt.com\/de\/wp-json\/wp\/v2\/comments?post=41342"}],"version-history":[{"count":1,"href":"https:\/\/schoenstatt.com\/de\/wp-json\/wp\/v2\/posts\/41342\/revisions"}],"predecessor-version":[{"id":47068,"href":"https:\/\/schoenstatt.com\/de\/wp-json\/wp\/v2\/posts\/41342\/revisions\/47068"}],"wp:featuredmedia":[{"embeddable":true,"href":"https:\/\/schoenstatt.com\/de\/wp-json\/wp\/v2\/media\/41336"}],"wp:attachment":[{"href":"https:\/\/schoenstatt.com\/de\/wp-json\/wp\/v2\/media?parent=41342"}],"wp:term":[{"taxonomy":"category","embeddable":true,"href":"https:\/\/schoenstatt.com\/de\/wp-json\/wp\/v2\/categories?post=41342"},{"taxonomy":"post_tag","embeddable":true,"href":"https:\/\/schoenstatt.com\/de\/wp-json\/wp\/v2\/tags?post=41342"}],"curies":[{"name":"wp","href":"https:\/\/api.w.org\/{rel}","templated":true}]}}