{"id":41333,"date":"2024-10-01T18:28:32","date_gmt":"2024-10-01T16:28:32","guid":{"rendered":"https:\/\/schoenstatt.com\/?p=41333"},"modified":"2025-05-15T20:17:15","modified_gmt":"2025-05-15T18:17:15","slug":"ein-licht-der-hoffnung-das-sich-in-der-digitalen-welt-entfacht","status":"publish","type":"post","link":"https:\/\/schoenstatt.com\/de\/ein-licht-der-hoffnung-das-sich-in-der-digitalen-welt-entfacht\/","title":{"rendered":"Ein Licht der Hoffnung, das sich in der Digitalen Welt entfacht"},"content":{"rendered":"\n<p>Gibt es etwas Sch\u00f6neres, als zu sehen, wie sich das Licht in einer dunklen Umgebung vervielfacht? Nach und nach besiegt die Helligkeit die Dunkelheit und alles scheint in Hoffnung geh\u00fcllt zu sein.<\/p>\n\n\n\n<p>Heute, am 1. Oktober 2024, entsteht zart und wachsend der Schein eines neuen Lichts, eines Lichts der Hoffnung im digitalen Raum.<\/p>\n\n\n\n<p>Heute starten wir, die <a href=\"https:\/\/schoenstatt.com\/de\/in-gemeinschaft\/frauen\/marienschwestern\/\">Sch\u00f6nst\u00e4tter Marienschwestern<\/a> der Provinz Nazaret \u2013 Argentinien, Paraguay und Uruguay \u2013, unsere Webseite und unseren Instagram-Kanal. Wir m\u00f6chten eine lebendige Pr\u00e4senz Mariens im digitalen Raum sein, um ihn zu empfangen, zu verwandeln und immer mehr himmelw\u00e4rts zu f\u00fchren.<\/p>\n\n\n\n<h2 class=\"wp-block-heading\" id=\"h-ein-wenig-geschichte\"><strong>Ein wenig Geschichte<\/strong><\/h2>\n\n\n\n<p>Im Jahr 1926 wagte eine mutige Gruppe von Frauen, die sich bereits der Mission von Sch\u00f6nstatt geweiht hatten, den Verzicht auf ihre berufliche T\u00e4tigkeit und die damit verbundene Sicherheit eines festen und entlohnten Arbeitsplatzes. Das Feuer der Liebe zum Heiligtum im Tal von Sch\u00f6nstatt und der Mission, die ihr bedingungsloses Ja forderte, war st\u00e4rker als jede Alternative, die sie davon abbringen konnte. Gott selbst, durch die Dreimal Wunderbare Mutter, rief sie zusammen, um Seele einer Bewegung zu sein, die mit Riesenschritten wuchs und entschlossene und opferbereite Menschen brauchte, die sich ganz in den Dienst dieses Werkes stellten, damit die gro\u00dfe Erzieherin ihre Aufgabe von der kleinen Kapelle aus erf\u00fcllen konnte.<\/p>\n\n\n\n<h2 class=\"wp-block-heading\" id=\"h-an-den-turen-zum-ersten-jahrhundert\"><strong>An den T\u00fcren zum ersten Jahrhundert<\/strong><\/h2>\n\n\n\n<figure class=\"wp-block-gallery has-nested-images columns-default is-cropped wp-block-gallery-1 is-layout-flex wp-block-gallery-is-layout-flex\">\n<figure class=\"wp-block-image size-large\"><img decoding=\"async\" data-id=\"41328\" src=\"https:\/\/schoenstatt.com\/wp-content\/uploads\/2024\/10\/hermanas-sisters-schwester-irmas-2-1024x683.jpg\" alt=\"\" class=\"wp-image-41328\"\/><\/figure>\n\n\n\n<figure class=\"wp-block-image size-large\"><img decoding=\"async\" data-id=\"41321\" src=\"https:\/\/schoenstatt.com\/wp-content\/uploads\/2024\/10\/hermanas-sisters-schwester-irmas-3.jpg\" alt=\"\" class=\"wp-image-41321\"\/><\/figure>\n\n\n\n<figure class=\"wp-block-image size-large\"><img decoding=\"async\" data-id=\"41325\" src=\"https:\/\/schoenstatt.com\/wp-content\/uploads\/2024\/10\/hermanas-sisters-schwester-irmas-1024x683.jpg\" alt=\"\" class=\"wp-image-41325\"\/><\/figure>\n<\/figure>\n\n\n\n<p>Wir bewegen uns auf den 1. Oktober 2026 zu \u2013 die ersten hundert Jahre einer Gemeinschaft, die weiterhin die Seele des Sch\u00f6nstatt-Werkes ist!<\/p>\n\n\n\n<p>Ein Blick zur\u00fcck f\u00fchrt uns zu den Urspr\u00fcngen, zu den Wurzeln, um dort unsere tiefste Identit\u00e4t zu finden und uns auf neue Weise, entsprechend der heutigen Zeit, zu verschenken. Das ist es, was uns dazu bewegt, diesen Schritt der aktiven Pr\u00e4senz im digitalen Raum zu gehen. Auch dort m\u00f6chten wir Maria verschenken!<br>Wir verschenken, was wir empfangen haben. Wie sie sind wir Erbinnen des Lichts. Wie sie k\u00f6nnen wir es anderen anbieten, denn wie damals hat uns das Feuer der Liebe ber\u00fchrt, das uns einl\u00e4dt, uns vollst\u00e4ndig hinzugeben, um Licht zu sein, es gro\u00dfz\u00fcgig weiterzugeben!<\/p>\n\n\n\n<p>Das Licht vervielf\u00e4ltigt sich, wird zu einer einzigen Flamme, die die Welt entz\u00fcndet. Maria, Licht der Hoffnung, geht vor uns her. In ihren Fu\u00dfspuren sind wir ihre lebendige Gegenwart, eine Gegenwart, die das Heute unserer Geschichte und die kommenden Jahrhunderte verwandelt.<\/p>\n\n\n\n<p>Wir laden dich ein, unsere neue Webseite, Instagram und YouTube-Kanal kennenzulernen!<\/p>\n\n\n\n<p class=\"has-text-align-center\"><strong>www.hms-nazaret.org<\/strong><\/p>\n\n\n\n<div class=\"wp-block-buttons is-content-justification-center is-layout-flex wp-container-core-buttons-is-layout-a89b3969 wp-block-buttons-is-layout-flex\">\n<div class=\"wp-block-button\"><a class=\"wp-block-button__link has-white-color has-text-color has-background has-link-color has-text-align-center wp-element-button\" href=\"https:\/\/hms-nazaret.org\/\" style=\"border-radius:14px;background-color:#c35800\" target=\"_blank\" rel=\"noreferrer noopener\">New Website<\/a><\/div>\n<\/div>\n\n\n\n<p><strong>Instagram: <\/strong><a href=\"https:\/\/www.instagram.com\/hmsnazaret\/\" target=\"_blank\" rel=\"noreferrer noopener\"><mark style=\"background-color:rgba(0, 0, 0, 0);color:#cc6d17\" class=\"has-inline-color\">@hmsnazaret<\/mark><\/a><br><strong>Youtube:<\/strong> <a href=\"https:\/\/www.youtube.com\/@Hmsnazaret\" target=\"_blank\" rel=\"noreferrer noopener\"><mark style=\"background-color:rgba(0, 0, 0, 0);color:#cc6d17\" class=\"has-inline-color\">@Hmsnazaret<\/mark><\/a><\/p>\n","protected":false},"excerpt":{"rendered":"<p>Am Tag der Gr\u00fcndung der Marienschwestern gab es ein Zeichen des Lichts: die neue Website der Provinz Nazareth.<\/p>\n","protected":false},"author":3,"featured_media":41316,"comment_status":"closed","ping_status":"closed","sticky":false,"template":"","format":"standard","meta":{"footnotes":""},"categories":[195,907],"tags":[],"class_list":["post-41333","post","type-post","status-publish","format-standard","has-post-thumbnail","hentry","category-amerika-de","category-schoenstatt-gemeinschaften-de"],"yoast_head":"<!-- This site is optimized with the Yoast SEO Premium plugin v27.4 (Yoast SEO v27.5) - https:\/\/yoast.com\/product\/yoast-seo-premium-wordpress\/ -->\n<title>Ein Licht der Hoffnung, das sich in der Digitalen Welt entfacht - Schoenstatt<\/title>\n<meta name=\"description\" content=\"Am Tag der Gr\u00fcndung der Marienschwestern gab es ein Zeichen des Lichts: die neue Website der Provinz Nazareth.\" \/>\n<meta name=\"robots\" content=\"index, follow, max-snippet:-1, max-image-preview:large, max-video-preview:-1\" \/>\n<link rel=\"canonical\" href=\"https:\/\/schoenstatt.com\/de\/ein-licht-der-hoffnung-das-sich-in-der-digitalen-welt-entfacht\/\" \/>\n<meta property=\"og:locale\" content=\"de_DE\" \/>\n<meta property=\"og:type\" content=\"article\" \/>\n<meta property=\"og:title\" content=\"Ein Licht der Hoffnung, das sich in der Digitalen Welt entfacht\" \/>\n<meta property=\"og:description\" content=\"Am Tag der Gr\u00fcndung der Marienschwestern gab es ein Zeichen des Lichts: die neue Website der Provinz Nazareth.\" \/>\n<meta property=\"og:url\" content=\"https:\/\/schoenstatt.com\/de\/ein-licht-der-hoffnung-das-sich-in-der-digitalen-welt-entfacht\/\" \/>\n<meta property=\"og:site_name\" content=\"Schoenstatt\" \/>\n<meta property=\"article:published_time\" content=\"2024-10-01T16:28:32+00:00\" \/>\n<meta property=\"article:modified_time\" content=\"2025-05-15T18:17:15+00:00\" \/>\n<meta property=\"og:image\" content=\"https:\/\/schoenstatt.com\/wp-content\/uploads\/2024\/10\/light-luz-vela-fuego-fire-1.jpg\" \/>\n\t<meta property=\"og:image:width\" content=\"2048\" \/>\n\t<meta property=\"og:image:height\" content=\"1208\" \/>\n\t<meta property=\"og:image:type\" content=\"image\/jpeg\" \/>\n<meta name=\"author\" content=\"Karen Bueno\" \/>\n<meta name=\"twitter:card\" content=\"summary_large_image\" \/>\n<meta name=\"twitter:label1\" content=\"Verfasst von\" \/>\n\t<meta name=\"twitter:data1\" content=\"Karen Bueno\" \/>\n\t<meta name=\"twitter:label2\" content=\"Gesch\u00e4tzte Lesezeit\" \/>\n\t<meta name=\"twitter:data2\" content=\"3\u00a0Minuten\" \/>\n<script type=\"application\/ld+json\" class=\"yoast-schema-graph\">{\"@context\":\"https:\\\/\\\/schema.org\",\"@graph\":[{\"@type\":\"Article\",\"@id\":\"https:\\\/\\\/schoenstatt.com\\\/de\\\/ein-licht-der-hoffnung-das-sich-in-der-digitalen-welt-entfacht\\\/#article\",\"isPartOf\":{\"@id\":\"https:\\\/\\\/schoenstatt.com\\\/de\\\/ein-licht-der-hoffnung-das-sich-in-der-digitalen-welt-entfacht\\\/\"},\"author\":{\"name\":\"Karen Bueno\",\"@id\":\"https:\\\/\\\/schoenstatt.com\\\/de\\\/#\\\/schema\\\/person\\\/5158877ad4acae98b34daaeef2a1ce6e\"},\"headline\":\"Ein Licht der Hoffnung, das sich in der Digitalen Welt entfacht\",\"datePublished\":\"2024-10-01T16:28:32+00:00\",\"dateModified\":\"2025-05-15T18:17:15+00:00\",\"mainEntityOfPage\":{\"@id\":\"https:\\\/\\\/schoenstatt.com\\\/de\\\/ein-licht-der-hoffnung-das-sich-in-der-digitalen-welt-entfacht\\\/\"},\"wordCount\":427,\"publisher\":{\"@id\":\"https:\\\/\\\/schoenstatt.com\\\/de\\\/#organization\"},\"image\":{\"@id\":\"https:\\\/\\\/schoenstatt.com\\\/de\\\/ein-licht-der-hoffnung-das-sich-in-der-digitalen-welt-entfacht\\\/#primaryimage\"},\"thumbnailUrl\":\"https:\\\/\\\/schoenstatt.com\\\/wp-content\\\/uploads\\\/2024\\\/10\\\/light-luz-vela-fuego-fire-1.jpg\",\"articleSection\":[\"Amerika\",\"Schoenstatt Gemeinschaften\"],\"inLanguage\":\"de\"},{\"@type\":\"WebPage\",\"@id\":\"https:\\\/\\\/schoenstatt.com\\\/de\\\/ein-licht-der-hoffnung-das-sich-in-der-digitalen-welt-entfacht\\\/\",\"url\":\"https:\\\/\\\/schoenstatt.com\\\/de\\\/ein-licht-der-hoffnung-das-sich-in-der-digitalen-welt-entfacht\\\/\",\"name\":\"Ein Licht der Hoffnung, das sich in der Digitalen Welt entfacht - Schoenstatt\",\"isPartOf\":{\"@id\":\"https:\\\/\\\/schoenstatt.com\\\/de\\\/#website\"},\"primaryImageOfPage\":{\"@id\":\"https:\\\/\\\/schoenstatt.com\\\/de\\\/ein-licht-der-hoffnung-das-sich-in-der-digitalen-welt-entfacht\\\/#primaryimage\"},\"image\":{\"@id\":\"https:\\\/\\\/schoenstatt.com\\\/de\\\/ein-licht-der-hoffnung-das-sich-in-der-digitalen-welt-entfacht\\\/#primaryimage\"},\"thumbnailUrl\":\"https:\\\/\\\/schoenstatt.com\\\/wp-content\\\/uploads\\\/2024\\\/10\\\/light-luz-vela-fuego-fire-1.jpg\",\"datePublished\":\"2024-10-01T16:28:32+00:00\",\"dateModified\":\"2025-05-15T18:17:15+00:00\",\"description\":\"Am Tag der Gr\u00fcndung der Marienschwestern gab es ein Zeichen des Lichts: die neue Website der Provinz Nazareth.\",\"breadcrumb\":{\"@id\":\"https:\\\/\\\/schoenstatt.com\\\/de\\\/ein-licht-der-hoffnung-das-sich-in-der-digitalen-welt-entfacht\\\/#breadcrumb\"},\"inLanguage\":\"de\",\"potentialAction\":[{\"@type\":\"ReadAction\",\"target\":[\"https:\\\/\\\/schoenstatt.com\\\/de\\\/ein-licht-der-hoffnung-das-sich-in-der-digitalen-welt-entfacht\\\/\"]}]},{\"@type\":\"ImageObject\",\"inLanguage\":\"de\",\"@id\":\"https:\\\/\\\/schoenstatt.com\\\/de\\\/ein-licht-der-hoffnung-das-sich-in-der-digitalen-welt-entfacht\\\/#primaryimage\",\"url\":\"https:\\\/\\\/schoenstatt.com\\\/wp-content\\\/uploads\\\/2024\\\/10\\\/light-luz-vela-fuego-fire-1.jpg\",\"contentUrl\":\"https:\\\/\\\/schoenstatt.com\\\/wp-content\\\/uploads\\\/2024\\\/10\\\/light-luz-vela-fuego-fire-1.jpg\",\"width\":2048,\"height\":1208},{\"@type\":\"BreadcrumbList\",\"@id\":\"https:\\\/\\\/schoenstatt.com\\\/de\\\/ein-licht-der-hoffnung-das-sich-in-der-digitalen-welt-entfacht\\\/#breadcrumb\",\"itemListElement\":[{\"@type\":\"ListItem\",\"position\":1,\"name\":\"Portada\",\"item\":\"https:\\\/\\\/schoenstatt.com\\\/de\\\/home\\\/\"},{\"@type\":\"ListItem\",\"position\":2,\"name\":\"Ein Licht der Hoffnung, das sich in der Digitalen Welt entfacht\"}]},{\"@type\":\"WebSite\",\"@id\":\"https:\\\/\\\/schoenstatt.com\\\/de\\\/#website\",\"url\":\"https:\\\/\\\/schoenstatt.com\\\/de\\\/\",\"name\":\"Schoenstatt\",\"description\":\"Apostolic Movement\",\"publisher\":{\"@id\":\"https:\\\/\\\/schoenstatt.com\\\/de\\\/#organization\"},\"potentialAction\":[{\"@type\":\"SearchAction\",\"target\":{\"@type\":\"EntryPoint\",\"urlTemplate\":\"https:\\\/\\\/schoenstatt.com\\\/de\\\/?s={search_term_string}\"},\"query-input\":{\"@type\":\"PropertyValueSpecification\",\"valueRequired\":true,\"valueName\":\"search_term_string\"}}],\"inLanguage\":\"de\"},{\"@type\":\"Organization\",\"@id\":\"https:\\\/\\\/schoenstatt.com\\\/de\\\/#organization\",\"name\":\"Schoenstatt\",\"url\":\"https:\\\/\\\/schoenstatt.com\\\/de\\\/\",\"logo\":{\"@type\":\"ImageObject\",\"inLanguage\":\"de\",\"@id\":\"https:\\\/\\\/schoenstatt.com\\\/de\\\/#\\\/schema\\\/logo\\\/image\\\/\",\"url\":\"https:\\\/\\\/schoenstatt.com\\\/wp-content\\\/uploads\\\/2025\\\/04\\\/logo-schoenstatt-white-696x696-1.png\",\"contentUrl\":\"https:\\\/\\\/schoenstatt.com\\\/wp-content\\\/uploads\\\/2025\\\/04\\\/logo-schoenstatt-white-696x696-1.png\",\"width\":696,\"height\":694,\"caption\":\"Schoenstatt\"},\"image\":{\"@id\":\"https:\\\/\\\/schoenstatt.com\\\/de\\\/#\\\/schema\\\/logo\\\/image\\\/\"}},{\"@type\":\"Person\",\"@id\":\"https:\\\/\\\/schoenstatt.com\\\/de\\\/#\\\/schema\\\/person\\\/5158877ad4acae98b34daaeef2a1ce6e\",\"name\":\"Karen Bueno\",\"image\":{\"@type\":\"ImageObject\",\"inLanguage\":\"de\",\"@id\":\"https:\\\/\\\/secure.gravatar.com\\\/avatar\\\/f9f4b823873154269d2b2130f195f6d41037dd0d7fc5f3cacb5c846bae70d66b?s=96&d=mm&r=g\",\"url\":\"https:\\\/\\\/secure.gravatar.com\\\/avatar\\\/f9f4b823873154269d2b2130f195f6d41037dd0d7fc5f3cacb5c846bae70d66b?s=96&d=mm&r=g\",\"contentUrl\":\"https:\\\/\\\/secure.gravatar.com\\\/avatar\\\/f9f4b823873154269d2b2130f195f6d41037dd0d7fc5f3cacb5c846bae70d66b?s=96&d=mm&r=g\",\"caption\":\"Karen Bueno\"},\"url\":\"https:\\\/\\\/schoenstatt.com\\\/de\\\/author\\\/karen-bueno\\\/\"}]}<\/script>\n<!-- \/ Yoast SEO Premium plugin. -->","yoast_head_json":{"title":"Ein Licht der Hoffnung, das sich in der Digitalen Welt entfacht - Schoenstatt","description":"Am Tag der Gr\u00fcndung der Marienschwestern gab es ein Zeichen des Lichts: die neue Website der Provinz Nazareth.","robots":{"index":"index","follow":"follow","max-snippet":"max-snippet:-1","max-image-preview":"max-image-preview:large","max-video-preview":"max-video-preview:-1"},"canonical":"https:\/\/schoenstatt.com\/de\/ein-licht-der-hoffnung-das-sich-in-der-digitalen-welt-entfacht\/","og_locale":"de_DE","og_type":"article","og_title":"Ein Licht der Hoffnung, das sich in der Digitalen Welt entfacht","og_description":"Am Tag der Gr\u00fcndung der Marienschwestern gab es ein Zeichen des Lichts: die neue Website der Provinz Nazareth.","og_url":"https:\/\/schoenstatt.com\/de\/ein-licht-der-hoffnung-das-sich-in-der-digitalen-welt-entfacht\/","og_site_name":"Schoenstatt","article_published_time":"2024-10-01T16:28:32+00:00","article_modified_time":"2025-05-15T18:17:15+00:00","og_image":[{"width":2048,"height":1208,"url":"https:\/\/schoenstatt.com\/wp-content\/uploads\/2024\/10\/light-luz-vela-fuego-fire-1.jpg","type":"image\/jpeg"}],"author":"Karen Bueno","twitter_card":"summary_large_image","twitter_misc":{"Verfasst von":"Karen Bueno","Gesch\u00e4tzte Lesezeit":"3\u00a0Minuten"},"schema":{"@context":"https:\/\/schema.org","@graph":[{"@type":"Article","@id":"https:\/\/schoenstatt.com\/de\/ein-licht-der-hoffnung-das-sich-in-der-digitalen-welt-entfacht\/#article","isPartOf":{"@id":"https:\/\/schoenstatt.com\/de\/ein-licht-der-hoffnung-das-sich-in-der-digitalen-welt-entfacht\/"},"author":{"name":"Karen Bueno","@id":"https:\/\/schoenstatt.com\/de\/#\/schema\/person\/5158877ad4acae98b34daaeef2a1ce6e"},"headline":"Ein Licht der Hoffnung, das sich in der Digitalen Welt entfacht","datePublished":"2024-10-01T16:28:32+00:00","dateModified":"2025-05-15T18:17:15+00:00","mainEntityOfPage":{"@id":"https:\/\/schoenstatt.com\/de\/ein-licht-der-hoffnung-das-sich-in-der-digitalen-welt-entfacht\/"},"wordCount":427,"publisher":{"@id":"https:\/\/schoenstatt.com\/de\/#organization"},"image":{"@id":"https:\/\/schoenstatt.com\/de\/ein-licht-der-hoffnung-das-sich-in-der-digitalen-welt-entfacht\/#primaryimage"},"thumbnailUrl":"https:\/\/schoenstatt.com\/wp-content\/uploads\/2024\/10\/light-luz-vela-fuego-fire-1.jpg","articleSection":["Amerika","Schoenstatt Gemeinschaften"],"inLanguage":"de"},{"@type":"WebPage","@id":"https:\/\/schoenstatt.com\/de\/ein-licht-der-hoffnung-das-sich-in-der-digitalen-welt-entfacht\/","url":"https:\/\/schoenstatt.com\/de\/ein-licht-der-hoffnung-das-sich-in-der-digitalen-welt-entfacht\/","name":"Ein Licht der Hoffnung, das sich in der Digitalen Welt entfacht - Schoenstatt","isPartOf":{"@id":"https:\/\/schoenstatt.com\/de\/#website"},"primaryImageOfPage":{"@id":"https:\/\/schoenstatt.com\/de\/ein-licht-der-hoffnung-das-sich-in-der-digitalen-welt-entfacht\/#primaryimage"},"image":{"@id":"https:\/\/schoenstatt.com\/de\/ein-licht-der-hoffnung-das-sich-in-der-digitalen-welt-entfacht\/#primaryimage"},"thumbnailUrl":"https:\/\/schoenstatt.com\/wp-content\/uploads\/2024\/10\/light-luz-vela-fuego-fire-1.jpg","datePublished":"2024-10-01T16:28:32+00:00","dateModified":"2025-05-15T18:17:15+00:00","description":"Am Tag der Gr\u00fcndung der Marienschwestern gab es ein Zeichen des Lichts: die neue Website der Provinz Nazareth.","breadcrumb":{"@id":"https:\/\/schoenstatt.com\/de\/ein-licht-der-hoffnung-das-sich-in-der-digitalen-welt-entfacht\/#breadcrumb"},"inLanguage":"de","potentialAction":[{"@type":"ReadAction","target":["https:\/\/schoenstatt.com\/de\/ein-licht-der-hoffnung-das-sich-in-der-digitalen-welt-entfacht\/"]}]},{"@type":"ImageObject","inLanguage":"de","@id":"https:\/\/schoenstatt.com\/de\/ein-licht-der-hoffnung-das-sich-in-der-digitalen-welt-entfacht\/#primaryimage","url":"https:\/\/schoenstatt.com\/wp-content\/uploads\/2024\/10\/light-luz-vela-fuego-fire-1.jpg","contentUrl":"https:\/\/schoenstatt.com\/wp-content\/uploads\/2024\/10\/light-luz-vela-fuego-fire-1.jpg","width":2048,"height":1208},{"@type":"BreadcrumbList","@id":"https:\/\/schoenstatt.com\/de\/ein-licht-der-hoffnung-das-sich-in-der-digitalen-welt-entfacht\/#breadcrumb","itemListElement":[{"@type":"ListItem","position":1,"name":"Portada","item":"https:\/\/schoenstatt.com\/de\/home\/"},{"@type":"ListItem","position":2,"name":"Ein Licht der Hoffnung, das sich in der Digitalen Welt entfacht"}]},{"@type":"WebSite","@id":"https:\/\/schoenstatt.com\/de\/#website","url":"https:\/\/schoenstatt.com\/de\/","name":"Schoenstatt","description":"Apostolic Movement","publisher":{"@id":"https:\/\/schoenstatt.com\/de\/#organization"},"potentialAction":[{"@type":"SearchAction","target":{"@type":"EntryPoint","urlTemplate":"https:\/\/schoenstatt.com\/de\/?s={search_term_string}"},"query-input":{"@type":"PropertyValueSpecification","valueRequired":true,"valueName":"search_term_string"}}],"inLanguage":"de"},{"@type":"Organization","@id":"https:\/\/schoenstatt.com\/de\/#organization","name":"Schoenstatt","url":"https:\/\/schoenstatt.com\/de\/","logo":{"@type":"ImageObject","inLanguage":"de","@id":"https:\/\/schoenstatt.com\/de\/#\/schema\/logo\/image\/","url":"https:\/\/schoenstatt.com\/wp-content\/uploads\/2025\/04\/logo-schoenstatt-white-696x696-1.png","contentUrl":"https:\/\/schoenstatt.com\/wp-content\/uploads\/2025\/04\/logo-schoenstatt-white-696x696-1.png","width":696,"height":694,"caption":"Schoenstatt"},"image":{"@id":"https:\/\/schoenstatt.com\/de\/#\/schema\/logo\/image\/"}},{"@type":"Person","@id":"https:\/\/schoenstatt.com\/de\/#\/schema\/person\/5158877ad4acae98b34daaeef2a1ce6e","name":"Karen Bueno","image":{"@type":"ImageObject","inLanguage":"de","@id":"https:\/\/secure.gravatar.com\/avatar\/f9f4b823873154269d2b2130f195f6d41037dd0d7fc5f3cacb5c846bae70d66b?s=96&d=mm&r=g","url":"https:\/\/secure.gravatar.com\/avatar\/f9f4b823873154269d2b2130f195f6d41037dd0d7fc5f3cacb5c846bae70d66b?s=96&d=mm&r=g","contentUrl":"https:\/\/secure.gravatar.com\/avatar\/f9f4b823873154269d2b2130f195f6d41037dd0d7fc5f3cacb5c846bae70d66b?s=96&d=mm&r=g","caption":"Karen Bueno"},"url":"https:\/\/schoenstatt.com\/de\/author\/karen-bueno\/"}]}},"_links":{"self":[{"href":"https:\/\/schoenstatt.com\/de\/wp-json\/wp\/v2\/posts\/41333","targetHints":{"allow":["GET"]}}],"collection":[{"href":"https:\/\/schoenstatt.com\/de\/wp-json\/wp\/v2\/posts"}],"about":[{"href":"https:\/\/schoenstatt.com\/de\/wp-json\/wp\/v2\/types\/post"}],"author":[{"embeddable":true,"href":"https:\/\/schoenstatt.com\/de\/wp-json\/wp\/v2\/users\/3"}],"replies":[{"embeddable":true,"href":"https:\/\/schoenstatt.com\/de\/wp-json\/wp\/v2\/comments?post=41333"}],"version-history":[{"count":1,"href":"https:\/\/schoenstatt.com\/de\/wp-json\/wp\/v2\/posts\/41333\/revisions"}],"predecessor-version":[{"id":47063,"href":"https:\/\/schoenstatt.com\/de\/wp-json\/wp\/v2\/posts\/41333\/revisions\/47063"}],"wp:featuredmedia":[{"embeddable":true,"href":"https:\/\/schoenstatt.com\/de\/wp-json\/wp\/v2\/media\/41316"}],"wp:attachment":[{"href":"https:\/\/schoenstatt.com\/de\/wp-json\/wp\/v2\/media?parent=41333"}],"wp:term":[{"taxonomy":"category","embeddable":true,"href":"https:\/\/schoenstatt.com\/de\/wp-json\/wp\/v2\/categories?post=41333"},{"taxonomy":"post_tag","embeddable":true,"href":"https:\/\/schoenstatt.com\/de\/wp-json\/wp\/v2\/tags?post=41333"}],"curies":[{"name":"wp","href":"https:\/\/api.w.org\/{rel}","templated":true}]}}