{"id":41283,"date":"2024-09-24T10:47:55","date_gmt":"2024-09-24T08:47:55","guid":{"rendered":"https:\/\/schoenstatt.com\/?p=41283"},"modified":"2025-05-15T22:32:27","modified_gmt":"2025-05-15T20:32:27","slug":"es-kommt-serenade-fuer-die-mutter-gottes-im-urheiligtum","status":"publish","type":"post","link":"https:\/\/schoenstatt.com\/de\/es-kommt-serenade-fuer-die-mutter-gottes-im-urheiligtum\/","title":{"rendered":"Es kommt: Serenade f\u00fcr die Mutter Gottes im Urheiligtum"},"content":{"rendered":"\n<p>Am 4. Oktober, einem besonderen Tag f\u00fcr die internationale Sch\u00f6nstattfamilie &#8211; er erinnert an den Tag, an dem Josef Engling sein Leben hingab &#8211; wird es im Urheiligtum einen besonderen Moment geben. <a href=\"https:\/\/schoenstatt.com\/de\/serenade-im-urheiligtum-zur-eroffnung-der-novene-2023\/\"><mark style=\"background-color:rgba(0, 0, 0, 0);color:#d88936\" class=\"has-inline-color\">Zum zweiten Mal in Folge wird<\/mark><\/a> die brasilianische S\u00e4ngerin Ziza Fernandes die Serenade f\u00fcr Maria musikalisch gestalten.<\/p>\n\n\n\n<p>Ziza wird vor dem Bild der Gottesmutter von Sch\u00f6nstatt Klavier spielen, singen und Lieder in verschiedenen Sprachen vortragen. Auch die Interaktion mit dem Publikum geh\u00f6rt zu ihrem Markenzeichen.<\/p>\n\n\n\n<p>Alle sind eingeladen, pers\u00f6nlich oder online teilzunehmen. Die Serenade beginnt um 20.00 Uhr (Sch\u00f6nstatt-Zeit) und wird \u00fcber Sch\u00f6nstatt TV und die Webcam des Heiligtums \u00fcbertragen. <a href=\"https:\/\/urheiligtum.de\/PT\/10-Servico\/99-Webcam.php\" target=\"_blank\" rel=\"noreferrer noopener\"><mark style=\"background-color:rgba(0, 0, 0, 0);color:#d88936\" class=\"has-inline-color\">Klicken Sie hier f\u00fcr den Zugang.<\/mark><\/a><\/p>\n\n\n\n<h2 class=\"wp-block-heading\" id=\"h-singen-fur-unsere-mutter\"><strong>Singen f\u00fcr unsere Mutter<\/strong><\/h2>\n\n\n\n<p>2024 wird Ziza Fernandes einige Kompositionen aus ihrem neuen Album Cora\u00e7\u00e3o Errante (\u201eWanderndes Herz\u201c) vorstellen.<\/p>\n\n\n\n<p>Sie ist Psychologin, Musik- und Sprachtherapeutin, Komponistin, Lehrerin und Autorin. Sie war verantwortlich f\u00fcr die musikalische Leitung des gesamten Weltjugendtages 2013 in Rio de Janeiro. Sie blickt auf eine 30-j\u00e4hrige Karriere zur\u00fcck und hat Dutzende von nationalen und internationalen Alben, B\u00fcchern, DVDs und Kursen ver\u00f6ffentlicht.<\/p>\n\n\n\n<p>Ziza lernte das Urheiligtum w\u00e4hrend einer Tournee durch Deutschland kennen. Bei dieser Gelegenheit lud sie der Rektor des Urheiligtums, Pater Ignacio Camacho, ein, die erste Ausgabe der Serenade aufzuf\u00fchren. Damals nahm sie die Einladung mit gro\u00dfer Freude an, und heute sagt sie:<em> \u201eIm Urheiligtum zu sein ist eine Gnade, die \u00fcber mich hinausgeht, eine Erfahrung, die meine Geschichte durchzieht. Mit dieser Serenade m\u00f6chte ich unsere Mutter ehren mit all der Sch\u00f6nheit, die ich schenken kann.\u201c<\/em><\/p>\n\n\n\n<figure class=\"wp-block-image size-large\"><img decoding=\"async\" src=\"https:\/\/schoenstatt.com\/wp-content\/uploads\/2024\/09\/ziza-fernandes-2024-724x1024.jpg\" alt=\"\" class=\"wp-image-41279\"\/><\/figure>\n\n\n\n<h2 class=\"wp-block-heading\" id=\"h-seien-sie-dabei\"><strong>Seien Sie dabei!<\/strong><\/h2>\n\n\n\n<p><strong>Tag:<\/strong> 4. Oktober 2024<br><strong>Uhrzeit:<\/strong> 20:00 Uhr (Ortszeit Sch\u00f6nstatt).<br><strong>\u00dcbertragung: <\/strong><a href=\"https:\/\/schoenstatt-tv.de\/PT\/Livestream.php\" target=\"_blank\" rel=\"noreferrer noopener\">Schoenstatt TV<\/a> \/ <a href=\"https:\/\/urheiligtum.de\/PT\/10-Servico\/99-Webcam.php\" target=\"_blank\" rel=\"noreferrer noopener\">webcam<\/a><\/p>\n\n\n\n<p><strong>\u00dcbersetzung: <\/strong>Vanessa Franke<br><strong>Lektorat: <\/strong>Hildegard Kaiser<\/p>\n","protected":false},"excerpt":{"rendered":"<p>Die brasilianische S\u00e4ngerin Ziza Fernandes pr\u00e4sentiert die zweite Ausgabe der Serenade f\u00fcr die Gottesmutter von Sch\u00f6nstatt im Urheiligtum.<\/p>\n","protected":false},"author":3,"featured_media":43157,"comment_status":"closed","ping_status":"closed","sticky":false,"template":"","format":"standard","meta":{"footnotes":""},"categories":[899],"tags":[],"class_list":["post-41283","post","type-post","status-publish","format-standard","has-post-thumbnail","hentry","category-urheiligtum-de"],"yoast_head":"<!-- This site is optimized with the Yoast SEO Premium plugin v27.4 (Yoast SEO v27.5) - https:\/\/yoast.com\/product\/yoast-seo-premium-wordpress\/ -->\n<title>Es kommt: Serenade f\u00fcr die Mutter Gottes im Urheiligtum<\/title>\n<meta name=\"description\" content=\"Die brasilianische S\u00e4ngerin Ziza Fernandes pr\u00e4sentiert die zweite Ausgabe der Serenade f\u00fcr die Gottesmutter von Sch\u00f6nstatt im Urheiligtum.\" \/>\n<meta name=\"robots\" content=\"index, follow, max-snippet:-1, max-image-preview:large, max-video-preview:-1\" \/>\n<link rel=\"canonical\" href=\"https:\/\/schoenstatt.com\/de\/es-kommt-serenade-fuer-die-mutter-gottes-im-urheiligtum\/\" \/>\n<meta property=\"og:locale\" content=\"de_DE\" \/>\n<meta property=\"og:type\" content=\"article\" \/>\n<meta property=\"og:title\" content=\"Es kommt: Serenade f\u00fcr die Mutter Gottes im Urheiligtum\" \/>\n<meta property=\"og:description\" content=\"Die brasilianische S\u00e4ngerin Ziza Fernandes pr\u00e4sentiert die zweite Ausgabe der Serenade f\u00fcr die Gottesmutter von Sch\u00f6nstatt im Urheiligtum.\" \/>\n<meta property=\"og:url\" content=\"https:\/\/schoenstatt.com\/de\/es-kommt-serenade-fuer-die-mutter-gottes-im-urheiligtum\/\" \/>\n<meta property=\"og:site_name\" content=\"Schoenstatt\" \/>\n<meta property=\"article:published_time\" content=\"2024-09-24T08:47:55+00:00\" \/>\n<meta property=\"article:modified_time\" content=\"2025-05-15T20:32:27+00:00\" \/>\n<meta property=\"og:image\" content=\"https:\/\/schoenstatt.com\/wp-content\/uploads\/2024\/06\/Sant.original1-1.jpg\" \/>\n\t<meta property=\"og:image:width\" content=\"1920\" \/>\n\t<meta property=\"og:image:height\" content=\"1080\" \/>\n\t<meta property=\"og:image:type\" content=\"image\/jpeg\" \/>\n<meta name=\"author\" content=\"Karen Bueno\" \/>\n<meta name=\"twitter:card\" content=\"summary_large_image\" \/>\n<meta name=\"twitter:label1\" content=\"Verfasst von\" \/>\n\t<meta name=\"twitter:data1\" content=\"Karen Bueno\" \/>\n\t<meta name=\"twitter:label2\" content=\"Gesch\u00e4tzte Lesezeit\" \/>\n\t<meta name=\"twitter:data2\" content=\"2\u00a0Minuten\" \/>\n<script type=\"application\/ld+json\" class=\"yoast-schema-graph\">{\"@context\":\"https:\\\/\\\/schema.org\",\"@graph\":[{\"@type\":\"Article\",\"@id\":\"https:\\\/\\\/schoenstatt.com\\\/de\\\/es-kommt-serenade-fuer-die-mutter-gottes-im-urheiligtum\\\/#article\",\"isPartOf\":{\"@id\":\"https:\\\/\\\/schoenstatt.com\\\/de\\\/es-kommt-serenade-fuer-die-mutter-gottes-im-urheiligtum\\\/\"},\"author\":{\"name\":\"Karen Bueno\",\"@id\":\"https:\\\/\\\/schoenstatt.com\\\/de\\\/#\\\/schema\\\/person\\\/5158877ad4acae98b34daaeef2a1ce6e\"},\"headline\":\"Es kommt: Serenade f\u00fcr die Mutter Gottes im Urheiligtum\",\"datePublished\":\"2024-09-24T08:47:55+00:00\",\"dateModified\":\"2025-05-15T20:32:27+00:00\",\"mainEntityOfPage\":{\"@id\":\"https:\\\/\\\/schoenstatt.com\\\/de\\\/es-kommt-serenade-fuer-die-mutter-gottes-im-urheiligtum\\\/\"},\"wordCount\":295,\"publisher\":{\"@id\":\"https:\\\/\\\/schoenstatt.com\\\/de\\\/#organization\"},\"image\":{\"@id\":\"https:\\\/\\\/schoenstatt.com\\\/de\\\/es-kommt-serenade-fuer-die-mutter-gottes-im-urheiligtum\\\/#primaryimage\"},\"thumbnailUrl\":\"https:\\\/\\\/schoenstatt.com\\\/wp-content\\\/uploads\\\/2024\\\/06\\\/Sant.original1-1.jpg\",\"articleSection\":[\"Urheiligtum\"],\"inLanguage\":\"de\"},{\"@type\":\"WebPage\",\"@id\":\"https:\\\/\\\/schoenstatt.com\\\/de\\\/es-kommt-serenade-fuer-die-mutter-gottes-im-urheiligtum\\\/\",\"url\":\"https:\\\/\\\/schoenstatt.com\\\/de\\\/es-kommt-serenade-fuer-die-mutter-gottes-im-urheiligtum\\\/\",\"name\":\"Es kommt: Serenade f\u00fcr die Mutter Gottes im Urheiligtum\",\"isPartOf\":{\"@id\":\"https:\\\/\\\/schoenstatt.com\\\/de\\\/#website\"},\"primaryImageOfPage\":{\"@id\":\"https:\\\/\\\/schoenstatt.com\\\/de\\\/es-kommt-serenade-fuer-die-mutter-gottes-im-urheiligtum\\\/#primaryimage\"},\"image\":{\"@id\":\"https:\\\/\\\/schoenstatt.com\\\/de\\\/es-kommt-serenade-fuer-die-mutter-gottes-im-urheiligtum\\\/#primaryimage\"},\"thumbnailUrl\":\"https:\\\/\\\/schoenstatt.com\\\/wp-content\\\/uploads\\\/2024\\\/06\\\/Sant.original1-1.jpg\",\"datePublished\":\"2024-09-24T08:47:55+00:00\",\"dateModified\":\"2025-05-15T20:32:27+00:00\",\"description\":\"Die brasilianische S\u00e4ngerin Ziza Fernandes pr\u00e4sentiert die zweite Ausgabe der Serenade f\u00fcr die Gottesmutter von Sch\u00f6nstatt im Urheiligtum.\",\"breadcrumb\":{\"@id\":\"https:\\\/\\\/schoenstatt.com\\\/de\\\/es-kommt-serenade-fuer-die-mutter-gottes-im-urheiligtum\\\/#breadcrumb\"},\"inLanguage\":\"de\",\"potentialAction\":[{\"@type\":\"ReadAction\",\"target\":[\"https:\\\/\\\/schoenstatt.com\\\/de\\\/es-kommt-serenade-fuer-die-mutter-gottes-im-urheiligtum\\\/\"]}]},{\"@type\":\"ImageObject\",\"inLanguage\":\"de\",\"@id\":\"https:\\\/\\\/schoenstatt.com\\\/de\\\/es-kommt-serenade-fuer-die-mutter-gottes-im-urheiligtum\\\/#primaryimage\",\"url\":\"https:\\\/\\\/schoenstatt.com\\\/wp-content\\\/uploads\\\/2024\\\/06\\\/Sant.original1-1.jpg\",\"contentUrl\":\"https:\\\/\\\/schoenstatt.com\\\/wp-content\\\/uploads\\\/2024\\\/06\\\/Sant.original1-1.jpg\",\"width\":1920,\"height\":1080,\"caption\":\"background image of the header of Covenant of love\"},{\"@type\":\"BreadcrumbList\",\"@id\":\"https:\\\/\\\/schoenstatt.com\\\/de\\\/es-kommt-serenade-fuer-die-mutter-gottes-im-urheiligtum\\\/#breadcrumb\",\"itemListElement\":[{\"@type\":\"ListItem\",\"position\":1,\"name\":\"Portada\",\"item\":\"https:\\\/\\\/schoenstatt.com\\\/de\\\/home\\\/\"},{\"@type\":\"ListItem\",\"position\":2,\"name\":\"Es kommt: Serenade f\u00fcr die Mutter Gottes im Urheiligtum\"}]},{\"@type\":\"WebSite\",\"@id\":\"https:\\\/\\\/schoenstatt.com\\\/de\\\/#website\",\"url\":\"https:\\\/\\\/schoenstatt.com\\\/de\\\/\",\"name\":\"Schoenstatt\",\"description\":\"Apostolic Movement\",\"publisher\":{\"@id\":\"https:\\\/\\\/schoenstatt.com\\\/de\\\/#organization\"},\"potentialAction\":[{\"@type\":\"SearchAction\",\"target\":{\"@type\":\"EntryPoint\",\"urlTemplate\":\"https:\\\/\\\/schoenstatt.com\\\/de\\\/?s={search_term_string}\"},\"query-input\":{\"@type\":\"PropertyValueSpecification\",\"valueRequired\":true,\"valueName\":\"search_term_string\"}}],\"inLanguage\":\"de\"},{\"@type\":\"Organization\",\"@id\":\"https:\\\/\\\/schoenstatt.com\\\/de\\\/#organization\",\"name\":\"Schoenstatt\",\"url\":\"https:\\\/\\\/schoenstatt.com\\\/de\\\/\",\"logo\":{\"@type\":\"ImageObject\",\"inLanguage\":\"de\",\"@id\":\"https:\\\/\\\/schoenstatt.com\\\/de\\\/#\\\/schema\\\/logo\\\/image\\\/\",\"url\":\"https:\\\/\\\/schoenstatt.com\\\/wp-content\\\/uploads\\\/2025\\\/04\\\/logo-schoenstatt-white-696x696-1.png\",\"contentUrl\":\"https:\\\/\\\/schoenstatt.com\\\/wp-content\\\/uploads\\\/2025\\\/04\\\/logo-schoenstatt-white-696x696-1.png\",\"width\":696,\"height\":694,\"caption\":\"Schoenstatt\"},\"image\":{\"@id\":\"https:\\\/\\\/schoenstatt.com\\\/de\\\/#\\\/schema\\\/logo\\\/image\\\/\"}},{\"@type\":\"Person\",\"@id\":\"https:\\\/\\\/schoenstatt.com\\\/de\\\/#\\\/schema\\\/person\\\/5158877ad4acae98b34daaeef2a1ce6e\",\"name\":\"Karen Bueno\",\"image\":{\"@type\":\"ImageObject\",\"inLanguage\":\"de\",\"@id\":\"https:\\\/\\\/secure.gravatar.com\\\/avatar\\\/f9f4b823873154269d2b2130f195f6d41037dd0d7fc5f3cacb5c846bae70d66b?s=96&d=mm&r=g\",\"url\":\"https:\\\/\\\/secure.gravatar.com\\\/avatar\\\/f9f4b823873154269d2b2130f195f6d41037dd0d7fc5f3cacb5c846bae70d66b?s=96&d=mm&r=g\",\"contentUrl\":\"https:\\\/\\\/secure.gravatar.com\\\/avatar\\\/f9f4b823873154269d2b2130f195f6d41037dd0d7fc5f3cacb5c846bae70d66b?s=96&d=mm&r=g\",\"caption\":\"Karen Bueno\"},\"url\":\"https:\\\/\\\/schoenstatt.com\\\/de\\\/author\\\/karen-bueno\\\/\"}]}<\/script>\n<!-- \/ Yoast SEO Premium plugin. -->","yoast_head_json":{"title":"Es kommt: Serenade f\u00fcr die Mutter Gottes im Urheiligtum","description":"Die brasilianische S\u00e4ngerin Ziza Fernandes pr\u00e4sentiert die zweite Ausgabe der Serenade f\u00fcr die Gottesmutter von Sch\u00f6nstatt im Urheiligtum.","robots":{"index":"index","follow":"follow","max-snippet":"max-snippet:-1","max-image-preview":"max-image-preview:large","max-video-preview":"max-video-preview:-1"},"canonical":"https:\/\/schoenstatt.com\/de\/es-kommt-serenade-fuer-die-mutter-gottes-im-urheiligtum\/","og_locale":"de_DE","og_type":"article","og_title":"Es kommt: Serenade f\u00fcr die Mutter Gottes im Urheiligtum","og_description":"Die brasilianische S\u00e4ngerin Ziza Fernandes pr\u00e4sentiert die zweite Ausgabe der Serenade f\u00fcr die Gottesmutter von Sch\u00f6nstatt im Urheiligtum.","og_url":"https:\/\/schoenstatt.com\/de\/es-kommt-serenade-fuer-die-mutter-gottes-im-urheiligtum\/","og_site_name":"Schoenstatt","article_published_time":"2024-09-24T08:47:55+00:00","article_modified_time":"2025-05-15T20:32:27+00:00","og_image":[{"width":1920,"height":1080,"url":"https:\/\/schoenstatt.com\/wp-content\/uploads\/2024\/06\/Sant.original1-1.jpg","type":"image\/jpeg"}],"author":"Karen Bueno","twitter_card":"summary_large_image","twitter_misc":{"Verfasst von":"Karen Bueno","Gesch\u00e4tzte Lesezeit":"2\u00a0Minuten"},"schema":{"@context":"https:\/\/schema.org","@graph":[{"@type":"Article","@id":"https:\/\/schoenstatt.com\/de\/es-kommt-serenade-fuer-die-mutter-gottes-im-urheiligtum\/#article","isPartOf":{"@id":"https:\/\/schoenstatt.com\/de\/es-kommt-serenade-fuer-die-mutter-gottes-im-urheiligtum\/"},"author":{"name":"Karen Bueno","@id":"https:\/\/schoenstatt.com\/de\/#\/schema\/person\/5158877ad4acae98b34daaeef2a1ce6e"},"headline":"Es kommt: Serenade f\u00fcr die Mutter Gottes im Urheiligtum","datePublished":"2024-09-24T08:47:55+00:00","dateModified":"2025-05-15T20:32:27+00:00","mainEntityOfPage":{"@id":"https:\/\/schoenstatt.com\/de\/es-kommt-serenade-fuer-die-mutter-gottes-im-urheiligtum\/"},"wordCount":295,"publisher":{"@id":"https:\/\/schoenstatt.com\/de\/#organization"},"image":{"@id":"https:\/\/schoenstatt.com\/de\/es-kommt-serenade-fuer-die-mutter-gottes-im-urheiligtum\/#primaryimage"},"thumbnailUrl":"https:\/\/schoenstatt.com\/wp-content\/uploads\/2024\/06\/Sant.original1-1.jpg","articleSection":["Urheiligtum"],"inLanguage":"de"},{"@type":"WebPage","@id":"https:\/\/schoenstatt.com\/de\/es-kommt-serenade-fuer-die-mutter-gottes-im-urheiligtum\/","url":"https:\/\/schoenstatt.com\/de\/es-kommt-serenade-fuer-die-mutter-gottes-im-urheiligtum\/","name":"Es kommt: Serenade f\u00fcr die Mutter Gottes im Urheiligtum","isPartOf":{"@id":"https:\/\/schoenstatt.com\/de\/#website"},"primaryImageOfPage":{"@id":"https:\/\/schoenstatt.com\/de\/es-kommt-serenade-fuer-die-mutter-gottes-im-urheiligtum\/#primaryimage"},"image":{"@id":"https:\/\/schoenstatt.com\/de\/es-kommt-serenade-fuer-die-mutter-gottes-im-urheiligtum\/#primaryimage"},"thumbnailUrl":"https:\/\/schoenstatt.com\/wp-content\/uploads\/2024\/06\/Sant.original1-1.jpg","datePublished":"2024-09-24T08:47:55+00:00","dateModified":"2025-05-15T20:32:27+00:00","description":"Die brasilianische S\u00e4ngerin Ziza Fernandes pr\u00e4sentiert die zweite Ausgabe der Serenade f\u00fcr die Gottesmutter von Sch\u00f6nstatt im Urheiligtum.","breadcrumb":{"@id":"https:\/\/schoenstatt.com\/de\/es-kommt-serenade-fuer-die-mutter-gottes-im-urheiligtum\/#breadcrumb"},"inLanguage":"de","potentialAction":[{"@type":"ReadAction","target":["https:\/\/schoenstatt.com\/de\/es-kommt-serenade-fuer-die-mutter-gottes-im-urheiligtum\/"]}]},{"@type":"ImageObject","inLanguage":"de","@id":"https:\/\/schoenstatt.com\/de\/es-kommt-serenade-fuer-die-mutter-gottes-im-urheiligtum\/#primaryimage","url":"https:\/\/schoenstatt.com\/wp-content\/uploads\/2024\/06\/Sant.original1-1.jpg","contentUrl":"https:\/\/schoenstatt.com\/wp-content\/uploads\/2024\/06\/Sant.original1-1.jpg","width":1920,"height":1080,"caption":"background image of the header of Covenant of love"},{"@type":"BreadcrumbList","@id":"https:\/\/schoenstatt.com\/de\/es-kommt-serenade-fuer-die-mutter-gottes-im-urheiligtum\/#breadcrumb","itemListElement":[{"@type":"ListItem","position":1,"name":"Portada","item":"https:\/\/schoenstatt.com\/de\/home\/"},{"@type":"ListItem","position":2,"name":"Es kommt: Serenade f\u00fcr die Mutter Gottes im Urheiligtum"}]},{"@type":"WebSite","@id":"https:\/\/schoenstatt.com\/de\/#website","url":"https:\/\/schoenstatt.com\/de\/","name":"Schoenstatt","description":"Apostolic Movement","publisher":{"@id":"https:\/\/schoenstatt.com\/de\/#organization"},"potentialAction":[{"@type":"SearchAction","target":{"@type":"EntryPoint","urlTemplate":"https:\/\/schoenstatt.com\/de\/?s={search_term_string}"},"query-input":{"@type":"PropertyValueSpecification","valueRequired":true,"valueName":"search_term_string"}}],"inLanguage":"de"},{"@type":"Organization","@id":"https:\/\/schoenstatt.com\/de\/#organization","name":"Schoenstatt","url":"https:\/\/schoenstatt.com\/de\/","logo":{"@type":"ImageObject","inLanguage":"de","@id":"https:\/\/schoenstatt.com\/de\/#\/schema\/logo\/image\/","url":"https:\/\/schoenstatt.com\/wp-content\/uploads\/2025\/04\/logo-schoenstatt-white-696x696-1.png","contentUrl":"https:\/\/schoenstatt.com\/wp-content\/uploads\/2025\/04\/logo-schoenstatt-white-696x696-1.png","width":696,"height":694,"caption":"Schoenstatt"},"image":{"@id":"https:\/\/schoenstatt.com\/de\/#\/schema\/logo\/image\/"}},{"@type":"Person","@id":"https:\/\/schoenstatt.com\/de\/#\/schema\/person\/5158877ad4acae98b34daaeef2a1ce6e","name":"Karen Bueno","image":{"@type":"ImageObject","inLanguage":"de","@id":"https:\/\/secure.gravatar.com\/avatar\/f9f4b823873154269d2b2130f195f6d41037dd0d7fc5f3cacb5c846bae70d66b?s=96&d=mm&r=g","url":"https:\/\/secure.gravatar.com\/avatar\/f9f4b823873154269d2b2130f195f6d41037dd0d7fc5f3cacb5c846bae70d66b?s=96&d=mm&r=g","contentUrl":"https:\/\/secure.gravatar.com\/avatar\/f9f4b823873154269d2b2130f195f6d41037dd0d7fc5f3cacb5c846bae70d66b?s=96&d=mm&r=g","caption":"Karen Bueno"},"url":"https:\/\/schoenstatt.com\/de\/author\/karen-bueno\/"}]}},"_links":{"self":[{"href":"https:\/\/schoenstatt.com\/de\/wp-json\/wp\/v2\/posts\/41283","targetHints":{"allow":["GET"]}}],"collection":[{"href":"https:\/\/schoenstatt.com\/de\/wp-json\/wp\/v2\/posts"}],"about":[{"href":"https:\/\/schoenstatt.com\/de\/wp-json\/wp\/v2\/types\/post"}],"author":[{"embeddable":true,"href":"https:\/\/schoenstatt.com\/de\/wp-json\/wp\/v2\/users\/3"}],"replies":[{"embeddable":true,"href":"https:\/\/schoenstatt.com\/de\/wp-json\/wp\/v2\/comments?post=41283"}],"version-history":[{"count":1,"href":"https:\/\/schoenstatt.com\/de\/wp-json\/wp\/v2\/posts\/41283\/revisions"}],"predecessor-version":[{"id":47050,"href":"https:\/\/schoenstatt.com\/de\/wp-json\/wp\/v2\/posts\/41283\/revisions\/47050"}],"wp:featuredmedia":[{"embeddable":true,"href":"https:\/\/schoenstatt.com\/de\/wp-json\/wp\/v2\/media\/43157"}],"wp:attachment":[{"href":"https:\/\/schoenstatt.com\/de\/wp-json\/wp\/v2\/media?parent=41283"}],"wp:term":[{"taxonomy":"category","embeddable":true,"href":"https:\/\/schoenstatt.com\/de\/wp-json\/wp\/v2\/categories?post=41283"},{"taxonomy":"post_tag","embeddable":true,"href":"https:\/\/schoenstatt.com\/de\/wp-json\/wp\/v2\/tags?post=41283"}],"curies":[{"name":"wp","href":"https:\/\/api.w.org\/{rel}","templated":true}]}}