{"id":41071,"date":"2024-09-07T20:00:00","date_gmt":"2024-09-07T18:00:00","guid":{"rendered":"https:\/\/schoenstatt.com\/?p=41071"},"modified":"2025-05-16T01:18:02","modified_gmt":"2025-05-15T23:18:02","slug":"lasst-uns-die-geburt-mariens-feiern","status":"publish","type":"post","link":"https:\/\/schoenstatt.com\/de\/lasst-uns-die-geburt-mariens-feiern\/","title":{"rendered":"Lasst uns die Geburt Mariens feiern!"},"content":{"rendered":"\n<p>A Igreja celebra o <strong>nascimento de Maria<\/strong> todo dia <strong>8 de setembro<\/strong>. Aquela que, desde toda a eternidade, foi concebida no cora\u00e7\u00e3o de Deus, como sua Filha e sua M\u00e3e, est\u00e1 presente! Ele a contempla com amor! Pe. Kentenich nos ensina: \u201cO Pai gerou o Filho desde toda a eternidade. Assim, a imagem de Maria, no verdadeiro sentido da palavra, foi gerada desde toda a eternidade no esp\u00edrito do Pai. E desde a eternidade o Pai, a Trindade, se ocupou com grande amor com a imagem da querida M\u00e3e de Deus.\u201d Que grande festa no c\u00e9u e na terra! Nasceu a Filha de Deus Pai, que na for\u00e7a do Esp\u00edrito Santo, ser\u00e1 M\u00e3e de Deus Filho!<\/p>\n\n<p>Neste Ano, queremos celebrar o anivers\u00e1rio de Maria com um amor redobrado e oferecer-lhe presentes de nosso amor filial. A pequena crian\u00e7a, que hoje contemplamos no pobre ber\u00e7o, na casa de Joaquim e Ana, \u00e9 a Imaculada, preparada desde sempre como porta aberta para o c\u00e9u, a terra fecunda na qual Deus se encarna, se faz um de n\u00f3s.<\/p>\n\n<p><\/p>\n\n<figure class=\"wp-block-pullquote has-medium-font-size\" style=\"border-top-color:var(--wp--preset--color--luminous-vivid-orange);border-top-width:1px;border-bottom-color:var(--wp--preset--color--luminous-vivid-orange);border-bottom-width:1px;font-style:italic;font-weight:300\"><blockquote><p>\u201cEla \u00e9 aquilo que restou do Para\u00edso. Ela \u00e9 a \u00fanica que Deus reservou para si, que Deus preservou do pecado original e da ru\u00edna do pecado. Ela ser\u00e1 o novo ser a partir do qual deve surgir um novo plano para o mundo, um novo plano de salva\u00e7\u00e3o.\u201d <\/p><cite>Pe. Jos\u00e9 Kentenich<\/cite><\/blockquote><\/figure>\n\n<p><\/p>\n\n<p>Feliz <a href=\"https:\/\/www.vaticannews.va\/pt\/igreja\/news\/2021-09\/natividade-de-maria-no-santuario-de-loreta-acesa-a-lampada-paz.html\">Anivers\u00e1rio <\/a>Maria! Felizes somos n\u00f3s, porque em cada santu\u00e1rio mariano, ela nasce novamente! Felizes somos n\u00f3s porque ela sela uma Alian\u00e7a de Amor conosco! Ela quer nascer e viver novamente sua vida em cada um de seus filhos. \u201c<em>Deus deve fazer de n\u00f3s uma pequena imagem de Maria, formada segundo Cristo e que forma Cristo<\/em>.\u201d (Idem) Que Maria viva em <a href=\"https:\/\/schoenstatt.com\/pt-pt\/maria-mae-de-deus-e-nossa\/\">cada um de n\u00f3s<\/a>, trazendo constantemente Cristo ao ambiente em que vivemos!<\/p>\n\n<h2 class=\"wp-block-heading\" id=\"h-celebracao-no-santuario-original-minha-alma-canta-por-ti-maria\">Celebra\u00e7\u00e3o no Santu\u00e1rio Original: Minha alma canta &#8211; por ti, Maria!<\/h2>\n\n<div class=\"wp-block-media-text is-stacked-on-mobile\"><figure class=\"wp-block-media-text__media\"><img decoding=\"async\" src=\"https:\/\/schoenstatt.com\/wp-content\/uploads\/2024\/09\/Nascimento-de-Maria-01-1024x724.jpg\" alt=\"\" class=\"wp-image-41062 size-full\"\/><\/figure><div class=\"wp-block-media-text__content\">\n<p>Celebramos o nascimento da M\u00e3e de Deus. Nessa ocasi\u00e3o as Irm\u00e3s de Maria convidam voc\u00ea a vir ao <strong>Santu\u00e1rio Original<\/strong> para cantar can\u00e7\u00f5es a Maria nesta noite, internacionalmente.<\/p>\n\n\n\n<p>O canto mariano come\u00e7a \u00e0s <strong>19h15 (hor\u00e1rio Alemanha) no Santu\u00e1rio Original<\/strong> e ser\u00e1 transmitido ao vivo pela <strong>webcam<\/strong>:<\/p>\n\n\n\n<div class=\"wp-block-buttons is-content-justification-center is-layout-flex wp-container-core-buttons-is-layout-a89b3969 wp-block-buttons-is-layout-flex\">\n<div class=\"wp-block-button has-custom-width wp-block-button__width-75 is-style-fill\"><a class=\"wp-block-button__link has-luminous-vivid-orange-background-color has-background has-text-align-center wp-element-button\" href=\"https:\/\/www.youtube.com\/channel\/UCTq-GjjxWbSXr_-6d-F6U9A\" style=\"border-radius:10px\">webcam<\/a><\/div>\n<\/div>\n<\/div><\/div>\n\n<p><\/p>\n\n<p>Desde 2020, essa cantata foi iniciada e organizada regularmente na noite de uma festa mariana pelo Centro de Peregrinos. N\u00f3s o convidamos cordialmente a cantar, ouvir e simplesmente estar l\u00e1!<\/p>\n\n<p>Ofere\u00e7amos presentes de amor \u00e0 Maria, neste dia de sua festa! Meditemos sobre a feliz transforma\u00e7\u00e3o que seu nascimento significa para a hist\u00f3ria da humanidade e, unidos a Jesus, pe\u00e7amos a ela:<\/p>\n\n<blockquote class=\"wp-block-quote is-layout-flow wp-block-quote-is-layout-flow\">\n<p style=\"font-style:italic;font-weight:400\">&#8222;Toma-nos semelhantes \u00e0 tua imagem, como tu, passemos pela vida:<\/p>\n\n\n\n<p style=\"font-style:italic;font-weight:400\">fortes e dignos, simples e bondosos, espargindo amor, paz e alegria.<\/p>\n\n\n\n<p style=\"font-style:italic;font-weight:400\">Em n\u00f3s percorre o nosso tempo, preparando-o para Cristo.\u201d (Rumo ao C\u00e9u 609)<\/p>\n<\/blockquote>\n\n<p><sub><strong><em>Fonte<\/em><\/strong><em>: <a href=\"https:\/\/schoenstatt.org.br\/2017\/09\/08\/nascimento-de-maria\/\">Schoenstatt Brasil<\/a> | Central de Peregrinos Schoenstatt<\/em> | <em><strong>Foto<\/strong>: Doug Ulp<\/em><\/sub><\/p>\n","protected":false},"excerpt":{"rendered":"<p>Feiern wir gemeinsam die Geburt Marias, der Unbefleckten, die im Herzen Gottes empfangen wurde. An diesem besonderen Tag wollen wir ihr Liebesgaben darbringen und \u00fcber ihre g\u00f6ttliche Sendung nachdenken. Maria ist die offene T\u00fcr zum Himmel, das fruchtbare Land, in dem Gott Fleisch annimmt. Verbunden mit Jesus bitten wir darum, dass Maria in uns lebt, Christus in unser Umfeld bringt und die Welt auf ihn vorbereitet.<\/p>\n","protected":false},"author":6,"featured_media":41060,"comment_status":"closed","ping_status":"closed","sticky":false,"template":"","format":"standard","meta":{"footnotes":""},"categories":[851,914],"tags":[],"class_list":["post-41071","post","type-post","status-publish","format-standard","has-post-thumbnail","hentry","category-kirche-de","category-spiritualitat-de"],"yoast_head":"<!-- This site is optimized with the Yoast SEO Premium plugin v27.4 (Yoast SEO v27.5) - https:\/\/yoast.com\/product\/yoast-seo-premium-wordpress\/ -->\n<title>Lasst uns die Geburt Mariens feiern! - Schoenstatt<\/title>\n<meta name=\"description\" content=\"Feiern wir Marias Geburt am 8. September. Bringen wir Geschenke der Liebe. Ihre Geburt brachte der ganzen Welt Freude!\" \/>\n<meta name=\"robots\" content=\"index, follow, max-snippet:-1, max-image-preview:large, max-video-preview:-1\" \/>\n<link rel=\"canonical\" href=\"https:\/\/schoenstatt.com\/de\/lasst-uns-die-geburt-mariens-feiern\/\" \/>\n<meta property=\"og:locale\" content=\"de_DE\" \/>\n<meta property=\"og:type\" content=\"article\" \/>\n<meta property=\"og:title\" content=\"Lasst uns die Geburt Mariens feiern!\" \/>\n<meta property=\"og:description\" content=\"Feiern wir Marias Geburt am 8. September. Bringen wir Geschenke der Liebe. Ihre Geburt brachte der ganzen Welt Freude!\" \/>\n<meta property=\"og:url\" content=\"https:\/\/schoenstatt.com\/de\/lasst-uns-die-geburt-mariens-feiern\/\" \/>\n<meta property=\"og:site_name\" content=\"Schoenstatt\" \/>\n<meta property=\"article:published_time\" content=\"2024-09-07T18:00:00+00:00\" \/>\n<meta property=\"article:modified_time\" content=\"2025-05-15T23:18:02+00:00\" \/>\n<meta property=\"og:image\" content=\"https:\/\/schoenstatt.com\/wp-content\/uploads\/2024\/09\/Nascimento-de-Maria-Header-Doug-Ulp-scaled-3.jpg\" \/>\n\t<meta property=\"og:image:width\" content=\"2048\" \/>\n\t<meta property=\"og:image:height\" content=\"1365\" \/>\n\t<meta property=\"og:image:type\" content=\"image\/jpeg\" \/>\n<meta name=\"author\" content=\"Vanessa Franke\" \/>\n<meta name=\"twitter:card\" content=\"summary_large_image\" \/>\n<meta name=\"twitter:label1\" content=\"Verfasst von\" \/>\n\t<meta name=\"twitter:data1\" content=\"Vanessa Franke\" \/>\n\t<meta name=\"twitter:label2\" content=\"Gesch\u00e4tzte Lesezeit\" \/>\n\t<meta name=\"twitter:data2\" content=\"3\u00a0Minuten\" \/>\n<script type=\"application\/ld+json\" class=\"yoast-schema-graph\">{\"@context\":\"https:\\\/\\\/schema.org\",\"@graph\":[{\"@type\":\"Article\",\"@id\":\"https:\\\/\\\/schoenstatt.com\\\/de\\\/lasst-uns-die-geburt-mariens-feiern\\\/#article\",\"isPartOf\":{\"@id\":\"https:\\\/\\\/schoenstatt.com\\\/de\\\/lasst-uns-die-geburt-mariens-feiern\\\/\"},\"author\":{\"name\":\"Vanessa Franke\",\"@id\":\"https:\\\/\\\/schoenstatt.com\\\/de\\\/#\\\/schema\\\/person\\\/ea97a60c723e21c923e2177f0f3163f7\"},\"headline\":\"Lasst uns die Geburt Mariens feiern!\",\"datePublished\":\"2024-09-07T18:00:00+00:00\",\"dateModified\":\"2025-05-15T23:18:02+00:00\",\"mainEntityOfPage\":{\"@id\":\"https:\\\/\\\/schoenstatt.com\\\/de\\\/lasst-uns-die-geburt-mariens-feiern\\\/\"},\"wordCount\":502,\"publisher\":{\"@id\":\"https:\\\/\\\/schoenstatt.com\\\/de\\\/#organization\"},\"image\":{\"@id\":\"https:\\\/\\\/schoenstatt.com\\\/de\\\/lasst-uns-die-geburt-mariens-feiern\\\/#primaryimage\"},\"thumbnailUrl\":\"https:\\\/\\\/schoenstatt.com\\\/wp-content\\\/uploads\\\/2024\\\/09\\\/Nascimento-de-Maria-Header-Doug-Ulp-scaled-3.jpg\",\"articleSection\":[\"Kirche\",\"Spiritualit\u00e4t\"],\"inLanguage\":\"de\"},{\"@type\":\"WebPage\",\"@id\":\"https:\\\/\\\/schoenstatt.com\\\/de\\\/lasst-uns-die-geburt-mariens-feiern\\\/\",\"url\":\"https:\\\/\\\/schoenstatt.com\\\/de\\\/lasst-uns-die-geburt-mariens-feiern\\\/\",\"name\":\"Lasst uns die Geburt Mariens feiern! - Schoenstatt\",\"isPartOf\":{\"@id\":\"https:\\\/\\\/schoenstatt.com\\\/de\\\/#website\"},\"primaryImageOfPage\":{\"@id\":\"https:\\\/\\\/schoenstatt.com\\\/de\\\/lasst-uns-die-geburt-mariens-feiern\\\/#primaryimage\"},\"image\":{\"@id\":\"https:\\\/\\\/schoenstatt.com\\\/de\\\/lasst-uns-die-geburt-mariens-feiern\\\/#primaryimage\"},\"thumbnailUrl\":\"https:\\\/\\\/schoenstatt.com\\\/wp-content\\\/uploads\\\/2024\\\/09\\\/Nascimento-de-Maria-Header-Doug-Ulp-scaled-3.jpg\",\"datePublished\":\"2024-09-07T18:00:00+00:00\",\"dateModified\":\"2025-05-15T23:18:02+00:00\",\"description\":\"Feiern wir Marias Geburt am 8. September. Bringen wir Geschenke der Liebe. Ihre Geburt brachte der ganzen Welt Freude!\",\"breadcrumb\":{\"@id\":\"https:\\\/\\\/schoenstatt.com\\\/de\\\/lasst-uns-die-geburt-mariens-feiern\\\/#breadcrumb\"},\"inLanguage\":\"de\",\"potentialAction\":[{\"@type\":\"ReadAction\",\"target\":[\"https:\\\/\\\/schoenstatt.com\\\/de\\\/lasst-uns-die-geburt-mariens-feiern\\\/\"]}]},{\"@type\":\"ImageObject\",\"inLanguage\":\"de\",\"@id\":\"https:\\\/\\\/schoenstatt.com\\\/de\\\/lasst-uns-die-geburt-mariens-feiern\\\/#primaryimage\",\"url\":\"https:\\\/\\\/schoenstatt.com\\\/wp-content\\\/uploads\\\/2024\\\/09\\\/Nascimento-de-Maria-Header-Doug-Ulp-scaled-3.jpg\",\"contentUrl\":\"https:\\\/\\\/schoenstatt.com\\\/wp-content\\\/uploads\\\/2024\\\/09\\\/Nascimento-de-Maria-Header-Doug-Ulp-scaled-3.jpg\",\"width\":2048,\"height\":1365,\"caption\":\"Mari\u00e4 Geburt feiern\"},{\"@type\":\"BreadcrumbList\",\"@id\":\"https:\\\/\\\/schoenstatt.com\\\/de\\\/lasst-uns-die-geburt-mariens-feiern\\\/#breadcrumb\",\"itemListElement\":[{\"@type\":\"ListItem\",\"position\":1,\"name\":\"Portada\",\"item\":\"https:\\\/\\\/schoenstatt.com\\\/de\\\/home\\\/\"},{\"@type\":\"ListItem\",\"position\":2,\"name\":\"Lasst uns die Geburt Mariens feiern!\"}]},{\"@type\":\"WebSite\",\"@id\":\"https:\\\/\\\/schoenstatt.com\\\/de\\\/#website\",\"url\":\"https:\\\/\\\/schoenstatt.com\\\/de\\\/\",\"name\":\"Schoenstatt\",\"description\":\"Apostolic Movement\",\"publisher\":{\"@id\":\"https:\\\/\\\/schoenstatt.com\\\/de\\\/#organization\"},\"potentialAction\":[{\"@type\":\"SearchAction\",\"target\":{\"@type\":\"EntryPoint\",\"urlTemplate\":\"https:\\\/\\\/schoenstatt.com\\\/de\\\/?s={search_term_string}\"},\"query-input\":{\"@type\":\"PropertyValueSpecification\",\"valueRequired\":true,\"valueName\":\"search_term_string\"}}],\"inLanguage\":\"de\"},{\"@type\":\"Organization\",\"@id\":\"https:\\\/\\\/schoenstatt.com\\\/de\\\/#organization\",\"name\":\"Schoenstatt\",\"url\":\"https:\\\/\\\/schoenstatt.com\\\/de\\\/\",\"logo\":{\"@type\":\"ImageObject\",\"inLanguage\":\"de\",\"@id\":\"https:\\\/\\\/schoenstatt.com\\\/de\\\/#\\\/schema\\\/logo\\\/image\\\/\",\"url\":\"https:\\\/\\\/schoenstatt.com\\\/wp-content\\\/uploads\\\/2025\\\/04\\\/logo-schoenstatt-white-696x696-1.png\",\"contentUrl\":\"https:\\\/\\\/schoenstatt.com\\\/wp-content\\\/uploads\\\/2025\\\/04\\\/logo-schoenstatt-white-696x696-1.png\",\"width\":696,\"height\":694,\"caption\":\"Schoenstatt\"},\"image\":{\"@id\":\"https:\\\/\\\/schoenstatt.com\\\/de\\\/#\\\/schema\\\/logo\\\/image\\\/\"}},{\"@type\":\"Person\",\"@id\":\"https:\\\/\\\/schoenstatt.com\\\/de\\\/#\\\/schema\\\/person\\\/ea97a60c723e21c923e2177f0f3163f7\",\"name\":\"Vanessa Franke\",\"image\":{\"@type\":\"ImageObject\",\"inLanguage\":\"de\",\"@id\":\"https:\\\/\\\/secure.gravatar.com\\\/avatar\\\/a9bcca3409928ccd3195eca11e2ccbb2e5d7c7912e9a945d4f326f81a0a5cb4a?s=96&d=mm&r=g\",\"url\":\"https:\\\/\\\/secure.gravatar.com\\\/avatar\\\/a9bcca3409928ccd3195eca11e2ccbb2e5d7c7912e9a945d4f326f81a0a5cb4a?s=96&d=mm&r=g\",\"contentUrl\":\"https:\\\/\\\/secure.gravatar.com\\\/avatar\\\/a9bcca3409928ccd3195eca11e2ccbb2e5d7c7912e9a945d4f326f81a0a5cb4a?s=96&d=mm&r=g\",\"caption\":\"Vanessa Franke\"},\"url\":\"https:\\\/\\\/schoenstatt.com\\\/de\\\/author\\\/vanessa-franke\\\/\"}]}<\/script>\n<!-- \/ Yoast SEO Premium plugin. -->","yoast_head_json":{"title":"Lasst uns die Geburt Mariens feiern! - Schoenstatt","description":"Feiern wir Marias Geburt am 8. September. Bringen wir Geschenke der Liebe. Ihre Geburt brachte der ganzen Welt Freude!","robots":{"index":"index","follow":"follow","max-snippet":"max-snippet:-1","max-image-preview":"max-image-preview:large","max-video-preview":"max-video-preview:-1"},"canonical":"https:\/\/schoenstatt.com\/de\/lasst-uns-die-geburt-mariens-feiern\/","og_locale":"de_DE","og_type":"article","og_title":"Lasst uns die Geburt Mariens feiern!","og_description":"Feiern wir Marias Geburt am 8. September. Bringen wir Geschenke der Liebe. Ihre Geburt brachte der ganzen Welt Freude!","og_url":"https:\/\/schoenstatt.com\/de\/lasst-uns-die-geburt-mariens-feiern\/","og_site_name":"Schoenstatt","article_published_time":"2024-09-07T18:00:00+00:00","article_modified_time":"2025-05-15T23:18:02+00:00","og_image":[{"width":2048,"height":1365,"url":"https:\/\/schoenstatt.com\/wp-content\/uploads\/2024\/09\/Nascimento-de-Maria-Header-Doug-Ulp-scaled-3.jpg","type":"image\/jpeg"}],"author":"Vanessa Franke","twitter_card":"summary_large_image","twitter_misc":{"Verfasst von":"Vanessa Franke","Gesch\u00e4tzte Lesezeit":"3\u00a0Minuten"},"schema":{"@context":"https:\/\/schema.org","@graph":[{"@type":"Article","@id":"https:\/\/schoenstatt.com\/de\/lasst-uns-die-geburt-mariens-feiern\/#article","isPartOf":{"@id":"https:\/\/schoenstatt.com\/de\/lasst-uns-die-geburt-mariens-feiern\/"},"author":{"name":"Vanessa Franke","@id":"https:\/\/schoenstatt.com\/de\/#\/schema\/person\/ea97a60c723e21c923e2177f0f3163f7"},"headline":"Lasst uns die Geburt Mariens feiern!","datePublished":"2024-09-07T18:00:00+00:00","dateModified":"2025-05-15T23:18:02+00:00","mainEntityOfPage":{"@id":"https:\/\/schoenstatt.com\/de\/lasst-uns-die-geburt-mariens-feiern\/"},"wordCount":502,"publisher":{"@id":"https:\/\/schoenstatt.com\/de\/#organization"},"image":{"@id":"https:\/\/schoenstatt.com\/de\/lasst-uns-die-geburt-mariens-feiern\/#primaryimage"},"thumbnailUrl":"https:\/\/schoenstatt.com\/wp-content\/uploads\/2024\/09\/Nascimento-de-Maria-Header-Doug-Ulp-scaled-3.jpg","articleSection":["Kirche","Spiritualit\u00e4t"],"inLanguage":"de"},{"@type":"WebPage","@id":"https:\/\/schoenstatt.com\/de\/lasst-uns-die-geburt-mariens-feiern\/","url":"https:\/\/schoenstatt.com\/de\/lasst-uns-die-geburt-mariens-feiern\/","name":"Lasst uns die Geburt Mariens feiern! - Schoenstatt","isPartOf":{"@id":"https:\/\/schoenstatt.com\/de\/#website"},"primaryImageOfPage":{"@id":"https:\/\/schoenstatt.com\/de\/lasst-uns-die-geburt-mariens-feiern\/#primaryimage"},"image":{"@id":"https:\/\/schoenstatt.com\/de\/lasst-uns-die-geburt-mariens-feiern\/#primaryimage"},"thumbnailUrl":"https:\/\/schoenstatt.com\/wp-content\/uploads\/2024\/09\/Nascimento-de-Maria-Header-Doug-Ulp-scaled-3.jpg","datePublished":"2024-09-07T18:00:00+00:00","dateModified":"2025-05-15T23:18:02+00:00","description":"Feiern wir Marias Geburt am 8. September. Bringen wir Geschenke der Liebe. Ihre Geburt brachte der ganzen Welt Freude!","breadcrumb":{"@id":"https:\/\/schoenstatt.com\/de\/lasst-uns-die-geburt-mariens-feiern\/#breadcrumb"},"inLanguage":"de","potentialAction":[{"@type":"ReadAction","target":["https:\/\/schoenstatt.com\/de\/lasst-uns-die-geburt-mariens-feiern\/"]}]},{"@type":"ImageObject","inLanguage":"de","@id":"https:\/\/schoenstatt.com\/de\/lasst-uns-die-geburt-mariens-feiern\/#primaryimage","url":"https:\/\/schoenstatt.com\/wp-content\/uploads\/2024\/09\/Nascimento-de-Maria-Header-Doug-Ulp-scaled-3.jpg","contentUrl":"https:\/\/schoenstatt.com\/wp-content\/uploads\/2024\/09\/Nascimento-de-Maria-Header-Doug-Ulp-scaled-3.jpg","width":2048,"height":1365,"caption":"Mari\u00e4 Geburt feiern"},{"@type":"BreadcrumbList","@id":"https:\/\/schoenstatt.com\/de\/lasst-uns-die-geburt-mariens-feiern\/#breadcrumb","itemListElement":[{"@type":"ListItem","position":1,"name":"Portada","item":"https:\/\/schoenstatt.com\/de\/home\/"},{"@type":"ListItem","position":2,"name":"Lasst uns die Geburt Mariens feiern!"}]},{"@type":"WebSite","@id":"https:\/\/schoenstatt.com\/de\/#website","url":"https:\/\/schoenstatt.com\/de\/","name":"Schoenstatt","description":"Apostolic Movement","publisher":{"@id":"https:\/\/schoenstatt.com\/de\/#organization"},"potentialAction":[{"@type":"SearchAction","target":{"@type":"EntryPoint","urlTemplate":"https:\/\/schoenstatt.com\/de\/?s={search_term_string}"},"query-input":{"@type":"PropertyValueSpecification","valueRequired":true,"valueName":"search_term_string"}}],"inLanguage":"de"},{"@type":"Organization","@id":"https:\/\/schoenstatt.com\/de\/#organization","name":"Schoenstatt","url":"https:\/\/schoenstatt.com\/de\/","logo":{"@type":"ImageObject","inLanguage":"de","@id":"https:\/\/schoenstatt.com\/de\/#\/schema\/logo\/image\/","url":"https:\/\/schoenstatt.com\/wp-content\/uploads\/2025\/04\/logo-schoenstatt-white-696x696-1.png","contentUrl":"https:\/\/schoenstatt.com\/wp-content\/uploads\/2025\/04\/logo-schoenstatt-white-696x696-1.png","width":696,"height":694,"caption":"Schoenstatt"},"image":{"@id":"https:\/\/schoenstatt.com\/de\/#\/schema\/logo\/image\/"}},{"@type":"Person","@id":"https:\/\/schoenstatt.com\/de\/#\/schema\/person\/ea97a60c723e21c923e2177f0f3163f7","name":"Vanessa Franke","image":{"@type":"ImageObject","inLanguage":"de","@id":"https:\/\/secure.gravatar.com\/avatar\/a9bcca3409928ccd3195eca11e2ccbb2e5d7c7912e9a945d4f326f81a0a5cb4a?s=96&d=mm&r=g","url":"https:\/\/secure.gravatar.com\/avatar\/a9bcca3409928ccd3195eca11e2ccbb2e5d7c7912e9a945d4f326f81a0a5cb4a?s=96&d=mm&r=g","contentUrl":"https:\/\/secure.gravatar.com\/avatar\/a9bcca3409928ccd3195eca11e2ccbb2e5d7c7912e9a945d4f326f81a0a5cb4a?s=96&d=mm&r=g","caption":"Vanessa Franke"},"url":"https:\/\/schoenstatt.com\/de\/author\/vanessa-franke\/"}]}},"_links":{"self":[{"href":"https:\/\/schoenstatt.com\/de\/wp-json\/wp\/v2\/posts\/41071","targetHints":{"allow":["GET"]}}],"collection":[{"href":"https:\/\/schoenstatt.com\/de\/wp-json\/wp\/v2\/posts"}],"about":[{"href":"https:\/\/schoenstatt.com\/de\/wp-json\/wp\/v2\/types\/post"}],"author":[{"embeddable":true,"href":"https:\/\/schoenstatt.com\/de\/wp-json\/wp\/v2\/users\/6"}],"replies":[{"embeddable":true,"href":"https:\/\/schoenstatt.com\/de\/wp-json\/wp\/v2\/comments?post=41071"}],"version-history":[{"count":2,"href":"https:\/\/schoenstatt.com\/de\/wp-json\/wp\/v2\/posts\/41071\/revisions"}],"predecessor-version":[{"id":55901,"href":"https:\/\/schoenstatt.com\/de\/wp-json\/wp\/v2\/posts\/41071\/revisions\/55901"}],"wp:featuredmedia":[{"embeddable":true,"href":"https:\/\/schoenstatt.com\/de\/wp-json\/wp\/v2\/media\/41060"}],"wp:attachment":[{"href":"https:\/\/schoenstatt.com\/de\/wp-json\/wp\/v2\/media?parent=41071"}],"wp:term":[{"taxonomy":"category","embeddable":true,"href":"https:\/\/schoenstatt.com\/de\/wp-json\/wp\/v2\/categories?post=41071"},{"taxonomy":"post_tag","embeddable":true,"href":"https:\/\/schoenstatt.com\/de\/wp-json\/wp\/v2\/tags?post=41071"}],"curies":[{"name":"wp","href":"https:\/\/api.w.org\/{rel}","templated":true}]}}