{"id":41050,"date":"2024-09-06T13:30:00","date_gmt":"2024-09-06T11:30:00","guid":{"rendered":"https:\/\/schoenstatt.com\/?p=41050"},"modified":"2025-05-15T22:37:40","modified_gmt":"2025-05-15T20:37:40","slug":"erstes-frauentreffen-schoenstatt-ecuador","status":"publish","type":"post","link":"https:\/\/schoenstatt.com\/de\/erstes-frauentreffen-schoenstatt-ecuador\/","title":{"rendered":"Erstes landesweites Frauentreffen in Sch\u00f6nstatt-Ecuador: \u201eFrau, Quelle der Hoffnung\u201c"},"content":{"rendered":"\n<p>Am Samstag, 31. August, fand im Nationalheiligtum in Guayaquil <strong>das erste landesweite Frauentreffen<\/strong> statt, das sich an alle Sch\u00f6nstattfrauen Ecuadors richtete, erleuchtet vom Motto: \u201eFrau, Quelle der Hoffnung\u201c und der Symbolik des Baumes weiblicher Gr\u00f6\u00dfe, die der Vater und Gr\u00fcnder verwendet hat.\u00a0<\/p>\n\n\n\n<p>Das gro\u00dfe Ziel war es, uns als <a href=\"https:\/\/schoenstatt.com\/de\/frauenbildung-in-schoenstatt-eine-herausforderung-fuer-die-zeit\/\">katholische Frauen<\/a> zu vereinen, um einen noch bedeutenderen Beitrag in der herausfordernden Gegenwart unseres Landes zu leisten, im Licht des Charismas Sch\u00f6nstatts. Es war auch eine Gelegenheit f\u00fcr alle, die verschiedenen Berufungen der Gliederungen und Gemeinschaften unserer <a href=\"https:\/\/schoenstatt.com\/de\/in-gemeinschaft\/frauen\/\">Frauens\u00e4ule <\/a>besser kennenzulernen.<\/p>\n\n\n\n<p>Etwa 175 Frauen aus Guayaquil, Quito und Manta, aus der M\u00e4dchenjugend, der Apostolischen Frauenliga, der M\u00fctterbewegung, dem S\u00e4kularinstitut der Sch\u00f6nst\u00e4tter Marienschwestern, dem S\u00e4kularinstitut der Frauen von Sch\u00f6nstatt und dem Apostolischen Frauenbund nahmen an diesem Treffen <a href=\"https:\/\/www.instagram.com\/reel\/C_bfQyix17D\/?utm_source=ig_web_copy_link&amp;igsh=MzRlODBiNWFlZA==\">teil<\/a>. <br><\/p>\n\n\n\n<h2 class=\"wp-block-heading\" id=\"h-das-ideal-und-die-wirklichkeit-der-frau-einblicke-und-antworten\">Das Ideal und die Wirklichkeit der Frau: Einblicke und Antworten<\/h2>\n\n\n\n<div class=\"wp-block-columns is-layout-flex wp-container-core-columns-is-layout-28f84493 wp-block-columns-is-layout-flex\">\n<div class=\"wp-block-column is-layout-flow wp-block-column-is-layout-flow\">\n<figure class=\"wp-block-image aligncenter size-large\"><img decoding=\"async\" src=\"https:\/\/schoenstatt.com\/wp-content\/uploads\/2024\/09\/National-Womens-Encounter-in-Ecuador-4-1024x682.jpg\" alt=\"Erstes landesweites Frauentreffen in Sch\u00f6nstatt-Ecuador\" class=\"wp-image-41035\"\/><\/figure>\n<\/div>\n\n\n\n<div class=\"wp-block-column is-layout-flow wp-block-column-is-layout-flow\">\n<div style=\"height:100px\" aria-hidden=\"true\" class=\"wp-block-spacer\"><\/div>\n\n\n\n<p>Der Vormittag begann mit einer Podiumsdiskussion zum Thema \u201e<strong>Das Denken der Kirche und Pater Kentenichs \u00fcber das Ideal der Frau.\u201c<\/strong> Angeregt durch das, was Pater Kentenich in der p\u00e4dagogischen Konferenz von 1934 sagte:<\/p>\n<\/div>\n<\/div>\n\n\n\n<blockquote class=\"wp-block-quote is-layout-flow wp-block-quote-is-layout-flow\" style=\"font-style:italic;font-weight:300\">\n<p class=\"has-text-align-center\"><em>\u201eDie Frau muss ihr Plus kennenlernen und kultivieren, sie<br>muss stolz sein auf ihre Identit\u00e4t, auf ihre Gr\u00f6\u00dfe und Sch\u00f6nheit\u201c, &#8230;<br><\/em><\/p>\n<\/blockquote>\n\n\n\n<blockquote class=\"wp-block-quote is-layout-flow wp-block-quote-is-layout-flow\" style=\"font-style:italic;font-weight:300\"><\/blockquote>\n\n\n\n<p>&#8230;wurden drei Pluspunkte der Frau ausgew\u00e4hlt: das M\u00fctterliche, die Bindungsf\u00e4higkeit und das Geistige.<br><br>Der zweite Block befasste sich mit der \u201e<strong>Realit\u00e4t der Frauen in Ecuador<\/strong>.\u201c In einer Live-\u201eNachrichtensendung\u201c mit Videos und Interviews wurden wichtige Themen behandelt, wie z. B.: der angestrebte Wandel der Frauen, die Besch\u00e4ftigungsf\u00e4higkeit, die Gewalt gegen Frauen, die politische Beteiligung, die Rechtssicherheit und die Menschenrechte.<\/p>\n\n\n\n<p>Am Nachmittag wurde das Thema \u201e<strong>Unsere Antwort: Berufen, eine Quelle der Hoffnung zu sein<\/strong>\u201c in einer Diskussion behandelt, die zwei audiovisuelle Zeugnisse aus den Bereichen Bildung und Gesundheit von Gladys Lindao bzw. Bella Maldonado einschloss. Und mit der Anwesenheit von drei G\u00e4sten: Mar\u00eda Alejandra Mu\u00f1oz, Martha Cecilia Villafuerte und Liz Valarezo, die wertvolle und eindringliche Zeugnisse aus den Bereichen Politik, Soziales und Kommunikation gaben.<br><\/p>\n\n\n\n<h2 class=\"wp-block-heading\" id=\"h-berufung-und-engagement-bei-der-austellung-der-schonstatt-frauensaule\">Berufung und Engagement bei der Austellung der Sch\u00f6nstatt-Frauens\u00e4ule<\/h2>\n\n\n\n<div class=\"wp-block-columns is-layout-flex wp-container-core-columns-is-layout-28f84493 wp-block-columns-is-layout-flex\">\n<div class=\"wp-block-column is-layout-flow wp-block-column-is-layout-flow\">\n<div style=\"height:100px\" aria-hidden=\"true\" class=\"wp-block-spacer\"><\/div>\n\n\n\n<p>Anschlie\u00dfend besuchten wir die <strong>Ausstellung der Frauens\u00e4ule Sch\u00f6nstatts<\/strong>, wo die Teilnehmerinnen anhand von Fotos, Plakaten und Botschaften die verschiedenen Berufungen und Ideale der einzelnen Gliederungen und Gemeinschaften sowie deren Geschichte kennenlernen konnten.<\/p>\n<\/div>\n\n\n\n<div class=\"wp-block-column is-layout-flow wp-block-column-is-layout-flow\">\n<figure class=\"wp-block-image size-large\"><img decoding=\"async\" src=\"https:\/\/schoenstatt.com\/wp-content\/uploads\/2024\/09\/National-Womens-Encounter-in-Ecuador-3-1024x682.jpg\" alt=\"\" class=\"wp-image-41039\"\/><\/figure>\n<\/div>\n<\/div>\n\n\n\n<p>Die Schlussfolgerungen und die Schlussbetrachtung wurden von Schwester M. Flavia vorgetragen, die die pers\u00f6nliche Verpflichtung anregte, die jeder auf dem Weg zum Heiligtum in die H\u00e4nde Pater Kentenichs an seinem Denkmal legte.<\/p>\n\n\n\n<p>Die Begegnung gipfelte in der Feier der heiligen Messe auf der Esplanade des Heiligtums, der Pater Eduardo Auza zelebrierte, und bei der ein Guayac\u00e1n-Baum \u00fcberreicht wurde, der im Garten neben dem Heiligtum gepflanzt werden soll. Als Andenken erhielt jede Teilnehmerin einen kleinen Guayac\u00e1n-Baum als Geschenk.<\/p>\n\n\n\n<figure class=\"wp-block-image aligncenter size-large\"><img decoding=\"async\" src=\"https:\/\/schoenstatt.com\/wp-content\/uploads\/2024\/09\/National-Womens-Encounter-in-Ecuador-1-edited.jpg\" alt=\"\" class=\"wp-image-41043\"\/><\/figure>\n\n\n\n<p class=\"has-text-align-left\"><sub><em><strong>\u00dcbersetzung<\/strong>: Deepl | <strong>Lektorat<\/strong>: Hildegard Kaiser | <strong>Bilder<\/strong>: Schoenstatt Ecuador<\/em><\/sub><\/p>\n","protected":false},"excerpt":{"rendered":"<p>Am 31. August fand im Nationalheiligtum von Guayaquil das erste nationale Frauentreffen statt, an dem 175 Frauen aus Sch\u00f6nstatt-Ecuador teilnahmen. Unter dem Motto \u201eFrau, Quelle der Hoffnung\u201c wollte die Veranstaltung katholische Frauen vereinen, um sich den gegenw\u00e4rtigen Herausforderungen des Landes zu stellen, inspiriert durch das Charisma Sch\u00f6nstatts und die Symbole des Baumes der weiblichen Gr\u00f6\u00dfe von Pater Josef Kentenich.<\/p>\n","protected":false},"author":6,"featured_media":41028,"comment_status":"closed","ping_status":"closed","sticky":false,"template":"","format":"standard","meta":{"footnotes":""},"categories":[918,660],"tags":[],"class_list":["post-41050","post","type-post","status-publish","format-standard","has-post-thumbnail","hentry","category-frauen-de","category-veranstaltungen-de"],"yoast_head":"<!-- This site is optimized with the Yoast SEO Premium plugin v27.4 (Yoast SEO v27.5) - https:\/\/yoast.com\/product\/yoast-seo-premium-wordpress\/ -->\n<title>Erstes landesweites Frauentreffen in Sch\u00f6nstatt-Ecuador: \u201eFrau, Quelle der Hoffnung\u201c - Schoenstatt<\/title>\n<meta name=\"description\" content=\"Im Nationalheiligtum | Guayaquil trafen sich 175 Frauen zum 1. Treffen f\u00fcr katholische Frauen. Ihr Motto: \u201eFrau, Quelle der Hoffnung\u201c.\" \/>\n<meta name=\"robots\" content=\"index, follow, max-snippet:-1, max-image-preview:large, max-video-preview:-1\" \/>\n<link rel=\"canonical\" href=\"https:\/\/schoenstatt.com\/de\/erstes-frauentreffen-schoenstatt-ecuador\/\" \/>\n<meta property=\"og:locale\" content=\"de_DE\" \/>\n<meta property=\"og:type\" content=\"article\" \/>\n<meta property=\"og:title\" content=\"Erstes landesweites Frauentreffen in Sch\u00f6nstatt-Ecuador: \u201eFrau, Quelle der Hoffnung\u201c\" \/>\n<meta property=\"og:description\" content=\"Im Nationalheiligtum | Guayaquil trafen sich 175 Frauen zum 1. Treffen f\u00fcr katholische Frauen. Ihr Motto: \u201eFrau, Quelle der Hoffnung\u201c.\" \/>\n<meta property=\"og:url\" content=\"https:\/\/schoenstatt.com\/de\/erstes-frauentreffen-schoenstatt-ecuador\/\" \/>\n<meta property=\"og:site_name\" content=\"Schoenstatt\" \/>\n<meta property=\"article:published_time\" content=\"2024-09-06T11:30:00+00:00\" \/>\n<meta property=\"article:modified_time\" content=\"2025-05-15T20:37:40+00:00\" \/>\n<meta property=\"og:image\" content=\"https:\/\/schoenstatt.com\/wp-content\/uploads\/2024\/09\/National-Womens-Encounter-in-Ecuador-Header-2.jpg\" \/>\n\t<meta property=\"og:image:width\" content=\"1600\" \/>\n\t<meta property=\"og:image:height\" content=\"1200\" \/>\n\t<meta property=\"og:image:type\" content=\"image\/jpeg\" \/>\n<meta name=\"author\" content=\"Vanessa Franke\" \/>\n<meta name=\"twitter:card\" content=\"summary_large_image\" \/>\n<meta name=\"twitter:label1\" content=\"Verfasst von\" \/>\n\t<meta name=\"twitter:data1\" content=\"Vanessa Franke\" \/>\n\t<meta name=\"twitter:label2\" content=\"Gesch\u00e4tzte Lesezeit\" \/>\n\t<meta name=\"twitter:data2\" content=\"3\u00a0Minuten\" \/>\n<script type=\"application\/ld+json\" class=\"yoast-schema-graph\">{\"@context\":\"https:\\\/\\\/schema.org\",\"@graph\":[{\"@type\":\"Article\",\"@id\":\"https:\\\/\\\/schoenstatt.com\\\/de\\\/erstes-frauentreffen-schoenstatt-ecuador\\\/#article\",\"isPartOf\":{\"@id\":\"https:\\\/\\\/schoenstatt.com\\\/de\\\/erstes-frauentreffen-schoenstatt-ecuador\\\/\"},\"author\":{\"name\":\"Vanessa Franke\",\"@id\":\"https:\\\/\\\/schoenstatt.com\\\/de\\\/#\\\/schema\\\/person\\\/ea97a60c723e21c923e2177f0f3163f7\"},\"headline\":\"Erstes landesweites Frauentreffen in Sch\u00f6nstatt-Ecuador: \u201eFrau, Quelle der Hoffnung\u201c\",\"datePublished\":\"2024-09-06T11:30:00+00:00\",\"dateModified\":\"2025-05-15T20:37:40+00:00\",\"mainEntityOfPage\":{\"@id\":\"https:\\\/\\\/schoenstatt.com\\\/de\\\/erstes-frauentreffen-schoenstatt-ecuador\\\/\"},\"wordCount\":478,\"publisher\":{\"@id\":\"https:\\\/\\\/schoenstatt.com\\\/de\\\/#organization\"},\"image\":{\"@id\":\"https:\\\/\\\/schoenstatt.com\\\/de\\\/erstes-frauentreffen-schoenstatt-ecuador\\\/#primaryimage\"},\"thumbnailUrl\":\"https:\\\/\\\/schoenstatt.com\\\/wp-content\\\/uploads\\\/2024\\\/09\\\/National-Womens-Encounter-in-Ecuador-Header-2.jpg\",\"articleSection\":[\"Frauen\",\"Veranstaltungen\"],\"inLanguage\":\"de\"},{\"@type\":\"WebPage\",\"@id\":\"https:\\\/\\\/schoenstatt.com\\\/de\\\/erstes-frauentreffen-schoenstatt-ecuador\\\/\",\"url\":\"https:\\\/\\\/schoenstatt.com\\\/de\\\/erstes-frauentreffen-schoenstatt-ecuador\\\/\",\"name\":\"Erstes landesweites Frauentreffen in Sch\u00f6nstatt-Ecuador: \u201eFrau, Quelle der Hoffnung\u201c - Schoenstatt\",\"isPartOf\":{\"@id\":\"https:\\\/\\\/schoenstatt.com\\\/de\\\/#website\"},\"primaryImageOfPage\":{\"@id\":\"https:\\\/\\\/schoenstatt.com\\\/de\\\/erstes-frauentreffen-schoenstatt-ecuador\\\/#primaryimage\"},\"image\":{\"@id\":\"https:\\\/\\\/schoenstatt.com\\\/de\\\/erstes-frauentreffen-schoenstatt-ecuador\\\/#primaryimage\"},\"thumbnailUrl\":\"https:\\\/\\\/schoenstatt.com\\\/wp-content\\\/uploads\\\/2024\\\/09\\\/National-Womens-Encounter-in-Ecuador-Header-2.jpg\",\"datePublished\":\"2024-09-06T11:30:00+00:00\",\"dateModified\":\"2025-05-15T20:37:40+00:00\",\"description\":\"Im Nationalheiligtum | Guayaquil trafen sich 175 Frauen zum 1. Treffen f\u00fcr katholische Frauen. Ihr Motto: \u201eFrau, Quelle der Hoffnung\u201c.\",\"breadcrumb\":{\"@id\":\"https:\\\/\\\/schoenstatt.com\\\/de\\\/erstes-frauentreffen-schoenstatt-ecuador\\\/#breadcrumb\"},\"inLanguage\":\"de\",\"potentialAction\":[{\"@type\":\"ReadAction\",\"target\":[\"https:\\\/\\\/schoenstatt.com\\\/de\\\/erstes-frauentreffen-schoenstatt-ecuador\\\/\"]}]},{\"@type\":\"ImageObject\",\"inLanguage\":\"de\",\"@id\":\"https:\\\/\\\/schoenstatt.com\\\/de\\\/erstes-frauentreffen-schoenstatt-ecuador\\\/#primaryimage\",\"url\":\"https:\\\/\\\/schoenstatt.com\\\/wp-content\\\/uploads\\\/2024\\\/09\\\/National-Womens-Encounter-in-Ecuador-Header-2.jpg\",\"contentUrl\":\"https:\\\/\\\/schoenstatt.com\\\/wp-content\\\/uploads\\\/2024\\\/09\\\/National-Womens-Encounter-in-Ecuador-Header-2.jpg\",\"width\":1600,\"height\":1200,\"caption\":\"Erstes landesweites Frauentreffen in Sch\u00f6nstatt-Ecuador\"},{\"@type\":\"BreadcrumbList\",\"@id\":\"https:\\\/\\\/schoenstatt.com\\\/de\\\/erstes-frauentreffen-schoenstatt-ecuador\\\/#breadcrumb\",\"itemListElement\":[{\"@type\":\"ListItem\",\"position\":1,\"name\":\"Portada\",\"item\":\"https:\\\/\\\/schoenstatt.com\\\/de\\\/home\\\/\"},{\"@type\":\"ListItem\",\"position\":2,\"name\":\"Erstes landesweites Frauentreffen in Sch\u00f6nstatt-Ecuador: \u201eFrau, Quelle der Hoffnung\u201c\"}]},{\"@type\":\"WebSite\",\"@id\":\"https:\\\/\\\/schoenstatt.com\\\/de\\\/#website\",\"url\":\"https:\\\/\\\/schoenstatt.com\\\/de\\\/\",\"name\":\"Schoenstatt\",\"description\":\"Apostolic Movement\",\"publisher\":{\"@id\":\"https:\\\/\\\/schoenstatt.com\\\/de\\\/#organization\"},\"potentialAction\":[{\"@type\":\"SearchAction\",\"target\":{\"@type\":\"EntryPoint\",\"urlTemplate\":\"https:\\\/\\\/schoenstatt.com\\\/de\\\/?s={search_term_string}\"},\"query-input\":{\"@type\":\"PropertyValueSpecification\",\"valueRequired\":true,\"valueName\":\"search_term_string\"}}],\"inLanguage\":\"de\"},{\"@type\":\"Organization\",\"@id\":\"https:\\\/\\\/schoenstatt.com\\\/de\\\/#organization\",\"name\":\"Schoenstatt\",\"url\":\"https:\\\/\\\/schoenstatt.com\\\/de\\\/\",\"logo\":{\"@type\":\"ImageObject\",\"inLanguage\":\"de\",\"@id\":\"https:\\\/\\\/schoenstatt.com\\\/de\\\/#\\\/schema\\\/logo\\\/image\\\/\",\"url\":\"https:\\\/\\\/schoenstatt.com\\\/wp-content\\\/uploads\\\/2025\\\/04\\\/logo-schoenstatt-white-696x696-1.png\",\"contentUrl\":\"https:\\\/\\\/schoenstatt.com\\\/wp-content\\\/uploads\\\/2025\\\/04\\\/logo-schoenstatt-white-696x696-1.png\",\"width\":696,\"height\":694,\"caption\":\"Schoenstatt\"},\"image\":{\"@id\":\"https:\\\/\\\/schoenstatt.com\\\/de\\\/#\\\/schema\\\/logo\\\/image\\\/\"}},{\"@type\":\"Person\",\"@id\":\"https:\\\/\\\/schoenstatt.com\\\/de\\\/#\\\/schema\\\/person\\\/ea97a60c723e21c923e2177f0f3163f7\",\"name\":\"Vanessa Franke\",\"image\":{\"@type\":\"ImageObject\",\"inLanguage\":\"de\",\"@id\":\"https:\\\/\\\/secure.gravatar.com\\\/avatar\\\/a9bcca3409928ccd3195eca11e2ccbb2e5d7c7912e9a945d4f326f81a0a5cb4a?s=96&d=mm&r=g\",\"url\":\"https:\\\/\\\/secure.gravatar.com\\\/avatar\\\/a9bcca3409928ccd3195eca11e2ccbb2e5d7c7912e9a945d4f326f81a0a5cb4a?s=96&d=mm&r=g\",\"contentUrl\":\"https:\\\/\\\/secure.gravatar.com\\\/avatar\\\/a9bcca3409928ccd3195eca11e2ccbb2e5d7c7912e9a945d4f326f81a0a5cb4a?s=96&d=mm&r=g\",\"caption\":\"Vanessa Franke\"},\"url\":\"https:\\\/\\\/schoenstatt.com\\\/de\\\/author\\\/vanessa-franke\\\/\"}]}<\/script>\n<!-- \/ Yoast SEO Premium plugin. -->","yoast_head_json":{"title":"Erstes landesweites Frauentreffen in Sch\u00f6nstatt-Ecuador: \u201eFrau, Quelle der Hoffnung\u201c - Schoenstatt","description":"Im Nationalheiligtum | Guayaquil trafen sich 175 Frauen zum 1. Treffen f\u00fcr katholische Frauen. Ihr Motto: \u201eFrau, Quelle der Hoffnung\u201c.","robots":{"index":"index","follow":"follow","max-snippet":"max-snippet:-1","max-image-preview":"max-image-preview:large","max-video-preview":"max-video-preview:-1"},"canonical":"https:\/\/schoenstatt.com\/de\/erstes-frauentreffen-schoenstatt-ecuador\/","og_locale":"de_DE","og_type":"article","og_title":"Erstes landesweites Frauentreffen in Sch\u00f6nstatt-Ecuador: \u201eFrau, Quelle der Hoffnung\u201c","og_description":"Im Nationalheiligtum | Guayaquil trafen sich 175 Frauen zum 1. Treffen f\u00fcr katholische Frauen. Ihr Motto: \u201eFrau, Quelle der Hoffnung\u201c.","og_url":"https:\/\/schoenstatt.com\/de\/erstes-frauentreffen-schoenstatt-ecuador\/","og_site_name":"Schoenstatt","article_published_time":"2024-09-06T11:30:00+00:00","article_modified_time":"2025-05-15T20:37:40+00:00","og_image":[{"width":1600,"height":1200,"url":"https:\/\/schoenstatt.com\/wp-content\/uploads\/2024\/09\/National-Womens-Encounter-in-Ecuador-Header-2.jpg","type":"image\/jpeg"}],"author":"Vanessa Franke","twitter_card":"summary_large_image","twitter_misc":{"Verfasst von":"Vanessa Franke","Gesch\u00e4tzte Lesezeit":"3\u00a0Minuten"},"schema":{"@context":"https:\/\/schema.org","@graph":[{"@type":"Article","@id":"https:\/\/schoenstatt.com\/de\/erstes-frauentreffen-schoenstatt-ecuador\/#article","isPartOf":{"@id":"https:\/\/schoenstatt.com\/de\/erstes-frauentreffen-schoenstatt-ecuador\/"},"author":{"name":"Vanessa Franke","@id":"https:\/\/schoenstatt.com\/de\/#\/schema\/person\/ea97a60c723e21c923e2177f0f3163f7"},"headline":"Erstes landesweites Frauentreffen in Sch\u00f6nstatt-Ecuador: \u201eFrau, Quelle der Hoffnung\u201c","datePublished":"2024-09-06T11:30:00+00:00","dateModified":"2025-05-15T20:37:40+00:00","mainEntityOfPage":{"@id":"https:\/\/schoenstatt.com\/de\/erstes-frauentreffen-schoenstatt-ecuador\/"},"wordCount":478,"publisher":{"@id":"https:\/\/schoenstatt.com\/de\/#organization"},"image":{"@id":"https:\/\/schoenstatt.com\/de\/erstes-frauentreffen-schoenstatt-ecuador\/#primaryimage"},"thumbnailUrl":"https:\/\/schoenstatt.com\/wp-content\/uploads\/2024\/09\/National-Womens-Encounter-in-Ecuador-Header-2.jpg","articleSection":["Frauen","Veranstaltungen"],"inLanguage":"de"},{"@type":"WebPage","@id":"https:\/\/schoenstatt.com\/de\/erstes-frauentreffen-schoenstatt-ecuador\/","url":"https:\/\/schoenstatt.com\/de\/erstes-frauentreffen-schoenstatt-ecuador\/","name":"Erstes landesweites Frauentreffen in Sch\u00f6nstatt-Ecuador: \u201eFrau, Quelle der Hoffnung\u201c - Schoenstatt","isPartOf":{"@id":"https:\/\/schoenstatt.com\/de\/#website"},"primaryImageOfPage":{"@id":"https:\/\/schoenstatt.com\/de\/erstes-frauentreffen-schoenstatt-ecuador\/#primaryimage"},"image":{"@id":"https:\/\/schoenstatt.com\/de\/erstes-frauentreffen-schoenstatt-ecuador\/#primaryimage"},"thumbnailUrl":"https:\/\/schoenstatt.com\/wp-content\/uploads\/2024\/09\/National-Womens-Encounter-in-Ecuador-Header-2.jpg","datePublished":"2024-09-06T11:30:00+00:00","dateModified":"2025-05-15T20:37:40+00:00","description":"Im Nationalheiligtum | Guayaquil trafen sich 175 Frauen zum 1. Treffen f\u00fcr katholische Frauen. Ihr Motto: \u201eFrau, Quelle der Hoffnung\u201c.","breadcrumb":{"@id":"https:\/\/schoenstatt.com\/de\/erstes-frauentreffen-schoenstatt-ecuador\/#breadcrumb"},"inLanguage":"de","potentialAction":[{"@type":"ReadAction","target":["https:\/\/schoenstatt.com\/de\/erstes-frauentreffen-schoenstatt-ecuador\/"]}]},{"@type":"ImageObject","inLanguage":"de","@id":"https:\/\/schoenstatt.com\/de\/erstes-frauentreffen-schoenstatt-ecuador\/#primaryimage","url":"https:\/\/schoenstatt.com\/wp-content\/uploads\/2024\/09\/National-Womens-Encounter-in-Ecuador-Header-2.jpg","contentUrl":"https:\/\/schoenstatt.com\/wp-content\/uploads\/2024\/09\/National-Womens-Encounter-in-Ecuador-Header-2.jpg","width":1600,"height":1200,"caption":"Erstes landesweites Frauentreffen in Sch\u00f6nstatt-Ecuador"},{"@type":"BreadcrumbList","@id":"https:\/\/schoenstatt.com\/de\/erstes-frauentreffen-schoenstatt-ecuador\/#breadcrumb","itemListElement":[{"@type":"ListItem","position":1,"name":"Portada","item":"https:\/\/schoenstatt.com\/de\/home\/"},{"@type":"ListItem","position":2,"name":"Erstes landesweites Frauentreffen in Sch\u00f6nstatt-Ecuador: \u201eFrau, Quelle der Hoffnung\u201c"}]},{"@type":"WebSite","@id":"https:\/\/schoenstatt.com\/de\/#website","url":"https:\/\/schoenstatt.com\/de\/","name":"Schoenstatt","description":"Apostolic Movement","publisher":{"@id":"https:\/\/schoenstatt.com\/de\/#organization"},"potentialAction":[{"@type":"SearchAction","target":{"@type":"EntryPoint","urlTemplate":"https:\/\/schoenstatt.com\/de\/?s={search_term_string}"},"query-input":{"@type":"PropertyValueSpecification","valueRequired":true,"valueName":"search_term_string"}}],"inLanguage":"de"},{"@type":"Organization","@id":"https:\/\/schoenstatt.com\/de\/#organization","name":"Schoenstatt","url":"https:\/\/schoenstatt.com\/de\/","logo":{"@type":"ImageObject","inLanguage":"de","@id":"https:\/\/schoenstatt.com\/de\/#\/schema\/logo\/image\/","url":"https:\/\/schoenstatt.com\/wp-content\/uploads\/2025\/04\/logo-schoenstatt-white-696x696-1.png","contentUrl":"https:\/\/schoenstatt.com\/wp-content\/uploads\/2025\/04\/logo-schoenstatt-white-696x696-1.png","width":696,"height":694,"caption":"Schoenstatt"},"image":{"@id":"https:\/\/schoenstatt.com\/de\/#\/schema\/logo\/image\/"}},{"@type":"Person","@id":"https:\/\/schoenstatt.com\/de\/#\/schema\/person\/ea97a60c723e21c923e2177f0f3163f7","name":"Vanessa Franke","image":{"@type":"ImageObject","inLanguage":"de","@id":"https:\/\/secure.gravatar.com\/avatar\/a9bcca3409928ccd3195eca11e2ccbb2e5d7c7912e9a945d4f326f81a0a5cb4a?s=96&d=mm&r=g","url":"https:\/\/secure.gravatar.com\/avatar\/a9bcca3409928ccd3195eca11e2ccbb2e5d7c7912e9a945d4f326f81a0a5cb4a?s=96&d=mm&r=g","contentUrl":"https:\/\/secure.gravatar.com\/avatar\/a9bcca3409928ccd3195eca11e2ccbb2e5d7c7912e9a945d4f326f81a0a5cb4a?s=96&d=mm&r=g","caption":"Vanessa Franke"},"url":"https:\/\/schoenstatt.com\/de\/author\/vanessa-franke\/"}]}},"_links":{"self":[{"href":"https:\/\/schoenstatt.com\/de\/wp-json\/wp\/v2\/posts\/41050","targetHints":{"allow":["GET"]}}],"collection":[{"href":"https:\/\/schoenstatt.com\/de\/wp-json\/wp\/v2\/posts"}],"about":[{"href":"https:\/\/schoenstatt.com\/de\/wp-json\/wp\/v2\/types\/post"}],"author":[{"embeddable":true,"href":"https:\/\/schoenstatt.com\/de\/wp-json\/wp\/v2\/users\/6"}],"replies":[{"embeddable":true,"href":"https:\/\/schoenstatt.com\/de\/wp-json\/wp\/v2\/comments?post=41050"}],"version-history":[{"count":1,"href":"https:\/\/schoenstatt.com\/de\/wp-json\/wp\/v2\/posts\/41050\/revisions"}],"predecessor-version":[{"id":46999,"href":"https:\/\/schoenstatt.com\/de\/wp-json\/wp\/v2\/posts\/41050\/revisions\/46999"}],"wp:featuredmedia":[{"embeddable":true,"href":"https:\/\/schoenstatt.com\/de\/wp-json\/wp\/v2\/media\/41028"}],"wp:attachment":[{"href":"https:\/\/schoenstatt.com\/de\/wp-json\/wp\/v2\/media?parent=41050"}],"wp:term":[{"taxonomy":"category","embeddable":true,"href":"https:\/\/schoenstatt.com\/de\/wp-json\/wp\/v2\/categories?post=41050"},{"taxonomy":"post_tag","embeddable":true,"href":"https:\/\/schoenstatt.com\/de\/wp-json\/wp\/v2\/tags?post=41050"}],"curies":[{"name":"wp","href":"https:\/\/api.w.org\/{rel}","templated":true}]}}