{"id":41021,"date":"2024-09-04T13:00:00","date_gmt":"2024-09-04T11:00:00","guid":{"rendered":"https:\/\/schoenstatt.com\/?p=41021"},"modified":"2025-05-15T20:17:16","modified_gmt":"2025-05-15T18:17:16","slug":"54-jahrestag-sion-heiligtum","status":"publish","type":"post","link":"https:\/\/schoenstatt.com\/de\/54-jahrestag-sion-heiligtum\/","title":{"rendered":"Gedenken an den 54. Jahrestag des Sions-Heiligtums in Sch\u00f6nstatt"},"content":{"rendered":"\n<p>Am 30. August feierte die Gemeinschaft der Sch\u00f6nstatt-Patres den 54. Jahrestag der Einweihung des Heiligtums auf Berg Sion in Sch\u00f6nstatt. Dieses Heiligtum steht neben unserem Haupthaus, das wir Vaterhaus nennen.<\/p>\n\n\n\n<p><br>Ohne vom offiziellen Gr\u00fcndungsdatum unserer Gemeinschaft (18. Juli 1965) abzulenken, ist das Datum der Einweihung des Heiligtums zum &#8222;Festtag&#8220; der Gemeinschaft der Sch\u00f6nstatt-Patres geworden. In diesem Jahr kamen <a href=\"https:\/\/schoenstatt-fathers.org\/es_new\/de\/startseite\/\">Patres <\/a>aus aller Welt und aus allen Generationen zusammen.<\/p>\n\n\n\n<p><br>Wir waren \u00fcber 100 Priester aus Europa (Spanien, Portugal, Deutschland, Schweiz, Polen, \u00d6sterreich), Afrika (Nigeria, Kongo, S\u00fcdafrika), Asien (Indien) und Amerika (Argentinien, Chile, Brasilien, Paraguay, Mexiko).<\/p>\n\n\n\n<p>Wir haben die Gnade, dass noch Mitglieder dabei sind, die mit <a href=\"https:\/\/schoenstatt.com\/de\/ueber-schoenstatt\/gruender\/biographie-p-j-kentenich\/\">Pater Kentenich<\/a> in Kontakt waren und zur Gr\u00fcndergeneration geh\u00f6ren. Die J\u00fcngsten waren vier nigerianische Seminaristen, die am Ende ihrer Ausbildung stehen und, so Gott will, in den n\u00e4chsten Monaten zu Diakonen geweiht werden.<\/p>\n\n\n\n<p>Allm\u00e4hlich f\u00fcllte sich das Haus. Es kamen Patres, die in Pfarreien arbeiten und in den letzten Tagen an einer Tagung teilgenommen hatten. Es kamen auch Patres, die in Sch\u00f6nstatt leben, an Kursen teilnehmen oder aus apostolischen Gr\u00fcnden in Sch\u00f6nstatt sind. Alle begr\u00fc\u00dften sich, einige, um sich vorzustellen und kennenzulernen, andere, um sich nach langer Zeit wiederzusehen.<\/p>\n\n\n\n<h2 class=\"wp-block-heading\" id=\"h-mit-einer-eucharistiefeier-begannen-wir-den-tag\">Mit einer Eucharistiefeier begannen wir den Tag<\/h2>\n\n\n\n<figure class=\"wp-block-gallery has-nested-images columns-default is-cropped wp-block-gallery-1 is-layout-flex wp-block-gallery-is-layout-flex\">\n<figure class=\"wp-block-image size-large\"><img decoding=\"async\" data-id=\"41001\" src=\"https:\/\/schoenstatt.com\/wp-content\/uploads\/2024\/09\/54th-anniversary-Sion-2-1024x576.jpg\" alt=\"54. Jahrestag Sions-Heiligtum\" class=\"wp-image-41001\"\/><\/figure>\n\n\n\n<figure class=\"wp-block-image size-large\"><img decoding=\"async\" data-id=\"40997\" src=\"https:\/\/schoenstatt.com\/wp-content\/uploads\/2024\/09\/54th-anniversary-Sion-4-1-1024x682.jpg\" alt=\"54th anniversary of the Sion Shrine in Schoenstatt\" class=\"wp-image-40997\"\/><\/figure>\n<\/figure>\n\n\n\n<p><br>Um 10.30 Uhr begann die Eucharistiefeier, der unser Generaloberer Pater Alexandre Awi vorstand. Wir wechselten vom Englischen ins Deutsche, vom Deutschen ins Spanische und wieder ins Englische. Die Melodien der Lieder und ihre Interpretation mit verschiedenen Instrumenten halfen uns, die Multikulturalit\u00e4t unserer Patresgemeinschaft zu sch\u00e4tzen: eine Realit\u00e4t, die uns herausfordert, aber vor allem Freude und Hoffnung schenkt. <\/p>\n\n\n\n<p>In seiner Predigt erinnerte Pater Alexandre daran, dass wir vor 10 Jahren, anl\u00e4sslich der Feier des 100-j\u00e4hrigen Bestehens des Liebesb\u00fcndnisses, als Gemeinschaft das Liebesb\u00fcndnis f\u00fcr die Sch\u00f6nstattfamilie geschlossen haben. Es war eine Einladung, uns im zentralen Sinn unseres Daseins zu erneuern. Um mit all unseren Kr\u00e4ften, F\u00e4higkeiten &#8211; und auch Schw\u00e4chen &#8211; dem Charisma Sch\u00f6nstatts durch die Sch\u00f6nstattfamilie zu dienen. In einem Teil seiner Predigt erinnerte Pater Alexandre an den Satz Pater Kentenichs:<\/p>\n\n\n\n<figure class=\"wp-block-pullquote has-medium-font-size\" style=\"border-top-color:var(--wp--preset--color--luminous-vivid-orange);border-top-style:solid;border-top-width:1px;border-bottom-color:var(--wp--preset--color--luminous-vivid-orange);border-bottom-style:solid;border-bottom-width:1px;font-style:italic;font-weight:300\"><blockquote><p>\u201eAlles f\u00fcr Sch\u00f6nstatt! Sch\u00f6nstatt f\u00fcr die Kirche! <br>Die Kirche f\u00fcr den Dreifaltigen Gott!\u201c<\/p><\/blockquote><\/figure>\n\n\n\n<p><br>Er lud alle ein, ihren Teil zu diesem Dienst beizutragen: \u201eF\u00fcr die einen ist es das Gebet, f\u00fcr andere die Arbeit im Geist Sch\u00f6nstatts (je nachdem, was die Gemeinschaft von ihnen verlangt), f\u00fcr wieder andere die direkte Arbeit mit der Bewegung. Die Gottesmutter wei\u00df, wie viel jeder f\u00fcr unsere Familie geben kann.\u201c<\/p>\n\n\n\n<figure class=\"wp-block-gallery has-nested-images columns-default is-cropped wp-block-gallery-2 is-layout-flex wp-block-gallery-is-layout-flex\">\n<figure class=\"wp-block-image size-large\"><img decoding=\"async\" data-id=\"41005\" src=\"https:\/\/schoenstatt.com\/wp-content\/uploads\/2024\/09\/54th-anniversary-Sion-1-768x1024.jpg\" alt=\"54. Jahrestag Sions-Heiligtum\" class=\"wp-image-41005\"\/><\/figure>\n\n\n\n<figure class=\"wp-block-image size-large\"><img decoding=\"async\" data-id=\"41013\" src=\"https:\/\/schoenstatt.com\/wp-content\/uploads\/2024\/09\/54th-anniversary-Sion-6-768x1024.jpg\" alt=\"anniversary Sion Shrine \" class=\"wp-image-41013\"\/><\/figure>\n<\/figure>\n\n\n\n<p><br>Am Ende der heiligen Messe pilgerten wir zum Sionsheiligtum. Es war eine lange Prozession, die damit endete, dass wir uns vor dem Heiligtum versammelten, um das Liebesb\u00fcndnis mit Maria zu erneuern, mit unserem Vater und Gr\u00fcnder, und bei dieser Gelegenheit bewusst f\u00fcr die Sch\u00f6nstattfamilie, der wir zu dienen berufen sind.<\/p>\n\n\n\n<p>Es war ein ganzer Tag der Gemeinschaft. Es gab Zeit f\u00fcr Tischgemeinschaft, Gespr\u00e4ch und Gebet. Wir taten dies mit einem dankbaren Herzen f\u00fcr das freie Geschenk der Berufung und des Charismas, das Gott uns gegeben hat.<\/p>\n\n\n\n<h2 class=\"wp-block-heading\" id=\"h-von-der-werkzeugsmesse-in-himmelwarts\">Von der Werkzeugsmesse, in Himmelw\u00e4rts:<\/h2>\n\n\n\n<blockquote class=\"wp-block-quote is-layout-flow wp-block-quote-is-layout-flow\">\n<p>\u201e Lass k\u00fcnftig uns dein eigen sein, nur dir die Liebeskr\u00e4fte weihn,<\/p>\n\n\n\n<p>dass Christus durch uns wirken kann und Seelen f\u00fchren himmelan.<\/p>\n\n\n\n<p>Lass ihn in uns die Welt durchschreiten, mit seiner Braut sein Reich zu weiten.<\/p>\n\n\n\n<p>Send uns des Heilands Geist der Kraft, dass er die Sch\u00f6pfung neu erschafft,<\/p>\n\n\n\n<p>das Sch\u00f6nstattreich, den Gottesstaat, der gleicht der ewigen Sionsstadt,<\/p>\n\n\n\n<p>in der die Liebe triumphieret und Recht und Wahrheit stets regieret. Amen.\u201c<\/p>\n<\/blockquote>\n\n\n\n<figure class=\"wp-block-image size-large\"><img decoding=\"async\" src=\"https:\/\/schoenstatt.com\/wp-content\/uploads\/2024\/09\/54th-anniversary-Sion-5-1024x360.jpg\" alt=\"\" class=\"wp-image-41017\"\/><\/figure>\n\n\n\n<p><em><sub><strong>\u00dcbersetzung<\/strong>: Deepl | <strong>Lektorat<\/strong>: Hildegard Kaiser | <strong>Bilder<\/strong>: P. Ignacio Camacho<\/sub><\/em><\/p>\n","protected":false},"excerpt":{"rendered":"<p>Am 30. August feierte die Gemeinschaft der Sch\u00f6nstatt-Patres den 54. Jahrestag der Einweihung des Heiligtums auf dem Berg Sion. \u00dcber 100 Priester aus verschiedenen Teilen der Welt kamen zusammen, um das Liebesb\u00fcndnis zu erneuern und einen Tag des Gebets, der Br\u00fcderlichkeit und der Dankbarkeit f\u00fcr das Charisma Sch\u00f6nstatts zu erleben.<\/p>\n","protected":false},"author":6,"featured_media":40990,"comment_status":"closed","ping_status":"closed","sticky":false,"template":"","format":"standard","meta":{"footnotes":""},"categories":[907],"tags":[],"class_list":["post-41021","post","type-post","status-publish","format-standard","has-post-thumbnail","hentry","category-schoenstatt-gemeinschaften-de"],"yoast_head":"<!-- This site is optimized with the Yoast SEO Premium plugin v27.4 (Yoast SEO v27.4) - https:\/\/yoast.com\/product\/yoast-seo-premium-wordpress\/ -->\n<title>Gedenken an den 54. Jahrestag des Sions-Heiligtums in Sch\u00f6nstatt - Schoenstatt<\/title>\n<meta name=\"description\" content=\"Mit \u00fcber 100 Priester aus aller Welt, feierten die Sch\u00f6nstatt-Patres in Berg Sion. Ein Tag voller Gebet, Br\u00fcderlichkeit und Dankbarkeit.\" \/>\n<meta name=\"robots\" content=\"index, follow, max-snippet:-1, max-image-preview:large, max-video-preview:-1\" \/>\n<link rel=\"canonical\" href=\"https:\/\/schoenstatt.com\/de\/54-jahrestag-sion-heiligtum\/\" \/>\n<meta property=\"og:locale\" content=\"de_DE\" \/>\n<meta property=\"og:type\" content=\"article\" \/>\n<meta property=\"og:title\" content=\"Gedenken an den 54. Jahrestag des Sions-Heiligtums in Sch\u00f6nstatt\" \/>\n<meta property=\"og:description\" content=\"Mit \u00fcber 100 Priester aus aller Welt, feierten die Sch\u00f6nstatt-Patres in Berg Sion. Ein Tag voller Gebet, Br\u00fcderlichkeit und Dankbarkeit.\" \/>\n<meta property=\"og:url\" content=\"https:\/\/schoenstatt.com\/de\/54-jahrestag-sion-heiligtum\/\" \/>\n<meta property=\"og:site_name\" content=\"Schoenstatt\" \/>\n<meta property=\"article:published_time\" content=\"2024-09-04T11:00:00+00:00\" \/>\n<meta property=\"article:modified_time\" content=\"2025-05-15T18:17:16+00:00\" \/>\n<meta property=\"og:image\" content=\"https:\/\/schoenstatt.com\/wp-content\/uploads\/2024\/09\/54th-anniversary-Sion-header-2.jpg\" \/>\n\t<meta property=\"og:image:width\" content=\"1600\" \/>\n\t<meta property=\"og:image:height\" content=\"900\" \/>\n\t<meta property=\"og:image:type\" content=\"image\/jpeg\" \/>\n<meta name=\"author\" content=\"Vanessa Franke\" \/>\n<meta name=\"twitter:card\" content=\"summary_large_image\" \/>\n<meta name=\"twitter:label1\" content=\"Verfasst von\" \/>\n\t<meta name=\"twitter:data1\" content=\"Vanessa Franke\" \/>\n\t<meta name=\"twitter:label2\" content=\"Gesch\u00e4tzte Lesezeit\" \/>\n\t<meta name=\"twitter:data2\" content=\"4\u00a0Minuten\" \/>\n<script type=\"application\/ld+json\" class=\"yoast-schema-graph\">{\"@context\":\"https:\\\/\\\/schema.org\",\"@graph\":[{\"@type\":\"Article\",\"@id\":\"https:\\\/\\\/schoenstatt.com\\\/de\\\/54-jahrestag-sion-heiligtum\\\/#article\",\"isPartOf\":{\"@id\":\"https:\\\/\\\/schoenstatt.com\\\/de\\\/54-jahrestag-sion-heiligtum\\\/\"},\"author\":{\"name\":\"Vanessa Franke\",\"@id\":\"https:\\\/\\\/schoenstatt.com\\\/de\\\/#\\\/schema\\\/person\\\/ea97a60c723e21c923e2177f0f3163f7\"},\"headline\":\"Gedenken an den 54. Jahrestag des Sions-Heiligtums in Sch\u00f6nstatt\",\"datePublished\":\"2024-09-04T11:00:00+00:00\",\"dateModified\":\"2025-05-15T18:17:16+00:00\",\"mainEntityOfPage\":{\"@id\":\"https:\\\/\\\/schoenstatt.com\\\/de\\\/54-jahrestag-sion-heiligtum\\\/\"},\"wordCount\":618,\"publisher\":{\"@id\":\"https:\\\/\\\/schoenstatt.com\\\/de\\\/#organization\"},\"image\":{\"@id\":\"https:\\\/\\\/schoenstatt.com\\\/de\\\/54-jahrestag-sion-heiligtum\\\/#primaryimage\"},\"thumbnailUrl\":\"https:\\\/\\\/schoenstatt.com\\\/wp-content\\\/uploads\\\/2024\\\/09\\\/54th-anniversary-Sion-header-2.jpg\",\"articleSection\":[\"Schoenstatt Gemeinschaften\"],\"inLanguage\":\"de\"},{\"@type\":\"WebPage\",\"@id\":\"https:\\\/\\\/schoenstatt.com\\\/de\\\/54-jahrestag-sion-heiligtum\\\/\",\"url\":\"https:\\\/\\\/schoenstatt.com\\\/de\\\/54-jahrestag-sion-heiligtum\\\/\",\"name\":\"Gedenken an den 54. Jahrestag des Sions-Heiligtums in Sch\u00f6nstatt - Schoenstatt\",\"isPartOf\":{\"@id\":\"https:\\\/\\\/schoenstatt.com\\\/de\\\/#website\"},\"primaryImageOfPage\":{\"@id\":\"https:\\\/\\\/schoenstatt.com\\\/de\\\/54-jahrestag-sion-heiligtum\\\/#primaryimage\"},\"image\":{\"@id\":\"https:\\\/\\\/schoenstatt.com\\\/de\\\/54-jahrestag-sion-heiligtum\\\/#primaryimage\"},\"thumbnailUrl\":\"https:\\\/\\\/schoenstatt.com\\\/wp-content\\\/uploads\\\/2024\\\/09\\\/54th-anniversary-Sion-header-2.jpg\",\"datePublished\":\"2024-09-04T11:00:00+00:00\",\"dateModified\":\"2025-05-15T18:17:16+00:00\",\"description\":\"Mit \u00fcber 100 Priester aus aller Welt, feierten die Sch\u00f6nstatt-Patres in Berg Sion. Ein Tag voller Gebet, Br\u00fcderlichkeit und Dankbarkeit.\",\"breadcrumb\":{\"@id\":\"https:\\\/\\\/schoenstatt.com\\\/de\\\/54-jahrestag-sion-heiligtum\\\/#breadcrumb\"},\"inLanguage\":\"de\",\"potentialAction\":[{\"@type\":\"ReadAction\",\"target\":[\"https:\\\/\\\/schoenstatt.com\\\/de\\\/54-jahrestag-sion-heiligtum\\\/\"]}]},{\"@type\":\"ImageObject\",\"inLanguage\":\"de\",\"@id\":\"https:\\\/\\\/schoenstatt.com\\\/de\\\/54-jahrestag-sion-heiligtum\\\/#primaryimage\",\"url\":\"https:\\\/\\\/schoenstatt.com\\\/wp-content\\\/uploads\\\/2024\\\/09\\\/54th-anniversary-Sion-header-2.jpg\",\"contentUrl\":\"https:\\\/\\\/schoenstatt.com\\\/wp-content\\\/uploads\\\/2024\\\/09\\\/54th-anniversary-Sion-header-2.jpg\",\"width\":1600,\"height\":900,\"caption\":\"54. Jahrestag Sion Heiligtum\"},{\"@type\":\"BreadcrumbList\",\"@id\":\"https:\\\/\\\/schoenstatt.com\\\/de\\\/54-jahrestag-sion-heiligtum\\\/#breadcrumb\",\"itemListElement\":[{\"@type\":\"ListItem\",\"position\":1,\"name\":\"Portada\",\"item\":\"https:\\\/\\\/schoenstatt.com\\\/de\\\/home\\\/\"},{\"@type\":\"ListItem\",\"position\":2,\"name\":\"Gedenken an den 54. Jahrestag des Sions-Heiligtums in Sch\u00f6nstatt\"}]},{\"@type\":\"WebSite\",\"@id\":\"https:\\\/\\\/schoenstatt.com\\\/de\\\/#website\",\"url\":\"https:\\\/\\\/schoenstatt.com\\\/de\\\/\",\"name\":\"Schoenstatt\",\"description\":\"Apostolic Movement\",\"publisher\":{\"@id\":\"https:\\\/\\\/schoenstatt.com\\\/de\\\/#organization\"},\"potentialAction\":[{\"@type\":\"SearchAction\",\"target\":{\"@type\":\"EntryPoint\",\"urlTemplate\":\"https:\\\/\\\/schoenstatt.com\\\/de\\\/?s={search_term_string}\"},\"query-input\":{\"@type\":\"PropertyValueSpecification\",\"valueRequired\":true,\"valueName\":\"search_term_string\"}}],\"inLanguage\":\"de\"},{\"@type\":\"Organization\",\"@id\":\"https:\\\/\\\/schoenstatt.com\\\/de\\\/#organization\",\"name\":\"Schoenstatt\",\"url\":\"https:\\\/\\\/schoenstatt.com\\\/de\\\/\",\"logo\":{\"@type\":\"ImageObject\",\"inLanguage\":\"de\",\"@id\":\"https:\\\/\\\/schoenstatt.com\\\/de\\\/#\\\/schema\\\/logo\\\/image\\\/\",\"url\":\"https:\\\/\\\/schoenstatt.com\\\/wp-content\\\/uploads\\\/2025\\\/04\\\/logo-schoenstatt-white-696x696-1.png\",\"contentUrl\":\"https:\\\/\\\/schoenstatt.com\\\/wp-content\\\/uploads\\\/2025\\\/04\\\/logo-schoenstatt-white-696x696-1.png\",\"width\":696,\"height\":694,\"caption\":\"Schoenstatt\"},\"image\":{\"@id\":\"https:\\\/\\\/schoenstatt.com\\\/de\\\/#\\\/schema\\\/logo\\\/image\\\/\"}},{\"@type\":\"Person\",\"@id\":\"https:\\\/\\\/schoenstatt.com\\\/de\\\/#\\\/schema\\\/person\\\/ea97a60c723e21c923e2177f0f3163f7\",\"name\":\"Vanessa Franke\",\"image\":{\"@type\":\"ImageObject\",\"inLanguage\":\"de\",\"@id\":\"https:\\\/\\\/secure.gravatar.com\\\/avatar\\\/a9bcca3409928ccd3195eca11e2ccbb2e5d7c7912e9a945d4f326f81a0a5cb4a?s=96&d=mm&r=g\",\"url\":\"https:\\\/\\\/secure.gravatar.com\\\/avatar\\\/a9bcca3409928ccd3195eca11e2ccbb2e5d7c7912e9a945d4f326f81a0a5cb4a?s=96&d=mm&r=g\",\"contentUrl\":\"https:\\\/\\\/secure.gravatar.com\\\/avatar\\\/a9bcca3409928ccd3195eca11e2ccbb2e5d7c7912e9a945d4f326f81a0a5cb4a?s=96&d=mm&r=g\",\"caption\":\"Vanessa Franke\"},\"url\":\"https:\\\/\\\/schoenstatt.com\\\/de\\\/author\\\/vanessa-franke\\\/\"}]}<\/script>\n<!-- \/ Yoast SEO Premium plugin. -->","yoast_head_json":{"title":"Gedenken an den 54. Jahrestag des Sions-Heiligtums in Sch\u00f6nstatt - Schoenstatt","description":"Mit \u00fcber 100 Priester aus aller Welt, feierten die Sch\u00f6nstatt-Patres in Berg Sion. Ein Tag voller Gebet, Br\u00fcderlichkeit und Dankbarkeit.","robots":{"index":"index","follow":"follow","max-snippet":"max-snippet:-1","max-image-preview":"max-image-preview:large","max-video-preview":"max-video-preview:-1"},"canonical":"https:\/\/schoenstatt.com\/de\/54-jahrestag-sion-heiligtum\/","og_locale":"de_DE","og_type":"article","og_title":"Gedenken an den 54. Jahrestag des Sions-Heiligtums in Sch\u00f6nstatt","og_description":"Mit \u00fcber 100 Priester aus aller Welt, feierten die Sch\u00f6nstatt-Patres in Berg Sion. Ein Tag voller Gebet, Br\u00fcderlichkeit und Dankbarkeit.","og_url":"https:\/\/schoenstatt.com\/de\/54-jahrestag-sion-heiligtum\/","og_site_name":"Schoenstatt","article_published_time":"2024-09-04T11:00:00+00:00","article_modified_time":"2025-05-15T18:17:16+00:00","og_image":[{"width":1600,"height":900,"url":"https:\/\/schoenstatt.com\/wp-content\/uploads\/2024\/09\/54th-anniversary-Sion-header-2.jpg","type":"image\/jpeg"}],"author":"Vanessa Franke","twitter_card":"summary_large_image","twitter_misc":{"Verfasst von":"Vanessa Franke","Gesch\u00e4tzte Lesezeit":"4\u00a0Minuten"},"schema":{"@context":"https:\/\/schema.org","@graph":[{"@type":"Article","@id":"https:\/\/schoenstatt.com\/de\/54-jahrestag-sion-heiligtum\/#article","isPartOf":{"@id":"https:\/\/schoenstatt.com\/de\/54-jahrestag-sion-heiligtum\/"},"author":{"name":"Vanessa Franke","@id":"https:\/\/schoenstatt.com\/de\/#\/schema\/person\/ea97a60c723e21c923e2177f0f3163f7"},"headline":"Gedenken an den 54. Jahrestag des Sions-Heiligtums in Sch\u00f6nstatt","datePublished":"2024-09-04T11:00:00+00:00","dateModified":"2025-05-15T18:17:16+00:00","mainEntityOfPage":{"@id":"https:\/\/schoenstatt.com\/de\/54-jahrestag-sion-heiligtum\/"},"wordCount":618,"publisher":{"@id":"https:\/\/schoenstatt.com\/de\/#organization"},"image":{"@id":"https:\/\/schoenstatt.com\/de\/54-jahrestag-sion-heiligtum\/#primaryimage"},"thumbnailUrl":"https:\/\/schoenstatt.com\/wp-content\/uploads\/2024\/09\/54th-anniversary-Sion-header-2.jpg","articleSection":["Schoenstatt Gemeinschaften"],"inLanguage":"de"},{"@type":"WebPage","@id":"https:\/\/schoenstatt.com\/de\/54-jahrestag-sion-heiligtum\/","url":"https:\/\/schoenstatt.com\/de\/54-jahrestag-sion-heiligtum\/","name":"Gedenken an den 54. Jahrestag des Sions-Heiligtums in Sch\u00f6nstatt - Schoenstatt","isPartOf":{"@id":"https:\/\/schoenstatt.com\/de\/#website"},"primaryImageOfPage":{"@id":"https:\/\/schoenstatt.com\/de\/54-jahrestag-sion-heiligtum\/#primaryimage"},"image":{"@id":"https:\/\/schoenstatt.com\/de\/54-jahrestag-sion-heiligtum\/#primaryimage"},"thumbnailUrl":"https:\/\/schoenstatt.com\/wp-content\/uploads\/2024\/09\/54th-anniversary-Sion-header-2.jpg","datePublished":"2024-09-04T11:00:00+00:00","dateModified":"2025-05-15T18:17:16+00:00","description":"Mit \u00fcber 100 Priester aus aller Welt, feierten die Sch\u00f6nstatt-Patres in Berg Sion. Ein Tag voller Gebet, Br\u00fcderlichkeit und Dankbarkeit.","breadcrumb":{"@id":"https:\/\/schoenstatt.com\/de\/54-jahrestag-sion-heiligtum\/#breadcrumb"},"inLanguage":"de","potentialAction":[{"@type":"ReadAction","target":["https:\/\/schoenstatt.com\/de\/54-jahrestag-sion-heiligtum\/"]}]},{"@type":"ImageObject","inLanguage":"de","@id":"https:\/\/schoenstatt.com\/de\/54-jahrestag-sion-heiligtum\/#primaryimage","url":"https:\/\/schoenstatt.com\/wp-content\/uploads\/2024\/09\/54th-anniversary-Sion-header-2.jpg","contentUrl":"https:\/\/schoenstatt.com\/wp-content\/uploads\/2024\/09\/54th-anniversary-Sion-header-2.jpg","width":1600,"height":900,"caption":"54. Jahrestag Sion Heiligtum"},{"@type":"BreadcrumbList","@id":"https:\/\/schoenstatt.com\/de\/54-jahrestag-sion-heiligtum\/#breadcrumb","itemListElement":[{"@type":"ListItem","position":1,"name":"Portada","item":"https:\/\/schoenstatt.com\/de\/home\/"},{"@type":"ListItem","position":2,"name":"Gedenken an den 54. Jahrestag des Sions-Heiligtums in Sch\u00f6nstatt"}]},{"@type":"WebSite","@id":"https:\/\/schoenstatt.com\/de\/#website","url":"https:\/\/schoenstatt.com\/de\/","name":"Schoenstatt","description":"Apostolic Movement","publisher":{"@id":"https:\/\/schoenstatt.com\/de\/#organization"},"potentialAction":[{"@type":"SearchAction","target":{"@type":"EntryPoint","urlTemplate":"https:\/\/schoenstatt.com\/de\/?s={search_term_string}"},"query-input":{"@type":"PropertyValueSpecification","valueRequired":true,"valueName":"search_term_string"}}],"inLanguage":"de"},{"@type":"Organization","@id":"https:\/\/schoenstatt.com\/de\/#organization","name":"Schoenstatt","url":"https:\/\/schoenstatt.com\/de\/","logo":{"@type":"ImageObject","inLanguage":"de","@id":"https:\/\/schoenstatt.com\/de\/#\/schema\/logo\/image\/","url":"https:\/\/schoenstatt.com\/wp-content\/uploads\/2025\/04\/logo-schoenstatt-white-696x696-1.png","contentUrl":"https:\/\/schoenstatt.com\/wp-content\/uploads\/2025\/04\/logo-schoenstatt-white-696x696-1.png","width":696,"height":694,"caption":"Schoenstatt"},"image":{"@id":"https:\/\/schoenstatt.com\/de\/#\/schema\/logo\/image\/"}},{"@type":"Person","@id":"https:\/\/schoenstatt.com\/de\/#\/schema\/person\/ea97a60c723e21c923e2177f0f3163f7","name":"Vanessa Franke","image":{"@type":"ImageObject","inLanguage":"de","@id":"https:\/\/secure.gravatar.com\/avatar\/a9bcca3409928ccd3195eca11e2ccbb2e5d7c7912e9a945d4f326f81a0a5cb4a?s=96&d=mm&r=g","url":"https:\/\/secure.gravatar.com\/avatar\/a9bcca3409928ccd3195eca11e2ccbb2e5d7c7912e9a945d4f326f81a0a5cb4a?s=96&d=mm&r=g","contentUrl":"https:\/\/secure.gravatar.com\/avatar\/a9bcca3409928ccd3195eca11e2ccbb2e5d7c7912e9a945d4f326f81a0a5cb4a?s=96&d=mm&r=g","caption":"Vanessa Franke"},"url":"https:\/\/schoenstatt.com\/de\/author\/vanessa-franke\/"}]}},"_links":{"self":[{"href":"https:\/\/schoenstatt.com\/de\/wp-json\/wp\/v2\/posts\/41021","targetHints":{"allow":["GET"]}}],"collection":[{"href":"https:\/\/schoenstatt.com\/de\/wp-json\/wp\/v2\/posts"}],"about":[{"href":"https:\/\/schoenstatt.com\/de\/wp-json\/wp\/v2\/types\/post"}],"author":[{"embeddable":true,"href":"https:\/\/schoenstatt.com\/de\/wp-json\/wp\/v2\/users\/6"}],"replies":[{"embeddable":true,"href":"https:\/\/schoenstatt.com\/de\/wp-json\/wp\/v2\/comments?post=41021"}],"version-history":[{"count":1,"href":"https:\/\/schoenstatt.com\/de\/wp-json\/wp\/v2\/posts\/41021\/revisions"}],"predecessor-version":[{"id":46994,"href":"https:\/\/schoenstatt.com\/de\/wp-json\/wp\/v2\/posts\/41021\/revisions\/46994"}],"wp:featuredmedia":[{"embeddable":true,"href":"https:\/\/schoenstatt.com\/de\/wp-json\/wp\/v2\/media\/40990"}],"wp:attachment":[{"href":"https:\/\/schoenstatt.com\/de\/wp-json\/wp\/v2\/media?parent=41021"}],"wp:term":[{"taxonomy":"category","embeddable":true,"href":"https:\/\/schoenstatt.com\/de\/wp-json\/wp\/v2\/categories?post=41021"},{"taxonomy":"post_tag","embeddable":true,"href":"https:\/\/schoenstatt.com\/de\/wp-json\/wp\/v2\/tags?post=41021"}],"curies":[{"name":"wp","href":"https:\/\/api.w.org\/{rel}","templated":true}]}}