{"id":40944,"date":"2024-08-29T03:03:00","date_gmt":"2024-08-29T01:03:00","guid":{"rendered":"https:\/\/schoenstatt.com\/?p=40944"},"modified":"2025-05-15T22:32:27","modified_gmt":"2025-05-15T20:32:27","slug":"ein-wochenende-bei-der-renovierung-unseres-hauses","status":"publish","type":"post","link":"https:\/\/schoenstatt.com\/de\/ein-wochenende-bei-der-renovierung-unseres-hauses\/","title":{"rendered":"Ein Wochenende bei der Renovierung unseres Hauses"},"content":{"rendered":"\n<p>Normalerweise wird das Urheiligtum alle zwei Jahre gestrichen. Die Feuchtigkeit und die gro\u00dfe Zahl der Kerzen machen dies notwendig.<\/p>\n\n\n\n<p>Wegen der verschiedenen Arbeiten zu Beginn des Jahres wurde beschlossen, diese Aktion auf den Sommer zu verschieben.<\/p>\n\n\n\n<p>Und das war auch n\u00f6tig! Diejenigen von uns, die jeden Tag zum Heiligtum kommen, waren es gewohnt, aber die Spuren der Kerzen wurden immer sichtbarer. Vor allem, wenn es an der Zeit war, die verschiedenen Figuren abzunehmen.<\/p>\n\n\n\n<p>Bisher war diese Arbeit immer von einer Firma gemacht worden, aber dieses Jahr war es etwas Besonderes. Es waren Mitglieder des <a href=\"https:\/\/schoenstatt.com\/de\/in-gemeinschaft\/famile\/institut-der-schoenstattfamilien\/\">Instituts der Sch\u00f6nstattfamilien<\/a> aus Tschechien, die sich bereit erkl\u00e4rt hatten, im Heiligtum zu arbeiten.<\/p>\n\n\n\n<figure class=\"wp-block-image size-large is-resized\"><img decoding=\"async\" src=\"https:\/\/schoenstatt.com\/wp-content\/uploads\/2024\/08\/reforma-santuario-original-768x1024.jpg\" alt=\"\" class=\"wp-image-40922\" style=\"width:541px;height:auto\"\/><\/figure>\n\n\n\n<h2 class=\"wp-block-heading\" id=\"h-ein-werk-mit-liebe-und-von-vielen-handen-gemacht\"><strong>Ein Werk, mit Liebe und von vielen H\u00e4nden gemacht<\/strong><\/h2>\n\n\n\n<p>Vor einigen Monaten begannen wir zu diskutieren und kamen zu dem Schluss, dass das letzte Augustwochenende die beste Zeit f\u00fcr diese Aktion sei.<\/p>\n\n\n\n<p>Das Institut der Sch\u00f6nstattfamilien stellte das Haus der Sch\u00f6nstattfamilien als Unterkunft zur Verf\u00fcgung, und Freiwillige halfen, das Heiligtum f\u00fcr die Arbeiten vorzubereiten.<\/p>\n\n\n\n<p>Am Donnerstag, dem 22. Juli, dem Tag Maria K\u00f6nigin, nach der heiligen Messe in spanischer Sprache und nachdem zwei Pilger das Liebesb\u00fcndnis mit der Gottesmutter geschlossen haben, halfen alle Anwesenden, den Altar abzubauen und die Figuren und B\u00e4nke aus dem Heiligtum zu tragen, um alles f\u00fcr den Beginn der Malerarbeiten am n\u00e4chsten Tag vorzubereiten. Es war eine sch\u00f6ne \u201eProzession\u201c der Mitglieder der verschiedenen Gemeinschaften, die das Heiligtum betraten und verlie\u00dfen, die verschiedenen Gegenst\u00e4nde in den H\u00e4nden haltend, um sie in der Sakristei zu deponieren.<\/p>\n\n\n\n<p>Das war eine einmalige Gelegenheit. Viele wollten sich mit dem Bild der Gottesmutter oder einer der anderen Figuren fotografieren lassen.<\/p>\n\n\n\n<figure class=\"wp-block-image size-large is-resized\"><img decoding=\"async\" src=\"https:\/\/schoenstatt.com\/wp-content\/uploads\/2024\/08\/reforma-santuario-original-3-768x1024.jpg\" alt=\"\" class=\"wp-image-40926\" style=\"width:639px;height:auto\"\/><\/figure>\n\n\n\n<p>Neben den Malerarbeiten wurden auch Kronleuchter, Fenster, Glocken und andere Gegenst\u00e4nde gereinigt. Alles wurde blitzblank hinterlassen.<\/p>\n\n\n\n<p>Am Samstagnachmittag wurde alles wieder aufgebaut. Wieder gab es die gleiche \u201eProzession\u201c, diesmal von der Sakristei zum Heiligtum. Auch eine Familie aus Mexiko und eine aus Spanien, die auf der Durchreise waren, halfen begeistert mit.<\/p>\n\n\n\n<h2 class=\"wp-block-heading\" id=\"h-paare-aus-tschechien-berichten-von-ihren-erfahrungen\"><strong>Paare aus Tschechien berichten von ihren Erfahrungen<\/strong><\/h2>\n\n\n\n<p>Hier ein Bericht von Familien, die aus Tschechien angereist sind.<\/p>\n\n\n\n<p>Veronika und Petr Zborn\u00edk<br>(Bohunka) und Hynek Sladk\u00fd<br>(Martina) und Marek Pur<\/p>\n\n\n\n<figure class=\"wp-block-image size-large\"><img decoding=\"async\" src=\"https:\/\/schoenstatt.com\/wp-content\/uploads\/2024\/08\/reforma-santuario-original-4-1024x768.jpg\" alt=\"\" class=\"wp-image-40934\"\/><\/figure>\n\n\n\n<h3 class=\"wp-block-heading\" id=\"h-woher-kommen-sie\"><strong>Woher kommen Sie?<\/strong><\/h3>\n\n\n\n<p>Wir sind aus Tschechien, Mitglieder der tschechischen Delegation des Instituts der Sch\u00f6nstattfamilien. Geographisch gesehen sind wir (in alphabetischer Reihenfolge) aus Jablonec nad Nisou, Liberec und Prag.<\/p>\n\n\n\n<h3 class=\"wp-block-heading\" id=\"h-warum-sind-sie-so-weit-gereist-um-das-urheiligtum-zu-streichen\"><strong>Warum sind sie so weit gereist, um das Urheiligtum zu streichen?<\/strong><\/h3>\n\n\n\n<p>Im Fr\u00fchjahr dieses Jahres kontaktierten unsere Generalassistenten (<a href=\"https:\/\/schoenstatt.com\/de\/das-institut-der-familien-wahlt-seine-neue-generalleitung\/\">jetzt Generaloberen<\/a>), Cristina und Rafa Mu\u00f1oz, unsere Delegation und fragten, ob wir die Aufgabe \u00fcbernehmen w\u00fcrden, das Urheiligtum zu streichen. Wir fragten die Mitglieder der Delegation, und vier Personen meldeten sich (ein Ehepaar, Veronika und Petr, und zwei M\u00e4nner, Hynek und Marek, deren Ehefrauen aus beruflichen Gr\u00fcnden nicht teilnehmen konnten).<\/p>\n\n\n\n<p>Seit Beginn unserer Delegation (vor fast 25 Jahren) haben wir uns verpflichtet, f\u00fcr Berg Nazareth in Sch\u00f6nstatt zu arbeiten. Jedes Jahr schickten wir eine oder zwei Familien f\u00fcr eine Woche nach Sch\u00f6nstatt, um bei der Arbeit rund um das Haus Nazareth oder das Haus der Familie zu helfen. Diese Verpflichtung ist mit der Zeit verblasst, aber die Arbeit in Sch\u00f6nstatt ist immer noch Teil der DNA unserer Delegation.<\/p>\n\n\n\n<h3 class=\"wp-block-heading\" id=\"h-was-hat-es-fur-sie-bedeutet-an-dieser-aktion-teilzunehmen\"><strong>Was hat es f\u00fcr Sie bedeutet, an dieser Aktion teilzunehmen?<\/strong><\/h3>\n\n\n\n<p><strong>Veronika und Petr:<\/strong><br>Beitrag zum <a href=\"https:\/\/schoenstatt.com\/de\/spiritualitaet\/das-liebesbuendnis\/gnadenkapital\/\">Gnadenkapital<\/a>. Gleichzeitig wurde uns bewusst, wie anspruchsvoll es ist, sich um das Urheiligtum zu k\u00fcmmern, was es alles bedeutet, und wir hatten auch die M\u00f6glichkeit, hinter die Kulissen des Heiligtums zu schauen (was dort materiell und geistig verborgen ist). Das Heiligtum ist f\u00fcr uns ein Haus, das von beiden Seiten gepflegt werden muss. Unsere Mutter sorgt f\u00fcr uns, und wir k\u00f6nnen ihr helfen, f\u00fcr ihr Heiligtum zu sorgen. Mit unserem kleinen Beitrag k\u00f6nnen wir ihr helfen, vom Urheiligtum aus die Welt zu ver\u00e4ndern.<\/p>\n\n\n\n<p><strong>Hynek:<\/strong><br>Es ist mir eine gro\u00dfe Freude, bei der Pflege des Urheiligtums mithelfen zu k\u00f6nnen. Es ist mir ein Bed\u00fcrfnis, bei der Pflege des Urheiligtums mitzuhelfen. Es ist ein Teil meines Herzens. Und die Zeit in Sch\u00f6nstatt ist f\u00fcr mich sehr sch\u00f6n.<\/p>\n\n\n\n<p><strong>Marek:<\/strong><br>Eigentlich war ich der Erste, der sich angemeldet hat (weil wir zuerst von Cristinas und Rafas Anfrage geh\u00f6rt haben). Wir haben das mit meiner Frau besprochen und es war klar, dass ich alleine fahren musste, da sie keinen Urlaub nehmen konnte. Gleichzeitig hatte ich das Gef\u00fchl, dass ich mit gutem Beispiel vorangehen und mich nicht zur\u00fcckhalten sollte, wenn wir wollten, dass die Delegationsmitglieder so etwas machen. Nach und nach wurde mir auch klar, dass dies eine einzigartige Gelegenheit war, unsere Wurzeln zu ber\u00fchren und eine noch tiefere Verbindung zu unserem Gr\u00fcndungsort herzustellen.<\/p>\n\n\n\n<p>Es war eine sehr sch\u00f6ne und tiefe Erfahrung, f\u00fcr unsere Mutter zu arbeiten, das Urheiligtum ohne Inventar zu sehen, die Namen auf der R\u00fcckseite des Altars zu lesen, die Geschichte unserer Bewegung zu ber\u00fchren, \u2026 die Menschen zu treffen und mit ihnen zu arbeiten &#8211; Pater Ignatius (Rektor des Urheiligtums), Bernadette und Norbert Weweler (Sakristane des Urheiligtums) und viele andere. Das waren gro\u00dfe Momente f\u00fcr mich. Ich habe noch nie so viel Zeit im Urheiligtum verbracht.<\/p>\n\n\n\n<p class=\"has-text-align-center\"><strong><a href=\"https:\/\/flic.kr\/s\/aHBqjBFcFH\" target=\"_blank\" rel=\"noreferrer noopener\">Mehr Fotos<\/a><\/strong><\/p>\n\n\n\n<h2 class=\"wp-block-heading\" id=\"h-dankbarkeit\"><strong>Dankbarkeit<\/strong><\/h2>\n\n\n\n<p>An dieser Stelle m\u00f6chte ich den Br\u00fcdern aus Tschechien und allen, die an dieser Aktion beteiligt waren, danken.<\/p>\n\n\n\n<p>Es war nicht nur das Heiligtum, das angestrichen wurde; es war eine gro\u00dfe Einladung, uns selbst zu erneuern in dem Wert, den es hat. Das Beispiel dieser Familien, die so einfach ihre Zeit geschenkt haben, l\u00e4dt uns ein, wieder mit gr\u00f6\u00dferer \u00dcberzeugung zu sagen: \u201eNichts ohne dich, nichts ohne uns.\u201c<\/p>\n\n\n\n<p><strong>\u00dcbersetzung: <\/strong>Sr. M. Lourdes Mac\u00edas<br><strong>Lektorat: <\/strong>Hildegard Kaiser<\/p>\n","protected":false},"excerpt":{"rendered":"<p>Das Urheiligtum wurde mit Hilfe vieler Menschen, vor allem Ehepaaren aus dem Institut der Familien in der Tschechien, gemalt.<\/p>\n","protected":false},"author":3,"featured_media":40929,"comment_status":"closed","ping_status":"closed","sticky":false,"template":"","format":"standard","meta":{"footnotes":""},"categories":[899],"tags":[],"class_list":["post-40944","post","type-post","status-publish","format-standard","has-post-thumbnail","hentry","category-urheiligtum-de"],"yoast_head":"<!-- This site is optimized with the Yoast SEO Premium plugin v27.4 (Yoast SEO v27.5) - https:\/\/yoast.com\/product\/yoast-seo-premium-wordpress\/ -->\n<title>Ein Wochenende bei der Renovierung unseres Hauses - Schoenstatt<\/title>\n<meta name=\"description\" content=\"Das Urheiligtum wurde mit Hilfe vieler Menschen, vor allem Ehepaaren aus dem Institut der Familien in der Tschechien, gemalt.\" \/>\n<meta name=\"robots\" content=\"index, follow, max-snippet:-1, max-image-preview:large, max-video-preview:-1\" \/>\n<link rel=\"canonical\" href=\"https:\/\/schoenstatt.com\/de\/ein-wochenende-bei-der-renovierung-unseres-hauses\/\" \/>\n<meta property=\"og:locale\" content=\"de_DE\" \/>\n<meta property=\"og:type\" content=\"article\" \/>\n<meta property=\"og:title\" content=\"Ein Wochenende bei der Renovierung unseres Hauses\" \/>\n<meta property=\"og:description\" content=\"Das Urheiligtum wurde mit Hilfe vieler Menschen, vor allem Ehepaaren aus dem Institut der Familien in der Tschechien, gemalt.\" \/>\n<meta property=\"og:url\" content=\"https:\/\/schoenstatt.com\/de\/ein-wochenende-bei-der-renovierung-unseres-hauses\/\" \/>\n<meta property=\"og:site_name\" content=\"Schoenstatt\" \/>\n<meta property=\"article:published_time\" content=\"2024-08-29T01:03:00+00:00\" \/>\n<meta property=\"article:modified_time\" content=\"2025-05-15T20:32:27+00:00\" \/>\n<meta property=\"og:image\" content=\"https:\/\/schoenstatt.com\/wp-content\/uploads\/2024\/08\/reforma-santuario-original-2-1.jpg\" \/>\n\t<meta property=\"og:image:width\" content=\"2048\" \/>\n\t<meta property=\"og:image:height\" content=\"1282\" \/>\n\t<meta property=\"og:image:type\" content=\"image\/jpeg\" \/>\n<meta name=\"author\" content=\"Karen Bueno\" \/>\n<meta name=\"twitter:card\" content=\"summary_large_image\" \/>\n<meta name=\"twitter:label1\" content=\"Verfasst von\" \/>\n\t<meta name=\"twitter:data1\" content=\"Karen Bueno\" \/>\n\t<meta name=\"twitter:label2\" content=\"Gesch\u00e4tzte Lesezeit\" \/>\n\t<meta name=\"twitter:data2\" content=\"5\u00a0Minuten\" \/>\n<script type=\"application\/ld+json\" class=\"yoast-schema-graph\">{\"@context\":\"https:\\\/\\\/schema.org\",\"@graph\":[{\"@type\":\"Article\",\"@id\":\"https:\\\/\\\/schoenstatt.com\\\/de\\\/ein-wochenende-bei-der-renovierung-unseres-hauses\\\/#article\",\"isPartOf\":{\"@id\":\"https:\\\/\\\/schoenstatt.com\\\/de\\\/ein-wochenende-bei-der-renovierung-unseres-hauses\\\/\"},\"author\":{\"name\":\"Karen Bueno\",\"@id\":\"https:\\\/\\\/schoenstatt.com\\\/de\\\/#\\\/schema\\\/person\\\/5158877ad4acae98b34daaeef2a1ce6e\"},\"headline\":\"Ein Wochenende bei der Renovierung unseres Hauses\",\"datePublished\":\"2024-08-29T01:03:00+00:00\",\"dateModified\":\"2025-05-15T20:32:27+00:00\",\"mainEntityOfPage\":{\"@id\":\"https:\\\/\\\/schoenstatt.com\\\/de\\\/ein-wochenende-bei-der-renovierung-unseres-hauses\\\/\"},\"wordCount\":967,\"publisher\":{\"@id\":\"https:\\\/\\\/schoenstatt.com\\\/de\\\/#organization\"},\"image\":{\"@id\":\"https:\\\/\\\/schoenstatt.com\\\/de\\\/ein-wochenende-bei-der-renovierung-unseres-hauses\\\/#primaryimage\"},\"thumbnailUrl\":\"https:\\\/\\\/schoenstatt.com\\\/wp-content\\\/uploads\\\/2024\\\/08\\\/reforma-santuario-original-2-1.jpg\",\"articleSection\":[\"Urheiligtum\"],\"inLanguage\":\"de\"},{\"@type\":\"WebPage\",\"@id\":\"https:\\\/\\\/schoenstatt.com\\\/de\\\/ein-wochenende-bei-der-renovierung-unseres-hauses\\\/\",\"url\":\"https:\\\/\\\/schoenstatt.com\\\/de\\\/ein-wochenende-bei-der-renovierung-unseres-hauses\\\/\",\"name\":\"Ein Wochenende bei der Renovierung unseres Hauses - Schoenstatt\",\"isPartOf\":{\"@id\":\"https:\\\/\\\/schoenstatt.com\\\/de\\\/#website\"},\"primaryImageOfPage\":{\"@id\":\"https:\\\/\\\/schoenstatt.com\\\/de\\\/ein-wochenende-bei-der-renovierung-unseres-hauses\\\/#primaryimage\"},\"image\":{\"@id\":\"https:\\\/\\\/schoenstatt.com\\\/de\\\/ein-wochenende-bei-der-renovierung-unseres-hauses\\\/#primaryimage\"},\"thumbnailUrl\":\"https:\\\/\\\/schoenstatt.com\\\/wp-content\\\/uploads\\\/2024\\\/08\\\/reforma-santuario-original-2-1.jpg\",\"datePublished\":\"2024-08-29T01:03:00+00:00\",\"dateModified\":\"2025-05-15T20:32:27+00:00\",\"description\":\"Das Urheiligtum wurde mit Hilfe vieler Menschen, vor allem Ehepaaren aus dem Institut der Familien in der Tschechien, gemalt.\",\"breadcrumb\":{\"@id\":\"https:\\\/\\\/schoenstatt.com\\\/de\\\/ein-wochenende-bei-der-renovierung-unseres-hauses\\\/#breadcrumb\"},\"inLanguage\":\"de\",\"potentialAction\":[{\"@type\":\"ReadAction\",\"target\":[\"https:\\\/\\\/schoenstatt.com\\\/de\\\/ein-wochenende-bei-der-renovierung-unseres-hauses\\\/\"]}]},{\"@type\":\"ImageObject\",\"inLanguage\":\"de\",\"@id\":\"https:\\\/\\\/schoenstatt.com\\\/de\\\/ein-wochenende-bei-der-renovierung-unseres-hauses\\\/#primaryimage\",\"url\":\"https:\\\/\\\/schoenstatt.com\\\/wp-content\\\/uploads\\\/2024\\\/08\\\/reforma-santuario-original-2-1.jpg\",\"contentUrl\":\"https:\\\/\\\/schoenstatt.com\\\/wp-content\\\/uploads\\\/2024\\\/08\\\/reforma-santuario-original-2-1.jpg\",\"width\":2048,\"height\":1282},{\"@type\":\"BreadcrumbList\",\"@id\":\"https:\\\/\\\/schoenstatt.com\\\/de\\\/ein-wochenende-bei-der-renovierung-unseres-hauses\\\/#breadcrumb\",\"itemListElement\":[{\"@type\":\"ListItem\",\"position\":1,\"name\":\"Portada\",\"item\":\"https:\\\/\\\/schoenstatt.com\\\/de\\\/home\\\/\"},{\"@type\":\"ListItem\",\"position\":2,\"name\":\"Ein Wochenende bei der Renovierung unseres Hauses\"}]},{\"@type\":\"WebSite\",\"@id\":\"https:\\\/\\\/schoenstatt.com\\\/de\\\/#website\",\"url\":\"https:\\\/\\\/schoenstatt.com\\\/de\\\/\",\"name\":\"Schoenstatt\",\"description\":\"Apostolic Movement\",\"publisher\":{\"@id\":\"https:\\\/\\\/schoenstatt.com\\\/de\\\/#organization\"},\"potentialAction\":[{\"@type\":\"SearchAction\",\"target\":{\"@type\":\"EntryPoint\",\"urlTemplate\":\"https:\\\/\\\/schoenstatt.com\\\/de\\\/?s={search_term_string}\"},\"query-input\":{\"@type\":\"PropertyValueSpecification\",\"valueRequired\":true,\"valueName\":\"search_term_string\"}}],\"inLanguage\":\"de\"},{\"@type\":\"Organization\",\"@id\":\"https:\\\/\\\/schoenstatt.com\\\/de\\\/#organization\",\"name\":\"Schoenstatt\",\"url\":\"https:\\\/\\\/schoenstatt.com\\\/de\\\/\",\"logo\":{\"@type\":\"ImageObject\",\"inLanguage\":\"de\",\"@id\":\"https:\\\/\\\/schoenstatt.com\\\/de\\\/#\\\/schema\\\/logo\\\/image\\\/\",\"url\":\"https:\\\/\\\/schoenstatt.com\\\/wp-content\\\/uploads\\\/2025\\\/04\\\/logo-schoenstatt-white-696x696-1.png\",\"contentUrl\":\"https:\\\/\\\/schoenstatt.com\\\/wp-content\\\/uploads\\\/2025\\\/04\\\/logo-schoenstatt-white-696x696-1.png\",\"width\":696,\"height\":694,\"caption\":\"Schoenstatt\"},\"image\":{\"@id\":\"https:\\\/\\\/schoenstatt.com\\\/de\\\/#\\\/schema\\\/logo\\\/image\\\/\"}},{\"@type\":\"Person\",\"@id\":\"https:\\\/\\\/schoenstatt.com\\\/de\\\/#\\\/schema\\\/person\\\/5158877ad4acae98b34daaeef2a1ce6e\",\"name\":\"Karen Bueno\",\"image\":{\"@type\":\"ImageObject\",\"inLanguage\":\"de\",\"@id\":\"https:\\\/\\\/secure.gravatar.com\\\/avatar\\\/f9f4b823873154269d2b2130f195f6d41037dd0d7fc5f3cacb5c846bae70d66b?s=96&d=mm&r=g\",\"url\":\"https:\\\/\\\/secure.gravatar.com\\\/avatar\\\/f9f4b823873154269d2b2130f195f6d41037dd0d7fc5f3cacb5c846bae70d66b?s=96&d=mm&r=g\",\"contentUrl\":\"https:\\\/\\\/secure.gravatar.com\\\/avatar\\\/f9f4b823873154269d2b2130f195f6d41037dd0d7fc5f3cacb5c846bae70d66b?s=96&d=mm&r=g\",\"caption\":\"Karen Bueno\"},\"url\":\"https:\\\/\\\/schoenstatt.com\\\/de\\\/author\\\/karen-bueno\\\/\"}]}<\/script>\n<!-- \/ Yoast SEO Premium plugin. -->","yoast_head_json":{"title":"Ein Wochenende bei der Renovierung unseres Hauses - Schoenstatt","description":"Das Urheiligtum wurde mit Hilfe vieler Menschen, vor allem Ehepaaren aus dem Institut der Familien in der Tschechien, gemalt.","robots":{"index":"index","follow":"follow","max-snippet":"max-snippet:-1","max-image-preview":"max-image-preview:large","max-video-preview":"max-video-preview:-1"},"canonical":"https:\/\/schoenstatt.com\/de\/ein-wochenende-bei-der-renovierung-unseres-hauses\/","og_locale":"de_DE","og_type":"article","og_title":"Ein Wochenende bei der Renovierung unseres Hauses","og_description":"Das Urheiligtum wurde mit Hilfe vieler Menschen, vor allem Ehepaaren aus dem Institut der Familien in der Tschechien, gemalt.","og_url":"https:\/\/schoenstatt.com\/de\/ein-wochenende-bei-der-renovierung-unseres-hauses\/","og_site_name":"Schoenstatt","article_published_time":"2024-08-29T01:03:00+00:00","article_modified_time":"2025-05-15T20:32:27+00:00","og_image":[{"width":2048,"height":1282,"url":"https:\/\/schoenstatt.com\/wp-content\/uploads\/2024\/08\/reforma-santuario-original-2-1.jpg","type":"image\/jpeg"}],"author":"Karen Bueno","twitter_card":"summary_large_image","twitter_misc":{"Verfasst von":"Karen Bueno","Gesch\u00e4tzte Lesezeit":"5\u00a0Minuten"},"schema":{"@context":"https:\/\/schema.org","@graph":[{"@type":"Article","@id":"https:\/\/schoenstatt.com\/de\/ein-wochenende-bei-der-renovierung-unseres-hauses\/#article","isPartOf":{"@id":"https:\/\/schoenstatt.com\/de\/ein-wochenende-bei-der-renovierung-unseres-hauses\/"},"author":{"name":"Karen Bueno","@id":"https:\/\/schoenstatt.com\/de\/#\/schema\/person\/5158877ad4acae98b34daaeef2a1ce6e"},"headline":"Ein Wochenende bei der Renovierung unseres Hauses","datePublished":"2024-08-29T01:03:00+00:00","dateModified":"2025-05-15T20:32:27+00:00","mainEntityOfPage":{"@id":"https:\/\/schoenstatt.com\/de\/ein-wochenende-bei-der-renovierung-unseres-hauses\/"},"wordCount":967,"publisher":{"@id":"https:\/\/schoenstatt.com\/de\/#organization"},"image":{"@id":"https:\/\/schoenstatt.com\/de\/ein-wochenende-bei-der-renovierung-unseres-hauses\/#primaryimage"},"thumbnailUrl":"https:\/\/schoenstatt.com\/wp-content\/uploads\/2024\/08\/reforma-santuario-original-2-1.jpg","articleSection":["Urheiligtum"],"inLanguage":"de"},{"@type":"WebPage","@id":"https:\/\/schoenstatt.com\/de\/ein-wochenende-bei-der-renovierung-unseres-hauses\/","url":"https:\/\/schoenstatt.com\/de\/ein-wochenende-bei-der-renovierung-unseres-hauses\/","name":"Ein Wochenende bei der Renovierung unseres Hauses - Schoenstatt","isPartOf":{"@id":"https:\/\/schoenstatt.com\/de\/#website"},"primaryImageOfPage":{"@id":"https:\/\/schoenstatt.com\/de\/ein-wochenende-bei-der-renovierung-unseres-hauses\/#primaryimage"},"image":{"@id":"https:\/\/schoenstatt.com\/de\/ein-wochenende-bei-der-renovierung-unseres-hauses\/#primaryimage"},"thumbnailUrl":"https:\/\/schoenstatt.com\/wp-content\/uploads\/2024\/08\/reforma-santuario-original-2-1.jpg","datePublished":"2024-08-29T01:03:00+00:00","dateModified":"2025-05-15T20:32:27+00:00","description":"Das Urheiligtum wurde mit Hilfe vieler Menschen, vor allem Ehepaaren aus dem Institut der Familien in der Tschechien, gemalt.","breadcrumb":{"@id":"https:\/\/schoenstatt.com\/de\/ein-wochenende-bei-der-renovierung-unseres-hauses\/#breadcrumb"},"inLanguage":"de","potentialAction":[{"@type":"ReadAction","target":["https:\/\/schoenstatt.com\/de\/ein-wochenende-bei-der-renovierung-unseres-hauses\/"]}]},{"@type":"ImageObject","inLanguage":"de","@id":"https:\/\/schoenstatt.com\/de\/ein-wochenende-bei-der-renovierung-unseres-hauses\/#primaryimage","url":"https:\/\/schoenstatt.com\/wp-content\/uploads\/2024\/08\/reforma-santuario-original-2-1.jpg","contentUrl":"https:\/\/schoenstatt.com\/wp-content\/uploads\/2024\/08\/reforma-santuario-original-2-1.jpg","width":2048,"height":1282},{"@type":"BreadcrumbList","@id":"https:\/\/schoenstatt.com\/de\/ein-wochenende-bei-der-renovierung-unseres-hauses\/#breadcrumb","itemListElement":[{"@type":"ListItem","position":1,"name":"Portada","item":"https:\/\/schoenstatt.com\/de\/home\/"},{"@type":"ListItem","position":2,"name":"Ein Wochenende bei der Renovierung unseres Hauses"}]},{"@type":"WebSite","@id":"https:\/\/schoenstatt.com\/de\/#website","url":"https:\/\/schoenstatt.com\/de\/","name":"Schoenstatt","description":"Apostolic Movement","publisher":{"@id":"https:\/\/schoenstatt.com\/de\/#organization"},"potentialAction":[{"@type":"SearchAction","target":{"@type":"EntryPoint","urlTemplate":"https:\/\/schoenstatt.com\/de\/?s={search_term_string}"},"query-input":{"@type":"PropertyValueSpecification","valueRequired":true,"valueName":"search_term_string"}}],"inLanguage":"de"},{"@type":"Organization","@id":"https:\/\/schoenstatt.com\/de\/#organization","name":"Schoenstatt","url":"https:\/\/schoenstatt.com\/de\/","logo":{"@type":"ImageObject","inLanguage":"de","@id":"https:\/\/schoenstatt.com\/de\/#\/schema\/logo\/image\/","url":"https:\/\/schoenstatt.com\/wp-content\/uploads\/2025\/04\/logo-schoenstatt-white-696x696-1.png","contentUrl":"https:\/\/schoenstatt.com\/wp-content\/uploads\/2025\/04\/logo-schoenstatt-white-696x696-1.png","width":696,"height":694,"caption":"Schoenstatt"},"image":{"@id":"https:\/\/schoenstatt.com\/de\/#\/schema\/logo\/image\/"}},{"@type":"Person","@id":"https:\/\/schoenstatt.com\/de\/#\/schema\/person\/5158877ad4acae98b34daaeef2a1ce6e","name":"Karen Bueno","image":{"@type":"ImageObject","inLanguage":"de","@id":"https:\/\/secure.gravatar.com\/avatar\/f9f4b823873154269d2b2130f195f6d41037dd0d7fc5f3cacb5c846bae70d66b?s=96&d=mm&r=g","url":"https:\/\/secure.gravatar.com\/avatar\/f9f4b823873154269d2b2130f195f6d41037dd0d7fc5f3cacb5c846bae70d66b?s=96&d=mm&r=g","contentUrl":"https:\/\/secure.gravatar.com\/avatar\/f9f4b823873154269d2b2130f195f6d41037dd0d7fc5f3cacb5c846bae70d66b?s=96&d=mm&r=g","caption":"Karen Bueno"},"url":"https:\/\/schoenstatt.com\/de\/author\/karen-bueno\/"}]}},"_links":{"self":[{"href":"https:\/\/schoenstatt.com\/de\/wp-json\/wp\/v2\/posts\/40944","targetHints":{"allow":["GET"]}}],"collection":[{"href":"https:\/\/schoenstatt.com\/de\/wp-json\/wp\/v2\/posts"}],"about":[{"href":"https:\/\/schoenstatt.com\/de\/wp-json\/wp\/v2\/types\/post"}],"author":[{"embeddable":true,"href":"https:\/\/schoenstatt.com\/de\/wp-json\/wp\/v2\/users\/3"}],"replies":[{"embeddable":true,"href":"https:\/\/schoenstatt.com\/de\/wp-json\/wp\/v2\/comments?post=40944"}],"version-history":[{"count":1,"href":"https:\/\/schoenstatt.com\/de\/wp-json\/wp\/v2\/posts\/40944\/revisions"}],"predecessor-version":[{"id":46987,"href":"https:\/\/schoenstatt.com\/de\/wp-json\/wp\/v2\/posts\/40944\/revisions\/46987"}],"wp:featuredmedia":[{"embeddable":true,"href":"https:\/\/schoenstatt.com\/de\/wp-json\/wp\/v2\/media\/40929"}],"wp:attachment":[{"href":"https:\/\/schoenstatt.com\/de\/wp-json\/wp\/v2\/media?parent=40944"}],"wp:term":[{"taxonomy":"category","embeddable":true,"href":"https:\/\/schoenstatt.com\/de\/wp-json\/wp\/v2\/categories?post=40944"},{"taxonomy":"post_tag","embeddable":true,"href":"https:\/\/schoenstatt.com\/de\/wp-json\/wp\/v2\/tags?post=40944"}],"curies":[{"name":"wp","href":"https:\/\/api.w.org\/{rel}","templated":true}]}}