{"id":40915,"date":"2024-08-28T11:14:35","date_gmt":"2024-08-28T09:14:35","guid":{"rendered":"https:\/\/schoenstatt.com\/?p=40915"},"modified":"2025-05-15T22:32:28","modified_gmt":"2025-05-15T20:32:28","slug":"internationales-fest-der-begegnung-bringt-verschiedene-nationen-in-schoenstatt-zusammen","status":"publish","type":"post","link":"https:\/\/schoenstatt.com\/de\/internationales-fest-der-begegnung-bringt-verschiedene-nationen-in-schoenstatt-zusammen\/","title":{"rendered":"Internationales Fest der Begegnung bringt verschiedene Nationen in Sch\u00f6nstatt zusammen"},"content":{"rendered":"\n<p>\u201eAlle machen mit\u201c, das ist es, was die Menschen beim traditionellen internationalen Fest der Begegnung in Sch\u00f6nstatt verbindet: die verschiedenen Generationen, die unterschiedlichen Nationalit\u00e4ten und Sprachgruppen, die Intensiv-Sch\u00f6nst\u00e4tter und Sch\u00f6nstatt-Sympathisanten, die Ortsans\u00e4ssigen aus Vallendar und die aus Regensburg, Mainz, Frankfurt, Luxemburg etc. angereisten Mitwirkenden. \u201eAtmosph\u00e4re\u201c und \u201eGemeinschaft\u201c werden oft als Stichworte genannt, um zu benennen, was dieses Fest ausmacht.<\/p>\n\n\n\n<h2 class=\"wp-block-heading\" id=\"h-alle-machen-mit\"><strong>Alle machen mit<\/strong><\/h2>\n\n\n\n<p>Das Fest lebt vom vielf\u00e4ltigen Einsatz ganz verschiedener Personen und Gruppen \u2013 und auf ganz verschiedenen Ebenen. Das gibt ihm seine besondere Atmosph\u00e4re. \u201eDanke, dass wir dabei sein d\u00fcrfen\u201c, bedanken sich die zwei aus Brasilien stammenden Ehepaare, die in Luxemburg leben und wieder im Voraus zum Helfereinsatz angereist sind.<\/p>\n\n\n\n<figure class=\"wp-block-image size-full\"><img decoding=\"async\" src=\"https:\/\/schoenstatt.com\/wp-content\/uploads\/2024\/08\/International-Encounter-Festival-Fest-der-Begegnung-Schoenstatt-4.jpg\" alt=\"\" class=\"wp-image-40912\"\/><figcaption class=\"wp-element-caption\">Die \u201eKuckuckspolka\u201c lockt viele zum Mitmachen auf die Tanzfl\u00e4che (Foto: PZ)<\/figcaption><\/figure>\n\n\n\n<p>Die Lied- und Tanzbeitr\u00e4ge aus Peru und Chile, von den Philippinen, aus Bulgarien und Deutschland werden mit Applaus honoriert. Auch die verschiedenen T\u00e4nze zum Mitmachen werden gerne wahrgenommen \u2013 bis hin zur Kuckuckspolka. Ricardo Filho, in Luxemburg lebender Brasilianer, hat die Anfrage f\u00fcr die Moderation zugesagt, obwohl f\u00fcr den n\u00e4chsten Tag der Flug mit seiner Familie nach Brasilien geplant ist. Er k\u00f6nne der Gottesmutter nichts abschlagen, er habe das Liebesb\u00fcndnis geschlossen. Auch die vertrauensvolle Gelassenheit \u201eGib dem lieben Gott noch eine Stunde Zeit\u201c beim Nieselregen am Morgen strahlt aus.<\/p>\n\n\n\n<h2 class=\"wp-block-heading\" id=\"h-begegnung\"><strong>Begegnung<\/strong><\/h2>\n\n\n\n<p>Das Fest lebt vor allem auch von den verschiedenen Ebenen der Begegnung: Begegnung mit den Nationalit\u00e4ten der G\u00e4ste, Begegnung mit den Kulturen der Mitwirkenden, pers\u00f6nliche Begegnung mittendrin.<\/p>\n\n\n\n<figure class=\"wp-block-image size-full\"><img decoding=\"async\" src=\"https:\/\/schoenstatt.com\/wp-content\/uploads\/2024\/08\/International-Encounter-Festival-Fest-der-Begegnung-Schoenstatt-3.jpg\" alt=\"\" class=\"wp-image-40908\"\/><figcaption class=\"wp-element-caption\">Drehorgelspieler Herbert Wirtz pr\u00e4gt die Atmosph\u00e4re mit (Foto: PZ)<\/figcaption><\/figure>\n\n\n\n<p>Dass durch Herbert Wirtz, aus der N\u00e4he von Gymnich, erstmals Drehorgelorgelmusik erklingt, f\u00f6rdert das Moment der Begegnung sehr. Es gibt dem Fest einen Hauch von Gem\u00fctlichkeit, der allen gut tut. Das Fest bietet als Besonderheit die Begegnung mit dem Gnadenort Sch\u00f6nstatt. Dazu geh\u00f6rt der international gestaltete Gottesdienst zum Auftakt. Dazu geh\u00f6rt in diesem Jahr der Beitrag der Kandidatinnen der Sch\u00f6nst\u00e4tter Marienschwestern: \u201eAn Sch\u00f6nstatt gef\u00e4llt mir \u2026\u201c Und dazu geh\u00f6rt traditionell die Lichterprozession zum Urheiligtum.<\/p>\n\n\n\n<p>In Portugiesisch, Spanisch, Englisch und Deutsch stimmen die Moderatoren des Festes, Rosario Lira und Ricardo Filho, auf den H\u00f6hepunkt und Abschluss des Tages ein: die Erneuerung des Liebesb\u00fcndnisses in der eigenen Muttersprache und den pers\u00f6nlichen Einzelsegen beim <a href=\"https:\/\/schoenstatt.com\/de\/ueber-schoenstatt\/heiligtum\/\">Urheiligtum<\/a>.<\/p>\n\n\n\n<figure class=\"wp-block-image size-full is-resized\"><img decoding=\"async\" src=\"https:\/\/schoenstatt.com\/wp-content\/uploads\/2024\/08\/International-Encounter-Festival-Fest-der-Begegnung-Schoenstatt-5.jpg\" alt=\"\" class=\"wp-image-40904\" style=\"width:840px;height:auto\"\/><figcaption class=\"wp-element-caption\">Abschluss beim Urheiligtum mit pers\u00f6nlichem Einzelsegen (Foto: PZ)<\/figcaption><\/figure>\n\n\n\n<h2 class=\"wp-block-heading\" id=\"h-eine-tradition-mit-zukunft\"><strong>Eine Tradition mit Zukunft<\/strong><\/h2>\n\n\n\n<p>Das Fest der Begegnung hat zum einen schon Tradition in Sch\u00f6nstatt und zum anderen birgt es Potenzial f\u00fcr die Zukunft, denn die Internationalit\u00e4t am Ort Sch\u00f6nstatt und in der Verbandsgemeinde Vallendar, zu der Sch\u00f6nstatt geh\u00f6rt, nimmt zu. Im Gespr\u00e4ch mit dem Fanfarenzug Vallendar, der erstmals beim Fest der Begegnung mitwirkt, wird deutlich, dass eine gute Kultur der Begegnung, ein wertsch\u00e4tzendes Miteinander aller Kulturen und Mentalit\u00e4ten, gemeinsame Anliegen sind. \u201eBis zum n\u00e4chsten Mal\u201c, verabschiedet sich der Fanfarenzug \u2013 das sind konkret die Proben und der eigene Event am Ort Sch\u00f6nstatt aus Anlass ihres 40j\u00e4hrigen Bestehens 2025. Und das wird das Fest der Begegnung am 17. August 2025 sein.<\/p>\n\n\n\n<figure class=\"wp-block-image size-full is-resized\"><img decoding=\"async\" src=\"https:\/\/schoenstatt.com\/wp-content\/uploads\/2024\/08\/International-Encounter-Festival-Fest-der-Begegnung-Schoenstatt-2.jpg\" alt=\"\" class=\"wp-image-40900\" style=\"width:840px;height:auto\"\/><figcaption class=\"wp-element-caption\">Der Fanfarenzug Vallendar wirkt erstmals beim Fest der Begegnung mit (Foto: PZ)<\/figcaption><\/figure>\n\n\n\n<p>Quelle: <a href=\"https:\/\/www.schoenstatt.de\/de\/news\/6565\/112\/Internationales-Fest-der-Begegnung-in-Schoenstatt.htm\">schoenstatt.de<\/a><\/p>\n","protected":false},"excerpt":{"rendered":"<p>Im Schatten des Urheiligtums findet das Fest der Begegnung statt, das verschiedene Kulturen und Darbietungen zusammenf\u00fchrt<\/p>\n","protected":false},"author":3,"featured_media":40895,"comment_status":"closed","ping_status":"closed","sticky":false,"template":"","format":"standard","meta":{"footnotes":""},"categories":[870,899],"tags":[],"class_list":["post-40915","post","type-post","status-publish","format-standard","has-post-thumbnail","hentry","category-europa-de","category-urheiligtum-de"],"yoast_head":"<!-- This site is optimized with the Yoast SEO Premium plugin v27.4 (Yoast SEO v27.4) - https:\/\/yoast.com\/product\/yoast-seo-premium-wordpress\/ -->\n<title>Internationales Fest der Begegnung bringt verschiedene Nationen in Sch\u00f6nstatt zusammen<\/title>\n<meta name=\"description\" content=\"Im Schatten des Urheiligtums findet das Fest der Begegnung statt, das verschiedene Kulturen und Darbietungen zusammenf\u00fchrt\" \/>\n<meta name=\"robots\" content=\"index, follow, max-snippet:-1, max-image-preview:large, max-video-preview:-1\" \/>\n<link rel=\"canonical\" href=\"https:\/\/schoenstatt.com\/de\/internationales-fest-der-begegnung-bringt-verschiedene-nationen-in-schoenstatt-zusammen\/\" \/>\n<meta property=\"og:locale\" content=\"de_DE\" \/>\n<meta property=\"og:type\" content=\"article\" \/>\n<meta property=\"og:title\" content=\"Internationales Fest der Begegnung bringt verschiedene Nationen in Sch\u00f6nstatt zusammen\" \/>\n<meta property=\"og:description\" content=\"Im Schatten des Urheiligtums findet das Fest der Begegnung statt, das verschiedene Kulturen und Darbietungen zusammenf\u00fchrt\" \/>\n<meta property=\"og:url\" content=\"https:\/\/schoenstatt.com\/de\/internationales-fest-der-begegnung-bringt-verschiedene-nationen-in-schoenstatt-zusammen\/\" \/>\n<meta property=\"og:site_name\" content=\"Schoenstatt\" \/>\n<meta property=\"article:published_time\" content=\"2024-08-28T09:14:35+00:00\" \/>\n<meta property=\"article:modified_time\" content=\"2025-05-15T20:32:28+00:00\" \/>\n<meta property=\"og:image\" content=\"https:\/\/schoenstatt.com\/wp-content\/uploads\/2024\/08\/International-Encounter-Festival-Fest-der-Begegnung-Schoenstatt-1.jpg\" \/>\n\t<meta property=\"og:image:width\" content=\"1508\" \/>\n\t<meta property=\"og:image:height\" content=\"1063\" \/>\n\t<meta property=\"og:image:type\" content=\"image\/jpeg\" \/>\n<meta name=\"author\" content=\"Karen Bueno\" \/>\n<meta name=\"twitter:card\" content=\"summary_large_image\" \/>\n<meta name=\"twitter:label1\" content=\"Verfasst von\" \/>\n\t<meta name=\"twitter:data1\" content=\"Karen Bueno\" \/>\n\t<meta name=\"twitter:label2\" content=\"Gesch\u00e4tzte Lesezeit\" \/>\n\t<meta name=\"twitter:data2\" content=\"4\u00a0Minuten\" \/>\n<script type=\"application\/ld+json\" class=\"yoast-schema-graph\">{\"@context\":\"https:\\\/\\\/schema.org\",\"@graph\":[{\"@type\":\"Article\",\"@id\":\"https:\\\/\\\/schoenstatt.com\\\/de\\\/internationales-fest-der-begegnung-bringt-verschiedene-nationen-in-schoenstatt-zusammen\\\/#article\",\"isPartOf\":{\"@id\":\"https:\\\/\\\/schoenstatt.com\\\/de\\\/internationales-fest-der-begegnung-bringt-verschiedene-nationen-in-schoenstatt-zusammen\\\/\"},\"author\":{\"name\":\"Karen Bueno\",\"@id\":\"https:\\\/\\\/schoenstatt.com\\\/de\\\/#\\\/schema\\\/person\\\/5158877ad4acae98b34daaeef2a1ce6e\"},\"headline\":\"Internationales Fest der Begegnung bringt verschiedene Nationen in Sch\u00f6nstatt zusammen\",\"datePublished\":\"2024-08-28T09:14:35+00:00\",\"dateModified\":\"2025-05-15T20:32:28+00:00\",\"mainEntityOfPage\":{\"@id\":\"https:\\\/\\\/schoenstatt.com\\\/de\\\/internationales-fest-der-begegnung-bringt-verschiedene-nationen-in-schoenstatt-zusammen\\\/\"},\"wordCount\":548,\"publisher\":{\"@id\":\"https:\\\/\\\/schoenstatt.com\\\/de\\\/#organization\"},\"image\":{\"@id\":\"https:\\\/\\\/schoenstatt.com\\\/de\\\/internationales-fest-der-begegnung-bringt-verschiedene-nationen-in-schoenstatt-zusammen\\\/#primaryimage\"},\"thumbnailUrl\":\"https:\\\/\\\/schoenstatt.com\\\/wp-content\\\/uploads\\\/2024\\\/08\\\/International-Encounter-Festival-Fest-der-Begegnung-Schoenstatt-1.jpg\",\"articleSection\":[\"Europa\",\"Urheiligtum\"],\"inLanguage\":\"de\"},{\"@type\":\"WebPage\",\"@id\":\"https:\\\/\\\/schoenstatt.com\\\/de\\\/internationales-fest-der-begegnung-bringt-verschiedene-nationen-in-schoenstatt-zusammen\\\/\",\"url\":\"https:\\\/\\\/schoenstatt.com\\\/de\\\/internationales-fest-der-begegnung-bringt-verschiedene-nationen-in-schoenstatt-zusammen\\\/\",\"name\":\"Internationales Fest der Begegnung bringt verschiedene Nationen in Sch\u00f6nstatt zusammen\",\"isPartOf\":{\"@id\":\"https:\\\/\\\/schoenstatt.com\\\/de\\\/#website\"},\"primaryImageOfPage\":{\"@id\":\"https:\\\/\\\/schoenstatt.com\\\/de\\\/internationales-fest-der-begegnung-bringt-verschiedene-nationen-in-schoenstatt-zusammen\\\/#primaryimage\"},\"image\":{\"@id\":\"https:\\\/\\\/schoenstatt.com\\\/de\\\/internationales-fest-der-begegnung-bringt-verschiedene-nationen-in-schoenstatt-zusammen\\\/#primaryimage\"},\"thumbnailUrl\":\"https:\\\/\\\/schoenstatt.com\\\/wp-content\\\/uploads\\\/2024\\\/08\\\/International-Encounter-Festival-Fest-der-Begegnung-Schoenstatt-1.jpg\",\"datePublished\":\"2024-08-28T09:14:35+00:00\",\"dateModified\":\"2025-05-15T20:32:28+00:00\",\"description\":\"Im Schatten des Urheiligtums findet das Fest der Begegnung statt, das verschiedene Kulturen und Darbietungen zusammenf\u00fchrt\",\"breadcrumb\":{\"@id\":\"https:\\\/\\\/schoenstatt.com\\\/de\\\/internationales-fest-der-begegnung-bringt-verschiedene-nationen-in-schoenstatt-zusammen\\\/#breadcrumb\"},\"inLanguage\":\"de\",\"potentialAction\":[{\"@type\":\"ReadAction\",\"target\":[\"https:\\\/\\\/schoenstatt.com\\\/de\\\/internationales-fest-der-begegnung-bringt-verschiedene-nationen-in-schoenstatt-zusammen\\\/\"]}]},{\"@type\":\"ImageObject\",\"inLanguage\":\"de\",\"@id\":\"https:\\\/\\\/schoenstatt.com\\\/de\\\/internationales-fest-der-begegnung-bringt-verschiedene-nationen-in-schoenstatt-zusammen\\\/#primaryimage\",\"url\":\"https:\\\/\\\/schoenstatt.com\\\/wp-content\\\/uploads\\\/2024\\\/08\\\/International-Encounter-Festival-Fest-der-Begegnung-Schoenstatt-1.jpg\",\"contentUrl\":\"https:\\\/\\\/schoenstatt.com\\\/wp-content\\\/uploads\\\/2024\\\/08\\\/International-Encounter-Festival-Fest-der-Begegnung-Schoenstatt-1.jpg\",\"width\":1508,\"height\":1063},{\"@type\":\"BreadcrumbList\",\"@id\":\"https:\\\/\\\/schoenstatt.com\\\/de\\\/internationales-fest-der-begegnung-bringt-verschiedene-nationen-in-schoenstatt-zusammen\\\/#breadcrumb\",\"itemListElement\":[{\"@type\":\"ListItem\",\"position\":1,\"name\":\"Portada\",\"item\":\"https:\\\/\\\/schoenstatt.com\\\/de\\\/home\\\/\"},{\"@type\":\"ListItem\",\"position\":2,\"name\":\"Internationales Fest der Begegnung bringt verschiedene Nationen in Sch\u00f6nstatt zusammen\"}]},{\"@type\":\"WebSite\",\"@id\":\"https:\\\/\\\/schoenstatt.com\\\/de\\\/#website\",\"url\":\"https:\\\/\\\/schoenstatt.com\\\/de\\\/\",\"name\":\"Schoenstatt\",\"description\":\"Apostolic Movement\",\"publisher\":{\"@id\":\"https:\\\/\\\/schoenstatt.com\\\/de\\\/#organization\"},\"potentialAction\":[{\"@type\":\"SearchAction\",\"target\":{\"@type\":\"EntryPoint\",\"urlTemplate\":\"https:\\\/\\\/schoenstatt.com\\\/de\\\/?s={search_term_string}\"},\"query-input\":{\"@type\":\"PropertyValueSpecification\",\"valueRequired\":true,\"valueName\":\"search_term_string\"}}],\"inLanguage\":\"de\"},{\"@type\":\"Organization\",\"@id\":\"https:\\\/\\\/schoenstatt.com\\\/de\\\/#organization\",\"name\":\"Schoenstatt\",\"url\":\"https:\\\/\\\/schoenstatt.com\\\/de\\\/\",\"logo\":{\"@type\":\"ImageObject\",\"inLanguage\":\"de\",\"@id\":\"https:\\\/\\\/schoenstatt.com\\\/de\\\/#\\\/schema\\\/logo\\\/image\\\/\",\"url\":\"https:\\\/\\\/schoenstatt.com\\\/wp-content\\\/uploads\\\/2025\\\/04\\\/logo-schoenstatt-white-696x696-1.png\",\"contentUrl\":\"https:\\\/\\\/schoenstatt.com\\\/wp-content\\\/uploads\\\/2025\\\/04\\\/logo-schoenstatt-white-696x696-1.png\",\"width\":696,\"height\":694,\"caption\":\"Schoenstatt\"},\"image\":{\"@id\":\"https:\\\/\\\/schoenstatt.com\\\/de\\\/#\\\/schema\\\/logo\\\/image\\\/\"}},{\"@type\":\"Person\",\"@id\":\"https:\\\/\\\/schoenstatt.com\\\/de\\\/#\\\/schema\\\/person\\\/5158877ad4acae98b34daaeef2a1ce6e\",\"name\":\"Karen Bueno\",\"image\":{\"@type\":\"ImageObject\",\"inLanguage\":\"de\",\"@id\":\"https:\\\/\\\/secure.gravatar.com\\\/avatar\\\/f9f4b823873154269d2b2130f195f6d41037dd0d7fc5f3cacb5c846bae70d66b?s=96&d=mm&r=g\",\"url\":\"https:\\\/\\\/secure.gravatar.com\\\/avatar\\\/f9f4b823873154269d2b2130f195f6d41037dd0d7fc5f3cacb5c846bae70d66b?s=96&d=mm&r=g\",\"contentUrl\":\"https:\\\/\\\/secure.gravatar.com\\\/avatar\\\/f9f4b823873154269d2b2130f195f6d41037dd0d7fc5f3cacb5c846bae70d66b?s=96&d=mm&r=g\",\"caption\":\"Karen Bueno\"},\"url\":\"https:\\\/\\\/schoenstatt.com\\\/de\\\/author\\\/karen-bueno\\\/\"}]}<\/script>\n<!-- \/ Yoast SEO Premium plugin. -->","yoast_head_json":{"title":"Internationales Fest der Begegnung bringt verschiedene Nationen in Sch\u00f6nstatt zusammen","description":"Im Schatten des Urheiligtums findet das Fest der Begegnung statt, das verschiedene Kulturen und Darbietungen zusammenf\u00fchrt","robots":{"index":"index","follow":"follow","max-snippet":"max-snippet:-1","max-image-preview":"max-image-preview:large","max-video-preview":"max-video-preview:-1"},"canonical":"https:\/\/schoenstatt.com\/de\/internationales-fest-der-begegnung-bringt-verschiedene-nationen-in-schoenstatt-zusammen\/","og_locale":"de_DE","og_type":"article","og_title":"Internationales Fest der Begegnung bringt verschiedene Nationen in Sch\u00f6nstatt zusammen","og_description":"Im Schatten des Urheiligtums findet das Fest der Begegnung statt, das verschiedene Kulturen und Darbietungen zusammenf\u00fchrt","og_url":"https:\/\/schoenstatt.com\/de\/internationales-fest-der-begegnung-bringt-verschiedene-nationen-in-schoenstatt-zusammen\/","og_site_name":"Schoenstatt","article_published_time":"2024-08-28T09:14:35+00:00","article_modified_time":"2025-05-15T20:32:28+00:00","og_image":[{"width":1508,"height":1063,"url":"https:\/\/schoenstatt.com\/wp-content\/uploads\/2024\/08\/International-Encounter-Festival-Fest-der-Begegnung-Schoenstatt-1.jpg","type":"image\/jpeg"}],"author":"Karen Bueno","twitter_card":"summary_large_image","twitter_misc":{"Verfasst von":"Karen Bueno","Gesch\u00e4tzte Lesezeit":"4\u00a0Minuten"},"schema":{"@context":"https:\/\/schema.org","@graph":[{"@type":"Article","@id":"https:\/\/schoenstatt.com\/de\/internationales-fest-der-begegnung-bringt-verschiedene-nationen-in-schoenstatt-zusammen\/#article","isPartOf":{"@id":"https:\/\/schoenstatt.com\/de\/internationales-fest-der-begegnung-bringt-verschiedene-nationen-in-schoenstatt-zusammen\/"},"author":{"name":"Karen Bueno","@id":"https:\/\/schoenstatt.com\/de\/#\/schema\/person\/5158877ad4acae98b34daaeef2a1ce6e"},"headline":"Internationales Fest der Begegnung bringt verschiedene Nationen in Sch\u00f6nstatt zusammen","datePublished":"2024-08-28T09:14:35+00:00","dateModified":"2025-05-15T20:32:28+00:00","mainEntityOfPage":{"@id":"https:\/\/schoenstatt.com\/de\/internationales-fest-der-begegnung-bringt-verschiedene-nationen-in-schoenstatt-zusammen\/"},"wordCount":548,"publisher":{"@id":"https:\/\/schoenstatt.com\/de\/#organization"},"image":{"@id":"https:\/\/schoenstatt.com\/de\/internationales-fest-der-begegnung-bringt-verschiedene-nationen-in-schoenstatt-zusammen\/#primaryimage"},"thumbnailUrl":"https:\/\/schoenstatt.com\/wp-content\/uploads\/2024\/08\/International-Encounter-Festival-Fest-der-Begegnung-Schoenstatt-1.jpg","articleSection":["Europa","Urheiligtum"],"inLanguage":"de"},{"@type":"WebPage","@id":"https:\/\/schoenstatt.com\/de\/internationales-fest-der-begegnung-bringt-verschiedene-nationen-in-schoenstatt-zusammen\/","url":"https:\/\/schoenstatt.com\/de\/internationales-fest-der-begegnung-bringt-verschiedene-nationen-in-schoenstatt-zusammen\/","name":"Internationales Fest der Begegnung bringt verschiedene Nationen in Sch\u00f6nstatt zusammen","isPartOf":{"@id":"https:\/\/schoenstatt.com\/de\/#website"},"primaryImageOfPage":{"@id":"https:\/\/schoenstatt.com\/de\/internationales-fest-der-begegnung-bringt-verschiedene-nationen-in-schoenstatt-zusammen\/#primaryimage"},"image":{"@id":"https:\/\/schoenstatt.com\/de\/internationales-fest-der-begegnung-bringt-verschiedene-nationen-in-schoenstatt-zusammen\/#primaryimage"},"thumbnailUrl":"https:\/\/schoenstatt.com\/wp-content\/uploads\/2024\/08\/International-Encounter-Festival-Fest-der-Begegnung-Schoenstatt-1.jpg","datePublished":"2024-08-28T09:14:35+00:00","dateModified":"2025-05-15T20:32:28+00:00","description":"Im Schatten des Urheiligtums findet das Fest der Begegnung statt, das verschiedene Kulturen und Darbietungen zusammenf\u00fchrt","breadcrumb":{"@id":"https:\/\/schoenstatt.com\/de\/internationales-fest-der-begegnung-bringt-verschiedene-nationen-in-schoenstatt-zusammen\/#breadcrumb"},"inLanguage":"de","potentialAction":[{"@type":"ReadAction","target":["https:\/\/schoenstatt.com\/de\/internationales-fest-der-begegnung-bringt-verschiedene-nationen-in-schoenstatt-zusammen\/"]}]},{"@type":"ImageObject","inLanguage":"de","@id":"https:\/\/schoenstatt.com\/de\/internationales-fest-der-begegnung-bringt-verschiedene-nationen-in-schoenstatt-zusammen\/#primaryimage","url":"https:\/\/schoenstatt.com\/wp-content\/uploads\/2024\/08\/International-Encounter-Festival-Fest-der-Begegnung-Schoenstatt-1.jpg","contentUrl":"https:\/\/schoenstatt.com\/wp-content\/uploads\/2024\/08\/International-Encounter-Festival-Fest-der-Begegnung-Schoenstatt-1.jpg","width":1508,"height":1063},{"@type":"BreadcrumbList","@id":"https:\/\/schoenstatt.com\/de\/internationales-fest-der-begegnung-bringt-verschiedene-nationen-in-schoenstatt-zusammen\/#breadcrumb","itemListElement":[{"@type":"ListItem","position":1,"name":"Portada","item":"https:\/\/schoenstatt.com\/de\/home\/"},{"@type":"ListItem","position":2,"name":"Internationales Fest der Begegnung bringt verschiedene Nationen in Sch\u00f6nstatt zusammen"}]},{"@type":"WebSite","@id":"https:\/\/schoenstatt.com\/de\/#website","url":"https:\/\/schoenstatt.com\/de\/","name":"Schoenstatt","description":"Apostolic Movement","publisher":{"@id":"https:\/\/schoenstatt.com\/de\/#organization"},"potentialAction":[{"@type":"SearchAction","target":{"@type":"EntryPoint","urlTemplate":"https:\/\/schoenstatt.com\/de\/?s={search_term_string}"},"query-input":{"@type":"PropertyValueSpecification","valueRequired":true,"valueName":"search_term_string"}}],"inLanguage":"de"},{"@type":"Organization","@id":"https:\/\/schoenstatt.com\/de\/#organization","name":"Schoenstatt","url":"https:\/\/schoenstatt.com\/de\/","logo":{"@type":"ImageObject","inLanguage":"de","@id":"https:\/\/schoenstatt.com\/de\/#\/schema\/logo\/image\/","url":"https:\/\/schoenstatt.com\/wp-content\/uploads\/2025\/04\/logo-schoenstatt-white-696x696-1.png","contentUrl":"https:\/\/schoenstatt.com\/wp-content\/uploads\/2025\/04\/logo-schoenstatt-white-696x696-1.png","width":696,"height":694,"caption":"Schoenstatt"},"image":{"@id":"https:\/\/schoenstatt.com\/de\/#\/schema\/logo\/image\/"}},{"@type":"Person","@id":"https:\/\/schoenstatt.com\/de\/#\/schema\/person\/5158877ad4acae98b34daaeef2a1ce6e","name":"Karen Bueno","image":{"@type":"ImageObject","inLanguage":"de","@id":"https:\/\/secure.gravatar.com\/avatar\/f9f4b823873154269d2b2130f195f6d41037dd0d7fc5f3cacb5c846bae70d66b?s=96&d=mm&r=g","url":"https:\/\/secure.gravatar.com\/avatar\/f9f4b823873154269d2b2130f195f6d41037dd0d7fc5f3cacb5c846bae70d66b?s=96&d=mm&r=g","contentUrl":"https:\/\/secure.gravatar.com\/avatar\/f9f4b823873154269d2b2130f195f6d41037dd0d7fc5f3cacb5c846bae70d66b?s=96&d=mm&r=g","caption":"Karen Bueno"},"url":"https:\/\/schoenstatt.com\/de\/author\/karen-bueno\/"}]}},"_links":{"self":[{"href":"https:\/\/schoenstatt.com\/de\/wp-json\/wp\/v2\/posts\/40915","targetHints":{"allow":["GET"]}}],"collection":[{"href":"https:\/\/schoenstatt.com\/de\/wp-json\/wp\/v2\/posts"}],"about":[{"href":"https:\/\/schoenstatt.com\/de\/wp-json\/wp\/v2\/types\/post"}],"author":[{"embeddable":true,"href":"https:\/\/schoenstatt.com\/de\/wp-json\/wp\/v2\/users\/3"}],"replies":[{"embeddable":true,"href":"https:\/\/schoenstatt.com\/de\/wp-json\/wp\/v2\/comments?post=40915"}],"version-history":[{"count":1,"href":"https:\/\/schoenstatt.com\/de\/wp-json\/wp\/v2\/posts\/40915\/revisions"}],"predecessor-version":[{"id":46982,"href":"https:\/\/schoenstatt.com\/de\/wp-json\/wp\/v2\/posts\/40915\/revisions\/46982"}],"wp:featuredmedia":[{"embeddable":true,"href":"https:\/\/schoenstatt.com\/de\/wp-json\/wp\/v2\/media\/40895"}],"wp:attachment":[{"href":"https:\/\/schoenstatt.com\/de\/wp-json\/wp\/v2\/media?parent=40915"}],"wp:term":[{"taxonomy":"category","embeddable":true,"href":"https:\/\/schoenstatt.com\/de\/wp-json\/wp\/v2\/categories?post=40915"},{"taxonomy":"post_tag","embeddable":true,"href":"https:\/\/schoenstatt.com\/de\/wp-json\/wp\/v2\/tags?post=40915"}],"curies":[{"name":"wp","href":"https:\/\/api.w.org\/{rel}","templated":true}]}}