{"id":40656,"date":"2024-08-20T16:15:30","date_gmt":"2024-08-20T14:15:30","guid":{"rendered":"https:\/\/schoenstatt.com\/?p=40656"},"modified":"2025-05-15T20:15:19","modified_gmt":"2025-05-15T18:15:19","slug":"internationales-leben-eroeffnung-des-jubilaeumsjahres-des-projekts-pilgerheiligtum","status":"publish","type":"post","link":"https:\/\/schoenstatt.com\/de\/internationales-leben-eroeffnung-des-jubilaeumsjahres-des-projekts-pilgerheiligtum\/","title":{"rendered":"Internationales Leben: Er\u00f6ffnung des Jubil\u00e4umsjahres des Projekts Pilgerheiligtum"},"content":{"rendered":"\n<p>Brasilien und die ganze Welt bereiten sich auf die Er\u00f6ffnung des <a href=\"https:\/\/schoenstatt.com\/de\/internationale-einladung-auf-dem-weg-zum-75-jahrestag-der-kampagne-der-pilgernden-gottesmutter\/\">75. Jubil\u00e4umsjahres des Projekts Pilgerheiligtum<\/a> vor. Aus diesem Anlass wird es am 10. September um 21.00 Uhr (Sch\u00f6nstatt-Zeit) eine internationale Live-\u00dcbertragung in mehrere L\u00e4nder geben, mit besonderer Beteiligung und vielen \u00dcberraschungen.<\/p>\n\n\n\n<p>Schwester M. Marcia Silva, Koordinatorin des <a href=\"https:\/\/maeperegrina.org.br\/\" target=\"_blank\" rel=\"noreferrer noopener\">Sekretariats der Pilgernden Gottesmutter in Atibaia\/SP<\/a>, l\u00e4dt die ganze Sch\u00f6nstattfamilie ein, besonders die Mitglieder dieses Projekts in aller Welt, an diesem gro\u00dfen Fest teilzunehmen. <em>\u201eMit gro\u00dfer Freude laden wir alle zu diesem internationalen Treffen ein, bei dem wir als Missionare der Pilgernden Gottesmutter aus verschiedenen L\u00e4ndern zusammenkommen, um die Er\u00f6ffnung des Jubil\u00e4ums des Projekts zu feiern.\u201c<\/em><\/p>\n\n\n\n<p>Dieses Ereignis wird eine einzigartige Gelegenheit sein, sich \u00fcber die von Jo\u00e3o Pozzobon begonnene Mission auszutauschen. <em>\u201eEs ist spannend, Menschen vom anderen Ende der Welt zu treffen, die auch den Besuch der Pilgernden Gottesmutter empfangen, sich \u00fcber das Jubil\u00e4um freuen und diesen Moment feiern\u201c<\/em>, sagt Sr. M. Marcia.<\/p>\n\n\n\n<h2 class=\"wp-block-heading\" id=\"h-segen-aus-dem-urheiligtum\"><strong>Segen aus dem Urheiligtum<\/strong><\/h2>\n\n\n\n<p>Am 74. Jahrestag des Projekts Pilgerheiligtum findet eine Live-\u00dcbertragung aus dem Urheiligtum in Sch\u00f6nstatt, Deutschland, statt. Pater Alexandre Awi Mello, Vorsitzender des Generalpr\u00e4sidiums der internationalen Sch\u00f6nstattbewegung, wird das Gebet mit dem Segen und die offizielle Er\u00f6ffnung des Jubil\u00e4ums leiten.<\/p>\n\n\n\n<p><em>\u201eWir werden die Wunder der Gottesmutter von Sch\u00f6nstatt betrachten, die Missionare und Familien des Projekts Pilgerheiligtum an den Heiligt\u00fcmern, Bildst\u00f6cken und Kapellen, die der Gottesmutter und K\u00f6nigin von Sch\u00f6nstatt geweiht sind, und wir werden das Jubil\u00e4umsgebet beten und das Motto \u201aMit der Pilgernden Gottesmutter, Missionare der Hoffnung\u2018 in verschiedenen Sprachen singen\u201c,<\/em> so die Koordinatorin.<\/p>\n\n\n\n<p>Die Live-\u00dcbertragung erfolgt zeitgleich um 16.00 Uhr in Brasilien (21.00 Uhr in Deutschland). Die gew\u00e4hlte Zeit hat eine besondere Bedeutung, wie Schwester M. Marcia erkl\u00e4rt:<em> \u201eUm 21 Uhr hat Pater Josef Kentenich in der Tradition Sch\u00f6nstatts einen Segen an alle seine geistlichen Kinder in der Welt gesandt. Bis heute findet dieses Gebet und dieser Segen im Urheiligtum statt, und das macht diesen Moment f\u00fcr Brasilien so besonders, mit dem Segen und der Sendung f\u00fcr das Jubil\u00e4umsjahr.\u201c<\/em><\/p>\n\n\n\n<p>Am Tabor-Heiligtum in Santa Maria\/RS, der Wiege des Projekts Pilgerheiligtum, wird Humberto Pozzobon, der Sohn von Jo\u00e3o Pozzobon, Zeugnis geben und am Grab des Dieners Gottes eine Gebetsstunde halten, in der er f\u00fcr die Seligsprechung des Gr\u00fcnders der Sch\u00f6nstattbewegung betet und seine Dankbarkeit ausdr\u00fcckt f\u00fcr den Einsatz in diesem Apostolat, das auf allen Kontinenten pr\u00e4sent ist.<\/p>\n\n\n\n<figure class=\"wp-block-image size-large\"><img decoding=\"async\" src=\"https:\/\/schoenstatt.com\/wp-content\/uploads\/2024\/08\/live-pilgrim-mother-1024x576.jpeg\" alt=\"\" class=\"wp-image-40653\"\/><\/figure>\n\n\n\n<h2 class=\"wp-block-heading\" id=\"h-alle-zur-teilnahme-eingeladen\"><strong>Alle zur Teilnahme eingeladen<\/strong><\/h2>\n\n\n\n<p>Die internationale Live-\u00dcbertragung wird der gro\u00dfe festliche Moment sein, <em>\u201eder Menschen aus verschiedenen Teilen der Welt zusammenbringen wird, um zu feiern, zu danken und offiziell das Jubil\u00e4umsjahr der Kampagne der Pilgernden Gottesmutter zu er\u00f6ffnen. Alle sind eingeladen, dabei zu sein\u201c<\/em>, schlie\u00dft Sr. M. Marcia.<\/p>\n\n\n\n<h2 class=\"wp-block-heading\" id=\"h-merken-sie-sich-den-termin-vor\"><strong>Merken Sie sich den Termin vor!<\/strong><\/h2>\n\n\n\n<p>International Live mit der Er\u00f6ffnung des Jubil\u00e4umsjahres des Projekts Pilgerheiligtum<\/p>\n\n\n\n<p><strong>Datum:<\/strong> 10. September<\/p>\n\n\n\n<p><strong>Zeit: <\/strong>21:00 Uhr (Ortszeit Sch\u00f6nstatt)<\/p>\n\n\n\n<p><strong>\u00dcbertragung <\/strong><a href=\"https:\/\/www.youtube.com\/channel\/UCJeqtxYPoHEKHSvtkJ-Tvgw\">YouTube-Kanal des Projekts Pilgerheiligtum &#8211; link<\/a><\/p>\n\n\n\n<p><\/p>\n\n\n\n<p><strong>\u00dcbersetzung: <\/strong>Vanessa Franke<br><strong>Lektorat:<\/strong> Hildegard Kaiser<\/p>\n","protected":false},"excerpt":{"rendered":"<p>Nehmen Sie teil an der internationalen Er\u00f6ffnung des Jubil\u00e4umsjahres des Projekts Pilgerheiligtum: 75 Jahre der Gnade.<\/p>\n","protected":false},"author":3,"featured_media":40652,"comment_status":"closed","ping_status":"closed","sticky":false,"template":"","format":"standard","meta":{"footnotes":""},"categories":[902],"tags":[],"class_list":["post-40656","post","type-post","status-publish","format-standard","has-post-thumbnail","hentry","category-pilgerheiligtum-de"],"yoast_head":"<!-- This site is optimized with the Yoast SEO Premium plugin v27.4 (Yoast SEO v27.4) - https:\/\/yoast.com\/product\/yoast-seo-premium-wordpress\/ -->\n<title>Internationales Leben: Er\u00f6ffnung des Jubil\u00e4umsjahres des Projekts Pilgerheiligtum<\/title>\n<meta name=\"description\" content=\"Nehmen Sie teil an der internationalen Er\u00f6ffnung des Jubil\u00e4umsjahres des Projekts Pilgerheiligtum: 75 Jahre der Gnade.\" \/>\n<meta name=\"robots\" content=\"index, follow, max-snippet:-1, max-image-preview:large, max-video-preview:-1\" \/>\n<link rel=\"canonical\" href=\"https:\/\/schoenstatt.com\/de\/internationales-leben-eroeffnung-des-jubilaeumsjahres-des-projekts-pilgerheiligtum\/\" \/>\n<meta property=\"og:locale\" content=\"de_DE\" \/>\n<meta property=\"og:type\" content=\"article\" \/>\n<meta property=\"og:title\" content=\"Internationales Leben: Er\u00f6ffnung des Jubil\u00e4umsjahres des Projekts Pilgerheiligtum\" \/>\n<meta property=\"og:description\" content=\"Nehmen Sie teil an der internationalen Er\u00f6ffnung des Jubil\u00e4umsjahres des Projekts Pilgerheiligtum: 75 Jahre der Gnade.\" \/>\n<meta property=\"og:url\" content=\"https:\/\/schoenstatt.com\/de\/internationales-leben-eroeffnung-des-jubilaeumsjahres-des-projekts-pilgerheiligtum\/\" \/>\n<meta property=\"og:site_name\" content=\"Schoenstatt\" \/>\n<meta property=\"article:published_time\" content=\"2024-08-20T14:15:30+00:00\" \/>\n<meta property=\"article:modified_time\" content=\"2025-05-15T18:15:19+00:00\" \/>\n<meta property=\"og:image\" content=\"https:\/\/schoenstatt.com\/wp-content\/uploads\/2024\/08\/live-pilgrim-mother-1.jpeg\" \/>\n\t<meta property=\"og:image:width\" content=\"1280\" \/>\n\t<meta property=\"og:image:height\" content=\"720\" \/>\n\t<meta property=\"og:image:type\" content=\"image\/jpeg\" \/>\n<meta name=\"author\" content=\"Karen Bueno\" \/>\n<meta name=\"twitter:card\" content=\"summary_large_image\" \/>\n<meta name=\"twitter:label1\" content=\"Verfasst von\" \/>\n\t<meta name=\"twitter:data1\" content=\"Karen Bueno\" \/>\n\t<meta name=\"twitter:label2\" content=\"Gesch\u00e4tzte Lesezeit\" \/>\n\t<meta name=\"twitter:data2\" content=\"3\u00a0Minuten\" \/>\n<script type=\"application\/ld+json\" class=\"yoast-schema-graph\">{\"@context\":\"https:\\\/\\\/schema.org\",\"@graph\":[{\"@type\":\"Article\",\"@id\":\"https:\\\/\\\/schoenstatt.com\\\/de\\\/internationales-leben-eroeffnung-des-jubilaeumsjahres-des-projekts-pilgerheiligtum\\\/#article\",\"isPartOf\":{\"@id\":\"https:\\\/\\\/schoenstatt.com\\\/de\\\/internationales-leben-eroeffnung-des-jubilaeumsjahres-des-projekts-pilgerheiligtum\\\/\"},\"author\":{\"name\":\"Karen Bueno\",\"@id\":\"https:\\\/\\\/schoenstatt.com\\\/de\\\/#\\\/schema\\\/person\\\/5158877ad4acae98b34daaeef2a1ce6e\"},\"headline\":\"Internationales Leben: Er\u00f6ffnung des Jubil\u00e4umsjahres des Projekts Pilgerheiligtum\",\"datePublished\":\"2024-08-20T14:15:30+00:00\",\"dateModified\":\"2025-05-15T18:15:19+00:00\",\"mainEntityOfPage\":{\"@id\":\"https:\\\/\\\/schoenstatt.com\\\/de\\\/internationales-leben-eroeffnung-des-jubilaeumsjahres-des-projekts-pilgerheiligtum\\\/\"},\"wordCount\":517,\"publisher\":{\"@id\":\"https:\\\/\\\/schoenstatt.com\\\/de\\\/#organization\"},\"image\":{\"@id\":\"https:\\\/\\\/schoenstatt.com\\\/de\\\/internationales-leben-eroeffnung-des-jubilaeumsjahres-des-projekts-pilgerheiligtum\\\/#primaryimage\"},\"thumbnailUrl\":\"https:\\\/\\\/schoenstatt.com\\\/wp-content\\\/uploads\\\/2024\\\/08\\\/live-pilgrim-mother-1.jpeg\",\"articleSection\":[\"Pilgerheiligtum\"],\"inLanguage\":\"de\"},{\"@type\":\"WebPage\",\"@id\":\"https:\\\/\\\/schoenstatt.com\\\/de\\\/internationales-leben-eroeffnung-des-jubilaeumsjahres-des-projekts-pilgerheiligtum\\\/\",\"url\":\"https:\\\/\\\/schoenstatt.com\\\/de\\\/internationales-leben-eroeffnung-des-jubilaeumsjahres-des-projekts-pilgerheiligtum\\\/\",\"name\":\"Internationales Leben: Er\u00f6ffnung des Jubil\u00e4umsjahres des Projekts Pilgerheiligtum\",\"isPartOf\":{\"@id\":\"https:\\\/\\\/schoenstatt.com\\\/de\\\/#website\"},\"primaryImageOfPage\":{\"@id\":\"https:\\\/\\\/schoenstatt.com\\\/de\\\/internationales-leben-eroeffnung-des-jubilaeumsjahres-des-projekts-pilgerheiligtum\\\/#primaryimage\"},\"image\":{\"@id\":\"https:\\\/\\\/schoenstatt.com\\\/de\\\/internationales-leben-eroeffnung-des-jubilaeumsjahres-des-projekts-pilgerheiligtum\\\/#primaryimage\"},\"thumbnailUrl\":\"https:\\\/\\\/schoenstatt.com\\\/wp-content\\\/uploads\\\/2024\\\/08\\\/live-pilgrim-mother-1.jpeg\",\"datePublished\":\"2024-08-20T14:15:30+00:00\",\"dateModified\":\"2025-05-15T18:15:19+00:00\",\"description\":\"Nehmen Sie teil an der internationalen Er\u00f6ffnung des Jubil\u00e4umsjahres des Projekts Pilgerheiligtum: 75 Jahre der Gnade.\",\"breadcrumb\":{\"@id\":\"https:\\\/\\\/schoenstatt.com\\\/de\\\/internationales-leben-eroeffnung-des-jubilaeumsjahres-des-projekts-pilgerheiligtum\\\/#breadcrumb\"},\"inLanguage\":\"de\",\"potentialAction\":[{\"@type\":\"ReadAction\",\"target\":[\"https:\\\/\\\/schoenstatt.com\\\/de\\\/internationales-leben-eroeffnung-des-jubilaeumsjahres-des-projekts-pilgerheiligtum\\\/\"]}]},{\"@type\":\"ImageObject\",\"inLanguage\":\"de\",\"@id\":\"https:\\\/\\\/schoenstatt.com\\\/de\\\/internationales-leben-eroeffnung-des-jubilaeumsjahres-des-projekts-pilgerheiligtum\\\/#primaryimage\",\"url\":\"https:\\\/\\\/schoenstatt.com\\\/wp-content\\\/uploads\\\/2024\\\/08\\\/live-pilgrim-mother-1.jpeg\",\"contentUrl\":\"https:\\\/\\\/schoenstatt.com\\\/wp-content\\\/uploads\\\/2024\\\/08\\\/live-pilgrim-mother-1.jpeg\",\"width\":1280,\"height\":720},{\"@type\":\"BreadcrumbList\",\"@id\":\"https:\\\/\\\/schoenstatt.com\\\/de\\\/internationales-leben-eroeffnung-des-jubilaeumsjahres-des-projekts-pilgerheiligtum\\\/#breadcrumb\",\"itemListElement\":[{\"@type\":\"ListItem\",\"position\":1,\"name\":\"Portada\",\"item\":\"https:\\\/\\\/schoenstatt.com\\\/de\\\/home\\\/\"},{\"@type\":\"ListItem\",\"position\":2,\"name\":\"Internationales Leben: Er\u00f6ffnung des Jubil\u00e4umsjahres des Projekts Pilgerheiligtum\"}]},{\"@type\":\"WebSite\",\"@id\":\"https:\\\/\\\/schoenstatt.com\\\/de\\\/#website\",\"url\":\"https:\\\/\\\/schoenstatt.com\\\/de\\\/\",\"name\":\"Schoenstatt\",\"description\":\"Apostolic Movement\",\"publisher\":{\"@id\":\"https:\\\/\\\/schoenstatt.com\\\/de\\\/#organization\"},\"potentialAction\":[{\"@type\":\"SearchAction\",\"target\":{\"@type\":\"EntryPoint\",\"urlTemplate\":\"https:\\\/\\\/schoenstatt.com\\\/de\\\/?s={search_term_string}\"},\"query-input\":{\"@type\":\"PropertyValueSpecification\",\"valueRequired\":true,\"valueName\":\"search_term_string\"}}],\"inLanguage\":\"de\"},{\"@type\":\"Organization\",\"@id\":\"https:\\\/\\\/schoenstatt.com\\\/de\\\/#organization\",\"name\":\"Schoenstatt\",\"url\":\"https:\\\/\\\/schoenstatt.com\\\/de\\\/\",\"logo\":{\"@type\":\"ImageObject\",\"inLanguage\":\"de\",\"@id\":\"https:\\\/\\\/schoenstatt.com\\\/de\\\/#\\\/schema\\\/logo\\\/image\\\/\",\"url\":\"https:\\\/\\\/schoenstatt.com\\\/wp-content\\\/uploads\\\/2025\\\/04\\\/logo-schoenstatt-white-696x696-1.png\",\"contentUrl\":\"https:\\\/\\\/schoenstatt.com\\\/wp-content\\\/uploads\\\/2025\\\/04\\\/logo-schoenstatt-white-696x696-1.png\",\"width\":696,\"height\":694,\"caption\":\"Schoenstatt\"},\"image\":{\"@id\":\"https:\\\/\\\/schoenstatt.com\\\/de\\\/#\\\/schema\\\/logo\\\/image\\\/\"}},{\"@type\":\"Person\",\"@id\":\"https:\\\/\\\/schoenstatt.com\\\/de\\\/#\\\/schema\\\/person\\\/5158877ad4acae98b34daaeef2a1ce6e\",\"name\":\"Karen Bueno\",\"image\":{\"@type\":\"ImageObject\",\"inLanguage\":\"de\",\"@id\":\"https:\\\/\\\/secure.gravatar.com\\\/avatar\\\/f9f4b823873154269d2b2130f195f6d41037dd0d7fc5f3cacb5c846bae70d66b?s=96&d=mm&r=g\",\"url\":\"https:\\\/\\\/secure.gravatar.com\\\/avatar\\\/f9f4b823873154269d2b2130f195f6d41037dd0d7fc5f3cacb5c846bae70d66b?s=96&d=mm&r=g\",\"contentUrl\":\"https:\\\/\\\/secure.gravatar.com\\\/avatar\\\/f9f4b823873154269d2b2130f195f6d41037dd0d7fc5f3cacb5c846bae70d66b?s=96&d=mm&r=g\",\"caption\":\"Karen Bueno\"},\"url\":\"https:\\\/\\\/schoenstatt.com\\\/de\\\/author\\\/karen-bueno\\\/\"}]}<\/script>\n<!-- \/ Yoast SEO Premium plugin. -->","yoast_head_json":{"title":"Internationales Leben: Er\u00f6ffnung des Jubil\u00e4umsjahres des Projekts Pilgerheiligtum","description":"Nehmen Sie teil an der internationalen Er\u00f6ffnung des Jubil\u00e4umsjahres des Projekts Pilgerheiligtum: 75 Jahre der Gnade.","robots":{"index":"index","follow":"follow","max-snippet":"max-snippet:-1","max-image-preview":"max-image-preview:large","max-video-preview":"max-video-preview:-1"},"canonical":"https:\/\/schoenstatt.com\/de\/internationales-leben-eroeffnung-des-jubilaeumsjahres-des-projekts-pilgerheiligtum\/","og_locale":"de_DE","og_type":"article","og_title":"Internationales Leben: Er\u00f6ffnung des Jubil\u00e4umsjahres des Projekts Pilgerheiligtum","og_description":"Nehmen Sie teil an der internationalen Er\u00f6ffnung des Jubil\u00e4umsjahres des Projekts Pilgerheiligtum: 75 Jahre der Gnade.","og_url":"https:\/\/schoenstatt.com\/de\/internationales-leben-eroeffnung-des-jubilaeumsjahres-des-projekts-pilgerheiligtum\/","og_site_name":"Schoenstatt","article_published_time":"2024-08-20T14:15:30+00:00","article_modified_time":"2025-05-15T18:15:19+00:00","og_image":[{"width":1280,"height":720,"url":"https:\/\/schoenstatt.com\/wp-content\/uploads\/2024\/08\/live-pilgrim-mother-1.jpeg","type":"image\/jpeg"}],"author":"Karen Bueno","twitter_card":"summary_large_image","twitter_misc":{"Verfasst von":"Karen Bueno","Gesch\u00e4tzte Lesezeit":"3\u00a0Minuten"},"schema":{"@context":"https:\/\/schema.org","@graph":[{"@type":"Article","@id":"https:\/\/schoenstatt.com\/de\/internationales-leben-eroeffnung-des-jubilaeumsjahres-des-projekts-pilgerheiligtum\/#article","isPartOf":{"@id":"https:\/\/schoenstatt.com\/de\/internationales-leben-eroeffnung-des-jubilaeumsjahres-des-projekts-pilgerheiligtum\/"},"author":{"name":"Karen Bueno","@id":"https:\/\/schoenstatt.com\/de\/#\/schema\/person\/5158877ad4acae98b34daaeef2a1ce6e"},"headline":"Internationales Leben: Er\u00f6ffnung des Jubil\u00e4umsjahres des Projekts Pilgerheiligtum","datePublished":"2024-08-20T14:15:30+00:00","dateModified":"2025-05-15T18:15:19+00:00","mainEntityOfPage":{"@id":"https:\/\/schoenstatt.com\/de\/internationales-leben-eroeffnung-des-jubilaeumsjahres-des-projekts-pilgerheiligtum\/"},"wordCount":517,"publisher":{"@id":"https:\/\/schoenstatt.com\/de\/#organization"},"image":{"@id":"https:\/\/schoenstatt.com\/de\/internationales-leben-eroeffnung-des-jubilaeumsjahres-des-projekts-pilgerheiligtum\/#primaryimage"},"thumbnailUrl":"https:\/\/schoenstatt.com\/wp-content\/uploads\/2024\/08\/live-pilgrim-mother-1.jpeg","articleSection":["Pilgerheiligtum"],"inLanguage":"de"},{"@type":"WebPage","@id":"https:\/\/schoenstatt.com\/de\/internationales-leben-eroeffnung-des-jubilaeumsjahres-des-projekts-pilgerheiligtum\/","url":"https:\/\/schoenstatt.com\/de\/internationales-leben-eroeffnung-des-jubilaeumsjahres-des-projekts-pilgerheiligtum\/","name":"Internationales Leben: Er\u00f6ffnung des Jubil\u00e4umsjahres des Projekts Pilgerheiligtum","isPartOf":{"@id":"https:\/\/schoenstatt.com\/de\/#website"},"primaryImageOfPage":{"@id":"https:\/\/schoenstatt.com\/de\/internationales-leben-eroeffnung-des-jubilaeumsjahres-des-projekts-pilgerheiligtum\/#primaryimage"},"image":{"@id":"https:\/\/schoenstatt.com\/de\/internationales-leben-eroeffnung-des-jubilaeumsjahres-des-projekts-pilgerheiligtum\/#primaryimage"},"thumbnailUrl":"https:\/\/schoenstatt.com\/wp-content\/uploads\/2024\/08\/live-pilgrim-mother-1.jpeg","datePublished":"2024-08-20T14:15:30+00:00","dateModified":"2025-05-15T18:15:19+00:00","description":"Nehmen Sie teil an der internationalen Er\u00f6ffnung des Jubil\u00e4umsjahres des Projekts Pilgerheiligtum: 75 Jahre der Gnade.","breadcrumb":{"@id":"https:\/\/schoenstatt.com\/de\/internationales-leben-eroeffnung-des-jubilaeumsjahres-des-projekts-pilgerheiligtum\/#breadcrumb"},"inLanguage":"de","potentialAction":[{"@type":"ReadAction","target":["https:\/\/schoenstatt.com\/de\/internationales-leben-eroeffnung-des-jubilaeumsjahres-des-projekts-pilgerheiligtum\/"]}]},{"@type":"ImageObject","inLanguage":"de","@id":"https:\/\/schoenstatt.com\/de\/internationales-leben-eroeffnung-des-jubilaeumsjahres-des-projekts-pilgerheiligtum\/#primaryimage","url":"https:\/\/schoenstatt.com\/wp-content\/uploads\/2024\/08\/live-pilgrim-mother-1.jpeg","contentUrl":"https:\/\/schoenstatt.com\/wp-content\/uploads\/2024\/08\/live-pilgrim-mother-1.jpeg","width":1280,"height":720},{"@type":"BreadcrumbList","@id":"https:\/\/schoenstatt.com\/de\/internationales-leben-eroeffnung-des-jubilaeumsjahres-des-projekts-pilgerheiligtum\/#breadcrumb","itemListElement":[{"@type":"ListItem","position":1,"name":"Portada","item":"https:\/\/schoenstatt.com\/de\/home\/"},{"@type":"ListItem","position":2,"name":"Internationales Leben: Er\u00f6ffnung des Jubil\u00e4umsjahres des Projekts Pilgerheiligtum"}]},{"@type":"WebSite","@id":"https:\/\/schoenstatt.com\/de\/#website","url":"https:\/\/schoenstatt.com\/de\/","name":"Schoenstatt","description":"Apostolic Movement","publisher":{"@id":"https:\/\/schoenstatt.com\/de\/#organization"},"potentialAction":[{"@type":"SearchAction","target":{"@type":"EntryPoint","urlTemplate":"https:\/\/schoenstatt.com\/de\/?s={search_term_string}"},"query-input":{"@type":"PropertyValueSpecification","valueRequired":true,"valueName":"search_term_string"}}],"inLanguage":"de"},{"@type":"Organization","@id":"https:\/\/schoenstatt.com\/de\/#organization","name":"Schoenstatt","url":"https:\/\/schoenstatt.com\/de\/","logo":{"@type":"ImageObject","inLanguage":"de","@id":"https:\/\/schoenstatt.com\/de\/#\/schema\/logo\/image\/","url":"https:\/\/schoenstatt.com\/wp-content\/uploads\/2025\/04\/logo-schoenstatt-white-696x696-1.png","contentUrl":"https:\/\/schoenstatt.com\/wp-content\/uploads\/2025\/04\/logo-schoenstatt-white-696x696-1.png","width":696,"height":694,"caption":"Schoenstatt"},"image":{"@id":"https:\/\/schoenstatt.com\/de\/#\/schema\/logo\/image\/"}},{"@type":"Person","@id":"https:\/\/schoenstatt.com\/de\/#\/schema\/person\/5158877ad4acae98b34daaeef2a1ce6e","name":"Karen Bueno","image":{"@type":"ImageObject","inLanguage":"de","@id":"https:\/\/secure.gravatar.com\/avatar\/f9f4b823873154269d2b2130f195f6d41037dd0d7fc5f3cacb5c846bae70d66b?s=96&d=mm&r=g","url":"https:\/\/secure.gravatar.com\/avatar\/f9f4b823873154269d2b2130f195f6d41037dd0d7fc5f3cacb5c846bae70d66b?s=96&d=mm&r=g","contentUrl":"https:\/\/secure.gravatar.com\/avatar\/f9f4b823873154269d2b2130f195f6d41037dd0d7fc5f3cacb5c846bae70d66b?s=96&d=mm&r=g","caption":"Karen Bueno"},"url":"https:\/\/schoenstatt.com\/de\/author\/karen-bueno\/"}]}},"_links":{"self":[{"href":"https:\/\/schoenstatt.com\/de\/wp-json\/wp\/v2\/posts\/40656","targetHints":{"allow":["GET"]}}],"collection":[{"href":"https:\/\/schoenstatt.com\/de\/wp-json\/wp\/v2\/posts"}],"about":[{"href":"https:\/\/schoenstatt.com\/de\/wp-json\/wp\/v2\/types\/post"}],"author":[{"embeddable":true,"href":"https:\/\/schoenstatt.com\/de\/wp-json\/wp\/v2\/users\/3"}],"replies":[{"embeddable":true,"href":"https:\/\/schoenstatt.com\/de\/wp-json\/wp\/v2\/comments?post=40656"}],"version-history":[{"count":1,"href":"https:\/\/schoenstatt.com\/de\/wp-json\/wp\/v2\/posts\/40656\/revisions"}],"predecessor-version":[{"id":46962,"href":"https:\/\/schoenstatt.com\/de\/wp-json\/wp\/v2\/posts\/40656\/revisions\/46962"}],"wp:featuredmedia":[{"embeddable":true,"href":"https:\/\/schoenstatt.com\/de\/wp-json\/wp\/v2\/media\/40652"}],"wp:attachment":[{"href":"https:\/\/schoenstatt.com\/de\/wp-json\/wp\/v2\/media?parent=40656"}],"wp:term":[{"taxonomy":"category","embeddable":true,"href":"https:\/\/schoenstatt.com\/de\/wp-json\/wp\/v2\/categories?post=40656"},{"taxonomy":"post_tag","embeddable":true,"href":"https:\/\/schoenstatt.com\/de\/wp-json\/wp\/v2\/tags?post=40656"}],"curies":[{"name":"wp","href":"https:\/\/api.w.org\/{rel}","templated":true}]}}