{"id":40612,"date":"2024-08-17T03:03:00","date_gmt":"2024-08-17T01:03:00","guid":{"rendered":"https:\/\/schoenstatt.com\/?p=40612"},"modified":"2025-05-15T19:14:07","modified_gmt":"2025-05-15T17:14:07","slug":"gesellschaft-im-wandel-familien-in-bujumbura-vereint-und-in-ausbildung","status":"publish","type":"post","link":"https:\/\/schoenstatt.com\/de\/gesellschaft-im-wandel-familien-in-bujumbura-vereint-und-in-ausbildung\/","title":{"rendered":"Gesellschaft im Wandel: Familien in Bujumbura vereint und in Ausbildung"},"content":{"rendered":"\n<p>Am 2., 3. und 4. August fand im Schulungszentrum \u201eK\u00f6nigin des Vertrauens\u201c in <a href=\"https:\/\/maps.app.goo.gl\/Aj1QGNS4uwjvxewn8\" target=\"_blank\" rel=\"noreferrer noopener\">Bujumbura<\/a>, Burundi, ein Treffen der Mitglieder der <a href=\"https:\/\/schoenstatt.com\/de\/in-gemeinschaft\/famile\/familienbewegung\/\">Sch\u00f6nstatt-Familienliga<\/a> statt. Das Treffen begann mit einer heiligen Messe. Anschlie\u00dfend wurden die Teilnehmer zu einer ersten Schulungseinheit \u00fcber die Bedeutung des Hausheiligtums in der Familie, das hei\u00dft \u00fcber den Wert des Gebets im Familienleben begr\u00fc\u00dft.<\/p>\n\n\n\n<p>Nach der Einf\u00fchrung tauschten sich alle \u00fcber das soeben Geh\u00f6rte aus. Der Referent vertiefte diesen Austausch, indem er die Bedeutung des Gebets in der Familie hervorhob und gleichzeitig die Rolle der einzelnen Familienmitglieder im Gebet betonte, insbesondere die Rolle des Mannes als Familienoberhaupt. Ihm obliegt es, das Gebet zu leiten und in allem, was notwendig ist, auf Gott und die Gottesmutter zu vertrauen. Der Referent ermutigte die Teilnehmer, nicht nur zu beten, sondern auch zu handeln.<\/p>\n\n\n\n<figure class=\"wp-block-image size-large\"><img decoding=\"async\" src=\"https:\/\/schoenstatt.com\/wp-content\/uploads\/2024\/08\/families-burundi-3-1024x768.jpg\" alt=\"\" class=\"wp-image-40590\"\/><\/figure>\n\n\n\n<h2 class=\"wp-block-heading\" id=\"h-strategie-angesichts-gesellschaftlicher-herausforderungen\"><strong>Strategie angesichts gesellschaftlicher Herausforderungen<\/strong><\/h2>\n\n\n\n<p>\u00dcberraschend war die gro\u00dfe Beteiligung der Familien. Trotz der \u00fcblichen Schwierigkeiten, einen Bus zu finden und sich in Burundi fortzubewegen, nahmen 36 Ehepaare und 18 Personen teil.<\/p>\n\n\n\n<p>Es war auch eine Gelegenheit, zu diskutieren, wie man ein gemeinsames Problem, das f\u00fcr die Familien allgegenw\u00e4rtig ist, im Land \u00fcberwinden kann: die hohen Lebensunterhaltkosten. Sie stellten sich die Frage: \u201eWie k\u00f6nnen wir als echte Sch\u00f6nst\u00e4tter handeln?\u201c Mehrere Ziele wurden genannt, unter anderem die Selbsterziehung, die durch eine \u00c4nderung des Verhaltens und der Mentalit\u00e4t gekennzeichnet ist, z. B. kein Geld f\u00fcr unn\u00f6tige Getr\u00e4nke und Kleidung zu verschwenden. Man solle keine Angst vor der gegenw\u00e4rtigen Armut haben, sondern Strategien entwickeln, um sie zu \u00fcberwinden.<\/p>\n\n\n\n<p>Die Ehepaare gaben sich auch gegenseitig Beispiele: Gem\u00fcse und schnell wachsende Pflanzen anbauen; Kleintiere z\u00fcchten; einander helfen, indem Mann und Frau zusammenarbeiten; den Mitgliedern der Sch\u00f6nstatt-Familienliga vertrauen; den Verbrauch von Kleidung und Lebensmitteln regeln; sich nicht scheuen, ein Projekt in der Nachbarschaft zu entwickeln; den Kindern Hausarbeiten beibringen, besonders in den Ferien. Gleichzeitig wurden Treue und Vertrauen als Vors\u00e4tze nach der ersten Konferenz hervorgehoben: Beten w\u00e4hrend der Arbeit.<\/p>\n\n\n\n<figure class=\"wp-block-image size-full\"><img decoding=\"async\" src=\"https:\/\/schoenstatt.com\/wp-content\/uploads\/2024\/08\/families-burundi-2.jpg\" alt=\"\" class=\"wp-image-40586\"\/><\/figure>\n\n\n\n<h2 class=\"wp-block-heading\" id=\"h-neun-paare-schlossen-das-liebesbundnis\"><strong>Neun Paare schlossen das Liebesb\u00fcndnis<\/strong><\/h2>\n\n\n\n<p>Der zweite Tag des Treffens stand unter dem Thema \u201eEinheit und Liebe in der Kirche, die unsere Familie ist, st\u00e4rken\u201c. Es wurde betont, dass Einheit und Liebe in der Familie sehr wichtig sind. Die Sakramente geben Kraft, in der Liebe zu wachsen und die Familie zu einer Hauskirche zu machen.<\/p>\n\n\n\n<p>Das dritte Thema lautete: \u201eDas Kennzeichen derer, die das Liebesb\u00fcndnis mit der Gottesmutter leben, ist die Erf\u00fcllung der sechs Versprechen und der sechs Forderungen.\u201c<\/p>\n\n\n\n<p>Das Ziel der Familienliga und die damit verbundenen drei S\u00e4ulen wurden in Erinnerung gerufen.<\/p>\n\n\n\n<ul class=\"wp-block-list\">\n<li>Die Dreimal Wunderbare Mutter lieben<\/li>\n\n\n\n<li>die Heiligung des allt\u00e4glichen Lebens<\/li>\n\n\n\n<li>das Apostolat<\/li>\n<\/ul>\n\n\n\n<p>Das Treffen endete mit einer heiligen Messe im Heiligtum des Friedens und der Vers\u00f6hnung auf dem Berg Sion Gikungu.<\/p>\n\n\n\n<p>Dort schlossen neun Ehepaare ihr Liebesb\u00fcndnis mit der Gottesmutter und \u00fcber 25 erneuerten es; neun nahmen das Hausheiligtum an und 36 erneuerten ihr Eheversprechen. Es herrschte eine Atmosph\u00e4re der Freude, die sich in Liedern und Worten ausdr\u00fcckte. Die Freude gipfelte in einem besonderen Empfang nach der Eucharistiefeier.<\/p>\n","protected":false},"excerpt":{"rendered":"<p>In der Erzdi\u00f6zese Bujumbura (Burundi) erlebten die Familien der Sch\u00f6nstattbewegung besondere Tage der Begegnung und Bildung.<\/p>\n","protected":false},"author":3,"featured_media":40593,"comment_status":"closed","ping_status":"closed","sticky":false,"template":"","format":"standard","meta":{"footnotes":""},"categories":[71,874],"tags":[],"class_list":["post-40612","post","type-post","status-publish","format-standard","has-post-thumbnail","hentry","category-afrika-de","category-familie-de"],"yoast_head":"<!-- This site is optimized with the Yoast SEO Premium plugin v27.4 (Yoast SEO v27.5) - https:\/\/yoast.com\/product\/yoast-seo-premium-wordpress\/ -->\n<title>Gesellschaft im Wandel: Familien in Bujumbura vereint und in Ausbildung<\/title>\n<meta name=\"description\" content=\"In der Erzdi\u00f6zese Bujumbura (Burundi) erlebten die Familien der Sch\u00f6nstattbewegung besondere Tage der Begegnung und Bildung.\" \/>\n<meta name=\"robots\" content=\"index, follow, max-snippet:-1, max-image-preview:large, max-video-preview:-1\" \/>\n<link rel=\"canonical\" href=\"https:\/\/schoenstatt.com\/de\/gesellschaft-im-wandel-familien-in-bujumbura-vereint-und-in-ausbildung\/\" \/>\n<meta property=\"og:locale\" content=\"de_DE\" \/>\n<meta property=\"og:type\" content=\"article\" \/>\n<meta property=\"og:title\" content=\"Gesellschaft im Wandel: Familien in Bujumbura vereint und in Ausbildung\" \/>\n<meta property=\"og:description\" content=\"In der Erzdi\u00f6zese Bujumbura (Burundi) erlebten die Familien der Sch\u00f6nstattbewegung besondere Tage der Begegnung und Bildung.\" \/>\n<meta property=\"og:url\" content=\"https:\/\/schoenstatt.com\/de\/gesellschaft-im-wandel-familien-in-bujumbura-vereint-und-in-ausbildung\/\" \/>\n<meta property=\"og:site_name\" content=\"Schoenstatt\" \/>\n<meta property=\"article:published_time\" content=\"2024-08-17T01:03:00+00:00\" \/>\n<meta property=\"article:modified_time\" content=\"2025-05-15T17:14:07+00:00\" \/>\n<meta property=\"og:image\" content=\"https:\/\/schoenstatt.com\/wp-content\/uploads\/2024\/08\/families-burundi-1.jpg\" \/>\n\t<meta property=\"og:image:width\" content=\"2048\" \/>\n\t<meta property=\"og:image:height\" content=\"1512\" \/>\n\t<meta property=\"og:image:type\" content=\"image\/jpeg\" \/>\n<meta name=\"author\" content=\"Karen Bueno\" \/>\n<meta name=\"twitter:card\" content=\"summary_large_image\" \/>\n<meta name=\"twitter:label1\" content=\"Verfasst von\" \/>\n\t<meta name=\"twitter:data1\" content=\"Karen Bueno\" \/>\n\t<meta name=\"twitter:label2\" content=\"Gesch\u00e4tzte Lesezeit\" \/>\n\t<meta name=\"twitter:data2\" content=\"3\u00a0Minuten\" \/>\n<script type=\"application\/ld+json\" class=\"yoast-schema-graph\">{\"@context\":\"https:\\\/\\\/schema.org\",\"@graph\":[{\"@type\":\"Article\",\"@id\":\"https:\\\/\\\/schoenstatt.com\\\/de\\\/gesellschaft-im-wandel-familien-in-bujumbura-vereint-und-in-ausbildung\\\/#article\",\"isPartOf\":{\"@id\":\"https:\\\/\\\/schoenstatt.com\\\/de\\\/gesellschaft-im-wandel-familien-in-bujumbura-vereint-und-in-ausbildung\\\/\"},\"author\":{\"name\":\"Karen Bueno\",\"@id\":\"https:\\\/\\\/schoenstatt.com\\\/de\\\/#\\\/schema\\\/person\\\/5158877ad4acae98b34daaeef2a1ce6e\"},\"headline\":\"Gesellschaft im Wandel: Familien in Bujumbura vereint und in Ausbildung\",\"datePublished\":\"2024-08-17T01:03:00+00:00\",\"dateModified\":\"2025-05-15T17:14:07+00:00\",\"mainEntityOfPage\":{\"@id\":\"https:\\\/\\\/schoenstatt.com\\\/de\\\/gesellschaft-im-wandel-familien-in-bujumbura-vereint-und-in-ausbildung\\\/\"},\"wordCount\":520,\"publisher\":{\"@id\":\"https:\\\/\\\/schoenstatt.com\\\/de\\\/#organization\"},\"image\":{\"@id\":\"https:\\\/\\\/schoenstatt.com\\\/de\\\/gesellschaft-im-wandel-familien-in-bujumbura-vereint-und-in-ausbildung\\\/#primaryimage\"},\"thumbnailUrl\":\"https:\\\/\\\/schoenstatt.com\\\/wp-content\\\/uploads\\\/2024\\\/08\\\/families-burundi-1.jpg\",\"articleSection\":[\"Afrika\",\"Familie\"],\"inLanguage\":\"de\"},{\"@type\":\"WebPage\",\"@id\":\"https:\\\/\\\/schoenstatt.com\\\/de\\\/gesellschaft-im-wandel-familien-in-bujumbura-vereint-und-in-ausbildung\\\/\",\"url\":\"https:\\\/\\\/schoenstatt.com\\\/de\\\/gesellschaft-im-wandel-familien-in-bujumbura-vereint-und-in-ausbildung\\\/\",\"name\":\"Gesellschaft im Wandel: Familien in Bujumbura vereint und in Ausbildung\",\"isPartOf\":{\"@id\":\"https:\\\/\\\/schoenstatt.com\\\/de\\\/#website\"},\"primaryImageOfPage\":{\"@id\":\"https:\\\/\\\/schoenstatt.com\\\/de\\\/gesellschaft-im-wandel-familien-in-bujumbura-vereint-und-in-ausbildung\\\/#primaryimage\"},\"image\":{\"@id\":\"https:\\\/\\\/schoenstatt.com\\\/de\\\/gesellschaft-im-wandel-familien-in-bujumbura-vereint-und-in-ausbildung\\\/#primaryimage\"},\"thumbnailUrl\":\"https:\\\/\\\/schoenstatt.com\\\/wp-content\\\/uploads\\\/2024\\\/08\\\/families-burundi-1.jpg\",\"datePublished\":\"2024-08-17T01:03:00+00:00\",\"dateModified\":\"2025-05-15T17:14:07+00:00\",\"description\":\"In der Erzdi\u00f6zese Bujumbura (Burundi) erlebten die Familien der Sch\u00f6nstattbewegung besondere Tage der Begegnung und Bildung.\",\"breadcrumb\":{\"@id\":\"https:\\\/\\\/schoenstatt.com\\\/de\\\/gesellschaft-im-wandel-familien-in-bujumbura-vereint-und-in-ausbildung\\\/#breadcrumb\"},\"inLanguage\":\"de\",\"potentialAction\":[{\"@type\":\"ReadAction\",\"target\":[\"https:\\\/\\\/schoenstatt.com\\\/de\\\/gesellschaft-im-wandel-familien-in-bujumbura-vereint-und-in-ausbildung\\\/\"]}]},{\"@type\":\"ImageObject\",\"inLanguage\":\"de\",\"@id\":\"https:\\\/\\\/schoenstatt.com\\\/de\\\/gesellschaft-im-wandel-familien-in-bujumbura-vereint-und-in-ausbildung\\\/#primaryimage\",\"url\":\"https:\\\/\\\/schoenstatt.com\\\/wp-content\\\/uploads\\\/2024\\\/08\\\/families-burundi-1.jpg\",\"contentUrl\":\"https:\\\/\\\/schoenstatt.com\\\/wp-content\\\/uploads\\\/2024\\\/08\\\/families-burundi-1.jpg\",\"width\":2048,\"height\":1512},{\"@type\":\"BreadcrumbList\",\"@id\":\"https:\\\/\\\/schoenstatt.com\\\/de\\\/gesellschaft-im-wandel-familien-in-bujumbura-vereint-und-in-ausbildung\\\/#breadcrumb\",\"itemListElement\":[{\"@type\":\"ListItem\",\"position\":1,\"name\":\"Portada\",\"item\":\"https:\\\/\\\/schoenstatt.com\\\/de\\\/home\\\/\"},{\"@type\":\"ListItem\",\"position\":2,\"name\":\"Gesellschaft im Wandel: Familien in Bujumbura vereint und in Ausbildung\"}]},{\"@type\":\"WebSite\",\"@id\":\"https:\\\/\\\/schoenstatt.com\\\/de\\\/#website\",\"url\":\"https:\\\/\\\/schoenstatt.com\\\/de\\\/\",\"name\":\"Schoenstatt\",\"description\":\"Apostolic Movement\",\"publisher\":{\"@id\":\"https:\\\/\\\/schoenstatt.com\\\/de\\\/#organization\"},\"potentialAction\":[{\"@type\":\"SearchAction\",\"target\":{\"@type\":\"EntryPoint\",\"urlTemplate\":\"https:\\\/\\\/schoenstatt.com\\\/de\\\/?s={search_term_string}\"},\"query-input\":{\"@type\":\"PropertyValueSpecification\",\"valueRequired\":true,\"valueName\":\"search_term_string\"}}],\"inLanguage\":\"de\"},{\"@type\":\"Organization\",\"@id\":\"https:\\\/\\\/schoenstatt.com\\\/de\\\/#organization\",\"name\":\"Schoenstatt\",\"url\":\"https:\\\/\\\/schoenstatt.com\\\/de\\\/\",\"logo\":{\"@type\":\"ImageObject\",\"inLanguage\":\"de\",\"@id\":\"https:\\\/\\\/schoenstatt.com\\\/de\\\/#\\\/schema\\\/logo\\\/image\\\/\",\"url\":\"https:\\\/\\\/schoenstatt.com\\\/wp-content\\\/uploads\\\/2025\\\/04\\\/logo-schoenstatt-white-696x696-1.png\",\"contentUrl\":\"https:\\\/\\\/schoenstatt.com\\\/wp-content\\\/uploads\\\/2025\\\/04\\\/logo-schoenstatt-white-696x696-1.png\",\"width\":696,\"height\":694,\"caption\":\"Schoenstatt\"},\"image\":{\"@id\":\"https:\\\/\\\/schoenstatt.com\\\/de\\\/#\\\/schema\\\/logo\\\/image\\\/\"}},{\"@type\":\"Person\",\"@id\":\"https:\\\/\\\/schoenstatt.com\\\/de\\\/#\\\/schema\\\/person\\\/5158877ad4acae98b34daaeef2a1ce6e\",\"name\":\"Karen Bueno\",\"image\":{\"@type\":\"ImageObject\",\"inLanguage\":\"de\",\"@id\":\"https:\\\/\\\/secure.gravatar.com\\\/avatar\\\/f9f4b823873154269d2b2130f195f6d41037dd0d7fc5f3cacb5c846bae70d66b?s=96&d=mm&r=g\",\"url\":\"https:\\\/\\\/secure.gravatar.com\\\/avatar\\\/f9f4b823873154269d2b2130f195f6d41037dd0d7fc5f3cacb5c846bae70d66b?s=96&d=mm&r=g\",\"contentUrl\":\"https:\\\/\\\/secure.gravatar.com\\\/avatar\\\/f9f4b823873154269d2b2130f195f6d41037dd0d7fc5f3cacb5c846bae70d66b?s=96&d=mm&r=g\",\"caption\":\"Karen Bueno\"},\"url\":\"https:\\\/\\\/schoenstatt.com\\\/de\\\/author\\\/karen-bueno\\\/\"}]}<\/script>\n<!-- \/ Yoast SEO Premium plugin. -->","yoast_head_json":{"title":"Gesellschaft im Wandel: Familien in Bujumbura vereint und in Ausbildung","description":"In der Erzdi\u00f6zese Bujumbura (Burundi) erlebten die Familien der Sch\u00f6nstattbewegung besondere Tage der Begegnung und Bildung.","robots":{"index":"index","follow":"follow","max-snippet":"max-snippet:-1","max-image-preview":"max-image-preview:large","max-video-preview":"max-video-preview:-1"},"canonical":"https:\/\/schoenstatt.com\/de\/gesellschaft-im-wandel-familien-in-bujumbura-vereint-und-in-ausbildung\/","og_locale":"de_DE","og_type":"article","og_title":"Gesellschaft im Wandel: Familien in Bujumbura vereint und in Ausbildung","og_description":"In der Erzdi\u00f6zese Bujumbura (Burundi) erlebten die Familien der Sch\u00f6nstattbewegung besondere Tage der Begegnung und Bildung.","og_url":"https:\/\/schoenstatt.com\/de\/gesellschaft-im-wandel-familien-in-bujumbura-vereint-und-in-ausbildung\/","og_site_name":"Schoenstatt","article_published_time":"2024-08-17T01:03:00+00:00","article_modified_time":"2025-05-15T17:14:07+00:00","og_image":[{"width":2048,"height":1512,"url":"https:\/\/schoenstatt.com\/wp-content\/uploads\/2024\/08\/families-burundi-1.jpg","type":"image\/jpeg"}],"author":"Karen Bueno","twitter_card":"summary_large_image","twitter_misc":{"Verfasst von":"Karen Bueno","Gesch\u00e4tzte Lesezeit":"3\u00a0Minuten"},"schema":{"@context":"https:\/\/schema.org","@graph":[{"@type":"Article","@id":"https:\/\/schoenstatt.com\/de\/gesellschaft-im-wandel-familien-in-bujumbura-vereint-und-in-ausbildung\/#article","isPartOf":{"@id":"https:\/\/schoenstatt.com\/de\/gesellschaft-im-wandel-familien-in-bujumbura-vereint-und-in-ausbildung\/"},"author":{"name":"Karen Bueno","@id":"https:\/\/schoenstatt.com\/de\/#\/schema\/person\/5158877ad4acae98b34daaeef2a1ce6e"},"headline":"Gesellschaft im Wandel: Familien in Bujumbura vereint und in Ausbildung","datePublished":"2024-08-17T01:03:00+00:00","dateModified":"2025-05-15T17:14:07+00:00","mainEntityOfPage":{"@id":"https:\/\/schoenstatt.com\/de\/gesellschaft-im-wandel-familien-in-bujumbura-vereint-und-in-ausbildung\/"},"wordCount":520,"publisher":{"@id":"https:\/\/schoenstatt.com\/de\/#organization"},"image":{"@id":"https:\/\/schoenstatt.com\/de\/gesellschaft-im-wandel-familien-in-bujumbura-vereint-und-in-ausbildung\/#primaryimage"},"thumbnailUrl":"https:\/\/schoenstatt.com\/wp-content\/uploads\/2024\/08\/families-burundi-1.jpg","articleSection":["Afrika","Familie"],"inLanguage":"de"},{"@type":"WebPage","@id":"https:\/\/schoenstatt.com\/de\/gesellschaft-im-wandel-familien-in-bujumbura-vereint-und-in-ausbildung\/","url":"https:\/\/schoenstatt.com\/de\/gesellschaft-im-wandel-familien-in-bujumbura-vereint-und-in-ausbildung\/","name":"Gesellschaft im Wandel: Familien in Bujumbura vereint und in Ausbildung","isPartOf":{"@id":"https:\/\/schoenstatt.com\/de\/#website"},"primaryImageOfPage":{"@id":"https:\/\/schoenstatt.com\/de\/gesellschaft-im-wandel-familien-in-bujumbura-vereint-und-in-ausbildung\/#primaryimage"},"image":{"@id":"https:\/\/schoenstatt.com\/de\/gesellschaft-im-wandel-familien-in-bujumbura-vereint-und-in-ausbildung\/#primaryimage"},"thumbnailUrl":"https:\/\/schoenstatt.com\/wp-content\/uploads\/2024\/08\/families-burundi-1.jpg","datePublished":"2024-08-17T01:03:00+00:00","dateModified":"2025-05-15T17:14:07+00:00","description":"In der Erzdi\u00f6zese Bujumbura (Burundi) erlebten die Familien der Sch\u00f6nstattbewegung besondere Tage der Begegnung und Bildung.","breadcrumb":{"@id":"https:\/\/schoenstatt.com\/de\/gesellschaft-im-wandel-familien-in-bujumbura-vereint-und-in-ausbildung\/#breadcrumb"},"inLanguage":"de","potentialAction":[{"@type":"ReadAction","target":["https:\/\/schoenstatt.com\/de\/gesellschaft-im-wandel-familien-in-bujumbura-vereint-und-in-ausbildung\/"]}]},{"@type":"ImageObject","inLanguage":"de","@id":"https:\/\/schoenstatt.com\/de\/gesellschaft-im-wandel-familien-in-bujumbura-vereint-und-in-ausbildung\/#primaryimage","url":"https:\/\/schoenstatt.com\/wp-content\/uploads\/2024\/08\/families-burundi-1.jpg","contentUrl":"https:\/\/schoenstatt.com\/wp-content\/uploads\/2024\/08\/families-burundi-1.jpg","width":2048,"height":1512},{"@type":"BreadcrumbList","@id":"https:\/\/schoenstatt.com\/de\/gesellschaft-im-wandel-familien-in-bujumbura-vereint-und-in-ausbildung\/#breadcrumb","itemListElement":[{"@type":"ListItem","position":1,"name":"Portada","item":"https:\/\/schoenstatt.com\/de\/home\/"},{"@type":"ListItem","position":2,"name":"Gesellschaft im Wandel: Familien in Bujumbura vereint und in Ausbildung"}]},{"@type":"WebSite","@id":"https:\/\/schoenstatt.com\/de\/#website","url":"https:\/\/schoenstatt.com\/de\/","name":"Schoenstatt","description":"Apostolic Movement","publisher":{"@id":"https:\/\/schoenstatt.com\/de\/#organization"},"potentialAction":[{"@type":"SearchAction","target":{"@type":"EntryPoint","urlTemplate":"https:\/\/schoenstatt.com\/de\/?s={search_term_string}"},"query-input":{"@type":"PropertyValueSpecification","valueRequired":true,"valueName":"search_term_string"}}],"inLanguage":"de"},{"@type":"Organization","@id":"https:\/\/schoenstatt.com\/de\/#organization","name":"Schoenstatt","url":"https:\/\/schoenstatt.com\/de\/","logo":{"@type":"ImageObject","inLanguage":"de","@id":"https:\/\/schoenstatt.com\/de\/#\/schema\/logo\/image\/","url":"https:\/\/schoenstatt.com\/wp-content\/uploads\/2025\/04\/logo-schoenstatt-white-696x696-1.png","contentUrl":"https:\/\/schoenstatt.com\/wp-content\/uploads\/2025\/04\/logo-schoenstatt-white-696x696-1.png","width":696,"height":694,"caption":"Schoenstatt"},"image":{"@id":"https:\/\/schoenstatt.com\/de\/#\/schema\/logo\/image\/"}},{"@type":"Person","@id":"https:\/\/schoenstatt.com\/de\/#\/schema\/person\/5158877ad4acae98b34daaeef2a1ce6e","name":"Karen Bueno","image":{"@type":"ImageObject","inLanguage":"de","@id":"https:\/\/secure.gravatar.com\/avatar\/f9f4b823873154269d2b2130f195f6d41037dd0d7fc5f3cacb5c846bae70d66b?s=96&d=mm&r=g","url":"https:\/\/secure.gravatar.com\/avatar\/f9f4b823873154269d2b2130f195f6d41037dd0d7fc5f3cacb5c846bae70d66b?s=96&d=mm&r=g","contentUrl":"https:\/\/secure.gravatar.com\/avatar\/f9f4b823873154269d2b2130f195f6d41037dd0d7fc5f3cacb5c846bae70d66b?s=96&d=mm&r=g","caption":"Karen Bueno"},"url":"https:\/\/schoenstatt.com\/de\/author\/karen-bueno\/"}]}},"_links":{"self":[{"href":"https:\/\/schoenstatt.com\/de\/wp-json\/wp\/v2\/posts\/40612","targetHints":{"allow":["GET"]}}],"collection":[{"href":"https:\/\/schoenstatt.com\/de\/wp-json\/wp\/v2\/posts"}],"about":[{"href":"https:\/\/schoenstatt.com\/de\/wp-json\/wp\/v2\/types\/post"}],"author":[{"embeddable":true,"href":"https:\/\/schoenstatt.com\/de\/wp-json\/wp\/v2\/users\/3"}],"replies":[{"embeddable":true,"href":"https:\/\/schoenstatt.com\/de\/wp-json\/wp\/v2\/comments?post=40612"}],"version-history":[{"count":1,"href":"https:\/\/schoenstatt.com\/de\/wp-json\/wp\/v2\/posts\/40612\/revisions"}],"predecessor-version":[{"id":46956,"href":"https:\/\/schoenstatt.com\/de\/wp-json\/wp\/v2\/posts\/40612\/revisions\/46956"}],"wp:featuredmedia":[{"embeddable":true,"href":"https:\/\/schoenstatt.com\/de\/wp-json\/wp\/v2\/media\/40593"}],"wp:attachment":[{"href":"https:\/\/schoenstatt.com\/de\/wp-json\/wp\/v2\/media?parent=40612"}],"wp:term":[{"taxonomy":"category","embeddable":true,"href":"https:\/\/schoenstatt.com\/de\/wp-json\/wp\/v2\/categories?post=40612"},{"taxonomy":"post_tag","embeddable":true,"href":"https:\/\/schoenstatt.com\/de\/wp-json\/wp\/v2\/tags?post=40612"}],"curies":[{"name":"wp","href":"https:\/\/api.w.org\/{rel}","templated":true}]}}