{"id":40581,"date":"2024-08-16T03:03:00","date_gmt":"2024-08-16T01:03:00","guid":{"rendered":"https:\/\/schoenstatt.com\/?p=40581"},"modified":"2025-05-15T20:17:18","modified_gmt":"2025-05-15T18:17:18","slug":"wenn-versprechen-wahr-werden","status":"publish","type":"post","link":"https:\/\/schoenstatt.com\/de\/wenn-versprechen-wahr-werden\/","title":{"rendered":"Wenn Versprechen wahr werden\u2026"},"content":{"rendered":"\n<p>Am 8. Juni ist Sr. M. Emmanuela Ghioldi in Quarten (Schweiz) mit dem Prix-FAGS, dem Preis der Frauen-Arbeitsgemeinschaft Sarganserland, f\u00fcr ihr Lebenswerk geehrt worden (<a href=\"https:\/\/www.s-ms.org\/2024\/07\/20\/ein-leben-fuer-die-armen-und-kranken-in-burundi\/\" target=\"_blank\" rel=\"noreferrer noopener\">zum Artikel hier<\/a>): Seit vielen Jahren stellt sie sich ganz in den Dienst der Armen und Kranken in Burundi. Schoenstatt.com hatte die Gelegenheit, pers\u00f6nlich mit ihr \u00fcber ihren Einsatz und \u00fcber das zu sprechen, was sie dazu motiviert.<\/p>\n\n\n\n<h3 class=\"wp-block-heading\" id=\"h-liebe-sr-m-emmanuela-wie-kam-es-zu-ihrem-einsatz-in-burundi-und-was-ist-eigentlich-ihr-beruflicher-hintergrund\"><strong>Liebe Sr. M. Emmanuela, wie kam es zu Ihrem Einsatz in Burundi \u2013 und was ist eigentlich Ihr beruflicher Hintergrund?<\/strong><\/h3>\n\n\n\n<p>Ich habe schon als 10-j\u00e4hriges Kind dem lieben Gott versprochen, einmal in einem armen Land zu helfen. Das hat meine Berufswahl beeinflusst: Ich lernte Krankenschwester (heute sagt man \u201ePflegefachfrau\u201c) in der Krankenschwesternschule in Ilanz (GR) in der Schweiz. W\u00e4hrend der Ausbildung schloss ich mich der Sch\u00f6nstattjugend an. In meinem 22. Lebensjahr reifte dann der Entschluss in mir, bei den <a href=\"https:\/\/schoenstatt.com\/de\/in-gemeinschaft\/frauen\/marienschwestern\/\">Sch\u00f6nst\u00e4tter Marienschwestern<\/a> einzutreten \u2013 verbunden mit dem Wunsch, in ein Missionsland ausgesandt zu werden. Als ich mich in Quarten vorstellte, erfuhr ich, dass die Schweizer Provinz bald die Verantwortung f\u00fcr das Missionsgebiet in Burundi\/Zentralafrika \u00fcbernehmen w\u00fcrde. So trat ich 1984 mit der Sehnsucht bei den Marienschwestern ein, sp\u00e4ter in Burundi eingesetzt zu werden.<\/p>\n\n\n\n<figure class=\"wp-block-image size-large\"><img decoding=\"async\" src=\"https:\/\/schoenstatt.com\/wp-content\/uploads\/2024\/08\/Sr_emmanuela_Ghioldi_Burundi-2-1024x768.jpg\" alt=\"\" class=\"wp-image-40565\"\/><\/figure>\n\n\n\n<h3 class=\"wp-block-heading\" id=\"h-nach-ihrer-einkleidung-waren-sie-zunachst-einige-jahre-in-verschiedenen-arbeitsbereichen-innerhalb-und-ausserhalb-der-schwesterngemeinschaft-tatig-wahrenddessen-haben-sie-schon-franzosisch-gelernt-um-sich-auf-das-neue-land-vorzubereiten-und-eines-tages-war-es-soweit\"><strong>Nach Ihrer Einkleidung waren Sie zun\u00e4chst einige Jahre in verschiedenen Arbeitsbereichen innerhalb und au\u00dferhalb der Schwesterngemeinschaft t\u00e4tig. W\u00e4hrenddessen haben Sie schon Franz\u00f6sisch gelernt, um sich auf das neue Land vorzubereiten. Und eines Tages war es soweit\u2026<\/strong><\/h3>\n\n\n\n<p>Ja, im Februar 1996 konnte ich in \u201emeine neue Heimat\u201c Burundi fliegen: in ein Land, das seit 1993 von einem B\u00fcrgerkrieg heimgesucht wurde und sich weiterhin in einer Kriegssituation befand. Wir Schwestern hatten unsere Niederlassung mit der Sch\u00f6nst\u00e4tter Marienkapelle in Mutumba in der sogenannten roten Zone. Mutumba liegt circa 30 km von der Hauptstadt Bujumbura entfernt. Die Bev\u00f6lkerung fl\u00fcchtete sich oft in unsere H\u00e4user. Dort f\u00fchlten die Menschen sich am sichersten. Kurz nach meiner Ankunft sandte uns die deutsche Botschaft die Nachricht, dass wir aus Sicherheitsgr\u00fcnden sofort das Land verlassen sollten. Wir entschlossen uns jedoch, das Volk nicht im Stich zu lassen. Das hatte auch religi\u00f6se Gr\u00fcnde: Die Gottesmutter hat sich hier im Kapellchen niedergelassen, also bleiben wir ihr treu. W\u00e4hrend der Kriegszeit haben wir etliche Male den offensichtlichen Schutz von oben erlebt. Wir konnten ihn immer wieder mit H\u00e4nden greifen.<\/p>\n\n\n\n<p>So hat mich das Zeugnis eines ehemaligen Rebellen beeindruckt, der nach dem Krieg einer jungen einheimischen Schwester erz\u00e4hlte: \u201eIhr betet viel! Immer wieder hatten wir den Plan, eure Schwesternh\u00e4user anzugreifen, doch jedes Mal kehrten wir um, ohne recht zu wissen, wieso.\u201c Ja, in dieser Zeit wurde viel gestohlen und es wurden auch Leute umgebracht.<\/p>\n\n\n\n<figure class=\"wp-block-image size-large\"><img decoding=\"async\" src=\"https:\/\/schoenstatt.com\/wp-content\/uploads\/2024\/08\/Sr_emmanuela_Ghioldi_Burundi-3-1024x769.jpg\" alt=\"\" class=\"wp-image-40569\"\/><\/figure>\n\n\n\n<h3 class=\"wp-block-heading\" id=\"h-wie-sieht-ihre-arbeit-im-krankenhaus-im-moment-aus\"><strong>Wie sieht Ihre Arbeit im Krankenhaus im Moment aus?<\/strong><\/h3>\n\n\n\n<p>Ich bin nicht in einem Krankenhaus, sondern seit 2004 im Gesundheitszentrum Mutumba t\u00e4tig, das den Sch\u00f6nst\u00e4tter Marienschwestern geh\u00f6rt. Obwohl es ein ambulant behandelndes Gesundheitszentrum ist, in dem nur an drei Tagen pro Woche ein Arzt arbeitet und ansonsten vor allem Krankenschwestern und -pfleger die Behandlung \u00fcbernehmen, kommen viele Patienten zu uns, die in Europa einen Spitalaufenthalt ben\u00f6tigen w\u00fcrden. Menschen, die operiert werden m\u00fcssen oder unter komplexen Krankheiten leiden, \u00fcberweisen wir in unser Distriktspital oder Stadtspital. Wir selbst haben noch ein kleines Spital mit 40 Betten, in dem wir pro Monat etwa 125 Kranke pflegen.<br>Als Verantwortliche des Gesundheitszentrums arbeite ich vor allem im administrativen Bereich.<\/p>\n\n\n\n<h3 class=\"wp-block-heading\" id=\"h-wie-sieht-die-soziale-realitat-der-menschen-aus-die-ihre-einrichtung-aufsuchen\"><strong>Wie sieht die soziale Realit\u00e4t der Menschen aus, die Ihre Einrichtung aufsuchen?<\/strong><\/h3>\n\n\n\n<p>Wir haben Patienten mit den verschiedensten Pathologien. Die h\u00e4ufigste Krankheit ist Malaria, es kommen aber auch Kleinkinder mit Lungenentz\u00fcndung, Menschen mit Magen-Darm- oder Wurmerkrankungen, mit Tropenwunden, Lepra, Verbrennungen oder Hautkrankheiten, psychisch Kranke (vor allem Psychosepatienten), Tuberkulosekranke, Diabetiker, Unterern\u00e4hrte, Unfallopfer etc. Au\u00dferdem haben wir eine Entbindungsstation, die zudem Schwangerschaftsuntersuchungen und ein Impfsystem f\u00fcr Neugeborene und Kleinkinder anbietet. Insofern kommen auch viele M\u00fctter bzw. werdende M\u00fctter zu uns. Auch Personen, die HIV-positiv sind, werden bei uns betreut.<\/p>\n\n\n\n<p>Wir leben hier in Mutumba in einer Region, in der es viele Arme gibt. So helfen wir vielen, die die Medikamente oder Pflege selbst nicht bezahlen k\u00f6nnen, und \u00fcbernehmen die Rechnung f\u00fcr den Krankenhausaufenthalt. Vor allem die Zuckerkranken k\u00f6nnen das Insulin meist nicht bezahlen, denn es gibt hier einen sogenannten Armendiabetes. Auch die Familien von Psychosekranken sind uns dankbar, dass wir die Kosten der teuren Medikamente \u00fcbernehmen. Die Menschen, die unser Gesundheitszentrum aufsuchen, wenden sich aber oft nicht nur mit medizinischen Anliegen, sondern auch mit allerlei anderen Sorgen an uns: wenn sie Hunger haben, das H\u00e4uschen zusammengefallen ist, die Kinder Schulhefter f\u00fcr die Schule brauchen, welche die Eltern nicht selber bezahlen k\u00f6nnen etc. So sind wir mit vielen Fragen der Armut konfrontiert und k\u00f6nnen dank der Spenden von einem Wohlt\u00e4terkreis auch vielen helfen.<\/p>\n\n\n\n<figure class=\"wp-block-image size-large\"><img decoding=\"async\" src=\"https:\/\/schoenstatt.com\/wp-content\/uploads\/2024\/08\/Sr_emmanuela_Ghioldi_Burundi-4-1024x709.jpg\" alt=\"\" class=\"wp-image-40573\"\/><\/figure>\n\n\n\n<h3 class=\"wp-block-heading\" id=\"h-nun-sind-sie-fur-ihre-arbeit-mit-einem-preis-geehrt-worden-was-sagen-sie-zu-dieser-auszeichnung\"><strong>Nun sind Sie f\u00fcr Ihre Arbeit mit einem Preis geehrt worden. Was sagen Sie zu dieser Auszeichnung?<\/strong><\/h3>\n\n\n\n<p>Ich m\u00f6chte meine Auszeichnung an den lieben Gott weiterleiten, denn schlie\u00dflich ist er \u201edaran schuld\u201c, dass er mich berufen hat und ich hier in Mutumba meinen Platz gefunden habe. So konnte ich meinem Kindheitsversprechen treu bleiben und seit Jahren den Armen helfen.<\/p>\n","protected":false},"excerpt":{"rendered":"<p>Sr. M. Emmanuela Ghioldi wurde mit dem Prix-FAGS f\u00fcr ihr Lebenswerk geehrt. Sie ist Krankenschwester in Burundi<\/p>\n","protected":false},"author":3,"featured_media":40576,"comment_status":"closed","ping_status":"closed","sticky":false,"template":"","format":"standard","meta":{"footnotes":""},"categories":[71,910,907],"tags":[],"class_list":["post-40581","post","type-post","status-publish","format-standard","has-post-thumbnail","hentry","category-afrika-de","category-gesellschaft-de","category-schoenstatt-gemeinschaften-de"],"yoast_head":"<!-- This site is optimized with the Yoast SEO Premium plugin v27.4 (Yoast SEO v27.4) - https:\/\/yoast.com\/product\/yoast-seo-premium-wordpress\/ -->\n<title>Wenn Versprechen wahr werden\u2026 - Schoenstatt<\/title>\n<meta name=\"description\" content=\"Sr. M. Emmanuela Ghioldi wurde mit dem Prix-FAGS f\u00fcr ihr Lebenswerk geehrt. Sie ist Krankenschwester in Burundi\" \/>\n<meta name=\"robots\" content=\"index, follow, max-snippet:-1, max-image-preview:large, max-video-preview:-1\" \/>\n<link rel=\"canonical\" href=\"https:\/\/schoenstatt.com\/de\/wenn-versprechen-wahr-werden\/\" \/>\n<meta property=\"og:locale\" content=\"de_DE\" \/>\n<meta property=\"og:type\" content=\"article\" \/>\n<meta property=\"og:title\" content=\"Wenn Versprechen wahr werden\u2026\" \/>\n<meta property=\"og:description\" content=\"Sr. M. Emmanuela Ghioldi wurde mit dem Prix-FAGS f\u00fcr ihr Lebenswerk geehrt. Sie ist Krankenschwester in Burundi\" \/>\n<meta property=\"og:url\" content=\"https:\/\/schoenstatt.com\/de\/wenn-versprechen-wahr-werden\/\" \/>\n<meta property=\"og:site_name\" content=\"Schoenstatt\" \/>\n<meta property=\"article:published_time\" content=\"2024-08-16T01:03:00+00:00\" \/>\n<meta property=\"article:modified_time\" content=\"2025-05-15T18:17:18+00:00\" \/>\n<meta property=\"og:image\" content=\"https:\/\/schoenstatt.com\/wp-content\/uploads\/2024\/08\/Sr_emmanuela_Ghioldi_Burundi-1.jpg\" \/>\n\t<meta property=\"og:image:width\" content=\"2048\" \/>\n\t<meta property=\"og:image:height\" content=\"1536\" \/>\n\t<meta property=\"og:image:type\" content=\"image\/jpeg\" \/>\n<meta name=\"author\" content=\"Karen Bueno\" \/>\n<meta name=\"twitter:card\" content=\"summary_large_image\" \/>\n<meta name=\"twitter:label1\" content=\"Verfasst von\" \/>\n\t<meta name=\"twitter:data1\" content=\"Karen Bueno\" \/>\n\t<meta name=\"twitter:label2\" content=\"Gesch\u00e4tzte Lesezeit\" \/>\n\t<meta name=\"twitter:data2\" content=\"5\u00a0Minuten\" \/>\n<script type=\"application\/ld+json\" class=\"yoast-schema-graph\">{\"@context\":\"https:\\\/\\\/schema.org\",\"@graph\":[{\"@type\":\"Article\",\"@id\":\"https:\\\/\\\/schoenstatt.com\\\/de\\\/wenn-versprechen-wahr-werden\\\/#article\",\"isPartOf\":{\"@id\":\"https:\\\/\\\/schoenstatt.com\\\/de\\\/wenn-versprechen-wahr-werden\\\/\"},\"author\":{\"name\":\"Karen Bueno\",\"@id\":\"https:\\\/\\\/schoenstatt.com\\\/de\\\/#\\\/schema\\\/person\\\/5158877ad4acae98b34daaeef2a1ce6e\"},\"headline\":\"Wenn Versprechen wahr werden\u2026\",\"datePublished\":\"2024-08-16T01:03:00+00:00\",\"dateModified\":\"2025-05-15T18:17:18+00:00\",\"mainEntityOfPage\":{\"@id\":\"https:\\\/\\\/schoenstatt.com\\\/de\\\/wenn-versprechen-wahr-werden\\\/\"},\"wordCount\":868,\"publisher\":{\"@id\":\"https:\\\/\\\/schoenstatt.com\\\/de\\\/#organization\"},\"image\":{\"@id\":\"https:\\\/\\\/schoenstatt.com\\\/de\\\/wenn-versprechen-wahr-werden\\\/#primaryimage\"},\"thumbnailUrl\":\"https:\\\/\\\/schoenstatt.com\\\/wp-content\\\/uploads\\\/2024\\\/08\\\/Sr_emmanuela_Ghioldi_Burundi-1.jpg\",\"articleSection\":[\"Afrika\",\"Gesellschaft\",\"Schoenstatt Gemeinschaften\"],\"inLanguage\":\"de\"},{\"@type\":\"WebPage\",\"@id\":\"https:\\\/\\\/schoenstatt.com\\\/de\\\/wenn-versprechen-wahr-werden\\\/\",\"url\":\"https:\\\/\\\/schoenstatt.com\\\/de\\\/wenn-versprechen-wahr-werden\\\/\",\"name\":\"Wenn Versprechen wahr werden\u2026 - Schoenstatt\",\"isPartOf\":{\"@id\":\"https:\\\/\\\/schoenstatt.com\\\/de\\\/#website\"},\"primaryImageOfPage\":{\"@id\":\"https:\\\/\\\/schoenstatt.com\\\/de\\\/wenn-versprechen-wahr-werden\\\/#primaryimage\"},\"image\":{\"@id\":\"https:\\\/\\\/schoenstatt.com\\\/de\\\/wenn-versprechen-wahr-werden\\\/#primaryimage\"},\"thumbnailUrl\":\"https:\\\/\\\/schoenstatt.com\\\/wp-content\\\/uploads\\\/2024\\\/08\\\/Sr_emmanuela_Ghioldi_Burundi-1.jpg\",\"datePublished\":\"2024-08-16T01:03:00+00:00\",\"dateModified\":\"2025-05-15T18:17:18+00:00\",\"description\":\"Sr. M. Emmanuela Ghioldi wurde mit dem Prix-FAGS f\u00fcr ihr Lebenswerk geehrt. Sie ist Krankenschwester in Burundi\",\"breadcrumb\":{\"@id\":\"https:\\\/\\\/schoenstatt.com\\\/de\\\/wenn-versprechen-wahr-werden\\\/#breadcrumb\"},\"inLanguage\":\"de\",\"potentialAction\":[{\"@type\":\"ReadAction\",\"target\":[\"https:\\\/\\\/schoenstatt.com\\\/de\\\/wenn-versprechen-wahr-werden\\\/\"]}]},{\"@type\":\"ImageObject\",\"inLanguage\":\"de\",\"@id\":\"https:\\\/\\\/schoenstatt.com\\\/de\\\/wenn-versprechen-wahr-werden\\\/#primaryimage\",\"url\":\"https:\\\/\\\/schoenstatt.com\\\/wp-content\\\/uploads\\\/2024\\\/08\\\/Sr_emmanuela_Ghioldi_Burundi-1.jpg\",\"contentUrl\":\"https:\\\/\\\/schoenstatt.com\\\/wp-content\\\/uploads\\\/2024\\\/08\\\/Sr_emmanuela_Ghioldi_Burundi-1.jpg\",\"width\":2048,\"height\":1536},{\"@type\":\"BreadcrumbList\",\"@id\":\"https:\\\/\\\/schoenstatt.com\\\/de\\\/wenn-versprechen-wahr-werden\\\/#breadcrumb\",\"itemListElement\":[{\"@type\":\"ListItem\",\"position\":1,\"name\":\"Portada\",\"item\":\"https:\\\/\\\/schoenstatt.com\\\/de\\\/home\\\/\"},{\"@type\":\"ListItem\",\"position\":2,\"name\":\"Wenn Versprechen wahr werden\u2026\"}]},{\"@type\":\"WebSite\",\"@id\":\"https:\\\/\\\/schoenstatt.com\\\/de\\\/#website\",\"url\":\"https:\\\/\\\/schoenstatt.com\\\/de\\\/\",\"name\":\"Schoenstatt\",\"description\":\"Apostolic Movement\",\"publisher\":{\"@id\":\"https:\\\/\\\/schoenstatt.com\\\/de\\\/#organization\"},\"potentialAction\":[{\"@type\":\"SearchAction\",\"target\":{\"@type\":\"EntryPoint\",\"urlTemplate\":\"https:\\\/\\\/schoenstatt.com\\\/de\\\/?s={search_term_string}\"},\"query-input\":{\"@type\":\"PropertyValueSpecification\",\"valueRequired\":true,\"valueName\":\"search_term_string\"}}],\"inLanguage\":\"de\"},{\"@type\":\"Organization\",\"@id\":\"https:\\\/\\\/schoenstatt.com\\\/de\\\/#organization\",\"name\":\"Schoenstatt\",\"url\":\"https:\\\/\\\/schoenstatt.com\\\/de\\\/\",\"logo\":{\"@type\":\"ImageObject\",\"inLanguage\":\"de\",\"@id\":\"https:\\\/\\\/schoenstatt.com\\\/de\\\/#\\\/schema\\\/logo\\\/image\\\/\",\"url\":\"https:\\\/\\\/schoenstatt.com\\\/wp-content\\\/uploads\\\/2025\\\/04\\\/logo-schoenstatt-white-696x696-1.png\",\"contentUrl\":\"https:\\\/\\\/schoenstatt.com\\\/wp-content\\\/uploads\\\/2025\\\/04\\\/logo-schoenstatt-white-696x696-1.png\",\"width\":696,\"height\":694,\"caption\":\"Schoenstatt\"},\"image\":{\"@id\":\"https:\\\/\\\/schoenstatt.com\\\/de\\\/#\\\/schema\\\/logo\\\/image\\\/\"}},{\"@type\":\"Person\",\"@id\":\"https:\\\/\\\/schoenstatt.com\\\/de\\\/#\\\/schema\\\/person\\\/5158877ad4acae98b34daaeef2a1ce6e\",\"name\":\"Karen Bueno\",\"image\":{\"@type\":\"ImageObject\",\"inLanguage\":\"de\",\"@id\":\"https:\\\/\\\/secure.gravatar.com\\\/avatar\\\/f9f4b823873154269d2b2130f195f6d41037dd0d7fc5f3cacb5c846bae70d66b?s=96&d=mm&r=g\",\"url\":\"https:\\\/\\\/secure.gravatar.com\\\/avatar\\\/f9f4b823873154269d2b2130f195f6d41037dd0d7fc5f3cacb5c846bae70d66b?s=96&d=mm&r=g\",\"contentUrl\":\"https:\\\/\\\/secure.gravatar.com\\\/avatar\\\/f9f4b823873154269d2b2130f195f6d41037dd0d7fc5f3cacb5c846bae70d66b?s=96&d=mm&r=g\",\"caption\":\"Karen Bueno\"},\"url\":\"https:\\\/\\\/schoenstatt.com\\\/de\\\/author\\\/karen-bueno\\\/\"}]}<\/script>\n<!-- \/ Yoast SEO Premium plugin. -->","yoast_head_json":{"title":"Wenn Versprechen wahr werden\u2026 - Schoenstatt","description":"Sr. M. Emmanuela Ghioldi wurde mit dem Prix-FAGS f\u00fcr ihr Lebenswerk geehrt. Sie ist Krankenschwester in Burundi","robots":{"index":"index","follow":"follow","max-snippet":"max-snippet:-1","max-image-preview":"max-image-preview:large","max-video-preview":"max-video-preview:-1"},"canonical":"https:\/\/schoenstatt.com\/de\/wenn-versprechen-wahr-werden\/","og_locale":"de_DE","og_type":"article","og_title":"Wenn Versprechen wahr werden\u2026","og_description":"Sr. M. Emmanuela Ghioldi wurde mit dem Prix-FAGS f\u00fcr ihr Lebenswerk geehrt. Sie ist Krankenschwester in Burundi","og_url":"https:\/\/schoenstatt.com\/de\/wenn-versprechen-wahr-werden\/","og_site_name":"Schoenstatt","article_published_time":"2024-08-16T01:03:00+00:00","article_modified_time":"2025-05-15T18:17:18+00:00","og_image":[{"width":2048,"height":1536,"url":"https:\/\/schoenstatt.com\/wp-content\/uploads\/2024\/08\/Sr_emmanuela_Ghioldi_Burundi-1.jpg","type":"image\/jpeg"}],"author":"Karen Bueno","twitter_card":"summary_large_image","twitter_misc":{"Verfasst von":"Karen Bueno","Gesch\u00e4tzte Lesezeit":"5\u00a0Minuten"},"schema":{"@context":"https:\/\/schema.org","@graph":[{"@type":"Article","@id":"https:\/\/schoenstatt.com\/de\/wenn-versprechen-wahr-werden\/#article","isPartOf":{"@id":"https:\/\/schoenstatt.com\/de\/wenn-versprechen-wahr-werden\/"},"author":{"name":"Karen Bueno","@id":"https:\/\/schoenstatt.com\/de\/#\/schema\/person\/5158877ad4acae98b34daaeef2a1ce6e"},"headline":"Wenn Versprechen wahr werden\u2026","datePublished":"2024-08-16T01:03:00+00:00","dateModified":"2025-05-15T18:17:18+00:00","mainEntityOfPage":{"@id":"https:\/\/schoenstatt.com\/de\/wenn-versprechen-wahr-werden\/"},"wordCount":868,"publisher":{"@id":"https:\/\/schoenstatt.com\/de\/#organization"},"image":{"@id":"https:\/\/schoenstatt.com\/de\/wenn-versprechen-wahr-werden\/#primaryimage"},"thumbnailUrl":"https:\/\/schoenstatt.com\/wp-content\/uploads\/2024\/08\/Sr_emmanuela_Ghioldi_Burundi-1.jpg","articleSection":["Afrika","Gesellschaft","Schoenstatt Gemeinschaften"],"inLanguage":"de"},{"@type":"WebPage","@id":"https:\/\/schoenstatt.com\/de\/wenn-versprechen-wahr-werden\/","url":"https:\/\/schoenstatt.com\/de\/wenn-versprechen-wahr-werden\/","name":"Wenn Versprechen wahr werden\u2026 - Schoenstatt","isPartOf":{"@id":"https:\/\/schoenstatt.com\/de\/#website"},"primaryImageOfPage":{"@id":"https:\/\/schoenstatt.com\/de\/wenn-versprechen-wahr-werden\/#primaryimage"},"image":{"@id":"https:\/\/schoenstatt.com\/de\/wenn-versprechen-wahr-werden\/#primaryimage"},"thumbnailUrl":"https:\/\/schoenstatt.com\/wp-content\/uploads\/2024\/08\/Sr_emmanuela_Ghioldi_Burundi-1.jpg","datePublished":"2024-08-16T01:03:00+00:00","dateModified":"2025-05-15T18:17:18+00:00","description":"Sr. M. Emmanuela Ghioldi wurde mit dem Prix-FAGS f\u00fcr ihr Lebenswerk geehrt. Sie ist Krankenschwester in Burundi","breadcrumb":{"@id":"https:\/\/schoenstatt.com\/de\/wenn-versprechen-wahr-werden\/#breadcrumb"},"inLanguage":"de","potentialAction":[{"@type":"ReadAction","target":["https:\/\/schoenstatt.com\/de\/wenn-versprechen-wahr-werden\/"]}]},{"@type":"ImageObject","inLanguage":"de","@id":"https:\/\/schoenstatt.com\/de\/wenn-versprechen-wahr-werden\/#primaryimage","url":"https:\/\/schoenstatt.com\/wp-content\/uploads\/2024\/08\/Sr_emmanuela_Ghioldi_Burundi-1.jpg","contentUrl":"https:\/\/schoenstatt.com\/wp-content\/uploads\/2024\/08\/Sr_emmanuela_Ghioldi_Burundi-1.jpg","width":2048,"height":1536},{"@type":"BreadcrumbList","@id":"https:\/\/schoenstatt.com\/de\/wenn-versprechen-wahr-werden\/#breadcrumb","itemListElement":[{"@type":"ListItem","position":1,"name":"Portada","item":"https:\/\/schoenstatt.com\/de\/home\/"},{"@type":"ListItem","position":2,"name":"Wenn Versprechen wahr werden\u2026"}]},{"@type":"WebSite","@id":"https:\/\/schoenstatt.com\/de\/#website","url":"https:\/\/schoenstatt.com\/de\/","name":"Schoenstatt","description":"Apostolic Movement","publisher":{"@id":"https:\/\/schoenstatt.com\/de\/#organization"},"potentialAction":[{"@type":"SearchAction","target":{"@type":"EntryPoint","urlTemplate":"https:\/\/schoenstatt.com\/de\/?s={search_term_string}"},"query-input":{"@type":"PropertyValueSpecification","valueRequired":true,"valueName":"search_term_string"}}],"inLanguage":"de"},{"@type":"Organization","@id":"https:\/\/schoenstatt.com\/de\/#organization","name":"Schoenstatt","url":"https:\/\/schoenstatt.com\/de\/","logo":{"@type":"ImageObject","inLanguage":"de","@id":"https:\/\/schoenstatt.com\/de\/#\/schema\/logo\/image\/","url":"https:\/\/schoenstatt.com\/wp-content\/uploads\/2025\/04\/logo-schoenstatt-white-696x696-1.png","contentUrl":"https:\/\/schoenstatt.com\/wp-content\/uploads\/2025\/04\/logo-schoenstatt-white-696x696-1.png","width":696,"height":694,"caption":"Schoenstatt"},"image":{"@id":"https:\/\/schoenstatt.com\/de\/#\/schema\/logo\/image\/"}},{"@type":"Person","@id":"https:\/\/schoenstatt.com\/de\/#\/schema\/person\/5158877ad4acae98b34daaeef2a1ce6e","name":"Karen Bueno","image":{"@type":"ImageObject","inLanguage":"de","@id":"https:\/\/secure.gravatar.com\/avatar\/f9f4b823873154269d2b2130f195f6d41037dd0d7fc5f3cacb5c846bae70d66b?s=96&d=mm&r=g","url":"https:\/\/secure.gravatar.com\/avatar\/f9f4b823873154269d2b2130f195f6d41037dd0d7fc5f3cacb5c846bae70d66b?s=96&d=mm&r=g","contentUrl":"https:\/\/secure.gravatar.com\/avatar\/f9f4b823873154269d2b2130f195f6d41037dd0d7fc5f3cacb5c846bae70d66b?s=96&d=mm&r=g","caption":"Karen Bueno"},"url":"https:\/\/schoenstatt.com\/de\/author\/karen-bueno\/"}]}},"_links":{"self":[{"href":"https:\/\/schoenstatt.com\/de\/wp-json\/wp\/v2\/posts\/40581","targetHints":{"allow":["GET"]}}],"collection":[{"href":"https:\/\/schoenstatt.com\/de\/wp-json\/wp\/v2\/posts"}],"about":[{"href":"https:\/\/schoenstatt.com\/de\/wp-json\/wp\/v2\/types\/post"}],"author":[{"embeddable":true,"href":"https:\/\/schoenstatt.com\/de\/wp-json\/wp\/v2\/users\/3"}],"replies":[{"embeddable":true,"href":"https:\/\/schoenstatt.com\/de\/wp-json\/wp\/v2\/comments?post=40581"}],"version-history":[{"count":1,"href":"https:\/\/schoenstatt.com\/de\/wp-json\/wp\/v2\/posts\/40581\/revisions"}],"predecessor-version":[{"id":46951,"href":"https:\/\/schoenstatt.com\/de\/wp-json\/wp\/v2\/posts\/40581\/revisions\/46951"}],"wp:featuredmedia":[{"embeddable":true,"href":"https:\/\/schoenstatt.com\/de\/wp-json\/wp\/v2\/media\/40576"}],"wp:attachment":[{"href":"https:\/\/schoenstatt.com\/de\/wp-json\/wp\/v2\/media?parent=40581"}],"wp:term":[{"taxonomy":"category","embeddable":true,"href":"https:\/\/schoenstatt.com\/de\/wp-json\/wp\/v2\/categories?post=40581"},{"taxonomy":"post_tag","embeddable":true,"href":"https:\/\/schoenstatt.com\/de\/wp-json\/wp\/v2\/tags?post=40581"}],"curies":[{"name":"wp","href":"https:\/\/api.w.org\/{rel}","templated":true}]}}