{"id":40505,"date":"2024-08-04T04:15:00","date_gmt":"2024-08-04T02:15:00","guid":{"rendered":"https:\/\/schoenstatt.com\/?p=40505"},"modified":"2025-05-15T20:17:19","modified_gmt":"2025-05-15T18:17:19","slug":"begegnung-mit-den-neuen-generaloberen-des-instituts-der-schoenstattfamilie","status":"publish","type":"post","link":"https:\/\/schoenstatt.com\/de\/begegnung-mit-den-neuen-generaloberen-des-instituts-der-schoenstattfamilie\/","title":{"rendered":"Begegnung mit den neuen Generaloberen des Instituts der Sch\u00f6nstattfamilie"},"content":{"rendered":"\n<p>Das <a href=\"https:\/\/schoenstatt.com\/de\/in-gemeinschaft\/famile\/institut-der-schoenstattfamilien\/\">Institut der Sch\u00f6nstattfamilien<\/a> hat vor kurzem sein <a href=\"https:\/\/schoenstatt.com\/de\/diesen-samstag-beginnt-das-generalkapitel-des-instituts-der-familien\/\">IX. Generalkapitel<\/a> abgeschlossen, bei dem die <a href=\"https:\/\/schoenstatt.com\/de\/das-institut-der-familien-wahlt-seine-neue-generalleitung\/\">neue internationale Leitung<\/a> der Gemeinschaft gew\u00e4hlt wurde. Cristina und Rafael Mu\u00f1oz aus Barcelona, Spanien, wurden zu den Generaloberen gew\u00e4hlt.<\/p>\n\n\n\n<p>Das Ehepaar Mu\u00f1oz wird diese neue Aufgabe f\u00fcr die n\u00e4chsten sechs Jahre \u00fcbernehmen. Sie l\u00f6sen das argentinische Ehepaar Jos\u00e9 und Patricia K\u00f6stner ab, die in den vergangenen sechs Jahren Generalobere waren. Sie werden nicht nur die internationalen Oberen des Instituts sein, sondern auch die Gemeinschaft im internationalen Sch\u00f6nstattpr\u00e4sidium vertreten.<\/p>\n\n\n\n<p>In einem Interview stellt sich das Ehepaar vor und verr\u00e4t weitere Details:<\/p>\n\n\n\n<h3 class=\"wp-block-heading\" id=\"h-cristina-und-rafael-konnt-ihr-euch-vorstellen\"><strong>Cristina und Rafael, k\u00f6nnt Ihr euch vorstellen?<\/strong><\/h3>\n\n\n\n<p>Wir sind Cristina und Rafael Mu\u00f1oz aus Barcelona, Spanien. Wir haben f\u00fcnf Kinder, darunter Drillinge, die unabh\u00e4ngig von zu Hause leben. Die beiden \u00c4ltesten sind Schwestern der Kongregation der Reinheit Mariens. Cristina ist \u00c4rztin, Rafael Gesch\u00e4ftsmann. Wir haben Sch\u00f6nstatt mit 14 Jahren kennengelernt, als Sch\u00f6nstatt in Barcelona gegr\u00fcndet wurde. Als wir uns verlobten, hatten wir den Wunsch, dem Familieninstitut beizutreten; wir waren begeistert von seinem Charisma, obwohl wir nicht viel dar\u00fcber wussten. Es war uns klar, dass wir in gewisser Weise evangelisieren wollten, und evangelisieren bedeutete und bedeutet f\u00fcr uns, der Welt den Sinn dessen zu verk\u00fcnden, was wir sind, was wir leben und was wir tun.<\/p>\n\n\n\n<figure class=\"wp-block-image size-large\"><img decoding=\"async\" src=\"https:\/\/schoenstatt.com\/wp-content\/uploads\/2024\/08\/cristina-y-rafael-munoz-family-1024x791.jpg\" alt=\"\" class=\"wp-image-40469\"\/><\/figure>\n\n\n\n<h3 class=\"wp-block-heading\" id=\"h-was-ist-das-schonstatt-familieninstitut-im-leben-der-kirche-und-was-macht-es-zu-einer-einzigartigen-und-originellen-gemeinschaft\"><strong>Was ist das Sch\u00f6nstatt-Familieninstitut im Leben der Kirche, und was macht es zu einer einzigartigen und originellen Gemeinschaft?<\/strong><\/h3>\n\n\n\n<p>Unser <a href=\"https:\/\/schoenstatt.com\/de\/ueber-schoenstatt\/gruender\/\">Vater und Gr\u00fcnder<\/a> lernte 1942 im Konzentrationslager Dachau evangelische Pastoren der Bodelschwingh-Schule kennen. Dort erlebte er die Kraft, die von den Familien der evangelischen Pfarrer auf ihre Gemeinden ausstrahlte. Sie waren oft Vorbild und belebender Kern der Gemeinden. Unser Gr\u00fcnder sah in dieser Begegnung einen Ruf Gottes und war \u00fcberzeugt, dass auch die katholische Kirche solche Familien braucht. Als Antwort auf diesen Ruf Gottes gr\u00fcndete er unsere Gemeinschaft mit dem Ziel, dass sie mit der Zeit auch zum lebendigen Kern der gesamten Familienbewegung werden sollte. Ihm schwebte eine Gemeinschaft vor, die das katholische Ideal von Ehe und Familie garantiert und in jedem Alter beispielhaft lebt.<\/p>\n\n\n\n<p>Wir sind eine Gemeinschaft von Ehepaaren in ehelicher Gemeinschaft, die sich bem\u00fchen, im Geist der evangelischen R\u00e4te in der Nachfolge Christi zu leben. Das urspr\u00fcngliche <a href=\"https:\/\/schoenstatt.com\/de\/spiritualitaet\/das-liebesbuendnis\/\">Liebesb\u00fcndnis<\/a> mit Maria ist eine wichtige Lebensquelle f\u00fcr unseren Alltag. Die Gemeinschaft, der st\u00e4ndige Dialog \u00fcber die Ehe und die konkreten Formen helfen uns, unsere Sendung jeden Tag mit \u00dcberzeugung zu leben.<\/p>\n\n\n\n<h3 class=\"wp-block-heading\" id=\"h-welche-wichtigen-herausforderungen-und-chancen-sehen-sie-fur-das-heutige-gemeinschaftsleben\"><strong>Welche wichtigen Herausforderungen und Chancen sehen Sie f\u00fcr das heutige Gemeinschaftsleben?<\/strong><\/h3>\n\n\n\n<p>Jede Gruppe in der Kirche hat in besonderer Weise Anteil an der Sendung der Welt und der Kirche. Der Heilige Geist wirkt auf wunderbare Weise. Deshalb muss unser Institut entdecken, wohin der Geist uns f\u00fchrt, um authentische Werkzeuge der Mission zu sein.<\/p>\n\n\n\n<p>Wir sind sicher, dass, wenn wir uns der Intuition der Sendung des Geistes bewusst sind, wir verstehen werden, dass die charismatische Sendung unseres Instituts nicht auf die besondere Vision eines Oberen antworten sollte, sondern auf die ernsthafte Unterscheidung dessen, was der Geist will und wohin er uns f\u00fchrt. Deshalb wird die Sendung entdeckt, indem man die Welt und die Wirklichkeit betrachtet und auf sie h\u00f6rt. Wie unser Vater und Gr\u00fcnder sagte, m\u00fcssen wir &#8222;die Hand am Puls der Zeit und das Ohr am Herzen Gottes&#8220; haben. Dazu brauchen wir eine gro\u00dfe F\u00e4higkeit, die Dinge Gottes zu erkennen. Nur wenn wir auf das Wort h\u00f6ren und den Kontext ber\u00fccksichtigen, k\u00f6nnen wir zu dieser Unterscheidung gelangen.<\/p>\n\n\n\n<p>Wir sind in 19 L\u00e4ndern mit unterschiedlichen Kulturen und Sprachen vertreten, mit all den damit verbundenen Herausforderungen. Wir m\u00fcssen global denken, um lokal handeln zu k\u00f6nnen. Wir w\u00fcrden auch sagen, dass wir als Sch\u00f6nst\u00e4tter und als Mitglieder des Instituts nicht den Sinn verlieren d\u00fcrfen, f\u00fcr den wir gegr\u00fcndet wurden. Wenn wir uns von der Wurzel entfernen, verdorrt der Baum.<\/p>\n\n\n\n<figure class=\"wp-block-image size-full is-resized\"><img decoding=\"async\" src=\"https:\/\/schoenstatt.com\/wp-content\/uploads\/2024\/08\/cristina-y-rafael-munoz-2.jpg\" alt=\"\" class=\"wp-image-40473\" style=\"width:561px;height:auto\"\/><\/figure>\n\n\n\n<h3 class=\"wp-block-heading\" id=\"h-was-erhoffen-sie-sich-als-internationale-fuhrungskraft-im-familieninstitut-zu-sein-und-zu-erreichen\"><strong>Was erhoffen Sie sich als internationale F\u00fchrungskraft im \u201eFamilieninstitut\u201c zu sein und zu erreichen?<\/strong><\/h3>\n\n\n\n<p>Vor allem wollen wir eine betende Pr\u00e4senz sein und unseren Br\u00fcdern und Schwestern in der Gemeinschaft zuh\u00f6ren. Wir wollen sensibel sein f\u00fcr die N\u00f6te unserer Zeit. Wir m\u00fcssen f\u00e4hig sein, diese Sensibilit\u00e4t zu erlangen, um die Stimme Gottes in jeder Lebenssituation zu erkennen, wie es unser Vater und Gr\u00fcnder getan hat. Um unserer Berufung als geweihte Ehepaare treu zu bleiben, m\u00fcssen wir die Welt daran erinnern, dass Gott seine Gesch\u00f6pfe nicht vergisst, und jeden Tag sein Magnificat singen. Wir m\u00fcssen gemeinsam nach den M\u00f6glichkeiten und geistlichen Sch\u00e4tzen suchen, die unter den Tr\u00fcmmern einer erfolgreichen und glorreichen Vergangenheit liegen. Die Vergangenheit ist Vergangenheit mit all ihren guten und schlechten Seiten. Wir m\u00fcssen daran arbeiten, sie zu gestalten und in die Zukunft zu projizieren. Uns hat immer der Satz von Chesterton gefallen: \u201eTradition ist die Weitergabe des Feuers, nicht die Anbetung der Asche.\u201c<\/p>\n\n\n\n<h3 class=\"wp-block-heading\" id=\"h-gibt-es-kernbotschaften-und-lebensstrome-aus-diesem-kapitel-die-sie-mit-in-die-zukunft-nehmen-welche\"><strong>Gibt es Kernbotschaften und Lebensstr\u00f6me aus diesem Kapitel, die Sie mit in die Zukunft nehmen? Welche?<\/strong><\/h3>\n\n\n\n<p>Wir glauben, dass alle Familien des Kapitels auf die eine oder andere Weise mit einer neuen Begeisterung f\u00fcr die Sendung nach Hause gegangen sind. Alles, was wir im Kapitel erlebt haben, die Verbundenheit unter den Br\u00fcdern und Schwestern der Gemeinschaft und das Leben in Sch\u00f6nstatt, hat unseren Glauben neu belebt. Wir sind \u00fcberzeugt, dass wir, auch wenn wir nicht alles sind, was wir sein m\u00f6chten, wenn unser Herz vor Liebe brennt wie das unseres Gr\u00fcnders und seiner Heldensodalen, mit Maria dieses Feuer verbreiten k\u00f6nnen, wohin immer wir gesandt werden. Wir m\u00fcssen der Gesellschaft zeigen, dass wir unsere Ehepartner lieben und dass es sich lohnt, Ehe und Familie zu leben.<\/p>\n\n\n\n<p>Die Sch\u00f6nstattfamilie l\u00e4dt Sie ein, f\u00fcr Rafael und Cristina zu beten und Beitr\u00e4ge zum Gnadenkapital zu sammeln &#8211; <a href=\"https:\/\/capitalofgrace.netlify.app\/\" target=\"_blank\" rel=\"noreferrer noopener\">klicken Sie hier<\/a>.<\/p>\n\n\n\n<p>Die<strong> internationale Website<\/strong> des Sch\u00f6nstatt-Familieninstituts ist <a href=\"https:\/\/if-schoenstatt.org\/de\/\">if-schoenstatt.org\/de\/<\/a><\/p>\n\n\n\n<p><strong>\u00dcbersetzung:<\/strong> Sr. M. Lourdes Mac\u00edas<br><strong>Lektorat:<\/strong> Hildegard Kaiser<\/p>\n","protected":false},"excerpt":{"rendered":"<p>Cristina und Rafael Mu\u00f1oz sind die neuen Leiter des Instituts der Sch\u00f6nstattfamilien. Im Interview stellen sie sich vor.<\/p>\n","protected":false},"author":3,"featured_media":40476,"comment_status":"closed","ping_status":"closed","sticky":false,"template":"","format":"standard","meta":{"footnotes":""},"categories":[874,907],"tags":[],"class_list":["post-40505","post","type-post","status-publish","format-standard","has-post-thumbnail","hentry","category-familie-de","category-schoenstatt-gemeinschaften-de"],"yoast_head":"<!-- This site is optimized with the Yoast SEO Premium plugin v27.4 (Yoast SEO v27.4) - https:\/\/yoast.com\/product\/yoast-seo-premium-wordpress\/ -->\n<title>Begegnung mit den neuen Generaloberen des Instituts der Sch\u00f6nstattfamilie<\/title>\n<meta name=\"description\" content=\"Cristina und Rafael Mu\u00f1oz sind die neuen Leiter des Instituts der Sch\u00f6nstattfamilien. Im Interview stellen sie sich vor.\" \/>\n<meta name=\"robots\" content=\"index, follow, max-snippet:-1, max-image-preview:large, max-video-preview:-1\" \/>\n<link rel=\"canonical\" href=\"https:\/\/schoenstatt.com\/de\/begegnung-mit-den-neuen-generaloberen-des-instituts-der-schoenstattfamilie\/\" \/>\n<meta property=\"og:locale\" content=\"de_DE\" \/>\n<meta property=\"og:type\" content=\"article\" \/>\n<meta property=\"og:title\" content=\"Begegnung mit den neuen Generaloberen des Instituts der Sch\u00f6nstattfamilie\" \/>\n<meta property=\"og:description\" content=\"Cristina und Rafael Mu\u00f1oz sind die neuen Leiter des Instituts der Sch\u00f6nstattfamilien. Im Interview stellen sie sich vor.\" \/>\n<meta property=\"og:url\" content=\"https:\/\/schoenstatt.com\/de\/begegnung-mit-den-neuen-generaloberen-des-instituts-der-schoenstattfamilie\/\" \/>\n<meta property=\"og:site_name\" content=\"Schoenstatt\" \/>\n<meta property=\"article:published_time\" content=\"2024-08-04T02:15:00+00:00\" \/>\n<meta property=\"article:modified_time\" content=\"2025-05-15T18:17:19+00:00\" \/>\n<meta property=\"og:image\" content=\"https:\/\/schoenstatt.com\/wp-content\/uploads\/2024\/08\/cristina-y-rafael-munoz-3-1.jpg\" \/>\n\t<meta property=\"og:image:width\" content=\"2048\" \/>\n\t<meta property=\"og:image:height\" content=\"1230\" \/>\n\t<meta property=\"og:image:type\" content=\"image\/jpeg\" \/>\n<meta name=\"author\" content=\"Karen Bueno\" \/>\n<meta name=\"twitter:card\" content=\"summary_large_image\" \/>\n<meta name=\"twitter:label1\" content=\"Verfasst von\" \/>\n\t<meta name=\"twitter:data1\" content=\"Karen Bueno\" \/>\n\t<meta name=\"twitter:label2\" content=\"Gesch\u00e4tzte Lesezeit\" \/>\n\t<meta name=\"twitter:data2\" content=\"5\u00a0Minuten\" \/>\n<script type=\"application\/ld+json\" class=\"yoast-schema-graph\">{\"@context\":\"https:\\\/\\\/schema.org\",\"@graph\":[{\"@type\":\"Article\",\"@id\":\"https:\\\/\\\/schoenstatt.com\\\/de\\\/begegnung-mit-den-neuen-generaloberen-des-instituts-der-schoenstattfamilie\\\/#article\",\"isPartOf\":{\"@id\":\"https:\\\/\\\/schoenstatt.com\\\/de\\\/begegnung-mit-den-neuen-generaloberen-des-instituts-der-schoenstattfamilie\\\/\"},\"author\":{\"name\":\"Karen Bueno\",\"@id\":\"https:\\\/\\\/schoenstatt.com\\\/de\\\/#\\\/schema\\\/person\\\/5158877ad4acae98b34daaeef2a1ce6e\"},\"headline\":\"Begegnung mit den neuen Generaloberen des Instituts der Sch\u00f6nstattfamilie\",\"datePublished\":\"2024-08-04T02:15:00+00:00\",\"dateModified\":\"2025-05-15T18:17:19+00:00\",\"mainEntityOfPage\":{\"@id\":\"https:\\\/\\\/schoenstatt.com\\\/de\\\/begegnung-mit-den-neuen-generaloberen-des-instituts-der-schoenstattfamilie\\\/\"},\"wordCount\":1024,\"publisher\":{\"@id\":\"https:\\\/\\\/schoenstatt.com\\\/de\\\/#organization\"},\"image\":{\"@id\":\"https:\\\/\\\/schoenstatt.com\\\/de\\\/begegnung-mit-den-neuen-generaloberen-des-instituts-der-schoenstattfamilie\\\/#primaryimage\"},\"thumbnailUrl\":\"https:\\\/\\\/schoenstatt.com\\\/wp-content\\\/uploads\\\/2024\\\/08\\\/cristina-y-rafael-munoz-3-1.jpg\",\"articleSection\":[\"Familie\",\"Schoenstatt Gemeinschaften\"],\"inLanguage\":\"de\"},{\"@type\":\"WebPage\",\"@id\":\"https:\\\/\\\/schoenstatt.com\\\/de\\\/begegnung-mit-den-neuen-generaloberen-des-instituts-der-schoenstattfamilie\\\/\",\"url\":\"https:\\\/\\\/schoenstatt.com\\\/de\\\/begegnung-mit-den-neuen-generaloberen-des-instituts-der-schoenstattfamilie\\\/\",\"name\":\"Begegnung mit den neuen Generaloberen des Instituts der Sch\u00f6nstattfamilie\",\"isPartOf\":{\"@id\":\"https:\\\/\\\/schoenstatt.com\\\/de\\\/#website\"},\"primaryImageOfPage\":{\"@id\":\"https:\\\/\\\/schoenstatt.com\\\/de\\\/begegnung-mit-den-neuen-generaloberen-des-instituts-der-schoenstattfamilie\\\/#primaryimage\"},\"image\":{\"@id\":\"https:\\\/\\\/schoenstatt.com\\\/de\\\/begegnung-mit-den-neuen-generaloberen-des-instituts-der-schoenstattfamilie\\\/#primaryimage\"},\"thumbnailUrl\":\"https:\\\/\\\/schoenstatt.com\\\/wp-content\\\/uploads\\\/2024\\\/08\\\/cristina-y-rafael-munoz-3-1.jpg\",\"datePublished\":\"2024-08-04T02:15:00+00:00\",\"dateModified\":\"2025-05-15T18:17:19+00:00\",\"description\":\"Cristina und Rafael Mu\u00f1oz sind die neuen Leiter des Instituts der Sch\u00f6nstattfamilien. Im Interview stellen sie sich vor.\",\"breadcrumb\":{\"@id\":\"https:\\\/\\\/schoenstatt.com\\\/de\\\/begegnung-mit-den-neuen-generaloberen-des-instituts-der-schoenstattfamilie\\\/#breadcrumb\"},\"inLanguage\":\"de\",\"potentialAction\":[{\"@type\":\"ReadAction\",\"target\":[\"https:\\\/\\\/schoenstatt.com\\\/de\\\/begegnung-mit-den-neuen-generaloberen-des-instituts-der-schoenstattfamilie\\\/\"]}]},{\"@type\":\"ImageObject\",\"inLanguage\":\"de\",\"@id\":\"https:\\\/\\\/schoenstatt.com\\\/de\\\/begegnung-mit-den-neuen-generaloberen-des-instituts-der-schoenstattfamilie\\\/#primaryimage\",\"url\":\"https:\\\/\\\/schoenstatt.com\\\/wp-content\\\/uploads\\\/2024\\\/08\\\/cristina-y-rafael-munoz-3-1.jpg\",\"contentUrl\":\"https:\\\/\\\/schoenstatt.com\\\/wp-content\\\/uploads\\\/2024\\\/08\\\/cristina-y-rafael-munoz-3-1.jpg\",\"width\":2048,\"height\":1230},{\"@type\":\"BreadcrumbList\",\"@id\":\"https:\\\/\\\/schoenstatt.com\\\/de\\\/begegnung-mit-den-neuen-generaloberen-des-instituts-der-schoenstattfamilie\\\/#breadcrumb\",\"itemListElement\":[{\"@type\":\"ListItem\",\"position\":1,\"name\":\"Portada\",\"item\":\"https:\\\/\\\/schoenstatt.com\\\/de\\\/home\\\/\"},{\"@type\":\"ListItem\",\"position\":2,\"name\":\"Begegnung mit den neuen Generaloberen des Instituts der Sch\u00f6nstattfamilie\"}]},{\"@type\":\"WebSite\",\"@id\":\"https:\\\/\\\/schoenstatt.com\\\/de\\\/#website\",\"url\":\"https:\\\/\\\/schoenstatt.com\\\/de\\\/\",\"name\":\"Schoenstatt\",\"description\":\"Apostolic Movement\",\"publisher\":{\"@id\":\"https:\\\/\\\/schoenstatt.com\\\/de\\\/#organization\"},\"potentialAction\":[{\"@type\":\"SearchAction\",\"target\":{\"@type\":\"EntryPoint\",\"urlTemplate\":\"https:\\\/\\\/schoenstatt.com\\\/de\\\/?s={search_term_string}\"},\"query-input\":{\"@type\":\"PropertyValueSpecification\",\"valueRequired\":true,\"valueName\":\"search_term_string\"}}],\"inLanguage\":\"de\"},{\"@type\":\"Organization\",\"@id\":\"https:\\\/\\\/schoenstatt.com\\\/de\\\/#organization\",\"name\":\"Schoenstatt\",\"url\":\"https:\\\/\\\/schoenstatt.com\\\/de\\\/\",\"logo\":{\"@type\":\"ImageObject\",\"inLanguage\":\"de\",\"@id\":\"https:\\\/\\\/schoenstatt.com\\\/de\\\/#\\\/schema\\\/logo\\\/image\\\/\",\"url\":\"https:\\\/\\\/schoenstatt.com\\\/wp-content\\\/uploads\\\/2025\\\/04\\\/logo-schoenstatt-white-696x696-1.png\",\"contentUrl\":\"https:\\\/\\\/schoenstatt.com\\\/wp-content\\\/uploads\\\/2025\\\/04\\\/logo-schoenstatt-white-696x696-1.png\",\"width\":696,\"height\":694,\"caption\":\"Schoenstatt\"},\"image\":{\"@id\":\"https:\\\/\\\/schoenstatt.com\\\/de\\\/#\\\/schema\\\/logo\\\/image\\\/\"}},{\"@type\":\"Person\",\"@id\":\"https:\\\/\\\/schoenstatt.com\\\/de\\\/#\\\/schema\\\/person\\\/5158877ad4acae98b34daaeef2a1ce6e\",\"name\":\"Karen Bueno\",\"image\":{\"@type\":\"ImageObject\",\"inLanguage\":\"de\",\"@id\":\"https:\\\/\\\/secure.gravatar.com\\\/avatar\\\/f9f4b823873154269d2b2130f195f6d41037dd0d7fc5f3cacb5c846bae70d66b?s=96&d=mm&r=g\",\"url\":\"https:\\\/\\\/secure.gravatar.com\\\/avatar\\\/f9f4b823873154269d2b2130f195f6d41037dd0d7fc5f3cacb5c846bae70d66b?s=96&d=mm&r=g\",\"contentUrl\":\"https:\\\/\\\/secure.gravatar.com\\\/avatar\\\/f9f4b823873154269d2b2130f195f6d41037dd0d7fc5f3cacb5c846bae70d66b?s=96&d=mm&r=g\",\"caption\":\"Karen Bueno\"},\"url\":\"https:\\\/\\\/schoenstatt.com\\\/de\\\/author\\\/karen-bueno\\\/\"}]}<\/script>\n<!-- \/ Yoast SEO Premium plugin. -->","yoast_head_json":{"title":"Begegnung mit den neuen Generaloberen des Instituts der Sch\u00f6nstattfamilie","description":"Cristina und Rafael Mu\u00f1oz sind die neuen Leiter des Instituts der Sch\u00f6nstattfamilien. Im Interview stellen sie sich vor.","robots":{"index":"index","follow":"follow","max-snippet":"max-snippet:-1","max-image-preview":"max-image-preview:large","max-video-preview":"max-video-preview:-1"},"canonical":"https:\/\/schoenstatt.com\/de\/begegnung-mit-den-neuen-generaloberen-des-instituts-der-schoenstattfamilie\/","og_locale":"de_DE","og_type":"article","og_title":"Begegnung mit den neuen Generaloberen des Instituts der Sch\u00f6nstattfamilie","og_description":"Cristina und Rafael Mu\u00f1oz sind die neuen Leiter des Instituts der Sch\u00f6nstattfamilien. Im Interview stellen sie sich vor.","og_url":"https:\/\/schoenstatt.com\/de\/begegnung-mit-den-neuen-generaloberen-des-instituts-der-schoenstattfamilie\/","og_site_name":"Schoenstatt","article_published_time":"2024-08-04T02:15:00+00:00","article_modified_time":"2025-05-15T18:17:19+00:00","og_image":[{"width":2048,"height":1230,"url":"https:\/\/schoenstatt.com\/wp-content\/uploads\/2024\/08\/cristina-y-rafael-munoz-3-1.jpg","type":"image\/jpeg"}],"author":"Karen Bueno","twitter_card":"summary_large_image","twitter_misc":{"Verfasst von":"Karen Bueno","Gesch\u00e4tzte Lesezeit":"5\u00a0Minuten"},"schema":{"@context":"https:\/\/schema.org","@graph":[{"@type":"Article","@id":"https:\/\/schoenstatt.com\/de\/begegnung-mit-den-neuen-generaloberen-des-instituts-der-schoenstattfamilie\/#article","isPartOf":{"@id":"https:\/\/schoenstatt.com\/de\/begegnung-mit-den-neuen-generaloberen-des-instituts-der-schoenstattfamilie\/"},"author":{"name":"Karen Bueno","@id":"https:\/\/schoenstatt.com\/de\/#\/schema\/person\/5158877ad4acae98b34daaeef2a1ce6e"},"headline":"Begegnung mit den neuen Generaloberen des Instituts der Sch\u00f6nstattfamilie","datePublished":"2024-08-04T02:15:00+00:00","dateModified":"2025-05-15T18:17:19+00:00","mainEntityOfPage":{"@id":"https:\/\/schoenstatt.com\/de\/begegnung-mit-den-neuen-generaloberen-des-instituts-der-schoenstattfamilie\/"},"wordCount":1024,"publisher":{"@id":"https:\/\/schoenstatt.com\/de\/#organization"},"image":{"@id":"https:\/\/schoenstatt.com\/de\/begegnung-mit-den-neuen-generaloberen-des-instituts-der-schoenstattfamilie\/#primaryimage"},"thumbnailUrl":"https:\/\/schoenstatt.com\/wp-content\/uploads\/2024\/08\/cristina-y-rafael-munoz-3-1.jpg","articleSection":["Familie","Schoenstatt Gemeinschaften"],"inLanguage":"de"},{"@type":"WebPage","@id":"https:\/\/schoenstatt.com\/de\/begegnung-mit-den-neuen-generaloberen-des-instituts-der-schoenstattfamilie\/","url":"https:\/\/schoenstatt.com\/de\/begegnung-mit-den-neuen-generaloberen-des-instituts-der-schoenstattfamilie\/","name":"Begegnung mit den neuen Generaloberen des Instituts der Sch\u00f6nstattfamilie","isPartOf":{"@id":"https:\/\/schoenstatt.com\/de\/#website"},"primaryImageOfPage":{"@id":"https:\/\/schoenstatt.com\/de\/begegnung-mit-den-neuen-generaloberen-des-instituts-der-schoenstattfamilie\/#primaryimage"},"image":{"@id":"https:\/\/schoenstatt.com\/de\/begegnung-mit-den-neuen-generaloberen-des-instituts-der-schoenstattfamilie\/#primaryimage"},"thumbnailUrl":"https:\/\/schoenstatt.com\/wp-content\/uploads\/2024\/08\/cristina-y-rafael-munoz-3-1.jpg","datePublished":"2024-08-04T02:15:00+00:00","dateModified":"2025-05-15T18:17:19+00:00","description":"Cristina und Rafael Mu\u00f1oz sind die neuen Leiter des Instituts der Sch\u00f6nstattfamilien. Im Interview stellen sie sich vor.","breadcrumb":{"@id":"https:\/\/schoenstatt.com\/de\/begegnung-mit-den-neuen-generaloberen-des-instituts-der-schoenstattfamilie\/#breadcrumb"},"inLanguage":"de","potentialAction":[{"@type":"ReadAction","target":["https:\/\/schoenstatt.com\/de\/begegnung-mit-den-neuen-generaloberen-des-instituts-der-schoenstattfamilie\/"]}]},{"@type":"ImageObject","inLanguage":"de","@id":"https:\/\/schoenstatt.com\/de\/begegnung-mit-den-neuen-generaloberen-des-instituts-der-schoenstattfamilie\/#primaryimage","url":"https:\/\/schoenstatt.com\/wp-content\/uploads\/2024\/08\/cristina-y-rafael-munoz-3-1.jpg","contentUrl":"https:\/\/schoenstatt.com\/wp-content\/uploads\/2024\/08\/cristina-y-rafael-munoz-3-1.jpg","width":2048,"height":1230},{"@type":"BreadcrumbList","@id":"https:\/\/schoenstatt.com\/de\/begegnung-mit-den-neuen-generaloberen-des-instituts-der-schoenstattfamilie\/#breadcrumb","itemListElement":[{"@type":"ListItem","position":1,"name":"Portada","item":"https:\/\/schoenstatt.com\/de\/home\/"},{"@type":"ListItem","position":2,"name":"Begegnung mit den neuen Generaloberen des Instituts der Sch\u00f6nstattfamilie"}]},{"@type":"WebSite","@id":"https:\/\/schoenstatt.com\/de\/#website","url":"https:\/\/schoenstatt.com\/de\/","name":"Schoenstatt","description":"Apostolic Movement","publisher":{"@id":"https:\/\/schoenstatt.com\/de\/#organization"},"potentialAction":[{"@type":"SearchAction","target":{"@type":"EntryPoint","urlTemplate":"https:\/\/schoenstatt.com\/de\/?s={search_term_string}"},"query-input":{"@type":"PropertyValueSpecification","valueRequired":true,"valueName":"search_term_string"}}],"inLanguage":"de"},{"@type":"Organization","@id":"https:\/\/schoenstatt.com\/de\/#organization","name":"Schoenstatt","url":"https:\/\/schoenstatt.com\/de\/","logo":{"@type":"ImageObject","inLanguage":"de","@id":"https:\/\/schoenstatt.com\/de\/#\/schema\/logo\/image\/","url":"https:\/\/schoenstatt.com\/wp-content\/uploads\/2025\/04\/logo-schoenstatt-white-696x696-1.png","contentUrl":"https:\/\/schoenstatt.com\/wp-content\/uploads\/2025\/04\/logo-schoenstatt-white-696x696-1.png","width":696,"height":694,"caption":"Schoenstatt"},"image":{"@id":"https:\/\/schoenstatt.com\/de\/#\/schema\/logo\/image\/"}},{"@type":"Person","@id":"https:\/\/schoenstatt.com\/de\/#\/schema\/person\/5158877ad4acae98b34daaeef2a1ce6e","name":"Karen Bueno","image":{"@type":"ImageObject","inLanguage":"de","@id":"https:\/\/secure.gravatar.com\/avatar\/f9f4b823873154269d2b2130f195f6d41037dd0d7fc5f3cacb5c846bae70d66b?s=96&d=mm&r=g","url":"https:\/\/secure.gravatar.com\/avatar\/f9f4b823873154269d2b2130f195f6d41037dd0d7fc5f3cacb5c846bae70d66b?s=96&d=mm&r=g","contentUrl":"https:\/\/secure.gravatar.com\/avatar\/f9f4b823873154269d2b2130f195f6d41037dd0d7fc5f3cacb5c846bae70d66b?s=96&d=mm&r=g","caption":"Karen Bueno"},"url":"https:\/\/schoenstatt.com\/de\/author\/karen-bueno\/"}]}},"_links":{"self":[{"href":"https:\/\/schoenstatt.com\/de\/wp-json\/wp\/v2\/posts\/40505","targetHints":{"allow":["GET"]}}],"collection":[{"href":"https:\/\/schoenstatt.com\/de\/wp-json\/wp\/v2\/posts"}],"about":[{"href":"https:\/\/schoenstatt.com\/de\/wp-json\/wp\/v2\/types\/post"}],"author":[{"embeddable":true,"href":"https:\/\/schoenstatt.com\/de\/wp-json\/wp\/v2\/users\/3"}],"replies":[{"embeddable":true,"href":"https:\/\/schoenstatt.com\/de\/wp-json\/wp\/v2\/comments?post=40505"}],"version-history":[{"count":1,"href":"https:\/\/schoenstatt.com\/de\/wp-json\/wp\/v2\/posts\/40505\/revisions"}],"predecessor-version":[{"id":46932,"href":"https:\/\/schoenstatt.com\/de\/wp-json\/wp\/v2\/posts\/40505\/revisions\/46932"}],"wp:featuredmedia":[{"embeddable":true,"href":"https:\/\/schoenstatt.com\/de\/wp-json\/wp\/v2\/media\/40476"}],"wp:attachment":[{"href":"https:\/\/schoenstatt.com\/de\/wp-json\/wp\/v2\/media?parent=40505"}],"wp:term":[{"taxonomy":"category","embeddable":true,"href":"https:\/\/schoenstatt.com\/de\/wp-json\/wp\/v2\/categories?post=40505"},{"taxonomy":"post_tag","embeddable":true,"href":"https:\/\/schoenstatt.com\/de\/wp-json\/wp\/v2\/tags?post=40505"}],"curies":[{"name":"wp","href":"https:\/\/api.w.org\/{rel}","templated":true}]}}