{"id":40504,"date":"2024-08-02T21:31:49","date_gmt":"2024-08-02T19:31:49","guid":{"rendered":"https:\/\/schoenstatt.com\/?p=40504"},"modified":"2025-05-16T01:39:36","modified_gmt":"2025-05-15T23:39:36","slug":"naturkatastrophe-sturm-verursacht-schwere-schaden-am-heiligtum-in-bellavista","status":"publish","type":"post","link":"https:\/\/schoenstatt.com\/de\/naturkatastrophe-sturm-verursacht-schwere-schaden-am-heiligtum-in-bellavista\/","title":{"rendered":"Naturkatastrophe: Sturm verursacht schwere Sch\u00e4den am Heiligtum in Bellavista"},"content":{"rendered":"\n<p>Os chilenos amanheceram impactados nesta sexta-feira, 2 de agosto, devido aos efeitos de uma forte tempestade que atingiu o pa\u00eds durante a noite. <a href=\"https:\/\/www.infobae.com\/america\/america-latina\/2024\/08\/01\/un-temporal-de-viento-y-lluvias-sacude-casi-todo-chile-y-ya-dejo-un-muerto\/\" target=\"_blank\" rel=\"noreferrer noopener\">Ventos de at\u00e9 90 km\/h<\/a> derrubaram \u00e1rvores e deixaram casas destelhadas e v\u00e1rios danos em muitas regi\u00f5es do pa\u00eds. A capital Santiago tamb\u00e9m foi afetada, assim como um lugar muito especial para toda a Fam\u00edlia Internacional de Schoenstatt: <strong>o Santu\u00e1rio Cen\u00e1culo de Bellavista<\/strong>, que \u00e9 o local do III Marco hist\u00f3rico da Obra.<\/p>\n\n<p>Um pinheiro foi arrancado pela raiz e atingiu o telhado do Santu\u00e1rio, rompendo sua estrutura ao meio. Outras \u00e1rvores foram arrancadas e muitos galhos est\u00e3o cobrindo o terreno ao redor do Santu\u00e1rio.<\/p>\n\n<figure class=\"wp-block-image size-large is-resized\"><img decoding=\"async\" src=\"https:\/\/schoenstatt.com\/wp-content\/uploads\/2024\/08\/santuario-de-bellavista-2-623x1024.jpg\" alt=\"\" class=\"wp-image-40485\" style=\"width:477px;height:auto\"\/><\/figure>\n\n<h2 class=\"wp-block-heading\" id=\"h-um-susto-visto-sob-o-olhar-da-fe-na-providencia\"><strong>Um susto, visto sob o olhar da f\u00e9 na Provid\u00eancia<\/strong><\/h2>\n\n<p>A Ir. M\u00f4nica Maria Quintanilla relata:<\/p>\n\n<p><em>Hoje, o Chile amanheceu bastante triste. Muitos chilenos foram afetados por este temporal. N\u00f3s, como Fam\u00edlia de Schoenstatt, temos compartilhado tantas alegrias em torno de nosso Santu\u00e1rio, especialmente nesses dias de jubileu. Mas hoje, compartilhamos uma grande tristeza.<\/em><\/p>\n\n<p><em>O nosso Santu\u00e1rio Cen\u00e1culo, ap\u00f3s essa tempestade, teve \u00e1rvores arrancadas pela raiz. Os pinheiros, que nos acompanharam durante tanto tempo, ca\u00edram sobre o Santu\u00e1rio e o deixaram, praticamente, rompido pela metade.<\/em><\/p>\n\n<figure class=\"wp-block-image size-large\"><img decoding=\"async\" src=\"https:\/\/schoenstatt.com\/wp-content\/uploads\/2024\/08\/santuario-de-bellavista-3-1024x576.jpg\" alt=\"\" class=\"wp-image-40493\"\/><\/figure>\n\n<p><em>Essa situa\u00e7\u00e3o nos d\u00e1 pena, mas tamb\u00e9m, como filhos de nosso Pai e Fundador, nos chama a interpret\u00e1-lo \u00e0 luz da f\u00e9. E gostar\u00edamos, \u00e0 luz da Divina Provid\u00eancia, de dizer \u00e0 M\u00e3e: n\u00f3s queremos reconstruir teu Santu\u00e1rio. E como queremos faz\u00ea-lo? Renovando nossa Alian\u00e7a de Amor. Queremos dizer-lhe novamente: M\u00e3e, nada sem v\u00f3s, nada sem n\u00f3s. Eu convido a todos, para que possamos renovar nossa Alian\u00e7a de Amor e seguir vivendo o lema que impulsionou nosso jubileu: vamos um no outro, at\u00e9 o cora\u00e7\u00e3o de Deus.<\/em><\/p>\n\n<h2 class=\"wp-block-heading\" id=\"h-rezemos-pelo-chile\"><strong>Rezemos pelo Chile<\/strong><\/h2>\n\n<p>Diante dessa situa\u00e7\u00e3o delicada, que atinge tantas fam\u00edlias, cada schoenstattiano \u00e9 convidado a oferecer ora\u00e7\u00f5es e entregas ao Capital de Gra\u00e7as pelo Chile: <a href=\"https:\/\/capitalofgrace.netlify.app\/\" target=\"_blank\" rel=\"noreferrer noopener\">formul\u00e1rio online<\/a>.<\/p>\n\n<p>O Santu\u00e1rio Cen\u00e1culo \u00e9 o local concreto do <a href=\"https:\/\/schoenstatt.com\/pt-pt\/um-convite-a-toda-familia-de-schoenstatt-75-anos-do-31-de-maio\/\">III Marco Hist\u00f3rico do Movimento<\/a>, ele representa a miss\u00e3o de Schoenstatt anunciada ao mundo e \u00e0 Igreja. Na certeza de que essa miss\u00e3o \u00e9 sempre atual e desafiadora, mais uma vez cada irm\u00e3o na Alian\u00e7a \u00e9 convocado a seguir unido um no outro, para reconstruir esse peda\u00e7o de Schoenstatt t\u00e3o importante para a hist\u00f3ria.<\/p>\n\n<figure class=\"wp-block-image size-large\"><img decoding=\"async\" src=\"https:\/\/schoenstatt.com\/wp-content\/uploads\/2024\/08\/santuario-de-bellavista-4-1024x576.jpeg\" alt=\"\" class=\"wp-image-40497\"\/><\/figure>\n","protected":false},"excerpt":{"rendered":"<p>Ein schwerer Sturm hat in Chile Spuren der Zerst\u00f6rung hinterlassen, auch am Sch\u00f6nstatt-Heiligtum in Bellavista.<\/p>\n","protected":false},"author":3,"featured_media":40489,"comment_status":"closed","ping_status":"closed","sticky":false,"template":"","format":"standard","meta":{"footnotes":""},"categories":[195,678],"tags":[],"class_list":["post-40504","post","type-post","status-publish","format-standard","has-post-thumbnail","hentry","category-amerika-de","category-lander-de"],"yoast_head":"<!-- This site is optimized with the Yoast SEO Premium plugin v27.4 (Yoast SEO v27.5) - https:\/\/yoast.com\/product\/yoast-seo-premium-wordpress\/ -->\n<title>Naturkatastrophe: Sturm verursacht schwere Sch\u00e4den am Heiligtum in Bellavista - Schoenstatt<\/title>\n<meta name=\"description\" content=\"Ein schwerer Sturm hat in Chile Spuren der Zerst\u00f6rung hinterlassen, auch am Sch\u00f6nstatt-Heiligtum in Bellavista.\" \/>\n<meta name=\"robots\" content=\"index, follow, max-snippet:-1, max-image-preview:large, max-video-preview:-1\" \/>\n<link rel=\"canonical\" href=\"https:\/\/schoenstatt.com\/de\/naturkatastrophe-sturm-verursacht-schwere-schaden-am-heiligtum-in-bellavista\/\" \/>\n<meta property=\"og:locale\" content=\"de_DE\" \/>\n<meta property=\"og:type\" content=\"article\" \/>\n<meta property=\"og:title\" content=\"Naturkatastrophe: Sturm verursacht schwere Sch\u00e4den am Heiligtum in Bellavista\" \/>\n<meta property=\"og:description\" content=\"Ein schwerer Sturm hat in Chile Spuren der Zerst\u00f6rung hinterlassen, auch am Sch\u00f6nstatt-Heiligtum in Bellavista.\" \/>\n<meta property=\"og:url\" content=\"https:\/\/schoenstatt.com\/de\/naturkatastrophe-sturm-verursacht-schwere-schaden-am-heiligtum-in-bellavista\/\" \/>\n<meta property=\"og:site_name\" content=\"Schoenstatt\" \/>\n<meta property=\"article:published_time\" content=\"2024-08-02T19:31:49+00:00\" \/>\n<meta property=\"article:modified_time\" content=\"2025-05-15T23:39:36+00:00\" \/>\n<meta property=\"og:image\" content=\"https:\/\/schoenstatt.com\/wp-content\/uploads\/2024\/08\/santuario-de-bellavista-1.jpg\" \/>\n\t<meta property=\"og:image:width\" content=\"1920\" \/>\n\t<meta property=\"og:image:height\" content=\"1278\" \/>\n\t<meta property=\"og:image:type\" content=\"image\/jpeg\" \/>\n<meta name=\"author\" content=\"Karen Bueno\" \/>\n<meta name=\"twitter:card\" content=\"summary_large_image\" \/>\n<meta name=\"twitter:label1\" content=\"Verfasst von\" \/>\n\t<meta name=\"twitter:data1\" content=\"Karen Bueno\" \/>\n\t<meta name=\"twitter:label2\" content=\"Gesch\u00e4tzte Lesezeit\" \/>\n\t<meta name=\"twitter:data2\" content=\"3\u00a0Minuten\" \/>\n<script type=\"application\/ld+json\" class=\"yoast-schema-graph\">{\"@context\":\"https:\\\/\\\/schema.org\",\"@graph\":[{\"@type\":\"Article\",\"@id\":\"https:\\\/\\\/schoenstatt.com\\\/de\\\/naturkatastrophe-sturm-verursacht-schwere-schaden-am-heiligtum-in-bellavista\\\/#article\",\"isPartOf\":{\"@id\":\"https:\\\/\\\/schoenstatt.com\\\/de\\\/naturkatastrophe-sturm-verursacht-schwere-schaden-am-heiligtum-in-bellavista\\\/\"},\"author\":{\"name\":\"Karen Bueno\",\"@id\":\"https:\\\/\\\/schoenstatt.com\\\/de\\\/#\\\/schema\\\/person\\\/5158877ad4acae98b34daaeef2a1ce6e\"},\"headline\":\"Naturkatastrophe: Sturm verursacht schwere Sch\u00e4den am Heiligtum in Bellavista\",\"datePublished\":\"2024-08-02T19:31:49+00:00\",\"dateModified\":\"2025-05-15T23:39:36+00:00\",\"mainEntityOfPage\":{\"@id\":\"https:\\\/\\\/schoenstatt.com\\\/de\\\/naturkatastrophe-sturm-verursacht-schwere-schaden-am-heiligtum-in-bellavista\\\/\"},\"wordCount\":422,\"publisher\":{\"@id\":\"https:\\\/\\\/schoenstatt.com\\\/de\\\/#organization\"},\"image\":{\"@id\":\"https:\\\/\\\/schoenstatt.com\\\/de\\\/naturkatastrophe-sturm-verursacht-schwere-schaden-am-heiligtum-in-bellavista\\\/#primaryimage\"},\"thumbnailUrl\":\"https:\\\/\\\/schoenstatt.com\\\/wp-content\\\/uploads\\\/2024\\\/08\\\/santuario-de-bellavista-1.jpg\",\"articleSection\":[\"Amerika\",\"L\u00e4nder\"],\"inLanguage\":\"de\"},{\"@type\":\"WebPage\",\"@id\":\"https:\\\/\\\/schoenstatt.com\\\/de\\\/naturkatastrophe-sturm-verursacht-schwere-schaden-am-heiligtum-in-bellavista\\\/\",\"url\":\"https:\\\/\\\/schoenstatt.com\\\/de\\\/naturkatastrophe-sturm-verursacht-schwere-schaden-am-heiligtum-in-bellavista\\\/\",\"name\":\"Naturkatastrophe: Sturm verursacht schwere Sch\u00e4den am Heiligtum in Bellavista - Schoenstatt\",\"isPartOf\":{\"@id\":\"https:\\\/\\\/schoenstatt.com\\\/de\\\/#website\"},\"primaryImageOfPage\":{\"@id\":\"https:\\\/\\\/schoenstatt.com\\\/de\\\/naturkatastrophe-sturm-verursacht-schwere-schaden-am-heiligtum-in-bellavista\\\/#primaryimage\"},\"image\":{\"@id\":\"https:\\\/\\\/schoenstatt.com\\\/de\\\/naturkatastrophe-sturm-verursacht-schwere-schaden-am-heiligtum-in-bellavista\\\/#primaryimage\"},\"thumbnailUrl\":\"https:\\\/\\\/schoenstatt.com\\\/wp-content\\\/uploads\\\/2024\\\/08\\\/santuario-de-bellavista-1.jpg\",\"datePublished\":\"2024-08-02T19:31:49+00:00\",\"dateModified\":\"2025-05-15T23:39:36+00:00\",\"description\":\"Ein schwerer Sturm hat in Chile Spuren der Zerst\u00f6rung hinterlassen, auch am Sch\u00f6nstatt-Heiligtum in Bellavista.\",\"breadcrumb\":{\"@id\":\"https:\\\/\\\/schoenstatt.com\\\/de\\\/naturkatastrophe-sturm-verursacht-schwere-schaden-am-heiligtum-in-bellavista\\\/#breadcrumb\"},\"inLanguage\":\"de\",\"potentialAction\":[{\"@type\":\"ReadAction\",\"target\":[\"https:\\\/\\\/schoenstatt.com\\\/de\\\/naturkatastrophe-sturm-verursacht-schwere-schaden-am-heiligtum-in-bellavista\\\/\"]}]},{\"@type\":\"ImageObject\",\"inLanguage\":\"de\",\"@id\":\"https:\\\/\\\/schoenstatt.com\\\/de\\\/naturkatastrophe-sturm-verursacht-schwere-schaden-am-heiligtum-in-bellavista\\\/#primaryimage\",\"url\":\"https:\\\/\\\/schoenstatt.com\\\/wp-content\\\/uploads\\\/2024\\\/08\\\/santuario-de-bellavista-1.jpg\",\"contentUrl\":\"https:\\\/\\\/schoenstatt.com\\\/wp-content\\\/uploads\\\/2024\\\/08\\\/santuario-de-bellavista-1.jpg\",\"width\":1920,\"height\":1278},{\"@type\":\"BreadcrumbList\",\"@id\":\"https:\\\/\\\/schoenstatt.com\\\/de\\\/naturkatastrophe-sturm-verursacht-schwere-schaden-am-heiligtum-in-bellavista\\\/#breadcrumb\",\"itemListElement\":[{\"@type\":\"ListItem\",\"position\":1,\"name\":\"Portada\",\"item\":\"https:\\\/\\\/schoenstatt.com\\\/de\\\/home\\\/\"},{\"@type\":\"ListItem\",\"position\":2,\"name\":\"Naturkatastrophe: Sturm verursacht schwere Sch\u00e4den am Heiligtum in Bellavista\"}]},{\"@type\":\"WebSite\",\"@id\":\"https:\\\/\\\/schoenstatt.com\\\/de\\\/#website\",\"url\":\"https:\\\/\\\/schoenstatt.com\\\/de\\\/\",\"name\":\"Schoenstatt\",\"description\":\"Apostolic Movement\",\"publisher\":{\"@id\":\"https:\\\/\\\/schoenstatt.com\\\/de\\\/#organization\"},\"potentialAction\":[{\"@type\":\"SearchAction\",\"target\":{\"@type\":\"EntryPoint\",\"urlTemplate\":\"https:\\\/\\\/schoenstatt.com\\\/de\\\/?s={search_term_string}\"},\"query-input\":{\"@type\":\"PropertyValueSpecification\",\"valueRequired\":true,\"valueName\":\"search_term_string\"}}],\"inLanguage\":\"de\"},{\"@type\":\"Organization\",\"@id\":\"https:\\\/\\\/schoenstatt.com\\\/de\\\/#organization\",\"name\":\"Schoenstatt\",\"url\":\"https:\\\/\\\/schoenstatt.com\\\/de\\\/\",\"logo\":{\"@type\":\"ImageObject\",\"inLanguage\":\"de\",\"@id\":\"https:\\\/\\\/schoenstatt.com\\\/de\\\/#\\\/schema\\\/logo\\\/image\\\/\",\"url\":\"https:\\\/\\\/schoenstatt.com\\\/wp-content\\\/uploads\\\/2025\\\/04\\\/logo-schoenstatt-white-696x696-1.png\",\"contentUrl\":\"https:\\\/\\\/schoenstatt.com\\\/wp-content\\\/uploads\\\/2025\\\/04\\\/logo-schoenstatt-white-696x696-1.png\",\"width\":696,\"height\":694,\"caption\":\"Schoenstatt\"},\"image\":{\"@id\":\"https:\\\/\\\/schoenstatt.com\\\/de\\\/#\\\/schema\\\/logo\\\/image\\\/\"}},{\"@type\":\"Person\",\"@id\":\"https:\\\/\\\/schoenstatt.com\\\/de\\\/#\\\/schema\\\/person\\\/5158877ad4acae98b34daaeef2a1ce6e\",\"name\":\"Karen Bueno\",\"image\":{\"@type\":\"ImageObject\",\"inLanguage\":\"de\",\"@id\":\"https:\\\/\\\/secure.gravatar.com\\\/avatar\\\/f9f4b823873154269d2b2130f195f6d41037dd0d7fc5f3cacb5c846bae70d66b?s=96&d=mm&r=g\",\"url\":\"https:\\\/\\\/secure.gravatar.com\\\/avatar\\\/f9f4b823873154269d2b2130f195f6d41037dd0d7fc5f3cacb5c846bae70d66b?s=96&d=mm&r=g\",\"contentUrl\":\"https:\\\/\\\/secure.gravatar.com\\\/avatar\\\/f9f4b823873154269d2b2130f195f6d41037dd0d7fc5f3cacb5c846bae70d66b?s=96&d=mm&r=g\",\"caption\":\"Karen Bueno\"},\"url\":\"https:\\\/\\\/schoenstatt.com\\\/de\\\/author\\\/karen-bueno\\\/\"}]}<\/script>\n<!-- \/ Yoast SEO Premium plugin. -->","yoast_head_json":{"title":"Naturkatastrophe: Sturm verursacht schwere Sch\u00e4den am Heiligtum in Bellavista - Schoenstatt","description":"Ein schwerer Sturm hat in Chile Spuren der Zerst\u00f6rung hinterlassen, auch am Sch\u00f6nstatt-Heiligtum in Bellavista.","robots":{"index":"index","follow":"follow","max-snippet":"max-snippet:-1","max-image-preview":"max-image-preview:large","max-video-preview":"max-video-preview:-1"},"canonical":"https:\/\/schoenstatt.com\/de\/naturkatastrophe-sturm-verursacht-schwere-schaden-am-heiligtum-in-bellavista\/","og_locale":"de_DE","og_type":"article","og_title":"Naturkatastrophe: Sturm verursacht schwere Sch\u00e4den am Heiligtum in Bellavista","og_description":"Ein schwerer Sturm hat in Chile Spuren der Zerst\u00f6rung hinterlassen, auch am Sch\u00f6nstatt-Heiligtum in Bellavista.","og_url":"https:\/\/schoenstatt.com\/de\/naturkatastrophe-sturm-verursacht-schwere-schaden-am-heiligtum-in-bellavista\/","og_site_name":"Schoenstatt","article_published_time":"2024-08-02T19:31:49+00:00","article_modified_time":"2025-05-15T23:39:36+00:00","og_image":[{"width":1920,"height":1278,"url":"https:\/\/schoenstatt.com\/wp-content\/uploads\/2024\/08\/santuario-de-bellavista-1.jpg","type":"image\/jpeg"}],"author":"Karen Bueno","twitter_card":"summary_large_image","twitter_misc":{"Verfasst von":"Karen Bueno","Gesch\u00e4tzte Lesezeit":"3\u00a0Minuten"},"schema":{"@context":"https:\/\/schema.org","@graph":[{"@type":"Article","@id":"https:\/\/schoenstatt.com\/de\/naturkatastrophe-sturm-verursacht-schwere-schaden-am-heiligtum-in-bellavista\/#article","isPartOf":{"@id":"https:\/\/schoenstatt.com\/de\/naturkatastrophe-sturm-verursacht-schwere-schaden-am-heiligtum-in-bellavista\/"},"author":{"name":"Karen Bueno","@id":"https:\/\/schoenstatt.com\/de\/#\/schema\/person\/5158877ad4acae98b34daaeef2a1ce6e"},"headline":"Naturkatastrophe: Sturm verursacht schwere Sch\u00e4den am Heiligtum in Bellavista","datePublished":"2024-08-02T19:31:49+00:00","dateModified":"2025-05-15T23:39:36+00:00","mainEntityOfPage":{"@id":"https:\/\/schoenstatt.com\/de\/naturkatastrophe-sturm-verursacht-schwere-schaden-am-heiligtum-in-bellavista\/"},"wordCount":422,"publisher":{"@id":"https:\/\/schoenstatt.com\/de\/#organization"},"image":{"@id":"https:\/\/schoenstatt.com\/de\/naturkatastrophe-sturm-verursacht-schwere-schaden-am-heiligtum-in-bellavista\/#primaryimage"},"thumbnailUrl":"https:\/\/schoenstatt.com\/wp-content\/uploads\/2024\/08\/santuario-de-bellavista-1.jpg","articleSection":["Amerika","L\u00e4nder"],"inLanguage":"de"},{"@type":"WebPage","@id":"https:\/\/schoenstatt.com\/de\/naturkatastrophe-sturm-verursacht-schwere-schaden-am-heiligtum-in-bellavista\/","url":"https:\/\/schoenstatt.com\/de\/naturkatastrophe-sturm-verursacht-schwere-schaden-am-heiligtum-in-bellavista\/","name":"Naturkatastrophe: Sturm verursacht schwere Sch\u00e4den am Heiligtum in Bellavista - Schoenstatt","isPartOf":{"@id":"https:\/\/schoenstatt.com\/de\/#website"},"primaryImageOfPage":{"@id":"https:\/\/schoenstatt.com\/de\/naturkatastrophe-sturm-verursacht-schwere-schaden-am-heiligtum-in-bellavista\/#primaryimage"},"image":{"@id":"https:\/\/schoenstatt.com\/de\/naturkatastrophe-sturm-verursacht-schwere-schaden-am-heiligtum-in-bellavista\/#primaryimage"},"thumbnailUrl":"https:\/\/schoenstatt.com\/wp-content\/uploads\/2024\/08\/santuario-de-bellavista-1.jpg","datePublished":"2024-08-02T19:31:49+00:00","dateModified":"2025-05-15T23:39:36+00:00","description":"Ein schwerer Sturm hat in Chile Spuren der Zerst\u00f6rung hinterlassen, auch am Sch\u00f6nstatt-Heiligtum in Bellavista.","breadcrumb":{"@id":"https:\/\/schoenstatt.com\/de\/naturkatastrophe-sturm-verursacht-schwere-schaden-am-heiligtum-in-bellavista\/#breadcrumb"},"inLanguage":"de","potentialAction":[{"@type":"ReadAction","target":["https:\/\/schoenstatt.com\/de\/naturkatastrophe-sturm-verursacht-schwere-schaden-am-heiligtum-in-bellavista\/"]}]},{"@type":"ImageObject","inLanguage":"de","@id":"https:\/\/schoenstatt.com\/de\/naturkatastrophe-sturm-verursacht-schwere-schaden-am-heiligtum-in-bellavista\/#primaryimage","url":"https:\/\/schoenstatt.com\/wp-content\/uploads\/2024\/08\/santuario-de-bellavista-1.jpg","contentUrl":"https:\/\/schoenstatt.com\/wp-content\/uploads\/2024\/08\/santuario-de-bellavista-1.jpg","width":1920,"height":1278},{"@type":"BreadcrumbList","@id":"https:\/\/schoenstatt.com\/de\/naturkatastrophe-sturm-verursacht-schwere-schaden-am-heiligtum-in-bellavista\/#breadcrumb","itemListElement":[{"@type":"ListItem","position":1,"name":"Portada","item":"https:\/\/schoenstatt.com\/de\/home\/"},{"@type":"ListItem","position":2,"name":"Naturkatastrophe: Sturm verursacht schwere Sch\u00e4den am Heiligtum in Bellavista"}]},{"@type":"WebSite","@id":"https:\/\/schoenstatt.com\/de\/#website","url":"https:\/\/schoenstatt.com\/de\/","name":"Schoenstatt","description":"Apostolic Movement","publisher":{"@id":"https:\/\/schoenstatt.com\/de\/#organization"},"potentialAction":[{"@type":"SearchAction","target":{"@type":"EntryPoint","urlTemplate":"https:\/\/schoenstatt.com\/de\/?s={search_term_string}"},"query-input":{"@type":"PropertyValueSpecification","valueRequired":true,"valueName":"search_term_string"}}],"inLanguage":"de"},{"@type":"Organization","@id":"https:\/\/schoenstatt.com\/de\/#organization","name":"Schoenstatt","url":"https:\/\/schoenstatt.com\/de\/","logo":{"@type":"ImageObject","inLanguage":"de","@id":"https:\/\/schoenstatt.com\/de\/#\/schema\/logo\/image\/","url":"https:\/\/schoenstatt.com\/wp-content\/uploads\/2025\/04\/logo-schoenstatt-white-696x696-1.png","contentUrl":"https:\/\/schoenstatt.com\/wp-content\/uploads\/2025\/04\/logo-schoenstatt-white-696x696-1.png","width":696,"height":694,"caption":"Schoenstatt"},"image":{"@id":"https:\/\/schoenstatt.com\/de\/#\/schema\/logo\/image\/"}},{"@type":"Person","@id":"https:\/\/schoenstatt.com\/de\/#\/schema\/person\/5158877ad4acae98b34daaeef2a1ce6e","name":"Karen Bueno","image":{"@type":"ImageObject","inLanguage":"de","@id":"https:\/\/secure.gravatar.com\/avatar\/f9f4b823873154269d2b2130f195f6d41037dd0d7fc5f3cacb5c846bae70d66b?s=96&d=mm&r=g","url":"https:\/\/secure.gravatar.com\/avatar\/f9f4b823873154269d2b2130f195f6d41037dd0d7fc5f3cacb5c846bae70d66b?s=96&d=mm&r=g","contentUrl":"https:\/\/secure.gravatar.com\/avatar\/f9f4b823873154269d2b2130f195f6d41037dd0d7fc5f3cacb5c846bae70d66b?s=96&d=mm&r=g","caption":"Karen Bueno"},"url":"https:\/\/schoenstatt.com\/de\/author\/karen-bueno\/"}]}},"_links":{"self":[{"href":"https:\/\/schoenstatt.com\/de\/wp-json\/wp\/v2\/posts\/40504","targetHints":{"allow":["GET"]}}],"collection":[{"href":"https:\/\/schoenstatt.com\/de\/wp-json\/wp\/v2\/posts"}],"about":[{"href":"https:\/\/schoenstatt.com\/de\/wp-json\/wp\/v2\/types\/post"}],"author":[{"embeddable":true,"href":"https:\/\/schoenstatt.com\/de\/wp-json\/wp\/v2\/users\/3"}],"replies":[{"embeddable":true,"href":"https:\/\/schoenstatt.com\/de\/wp-json\/wp\/v2\/comments?post=40504"}],"version-history":[{"count":2,"href":"https:\/\/schoenstatt.com\/de\/wp-json\/wp\/v2\/posts\/40504\/revisions"}],"predecessor-version":[{"id":56243,"href":"https:\/\/schoenstatt.com\/de\/wp-json\/wp\/v2\/posts\/40504\/revisions\/56243"}],"wp:featuredmedia":[{"embeddable":true,"href":"https:\/\/schoenstatt.com\/de\/wp-json\/wp\/v2\/media\/40489"}],"wp:attachment":[{"href":"https:\/\/schoenstatt.com\/de\/wp-json\/wp\/v2\/media?parent=40504"}],"wp:term":[{"taxonomy":"category","embeddable":true,"href":"https:\/\/schoenstatt.com\/de\/wp-json\/wp\/v2\/categories?post=40504"},{"taxonomy":"post_tag","embeddable":true,"href":"https:\/\/schoenstatt.com\/de\/wp-json\/wp\/v2\/tags?post=40504"}],"curies":[{"name":"wp","href":"https:\/\/api.w.org\/{rel}","templated":true}]}}