{"id":40439,"date":"2024-07-31T14:22:41","date_gmt":"2024-07-31T12:22:41","guid":{"rendered":"https:\/\/schoenstatt.com\/?p=40439"},"modified":"2025-05-15T20:07:03","modified_gmt":"2025-05-15T18:07:03","slug":"gebetsintention-fur-august-fur-politisch-verantwortlichen","status":"publish","type":"post","link":"https:\/\/schoenstatt.com\/de\/gebetsintention-fur-august-fur-politisch-verantwortlichen\/","title":{"rendered":"Gebetsintention f\u00fcr August: F\u00fcr politisch Verantwortlichen"},"content":{"rendered":"\n<p>Im Monat August widmet Papst Franziskus seine Gebetsintention den politisch Verantwortlichen, damit sie ihre Aufgabe, die nach Paul VI. \u201eeine der h\u00f6chsten Formen der N\u00e4chstenliebe\u201c ist, mit \u201eeinem Geist des Dienens, nicht der Macht\u201c wahrnehmen.<\/p>\n\n\n\n<p>An diesem Dienstag ver\u00f6ffentlichte das Weltgebetsnetzwerk des Papstes das neue Video zur monatlichen Intention, in dem er daran erinnert, dass wir \u201eohne eine gute Politik nicht auf dem Weg zur universalen Geschwisterlichkeit vorankommen k\u00f6nnen\u201c.<\/p>\n\n\n\n<p>\u201eDie Politik hat heute keinen guten Ruf: Korruption, Skandale, weit weg vom t\u00e4glichen Leben der Menschen. Aber k\u00f6nnen wir ohne eine gute Politik Fortschritte machen in Richtung der universalen Geschwisterlichkeit? Nein\u201c: Das betont der Papst im aktuellen Video zu seiner monatlichen Gebetsintention, die in diesem August \u201eF\u00fcr politisch Verantwortliche\u201c \u00fcberschrieben ist.<\/p>\n\n\n\n<p>Darin l\u00e4dt er alle Menschen ein, daf\u00fcr zu beten, dass die politischen F\u00fchrer sich \u201ein den Dienst sich ihres Volkes stellen, sich f\u00fcr eine ganzheitliche menschliche Entwicklung und das Gemeinwohl einsetzen, f\u00fcr das Gemeinwohl arbeiten, sich um diejenigen k\u00fcmmern, die ihren Arbeitsplatz verloren haben, und den \u00c4rmsten Vorrang geben.\u201c Dies sei das Abbild \u201eechter Politik\u201c, die letztlich \u201eviel edler\u201c sei, \u201eals es den Anschein haben mag\u201c, so Franziskus.<\/p>\n\n\n\n<figure class=\"wp-block-embed is-type-video is-provider-youtube wp-block-embed-youtube wp-embed-aspect-16-9 wp-has-aspect-ratio\"><div class=\"wp-block-embed__wrapper\">\n<iframe title=\"F\u00fcr politisch Verantwortliche - Das Video vom Papst 8 \u2013 August 2024\" width=\"800\" height=\"450\" src=\"https:\/\/www.youtube.com\/embed\/abNSBwfe6Cw?feature=oembed\" frameborder=\"0\" allow=\"accelerometer; autoplay; clipboard-write; encrypted-media; gyroscope; picture-in-picture; web-share\" referrerpolicy=\"strict-origin-when-cross-origin\" allowfullscreen><\/iframe>\n<\/div><\/figure>\n\n\n\n<h2 class=\"wp-block-heading\" id=\"h-politik-ist-eine-der-hochsten-formen-der-nachstenliebe\"><strong>Politik ist eine der h\u00f6chsten Formen der N\u00e4chstenliebe<\/strong><\/h2>\n\n\n\n<p>\u201eWie Paul VI. sagte, ist die Politik eine der h\u00f6chsten Formen der N\u00e4chstenliebe, weil sie das Gemeinwohl anstrebt\u201c, zitiert er seinen Vorg\u00e4nger im Papstamt.<\/p>\n\n\n\n<p>\u201eIch spreche von echter Politik, nicht von kleinkarierter Parteilichkeit. Ich spreche von einer Politik, die auf die Realit\u00e4t h\u00f6rt, die im Dienst der Armen steht, und nicht von einer Politik, die sich in gro\u00dfen Geb\u00e4uden mit langen G\u00e4ngen abgeschottet hat.\u201c<\/p>\n\n\n\n<p>Er spreche \u201evon einer Politik, die sich um die Arbeitslosen k\u00fcmmert und die sehr wohl wei\u00df, wie traurig ein Sonntag sein kann, wenn der Montag nur ein weiterer Tag ist, an dem man nicht zur Arbeit gehen kann\u201c, so der Papst weiter. So gesehen sei die Politik \u201eviel edler, als es den Anschein haben mag\u201c, betont Franziskus in dem Video, in dem er \u2013 wie bereits in seiner Enzyklika Fratelli tutti angelegt, wenn er im 5. Kapitel von einer \u201epolitischen N\u00e4chstenliebe\u201c schreibt &#8211; auch zu Dankbarkeit gegen\u00fcber den pflichtbewussten Staatsdienern aufruft:<\/p>\n\n\n\n<p>\u201eDanken wir den vielen Politikern, die ihre Arbeit im Geist des Dienstes und nicht der Machtaus\u00fcbung tun, f\u00fcr all ihre Bem\u00fchungen um das Gemeinwohl.\u201c<\/p>\n\n\n\n<h2 class=\"wp-block-heading\" id=\"h-unterstutzen-wir-diejenigen-die-dem-gemeinwohl-dienen\"><strong>Unterst\u00fctzen wir diejenigen, die dem Gemeinwohl dienen<\/strong><\/h2>\n\n\n\n<p>Der internationale Leiter des p\u00e4pstlichen Weltgebetsnetzwerks, Jesuitenpater Fr\u00e9d\u00e9ric Fornos, fragt in einer begleitenden Aussendung zum Video , warum man denn eigentlich \u201ef\u00fcr Politiker beten\u201c solle. Denn anstatt sie zu diskreditieren, so seine Antwort, sei es sinnvoller, ihnen zu helfen, \u201edie M\u00e4nner und Frauen zu sein, die wir uns w\u00fcnschen\u201c:<\/p>\n\n\n\n<p>\u201eWeil es erfordert gro\u00dfen Mut\u201c, erkl\u00e4rt er, \u201edort zu sein, wo sie sind, und zu versuchen, mit Integrit\u00e4t zu leben! Sie setzen alles aufs Spiel: ihre Zeit, ihr Familienleben, ihre F\u00e4higkeiten, ihre k\u00f6rperliche Kraft, ihren Ruf\u201c.<\/p>\n\n\n\n<p>Manchmal entspreche es wohl der Wahrheit, dass einige von Gier, Macht und Geld getrieben werden, schlie\u00dft Fornos, \u201eaber es gibt auch viele, die sich wirklich f\u00fcr das Gemeinwohl einsetzen. Was wir tun k\u00f6nnen, ist f\u00fcr sie zu beten.\u201c<\/p>\n\n\n\n<p>Seit 2016 wurde das <a href=\"https:\/\/thepopevideo.org\/august-fuer-politisch-verantwortliche\/?lang=de\">Video des Papstes<\/a> mehr als 226 Millionen Mal in allen sozialen Netzwerken des Vatikans aufgerufen. Es wurde in 23 Sprachen \u00fcbersetzt und die Presse hat in 114 L\u00e4ndern dar\u00fcber berichtet.<\/p>\n\n\n\n<p><strong>Quelle:<\/strong> <a href=\"https:\/\/www.vaticannews.va\/de\/papst\/news\/2024-07\/papst-franziskus-gebetsnetzwerk-video-gebet-politiker-gemeinwohl.html\" target=\"_blank\" rel=\"noreferrer noopener\">vaticannews.va\/de<\/a><\/p>\n","protected":false},"excerpt":{"rendered":"<p>Im Monat August widmet Papst Franziskus seine Gebetsintention den politisch Verantwortlichen, damit sie ihre Aufgabe<\/p>\n","protected":false},"author":3,"featured_media":40433,"comment_status":"closed","ping_status":"closed","sticky":false,"template":"","format":"standard","meta":{"footnotes":""},"categories":[910,851,852],"tags":[],"class_list":["post-40439","post","type-post","status-publish","format-standard","has-post-thumbnail","hentry","category-gesellschaft-de","category-kirche-de","category-papst-franziskus-de"],"yoast_head":"<!-- This site is optimized with the Yoast SEO Premium plugin v27.4 (Yoast SEO v27.4) - https:\/\/yoast.com\/product\/yoast-seo-premium-wordpress\/ -->\n<title>Gebetsintention f\u00fcr August: F\u00fcr politisch Verantwortlichen - Schoenstatt<\/title>\n<meta name=\"description\" content=\"Im Monat August widmet Papst Franziskus seine Gebetsintention den politisch Verantwortlichen, damit sie ihre Aufgabe\" \/>\n<meta name=\"robots\" content=\"index, follow, max-snippet:-1, max-image-preview:large, max-video-preview:-1\" \/>\n<link rel=\"canonical\" href=\"https:\/\/schoenstatt.com\/de\/gebetsintention-fur-august-fur-politisch-verantwortlichen\/\" \/>\n<meta property=\"og:locale\" content=\"de_DE\" \/>\n<meta property=\"og:type\" content=\"article\" \/>\n<meta property=\"og:title\" content=\"Gebetsintention f\u00fcr August: F\u00fcr politisch Verantwortlichen\" \/>\n<meta property=\"og:description\" content=\"Im Monat August widmet Papst Franziskus seine Gebetsintention den politisch Verantwortlichen, damit sie ihre Aufgabe\" \/>\n<meta property=\"og:url\" content=\"https:\/\/schoenstatt.com\/de\/gebetsintention-fur-august-fur-politisch-verantwortlichen\/\" \/>\n<meta property=\"og:site_name\" content=\"Schoenstatt\" \/>\n<meta property=\"article:published_time\" content=\"2024-07-31T12:22:41+00:00\" \/>\n<meta property=\"article:modified_time\" content=\"2025-05-15T18:07:03+00:00\" \/>\n<meta property=\"og:image\" content=\"https:\/\/schoenstatt.com\/wp-content\/uploads\/2024\/07\/Oracion-oracao-vela-fuego-fire-pray-1.jpg\" \/>\n\t<meta property=\"og:image:width\" content=\"2048\" \/>\n\t<meta property=\"og:image:height\" content=\"1288\" \/>\n\t<meta property=\"og:image:type\" content=\"image\/jpeg\" \/>\n<meta name=\"author\" content=\"Karen Bueno\" \/>\n<meta name=\"twitter:card\" content=\"summary_large_image\" \/>\n<meta name=\"twitter:label1\" content=\"Verfasst von\" \/>\n\t<meta name=\"twitter:data1\" content=\"Karen Bueno\" \/>\n\t<meta name=\"twitter:label2\" content=\"Gesch\u00e4tzte Lesezeit\" \/>\n\t<meta name=\"twitter:data2\" content=\"3\u00a0Minuten\" \/>\n<script type=\"application\/ld+json\" class=\"yoast-schema-graph\">{\"@context\":\"https:\\\/\\\/schema.org\",\"@graph\":[{\"@type\":\"Article\",\"@id\":\"https:\\\/\\\/schoenstatt.com\\\/de\\\/gebetsintention-fur-august-fur-politisch-verantwortlichen\\\/#article\",\"isPartOf\":{\"@id\":\"https:\\\/\\\/schoenstatt.com\\\/de\\\/gebetsintention-fur-august-fur-politisch-verantwortlichen\\\/\"},\"author\":{\"name\":\"Karen Bueno\",\"@id\":\"https:\\\/\\\/schoenstatt.com\\\/de\\\/#\\\/schema\\\/person\\\/5158877ad4acae98b34daaeef2a1ce6e\"},\"headline\":\"Gebetsintention f\u00fcr August: F\u00fcr politisch Verantwortlichen\",\"datePublished\":\"2024-07-31T12:22:41+00:00\",\"dateModified\":\"2025-05-15T18:07:03+00:00\",\"mainEntityOfPage\":{\"@id\":\"https:\\\/\\\/schoenstatt.com\\\/de\\\/gebetsintention-fur-august-fur-politisch-verantwortlichen\\\/\"},\"wordCount\":598,\"publisher\":{\"@id\":\"https:\\\/\\\/schoenstatt.com\\\/de\\\/#organization\"},\"image\":{\"@id\":\"https:\\\/\\\/schoenstatt.com\\\/de\\\/gebetsintention-fur-august-fur-politisch-verantwortlichen\\\/#primaryimage\"},\"thumbnailUrl\":\"https:\\\/\\\/schoenstatt.com\\\/wp-content\\\/uploads\\\/2024\\\/07\\\/Oracion-oracao-vela-fuego-fire-pray-1.jpg\",\"articleSection\":[\"Gesellschaft\",\"Kirche\",\"Papst Franziskus\"],\"inLanguage\":\"de\"},{\"@type\":\"WebPage\",\"@id\":\"https:\\\/\\\/schoenstatt.com\\\/de\\\/gebetsintention-fur-august-fur-politisch-verantwortlichen\\\/\",\"url\":\"https:\\\/\\\/schoenstatt.com\\\/de\\\/gebetsintention-fur-august-fur-politisch-verantwortlichen\\\/\",\"name\":\"Gebetsintention f\u00fcr August: F\u00fcr politisch Verantwortlichen - Schoenstatt\",\"isPartOf\":{\"@id\":\"https:\\\/\\\/schoenstatt.com\\\/de\\\/#website\"},\"primaryImageOfPage\":{\"@id\":\"https:\\\/\\\/schoenstatt.com\\\/de\\\/gebetsintention-fur-august-fur-politisch-verantwortlichen\\\/#primaryimage\"},\"image\":{\"@id\":\"https:\\\/\\\/schoenstatt.com\\\/de\\\/gebetsintention-fur-august-fur-politisch-verantwortlichen\\\/#primaryimage\"},\"thumbnailUrl\":\"https:\\\/\\\/schoenstatt.com\\\/wp-content\\\/uploads\\\/2024\\\/07\\\/Oracion-oracao-vela-fuego-fire-pray-1.jpg\",\"datePublished\":\"2024-07-31T12:22:41+00:00\",\"dateModified\":\"2025-05-15T18:07:03+00:00\",\"description\":\"Im Monat August widmet Papst Franziskus seine Gebetsintention den politisch Verantwortlichen, damit sie ihre Aufgabe\",\"breadcrumb\":{\"@id\":\"https:\\\/\\\/schoenstatt.com\\\/de\\\/gebetsintention-fur-august-fur-politisch-verantwortlichen\\\/#breadcrumb\"},\"inLanguage\":\"de\",\"potentialAction\":[{\"@type\":\"ReadAction\",\"target\":[\"https:\\\/\\\/schoenstatt.com\\\/de\\\/gebetsintention-fur-august-fur-politisch-verantwortlichen\\\/\"]}]},{\"@type\":\"ImageObject\",\"inLanguage\":\"de\",\"@id\":\"https:\\\/\\\/schoenstatt.com\\\/de\\\/gebetsintention-fur-august-fur-politisch-verantwortlichen\\\/#primaryimage\",\"url\":\"https:\\\/\\\/schoenstatt.com\\\/wp-content\\\/uploads\\\/2024\\\/07\\\/Oracion-oracao-vela-fuego-fire-pray-1.jpg\",\"contentUrl\":\"https:\\\/\\\/schoenstatt.com\\\/wp-content\\\/uploads\\\/2024\\\/07\\\/Oracion-oracao-vela-fuego-fire-pray-1.jpg\",\"width\":2048,\"height\":1288},{\"@type\":\"BreadcrumbList\",\"@id\":\"https:\\\/\\\/schoenstatt.com\\\/de\\\/gebetsintention-fur-august-fur-politisch-verantwortlichen\\\/#breadcrumb\",\"itemListElement\":[{\"@type\":\"ListItem\",\"position\":1,\"name\":\"Portada\",\"item\":\"https:\\\/\\\/schoenstatt.com\\\/de\\\/home\\\/\"},{\"@type\":\"ListItem\",\"position\":2,\"name\":\"Gebetsintention f\u00fcr August: F\u00fcr politisch Verantwortlichen\"}]},{\"@type\":\"WebSite\",\"@id\":\"https:\\\/\\\/schoenstatt.com\\\/de\\\/#website\",\"url\":\"https:\\\/\\\/schoenstatt.com\\\/de\\\/\",\"name\":\"Schoenstatt\",\"description\":\"Apostolic Movement\",\"publisher\":{\"@id\":\"https:\\\/\\\/schoenstatt.com\\\/de\\\/#organization\"},\"potentialAction\":[{\"@type\":\"SearchAction\",\"target\":{\"@type\":\"EntryPoint\",\"urlTemplate\":\"https:\\\/\\\/schoenstatt.com\\\/de\\\/?s={search_term_string}\"},\"query-input\":{\"@type\":\"PropertyValueSpecification\",\"valueRequired\":true,\"valueName\":\"search_term_string\"}}],\"inLanguage\":\"de\"},{\"@type\":\"Organization\",\"@id\":\"https:\\\/\\\/schoenstatt.com\\\/de\\\/#organization\",\"name\":\"Schoenstatt\",\"url\":\"https:\\\/\\\/schoenstatt.com\\\/de\\\/\",\"logo\":{\"@type\":\"ImageObject\",\"inLanguage\":\"de\",\"@id\":\"https:\\\/\\\/schoenstatt.com\\\/de\\\/#\\\/schema\\\/logo\\\/image\\\/\",\"url\":\"https:\\\/\\\/schoenstatt.com\\\/wp-content\\\/uploads\\\/2025\\\/04\\\/logo-schoenstatt-white-696x696-1.png\",\"contentUrl\":\"https:\\\/\\\/schoenstatt.com\\\/wp-content\\\/uploads\\\/2025\\\/04\\\/logo-schoenstatt-white-696x696-1.png\",\"width\":696,\"height\":694,\"caption\":\"Schoenstatt\"},\"image\":{\"@id\":\"https:\\\/\\\/schoenstatt.com\\\/de\\\/#\\\/schema\\\/logo\\\/image\\\/\"}},{\"@type\":\"Person\",\"@id\":\"https:\\\/\\\/schoenstatt.com\\\/de\\\/#\\\/schema\\\/person\\\/5158877ad4acae98b34daaeef2a1ce6e\",\"name\":\"Karen Bueno\",\"image\":{\"@type\":\"ImageObject\",\"inLanguage\":\"de\",\"@id\":\"https:\\\/\\\/secure.gravatar.com\\\/avatar\\\/f9f4b823873154269d2b2130f195f6d41037dd0d7fc5f3cacb5c846bae70d66b?s=96&d=mm&r=g\",\"url\":\"https:\\\/\\\/secure.gravatar.com\\\/avatar\\\/f9f4b823873154269d2b2130f195f6d41037dd0d7fc5f3cacb5c846bae70d66b?s=96&d=mm&r=g\",\"contentUrl\":\"https:\\\/\\\/secure.gravatar.com\\\/avatar\\\/f9f4b823873154269d2b2130f195f6d41037dd0d7fc5f3cacb5c846bae70d66b?s=96&d=mm&r=g\",\"caption\":\"Karen Bueno\"},\"url\":\"https:\\\/\\\/schoenstatt.com\\\/de\\\/author\\\/karen-bueno\\\/\"}]}<\/script>\n<!-- \/ Yoast SEO Premium plugin. -->","yoast_head_json":{"title":"Gebetsintention f\u00fcr August: F\u00fcr politisch Verantwortlichen - Schoenstatt","description":"Im Monat August widmet Papst Franziskus seine Gebetsintention den politisch Verantwortlichen, damit sie ihre Aufgabe","robots":{"index":"index","follow":"follow","max-snippet":"max-snippet:-1","max-image-preview":"max-image-preview:large","max-video-preview":"max-video-preview:-1"},"canonical":"https:\/\/schoenstatt.com\/de\/gebetsintention-fur-august-fur-politisch-verantwortlichen\/","og_locale":"de_DE","og_type":"article","og_title":"Gebetsintention f\u00fcr August: F\u00fcr politisch Verantwortlichen","og_description":"Im Monat August widmet Papst Franziskus seine Gebetsintention den politisch Verantwortlichen, damit sie ihre Aufgabe","og_url":"https:\/\/schoenstatt.com\/de\/gebetsintention-fur-august-fur-politisch-verantwortlichen\/","og_site_name":"Schoenstatt","article_published_time":"2024-07-31T12:22:41+00:00","article_modified_time":"2025-05-15T18:07:03+00:00","og_image":[{"width":2048,"height":1288,"url":"https:\/\/schoenstatt.com\/wp-content\/uploads\/2024\/07\/Oracion-oracao-vela-fuego-fire-pray-1.jpg","type":"image\/jpeg"}],"author":"Karen Bueno","twitter_card":"summary_large_image","twitter_misc":{"Verfasst von":"Karen Bueno","Gesch\u00e4tzte Lesezeit":"3\u00a0Minuten"},"schema":{"@context":"https:\/\/schema.org","@graph":[{"@type":"Article","@id":"https:\/\/schoenstatt.com\/de\/gebetsintention-fur-august-fur-politisch-verantwortlichen\/#article","isPartOf":{"@id":"https:\/\/schoenstatt.com\/de\/gebetsintention-fur-august-fur-politisch-verantwortlichen\/"},"author":{"name":"Karen Bueno","@id":"https:\/\/schoenstatt.com\/de\/#\/schema\/person\/5158877ad4acae98b34daaeef2a1ce6e"},"headline":"Gebetsintention f\u00fcr August: F\u00fcr politisch Verantwortlichen","datePublished":"2024-07-31T12:22:41+00:00","dateModified":"2025-05-15T18:07:03+00:00","mainEntityOfPage":{"@id":"https:\/\/schoenstatt.com\/de\/gebetsintention-fur-august-fur-politisch-verantwortlichen\/"},"wordCount":598,"publisher":{"@id":"https:\/\/schoenstatt.com\/de\/#organization"},"image":{"@id":"https:\/\/schoenstatt.com\/de\/gebetsintention-fur-august-fur-politisch-verantwortlichen\/#primaryimage"},"thumbnailUrl":"https:\/\/schoenstatt.com\/wp-content\/uploads\/2024\/07\/Oracion-oracao-vela-fuego-fire-pray-1.jpg","articleSection":["Gesellschaft","Kirche","Papst Franziskus"],"inLanguage":"de"},{"@type":"WebPage","@id":"https:\/\/schoenstatt.com\/de\/gebetsintention-fur-august-fur-politisch-verantwortlichen\/","url":"https:\/\/schoenstatt.com\/de\/gebetsintention-fur-august-fur-politisch-verantwortlichen\/","name":"Gebetsintention f\u00fcr August: F\u00fcr politisch Verantwortlichen - Schoenstatt","isPartOf":{"@id":"https:\/\/schoenstatt.com\/de\/#website"},"primaryImageOfPage":{"@id":"https:\/\/schoenstatt.com\/de\/gebetsintention-fur-august-fur-politisch-verantwortlichen\/#primaryimage"},"image":{"@id":"https:\/\/schoenstatt.com\/de\/gebetsintention-fur-august-fur-politisch-verantwortlichen\/#primaryimage"},"thumbnailUrl":"https:\/\/schoenstatt.com\/wp-content\/uploads\/2024\/07\/Oracion-oracao-vela-fuego-fire-pray-1.jpg","datePublished":"2024-07-31T12:22:41+00:00","dateModified":"2025-05-15T18:07:03+00:00","description":"Im Monat August widmet Papst Franziskus seine Gebetsintention den politisch Verantwortlichen, damit sie ihre Aufgabe","breadcrumb":{"@id":"https:\/\/schoenstatt.com\/de\/gebetsintention-fur-august-fur-politisch-verantwortlichen\/#breadcrumb"},"inLanguage":"de","potentialAction":[{"@type":"ReadAction","target":["https:\/\/schoenstatt.com\/de\/gebetsintention-fur-august-fur-politisch-verantwortlichen\/"]}]},{"@type":"ImageObject","inLanguage":"de","@id":"https:\/\/schoenstatt.com\/de\/gebetsintention-fur-august-fur-politisch-verantwortlichen\/#primaryimage","url":"https:\/\/schoenstatt.com\/wp-content\/uploads\/2024\/07\/Oracion-oracao-vela-fuego-fire-pray-1.jpg","contentUrl":"https:\/\/schoenstatt.com\/wp-content\/uploads\/2024\/07\/Oracion-oracao-vela-fuego-fire-pray-1.jpg","width":2048,"height":1288},{"@type":"BreadcrumbList","@id":"https:\/\/schoenstatt.com\/de\/gebetsintention-fur-august-fur-politisch-verantwortlichen\/#breadcrumb","itemListElement":[{"@type":"ListItem","position":1,"name":"Portada","item":"https:\/\/schoenstatt.com\/de\/home\/"},{"@type":"ListItem","position":2,"name":"Gebetsintention f\u00fcr August: F\u00fcr politisch Verantwortlichen"}]},{"@type":"WebSite","@id":"https:\/\/schoenstatt.com\/de\/#website","url":"https:\/\/schoenstatt.com\/de\/","name":"Schoenstatt","description":"Apostolic Movement","publisher":{"@id":"https:\/\/schoenstatt.com\/de\/#organization"},"potentialAction":[{"@type":"SearchAction","target":{"@type":"EntryPoint","urlTemplate":"https:\/\/schoenstatt.com\/de\/?s={search_term_string}"},"query-input":{"@type":"PropertyValueSpecification","valueRequired":true,"valueName":"search_term_string"}}],"inLanguage":"de"},{"@type":"Organization","@id":"https:\/\/schoenstatt.com\/de\/#organization","name":"Schoenstatt","url":"https:\/\/schoenstatt.com\/de\/","logo":{"@type":"ImageObject","inLanguage":"de","@id":"https:\/\/schoenstatt.com\/de\/#\/schema\/logo\/image\/","url":"https:\/\/schoenstatt.com\/wp-content\/uploads\/2025\/04\/logo-schoenstatt-white-696x696-1.png","contentUrl":"https:\/\/schoenstatt.com\/wp-content\/uploads\/2025\/04\/logo-schoenstatt-white-696x696-1.png","width":696,"height":694,"caption":"Schoenstatt"},"image":{"@id":"https:\/\/schoenstatt.com\/de\/#\/schema\/logo\/image\/"}},{"@type":"Person","@id":"https:\/\/schoenstatt.com\/de\/#\/schema\/person\/5158877ad4acae98b34daaeef2a1ce6e","name":"Karen Bueno","image":{"@type":"ImageObject","inLanguage":"de","@id":"https:\/\/secure.gravatar.com\/avatar\/f9f4b823873154269d2b2130f195f6d41037dd0d7fc5f3cacb5c846bae70d66b?s=96&d=mm&r=g","url":"https:\/\/secure.gravatar.com\/avatar\/f9f4b823873154269d2b2130f195f6d41037dd0d7fc5f3cacb5c846bae70d66b?s=96&d=mm&r=g","contentUrl":"https:\/\/secure.gravatar.com\/avatar\/f9f4b823873154269d2b2130f195f6d41037dd0d7fc5f3cacb5c846bae70d66b?s=96&d=mm&r=g","caption":"Karen Bueno"},"url":"https:\/\/schoenstatt.com\/de\/author\/karen-bueno\/"}]}},"_links":{"self":[{"href":"https:\/\/schoenstatt.com\/de\/wp-json\/wp\/v2\/posts\/40439","targetHints":{"allow":["GET"]}}],"collection":[{"href":"https:\/\/schoenstatt.com\/de\/wp-json\/wp\/v2\/posts"}],"about":[{"href":"https:\/\/schoenstatt.com\/de\/wp-json\/wp\/v2\/types\/post"}],"author":[{"embeddable":true,"href":"https:\/\/schoenstatt.com\/de\/wp-json\/wp\/v2\/users\/3"}],"replies":[{"embeddable":true,"href":"https:\/\/schoenstatt.com\/de\/wp-json\/wp\/v2\/comments?post=40439"}],"version-history":[{"count":1,"href":"https:\/\/schoenstatt.com\/de\/wp-json\/wp\/v2\/posts\/40439\/revisions"}],"predecessor-version":[{"id":46924,"href":"https:\/\/schoenstatt.com\/de\/wp-json\/wp\/v2\/posts\/40439\/revisions\/46924"}],"wp:featuredmedia":[{"embeddable":true,"href":"https:\/\/schoenstatt.com\/de\/wp-json\/wp\/v2\/media\/40433"}],"wp:attachment":[{"href":"https:\/\/schoenstatt.com\/de\/wp-json\/wp\/v2\/media?parent=40439"}],"wp:term":[{"taxonomy":"category","embeddable":true,"href":"https:\/\/schoenstatt.com\/de\/wp-json\/wp\/v2\/categories?post=40439"},{"taxonomy":"post_tag","embeddable":true,"href":"https:\/\/schoenstatt.com\/de\/wp-json\/wp\/v2\/tags?post=40439"}],"curies":[{"name":"wp","href":"https:\/\/api.w.org\/{rel}","templated":true}]}}