{"id":40273,"date":"2024-07-15T20:16:50","date_gmt":"2024-07-15T18:16:50","guid":{"rendered":"https:\/\/schoenstatt.com\/?p=40273"},"modified":"2025-05-15T20:17:53","modified_gmt":"2025-05-15T18:17:53","slug":"burundi-feiert-die-weihe-von-zwei-neuen-diakonen-der-schoenstatt-patres","status":"publish","type":"post","link":"https:\/\/schoenstatt.com\/de\/burundi-feiert-die-weihe-von-zwei-neuen-diakonen-der-schoenstatt-patres\/","title":{"rendered":"Burundi feiert die Weihe von zwei neuen Diakonen der Sch\u00f6nstatt-Patres"},"content":{"rendered":"\n<p>Die Worte des Psalmisten dr\u00fccken sehr sch\u00f6n die Gef\u00fchle aus, die in den Herzen der Sch\u00f6nstattfamilie in Burundi wohnen: \u201eWahrlich, der Herr hat Gro\u00dfes an uns getan, und nun freuen wir uns\u201c (Psalm 126,3). Im Einklang mit dem Psalmisten bekundeten alle ihre tiefe Freude und Dankbarkeit gegen\u00fcber dem dreifaltigen Gott und der lieben Dreimal Wunderbaren Mutter an diesem Tag.<\/p>\n\n\n\n<p>Am Samstag, den 13. Juli, wurden zwei Mitglieder des <a href=\"https:\/\/schoenstatt.com\/de\/in-gemeinschaft\/priester\/schoenstatt-patres\/\">S\u00e4kularinstituts der Sch\u00f6nstatt-Patres<\/a>, Claver Karakura und Janvier Masirika, zum Diakon geweiht. Diakon Claver Karakura stammt aus Rutovu in der Provinz Bururi, Burundi, und Diakon Janvier stammt aus Kadutu in der Demokratischen Republik Kongo.<\/p>\n\n\n\n<h2 class=\"wp-block-heading\" id=\"h-ein-tag-der-grossen-freude-fur-die-erzdiozese-bujumbura\"><strong>Ein Tag der gro\u00dfen Freude f\u00fcr die Erzdi\u00f6zese Bujumbura<\/strong><\/h2>\n\n\n\n<p>Das Ereignis begann mit der Feier der heiligen Messe um 9:40 Uhr in der St. Edward&#8217;s Parish, Bukeye, in der <a href=\"https:\/\/www.archidiocesedebujumbura.bi\/\">Erzdi\u00f6zese Bujumbura<\/a>. An der Messfeier nahmen Erzbischof Gervais Banshiniyubusa, der die Priesterweihe vornahm, der emeritierte Erzbischof Evariste Ngoyagoye sowie zahlreiche Priester und Ordensleute und eine gro\u00dfe Zahl Katholiken teil.<\/p>\n\n\n\n<p>In seinen einleitenden Worten begr\u00fc\u00dfte der Erzbischof das gesamte Gottesvolk, das von nah und fern gekommen war, um dieses Ereignis zu unterst\u00fctzen, und dankte den Gemeindemitgliedern f\u00fcr die vielf\u00e4ltigen Vorbereitungen, die f\u00fcr dieses Ereignis getroffen wurden.<\/p>\n\n\n\n<p>W\u00e4hrend der Zeremonie wurden nicht nur die Diakone der Sch\u00f6nstatt-Patres, sondern auch andere Seminaristen und Diakone der Di\u00f6zese geweiht.<\/p>\n\n\n\n<figure class=\"wp-block-image size-large\"><img decoding=\"async\" src=\"https:\/\/schoenstatt.com\/wp-content\/uploads\/2024\/07\/deacon-ordination-Claver-Karakura-and-Janvier-Masirika-schoenstatt-burundi-3-1024x578.jpg\" alt=\"\" class=\"wp-image-40225\"\/><\/figure>\n\n\n\n<h2 class=\"wp-block-heading\" id=\"h-vertraut-auf-den-herrn-und-lasst-die-lampen-brennen\"><strong>Vertraut auf den Herrn und lasst die Lampen brennen<\/strong><\/h2>\n\n\n\n<p>In seiner Predigt ging der Erzbischof auf die drei Lesungen des Festes ein. Die erste Lesung aus dem Buch Jeremia (Jer 1,4-10) handelt von Jeremias Berufung und seiner Antwort auf Gott. Der Erzbischof riet den Kandidaten, ihre Unf\u00e4higkeit zu \u00fcbersehen und auf Gott, den Herrn, zu vertrauen, der diejenigen, die er berufen hat, bef\u00e4higt.<\/p>\n\n\n\n<p>In der zweiten Lesung aus dem ersten Brief des Paulus an Timotheus forderte er sie auf, als Vorbild f\u00fcr die unz\u00e4hligen Gl\u00e4ubigen zu leben, die sie beobachten. Die dritte Lesung (Lk 12,35-48) erinnert an die Wachsamkeit und ermutigte sie, die Lampe immer brennen zu lassen, ihren Dienst treu zu leben und auf Gott und die Gottesmutter zu vertrauen, ohne sich entmutigen zu lassen. Schlie\u00dflich lud der Erzbischof die anwesenden katholischen Gl\u00e4ubigen ein, die apostolischen Werke und die heiligen Dienste geistig und materiell zu unterst\u00fctzen.<\/p>\n\n\n\n<figure class=\"wp-block-image aligncenter size-large is-resized\"><img decoding=\"async\" src=\"https:\/\/schoenstatt.com\/wp-content\/uploads\/2024\/07\/deacon-ordination-Claver-Karakura-and-Janvier-Masirika-schoenstatt-burundi-4-762x1024.jpg\" alt=\"\" class=\"wp-image-40229\" style=\"width:547px;height:auto\"\/><\/figure>\n\n\n\n<h2 class=\"wp-block-heading\" id=\"h-10-neue-priester-und-11-diakone\"><strong>10 neue Priester und 11 Diakone<\/strong><\/h2>\n\n\n\n<p>Die Weihezeremonie begann ordnungsgem\u00e4\u00df um 11.10 Uhr, und nach dem Weihegebet um 11.40 Uhr wurden unsere Br\u00fcder zu Dienern f\u00fcr das heilige Werk Gottes und den Dienst seiner heiligen Kirche geweiht. Zehn Diakone wurden zu Priestern geweiht, und 11 Kandidaten, unter ihnen Claver und Janvier, zu Diakonen.<\/p>\n\n\n\n<p>\u00dcberraschenderweise wurden alle neu geweihten Priester mit Messgew\u00e4ndern ausgestattet, auf denen das MTA-Bild sch\u00f6n eingraviert war. Man fragt sich, warum. Weil die meisten von ihnen zur <a href=\"https:\/\/schoenstatt.com\/de\/in-gemeinschaft\/priester\/priesterliga\/\">Sch\u00f6nstattbewegung der Di\u00f6zesanpriester<\/a> geh\u00f6ren und andere beeinflusst haben k\u00f6nnten. Einer, der neben mir sa\u00df, bemerkte scherzhaft, dass die Zahl der Sch\u00f6nstatt-Di\u00f6zesanpriester um zehn neue Mitglieder gewachsen sei.<\/p>\n\n\n\n<figure class=\"wp-block-image size-large\"><img decoding=\"async\" src=\"https:\/\/schoenstatt.com\/wp-content\/uploads\/2024\/07\/deacon-ordination-Claver-Karakura-and-Janvier-Masirika-schoenstatt-burundi-1024x715.jpg\" alt=\"\" class=\"wp-image-40233\"\/><\/figure>\n\n\n\n<p>Nach der heiligen Messe gab es einen Empfang, bei dem wir viel Spa\u00df hatten und die Freude teilten. Wir a\u00dfen, tranken und genossen jeden Moment der Feier. Einige wichtige W\u00fcrdentr\u00e4ger hielten auch viele Reden, in denen sie ihre Freude und Dankbarkeit gegen\u00fcber allen Gl\u00e4ubigen zum Ausdruck brachten und den neu geweihten Geistlichen das Beste f\u00fcr ihren Dienst und ihr Leben w\u00fcnschten. Unsere Freude ist unbeschreiblich, denn wir sind wirklich erstaunt \u00fcber die gro\u00dfen Dinge, die Gott, der Herr, f\u00fcr uns, sein geliebtes Volk, getan hat, und jetzt freuen wir uns wirklich.<\/p>\n\n\n\n<p><strong>\u00dcbersetzung:<\/strong> deepl.com<br><strong>\u00dcberpr\u00fcfung:<\/strong> Hildegard Kaiser<\/p>\n","protected":false},"excerpt":{"rendered":"<p>Zwei neue Diakone der Sch\u00f6nstatt-Patres: einer aus der Demokratischen Republik Kongo und der andere aus Burundi, Afrika.<\/p>\n","protected":false},"author":3,"featured_media":40220,"comment_status":"closed","ping_status":"closed","sticky":false,"template":"","format":"standard","meta":{"footnotes":""},"categories":[907],"tags":[],"class_list":["post-40273","post","type-post","status-publish","format-standard","has-post-thumbnail","hentry","category-schoenstatt-gemeinschaften-de"],"yoast_head":"<!-- This site is optimized with the Yoast SEO Premium plugin v27.4 (Yoast SEO v27.4) - https:\/\/yoast.com\/product\/yoast-seo-premium-wordpress\/ -->\n<title>Burundi feiert die Weihe von zwei neuen Diakonen der Sch\u00f6nstatt-Patres<\/title>\n<meta name=\"description\" content=\"Zwei neue Diakone der Sch\u00f6nstatt-Patres: einer aus der Demokratischen Republik Kongo und der andere aus Burundi, Afrika.\" \/>\n<meta name=\"robots\" content=\"index, follow, max-snippet:-1, max-image-preview:large, max-video-preview:-1\" \/>\n<link rel=\"canonical\" href=\"https:\/\/schoenstatt.com\/de\/burundi-feiert-die-weihe-von-zwei-neuen-diakonen-der-schoenstatt-patres\/\" \/>\n<meta property=\"og:locale\" content=\"de_DE\" \/>\n<meta property=\"og:type\" content=\"article\" \/>\n<meta property=\"og:title\" content=\"Burundi feiert die Weihe von zwei neuen Diakonen der Sch\u00f6nstatt-Patres\" \/>\n<meta property=\"og:description\" content=\"Zwei neue Diakone der Sch\u00f6nstatt-Patres: einer aus der Demokratischen Republik Kongo und der andere aus Burundi, Afrika.\" \/>\n<meta property=\"og:url\" content=\"https:\/\/schoenstatt.com\/de\/burundi-feiert-die-weihe-von-zwei-neuen-diakonen-der-schoenstatt-patres\/\" \/>\n<meta property=\"og:site_name\" content=\"Schoenstatt\" \/>\n<meta property=\"article:published_time\" content=\"2024-07-15T18:16:50+00:00\" \/>\n<meta property=\"article:modified_time\" content=\"2025-05-15T18:17:53+00:00\" \/>\n<meta property=\"og:image\" content=\"https:\/\/schoenstatt.com\/wp-content\/uploads\/2024\/07\/deacon-ordination-Claver-Karakura-and-Janvier-Masirika-schoenstatt-burundi-2-1.jpg\" \/>\n\t<meta property=\"og:image:width\" content=\"2048\" \/>\n\t<meta property=\"og:image:height\" content=\"1365\" \/>\n\t<meta property=\"og:image:type\" content=\"image\/jpeg\" \/>\n<meta name=\"author\" content=\"Karen Bueno\" \/>\n<meta name=\"twitter:card\" content=\"summary_large_image\" \/>\n<meta name=\"twitter:label1\" content=\"Verfasst von\" \/>\n\t<meta name=\"twitter:data1\" content=\"Karen Bueno\" \/>\n\t<meta name=\"twitter:label2\" content=\"Gesch\u00e4tzte Lesezeit\" \/>\n\t<meta name=\"twitter:data2\" content=\"4\u00a0Minuten\" \/>\n<script type=\"application\/ld+json\" class=\"yoast-schema-graph\">{\"@context\":\"https:\\\/\\\/schema.org\",\"@graph\":[{\"@type\":\"Article\",\"@id\":\"https:\\\/\\\/schoenstatt.com\\\/de\\\/burundi-feiert-die-weihe-von-zwei-neuen-diakonen-der-schoenstatt-patres\\\/#article\",\"isPartOf\":{\"@id\":\"https:\\\/\\\/schoenstatt.com\\\/de\\\/burundi-feiert-die-weihe-von-zwei-neuen-diakonen-der-schoenstatt-patres\\\/\"},\"author\":{\"name\":\"Karen Bueno\",\"@id\":\"https:\\\/\\\/schoenstatt.com\\\/de\\\/#\\\/schema\\\/person\\\/5158877ad4acae98b34daaeef2a1ce6e\"},\"headline\":\"Burundi feiert die Weihe von zwei neuen Diakonen der Sch\u00f6nstatt-Patres\",\"datePublished\":\"2024-07-15T18:16:50+00:00\",\"dateModified\":\"2025-05-15T18:17:53+00:00\",\"mainEntityOfPage\":{\"@id\":\"https:\\\/\\\/schoenstatt.com\\\/de\\\/burundi-feiert-die-weihe-von-zwei-neuen-diakonen-der-schoenstatt-patres\\\/\"},\"wordCount\":617,\"publisher\":{\"@id\":\"https:\\\/\\\/schoenstatt.com\\\/de\\\/#organization\"},\"image\":{\"@id\":\"https:\\\/\\\/schoenstatt.com\\\/de\\\/burundi-feiert-die-weihe-von-zwei-neuen-diakonen-der-schoenstatt-patres\\\/#primaryimage\"},\"thumbnailUrl\":\"https:\\\/\\\/schoenstatt.com\\\/wp-content\\\/uploads\\\/2024\\\/07\\\/deacon-ordination-Claver-Karakura-and-Janvier-Masirika-schoenstatt-burundi-2-1.jpg\",\"articleSection\":[\"Schoenstatt Gemeinschaften\"],\"inLanguage\":\"de\"},{\"@type\":\"WebPage\",\"@id\":\"https:\\\/\\\/schoenstatt.com\\\/de\\\/burundi-feiert-die-weihe-von-zwei-neuen-diakonen-der-schoenstatt-patres\\\/\",\"url\":\"https:\\\/\\\/schoenstatt.com\\\/de\\\/burundi-feiert-die-weihe-von-zwei-neuen-diakonen-der-schoenstatt-patres\\\/\",\"name\":\"Burundi feiert die Weihe von zwei neuen Diakonen der Sch\u00f6nstatt-Patres\",\"isPartOf\":{\"@id\":\"https:\\\/\\\/schoenstatt.com\\\/de\\\/#website\"},\"primaryImageOfPage\":{\"@id\":\"https:\\\/\\\/schoenstatt.com\\\/de\\\/burundi-feiert-die-weihe-von-zwei-neuen-diakonen-der-schoenstatt-patres\\\/#primaryimage\"},\"image\":{\"@id\":\"https:\\\/\\\/schoenstatt.com\\\/de\\\/burundi-feiert-die-weihe-von-zwei-neuen-diakonen-der-schoenstatt-patres\\\/#primaryimage\"},\"thumbnailUrl\":\"https:\\\/\\\/schoenstatt.com\\\/wp-content\\\/uploads\\\/2024\\\/07\\\/deacon-ordination-Claver-Karakura-and-Janvier-Masirika-schoenstatt-burundi-2-1.jpg\",\"datePublished\":\"2024-07-15T18:16:50+00:00\",\"dateModified\":\"2025-05-15T18:17:53+00:00\",\"description\":\"Zwei neue Diakone der Sch\u00f6nstatt-Patres: einer aus der Demokratischen Republik Kongo und der andere aus Burundi, Afrika.\",\"breadcrumb\":{\"@id\":\"https:\\\/\\\/schoenstatt.com\\\/de\\\/burundi-feiert-die-weihe-von-zwei-neuen-diakonen-der-schoenstatt-patres\\\/#breadcrumb\"},\"inLanguage\":\"de\",\"potentialAction\":[{\"@type\":\"ReadAction\",\"target\":[\"https:\\\/\\\/schoenstatt.com\\\/de\\\/burundi-feiert-die-weihe-von-zwei-neuen-diakonen-der-schoenstatt-patres\\\/\"]}]},{\"@type\":\"ImageObject\",\"inLanguage\":\"de\",\"@id\":\"https:\\\/\\\/schoenstatt.com\\\/de\\\/burundi-feiert-die-weihe-von-zwei-neuen-diakonen-der-schoenstatt-patres\\\/#primaryimage\",\"url\":\"https:\\\/\\\/schoenstatt.com\\\/wp-content\\\/uploads\\\/2024\\\/07\\\/deacon-ordination-Claver-Karakura-and-Janvier-Masirika-schoenstatt-burundi-2-1.jpg\",\"contentUrl\":\"https:\\\/\\\/schoenstatt.com\\\/wp-content\\\/uploads\\\/2024\\\/07\\\/deacon-ordination-Claver-Karakura-and-Janvier-Masirika-schoenstatt-burundi-2-1.jpg\",\"width\":2048,\"height\":1365},{\"@type\":\"BreadcrumbList\",\"@id\":\"https:\\\/\\\/schoenstatt.com\\\/de\\\/burundi-feiert-die-weihe-von-zwei-neuen-diakonen-der-schoenstatt-patres\\\/#breadcrumb\",\"itemListElement\":[{\"@type\":\"ListItem\",\"position\":1,\"name\":\"Portada\",\"item\":\"https:\\\/\\\/schoenstatt.com\\\/de\\\/home\\\/\"},{\"@type\":\"ListItem\",\"position\":2,\"name\":\"Burundi feiert die Weihe von zwei neuen Diakonen der Sch\u00f6nstatt-Patres\"}]},{\"@type\":\"WebSite\",\"@id\":\"https:\\\/\\\/schoenstatt.com\\\/de\\\/#website\",\"url\":\"https:\\\/\\\/schoenstatt.com\\\/de\\\/\",\"name\":\"Schoenstatt\",\"description\":\"Apostolic Movement\",\"publisher\":{\"@id\":\"https:\\\/\\\/schoenstatt.com\\\/de\\\/#organization\"},\"potentialAction\":[{\"@type\":\"SearchAction\",\"target\":{\"@type\":\"EntryPoint\",\"urlTemplate\":\"https:\\\/\\\/schoenstatt.com\\\/de\\\/?s={search_term_string}\"},\"query-input\":{\"@type\":\"PropertyValueSpecification\",\"valueRequired\":true,\"valueName\":\"search_term_string\"}}],\"inLanguage\":\"de\"},{\"@type\":\"Organization\",\"@id\":\"https:\\\/\\\/schoenstatt.com\\\/de\\\/#organization\",\"name\":\"Schoenstatt\",\"url\":\"https:\\\/\\\/schoenstatt.com\\\/de\\\/\",\"logo\":{\"@type\":\"ImageObject\",\"inLanguage\":\"de\",\"@id\":\"https:\\\/\\\/schoenstatt.com\\\/de\\\/#\\\/schema\\\/logo\\\/image\\\/\",\"url\":\"https:\\\/\\\/schoenstatt.com\\\/wp-content\\\/uploads\\\/2025\\\/04\\\/logo-schoenstatt-white-696x696-1.png\",\"contentUrl\":\"https:\\\/\\\/schoenstatt.com\\\/wp-content\\\/uploads\\\/2025\\\/04\\\/logo-schoenstatt-white-696x696-1.png\",\"width\":696,\"height\":694,\"caption\":\"Schoenstatt\"},\"image\":{\"@id\":\"https:\\\/\\\/schoenstatt.com\\\/de\\\/#\\\/schema\\\/logo\\\/image\\\/\"}},{\"@type\":\"Person\",\"@id\":\"https:\\\/\\\/schoenstatt.com\\\/de\\\/#\\\/schema\\\/person\\\/5158877ad4acae98b34daaeef2a1ce6e\",\"name\":\"Karen Bueno\",\"image\":{\"@type\":\"ImageObject\",\"inLanguage\":\"de\",\"@id\":\"https:\\\/\\\/secure.gravatar.com\\\/avatar\\\/f9f4b823873154269d2b2130f195f6d41037dd0d7fc5f3cacb5c846bae70d66b?s=96&d=mm&r=g\",\"url\":\"https:\\\/\\\/secure.gravatar.com\\\/avatar\\\/f9f4b823873154269d2b2130f195f6d41037dd0d7fc5f3cacb5c846bae70d66b?s=96&d=mm&r=g\",\"contentUrl\":\"https:\\\/\\\/secure.gravatar.com\\\/avatar\\\/f9f4b823873154269d2b2130f195f6d41037dd0d7fc5f3cacb5c846bae70d66b?s=96&d=mm&r=g\",\"caption\":\"Karen Bueno\"},\"url\":\"https:\\\/\\\/schoenstatt.com\\\/de\\\/author\\\/karen-bueno\\\/\"}]}<\/script>\n<!-- \/ Yoast SEO Premium plugin. -->","yoast_head_json":{"title":"Burundi feiert die Weihe von zwei neuen Diakonen der Sch\u00f6nstatt-Patres","description":"Zwei neue Diakone der Sch\u00f6nstatt-Patres: einer aus der Demokratischen Republik Kongo und der andere aus Burundi, Afrika.","robots":{"index":"index","follow":"follow","max-snippet":"max-snippet:-1","max-image-preview":"max-image-preview:large","max-video-preview":"max-video-preview:-1"},"canonical":"https:\/\/schoenstatt.com\/de\/burundi-feiert-die-weihe-von-zwei-neuen-diakonen-der-schoenstatt-patres\/","og_locale":"de_DE","og_type":"article","og_title":"Burundi feiert die Weihe von zwei neuen Diakonen der Sch\u00f6nstatt-Patres","og_description":"Zwei neue Diakone der Sch\u00f6nstatt-Patres: einer aus der Demokratischen Republik Kongo und der andere aus Burundi, Afrika.","og_url":"https:\/\/schoenstatt.com\/de\/burundi-feiert-die-weihe-von-zwei-neuen-diakonen-der-schoenstatt-patres\/","og_site_name":"Schoenstatt","article_published_time":"2024-07-15T18:16:50+00:00","article_modified_time":"2025-05-15T18:17:53+00:00","og_image":[{"width":2048,"height":1365,"url":"https:\/\/schoenstatt.com\/wp-content\/uploads\/2024\/07\/deacon-ordination-Claver-Karakura-and-Janvier-Masirika-schoenstatt-burundi-2-1.jpg","type":"image\/jpeg"}],"author":"Karen Bueno","twitter_card":"summary_large_image","twitter_misc":{"Verfasst von":"Karen Bueno","Gesch\u00e4tzte Lesezeit":"4\u00a0Minuten"},"schema":{"@context":"https:\/\/schema.org","@graph":[{"@type":"Article","@id":"https:\/\/schoenstatt.com\/de\/burundi-feiert-die-weihe-von-zwei-neuen-diakonen-der-schoenstatt-patres\/#article","isPartOf":{"@id":"https:\/\/schoenstatt.com\/de\/burundi-feiert-die-weihe-von-zwei-neuen-diakonen-der-schoenstatt-patres\/"},"author":{"name":"Karen Bueno","@id":"https:\/\/schoenstatt.com\/de\/#\/schema\/person\/5158877ad4acae98b34daaeef2a1ce6e"},"headline":"Burundi feiert die Weihe von zwei neuen Diakonen der Sch\u00f6nstatt-Patres","datePublished":"2024-07-15T18:16:50+00:00","dateModified":"2025-05-15T18:17:53+00:00","mainEntityOfPage":{"@id":"https:\/\/schoenstatt.com\/de\/burundi-feiert-die-weihe-von-zwei-neuen-diakonen-der-schoenstatt-patres\/"},"wordCount":617,"publisher":{"@id":"https:\/\/schoenstatt.com\/de\/#organization"},"image":{"@id":"https:\/\/schoenstatt.com\/de\/burundi-feiert-die-weihe-von-zwei-neuen-diakonen-der-schoenstatt-patres\/#primaryimage"},"thumbnailUrl":"https:\/\/schoenstatt.com\/wp-content\/uploads\/2024\/07\/deacon-ordination-Claver-Karakura-and-Janvier-Masirika-schoenstatt-burundi-2-1.jpg","articleSection":["Schoenstatt Gemeinschaften"],"inLanguage":"de"},{"@type":"WebPage","@id":"https:\/\/schoenstatt.com\/de\/burundi-feiert-die-weihe-von-zwei-neuen-diakonen-der-schoenstatt-patres\/","url":"https:\/\/schoenstatt.com\/de\/burundi-feiert-die-weihe-von-zwei-neuen-diakonen-der-schoenstatt-patres\/","name":"Burundi feiert die Weihe von zwei neuen Diakonen der Sch\u00f6nstatt-Patres","isPartOf":{"@id":"https:\/\/schoenstatt.com\/de\/#website"},"primaryImageOfPage":{"@id":"https:\/\/schoenstatt.com\/de\/burundi-feiert-die-weihe-von-zwei-neuen-diakonen-der-schoenstatt-patres\/#primaryimage"},"image":{"@id":"https:\/\/schoenstatt.com\/de\/burundi-feiert-die-weihe-von-zwei-neuen-diakonen-der-schoenstatt-patres\/#primaryimage"},"thumbnailUrl":"https:\/\/schoenstatt.com\/wp-content\/uploads\/2024\/07\/deacon-ordination-Claver-Karakura-and-Janvier-Masirika-schoenstatt-burundi-2-1.jpg","datePublished":"2024-07-15T18:16:50+00:00","dateModified":"2025-05-15T18:17:53+00:00","description":"Zwei neue Diakone der Sch\u00f6nstatt-Patres: einer aus der Demokratischen Republik Kongo und der andere aus Burundi, Afrika.","breadcrumb":{"@id":"https:\/\/schoenstatt.com\/de\/burundi-feiert-die-weihe-von-zwei-neuen-diakonen-der-schoenstatt-patres\/#breadcrumb"},"inLanguage":"de","potentialAction":[{"@type":"ReadAction","target":["https:\/\/schoenstatt.com\/de\/burundi-feiert-die-weihe-von-zwei-neuen-diakonen-der-schoenstatt-patres\/"]}]},{"@type":"ImageObject","inLanguage":"de","@id":"https:\/\/schoenstatt.com\/de\/burundi-feiert-die-weihe-von-zwei-neuen-diakonen-der-schoenstatt-patres\/#primaryimage","url":"https:\/\/schoenstatt.com\/wp-content\/uploads\/2024\/07\/deacon-ordination-Claver-Karakura-and-Janvier-Masirika-schoenstatt-burundi-2-1.jpg","contentUrl":"https:\/\/schoenstatt.com\/wp-content\/uploads\/2024\/07\/deacon-ordination-Claver-Karakura-and-Janvier-Masirika-schoenstatt-burundi-2-1.jpg","width":2048,"height":1365},{"@type":"BreadcrumbList","@id":"https:\/\/schoenstatt.com\/de\/burundi-feiert-die-weihe-von-zwei-neuen-diakonen-der-schoenstatt-patres\/#breadcrumb","itemListElement":[{"@type":"ListItem","position":1,"name":"Portada","item":"https:\/\/schoenstatt.com\/de\/home\/"},{"@type":"ListItem","position":2,"name":"Burundi feiert die Weihe von zwei neuen Diakonen der Sch\u00f6nstatt-Patres"}]},{"@type":"WebSite","@id":"https:\/\/schoenstatt.com\/de\/#website","url":"https:\/\/schoenstatt.com\/de\/","name":"Schoenstatt","description":"Apostolic Movement","publisher":{"@id":"https:\/\/schoenstatt.com\/de\/#organization"},"potentialAction":[{"@type":"SearchAction","target":{"@type":"EntryPoint","urlTemplate":"https:\/\/schoenstatt.com\/de\/?s={search_term_string}"},"query-input":{"@type":"PropertyValueSpecification","valueRequired":true,"valueName":"search_term_string"}}],"inLanguage":"de"},{"@type":"Organization","@id":"https:\/\/schoenstatt.com\/de\/#organization","name":"Schoenstatt","url":"https:\/\/schoenstatt.com\/de\/","logo":{"@type":"ImageObject","inLanguage":"de","@id":"https:\/\/schoenstatt.com\/de\/#\/schema\/logo\/image\/","url":"https:\/\/schoenstatt.com\/wp-content\/uploads\/2025\/04\/logo-schoenstatt-white-696x696-1.png","contentUrl":"https:\/\/schoenstatt.com\/wp-content\/uploads\/2025\/04\/logo-schoenstatt-white-696x696-1.png","width":696,"height":694,"caption":"Schoenstatt"},"image":{"@id":"https:\/\/schoenstatt.com\/de\/#\/schema\/logo\/image\/"}},{"@type":"Person","@id":"https:\/\/schoenstatt.com\/de\/#\/schema\/person\/5158877ad4acae98b34daaeef2a1ce6e","name":"Karen Bueno","image":{"@type":"ImageObject","inLanguage":"de","@id":"https:\/\/secure.gravatar.com\/avatar\/f9f4b823873154269d2b2130f195f6d41037dd0d7fc5f3cacb5c846bae70d66b?s=96&d=mm&r=g","url":"https:\/\/secure.gravatar.com\/avatar\/f9f4b823873154269d2b2130f195f6d41037dd0d7fc5f3cacb5c846bae70d66b?s=96&d=mm&r=g","contentUrl":"https:\/\/secure.gravatar.com\/avatar\/f9f4b823873154269d2b2130f195f6d41037dd0d7fc5f3cacb5c846bae70d66b?s=96&d=mm&r=g","caption":"Karen Bueno"},"url":"https:\/\/schoenstatt.com\/de\/author\/karen-bueno\/"}]}},"_links":{"self":[{"href":"https:\/\/schoenstatt.com\/de\/wp-json\/wp\/v2\/posts\/40273","targetHints":{"allow":["GET"]}}],"collection":[{"href":"https:\/\/schoenstatt.com\/de\/wp-json\/wp\/v2\/posts"}],"about":[{"href":"https:\/\/schoenstatt.com\/de\/wp-json\/wp\/v2\/types\/post"}],"author":[{"embeddable":true,"href":"https:\/\/schoenstatt.com\/de\/wp-json\/wp\/v2\/users\/3"}],"replies":[{"embeddable":true,"href":"https:\/\/schoenstatt.com\/de\/wp-json\/wp\/v2\/comments?post=40273"}],"version-history":[{"count":1,"href":"https:\/\/schoenstatt.com\/de\/wp-json\/wp\/v2\/posts\/40273\/revisions"}],"predecessor-version":[{"id":46888,"href":"https:\/\/schoenstatt.com\/de\/wp-json\/wp\/v2\/posts\/40273\/revisions\/46888"}],"wp:featuredmedia":[{"embeddable":true,"href":"https:\/\/schoenstatt.com\/de\/wp-json\/wp\/v2\/media\/40220"}],"wp:attachment":[{"href":"https:\/\/schoenstatt.com\/de\/wp-json\/wp\/v2\/media?parent=40273"}],"wp:term":[{"taxonomy":"category","embeddable":true,"href":"https:\/\/schoenstatt.com\/de\/wp-json\/wp\/v2\/categories?post=40273"},{"taxonomy":"post_tag","embeddable":true,"href":"https:\/\/schoenstatt.com\/de\/wp-json\/wp\/v2\/tags?post=40273"}],"curies":[{"name":"wp","href":"https:\/\/api.w.org\/{rel}","templated":true}]}}