{"id":40069,"date":"2024-05-21T14:52:55","date_gmt":"2024-05-21T12:52:55","guid":{"rendered":"https:\/\/schoenstatt.com\/?p=40069"},"modified":"2025-05-15T20:17:56","modified_gmt":"2025-05-15T18:17:56","slug":"eine-marienschwester-in-den-machtzentren-der-theologie","status":"publish","type":"post","link":"https:\/\/schoenstatt.com\/de\/eine-marienschwester-in-den-machtzentren-der-theologie\/","title":{"rendered":"Eine Marienschwester in den Machtzentren der Theologie"},"content":{"rendered":"\n<p>Seit Jahrhunderten haben haupts\u00e4chlich M\u00e4nner den akademischen Bereich der Theologie und wichtige Aussch\u00fcsse in der Kirche geleitet, aber auch Frauen spielen eine wesentliche Rolle. Sr. M. Isabell Naumann von den <a href=\"https:\/\/www.s-ms.org\/\" target=\"_blank\" rel=\"noreferrer noopener\">Sch\u00f6nst\u00e4tter Marienschwestern<\/a>, teilt Einblicke in ihre Reise als Frau in verschiedenen F\u00fchrungspositionen innerhalb der Kirche.<\/p>\n\n\n\n<p>\u201eAlle meine Vorg\u00e4nger waren Priester und Bisch\u00f6fe\u201c, erkl\u00e4rte Schwester M. Isabell mit einem L\u00e4cheln. Die Sch\u00f6nst\u00e4tter Marienschwester bezog sich auf ihre Ernennung zur Pr\u00e4sidentin des Katholischen Instituts von Sydney, Australien, der einzigen kirchlichen Fakult\u00e4t des Landes, die p\u00e4pstliche Abschl\u00fcsse in Theologie verleiht. Die Fakult\u00e4t wurde 1954 f\u00fcr Australien, Neuseeland und Ozeanien gegr\u00fcndet.<\/p>\n\n\n\n<p>Sr. M. Isabell Naumann, ein in Deutschland geborenes Mitglied des <a href=\"https:\/\/schoenstatt.com\/de\/in-gemeinschaft\/frauen\/marienschwestern\/\">S\u00e4kularinstituts der Sch\u00f6nst\u00e4tter Marienschwestern<\/a>, wurde 2018 vom Erzbischof Anthony Fisher OP, zur Pr\u00e4sidentin des Katholischen Instituts von Sydney ernannt.<\/p>\n\n\n\n<p>Vor ihrer Ernennung arbeitete Sr. M. Isabell viele Jahre als Professorin am Katholischen Institut von Sydney. Ihre Ernennung zur Pr\u00e4sidentin des Instituts kam dennoch \u00fcberraschend.<\/p>\n\n\n\n<p>In einem Interview mit Vatican News sagte Sr. M. Isabell: \u201eEs gibt nicht allzu viele Frauen, die kirchliche Fakult\u00e4ten oder Universit\u00e4ten leiten. Unsere geht auf die 1880er Jahre zur\u00fcck und wurde 1956 eine kirchliche Fakult\u00e4t. Alle meine Vorg\u00e4nger waren Priester und Bisch\u00f6fe.\u201c<\/p>\n\n\n\n<p>Drei Jahre nach ihrer Ernennung zur Pr\u00e4sidentin des Katholischen Instituts von Sydney wurde Sr. M. Isabell im Oktober 2021 von Papst Franziskus zum Mitglied der Internationalen Theologischen Kommission (ITC) berufen.<\/p>\n\n\n\n<h2 class=\"wp-block-heading\" id=\"h-antworten-auf-wichtige-fragen-fur-die-kirche-finden\"><strong>Antworten auf wichtige Fragen f\u00fcr die Kirche finden<\/strong><\/h2>\n\n\n\n<p>Die Aufgabe der ITC besteht darin, dem Heiligen Stuhl, insbesondere der Kongregation f\u00fcr die Glaubenslehre, bei der Pr\u00fcfung von wichtigen Lehrfragen zu helfen. Die Mitglieder werden vom Heiligen Vater f\u00fcr f\u00fcnf Jahre ernannt, nachdem sie vom Kardinalpr\u00e4fekten der Kongregation vorgeschlagen wurden und nach Konsultationen mit den Bischofskonferenzen.<\/p>\n\n\n\n<p>Schwester M. Isabell ist eine der wenigen Frauen in der Kommission. \u201eWir sind nur f\u00fcnf Frauen, und wir sind insgesamt eine Gruppe von 29\u201c, sagte sie.<\/p>\n\n\n\n<h2 class=\"wp-block-heading\" id=\"h-die-weibliche-denkweise-und-herangehensweise-an-ein-thema\"><strong>Die weibliche Denkweise und Herangehensweise an ein Thema<\/strong><\/h2>\n\n\n\n<p>Ihrer Meinung nach sollte es eine st\u00e4rkere Pr\u00e4senz von Frauen in solchen Kommissionen wie der ITC geben. Sie findet dies wichtig, \u201edamit man mehr erg\u00e4nzendes Denken hat\u201c. \u201eEs ist sehr wichtig, weil wir uns vielleicht mit demselben Thema befassen, aber verschiedene Ans\u00e4tze f\u00fcr das Thema haben, und das ist meiner Meinung nach einer sehr wichtigen Erg\u00e4nzung, die zusammenkommen muss, wenn man sich mit irgendetwas in der Theologie besch\u00e4ftigt\u201c, erkl\u00e4rte sie und \u00e4u\u00dferte die Hoffnung, dass es in Zukunft mehr Frauen in solchen Kommissionen geben werde.<\/p>\n\n\n\n<p>Papst Franziskus betont oft die Bedeutung der Frau und ihrer Rolle innerhalb der Kirche. In einer Ansprache vor der ITC am 30. November 2023 sagte er: \u201eFrauen haben eine F\u00e4higkeit zur theologischen Reflexion, die sich von der der M\u00e4nner unterscheidet. Die Kirche ist Frau. Und wenn wir nicht wissen, was eine Frau ist, was die Theologie einer Frau ist, werden wir nie verstehen, was die Kirche ist.\u201c Der Papst f\u00fcgte hinzu: \u201eUnd das ist eine Aufgabe, um die ich euch bitte. Macht die Kirche weniger m\u00e4nnlich.\u201c<\/p>\n\n\n\n<p>Nachdem sie viele Jahre in kirchlichen Kreisen gearbeitet hat, hat Sr. Isabell den einzigartigen Beitrag zu sch\u00e4tzen gelernt, den Frauen der Kirche geben k\u00f6nnen. Das marianische Charisma der Gemeinschaft der Sch\u00f6nst\u00e4tter Marienschwestern, zu der Schwester Isabell geh\u00f6rt, legt einen besonderen Schwerpunkt darauf, Frauen dabei zu helfen, ihre einzigartige feminine Identit\u00e4t zu umarmen und zu entwickeln und damit die Gesellschaft und die Kirche zu bereichern.<\/p>\n\n\n\n<p>In ihrer Arbeit in der Bildung, Verwaltung und akademischen Forschung f\u00fcr die Kirche sieht die in Deutschland geborene Schwester einen konkreten Weg, um das Charisma ihrer Gemeinschaft zu leben und zum weiblichen oder marianischen Aspekt innerhalb der Kirche beizutragen.<\/p>\n\n\n\n<figure class=\"wp-block-image size-large\"><img decoding=\"async\" src=\"https:\/\/schoenstatt.com\/wp-content\/uploads\/2024\/05\/hermana-sister-schwester-isabell-naumann-2-1024x682.jpg\" alt=\"\" class=\"wp-image-35669\"\/><figcaption class=\"wp-element-caption\">Schwester M. Isabell Naumann mit Erzbischof Anthony Colin Fisher von Sydney<\/figcaption><\/figure>\n\n\n\n<h2 class=\"wp-block-heading\" id=\"h-die-bedeutung-von-frauen-in-der-ausbildung-von-priestern\"><strong>Die Bedeutung von Frauen in der Ausbildung von Priestern<\/strong><\/h2>\n\n\n\n<p>Bevor sie Pr\u00e4sidentin des Katholischen Instituts von Sydney wurde, arbeitete die Sch\u00f6nstatt-Schwester Mariens elf Jahre lang als Studiendekanin im Priesterseminar. \u201eIch war tats\u00e4chlich die erste Frau, die als Studiendekanin in einem Seminar (dem Good Shepherd Seminar in Sydney) hier in Australien t\u00e4tig war. Normalerweise ist das keine Frau\u201c, sagte sie.<\/p>\n\n\n\n<p>Sie sprach von der Dringlichkeit, Frauen in die Ausbildung von Priestern einzubeziehen. \u201eDas war sehr wichtig\u201c, f\u00fcgte sie hinzu, \u201eweil es bei Entscheidungen darum ging: ,Hat dieser Kandidat wirklich eine Berufung?\u2018 M\u00e4nner w\u00fcrden das oft von einer bestimmten Seite angehen, aber Frauen, so Schwester Isabell, h\u00e4tten &#8211; \u201eweil wir relationaler sind&#8220; &#8211; \u201eeine andere Art, eine Person anzuschauen\u201c, erkl\u00e4rte sie. \u201eUnd meiner Erfahrung nach war das eine sehr gesunde und fundierte Art, zu einer Entscheidung zu kommen.\u201c<\/p>\n\n\n\n<p>Schwester M. Isabell fasste ihre Erfahrung zusammen und sagte: \u201eIch konnte sehen, wie wichtig es ist, dass wir, wenn wir uns mit Bildung befassen, mit allem, was mit dem Menschen zu tun hat, sowohl die m\u00e4nnliche als auch die weibliche Denkweise vertreten haben m\u00fcssen.\u201c<\/p>\n\n\n\n<p><strong>Quelle:<\/strong> <a href=\"https:\/\/www.vaticannews.va\/de\/kirche\/news\/2024-05\/sisters-project-ordensfrau-isabell-naumann-theologie-schoenstatt.htm\" target=\"_blank\" rel=\"noreferrer noopener\">vaticannews.va\/de<\/a><\/p>\n","protected":false},"excerpt":{"rendered":"<p>Seit Jahrhunderten haben haupts\u00e4chlich M\u00e4nner den akademischen Bereich der Theologie und wichtige Aussch\u00fcsse in der Kirche geleitet, aber auch Frauen spielen eine wesentliche Rolle. Sr. M. Isabell Naumann von den Sch\u00f6nst\u00e4tter Marienschwestern, teilt Einblicke in ihre Reise als Frau in verschiedenen F\u00fchrungspositionen innerhalb der Kirche.<\/p>\n","protected":false},"author":3,"featured_media":35663,"comment_status":"closed","ping_status":"closed","sticky":false,"template":"","format":"standard","meta":{"footnotes":""},"categories":[918,852,907],"tags":[],"class_list":["post-40069","post","type-post","status-publish","format-standard","has-post-thumbnail","hentry","category-frauen-de","category-papst-franziskus-de","category-schoenstatt-gemeinschaften-de"],"yoast_head":"<!-- This site is optimized with the Yoast SEO Premium plugin v27.4 (Yoast SEO v27.5) - https:\/\/yoast.com\/product\/yoast-seo-premium-wordpress\/ -->\n<title>Eine Marienschwester in den Machtzentren der Theologie - Schoenstatt<\/title>\n<meta name=\"description\" content=\"Sr. M. Isabell Naumann berichtet \u00fcber ihren Hintergrund als Frau in verschiedenen F\u00fchrungspositionen innerhalb der Kirche.\" \/>\n<meta name=\"robots\" content=\"index, follow, max-snippet:-1, max-image-preview:large, max-video-preview:-1\" \/>\n<link rel=\"canonical\" href=\"https:\/\/schoenstatt.com\/de\/eine-marienschwester-in-den-machtzentren-der-theologie\/\" \/>\n<meta property=\"og:locale\" content=\"de_DE\" \/>\n<meta property=\"og:type\" content=\"article\" \/>\n<meta property=\"og:title\" content=\"Eine Marienschwester in den Machtzentren der Theologie\" \/>\n<meta property=\"og:description\" content=\"Sr. M. Isabell Naumann berichtet \u00fcber ihren Hintergrund als Frau in verschiedenen F\u00fchrungspositionen innerhalb der Kirche.\" \/>\n<meta property=\"og:url\" content=\"https:\/\/schoenstatt.com\/de\/eine-marienschwester-in-den-machtzentren-der-theologie\/\" \/>\n<meta property=\"og:site_name\" content=\"Schoenstatt\" \/>\n<meta property=\"article:published_time\" content=\"2024-05-21T12:52:55+00:00\" \/>\n<meta property=\"article:modified_time\" content=\"2025-05-15T18:17:56+00:00\" \/>\n<meta property=\"og:image\" content=\"https:\/\/schoenstatt.com\/wp-content\/uploads\/2024\/05\/hermana-sister-schwester-isabell-naumann-1.jpg\" \/>\n\t<meta property=\"og:image:width\" content=\"1600\" \/>\n\t<meta property=\"og:image:height\" content=\"1066\" \/>\n\t<meta property=\"og:image:type\" content=\"image\/jpeg\" \/>\n<meta name=\"author\" content=\"Karen Bueno\" \/>\n<meta name=\"twitter:card\" content=\"summary_large_image\" \/>\n<meta name=\"twitter:label1\" content=\"Verfasst von\" \/>\n\t<meta name=\"twitter:data1\" content=\"Karen Bueno\" \/>\n\t<meta name=\"twitter:label2\" content=\"Gesch\u00e4tzte Lesezeit\" \/>\n\t<meta name=\"twitter:data2\" content=\"4\u00a0Minuten\" \/>\n<script type=\"application\/ld+json\" class=\"yoast-schema-graph\">{\"@context\":\"https:\\\/\\\/schema.org\",\"@graph\":[{\"@type\":\"Article\",\"@id\":\"https:\\\/\\\/schoenstatt.com\\\/de\\\/eine-marienschwester-in-den-machtzentren-der-theologie\\\/#article\",\"isPartOf\":{\"@id\":\"https:\\\/\\\/schoenstatt.com\\\/de\\\/eine-marienschwester-in-den-machtzentren-der-theologie\\\/\"},\"author\":{\"name\":\"Karen Bueno\",\"@id\":\"https:\\\/\\\/schoenstatt.com\\\/de\\\/#\\\/schema\\\/person\\\/5158877ad4acae98b34daaeef2a1ce6e\"},\"headline\":\"Eine Marienschwester in den Machtzentren der Theologie\",\"datePublished\":\"2024-05-21T12:52:55+00:00\",\"dateModified\":\"2025-05-15T18:17:56+00:00\",\"mainEntityOfPage\":{\"@id\":\"https:\\\/\\\/schoenstatt.com\\\/de\\\/eine-marienschwester-in-den-machtzentren-der-theologie\\\/\"},\"wordCount\":850,\"publisher\":{\"@id\":\"https:\\\/\\\/schoenstatt.com\\\/de\\\/#organization\"},\"image\":{\"@id\":\"https:\\\/\\\/schoenstatt.com\\\/de\\\/eine-marienschwester-in-den-machtzentren-der-theologie\\\/#primaryimage\"},\"thumbnailUrl\":\"https:\\\/\\\/schoenstatt.com\\\/wp-content\\\/uploads\\\/2024\\\/05\\\/hermana-sister-schwester-isabell-naumann-1.jpg\",\"articleSection\":[\"Frauen\",\"Papst Franziskus\",\"Schoenstatt Gemeinschaften\"],\"inLanguage\":\"de\"},{\"@type\":\"WebPage\",\"@id\":\"https:\\\/\\\/schoenstatt.com\\\/de\\\/eine-marienschwester-in-den-machtzentren-der-theologie\\\/\",\"url\":\"https:\\\/\\\/schoenstatt.com\\\/de\\\/eine-marienschwester-in-den-machtzentren-der-theologie\\\/\",\"name\":\"Eine Marienschwester in den Machtzentren der Theologie - Schoenstatt\",\"isPartOf\":{\"@id\":\"https:\\\/\\\/schoenstatt.com\\\/de\\\/#website\"},\"primaryImageOfPage\":{\"@id\":\"https:\\\/\\\/schoenstatt.com\\\/de\\\/eine-marienschwester-in-den-machtzentren-der-theologie\\\/#primaryimage\"},\"image\":{\"@id\":\"https:\\\/\\\/schoenstatt.com\\\/de\\\/eine-marienschwester-in-den-machtzentren-der-theologie\\\/#primaryimage\"},\"thumbnailUrl\":\"https:\\\/\\\/schoenstatt.com\\\/wp-content\\\/uploads\\\/2024\\\/05\\\/hermana-sister-schwester-isabell-naumann-1.jpg\",\"datePublished\":\"2024-05-21T12:52:55+00:00\",\"dateModified\":\"2025-05-15T18:17:56+00:00\",\"description\":\"Sr. M. Isabell Naumann berichtet \u00fcber ihren Hintergrund als Frau in verschiedenen F\u00fchrungspositionen innerhalb der Kirche.\",\"breadcrumb\":{\"@id\":\"https:\\\/\\\/schoenstatt.com\\\/de\\\/eine-marienschwester-in-den-machtzentren-der-theologie\\\/#breadcrumb\"},\"inLanguage\":\"de\",\"potentialAction\":[{\"@type\":\"ReadAction\",\"target\":[\"https:\\\/\\\/schoenstatt.com\\\/de\\\/eine-marienschwester-in-den-machtzentren-der-theologie\\\/\"]}]},{\"@type\":\"ImageObject\",\"inLanguage\":\"de\",\"@id\":\"https:\\\/\\\/schoenstatt.com\\\/de\\\/eine-marienschwester-in-den-machtzentren-der-theologie\\\/#primaryimage\",\"url\":\"https:\\\/\\\/schoenstatt.com\\\/wp-content\\\/uploads\\\/2024\\\/05\\\/hermana-sister-schwester-isabell-naumann-1.jpg\",\"contentUrl\":\"https:\\\/\\\/schoenstatt.com\\\/wp-content\\\/uploads\\\/2024\\\/05\\\/hermana-sister-schwester-isabell-naumann-1.jpg\",\"width\":1600,\"height\":1066},{\"@type\":\"BreadcrumbList\",\"@id\":\"https:\\\/\\\/schoenstatt.com\\\/de\\\/eine-marienschwester-in-den-machtzentren-der-theologie\\\/#breadcrumb\",\"itemListElement\":[{\"@type\":\"ListItem\",\"position\":1,\"name\":\"Portada\",\"item\":\"https:\\\/\\\/schoenstatt.com\\\/de\\\/home\\\/\"},{\"@type\":\"ListItem\",\"position\":2,\"name\":\"Eine Marienschwester in den Machtzentren der Theologie\"}]},{\"@type\":\"WebSite\",\"@id\":\"https:\\\/\\\/schoenstatt.com\\\/de\\\/#website\",\"url\":\"https:\\\/\\\/schoenstatt.com\\\/de\\\/\",\"name\":\"Schoenstatt\",\"description\":\"Apostolic Movement\",\"publisher\":{\"@id\":\"https:\\\/\\\/schoenstatt.com\\\/de\\\/#organization\"},\"potentialAction\":[{\"@type\":\"SearchAction\",\"target\":{\"@type\":\"EntryPoint\",\"urlTemplate\":\"https:\\\/\\\/schoenstatt.com\\\/de\\\/?s={search_term_string}\"},\"query-input\":{\"@type\":\"PropertyValueSpecification\",\"valueRequired\":true,\"valueName\":\"search_term_string\"}}],\"inLanguage\":\"de\"},{\"@type\":\"Organization\",\"@id\":\"https:\\\/\\\/schoenstatt.com\\\/de\\\/#organization\",\"name\":\"Schoenstatt\",\"url\":\"https:\\\/\\\/schoenstatt.com\\\/de\\\/\",\"logo\":{\"@type\":\"ImageObject\",\"inLanguage\":\"de\",\"@id\":\"https:\\\/\\\/schoenstatt.com\\\/de\\\/#\\\/schema\\\/logo\\\/image\\\/\",\"url\":\"https:\\\/\\\/schoenstatt.com\\\/wp-content\\\/uploads\\\/2025\\\/04\\\/logo-schoenstatt-white-696x696-1.png\",\"contentUrl\":\"https:\\\/\\\/schoenstatt.com\\\/wp-content\\\/uploads\\\/2025\\\/04\\\/logo-schoenstatt-white-696x696-1.png\",\"width\":696,\"height\":694,\"caption\":\"Schoenstatt\"},\"image\":{\"@id\":\"https:\\\/\\\/schoenstatt.com\\\/de\\\/#\\\/schema\\\/logo\\\/image\\\/\"}},{\"@type\":\"Person\",\"@id\":\"https:\\\/\\\/schoenstatt.com\\\/de\\\/#\\\/schema\\\/person\\\/5158877ad4acae98b34daaeef2a1ce6e\",\"name\":\"Karen Bueno\",\"image\":{\"@type\":\"ImageObject\",\"inLanguage\":\"de\",\"@id\":\"https:\\\/\\\/secure.gravatar.com\\\/avatar\\\/f9f4b823873154269d2b2130f195f6d41037dd0d7fc5f3cacb5c846bae70d66b?s=96&d=mm&r=g\",\"url\":\"https:\\\/\\\/secure.gravatar.com\\\/avatar\\\/f9f4b823873154269d2b2130f195f6d41037dd0d7fc5f3cacb5c846bae70d66b?s=96&d=mm&r=g\",\"contentUrl\":\"https:\\\/\\\/secure.gravatar.com\\\/avatar\\\/f9f4b823873154269d2b2130f195f6d41037dd0d7fc5f3cacb5c846bae70d66b?s=96&d=mm&r=g\",\"caption\":\"Karen Bueno\"},\"url\":\"https:\\\/\\\/schoenstatt.com\\\/de\\\/author\\\/karen-bueno\\\/\"}]}<\/script>\n<!-- \/ Yoast SEO Premium plugin. -->","yoast_head_json":{"title":"Eine Marienschwester in den Machtzentren der Theologie - Schoenstatt","description":"Sr. M. Isabell Naumann berichtet \u00fcber ihren Hintergrund als Frau in verschiedenen F\u00fchrungspositionen innerhalb der Kirche.","robots":{"index":"index","follow":"follow","max-snippet":"max-snippet:-1","max-image-preview":"max-image-preview:large","max-video-preview":"max-video-preview:-1"},"canonical":"https:\/\/schoenstatt.com\/de\/eine-marienschwester-in-den-machtzentren-der-theologie\/","og_locale":"de_DE","og_type":"article","og_title":"Eine Marienschwester in den Machtzentren der Theologie","og_description":"Sr. M. Isabell Naumann berichtet \u00fcber ihren Hintergrund als Frau in verschiedenen F\u00fchrungspositionen innerhalb der Kirche.","og_url":"https:\/\/schoenstatt.com\/de\/eine-marienschwester-in-den-machtzentren-der-theologie\/","og_site_name":"Schoenstatt","article_published_time":"2024-05-21T12:52:55+00:00","article_modified_time":"2025-05-15T18:17:56+00:00","og_image":[{"width":1600,"height":1066,"url":"https:\/\/schoenstatt.com\/wp-content\/uploads\/2024\/05\/hermana-sister-schwester-isabell-naumann-1.jpg","type":"image\/jpeg"}],"author":"Karen Bueno","twitter_card":"summary_large_image","twitter_misc":{"Verfasst von":"Karen Bueno","Gesch\u00e4tzte Lesezeit":"4\u00a0Minuten"},"schema":{"@context":"https:\/\/schema.org","@graph":[{"@type":"Article","@id":"https:\/\/schoenstatt.com\/de\/eine-marienschwester-in-den-machtzentren-der-theologie\/#article","isPartOf":{"@id":"https:\/\/schoenstatt.com\/de\/eine-marienschwester-in-den-machtzentren-der-theologie\/"},"author":{"name":"Karen Bueno","@id":"https:\/\/schoenstatt.com\/de\/#\/schema\/person\/5158877ad4acae98b34daaeef2a1ce6e"},"headline":"Eine Marienschwester in den Machtzentren der Theologie","datePublished":"2024-05-21T12:52:55+00:00","dateModified":"2025-05-15T18:17:56+00:00","mainEntityOfPage":{"@id":"https:\/\/schoenstatt.com\/de\/eine-marienschwester-in-den-machtzentren-der-theologie\/"},"wordCount":850,"publisher":{"@id":"https:\/\/schoenstatt.com\/de\/#organization"},"image":{"@id":"https:\/\/schoenstatt.com\/de\/eine-marienschwester-in-den-machtzentren-der-theologie\/#primaryimage"},"thumbnailUrl":"https:\/\/schoenstatt.com\/wp-content\/uploads\/2024\/05\/hermana-sister-schwester-isabell-naumann-1.jpg","articleSection":["Frauen","Papst Franziskus","Schoenstatt Gemeinschaften"],"inLanguage":"de"},{"@type":"WebPage","@id":"https:\/\/schoenstatt.com\/de\/eine-marienschwester-in-den-machtzentren-der-theologie\/","url":"https:\/\/schoenstatt.com\/de\/eine-marienschwester-in-den-machtzentren-der-theologie\/","name":"Eine Marienschwester in den Machtzentren der Theologie - Schoenstatt","isPartOf":{"@id":"https:\/\/schoenstatt.com\/de\/#website"},"primaryImageOfPage":{"@id":"https:\/\/schoenstatt.com\/de\/eine-marienschwester-in-den-machtzentren-der-theologie\/#primaryimage"},"image":{"@id":"https:\/\/schoenstatt.com\/de\/eine-marienschwester-in-den-machtzentren-der-theologie\/#primaryimage"},"thumbnailUrl":"https:\/\/schoenstatt.com\/wp-content\/uploads\/2024\/05\/hermana-sister-schwester-isabell-naumann-1.jpg","datePublished":"2024-05-21T12:52:55+00:00","dateModified":"2025-05-15T18:17:56+00:00","description":"Sr. M. Isabell Naumann berichtet \u00fcber ihren Hintergrund als Frau in verschiedenen F\u00fchrungspositionen innerhalb der Kirche.","breadcrumb":{"@id":"https:\/\/schoenstatt.com\/de\/eine-marienschwester-in-den-machtzentren-der-theologie\/#breadcrumb"},"inLanguage":"de","potentialAction":[{"@type":"ReadAction","target":["https:\/\/schoenstatt.com\/de\/eine-marienschwester-in-den-machtzentren-der-theologie\/"]}]},{"@type":"ImageObject","inLanguage":"de","@id":"https:\/\/schoenstatt.com\/de\/eine-marienschwester-in-den-machtzentren-der-theologie\/#primaryimage","url":"https:\/\/schoenstatt.com\/wp-content\/uploads\/2024\/05\/hermana-sister-schwester-isabell-naumann-1.jpg","contentUrl":"https:\/\/schoenstatt.com\/wp-content\/uploads\/2024\/05\/hermana-sister-schwester-isabell-naumann-1.jpg","width":1600,"height":1066},{"@type":"BreadcrumbList","@id":"https:\/\/schoenstatt.com\/de\/eine-marienschwester-in-den-machtzentren-der-theologie\/#breadcrumb","itemListElement":[{"@type":"ListItem","position":1,"name":"Portada","item":"https:\/\/schoenstatt.com\/de\/home\/"},{"@type":"ListItem","position":2,"name":"Eine Marienschwester in den Machtzentren der Theologie"}]},{"@type":"WebSite","@id":"https:\/\/schoenstatt.com\/de\/#website","url":"https:\/\/schoenstatt.com\/de\/","name":"Schoenstatt","description":"Apostolic Movement","publisher":{"@id":"https:\/\/schoenstatt.com\/de\/#organization"},"potentialAction":[{"@type":"SearchAction","target":{"@type":"EntryPoint","urlTemplate":"https:\/\/schoenstatt.com\/de\/?s={search_term_string}"},"query-input":{"@type":"PropertyValueSpecification","valueRequired":true,"valueName":"search_term_string"}}],"inLanguage":"de"},{"@type":"Organization","@id":"https:\/\/schoenstatt.com\/de\/#organization","name":"Schoenstatt","url":"https:\/\/schoenstatt.com\/de\/","logo":{"@type":"ImageObject","inLanguage":"de","@id":"https:\/\/schoenstatt.com\/de\/#\/schema\/logo\/image\/","url":"https:\/\/schoenstatt.com\/wp-content\/uploads\/2025\/04\/logo-schoenstatt-white-696x696-1.png","contentUrl":"https:\/\/schoenstatt.com\/wp-content\/uploads\/2025\/04\/logo-schoenstatt-white-696x696-1.png","width":696,"height":694,"caption":"Schoenstatt"},"image":{"@id":"https:\/\/schoenstatt.com\/de\/#\/schema\/logo\/image\/"}},{"@type":"Person","@id":"https:\/\/schoenstatt.com\/de\/#\/schema\/person\/5158877ad4acae98b34daaeef2a1ce6e","name":"Karen Bueno","image":{"@type":"ImageObject","inLanguage":"de","@id":"https:\/\/secure.gravatar.com\/avatar\/f9f4b823873154269d2b2130f195f6d41037dd0d7fc5f3cacb5c846bae70d66b?s=96&d=mm&r=g","url":"https:\/\/secure.gravatar.com\/avatar\/f9f4b823873154269d2b2130f195f6d41037dd0d7fc5f3cacb5c846bae70d66b?s=96&d=mm&r=g","contentUrl":"https:\/\/secure.gravatar.com\/avatar\/f9f4b823873154269d2b2130f195f6d41037dd0d7fc5f3cacb5c846bae70d66b?s=96&d=mm&r=g","caption":"Karen Bueno"},"url":"https:\/\/schoenstatt.com\/de\/author\/karen-bueno\/"}]}},"_links":{"self":[{"href":"https:\/\/schoenstatt.com\/de\/wp-json\/wp\/v2\/posts\/40069","targetHints":{"allow":["GET"]}}],"collection":[{"href":"https:\/\/schoenstatt.com\/de\/wp-json\/wp\/v2\/posts"}],"about":[{"href":"https:\/\/schoenstatt.com\/de\/wp-json\/wp\/v2\/types\/post"}],"author":[{"embeddable":true,"href":"https:\/\/schoenstatt.com\/de\/wp-json\/wp\/v2\/users\/3"}],"replies":[{"embeddable":true,"href":"https:\/\/schoenstatt.com\/de\/wp-json\/wp\/v2\/comments?post=40069"}],"version-history":[{"count":1,"href":"https:\/\/schoenstatt.com\/de\/wp-json\/wp\/v2\/posts\/40069\/revisions"}],"predecessor-version":[{"id":46845,"href":"https:\/\/schoenstatt.com\/de\/wp-json\/wp\/v2\/posts\/40069\/revisions\/46845"}],"wp:featuredmedia":[{"embeddable":true,"href":"https:\/\/schoenstatt.com\/de\/wp-json\/wp\/v2\/media\/35663"}],"wp:attachment":[{"href":"https:\/\/schoenstatt.com\/de\/wp-json\/wp\/v2\/media?parent=40069"}],"wp:term":[{"taxonomy":"category","embeddable":true,"href":"https:\/\/schoenstatt.com\/de\/wp-json\/wp\/v2\/categories?post=40069"},{"taxonomy":"post_tag","embeddable":true,"href":"https:\/\/schoenstatt.com\/de\/wp-json\/wp\/v2\/tags?post=40069"}],"curies":[{"name":"wp","href":"https:\/\/api.w.org\/{rel}","templated":true}]}}