{"id":40064,"date":"2024-07-03T03:00:00","date_gmt":"2024-07-03T01:00:00","guid":{"rendered":"https:\/\/schoenstatt.com\/?p=40064"},"modified":"2025-05-15T20:17:54","modified_gmt":"2025-05-15T18:17:54","slug":"die-herausforderung-der-synodalitat-schoenstatt-in-der-begegnung-der-bewegungen","status":"publish","type":"post","link":"https:\/\/schoenstatt.com\/de\/die-herausforderung-der-synodalitat-schoenstatt-in-der-begegnung-der-bewegungen\/","title":{"rendered":"Die Herausforderung der Synodalit\u00e4t: Sch\u00f6nstatt in der Begegnung der Bewegungen"},"content":{"rendered":"\n<p><strong>\u201eDie Herausforderung der Synodalit\u00e4t f\u00fcr die Mission.\u201c <\/strong>Dies war das Thema des Treffens der Moderatoren der Vereinigungen von Gl\u00e4ubigen, kirchlichen Bewegungen und neuen Gemeinschaften, das vom <a href=\"https:\/\/www.laityfamilylife.va\/content\/laityfamilylife\/en.html\" target=\"_blank\" rel=\"noreferrer noopener\">Dikasterium f\u00fcr Laien, Familie und Leben<\/a> organisiert wurde. Von den vom Dikasterium anerkannten Institutionen waren 97 durch ihren Moderator\/Generalleiter und einen weiteren Vertreter der Generalleitung vertreten.<\/p>\n\n\n\n<p>Aus der Sch\u00f6nstattbewegung nahmen zwei Mitglieder des <a href=\"https:\/\/schoenstatt.com\/de\/in-gemeinschaft\/frauen\/frauenbund\/\">Apostolischen Frauenbundes<\/a>, einer vom Dikasterium f\u00fcr Laien, Familie und Leben anerkannten Gemeinschaft, teil: die Theologin Dr. Geni Maria Hoss (Generalleiterin der Gemeinschaft) und Celia Etchegaray (Beraterin der Generalleitung).<\/p>\n\n\n\n<p>Das Treffen fand am 13. Juni 2024 in der Neuen Halle der Synode, in der N\u00e4he des Petersplatzes, statt. Nach der Registrierung begaben sich die Teilnehmer direkt zum Hauptaltar des Petersdoms, um an der heiligen Messe teilzunehmen, die von Kardinal Kevin Farrel, Pr\u00e4fekt des Dikasterium f\u00fcr Laien, Familie und Leben geleitet wurde.<\/p>\n\n\n\n<h2 class=\"wp-block-heading\" id=\"h-geistliche-bekehrung\">Geistliche Bekehrung<\/h2>\n\n\n\n<p>Nach der heiligen Messe begann das Programm des Tages mit einer Audienz bei Papst Franziskus. In seiner Ansprache wies der Papst auf den weiteren Weg der Kirche als synodale Kirche hin. Seiner Meinung nach erfordert die Synodalit\u00e4t eine geistliche Umkehr, denn ohne eine innere Ver\u00e4nderung wird sie nicht von Dauer sein. Der Protagonist der synodalen Kirche ist der Heilige Geist. Nur in der Offenheit f\u00fcr den Geist wird die synodale Dimension Wirklichkeit. Das Ziel ist, dass die Synodalit\u00e4t zum nat\u00fcrlichen und st\u00e4ndigen Handeln der Kirche, d.h. zu ihrer Seinsweise wird.<\/p>\n\n\n\n<p>Als der Papst kurz nach dem Zweiten Vatikanischen Konzil die Bischofssynode ins Leben rief, berief er sich auf den heiligen Paul VI, den Mentor einer synodalen Kirche. Unter den &#8222;synodalen Tugenden&#8220; hob Papst Franziskus hervor: Die erste gro\u00dfe innere Ver\u00e4nderung ist es, so zu denken, wie Gott denkt. \u201eIn der Kirche m\u00fcssen wir uns, bevor wir eine Entscheidung treffen, bevor wir ein Programm, ein Apostolat, eine Mission beginnen, immer fragen: Was will Gott von mir, was will Gott von uns, in diesem Moment, in dieser Situation? Ist das, was ich im Sinn habe, was wir als Gruppe im Sinn haben, wirklich &#8222;Gottes Art zu denken&#8220;? Wir m\u00fcssen uns auf Gott einstimmen. Die Synodalit\u00e4t erfordert auch ein aufmerksames Zuh\u00f6ren auf die anderen, denn der Geist wirkt, wo er will. Damit dies m\u00f6glich ist, muss die Tugend der Demut kultiviert werden. Die Bewegungen d\u00fcrfen sich nicht abkapseln, sondern m\u00fcssen offen f\u00fcr den Dialog mit anderen sein.\u201c Schlie\u00dflich w\u00fcnschte der Papst eine gute Begegnung und bat um Gebete, wobei er betonte: \u201eBetet f\u00fcr mich, nicht gegen mich.\u201c Er beendete seine Audienz mit dem Ave Maria und einem Segen.<\/p>\n\n\n\n<figure class=\"wp-block-image size-large\"><img decoding=\"async\" src=\"https:\/\/schoenstatt.com\/wp-content\/uploads\/2024\/07\/Movements-Encounter-encontro-de-movimentos-papa-2-1024x683.jpg\" alt=\"The Challenge of Synodality: Schoenstatt in the Movements\u2019 Encounter\" class=\"wp-image-40055\"\/><figcaption class=\"wp-element-caption\">Fotos: Dikasterium f\u00fcr Laien, Familie und Leben <\/figcaption><\/figure>\n\n\n\n<h2 class=\"wp-block-heading\" id=\"h-mit-der-kirche-unterwegs-als-kirche\">Mit der Kirche unterwegs &#8211; als Kirche<\/h2>\n\n\n\n<p>Das Programm wurde mit einem Gru\u00dfwort des Pr\u00e4fekten des Dikasteriums, Kardinal Farrel, fortgesetzt. Ihm zufolge wurde das Thema gew\u00e4hlt, um die Bedeutung von Zusammenschl\u00fcssen von Gl\u00e4ubigen, Bewegungen und neuen Gemeinschaften zu unterstreichen, die in Harmonie miteinander gehen.<\/p>\n\n\n\n<p>Die Bewegungen und neuen Gemeinschaften sollen in Harmonie mit der ganzen Kirche leben. Der Kardinal w\u00fcnschte sich, dass es in der Kirche M\u00e4nner und Frauen gibt, die als normale Handlungsweise die Gewohnheit des Dialogs, des gegenseitigen Zuh\u00f6rens und der gemeinsamen Suche nach Probleml\u00f6sungen haben, wie es der Papst vorschl\u00e4gt.<\/p>\n\n\n\n<h2 class=\"wp-block-heading\" id=\"h-synodalitat-in-den-fussstapfen-des-zweiten-vatikanischen-konzils\">Synodalit\u00e4t in den Fu\u00dfstapfen des Zweiten Vatikanischen Konzils<\/h2>\n\n\n\n<p>Der venezolanische Laientheologe Dr. Rafael Luciani stellte die Synodalit\u00e4t als eine Frucht des Zweiten Vatikanischen Konzils vor. Er sprach zum folgenden Thema: \u201eAuf dem Weg zu einer konstitutiv synodalen und missionarischen Kirche.\u201c Das Zweite Vatikanische Konzil stellt die Ekklesiologie des Volkes Gottes vor und erkennt damit die grundlegende Gleichheit aller Gl\u00e4ubigen aufgrund ihrer Taufw\u00fcrde an. Die synodale und missionarische Wesensart ist der Kirche inh\u00e4rent. Die Aus\u00fcbung der Mitverantwortung durch jeden Christen ist nicht nur eine Hilfst\u00e4tigkeit, sondern ein wesentliches Element der Kirche. Die synodale Kirche in der Mission entsteht aus der Synergie der \u00c4mter, Gaben und Charismen. Luciani bekr\u00e4ftigte in seinem Vortrag, dass die synodale Kirche vielleicht die beste Antwort und das beste prophetische Zeichen f\u00fcr Gemeinschaft und Vielfalt in einer Gesellschaft der Ausgrenzung, Ungleichheit, Polarisierung und Entinstitutionalisierung ist. Dies erfordert Konsultation, Zuh\u00f6ren, Dialog, Unterscheidung in der Gemeinschaft, Einholung von Ratschl\u00e4gen, Entscheidungsfindung und Rechenschaftspflicht.<\/p>\n\n\n\n<h3 class=\"wp-block-heading\" id=\"h-erfahrungen-mit-der-synodalitat-in-vereinigungen-von-glaubigen-bewegungen-und-neuen-gemeinschaften\">Erfahrungen mit der Synodalit\u00e4t in Vereinigungen von Gl\u00e4ubigen, Bewegungen und neuen Gemeinschaften<\/h3>\n\n\n\n<p>&#8222;Die Erfahrung der Synodalit\u00e4t in Bewegungen&#8220; war das Thema von Dr. Elisa Lisiero (Dikasterium f\u00fcr Laien, Familie und Leben). Bewegungen und Vereinigungen, insbesondere die vom Dikasterium anerkannten, tragen in ihrer gemeinschaftlichen und relationalen Form synodale Elemente und haben ein gemeinsames Ziel, d.h. eine einzigartige Mission. Die Synthese der ersten Phase der Synode (2022) hat das Potenzial der Synodalit\u00e4t aufgezeigt, das in konkrete Strukturen und Praktiken umgesetzt wurde, die im Laufe der Jahre erprobt wurden. Dies sind vielf\u00e4ltige und wertvolle Erfahrungen im Dienst der Mission der Kirche. Das bedeutet jedoch nicht, dass sie nicht auch Herausforderungen zu bew\u00e4ltigen haben und auf ihrem Weg noch reifer werden m\u00fcssen.<\/p>\n\n\n\n<p>Besonders wichtig sind die Strukturen des br\u00fcderlichen Zusammenlebens in Gruppen und kleinen Gemeinschaften, die die Grundlage des assoziativen Gef\u00fcges der Bewegungen bilden. Sie spiegeln den Geist der Freundschaft und der Familie wider, der aus dem Charisma oder dem Ideal des Evangeliums erw\u00e4chst. Diese famili\u00e4re und gemeinschaftliche Dimension der Bewegungen steht im Gegensatz zu dem Individualismus und der Einsamkeit, die in der heutigen Gesellschaft vorherrschen.<br>Die Art der Leitung, die Praktiken der Mitverantwortung einschlie\u00dft, f\u00fchrt zu einem neuen Ideal der gemeinsamen F\u00fchrung. Durch Praktiken der Solidarit\u00e4t stellen die Bewegungen die W\u00fcrde des Menschen in den Mittelpunkt und erm\u00f6glichen es, dass das gelebte Evangelium in seiner Essenz viele Randgruppen der Gesellschaft erreicht.<\/p>\n\n\n\n<figure class=\"wp-block-image size-large\"><img decoding=\"async\" src=\"https:\/\/schoenstatt.com\/wp-content\/uploads\/2024\/07\/Movements-Encounter-encontro-de-movimentos-papa-3-1024x683.jpg\" alt=\"The Challenge of Synodality: Schoenstatt in the Movements\u2019 Encounter\" class=\"wp-image-40059\"\/><\/figure>\n\n\n\n<p>Das Treffen war intensiv, was die vorgestellten Themen anbelangt, aber auch sehr wertvoll, da es zahlreiche Begegnungen und Austauschm\u00f6glichkeiten bot.<\/p>\n\n\n\n<p>Der H\u00f6hepunkt war zweifelsohne die pers\u00f6nliche Begegnung mit dem Papst. Am Ende der ersten Pause nach der Audienz mit dem Papst wartete dieser, in einem Rollstuhl sitzend, auf jeden Teilnehmer, um ihn auf dem Gang zu begr\u00fc\u00dfen. \u00dcberraschung und Freude waren in den Gesichtern der Teilnehmer zu sehen, auch wenn es nur ein paar Sekunden waren\u2026. Zu kurz f\u00fcr die Teilnehmer, aber zweifellos zu lang f\u00fcr einen Papst, der gesundheitlich sehr angeschlagen ist. Beten wir, dass der Heilige Geist ihn erleuchtet und seine Gaben f\u00fcr die ganze Kirche in F\u00fclle aussch\u00fcttet.<\/p>\n\n\n\n<p><strong>\u00dcbersetzung:<\/strong> deepl.com<br><strong>\u00dcberpr\u00fcfung: <\/strong>Hildegard Kaiser<\/p>\n","protected":false},"excerpt":{"rendered":"<p>&#8222;Die Herausforderung der Synodalit\u00e4t f\u00fcr die Mission&#8220; war das Thema des Treffens der Vereinigungen von Gl\u00e4ubigen, Bewegungen und neuen Gemeinschaften.<\/p>\n","protected":false},"author":3,"featured_media":40050,"comment_status":"closed","ping_status":"closed","sticky":false,"template":"","format":"standard","meta":{"footnotes":""},"categories":[851,852,907],"tags":[],"class_list":["post-40064","post","type-post","status-publish","format-standard","has-post-thumbnail","hentry","category-kirche-de","category-papst-franziskus-de","category-schoenstatt-gemeinschaften-de"],"yoast_head":"<!-- This site is optimized with the Yoast SEO Premium plugin v27.4 (Yoast SEO v27.5) - https:\/\/yoast.com\/product\/yoast-seo-premium-wordpress\/ -->\n<title>Die Herausforderung der Synodalit\u00e4t: Sch\u00f6nstatt in der Begegnung der Bewegungen<\/title>\n<meta name=\"description\" content=\"&quot;Die Herausforderung der Synodalit\u00e4t f\u00fcr die Mission&quot; war das Thema des Treffens der Vereinigungen von Bewegungen.\" \/>\n<meta name=\"robots\" content=\"index, follow, max-snippet:-1, max-image-preview:large, max-video-preview:-1\" \/>\n<link rel=\"canonical\" href=\"https:\/\/schoenstatt.com\/de\/die-herausforderung-der-synodalitat-schoenstatt-in-der-begegnung-der-bewegungen\/\" \/>\n<meta property=\"og:locale\" content=\"de_DE\" \/>\n<meta property=\"og:type\" content=\"article\" \/>\n<meta property=\"og:title\" content=\"Die Herausforderung der Synodalit\u00e4t: Sch\u00f6nstatt in der Begegnung der Bewegungen\" \/>\n<meta property=\"og:description\" content=\"&quot;Die Herausforderung der Synodalit\u00e4t f\u00fcr die Mission&quot; war das Thema des Treffens der Vereinigungen von Bewegungen.\" \/>\n<meta property=\"og:url\" content=\"https:\/\/schoenstatt.com\/de\/die-herausforderung-der-synodalitat-schoenstatt-in-der-begegnung-der-bewegungen\/\" \/>\n<meta property=\"og:site_name\" content=\"Schoenstatt\" \/>\n<meta property=\"article:published_time\" content=\"2024-07-03T01:00:00+00:00\" \/>\n<meta property=\"article:modified_time\" content=\"2025-05-15T18:17:54+00:00\" \/>\n<meta property=\"og:image\" content=\"https:\/\/schoenstatt.com\/wp-content\/uploads\/2024\/07\/Movements-Encounter-encontro-de-movimentos-papa-1.jpg\" \/>\n\t<meta property=\"og:image:width\" content=\"2048\" \/>\n\t<meta property=\"og:image:height\" content=\"1365\" \/>\n\t<meta property=\"og:image:type\" content=\"image\/jpeg\" \/>\n<meta name=\"author\" content=\"Karen Bueno\" \/>\n<meta name=\"twitter:card\" content=\"summary_large_image\" \/>\n<meta name=\"twitter:label1\" content=\"Verfasst von\" \/>\n\t<meta name=\"twitter:data1\" content=\"Karen Bueno\" \/>\n\t<meta name=\"twitter:label2\" content=\"Gesch\u00e4tzte Lesezeit\" \/>\n\t<meta name=\"twitter:data2\" content=\"6\u00a0Minuten\" \/>\n<script type=\"application\/ld+json\" class=\"yoast-schema-graph\">{\"@context\":\"https:\\\/\\\/schema.org\",\"@graph\":[{\"@type\":\"Article\",\"@id\":\"https:\\\/\\\/schoenstatt.com\\\/de\\\/die-herausforderung-der-synodalitat-schoenstatt-in-der-begegnung-der-bewegungen\\\/#article\",\"isPartOf\":{\"@id\":\"https:\\\/\\\/schoenstatt.com\\\/de\\\/die-herausforderung-der-synodalitat-schoenstatt-in-der-begegnung-der-bewegungen\\\/\"},\"author\":{\"name\":\"Karen Bueno\",\"@id\":\"https:\\\/\\\/schoenstatt.com\\\/de\\\/#\\\/schema\\\/person\\\/5158877ad4acae98b34daaeef2a1ce6e\"},\"headline\":\"Die Herausforderung der Synodalit\u00e4t: Sch\u00f6nstatt in der Begegnung der Bewegungen\",\"datePublished\":\"2024-07-03T01:00:00+00:00\",\"dateModified\":\"2025-05-15T18:17:54+00:00\",\"mainEntityOfPage\":{\"@id\":\"https:\\\/\\\/schoenstatt.com\\\/de\\\/die-herausforderung-der-synodalitat-schoenstatt-in-der-begegnung-der-bewegungen\\\/\"},\"wordCount\":1103,\"publisher\":{\"@id\":\"https:\\\/\\\/schoenstatt.com\\\/de\\\/#organization\"},\"image\":{\"@id\":\"https:\\\/\\\/schoenstatt.com\\\/de\\\/die-herausforderung-der-synodalitat-schoenstatt-in-der-begegnung-der-bewegungen\\\/#primaryimage\"},\"thumbnailUrl\":\"https:\\\/\\\/schoenstatt.com\\\/wp-content\\\/uploads\\\/2024\\\/07\\\/Movements-Encounter-encontro-de-movimentos-papa-1.jpg\",\"articleSection\":[\"Kirche\",\"Papst Franziskus\",\"Schoenstatt Gemeinschaften\"],\"inLanguage\":\"de\"},{\"@type\":\"WebPage\",\"@id\":\"https:\\\/\\\/schoenstatt.com\\\/de\\\/die-herausforderung-der-synodalitat-schoenstatt-in-der-begegnung-der-bewegungen\\\/\",\"url\":\"https:\\\/\\\/schoenstatt.com\\\/de\\\/die-herausforderung-der-synodalitat-schoenstatt-in-der-begegnung-der-bewegungen\\\/\",\"name\":\"Die Herausforderung der Synodalit\u00e4t: Sch\u00f6nstatt in der Begegnung der Bewegungen\",\"isPartOf\":{\"@id\":\"https:\\\/\\\/schoenstatt.com\\\/de\\\/#website\"},\"primaryImageOfPage\":{\"@id\":\"https:\\\/\\\/schoenstatt.com\\\/de\\\/die-herausforderung-der-synodalitat-schoenstatt-in-der-begegnung-der-bewegungen\\\/#primaryimage\"},\"image\":{\"@id\":\"https:\\\/\\\/schoenstatt.com\\\/de\\\/die-herausforderung-der-synodalitat-schoenstatt-in-der-begegnung-der-bewegungen\\\/#primaryimage\"},\"thumbnailUrl\":\"https:\\\/\\\/schoenstatt.com\\\/wp-content\\\/uploads\\\/2024\\\/07\\\/Movements-Encounter-encontro-de-movimentos-papa-1.jpg\",\"datePublished\":\"2024-07-03T01:00:00+00:00\",\"dateModified\":\"2025-05-15T18:17:54+00:00\",\"description\":\"\\\"Die Herausforderung der Synodalit\u00e4t f\u00fcr die Mission\\\" war das Thema des Treffens der Vereinigungen von Bewegungen.\",\"breadcrumb\":{\"@id\":\"https:\\\/\\\/schoenstatt.com\\\/de\\\/die-herausforderung-der-synodalitat-schoenstatt-in-der-begegnung-der-bewegungen\\\/#breadcrumb\"},\"inLanguage\":\"de\",\"potentialAction\":[{\"@type\":\"ReadAction\",\"target\":[\"https:\\\/\\\/schoenstatt.com\\\/de\\\/die-herausforderung-der-synodalitat-schoenstatt-in-der-begegnung-der-bewegungen\\\/\"]}]},{\"@type\":\"ImageObject\",\"inLanguage\":\"de\",\"@id\":\"https:\\\/\\\/schoenstatt.com\\\/de\\\/die-herausforderung-der-synodalitat-schoenstatt-in-der-begegnung-der-bewegungen\\\/#primaryimage\",\"url\":\"https:\\\/\\\/schoenstatt.com\\\/wp-content\\\/uploads\\\/2024\\\/07\\\/Movements-Encounter-encontro-de-movimentos-papa-1.jpg\",\"contentUrl\":\"https:\\\/\\\/schoenstatt.com\\\/wp-content\\\/uploads\\\/2024\\\/07\\\/Movements-Encounter-encontro-de-movimentos-papa-1.jpg\",\"width\":2048,\"height\":1365,\"caption\":\"The Challenge of Synodality: Schoenstatt in the Movements\u2019 Encounter\"},{\"@type\":\"BreadcrumbList\",\"@id\":\"https:\\\/\\\/schoenstatt.com\\\/de\\\/die-herausforderung-der-synodalitat-schoenstatt-in-der-begegnung-der-bewegungen\\\/#breadcrumb\",\"itemListElement\":[{\"@type\":\"ListItem\",\"position\":1,\"name\":\"Portada\",\"item\":\"https:\\\/\\\/schoenstatt.com\\\/de\\\/home\\\/\"},{\"@type\":\"ListItem\",\"position\":2,\"name\":\"Die Herausforderung der Synodalit\u00e4t: Sch\u00f6nstatt in der Begegnung der Bewegungen\"}]},{\"@type\":\"WebSite\",\"@id\":\"https:\\\/\\\/schoenstatt.com\\\/de\\\/#website\",\"url\":\"https:\\\/\\\/schoenstatt.com\\\/de\\\/\",\"name\":\"Schoenstatt\",\"description\":\"Apostolic Movement\",\"publisher\":{\"@id\":\"https:\\\/\\\/schoenstatt.com\\\/de\\\/#organization\"},\"potentialAction\":[{\"@type\":\"SearchAction\",\"target\":{\"@type\":\"EntryPoint\",\"urlTemplate\":\"https:\\\/\\\/schoenstatt.com\\\/de\\\/?s={search_term_string}\"},\"query-input\":{\"@type\":\"PropertyValueSpecification\",\"valueRequired\":true,\"valueName\":\"search_term_string\"}}],\"inLanguage\":\"de\"},{\"@type\":\"Organization\",\"@id\":\"https:\\\/\\\/schoenstatt.com\\\/de\\\/#organization\",\"name\":\"Schoenstatt\",\"url\":\"https:\\\/\\\/schoenstatt.com\\\/de\\\/\",\"logo\":{\"@type\":\"ImageObject\",\"inLanguage\":\"de\",\"@id\":\"https:\\\/\\\/schoenstatt.com\\\/de\\\/#\\\/schema\\\/logo\\\/image\\\/\",\"url\":\"https:\\\/\\\/schoenstatt.com\\\/wp-content\\\/uploads\\\/2025\\\/04\\\/logo-schoenstatt-white-696x696-1.png\",\"contentUrl\":\"https:\\\/\\\/schoenstatt.com\\\/wp-content\\\/uploads\\\/2025\\\/04\\\/logo-schoenstatt-white-696x696-1.png\",\"width\":696,\"height\":694,\"caption\":\"Schoenstatt\"},\"image\":{\"@id\":\"https:\\\/\\\/schoenstatt.com\\\/de\\\/#\\\/schema\\\/logo\\\/image\\\/\"}},{\"@type\":\"Person\",\"@id\":\"https:\\\/\\\/schoenstatt.com\\\/de\\\/#\\\/schema\\\/person\\\/5158877ad4acae98b34daaeef2a1ce6e\",\"name\":\"Karen Bueno\",\"image\":{\"@type\":\"ImageObject\",\"inLanguage\":\"de\",\"@id\":\"https:\\\/\\\/secure.gravatar.com\\\/avatar\\\/f9f4b823873154269d2b2130f195f6d41037dd0d7fc5f3cacb5c846bae70d66b?s=96&d=mm&r=g\",\"url\":\"https:\\\/\\\/secure.gravatar.com\\\/avatar\\\/f9f4b823873154269d2b2130f195f6d41037dd0d7fc5f3cacb5c846bae70d66b?s=96&d=mm&r=g\",\"contentUrl\":\"https:\\\/\\\/secure.gravatar.com\\\/avatar\\\/f9f4b823873154269d2b2130f195f6d41037dd0d7fc5f3cacb5c846bae70d66b?s=96&d=mm&r=g\",\"caption\":\"Karen Bueno\"},\"url\":\"https:\\\/\\\/schoenstatt.com\\\/de\\\/author\\\/karen-bueno\\\/\"}]}<\/script>\n<!-- \/ Yoast SEO Premium plugin. -->","yoast_head_json":{"title":"Die Herausforderung der Synodalit\u00e4t: Sch\u00f6nstatt in der Begegnung der Bewegungen","description":"\"Die Herausforderung der Synodalit\u00e4t f\u00fcr die Mission\" war das Thema des Treffens der Vereinigungen von Bewegungen.","robots":{"index":"index","follow":"follow","max-snippet":"max-snippet:-1","max-image-preview":"max-image-preview:large","max-video-preview":"max-video-preview:-1"},"canonical":"https:\/\/schoenstatt.com\/de\/die-herausforderung-der-synodalitat-schoenstatt-in-der-begegnung-der-bewegungen\/","og_locale":"de_DE","og_type":"article","og_title":"Die Herausforderung der Synodalit\u00e4t: Sch\u00f6nstatt in der Begegnung der Bewegungen","og_description":"\"Die Herausforderung der Synodalit\u00e4t f\u00fcr die Mission\" war das Thema des Treffens der Vereinigungen von Bewegungen.","og_url":"https:\/\/schoenstatt.com\/de\/die-herausforderung-der-synodalitat-schoenstatt-in-der-begegnung-der-bewegungen\/","og_site_name":"Schoenstatt","article_published_time":"2024-07-03T01:00:00+00:00","article_modified_time":"2025-05-15T18:17:54+00:00","og_image":[{"width":2048,"height":1365,"url":"https:\/\/schoenstatt.com\/wp-content\/uploads\/2024\/07\/Movements-Encounter-encontro-de-movimentos-papa-1.jpg","type":"image\/jpeg"}],"author":"Karen Bueno","twitter_card":"summary_large_image","twitter_misc":{"Verfasst von":"Karen Bueno","Gesch\u00e4tzte Lesezeit":"6\u00a0Minuten"},"schema":{"@context":"https:\/\/schema.org","@graph":[{"@type":"Article","@id":"https:\/\/schoenstatt.com\/de\/die-herausforderung-der-synodalitat-schoenstatt-in-der-begegnung-der-bewegungen\/#article","isPartOf":{"@id":"https:\/\/schoenstatt.com\/de\/die-herausforderung-der-synodalitat-schoenstatt-in-der-begegnung-der-bewegungen\/"},"author":{"name":"Karen Bueno","@id":"https:\/\/schoenstatt.com\/de\/#\/schema\/person\/5158877ad4acae98b34daaeef2a1ce6e"},"headline":"Die Herausforderung der Synodalit\u00e4t: Sch\u00f6nstatt in der Begegnung der Bewegungen","datePublished":"2024-07-03T01:00:00+00:00","dateModified":"2025-05-15T18:17:54+00:00","mainEntityOfPage":{"@id":"https:\/\/schoenstatt.com\/de\/die-herausforderung-der-synodalitat-schoenstatt-in-der-begegnung-der-bewegungen\/"},"wordCount":1103,"publisher":{"@id":"https:\/\/schoenstatt.com\/de\/#organization"},"image":{"@id":"https:\/\/schoenstatt.com\/de\/die-herausforderung-der-synodalitat-schoenstatt-in-der-begegnung-der-bewegungen\/#primaryimage"},"thumbnailUrl":"https:\/\/schoenstatt.com\/wp-content\/uploads\/2024\/07\/Movements-Encounter-encontro-de-movimentos-papa-1.jpg","articleSection":["Kirche","Papst Franziskus","Schoenstatt Gemeinschaften"],"inLanguage":"de"},{"@type":"WebPage","@id":"https:\/\/schoenstatt.com\/de\/die-herausforderung-der-synodalitat-schoenstatt-in-der-begegnung-der-bewegungen\/","url":"https:\/\/schoenstatt.com\/de\/die-herausforderung-der-synodalitat-schoenstatt-in-der-begegnung-der-bewegungen\/","name":"Die Herausforderung der Synodalit\u00e4t: Sch\u00f6nstatt in der Begegnung der Bewegungen","isPartOf":{"@id":"https:\/\/schoenstatt.com\/de\/#website"},"primaryImageOfPage":{"@id":"https:\/\/schoenstatt.com\/de\/die-herausforderung-der-synodalitat-schoenstatt-in-der-begegnung-der-bewegungen\/#primaryimage"},"image":{"@id":"https:\/\/schoenstatt.com\/de\/die-herausforderung-der-synodalitat-schoenstatt-in-der-begegnung-der-bewegungen\/#primaryimage"},"thumbnailUrl":"https:\/\/schoenstatt.com\/wp-content\/uploads\/2024\/07\/Movements-Encounter-encontro-de-movimentos-papa-1.jpg","datePublished":"2024-07-03T01:00:00+00:00","dateModified":"2025-05-15T18:17:54+00:00","description":"\"Die Herausforderung der Synodalit\u00e4t f\u00fcr die Mission\" war das Thema des Treffens der Vereinigungen von Bewegungen.","breadcrumb":{"@id":"https:\/\/schoenstatt.com\/de\/die-herausforderung-der-synodalitat-schoenstatt-in-der-begegnung-der-bewegungen\/#breadcrumb"},"inLanguage":"de","potentialAction":[{"@type":"ReadAction","target":["https:\/\/schoenstatt.com\/de\/die-herausforderung-der-synodalitat-schoenstatt-in-der-begegnung-der-bewegungen\/"]}]},{"@type":"ImageObject","inLanguage":"de","@id":"https:\/\/schoenstatt.com\/de\/die-herausforderung-der-synodalitat-schoenstatt-in-der-begegnung-der-bewegungen\/#primaryimage","url":"https:\/\/schoenstatt.com\/wp-content\/uploads\/2024\/07\/Movements-Encounter-encontro-de-movimentos-papa-1.jpg","contentUrl":"https:\/\/schoenstatt.com\/wp-content\/uploads\/2024\/07\/Movements-Encounter-encontro-de-movimentos-papa-1.jpg","width":2048,"height":1365,"caption":"The Challenge of Synodality: Schoenstatt in the Movements\u2019 Encounter"},{"@type":"BreadcrumbList","@id":"https:\/\/schoenstatt.com\/de\/die-herausforderung-der-synodalitat-schoenstatt-in-der-begegnung-der-bewegungen\/#breadcrumb","itemListElement":[{"@type":"ListItem","position":1,"name":"Portada","item":"https:\/\/schoenstatt.com\/de\/home\/"},{"@type":"ListItem","position":2,"name":"Die Herausforderung der Synodalit\u00e4t: Sch\u00f6nstatt in der Begegnung der Bewegungen"}]},{"@type":"WebSite","@id":"https:\/\/schoenstatt.com\/de\/#website","url":"https:\/\/schoenstatt.com\/de\/","name":"Schoenstatt","description":"Apostolic Movement","publisher":{"@id":"https:\/\/schoenstatt.com\/de\/#organization"},"potentialAction":[{"@type":"SearchAction","target":{"@type":"EntryPoint","urlTemplate":"https:\/\/schoenstatt.com\/de\/?s={search_term_string}"},"query-input":{"@type":"PropertyValueSpecification","valueRequired":true,"valueName":"search_term_string"}}],"inLanguage":"de"},{"@type":"Organization","@id":"https:\/\/schoenstatt.com\/de\/#organization","name":"Schoenstatt","url":"https:\/\/schoenstatt.com\/de\/","logo":{"@type":"ImageObject","inLanguage":"de","@id":"https:\/\/schoenstatt.com\/de\/#\/schema\/logo\/image\/","url":"https:\/\/schoenstatt.com\/wp-content\/uploads\/2025\/04\/logo-schoenstatt-white-696x696-1.png","contentUrl":"https:\/\/schoenstatt.com\/wp-content\/uploads\/2025\/04\/logo-schoenstatt-white-696x696-1.png","width":696,"height":694,"caption":"Schoenstatt"},"image":{"@id":"https:\/\/schoenstatt.com\/de\/#\/schema\/logo\/image\/"}},{"@type":"Person","@id":"https:\/\/schoenstatt.com\/de\/#\/schema\/person\/5158877ad4acae98b34daaeef2a1ce6e","name":"Karen Bueno","image":{"@type":"ImageObject","inLanguage":"de","@id":"https:\/\/secure.gravatar.com\/avatar\/f9f4b823873154269d2b2130f195f6d41037dd0d7fc5f3cacb5c846bae70d66b?s=96&d=mm&r=g","url":"https:\/\/secure.gravatar.com\/avatar\/f9f4b823873154269d2b2130f195f6d41037dd0d7fc5f3cacb5c846bae70d66b?s=96&d=mm&r=g","contentUrl":"https:\/\/secure.gravatar.com\/avatar\/f9f4b823873154269d2b2130f195f6d41037dd0d7fc5f3cacb5c846bae70d66b?s=96&d=mm&r=g","caption":"Karen Bueno"},"url":"https:\/\/schoenstatt.com\/de\/author\/karen-bueno\/"}]}},"_links":{"self":[{"href":"https:\/\/schoenstatt.com\/de\/wp-json\/wp\/v2\/posts\/40064","targetHints":{"allow":["GET"]}}],"collection":[{"href":"https:\/\/schoenstatt.com\/de\/wp-json\/wp\/v2\/posts"}],"about":[{"href":"https:\/\/schoenstatt.com\/de\/wp-json\/wp\/v2\/types\/post"}],"author":[{"embeddable":true,"href":"https:\/\/schoenstatt.com\/de\/wp-json\/wp\/v2\/users\/3"}],"replies":[{"embeddable":true,"href":"https:\/\/schoenstatt.com\/de\/wp-json\/wp\/v2\/comments?post=40064"}],"version-history":[{"count":1,"href":"https:\/\/schoenstatt.com\/de\/wp-json\/wp\/v2\/posts\/40064\/revisions"}],"predecessor-version":[{"id":46861,"href":"https:\/\/schoenstatt.com\/de\/wp-json\/wp\/v2\/posts\/40064\/revisions\/46861"}],"wp:featuredmedia":[{"embeddable":true,"href":"https:\/\/schoenstatt.com\/de\/wp-json\/wp\/v2\/media\/40050"}],"wp:attachment":[{"href":"https:\/\/schoenstatt.com\/de\/wp-json\/wp\/v2\/media?parent=40064"}],"wp:term":[{"taxonomy":"category","embeddable":true,"href":"https:\/\/schoenstatt.com\/de\/wp-json\/wp\/v2\/categories?post=40064"},{"taxonomy":"post_tag","embeddable":true,"href":"https:\/\/schoenstatt.com\/de\/wp-json\/wp\/v2\/tags?post=40064"}],"curies":[{"name":"wp","href":"https:\/\/api.w.org\/{rel}","templated":true}]}}