{"id":40026,"date":"2024-07-01T15:47:23","date_gmt":"2024-07-01T13:47:23","guid":{"rendered":"https:\/\/schoenstatt.com\/eine-begegnung-mit-dem-papst-internationaler-kongress-fuer-jugendpastoral\/"},"modified":"2025-05-15T19:32:47","modified_gmt":"2025-05-15T17:32:47","slug":"eine-begegnung-mit-dem-papst-internationaler-kongress-fuer-jugendpastoral","status":"publish","type":"post","link":"https:\/\/schoenstatt.com\/de\/eine-begegnung-mit-dem-papst-internationaler-kongress-fuer-jugendpastoral\/","title":{"rendered":"Eine Begegnung mit dem Papst: Internationaler Kongress f\u00fcr Jugendpastoral"},"content":{"rendered":"\n<p>Mit gro\u00dfer Freude nahmen zwei Vertreter der Sch\u00f6nstattbewegung aus Portugal am Internationalen Kongress der Jugendpastoral teil, der vom 22. bis 26. Mai in Rom stattfand. Frau Rosana Silva aus dem <a href=\"https:\/\/schoenstatt.com\/de\/in-gemeinschaft\/frauen\/saekularinstitut-der-frauen-von-schoenstatt\/\">S\u00e4kularinstitut der Frauen von Sch\u00f6nstatt<\/a> und Maria Saquete aus der <a href=\"https:\/\/schoenstatt.com\/de\/in-gemeinschaft\/frauen\/maedchen-junge-frauen\/\">M\u00e4dchenjugend<\/a> trafen sich dort mit dem Heiligen Vater, Papst Franziskus.<\/p>\n\n\n\n<p><strong>Frau Rosana erz\u00e4hlt uns:<\/strong><\/p>\n\n\n\n<p>Wir waren herausgefordert, am Internationalen Jugendpastoralkongress teilzunehmen, der vom 22. bis 26. Mai in Rom stattfand. Und wir hatten die Ehre, die internationale Sch\u00f6nstattbewegung zu repr\u00e4sentieren und die Auswertung des <a href=\"https:\/\/www.lisboa2023.org\/en\" target=\"_blank\" rel=\"noreferrer noopener\">WJT23<\/a> mit der ganzen Kirche zu teilen, auf dem Weg nach Seoul zum WJT27. Ich, Rosana Silva, Frau von Sch\u00f6nstatt, und Maria Saquete, von der Sch\u00f6nstatt-M\u00e4dchenjugend, vertraten die ganze Sch\u00f6nstattjugend.<\/p>\n\n\n\n<h2 class=\"wp-block-heading\" id=\"h-was-nehme-ich-vom-internationalen-kongress-mit\">Was nehme ich vom Internationalen Kongress mit?<\/h2>\n\n\n\n<p>Die synodale Erfahrung war ein Markenzeichen dieses Kongresses. Meine Erfahrung war die des Weges nach Emmaus. Ich bin dem auferstandenen Christus durch die Menschen und Charismen der Kirche begegnet. Die Begegnung auf dem Weg nach Emmaus war immer begleitet von der immer wiederkehrenden Frage: Woher kommst du und wie hei\u00dft du? Diese Frage wiederholten wir immer wieder.<\/p>\n\n\n\n<p>Es waren 320 Teilnehmer aus verschiedenen L\u00e4ndern. Wir konnten den Reichtum dieser Kultur nutzen, weil das Team des Dikasteriums f\u00fcr die Laien alle Details des Kongresses vorbereitet und betreut hat.<\/p>\n\n\n\n<figure class=\"wp-block-image size-large\"><img decoding=\"async\" src=\"https:\/\/schoenstatt.com\/wp-content\/uploads\/2024\/07\/International-Congress-on-Youth-Ministry-2-1024x683.jpg\" alt=\"Internationaler Kongress f\u00fcr Jugendpastoral\" class=\"wp-image-40012\"\/><figcaption class=\"wp-element-caption\">Internationaler Kongress f\u00fcr Jugendpastoral (Foto: Dikasterium f\u00fcr die Laien, die Familie und das Leben)<\/figcaption><\/figure>\n\n\n\n<h2 class=\"wp-block-heading\" id=\"h-zuhoren-ein-zeichen-der-synodalitat\">Zuh\u00f6ren, ein Zeichen der Synodalit\u00e4t<\/h2>\n\n\n\n<p>Nach vielen Begegnungen und Gespr\u00e4chen gingen wir mit der Gottesmutter in den &#8222;Obersaal&#8220; und f\u00fchlten uns wie die Apostel, die fragten, wie wir der Kirche, den Bewegungen und der Gesellschaft all die guten Nachrichten verk\u00fcnden sollten, die wir auf dem Treffen hatten mitteilen k\u00f6nnen. Dann wurde das Hauptmerkmal der Synode in die Praxis umgesetzt: die Erfahrung des Zuh\u00f6rens.<\/p>\n\n\n\n<p>Gemeinsam versuchten wir, einander auf eine neue Weise zuzuh\u00f6ren. Im heiligen Raum unserer Herzen wurden wir still, um zu verstehen, was jeder der Teilnehmer zum Ausdruck bringen und formulieren wollte. In dieser Formulierung fanden wir die Melodie, die von Gott kam, um sie zu teilen.<\/p>\n\n\n\n<p>Wir waren still angesichts der Realit\u00e4ten, die wir nicht kannten, angesichts der Herausforderungen, denen wir gegen\u00fcberstanden, angesichts der Sorgen und Freuden und der kleinen Siege. Es war eine Z\u00f6nakelerfahrung, denn es gab keine Urteile. Das Schweigen angesichts der Realit\u00e4ten hat uns nicht gleichg\u00fcltig gemacht, es hat uns auf den Weg gebracht. Die Stille. Die synodale Stille erm\u00f6glichte es uns, alles, was wir h\u00f6rten, zu verstehen. Und wir haben gemeinsam beschlossen, dass wir die kommenden Zeiten der Kirche im Stil des synodalen Dialogs leben wollen.<\/p>\n\n\n\n<figure class=\"wp-block-image aligncenter size-large\"><img decoding=\"async\" src=\"https:\/\/schoenstatt.com\/wp-content\/uploads\/2024\/07\/International-Congress-on-Youth-Ministry-3-1024x777.jpg\" alt=\"\" class=\"wp-image-40016\"\/><\/figure>\n\n\n\n<h3 class=\"wp-block-heading\" id=\"h-eine-zusammenfassung-dieser-besonderen-tage\">Eine Zusammenfassung dieser besonderen Tage<\/h3>\n\n\n\n<p>Hier ist eine kurze Zusammenfassung des Kongresses.<\/p>\n\n\n\n<p>Die Begr\u00fc\u00dfung und Er\u00f6ffnung erfolgte durch Kard. Kevin Farrell, Pr\u00e4fekt des <a href=\"https:\/\/www.laityfamilylife.va\/content\/laityfamilylife\/en.html\" target=\"_blank\" rel=\"noreferrer noopener\">Dikasteriums f\u00fcr Laien, Familie und Leben<\/a>, der voller Hoffnung f\u00fcr die Zukunft sprach.<\/p>\n\n\n\n<p>\u201e\u2026 Seien wir also offen f\u00fcr junge Menschen und seien wir auch offen f\u00fcr die Zukunft mit Hoffnung! Ihnen ist eine gro\u00dfe Aufgabe anvertraut worden. Der Heilige Vater beschreibt sie mit starken Worten, und mit diesen Worten schlie\u00dfe ich meine Rede. Der Papst sagt: Jugendliche, gebt das Beste eurer Jugend nicht auf, betrachtet das Leben nicht vom Balkon aus [\u2026] Verschafft euch Geh\u00f6r! Legt die \u00c4ngste ab, die euch l\u00e4hmen, werdet nicht zu mumifizierten jungen Menschen, lebt! Gebt euch dem Besten des Lebens hin.\u201c<\/p>\n\n\n\n<figure class=\"wp-block-image size-large\"><img decoding=\"async\" src=\"https:\/\/schoenstatt.com\/wp-content\/uploads\/2024\/07\/pope-papa-papst-frau-rosana-silva-1024x682.jpg\" alt=\"Papst Franziskus\" class=\"wp-image-40008\"\/><figcaption class=\"wp-element-caption\">Frau Rosana mit Papst Franziskus<\/figcaption><\/figure>\n\n\n\n<h3 class=\"wp-block-heading\" id=\"h-maria-verliess-die-kirche-ohne-zu-zogern\">Maria verlie\u00df die Kirche ohne zu z\u00f6gern<\/h3>\n\n\n\n<p>Kardinal Am\u00e9rico Manuel Alves Aguiar dankte dem Dikasterium f\u00fcr seine Unterst\u00fctzung bei der Vorbereitung des Weltjugendtags.<\/p>\n\n\n\n<p>Er sagte auch, dass wir auf den WJT23 zur\u00fcckblicken und das ganze Leben Gottes sehen k\u00f6nnen, das in jedem jungen Menschen, der am WJT23 teilgenommen hat, zum Vorschein kam. Wir haben die Dankbarkeit der Kirche und gro\u00dfe Anerkennung f\u00fcr all die Anstrengungen und das Engagement seitens der Gesellschaft, der Kirche und der Bewegungen bei der Vorbereitung und Durchf\u00fchrung des WJT23 erhalten.<\/p>\n\n\n\n<h3 class=\"wp-block-heading\" id=\"h-auf-dem-weg-zum-jubilaumsjahr-2025\">Auf dem Weg zum Jubil\u00e4umsjahr 2025<\/h3>\n\n\n\n<p>Eines der zentralen Themen war die Einladung an die ganze Kirche, das Jubil\u00e4um von Rom 2025 zu feiern. Salvatore Fisichella vom Dikasterium f\u00fcr Evangelisierung sagte: \u201eWir denken an Hoffnung als etwas, das immer auf die Zukunft gerichtet ist. Die Hoffnung ist keine Ausflucht. Was die Zukunft sein wird, ist jetzt schon gegenw\u00e4rtig. Die Hoffnung ist bereits in uns, sie wurde uns in der Taufe geschenkt. Sie ist das Leben Gottes in uns.\u201c<\/p>\n\n\n\n<h2 class=\"wp-block-heading\" id=\"h-weltjugendtag-seoul-2027\">Weltjugendtag Seoul 2027<\/h2>\n\n\n\n<p>Der Seouler Erzbischof Peter Chung rief die jungen Menschen mit gro\u00dfer Begeisterung und Freude zur Teilnahme am WJT27 auf. F\u00fcr ihn ist der WJT eine Pilgerreise, auf der junge Menschen ihren eigenen Weg und ihre eigene Gemeinschaft finden.<\/p>\n\n\n\n<figure class=\"wp-block-gallery has-nested-images columns-default is-cropped wp-block-gallery-1 is-layout-flex wp-block-gallery-is-layout-flex\">\n<figure class=\"wp-block-image size-large\"><img decoding=\"async\" data-id=\"40020\" src=\"https:\/\/schoenstatt.com\/wp-content\/uploads\/2024\/07\/International-Congress-on-Youth-Ministry-1024x683.jpg\" alt=\"\" class=\"wp-image-40020\"\/><figcaption class=\"wp-element-caption\">(Foto: Dikasterium f\u00fcr die Laien, die Familie und das Leben)<\/figcaption><\/figure>\n<\/figure>\n\n\n\n<p>Der Weltjugendtag hat immer in christlichen L\u00e4ndern stattgefunden. Dies ist das erste Mal, dass der WJT in einem nicht-katholischen Land stattfindet. Deshalb wird dieser WJT als eine Mission betrachtet. Die Vorbereitung hat vier Schl\u00fcsselw\u00f6rter: Begegnung, Pastoral, Pilgerfahrt, Mission.<\/p>\n\n\n\n<p>Monsignore Peter Chung sagte: \u201eWir k\u00f6nnen Hoffnung sch\u00f6pfen. Der Weltjugendtag Seoul 2027 wird ein Feuer in unseren Herzen entz\u00fcnden und uns verwandeln. Ich glaube, ihr werdet Jesus in Korea begegnen und eure Herzen werden vom Glauben entflammt sein. Ich lade Sie ein, sich uns in Korea anzuschlie\u00dfen, um gemeinsam einen neuen Pilgerweg des Glaubens zu beginnen.\u201c<\/p>\n\n\n\n<p><strong>\u00dcbersetzung:<\/strong> deepl.com \/ <strong>\u00dcberpr\u00fcfung: <\/strong>Hildegard Kaiser<\/p>\n","protected":false},"excerpt":{"rendered":"<p>Zwei Vertreter der Sch\u00f6nstattbewegung aus Portugal nahmen am Internationalen Jugendpastoralkongress in Rom teil.<\/p>\n","protected":false},"author":3,"featured_media":40008,"comment_status":"closed","ping_status":"closed","sticky":false,"template":"","format":"standard","meta":{"footnotes":""},"categories":[922,851],"tags":[],"class_list":["post-40026","post","type-post","status-publish","format-standard","has-post-thumbnail","hentry","category-jugend-de","category-kirche-de"],"yoast_head":"<!-- This site is optimized with the Yoast SEO Premium plugin v27.4 (Yoast SEO v27.4) - https:\/\/yoast.com\/product\/yoast-seo-premium-wordpress\/ -->\n<title>Eine Begegnung mit dem Papst: Internationaler Kongress f\u00fcr Jugendpastoral - Schoenstatt<\/title>\n<meta name=\"description\" content=\"Zwei Vertreter der Sch\u00f6nstattbewegung aus Portugal nahmen am Internationalen Jugendpastoralkongress in Rom teil.\" \/>\n<meta name=\"robots\" content=\"index, follow, max-snippet:-1, max-image-preview:large, max-video-preview:-1\" \/>\n<link rel=\"canonical\" href=\"https:\/\/schoenstatt.com\/de\/eine-begegnung-mit-dem-papst-internationaler-kongress-fuer-jugendpastoral\/\" \/>\n<meta property=\"og:locale\" content=\"de_DE\" \/>\n<meta property=\"og:type\" content=\"article\" \/>\n<meta property=\"og:title\" content=\"Eine Begegnung mit dem Papst: Internationaler Kongress f\u00fcr Jugendpastoral\" \/>\n<meta property=\"og:description\" content=\"Zwei Vertreter der Sch\u00f6nstattbewegung aus Portugal nahmen am Internationalen Jugendpastoralkongress in Rom teil.\" \/>\n<meta property=\"og:url\" content=\"https:\/\/schoenstatt.com\/de\/eine-begegnung-mit-dem-papst-internationaler-kongress-fuer-jugendpastoral\/\" \/>\n<meta property=\"og:site_name\" content=\"Schoenstatt\" \/>\n<meta property=\"article:published_time\" content=\"2024-07-01T13:47:23+00:00\" \/>\n<meta property=\"article:modified_time\" content=\"2025-05-15T17:32:47+00:00\" \/>\n<meta property=\"og:image\" content=\"https:\/\/schoenstatt.com\/wp-content\/uploads\/2024\/07\/pope-papa-papst-frau-rosana-silva-1.jpg\" \/>\n\t<meta property=\"og:image:width\" content=\"1600\" \/>\n\t<meta property=\"og:image:height\" content=\"1066\" \/>\n\t<meta property=\"og:image:type\" content=\"image\/jpeg\" \/>\n<meta name=\"author\" content=\"Karen Bueno\" \/>\n<meta name=\"twitter:card\" content=\"summary_large_image\" \/>\n<meta name=\"twitter:label1\" content=\"Verfasst von\" \/>\n\t<meta name=\"twitter:data1\" content=\"Karen Bueno\" \/>\n\t<meta name=\"twitter:label2\" content=\"Gesch\u00e4tzte Lesezeit\" \/>\n\t<meta name=\"twitter:data2\" content=\"5\u00a0Minuten\" \/>\n<script type=\"application\/ld+json\" class=\"yoast-schema-graph\">{\"@context\":\"https:\\\/\\\/schema.org\",\"@graph\":[{\"@type\":\"Article\",\"@id\":\"https:\\\/\\\/schoenstatt.com\\\/de\\\/eine-begegnung-mit-dem-papst-internationaler-kongress-fuer-jugendpastoral\\\/#article\",\"isPartOf\":{\"@id\":\"https:\\\/\\\/schoenstatt.com\\\/de\\\/eine-begegnung-mit-dem-papst-internationaler-kongress-fuer-jugendpastoral\\\/\"},\"author\":{\"name\":\"Karen Bueno\",\"@id\":\"https:\\\/\\\/schoenstatt.com\\\/de\\\/#\\\/schema\\\/person\\\/5158877ad4acae98b34daaeef2a1ce6e\"},\"headline\":\"Eine Begegnung mit dem Papst: Internationaler Kongress f\u00fcr Jugendpastoral\",\"datePublished\":\"2024-07-01T13:47:23+00:00\",\"dateModified\":\"2025-05-15T17:32:47+00:00\",\"mainEntityOfPage\":{\"@id\":\"https:\\\/\\\/schoenstatt.com\\\/de\\\/eine-begegnung-mit-dem-papst-internationaler-kongress-fuer-jugendpastoral\\\/\"},\"wordCount\":918,\"publisher\":{\"@id\":\"https:\\\/\\\/schoenstatt.com\\\/de\\\/#organization\"},\"image\":{\"@id\":\"https:\\\/\\\/schoenstatt.com\\\/de\\\/eine-begegnung-mit-dem-papst-internationaler-kongress-fuer-jugendpastoral\\\/#primaryimage\"},\"thumbnailUrl\":\"https:\\\/\\\/schoenstatt.com\\\/wp-content\\\/uploads\\\/2024\\\/07\\\/pope-papa-papst-frau-rosana-silva-1.jpg\",\"articleSection\":[\"Jugend\",\"Kirche\"],\"inLanguage\":\"de\"},{\"@type\":\"WebPage\",\"@id\":\"https:\\\/\\\/schoenstatt.com\\\/de\\\/eine-begegnung-mit-dem-papst-internationaler-kongress-fuer-jugendpastoral\\\/\",\"url\":\"https:\\\/\\\/schoenstatt.com\\\/de\\\/eine-begegnung-mit-dem-papst-internationaler-kongress-fuer-jugendpastoral\\\/\",\"name\":\"Eine Begegnung mit dem Papst: Internationaler Kongress f\u00fcr Jugendpastoral - Schoenstatt\",\"isPartOf\":{\"@id\":\"https:\\\/\\\/schoenstatt.com\\\/de\\\/#website\"},\"primaryImageOfPage\":{\"@id\":\"https:\\\/\\\/schoenstatt.com\\\/de\\\/eine-begegnung-mit-dem-papst-internationaler-kongress-fuer-jugendpastoral\\\/#primaryimage\"},\"image\":{\"@id\":\"https:\\\/\\\/schoenstatt.com\\\/de\\\/eine-begegnung-mit-dem-papst-internationaler-kongress-fuer-jugendpastoral\\\/#primaryimage\"},\"thumbnailUrl\":\"https:\\\/\\\/schoenstatt.com\\\/wp-content\\\/uploads\\\/2024\\\/07\\\/pope-papa-papst-frau-rosana-silva-1.jpg\",\"datePublished\":\"2024-07-01T13:47:23+00:00\",\"dateModified\":\"2025-05-15T17:32:47+00:00\",\"description\":\"Zwei Vertreter der Sch\u00f6nstattbewegung aus Portugal nahmen am Internationalen Jugendpastoralkongress in Rom teil.\",\"breadcrumb\":{\"@id\":\"https:\\\/\\\/schoenstatt.com\\\/de\\\/eine-begegnung-mit-dem-papst-internationaler-kongress-fuer-jugendpastoral\\\/#breadcrumb\"},\"inLanguage\":\"de\",\"potentialAction\":[{\"@type\":\"ReadAction\",\"target\":[\"https:\\\/\\\/schoenstatt.com\\\/de\\\/eine-begegnung-mit-dem-papst-internationaler-kongress-fuer-jugendpastoral\\\/\"]}]},{\"@type\":\"ImageObject\",\"inLanguage\":\"de\",\"@id\":\"https:\\\/\\\/schoenstatt.com\\\/de\\\/eine-begegnung-mit-dem-papst-internationaler-kongress-fuer-jugendpastoral\\\/#primaryimage\",\"url\":\"https:\\\/\\\/schoenstatt.com\\\/wp-content\\\/uploads\\\/2024\\\/07\\\/pope-papa-papst-frau-rosana-silva-1.jpg\",\"contentUrl\":\"https:\\\/\\\/schoenstatt.com\\\/wp-content\\\/uploads\\\/2024\\\/07\\\/pope-papa-papst-frau-rosana-silva-1.jpg\",\"width\":1600,\"height\":1066,\"caption\":\"Mrs. Rosana with Pope Francis\"},{\"@type\":\"BreadcrumbList\",\"@id\":\"https:\\\/\\\/schoenstatt.com\\\/de\\\/eine-begegnung-mit-dem-papst-internationaler-kongress-fuer-jugendpastoral\\\/#breadcrumb\",\"itemListElement\":[{\"@type\":\"ListItem\",\"position\":1,\"name\":\"Portada\",\"item\":\"https:\\\/\\\/schoenstatt.com\\\/de\\\/home\\\/\"},{\"@type\":\"ListItem\",\"position\":2,\"name\":\"Eine Begegnung mit dem Papst: Internationaler Kongress f\u00fcr Jugendpastoral\"}]},{\"@type\":\"WebSite\",\"@id\":\"https:\\\/\\\/schoenstatt.com\\\/de\\\/#website\",\"url\":\"https:\\\/\\\/schoenstatt.com\\\/de\\\/\",\"name\":\"Schoenstatt\",\"description\":\"Apostolic Movement\",\"publisher\":{\"@id\":\"https:\\\/\\\/schoenstatt.com\\\/de\\\/#organization\"},\"potentialAction\":[{\"@type\":\"SearchAction\",\"target\":{\"@type\":\"EntryPoint\",\"urlTemplate\":\"https:\\\/\\\/schoenstatt.com\\\/de\\\/?s={search_term_string}\"},\"query-input\":{\"@type\":\"PropertyValueSpecification\",\"valueRequired\":true,\"valueName\":\"search_term_string\"}}],\"inLanguage\":\"de\"},{\"@type\":\"Organization\",\"@id\":\"https:\\\/\\\/schoenstatt.com\\\/de\\\/#organization\",\"name\":\"Schoenstatt\",\"url\":\"https:\\\/\\\/schoenstatt.com\\\/de\\\/\",\"logo\":{\"@type\":\"ImageObject\",\"inLanguage\":\"de\",\"@id\":\"https:\\\/\\\/schoenstatt.com\\\/de\\\/#\\\/schema\\\/logo\\\/image\\\/\",\"url\":\"https:\\\/\\\/schoenstatt.com\\\/wp-content\\\/uploads\\\/2025\\\/04\\\/logo-schoenstatt-white-696x696-1.png\",\"contentUrl\":\"https:\\\/\\\/schoenstatt.com\\\/wp-content\\\/uploads\\\/2025\\\/04\\\/logo-schoenstatt-white-696x696-1.png\",\"width\":696,\"height\":694,\"caption\":\"Schoenstatt\"},\"image\":{\"@id\":\"https:\\\/\\\/schoenstatt.com\\\/de\\\/#\\\/schema\\\/logo\\\/image\\\/\"}},{\"@type\":\"Person\",\"@id\":\"https:\\\/\\\/schoenstatt.com\\\/de\\\/#\\\/schema\\\/person\\\/5158877ad4acae98b34daaeef2a1ce6e\",\"name\":\"Karen Bueno\",\"image\":{\"@type\":\"ImageObject\",\"inLanguage\":\"de\",\"@id\":\"https:\\\/\\\/secure.gravatar.com\\\/avatar\\\/f9f4b823873154269d2b2130f195f6d41037dd0d7fc5f3cacb5c846bae70d66b?s=96&d=mm&r=g\",\"url\":\"https:\\\/\\\/secure.gravatar.com\\\/avatar\\\/f9f4b823873154269d2b2130f195f6d41037dd0d7fc5f3cacb5c846bae70d66b?s=96&d=mm&r=g\",\"contentUrl\":\"https:\\\/\\\/secure.gravatar.com\\\/avatar\\\/f9f4b823873154269d2b2130f195f6d41037dd0d7fc5f3cacb5c846bae70d66b?s=96&d=mm&r=g\",\"caption\":\"Karen Bueno\"},\"url\":\"https:\\\/\\\/schoenstatt.com\\\/de\\\/author\\\/karen-bueno\\\/\"}]}<\/script>\n<!-- \/ Yoast SEO Premium plugin. -->","yoast_head_json":{"title":"Eine Begegnung mit dem Papst: Internationaler Kongress f\u00fcr Jugendpastoral - Schoenstatt","description":"Zwei Vertreter der Sch\u00f6nstattbewegung aus Portugal nahmen am Internationalen Jugendpastoralkongress in Rom teil.","robots":{"index":"index","follow":"follow","max-snippet":"max-snippet:-1","max-image-preview":"max-image-preview:large","max-video-preview":"max-video-preview:-1"},"canonical":"https:\/\/schoenstatt.com\/de\/eine-begegnung-mit-dem-papst-internationaler-kongress-fuer-jugendpastoral\/","og_locale":"de_DE","og_type":"article","og_title":"Eine Begegnung mit dem Papst: Internationaler Kongress f\u00fcr Jugendpastoral","og_description":"Zwei Vertreter der Sch\u00f6nstattbewegung aus Portugal nahmen am Internationalen Jugendpastoralkongress in Rom teil.","og_url":"https:\/\/schoenstatt.com\/de\/eine-begegnung-mit-dem-papst-internationaler-kongress-fuer-jugendpastoral\/","og_site_name":"Schoenstatt","article_published_time":"2024-07-01T13:47:23+00:00","article_modified_time":"2025-05-15T17:32:47+00:00","og_image":[{"width":1600,"height":1066,"url":"https:\/\/schoenstatt.com\/wp-content\/uploads\/2024\/07\/pope-papa-papst-frau-rosana-silva-1.jpg","type":"image\/jpeg"}],"author":"Karen Bueno","twitter_card":"summary_large_image","twitter_misc":{"Verfasst von":"Karen Bueno","Gesch\u00e4tzte Lesezeit":"5\u00a0Minuten"},"schema":{"@context":"https:\/\/schema.org","@graph":[{"@type":"Article","@id":"https:\/\/schoenstatt.com\/de\/eine-begegnung-mit-dem-papst-internationaler-kongress-fuer-jugendpastoral\/#article","isPartOf":{"@id":"https:\/\/schoenstatt.com\/de\/eine-begegnung-mit-dem-papst-internationaler-kongress-fuer-jugendpastoral\/"},"author":{"name":"Karen Bueno","@id":"https:\/\/schoenstatt.com\/de\/#\/schema\/person\/5158877ad4acae98b34daaeef2a1ce6e"},"headline":"Eine Begegnung mit dem Papst: Internationaler Kongress f\u00fcr Jugendpastoral","datePublished":"2024-07-01T13:47:23+00:00","dateModified":"2025-05-15T17:32:47+00:00","mainEntityOfPage":{"@id":"https:\/\/schoenstatt.com\/de\/eine-begegnung-mit-dem-papst-internationaler-kongress-fuer-jugendpastoral\/"},"wordCount":918,"publisher":{"@id":"https:\/\/schoenstatt.com\/de\/#organization"},"image":{"@id":"https:\/\/schoenstatt.com\/de\/eine-begegnung-mit-dem-papst-internationaler-kongress-fuer-jugendpastoral\/#primaryimage"},"thumbnailUrl":"https:\/\/schoenstatt.com\/wp-content\/uploads\/2024\/07\/pope-papa-papst-frau-rosana-silva-1.jpg","articleSection":["Jugend","Kirche"],"inLanguage":"de"},{"@type":"WebPage","@id":"https:\/\/schoenstatt.com\/de\/eine-begegnung-mit-dem-papst-internationaler-kongress-fuer-jugendpastoral\/","url":"https:\/\/schoenstatt.com\/de\/eine-begegnung-mit-dem-papst-internationaler-kongress-fuer-jugendpastoral\/","name":"Eine Begegnung mit dem Papst: Internationaler Kongress f\u00fcr Jugendpastoral - Schoenstatt","isPartOf":{"@id":"https:\/\/schoenstatt.com\/de\/#website"},"primaryImageOfPage":{"@id":"https:\/\/schoenstatt.com\/de\/eine-begegnung-mit-dem-papst-internationaler-kongress-fuer-jugendpastoral\/#primaryimage"},"image":{"@id":"https:\/\/schoenstatt.com\/de\/eine-begegnung-mit-dem-papst-internationaler-kongress-fuer-jugendpastoral\/#primaryimage"},"thumbnailUrl":"https:\/\/schoenstatt.com\/wp-content\/uploads\/2024\/07\/pope-papa-papst-frau-rosana-silva-1.jpg","datePublished":"2024-07-01T13:47:23+00:00","dateModified":"2025-05-15T17:32:47+00:00","description":"Zwei Vertreter der Sch\u00f6nstattbewegung aus Portugal nahmen am Internationalen Jugendpastoralkongress in Rom teil.","breadcrumb":{"@id":"https:\/\/schoenstatt.com\/de\/eine-begegnung-mit-dem-papst-internationaler-kongress-fuer-jugendpastoral\/#breadcrumb"},"inLanguage":"de","potentialAction":[{"@type":"ReadAction","target":["https:\/\/schoenstatt.com\/de\/eine-begegnung-mit-dem-papst-internationaler-kongress-fuer-jugendpastoral\/"]}]},{"@type":"ImageObject","inLanguage":"de","@id":"https:\/\/schoenstatt.com\/de\/eine-begegnung-mit-dem-papst-internationaler-kongress-fuer-jugendpastoral\/#primaryimage","url":"https:\/\/schoenstatt.com\/wp-content\/uploads\/2024\/07\/pope-papa-papst-frau-rosana-silva-1.jpg","contentUrl":"https:\/\/schoenstatt.com\/wp-content\/uploads\/2024\/07\/pope-papa-papst-frau-rosana-silva-1.jpg","width":1600,"height":1066,"caption":"Mrs. Rosana with Pope Francis"},{"@type":"BreadcrumbList","@id":"https:\/\/schoenstatt.com\/de\/eine-begegnung-mit-dem-papst-internationaler-kongress-fuer-jugendpastoral\/#breadcrumb","itemListElement":[{"@type":"ListItem","position":1,"name":"Portada","item":"https:\/\/schoenstatt.com\/de\/home\/"},{"@type":"ListItem","position":2,"name":"Eine Begegnung mit dem Papst: Internationaler Kongress f\u00fcr Jugendpastoral"}]},{"@type":"WebSite","@id":"https:\/\/schoenstatt.com\/de\/#website","url":"https:\/\/schoenstatt.com\/de\/","name":"Schoenstatt","description":"Apostolic Movement","publisher":{"@id":"https:\/\/schoenstatt.com\/de\/#organization"},"potentialAction":[{"@type":"SearchAction","target":{"@type":"EntryPoint","urlTemplate":"https:\/\/schoenstatt.com\/de\/?s={search_term_string}"},"query-input":{"@type":"PropertyValueSpecification","valueRequired":true,"valueName":"search_term_string"}}],"inLanguage":"de"},{"@type":"Organization","@id":"https:\/\/schoenstatt.com\/de\/#organization","name":"Schoenstatt","url":"https:\/\/schoenstatt.com\/de\/","logo":{"@type":"ImageObject","inLanguage":"de","@id":"https:\/\/schoenstatt.com\/de\/#\/schema\/logo\/image\/","url":"https:\/\/schoenstatt.com\/wp-content\/uploads\/2025\/04\/logo-schoenstatt-white-696x696-1.png","contentUrl":"https:\/\/schoenstatt.com\/wp-content\/uploads\/2025\/04\/logo-schoenstatt-white-696x696-1.png","width":696,"height":694,"caption":"Schoenstatt"},"image":{"@id":"https:\/\/schoenstatt.com\/de\/#\/schema\/logo\/image\/"}},{"@type":"Person","@id":"https:\/\/schoenstatt.com\/de\/#\/schema\/person\/5158877ad4acae98b34daaeef2a1ce6e","name":"Karen Bueno","image":{"@type":"ImageObject","inLanguage":"de","@id":"https:\/\/secure.gravatar.com\/avatar\/f9f4b823873154269d2b2130f195f6d41037dd0d7fc5f3cacb5c846bae70d66b?s=96&d=mm&r=g","url":"https:\/\/secure.gravatar.com\/avatar\/f9f4b823873154269d2b2130f195f6d41037dd0d7fc5f3cacb5c846bae70d66b?s=96&d=mm&r=g","contentUrl":"https:\/\/secure.gravatar.com\/avatar\/f9f4b823873154269d2b2130f195f6d41037dd0d7fc5f3cacb5c846bae70d66b?s=96&d=mm&r=g","caption":"Karen Bueno"},"url":"https:\/\/schoenstatt.com\/de\/author\/karen-bueno\/"}]}},"_links":{"self":[{"href":"https:\/\/schoenstatt.com\/de\/wp-json\/wp\/v2\/posts\/40026","targetHints":{"allow":["GET"]}}],"collection":[{"href":"https:\/\/schoenstatt.com\/de\/wp-json\/wp\/v2\/posts"}],"about":[{"href":"https:\/\/schoenstatt.com\/de\/wp-json\/wp\/v2\/types\/post"}],"author":[{"embeddable":true,"href":"https:\/\/schoenstatt.com\/de\/wp-json\/wp\/v2\/users\/3"}],"replies":[{"embeddable":true,"href":"https:\/\/schoenstatt.com\/de\/wp-json\/wp\/v2\/comments?post=40026"}],"version-history":[{"count":1,"href":"https:\/\/schoenstatt.com\/de\/wp-json\/wp\/v2\/posts\/40026\/revisions"}],"predecessor-version":[{"id":46858,"href":"https:\/\/schoenstatt.com\/de\/wp-json\/wp\/v2\/posts\/40026\/revisions\/46858"}],"wp:featuredmedia":[{"embeddable":true,"href":"https:\/\/schoenstatt.com\/de\/wp-json\/wp\/v2\/media\/40008"}],"wp:attachment":[{"href":"https:\/\/schoenstatt.com\/de\/wp-json\/wp\/v2\/media?parent=40026"}],"wp:term":[{"taxonomy":"category","embeddable":true,"href":"https:\/\/schoenstatt.com\/de\/wp-json\/wp\/v2\/categories?post=40026"},{"taxonomy":"post_tag","embeddable":true,"href":"https:\/\/schoenstatt.com\/de\/wp-json\/wp\/v2\/tags?post=40026"}],"curies":[{"name":"wp","href":"https:\/\/api.w.org\/{rel}","templated":true}]}}