{"id":35635,"date":"2024-05-18T06:42:34","date_gmt":"2024-05-18T04:42:34","guid":{"rendered":"https:\/\/schoenstatt.com\/?p=35635"},"modified":"2025-05-15T20:33:53","modified_gmt":"2025-05-15T18:33:53","slug":"wir-erneuern-das-liebesbundnis-im-licht-des-31-mai","status":"publish","type":"post","link":"https:\/\/schoenstatt.com\/de\/wir-erneuern-das-liebesbundnis-im-licht-des-31-mai\/","title":{"rendered":"Wir erneuern das Liebesb\u00fcndnis im Licht des 31. Mai"},"content":{"rendered":"<p>Liebe weltweite Sch\u00f6nstattfamilie,<\/p>\n<p>Besonders herzlichen Gl\u00fcckwunsch zur Feier des <a href=\"https:\/\/schoenstatt.com\/de\/about\/spiritualitaet\/das-liebesbuendnis\/\">B\u00fcndnistages<\/a> in diesem Jubil\u00e4umsmonat Mai 2024.<\/p>\n<p>Mit Dankbarkeit, Freude und neuem Nachdenken gehen unsere Gedanken gemeinsam nach Bellavista zum Jubil\u00e4um des <a href=\"https:\/\/jubileo31demayo.schoenstatt.c\" target=\"_blank\" rel=\"noopener\">31. Mai.<\/a> Dieser dritte Meilenstein betrifft uns alle weltweit und wir freuen uns mit allen, die vor Ort bei dem Fest dabei sein k\u00f6nnen.<\/p>\n<h2>Eine aktuelle Mission, die von uns abh\u00e4ngt<\/h2>\n<p>Das vorbereitete Programm und manch andere Veranstaltung am Ursprungsort und in unseren L\u00e4ndern fragt nach der heutigen Bedeutung dieses Meilensteins. P. Kentenich hat nicht umsonst seine wachen Gedanken und auch prophetischen Worte in diesen langen Brief der Epistola perlonga geschrieben.<\/p>\n<p>Dabei besch\u00e4ftigt uns heute sicherlich nicht nur der erste Teil, den er in Santiago als erste Antwort auf den bisch\u00f6flichen Visitationsbericht verfasst hat. Unter Anteilnahme von Marienschwestern feierte unser Gr\u00fcnder am 31. Mai 1949 den Maiabschlu\u00df und legte sein Schreiben auf den Altar des noch nicht ganz fertig gebauten Heiligtums in Bellavista. In seiner Ansprache an die Schwestern betonte er, dass die Seiten, die jetzt auf dem Altar liegen, nicht zuletzt durch ihr betendes Mitgehen entstanden sind.<\/p>\n<p>Was unser Vater in dieser Stunde mit den Schwestern vollzieht, ist ein Austausch an Hilflosigkeiten im festen Vertrauen auf die Treue der Gottesmutter. Menschlich gesehen ist damit zu rechnen, dass der Versuch einer Entgegnung missgl\u00fcckt und Emp\u00f6rung hervorrufen wird. Der Gr\u00fcnder wei\u00df sich deutlich herausgerufen, zu \u201eTodessprung auf Todessprung\u201c und \u00fcbergibt alles der Gottesmutter. Sie wird sich verherrlichen. Doch das wird nur unter Mitwirkung der Menschen, die sich von ihr erziehen lassen, gut gehen. Das Ineinander aller im Liebesb\u00fcndnis erfordert Treue und gemeinsame Schritte.<\/p>\n<p><img fetchpriority=\"high\" decoding=\"async\" class=\"aligncenter wp-image-33754 \" src=\"https:\/\/schoenstatt.com\/wp-content\/uploads\/2023\/11\/jubileu-31-de-mayo-2024-logo.jpg\" alt=\"\" width=\"730\" height=\"380\" \/><\/p>\n<h3>Ineinander, miteinander, f\u00fcreinander<\/h3>\n<p>Es ist bezeichnend und passend, dass die Vorbereitungsgruppe f\u00fcr das Jubil\u00e4um die Schlussworte aus dieser Ansprache an die Schwestern zum Motto nimmt. Der feste Wille ist, einander treu zu bleiben auf dem Alltagsweg zu Gott und deshalb: <em>ineinander, miteinander, f\u00fcreinander<\/em> \u2013 wie es das Leitwort sagt.<\/p>\n<p>Freilich ist zu alledem aus heutiger Perspektive neues Nachdenken n\u00f6tig zur Umsetzung der Anliegen, die P. Kentenich in seinem f\u00fcnfteiligen Brief aufwirft. Darum ist es weltweit wichtig, sich miteinander die Bedeutung dieses Meilensteines bewusst zu machen und in der jeweiligen Kultur Umsetzungsschritte einzuleiten.<\/p>\n<h3>Dieses Jubil\u00e4um hat wirklich Bedeutung f\u00fcr uns<\/h3>\n<p>Uns als Institut der Frauen von Sch\u00f6nstatt ist es deshalb auch wichtig, dass mit dem Jubil\u00e4um wieder ein Kreuz der Einheit ins Coenaculum nach Bellavista kommt. Wir hatten dem chilenischen Landespr\u00e4sidium versprochen, mitzubeten und mitzuhelfen, dass der Verlust des geraubten Kreuzes, mit einem neuen Kreuz ein Ende findet. Spielt das Kreuz der Einheit doch gerade f\u00fcr dieses Heiligtum geschichtlich eine so wichtige Rolle.<\/p>\n<p>Wissend, dass im Miteinander viele das gleiche Anliegen hatten, waren wir doch \u00fcberrascht, dass unsere Gemeinschaft, der unser Vater und Gr\u00fcnder das Originalkreuz geschenkt hat &#8211; wie damals \u2013 jetzt das neue Kreuz schenken darf. Deshalb sollte es nicht irgendein Kreuz sein, sondern m\u00f6glichst wieder eine der ersten Kopien des Originalkreuzes. So schenken wir zum Jubil\u00e4um ein Kreuz der Einheit, das bis 1976 in Afrika war. Es wurde wohl im Umkreis der ersten Kopie f\u00fcr Bellavista f\u00fcr unsere damalige Gemeinschaft in Tansania gemacht. Damit hat dieses Jubil\u00e4um wirklich Bedeutung f\u00fcr uns: Christus wird in Einheit mit der Gottesmutter Sorge tragen, dass die Sendung Sch\u00f6nstatts f\u00fcr die Kirche und Welt heute fruchtbar wird. Wir freuen uns, dass seit Monaten dieses Kreuz nun durch alle wichtigen Orte in Chile wandert, um dann in Freude und Dankbarkeit als gemeinsames Geschenk ins Heiligtum zu kommen.<\/p>\n<p>Dazu w\u00fcnsche ich uns in aller Welt Freude und Zuversicht, vor allem aber auch Treue zu dem, was unserem Vater wichtig war und ist.<\/p>\n<p>Dr. Gertrud Pollak,<br \/>\nGeneraloberin der Frauen von Sch\u00f6nstatt und Mitglied im Generalpr\u00e4sidium<\/p>\n","protected":false},"excerpt":{"rendered":"<p>Das Jubil\u00e4um des 31. Mai ist eine Herausforderung f\u00fcr alle, die Sendung Sch\u00f6nstatts im Heute zu leben. Stellen wir uns dieser Aufgabe!?<\/p>\n","protected":false},"author":3,"featured_media":32416,"comment_status":"closed","ping_status":"closed","sticky":false,"template":"","format":"standard","meta":{"footnotes":""},"categories":[914],"tags":[],"class_list":["post-35635","post","type-post","status-publish","format-standard","has-post-thumbnail","hentry","category-spiritualitat-de"],"yoast_head":"<!-- This site is optimized with the Yoast SEO Premium plugin v27.4 (Yoast SEO v27.5) - https:\/\/yoast.com\/product\/yoast-seo-premium-wordpress\/ -->\n<title>Wir erneuern das Liebesb\u00fcndnis im Licht des 31. Mai<\/title>\n<meta name=\"description\" content=\"Die Sendung Sch\u00f6nstatts h\u00e4ngt von uns ab, sie zu verwirklichen und mit Mut und Liebe zu leben. Nimmst du die Herausforderung an?\" \/>\n<meta name=\"robots\" content=\"index, follow, max-snippet:-1, max-image-preview:large, max-video-preview:-1\" \/>\n<link rel=\"canonical\" href=\"https:\/\/schoenstatt.com\/de\/wir-erneuern-das-liebesbundnis-im-licht-des-31-mai\/\" \/>\n<meta property=\"og:locale\" content=\"de_DE\" \/>\n<meta property=\"og:type\" content=\"article\" \/>\n<meta property=\"og:title\" content=\"Wir erneuern das Liebesb\u00fcndnis im Licht des 31. Mai\" \/>\n<meta property=\"og:description\" content=\"Die Sendung Sch\u00f6nstatts h\u00e4ngt von uns ab, sie zu verwirklichen und mit Mut und Liebe zu leben. Nimmst du die Herausforderung an?\" \/>\n<meta property=\"og:url\" content=\"https:\/\/schoenstatt.com\/de\/wir-erneuern-das-liebesbundnis-im-licht-des-31-mai\/\" \/>\n<meta property=\"og:site_name\" content=\"Schoenstatt\" \/>\n<meta property=\"article:published_time\" content=\"2024-05-18T04:42:34+00:00\" \/>\n<meta property=\"article:modified_time\" content=\"2025-05-15T18:33:53+00:00\" \/>\n<meta property=\"og:image\" content=\"https:\/\/schoenstatt.com\/wp-content\/uploads\/2023\/09\/cruz-de-la-unidad-Unity-Cross-schoenstatt-1.jpg\" \/>\n\t<meta property=\"og:image:width\" content=\"1536\" \/>\n\t<meta property=\"og:image:height\" content=\"2048\" \/>\n\t<meta property=\"og:image:type\" content=\"image\/jpeg\" \/>\n<meta name=\"author\" content=\"Karen Bueno\" \/>\n<meta name=\"twitter:card\" content=\"summary_large_image\" \/>\n<meta name=\"twitter:label1\" content=\"Verfasst von\" \/>\n\t<meta name=\"twitter:data1\" content=\"Karen Bueno\" \/>\n\t<meta name=\"twitter:label2\" content=\"Gesch\u00e4tzte Lesezeit\" \/>\n\t<meta name=\"twitter:data2\" content=\"3\u00a0Minuten\" \/>\n<script type=\"application\/ld+json\" class=\"yoast-schema-graph\">{\"@context\":\"https:\\\/\\\/schema.org\",\"@graph\":[{\"@type\":\"Article\",\"@id\":\"https:\\\/\\\/schoenstatt.com\\\/de\\\/wir-erneuern-das-liebesbundnis-im-licht-des-31-mai\\\/#article\",\"isPartOf\":{\"@id\":\"https:\\\/\\\/schoenstatt.com\\\/de\\\/wir-erneuern-das-liebesbundnis-im-licht-des-31-mai\\\/\"},\"author\":{\"name\":\"Karen Bueno\",\"@id\":\"https:\\\/\\\/schoenstatt.com\\\/de\\\/#\\\/schema\\\/person\\\/5158877ad4acae98b34daaeef2a1ce6e\"},\"headline\":\"Wir erneuern das Liebesb\u00fcndnis im Licht des 31. Mai\",\"datePublished\":\"2024-05-18T04:42:34+00:00\",\"dateModified\":\"2025-05-15T18:33:53+00:00\",\"mainEntityOfPage\":{\"@id\":\"https:\\\/\\\/schoenstatt.com\\\/de\\\/wir-erneuern-das-liebesbundnis-im-licht-des-31-mai\\\/\"},\"wordCount\":642,\"publisher\":{\"@id\":\"https:\\\/\\\/schoenstatt.com\\\/de\\\/#organization\"},\"image\":{\"@id\":\"https:\\\/\\\/schoenstatt.com\\\/de\\\/wir-erneuern-das-liebesbundnis-im-licht-des-31-mai\\\/#primaryimage\"},\"thumbnailUrl\":\"https:\\\/\\\/schoenstatt.com\\\/wp-content\\\/uploads\\\/2023\\\/09\\\/cruz-de-la-unidad-Unity-Cross-schoenstatt-1.jpg\",\"articleSection\":[\"Spiritualit\u00e4t\"],\"inLanguage\":\"de\"},{\"@type\":\"WebPage\",\"@id\":\"https:\\\/\\\/schoenstatt.com\\\/de\\\/wir-erneuern-das-liebesbundnis-im-licht-des-31-mai\\\/\",\"url\":\"https:\\\/\\\/schoenstatt.com\\\/de\\\/wir-erneuern-das-liebesbundnis-im-licht-des-31-mai\\\/\",\"name\":\"Wir erneuern das Liebesb\u00fcndnis im Licht des 31. Mai\",\"isPartOf\":{\"@id\":\"https:\\\/\\\/schoenstatt.com\\\/de\\\/#website\"},\"primaryImageOfPage\":{\"@id\":\"https:\\\/\\\/schoenstatt.com\\\/de\\\/wir-erneuern-das-liebesbundnis-im-licht-des-31-mai\\\/#primaryimage\"},\"image\":{\"@id\":\"https:\\\/\\\/schoenstatt.com\\\/de\\\/wir-erneuern-das-liebesbundnis-im-licht-des-31-mai\\\/#primaryimage\"},\"thumbnailUrl\":\"https:\\\/\\\/schoenstatt.com\\\/wp-content\\\/uploads\\\/2023\\\/09\\\/cruz-de-la-unidad-Unity-Cross-schoenstatt-1.jpg\",\"datePublished\":\"2024-05-18T04:42:34+00:00\",\"dateModified\":\"2025-05-15T18:33:53+00:00\",\"description\":\"Die Sendung Sch\u00f6nstatts h\u00e4ngt von uns ab, sie zu verwirklichen und mit Mut und Liebe zu leben. Nimmst du die Herausforderung an?\",\"breadcrumb\":{\"@id\":\"https:\\\/\\\/schoenstatt.com\\\/de\\\/wir-erneuern-das-liebesbundnis-im-licht-des-31-mai\\\/#breadcrumb\"},\"inLanguage\":\"de\",\"potentialAction\":[{\"@type\":\"ReadAction\",\"target\":[\"https:\\\/\\\/schoenstatt.com\\\/de\\\/wir-erneuern-das-liebesbundnis-im-licht-des-31-mai\\\/\"]}]},{\"@type\":\"ImageObject\",\"inLanguage\":\"de\",\"@id\":\"https:\\\/\\\/schoenstatt.com\\\/de\\\/wir-erneuern-das-liebesbundnis-im-licht-des-31-mai\\\/#primaryimage\",\"url\":\"https:\\\/\\\/schoenstatt.com\\\/wp-content\\\/uploads\\\/2023\\\/09\\\/cruz-de-la-unidad-Unity-Cross-schoenstatt-1.jpg\",\"contentUrl\":\"https:\\\/\\\/schoenstatt.com\\\/wp-content\\\/uploads\\\/2023\\\/09\\\/cruz-de-la-unidad-Unity-Cross-schoenstatt-1.jpg\",\"width\":1536,\"height\":2048},{\"@type\":\"BreadcrumbList\",\"@id\":\"https:\\\/\\\/schoenstatt.com\\\/de\\\/wir-erneuern-das-liebesbundnis-im-licht-des-31-mai\\\/#breadcrumb\",\"itemListElement\":[{\"@type\":\"ListItem\",\"position\":1,\"name\":\"Portada\",\"item\":\"https:\\\/\\\/schoenstatt.com\\\/de\\\/home\\\/\"},{\"@type\":\"ListItem\",\"position\":2,\"name\":\"Wir erneuern das Liebesb\u00fcndnis im Licht des 31. Mai\"}]},{\"@type\":\"WebSite\",\"@id\":\"https:\\\/\\\/schoenstatt.com\\\/de\\\/#website\",\"url\":\"https:\\\/\\\/schoenstatt.com\\\/de\\\/\",\"name\":\"Schoenstatt\",\"description\":\"Apostolic Movement\",\"publisher\":{\"@id\":\"https:\\\/\\\/schoenstatt.com\\\/de\\\/#organization\"},\"potentialAction\":[{\"@type\":\"SearchAction\",\"target\":{\"@type\":\"EntryPoint\",\"urlTemplate\":\"https:\\\/\\\/schoenstatt.com\\\/de\\\/?s={search_term_string}\"},\"query-input\":{\"@type\":\"PropertyValueSpecification\",\"valueRequired\":true,\"valueName\":\"search_term_string\"}}],\"inLanguage\":\"de\"},{\"@type\":\"Organization\",\"@id\":\"https:\\\/\\\/schoenstatt.com\\\/de\\\/#organization\",\"name\":\"Schoenstatt\",\"url\":\"https:\\\/\\\/schoenstatt.com\\\/de\\\/\",\"logo\":{\"@type\":\"ImageObject\",\"inLanguage\":\"de\",\"@id\":\"https:\\\/\\\/schoenstatt.com\\\/de\\\/#\\\/schema\\\/logo\\\/image\\\/\",\"url\":\"https:\\\/\\\/schoenstatt.com\\\/wp-content\\\/uploads\\\/2025\\\/04\\\/logo-schoenstatt-white-696x696-1.png\",\"contentUrl\":\"https:\\\/\\\/schoenstatt.com\\\/wp-content\\\/uploads\\\/2025\\\/04\\\/logo-schoenstatt-white-696x696-1.png\",\"width\":696,\"height\":694,\"caption\":\"Schoenstatt\"},\"image\":{\"@id\":\"https:\\\/\\\/schoenstatt.com\\\/de\\\/#\\\/schema\\\/logo\\\/image\\\/\"}},{\"@type\":\"Person\",\"@id\":\"https:\\\/\\\/schoenstatt.com\\\/de\\\/#\\\/schema\\\/person\\\/5158877ad4acae98b34daaeef2a1ce6e\",\"name\":\"Karen Bueno\",\"image\":{\"@type\":\"ImageObject\",\"inLanguage\":\"de\",\"@id\":\"https:\\\/\\\/secure.gravatar.com\\\/avatar\\\/f9f4b823873154269d2b2130f195f6d41037dd0d7fc5f3cacb5c846bae70d66b?s=96&d=mm&r=g\",\"url\":\"https:\\\/\\\/secure.gravatar.com\\\/avatar\\\/f9f4b823873154269d2b2130f195f6d41037dd0d7fc5f3cacb5c846bae70d66b?s=96&d=mm&r=g\",\"contentUrl\":\"https:\\\/\\\/secure.gravatar.com\\\/avatar\\\/f9f4b823873154269d2b2130f195f6d41037dd0d7fc5f3cacb5c846bae70d66b?s=96&d=mm&r=g\",\"caption\":\"Karen Bueno\"},\"url\":\"https:\\\/\\\/schoenstatt.com\\\/de\\\/author\\\/karen-bueno\\\/\"}]}<\/script>\n<!-- \/ Yoast SEO Premium plugin. -->","yoast_head_json":{"title":"Wir erneuern das Liebesb\u00fcndnis im Licht des 31. Mai","description":"Die Sendung Sch\u00f6nstatts h\u00e4ngt von uns ab, sie zu verwirklichen und mit Mut und Liebe zu leben. Nimmst du die Herausforderung an?","robots":{"index":"index","follow":"follow","max-snippet":"max-snippet:-1","max-image-preview":"max-image-preview:large","max-video-preview":"max-video-preview:-1"},"canonical":"https:\/\/schoenstatt.com\/de\/wir-erneuern-das-liebesbundnis-im-licht-des-31-mai\/","og_locale":"de_DE","og_type":"article","og_title":"Wir erneuern das Liebesb\u00fcndnis im Licht des 31. Mai","og_description":"Die Sendung Sch\u00f6nstatts h\u00e4ngt von uns ab, sie zu verwirklichen und mit Mut und Liebe zu leben. Nimmst du die Herausforderung an?","og_url":"https:\/\/schoenstatt.com\/de\/wir-erneuern-das-liebesbundnis-im-licht-des-31-mai\/","og_site_name":"Schoenstatt","article_published_time":"2024-05-18T04:42:34+00:00","article_modified_time":"2025-05-15T18:33:53+00:00","og_image":[{"width":1536,"height":2048,"url":"https:\/\/schoenstatt.com\/wp-content\/uploads\/2023\/09\/cruz-de-la-unidad-Unity-Cross-schoenstatt-1.jpg","type":"image\/jpeg"}],"author":"Karen Bueno","twitter_card":"summary_large_image","twitter_misc":{"Verfasst von":"Karen Bueno","Gesch\u00e4tzte Lesezeit":"3\u00a0Minuten"},"schema":{"@context":"https:\/\/schema.org","@graph":[{"@type":"Article","@id":"https:\/\/schoenstatt.com\/de\/wir-erneuern-das-liebesbundnis-im-licht-des-31-mai\/#article","isPartOf":{"@id":"https:\/\/schoenstatt.com\/de\/wir-erneuern-das-liebesbundnis-im-licht-des-31-mai\/"},"author":{"name":"Karen Bueno","@id":"https:\/\/schoenstatt.com\/de\/#\/schema\/person\/5158877ad4acae98b34daaeef2a1ce6e"},"headline":"Wir erneuern das Liebesb\u00fcndnis im Licht des 31. Mai","datePublished":"2024-05-18T04:42:34+00:00","dateModified":"2025-05-15T18:33:53+00:00","mainEntityOfPage":{"@id":"https:\/\/schoenstatt.com\/de\/wir-erneuern-das-liebesbundnis-im-licht-des-31-mai\/"},"wordCount":642,"publisher":{"@id":"https:\/\/schoenstatt.com\/de\/#organization"},"image":{"@id":"https:\/\/schoenstatt.com\/de\/wir-erneuern-das-liebesbundnis-im-licht-des-31-mai\/#primaryimage"},"thumbnailUrl":"https:\/\/schoenstatt.com\/wp-content\/uploads\/2023\/09\/cruz-de-la-unidad-Unity-Cross-schoenstatt-1.jpg","articleSection":["Spiritualit\u00e4t"],"inLanguage":"de"},{"@type":"WebPage","@id":"https:\/\/schoenstatt.com\/de\/wir-erneuern-das-liebesbundnis-im-licht-des-31-mai\/","url":"https:\/\/schoenstatt.com\/de\/wir-erneuern-das-liebesbundnis-im-licht-des-31-mai\/","name":"Wir erneuern das Liebesb\u00fcndnis im Licht des 31. Mai","isPartOf":{"@id":"https:\/\/schoenstatt.com\/de\/#website"},"primaryImageOfPage":{"@id":"https:\/\/schoenstatt.com\/de\/wir-erneuern-das-liebesbundnis-im-licht-des-31-mai\/#primaryimage"},"image":{"@id":"https:\/\/schoenstatt.com\/de\/wir-erneuern-das-liebesbundnis-im-licht-des-31-mai\/#primaryimage"},"thumbnailUrl":"https:\/\/schoenstatt.com\/wp-content\/uploads\/2023\/09\/cruz-de-la-unidad-Unity-Cross-schoenstatt-1.jpg","datePublished":"2024-05-18T04:42:34+00:00","dateModified":"2025-05-15T18:33:53+00:00","description":"Die Sendung Sch\u00f6nstatts h\u00e4ngt von uns ab, sie zu verwirklichen und mit Mut und Liebe zu leben. Nimmst du die Herausforderung an?","breadcrumb":{"@id":"https:\/\/schoenstatt.com\/de\/wir-erneuern-das-liebesbundnis-im-licht-des-31-mai\/#breadcrumb"},"inLanguage":"de","potentialAction":[{"@type":"ReadAction","target":["https:\/\/schoenstatt.com\/de\/wir-erneuern-das-liebesbundnis-im-licht-des-31-mai\/"]}]},{"@type":"ImageObject","inLanguage":"de","@id":"https:\/\/schoenstatt.com\/de\/wir-erneuern-das-liebesbundnis-im-licht-des-31-mai\/#primaryimage","url":"https:\/\/schoenstatt.com\/wp-content\/uploads\/2023\/09\/cruz-de-la-unidad-Unity-Cross-schoenstatt-1.jpg","contentUrl":"https:\/\/schoenstatt.com\/wp-content\/uploads\/2023\/09\/cruz-de-la-unidad-Unity-Cross-schoenstatt-1.jpg","width":1536,"height":2048},{"@type":"BreadcrumbList","@id":"https:\/\/schoenstatt.com\/de\/wir-erneuern-das-liebesbundnis-im-licht-des-31-mai\/#breadcrumb","itemListElement":[{"@type":"ListItem","position":1,"name":"Portada","item":"https:\/\/schoenstatt.com\/de\/home\/"},{"@type":"ListItem","position":2,"name":"Wir erneuern das Liebesb\u00fcndnis im Licht des 31. Mai"}]},{"@type":"WebSite","@id":"https:\/\/schoenstatt.com\/de\/#website","url":"https:\/\/schoenstatt.com\/de\/","name":"Schoenstatt","description":"Apostolic Movement","publisher":{"@id":"https:\/\/schoenstatt.com\/de\/#organization"},"potentialAction":[{"@type":"SearchAction","target":{"@type":"EntryPoint","urlTemplate":"https:\/\/schoenstatt.com\/de\/?s={search_term_string}"},"query-input":{"@type":"PropertyValueSpecification","valueRequired":true,"valueName":"search_term_string"}}],"inLanguage":"de"},{"@type":"Organization","@id":"https:\/\/schoenstatt.com\/de\/#organization","name":"Schoenstatt","url":"https:\/\/schoenstatt.com\/de\/","logo":{"@type":"ImageObject","inLanguage":"de","@id":"https:\/\/schoenstatt.com\/de\/#\/schema\/logo\/image\/","url":"https:\/\/schoenstatt.com\/wp-content\/uploads\/2025\/04\/logo-schoenstatt-white-696x696-1.png","contentUrl":"https:\/\/schoenstatt.com\/wp-content\/uploads\/2025\/04\/logo-schoenstatt-white-696x696-1.png","width":696,"height":694,"caption":"Schoenstatt"},"image":{"@id":"https:\/\/schoenstatt.com\/de\/#\/schema\/logo\/image\/"}},{"@type":"Person","@id":"https:\/\/schoenstatt.com\/de\/#\/schema\/person\/5158877ad4acae98b34daaeef2a1ce6e","name":"Karen Bueno","image":{"@type":"ImageObject","inLanguage":"de","@id":"https:\/\/secure.gravatar.com\/avatar\/f9f4b823873154269d2b2130f195f6d41037dd0d7fc5f3cacb5c846bae70d66b?s=96&d=mm&r=g","url":"https:\/\/secure.gravatar.com\/avatar\/f9f4b823873154269d2b2130f195f6d41037dd0d7fc5f3cacb5c846bae70d66b?s=96&d=mm&r=g","contentUrl":"https:\/\/secure.gravatar.com\/avatar\/f9f4b823873154269d2b2130f195f6d41037dd0d7fc5f3cacb5c846bae70d66b?s=96&d=mm&r=g","caption":"Karen Bueno"},"url":"https:\/\/schoenstatt.com\/de\/author\/karen-bueno\/"}]}},"_links":{"self":[{"href":"https:\/\/schoenstatt.com\/de\/wp-json\/wp\/v2\/posts\/35635","targetHints":{"allow":["GET"]}}],"collection":[{"href":"https:\/\/schoenstatt.com\/de\/wp-json\/wp\/v2\/posts"}],"about":[{"href":"https:\/\/schoenstatt.com\/de\/wp-json\/wp\/v2\/types\/post"}],"author":[{"embeddable":true,"href":"https:\/\/schoenstatt.com\/de\/wp-json\/wp\/v2\/users\/3"}],"replies":[{"embeddable":true,"href":"https:\/\/schoenstatt.com\/de\/wp-json\/wp\/v2\/comments?post=35635"}],"version-history":[{"count":1,"href":"https:\/\/schoenstatt.com\/de\/wp-json\/wp\/v2\/posts\/35635\/revisions"}],"predecessor-version":[{"id":46835,"href":"https:\/\/schoenstatt.com\/de\/wp-json\/wp\/v2\/posts\/35635\/revisions\/46835"}],"wp:featuredmedia":[{"embeddable":true,"href":"https:\/\/schoenstatt.com\/de\/wp-json\/wp\/v2\/media\/32416"}],"wp:attachment":[{"href":"https:\/\/schoenstatt.com\/de\/wp-json\/wp\/v2\/media?parent=35635"}],"wp:term":[{"taxonomy":"category","embeddable":true,"href":"https:\/\/schoenstatt.com\/de\/wp-json\/wp\/v2\/categories?post=35635"},{"taxonomy":"post_tag","embeddable":true,"href":"https:\/\/schoenstatt.com\/de\/wp-json\/wp\/v2\/tags?post=35635"}],"curies":[{"name":"wp","href":"https:\/\/api.w.org\/{rel}","templated":true}]}}