{"id":35624,"date":"2024-05-09T20:04:18","date_gmt":"2024-05-09T18:04:18","guid":{"rendered":"https:\/\/schoenstatt.com\/spiritualitat\/papa-proclama-a-bula-do-ano-santo-de-2025\/"},"modified":"2025-05-15T20:07:07","modified_gmt":"2025-05-15T18:07:07","slug":"papst-verkundet-bulle-fur-das-heilige-jahr-2025","status":"publish","type":"post","link":"https:\/\/schoenstatt.com\/de\/papst-verkundet-bulle-fur-das-heilige-jahr-2025\/","title":{"rendered":"Papst verk\u00fcndet Bulle f\u00fcr das Heilige Jahr 2025"},"content":{"rendered":"<p>Verk\u00fcndigungsbulle f\u00fcr das Heilige Jahr 2025. Unter dem Motto \u201ePilger der Hoffnung\u201c machen sich Gl\u00e4ubige aus aller Welt f\u00fcr das Jubeljahr nach Rom auf oder begehen das Jubil\u00e4um in ihren Ortskirchen.<\/p>\n<h3>Im Zeichen der Hoffnung<\/h3>\n<p>\u201eM\u00f6ge das Heilige Jahr f\u00fcr alle Gelegenheit sein, die Hoffnung wieder aufleben zu lassen\u201c &#8211; w\u00fcnscht ihnen der Papst und erinnert an die Kraft aus dem Glauben &#8211; \u201edas Wort Gottes hilft uns, Gr\u00fcnde daf\u00fcr zu finden\u201c. Diese Hoffnung sei unersch\u00fctterlich, nichts k\u00f6nne uns von der Liebe Gottes trennen, bekr\u00e4ftigt Franziskus (vgl. R\u00f6m 8,35.37-39).<\/p>\n<p style=\"text-align: center;\"><a class=\"fasc-button fasc-size-medium fasc-type-flat fasc-ico-before dashicons-arrow-right fasc-style-bold\" style=\"background-color: #283580; color: #ffffff;\" target=\"_blank\" rel=\"noopener\" href=\"https:\/\/press.vatican.va\/content\/salastampa\/it\/bollettino\/pubblico\/2024\/05\/09\/0374\/00781.html#ted\">Vollst\u00e4ndige Bulle<\/a><\/p>\n<p>Eng mit Hoffnung verbunden ist eine weitere Tugend &#8211; Geduld, wie es in der Verk\u00fcndigungsbulle weiter hei\u00dft. In der schnelllebigen Welt, in der alles nah und verf\u00fcgbar scheint und gleichzeitig Vereinzelung herrscht, gelte es Geduld als \u201eFrucht des Heiligen Geistes\u201c wiederzuentdecken, die Hoffnung \u201eals Tugend und Lebensweise konsolidiert\u201c.<\/p>\n<p>Das Heilige Jahr startet \u2013 so ist der Bulle zu entnehmen \u2013 am 24. Dezember 2024 mit der \u00d6ffnung der Heiligen Pforte am Petersdom und endet am 6. Januar 2026 mit Schlie\u00dfung derselben durch Franziskus. Der Papst ist es auch, der die Heiligen Pforten der anderen Papstbasiliken in Rom \u00f6ffnen wird: die Pforte der Lateranbasilika am 29. Dezember 2024, die von Santa Maria Maggiore am 1. Januar 2025 und die von Sankt Paul vor den Mauern am 5. Januar 2025. Geschlossen werden diese drei Pforten am 28. Dezember 2025, einige Tage vor Abschluss des Jubeljahrs.<\/p>\n<p>Der Papst verf\u00fcgt, dass Di\u00f6zesanbisch\u00f6fe am 29. Dezember 2024 in allen Kathedralen und Ko-Kathedralen die Heilige Eucharistie als feierliche Er\u00f6ffnung des Jubil\u00e4umsjahres nach dem Ritual feiern, das f\u00fcr diesen Anla\u00df vorbereitet wird. Bei der Feier in der Kirche der Co-Kathedrale kann der Bischof durch einen von ihm bestimmten Delegierten vertreten werden.<\/p>\n<h3><img fetchpriority=\"high\" decoding=\"async\" class=\"aligncenter wp-image-33784 \" src=\"https:\/\/schoenstatt.com\/wp-content\/uploads\/2023\/11\/Pope-Francis-Papa-Francisco-Papst-Franziskus.jpg\" alt=\"\" width=\"769\" height=\"513\"><\/h3>\n<h3>Ablass<\/h3>\n<p>In der Geschichte haben die Heiligen Jahre die christliche Hoffnung gen\u00e4hrt. Das Heilige Jahr 2025 mit dem Motto \u201ePilger der Hoffnung\u201c kn\u00fcpfe daran an, so Franziskus, der im Jahr 2016 bereits ein au\u00dferordentliches \u201eHeiliges Jahr der Barmherzigkeit\u201c (8. Dezember 2015 bis 20. November 2016) durchf\u00fchren lie\u00df.<\/p>\n<p>F\u00fcr das aktuelle Heilige Jahr werden rund 30 Millionen Besucher erwartet. Wer in dem Zeitraum nach Rom pilgert und dort die sogenannte Heilige Pforte durchschreitet, kann einen Nachlass zeitlicher S\u00fcndenstrafen erhalten. Weltweit finden in dieser Zeit besondere Gebete und Glaubensinitiativen statt; das erste Jubeljahr wurde 1300 von Papst Bonifatius VIII. (1294-1303) ausgerufen.<\/p>\n<figure id=\"attachment_30244\" aria-describedby=\"caption-attachment-30244\" style=\"width: 840px\" class=\"wp-caption aligncenter\"><img decoding=\"async\" class=\"wp-image-30244 size-large\" src=\"https:\/\/schoenstatt.com\/wp-content\/uploads\/2023\/04\/Santuario-Belmonte-1-1024x517.png\" alt=\"Movimento de Schoenstatt It\u00e1lia\" width=\"840\" height=\"424\"><figcaption id=\"caption-attachment-30244\" class=\"wp-caption-text\">Belmonte<\/figcaption><\/figure>\n<h3>Die Forderungen des Papstes<\/h3>\n<p>In der Verk\u00fcndigungsbulle sind in 25 Punkten Bitten, Impulse und konkrete Appelle rund um das Thema Hoffnung formuliert. Franziskus richtet dabei den Blick auf Kranke und Migranten, Alte und Junge, H\u00e4ftlinge und Menschen in Situationen des Krieges und Leids und wendet sich mit konkreten Aufrufen an Verantwortlichen der Staaten und Politik.<\/p>\n<p>F\u00fcr die Welt, \u201edie sich wieder einmal inmitten der Trag\u00f6die des Krieges befindet\u201c, erbittet der Papst Frieden.<\/p>\n<p>Mit Sorge blickt der Papst auf den R\u00fcckgang der Geburtenraten in verschiedenen L\u00e4ndern der Welt. Franziskus fordert mehr Anstrengungen der Staaten und Gesetzgeber, um dem Problem entgegenzuwirken. Auch m\u00fcssten Glaubensgemeinschaften und Zivilgesellschaften zu einer Kultur des Lebens beitragen; statt \u201eleere Wiegen\u201c brauche es das \u201eL\u00e4cheln vieler Jungen und M\u00e4dchen\u201c.<\/p>\n<h3>Beichte und Missionare der Barmherzigkeit<\/h3>\n<p>Der Papst k\u00fcndigt weiter an, dass der Dienst der Missionare der Barmherzigkeit, der w\u00e4hrend des Au\u00dferordentlichen Jubil\u00e4ums eingef\u00fchrt wurde, weitergef\u00fchrt werden soll. Er bittet die Bisch\u00f6fe, sie dorthin zu schicken, wo \u201eHoffnung auf eine harte Probe gestellt\u201c werde wie Gef\u00e4ngnissen, Krankenh\u00e4usern oder Orten verletzter Menschenw\u00fcrde \u2013 um Vergebung und Trost zu spenden.<\/p>\n<h3>Gebetsstationen an Marienwallfahrtsorten<\/h3>\n<p>Franziskus l\u00e4dt auch die Pilger ein, die in die Stadt kommen, um an den Marienheiligt\u00fcmern zu beten, Maria zu verehren und ihren Schutz zu erbitten, damit &#8222;vor allem die Leidenden und Bedr\u00e4ngten die N\u00e4he der liebevollsten aller M\u00fctter erfahren, die ihre Kinder nie verl\u00e4sst, die f\u00fcr das heilige Gottesvolk ein Zeichen der sicheren Hoffnung und des Trostes ist&#8220;.<\/p>\n<p>In diesem Zusammenhang erinnern wir daran, dass es in der Ewigen Stadt zwei Sch\u00f6nstattheiligt\u00fcmer gibt: Cor Ecclesiae und Matri Ecclesiae.<\/p>\n<p><strong>Die Adressen und Kontaktdaten finden Sie hier:<\/strong><\/p>\n<p><strong>&#8211; Cor Ecclesiae-Heiligtum<\/strong><br \/>\nVia Aurelia Antica, 12, 00165 Rom<br \/>\nTel. +39 0639378780<\/p>\n<p><strong>&#8211; Heiligtum Matri Ecclesiae (Belmonte)<\/strong><br \/>\nVia di Santa Gemma 17, 00116 Rom<br \/>\nE-Mail: mail@roma-belmonte.info<br \/>\nWebsite: <a href=\"https:\/\/www.roma-belmonte.info\/de\/\" target=\"_blank\" rel=\"noopener\">roma-belmonte.info\/de<\/a><\/p>\n<figure id=\"attachment_35617\" aria-describedby=\"caption-attachment-35617\" style=\"width: 762px\" class=\"wp-caption aligncenter\"><a href=\"https:\/\/www.roma-belmonte.info\/pt\/\" target=\"_blank\" rel=\"noopener\"><img decoding=\"async\" class=\"wp-image-35617\" src=\"https:\/\/schoenstatt.com\/wp-content\/uploads\/2024\/05\/santuario-cor-ecclesiae-roma.jpg\" alt=\"\" width=\"762\" height=\"575\"><\/a><figcaption id=\"caption-attachment-35617\" class=\"wp-caption-text\">Cor Ecclesiae<\/figcaption><\/figure>\n<p>Mit Informationen aus: <a href=\"https:\/\/www.vaticannews.va\/pt\/papa\/news\/2024-05\/bula-de-proclamacao-do-jubileu-2025-09-05-24.html\" target=\"_blank\" rel=\"noopener\">vaticannews.va\/pt<\/a><\/p>\n","protected":false},"excerpt":{"rendered":"<p>Angesichts von Kriegen, Vereinzelung und Ungerechtigkeit in der Welt wirbt Papst Franziskus f\u00fcr Zeichen der Hoffnung &#8211; dies ist seine zentrale Botschaft f\u00fcr das bevorstehende Heilige Jahr 2025, das am 24. Dezember startet. In der Verk\u00fcndigungsbulle \u201eSpes non confundit\u201c mahnt er Frieden, einen Schuldenerlass f\u00fcr arme L\u00e4nder, eine Kultur des Lebens, Solidarit\u00e4t mit Migranten und Menschen am Rande an. In einem Gef\u00e4ngnis will er erstmals eine Heilige Pforte \u00f6ffnen.<\/p>\n","protected":false},"author":3,"featured_media":32663,"comment_status":"closed","ping_status":"closed","sticky":false,"template":"","format":"standard","meta":{"footnotes":""},"categories":[851,852],"tags":[],"class_list":["post-35624","post","type-post","status-publish","format-standard","has-post-thumbnail","hentry","category-kirche-de","category-papst-franziskus-de"],"yoast_head":"<!-- This site is optimized with the Yoast SEO Premium plugin v27.4 (Yoast SEO v27.4) - https:\/\/yoast.com\/product\/yoast-seo-premium-wordpress\/ -->\n<title>Papst verk\u00fcndet Bulle f\u00fcr das Heilige Jahr 2025 - Schoenstatt<\/title>\n<meta name=\"description\" content=\"&quot;Spes non confundit&quot; so lautet der Titel der Einberufungsbulle zum Ordentlichen Jubil\u00e4um 2025 aus dem R\u00f6merbrief\" \/>\n<meta name=\"robots\" content=\"index, follow, max-snippet:-1, max-image-preview:large, max-video-preview:-1\" \/>\n<link rel=\"canonical\" href=\"https:\/\/schoenstatt.com\/de\/papst-verkundet-bulle-fur-das-heilige-jahr-2025\/\" \/>\n<meta property=\"og:locale\" content=\"de_DE\" \/>\n<meta property=\"og:type\" content=\"article\" \/>\n<meta property=\"og:title\" content=\"Papst verk\u00fcndet Bulle f\u00fcr das Heilige Jahr 2025\" \/>\n<meta property=\"og:description\" content=\"&quot;Spes non confundit&quot; so lautet der Titel der Einberufungsbulle zum Ordentlichen Jubil\u00e4um 2025 aus dem R\u00f6merbrief\" \/>\n<meta property=\"og:url\" content=\"https:\/\/schoenstatt.com\/de\/papst-verkundet-bulle-fur-das-heilige-jahr-2025\/\" \/>\n<meta property=\"og:site_name\" content=\"Schoenstatt\" \/>\n<meta property=\"article:published_time\" content=\"2024-05-09T18:04:18+00:00\" \/>\n<meta property=\"article:modified_time\" content=\"2025-05-15T18:07:07+00:00\" \/>\n<meta property=\"og:image\" content=\"https:\/\/schoenstatt.com\/wp-content\/uploads\/2023\/09\/vatican-vaticano-roma-1.jpg\" \/>\n\t<meta property=\"og:image:width\" content=\"768\" \/>\n\t<meta property=\"og:image:height\" content=\"522\" \/>\n\t<meta property=\"og:image:type\" content=\"image\/jpeg\" \/>\n<meta name=\"author\" content=\"Karen Bueno\" \/>\n<meta name=\"twitter:card\" content=\"summary_large_image\" \/>\n<meta name=\"twitter:label1\" content=\"Verfasst von\" \/>\n\t<meta name=\"twitter:data1\" content=\"Karen Bueno\" \/>\n\t<meta name=\"twitter:label2\" content=\"Gesch\u00e4tzte Lesezeit\" \/>\n\t<meta name=\"twitter:data2\" content=\"4\u00a0Minuten\" \/>\n<script type=\"application\/ld+json\" class=\"yoast-schema-graph\">{\"@context\":\"https:\\\/\\\/schema.org\",\"@graph\":[{\"@type\":\"Article\",\"@id\":\"https:\\\/\\\/schoenstatt.com\\\/de\\\/papst-verkundet-bulle-fur-das-heilige-jahr-2025\\\/#article\",\"isPartOf\":{\"@id\":\"https:\\\/\\\/schoenstatt.com\\\/de\\\/papst-verkundet-bulle-fur-das-heilige-jahr-2025\\\/\"},\"author\":{\"name\":\"Karen Bueno\",\"@id\":\"https:\\\/\\\/schoenstatt.com\\\/de\\\/#\\\/schema\\\/person\\\/5158877ad4acae98b34daaeef2a1ce6e\"},\"headline\":\"Papst verk\u00fcndet Bulle f\u00fcr das Heilige Jahr 2025\",\"datePublished\":\"2024-05-09T18:04:18+00:00\",\"dateModified\":\"2025-05-15T18:07:07+00:00\",\"mainEntityOfPage\":{\"@id\":\"https:\\\/\\\/schoenstatt.com\\\/de\\\/papst-verkundet-bulle-fur-das-heilige-jahr-2025\\\/\"},\"wordCount\":740,\"publisher\":{\"@id\":\"https:\\\/\\\/schoenstatt.com\\\/de\\\/#organization\"},\"image\":{\"@id\":\"https:\\\/\\\/schoenstatt.com\\\/de\\\/papst-verkundet-bulle-fur-das-heilige-jahr-2025\\\/#primaryimage\"},\"thumbnailUrl\":\"https:\\\/\\\/schoenstatt.com\\\/wp-content\\\/uploads\\\/2023\\\/09\\\/vatican-vaticano-roma-1.jpg\",\"articleSection\":[\"Kirche\",\"Papst Franziskus\"],\"inLanguage\":\"de\"},{\"@type\":\"WebPage\",\"@id\":\"https:\\\/\\\/schoenstatt.com\\\/de\\\/papst-verkundet-bulle-fur-das-heilige-jahr-2025\\\/\",\"url\":\"https:\\\/\\\/schoenstatt.com\\\/de\\\/papst-verkundet-bulle-fur-das-heilige-jahr-2025\\\/\",\"name\":\"Papst verk\u00fcndet Bulle f\u00fcr das Heilige Jahr 2025 - Schoenstatt\",\"isPartOf\":{\"@id\":\"https:\\\/\\\/schoenstatt.com\\\/de\\\/#website\"},\"primaryImageOfPage\":{\"@id\":\"https:\\\/\\\/schoenstatt.com\\\/de\\\/papst-verkundet-bulle-fur-das-heilige-jahr-2025\\\/#primaryimage\"},\"image\":{\"@id\":\"https:\\\/\\\/schoenstatt.com\\\/de\\\/papst-verkundet-bulle-fur-das-heilige-jahr-2025\\\/#primaryimage\"},\"thumbnailUrl\":\"https:\\\/\\\/schoenstatt.com\\\/wp-content\\\/uploads\\\/2023\\\/09\\\/vatican-vaticano-roma-1.jpg\",\"datePublished\":\"2024-05-09T18:04:18+00:00\",\"dateModified\":\"2025-05-15T18:07:07+00:00\",\"description\":\"\\\"Spes non confundit\\\" so lautet der Titel der Einberufungsbulle zum Ordentlichen Jubil\u00e4um 2025 aus dem R\u00f6merbrief\",\"breadcrumb\":{\"@id\":\"https:\\\/\\\/schoenstatt.com\\\/de\\\/papst-verkundet-bulle-fur-das-heilige-jahr-2025\\\/#breadcrumb\"},\"inLanguage\":\"de\",\"potentialAction\":[{\"@type\":\"ReadAction\",\"target\":[\"https:\\\/\\\/schoenstatt.com\\\/de\\\/papst-verkundet-bulle-fur-das-heilige-jahr-2025\\\/\"]}]},{\"@type\":\"ImageObject\",\"inLanguage\":\"de\",\"@id\":\"https:\\\/\\\/schoenstatt.com\\\/de\\\/papst-verkundet-bulle-fur-das-heilige-jahr-2025\\\/#primaryimage\",\"url\":\"https:\\\/\\\/schoenstatt.com\\\/wp-content\\\/uploads\\\/2023\\\/09\\\/vatican-vaticano-roma-1.jpg\",\"contentUrl\":\"https:\\\/\\\/schoenstatt.com\\\/wp-content\\\/uploads\\\/2023\\\/09\\\/vatican-vaticano-roma-1.jpg\",\"width\":768,\"height\":522},{\"@type\":\"BreadcrumbList\",\"@id\":\"https:\\\/\\\/schoenstatt.com\\\/de\\\/papst-verkundet-bulle-fur-das-heilige-jahr-2025\\\/#breadcrumb\",\"itemListElement\":[{\"@type\":\"ListItem\",\"position\":1,\"name\":\"Portada\",\"item\":\"https:\\\/\\\/schoenstatt.com\\\/de\\\/home\\\/\"},{\"@type\":\"ListItem\",\"position\":2,\"name\":\"Papst verk\u00fcndet Bulle f\u00fcr das Heilige Jahr 2025\"}]},{\"@type\":\"WebSite\",\"@id\":\"https:\\\/\\\/schoenstatt.com\\\/de\\\/#website\",\"url\":\"https:\\\/\\\/schoenstatt.com\\\/de\\\/\",\"name\":\"Schoenstatt\",\"description\":\"Apostolic Movement\",\"publisher\":{\"@id\":\"https:\\\/\\\/schoenstatt.com\\\/de\\\/#organization\"},\"potentialAction\":[{\"@type\":\"SearchAction\",\"target\":{\"@type\":\"EntryPoint\",\"urlTemplate\":\"https:\\\/\\\/schoenstatt.com\\\/de\\\/?s={search_term_string}\"},\"query-input\":{\"@type\":\"PropertyValueSpecification\",\"valueRequired\":true,\"valueName\":\"search_term_string\"}}],\"inLanguage\":\"de\"},{\"@type\":\"Organization\",\"@id\":\"https:\\\/\\\/schoenstatt.com\\\/de\\\/#organization\",\"name\":\"Schoenstatt\",\"url\":\"https:\\\/\\\/schoenstatt.com\\\/de\\\/\",\"logo\":{\"@type\":\"ImageObject\",\"inLanguage\":\"de\",\"@id\":\"https:\\\/\\\/schoenstatt.com\\\/de\\\/#\\\/schema\\\/logo\\\/image\\\/\",\"url\":\"https:\\\/\\\/schoenstatt.com\\\/wp-content\\\/uploads\\\/2025\\\/04\\\/logo-schoenstatt-white-696x696-1.png\",\"contentUrl\":\"https:\\\/\\\/schoenstatt.com\\\/wp-content\\\/uploads\\\/2025\\\/04\\\/logo-schoenstatt-white-696x696-1.png\",\"width\":696,\"height\":694,\"caption\":\"Schoenstatt\"},\"image\":{\"@id\":\"https:\\\/\\\/schoenstatt.com\\\/de\\\/#\\\/schema\\\/logo\\\/image\\\/\"}},{\"@type\":\"Person\",\"@id\":\"https:\\\/\\\/schoenstatt.com\\\/de\\\/#\\\/schema\\\/person\\\/5158877ad4acae98b34daaeef2a1ce6e\",\"name\":\"Karen Bueno\",\"image\":{\"@type\":\"ImageObject\",\"inLanguage\":\"de\",\"@id\":\"https:\\\/\\\/secure.gravatar.com\\\/avatar\\\/f9f4b823873154269d2b2130f195f6d41037dd0d7fc5f3cacb5c846bae70d66b?s=96&d=mm&r=g\",\"url\":\"https:\\\/\\\/secure.gravatar.com\\\/avatar\\\/f9f4b823873154269d2b2130f195f6d41037dd0d7fc5f3cacb5c846bae70d66b?s=96&d=mm&r=g\",\"contentUrl\":\"https:\\\/\\\/secure.gravatar.com\\\/avatar\\\/f9f4b823873154269d2b2130f195f6d41037dd0d7fc5f3cacb5c846bae70d66b?s=96&d=mm&r=g\",\"caption\":\"Karen Bueno\"},\"url\":\"https:\\\/\\\/schoenstatt.com\\\/de\\\/author\\\/karen-bueno\\\/\"}]}<\/script>\n<!-- \/ Yoast SEO Premium plugin. -->","yoast_head_json":{"title":"Papst verk\u00fcndet Bulle f\u00fcr das Heilige Jahr 2025 - Schoenstatt","description":"\"Spes non confundit\" so lautet der Titel der Einberufungsbulle zum Ordentlichen Jubil\u00e4um 2025 aus dem R\u00f6merbrief","robots":{"index":"index","follow":"follow","max-snippet":"max-snippet:-1","max-image-preview":"max-image-preview:large","max-video-preview":"max-video-preview:-1"},"canonical":"https:\/\/schoenstatt.com\/de\/papst-verkundet-bulle-fur-das-heilige-jahr-2025\/","og_locale":"de_DE","og_type":"article","og_title":"Papst verk\u00fcndet Bulle f\u00fcr das Heilige Jahr 2025","og_description":"\"Spes non confundit\" so lautet der Titel der Einberufungsbulle zum Ordentlichen Jubil\u00e4um 2025 aus dem R\u00f6merbrief","og_url":"https:\/\/schoenstatt.com\/de\/papst-verkundet-bulle-fur-das-heilige-jahr-2025\/","og_site_name":"Schoenstatt","article_published_time":"2024-05-09T18:04:18+00:00","article_modified_time":"2025-05-15T18:07:07+00:00","og_image":[{"width":768,"height":522,"url":"https:\/\/schoenstatt.com\/wp-content\/uploads\/2023\/09\/vatican-vaticano-roma-1.jpg","type":"image\/jpeg"}],"author":"Karen Bueno","twitter_card":"summary_large_image","twitter_misc":{"Verfasst von":"Karen Bueno","Gesch\u00e4tzte Lesezeit":"4\u00a0Minuten"},"schema":{"@context":"https:\/\/schema.org","@graph":[{"@type":"Article","@id":"https:\/\/schoenstatt.com\/de\/papst-verkundet-bulle-fur-das-heilige-jahr-2025\/#article","isPartOf":{"@id":"https:\/\/schoenstatt.com\/de\/papst-verkundet-bulle-fur-das-heilige-jahr-2025\/"},"author":{"name":"Karen Bueno","@id":"https:\/\/schoenstatt.com\/de\/#\/schema\/person\/5158877ad4acae98b34daaeef2a1ce6e"},"headline":"Papst verk\u00fcndet Bulle f\u00fcr das Heilige Jahr 2025","datePublished":"2024-05-09T18:04:18+00:00","dateModified":"2025-05-15T18:07:07+00:00","mainEntityOfPage":{"@id":"https:\/\/schoenstatt.com\/de\/papst-verkundet-bulle-fur-das-heilige-jahr-2025\/"},"wordCount":740,"publisher":{"@id":"https:\/\/schoenstatt.com\/de\/#organization"},"image":{"@id":"https:\/\/schoenstatt.com\/de\/papst-verkundet-bulle-fur-das-heilige-jahr-2025\/#primaryimage"},"thumbnailUrl":"https:\/\/schoenstatt.com\/wp-content\/uploads\/2023\/09\/vatican-vaticano-roma-1.jpg","articleSection":["Kirche","Papst Franziskus"],"inLanguage":"de"},{"@type":"WebPage","@id":"https:\/\/schoenstatt.com\/de\/papst-verkundet-bulle-fur-das-heilige-jahr-2025\/","url":"https:\/\/schoenstatt.com\/de\/papst-verkundet-bulle-fur-das-heilige-jahr-2025\/","name":"Papst verk\u00fcndet Bulle f\u00fcr das Heilige Jahr 2025 - Schoenstatt","isPartOf":{"@id":"https:\/\/schoenstatt.com\/de\/#website"},"primaryImageOfPage":{"@id":"https:\/\/schoenstatt.com\/de\/papst-verkundet-bulle-fur-das-heilige-jahr-2025\/#primaryimage"},"image":{"@id":"https:\/\/schoenstatt.com\/de\/papst-verkundet-bulle-fur-das-heilige-jahr-2025\/#primaryimage"},"thumbnailUrl":"https:\/\/schoenstatt.com\/wp-content\/uploads\/2023\/09\/vatican-vaticano-roma-1.jpg","datePublished":"2024-05-09T18:04:18+00:00","dateModified":"2025-05-15T18:07:07+00:00","description":"\"Spes non confundit\" so lautet der Titel der Einberufungsbulle zum Ordentlichen Jubil\u00e4um 2025 aus dem R\u00f6merbrief","breadcrumb":{"@id":"https:\/\/schoenstatt.com\/de\/papst-verkundet-bulle-fur-das-heilige-jahr-2025\/#breadcrumb"},"inLanguage":"de","potentialAction":[{"@type":"ReadAction","target":["https:\/\/schoenstatt.com\/de\/papst-verkundet-bulle-fur-das-heilige-jahr-2025\/"]}]},{"@type":"ImageObject","inLanguage":"de","@id":"https:\/\/schoenstatt.com\/de\/papst-verkundet-bulle-fur-das-heilige-jahr-2025\/#primaryimage","url":"https:\/\/schoenstatt.com\/wp-content\/uploads\/2023\/09\/vatican-vaticano-roma-1.jpg","contentUrl":"https:\/\/schoenstatt.com\/wp-content\/uploads\/2023\/09\/vatican-vaticano-roma-1.jpg","width":768,"height":522},{"@type":"BreadcrumbList","@id":"https:\/\/schoenstatt.com\/de\/papst-verkundet-bulle-fur-das-heilige-jahr-2025\/#breadcrumb","itemListElement":[{"@type":"ListItem","position":1,"name":"Portada","item":"https:\/\/schoenstatt.com\/de\/home\/"},{"@type":"ListItem","position":2,"name":"Papst verk\u00fcndet Bulle f\u00fcr das Heilige Jahr 2025"}]},{"@type":"WebSite","@id":"https:\/\/schoenstatt.com\/de\/#website","url":"https:\/\/schoenstatt.com\/de\/","name":"Schoenstatt","description":"Apostolic Movement","publisher":{"@id":"https:\/\/schoenstatt.com\/de\/#organization"},"potentialAction":[{"@type":"SearchAction","target":{"@type":"EntryPoint","urlTemplate":"https:\/\/schoenstatt.com\/de\/?s={search_term_string}"},"query-input":{"@type":"PropertyValueSpecification","valueRequired":true,"valueName":"search_term_string"}}],"inLanguage":"de"},{"@type":"Organization","@id":"https:\/\/schoenstatt.com\/de\/#organization","name":"Schoenstatt","url":"https:\/\/schoenstatt.com\/de\/","logo":{"@type":"ImageObject","inLanguage":"de","@id":"https:\/\/schoenstatt.com\/de\/#\/schema\/logo\/image\/","url":"https:\/\/schoenstatt.com\/wp-content\/uploads\/2025\/04\/logo-schoenstatt-white-696x696-1.png","contentUrl":"https:\/\/schoenstatt.com\/wp-content\/uploads\/2025\/04\/logo-schoenstatt-white-696x696-1.png","width":696,"height":694,"caption":"Schoenstatt"},"image":{"@id":"https:\/\/schoenstatt.com\/de\/#\/schema\/logo\/image\/"}},{"@type":"Person","@id":"https:\/\/schoenstatt.com\/de\/#\/schema\/person\/5158877ad4acae98b34daaeef2a1ce6e","name":"Karen Bueno","image":{"@type":"ImageObject","inLanguage":"de","@id":"https:\/\/secure.gravatar.com\/avatar\/f9f4b823873154269d2b2130f195f6d41037dd0d7fc5f3cacb5c846bae70d66b?s=96&d=mm&r=g","url":"https:\/\/secure.gravatar.com\/avatar\/f9f4b823873154269d2b2130f195f6d41037dd0d7fc5f3cacb5c846bae70d66b?s=96&d=mm&r=g","contentUrl":"https:\/\/secure.gravatar.com\/avatar\/f9f4b823873154269d2b2130f195f6d41037dd0d7fc5f3cacb5c846bae70d66b?s=96&d=mm&r=g","caption":"Karen Bueno"},"url":"https:\/\/schoenstatt.com\/de\/author\/karen-bueno\/"}]}},"_links":{"self":[{"href":"https:\/\/schoenstatt.com\/de\/wp-json\/wp\/v2\/posts\/35624","targetHints":{"allow":["GET"]}}],"collection":[{"href":"https:\/\/schoenstatt.com\/de\/wp-json\/wp\/v2\/posts"}],"about":[{"href":"https:\/\/schoenstatt.com\/de\/wp-json\/wp\/v2\/types\/post"}],"author":[{"embeddable":true,"href":"https:\/\/schoenstatt.com\/de\/wp-json\/wp\/v2\/users\/3"}],"replies":[{"embeddable":true,"href":"https:\/\/schoenstatt.com\/de\/wp-json\/wp\/v2\/comments?post=35624"}],"version-history":[{"count":1,"href":"https:\/\/schoenstatt.com\/de\/wp-json\/wp\/v2\/posts\/35624\/revisions"}],"predecessor-version":[{"id":46829,"href":"https:\/\/schoenstatt.com\/de\/wp-json\/wp\/v2\/posts\/35624\/revisions\/46829"}],"wp:featuredmedia":[{"embeddable":true,"href":"https:\/\/schoenstatt.com\/de\/wp-json\/wp\/v2\/media\/32663"}],"wp:attachment":[{"href":"https:\/\/schoenstatt.com\/de\/wp-json\/wp\/v2\/media?parent=35624"}],"wp:term":[{"taxonomy":"category","embeddable":true,"href":"https:\/\/schoenstatt.com\/de\/wp-json\/wp\/v2\/categories?post=35624"},{"taxonomy":"post_tag","embeddable":true,"href":"https:\/\/schoenstatt.com\/de\/wp-json\/wp\/v2\/tags?post=35624"}],"curies":[{"name":"wp","href":"https:\/\/api.w.org\/{rel}","templated":true}]}}