{"id":35531,"date":"2024-04-26T11:13:53","date_gmt":"2024-04-26T09:13:53","guid":{"rendered":"https:\/\/schoenstatt.com\/spiritualitat\/primer-padre-de-schoenstatt-de-mendoza-argentina-ordenado-sacerdote\/"},"modified":"2025-05-15T20:17:57","modified_gmt":"2025-05-15T18:17:57","slug":"erster-schoenstatt-pater-aus-mendoza-argentinien-zum-priester-geweiht","status":"publish","type":"post","link":"https:\/\/schoenstatt.com\/de\/erster-schoenstatt-pater-aus-mendoza-argentinien-zum-priester-geweiht\/","title":{"rendered":"Erster Sch\u00f6nstatt-Pater aus Mendoza, Argentinien, zum Priester geweiht"},"content":{"rendered":"<p>Am Samstag, 13. April, wurde Agust\u00edn Ozcoidi zum Priester geweiht. Die Vorsehung wollte, dass er der erste <a href=\"https:\/\/schoenstatt.com\/de\/familie\/gemeinschaften-in-der-schoenstattbewegung\/priester\/\">Sch\u00f6nstatt-Pater<\/a> aus Mendoza wird, was eine gro\u00dfe Freude f\u00fcr die ganze Sch\u00f6nstattfamilie von Mendoza ist.<\/p>\n<p>Agust\u00edn w\u00e4hlte als seinen priesterlichen Wahlspruch: \u201eTut alles, was er euch sagt\u201c (Joh 2,5). Er selbst erkl\u00e4rt:<em> \u201eInspiriert von den Bergen und Weinbergen habe ich die Hochzeit zu Kana als mein Weiheevangelium gew\u00e4hlt: Jesus vollbringt auf Marias Bitte hin sein erstes Wunder, indem er die Kr\u00fcge voller Wasser in fruchtbaren Wein f\u00fcr die Familie verwandelt. Dem Wunder mit einem kleinen t\u00e4glichen Beitrag dienen zu k\u00f6nnen, hat mich immer begeistert. Die Verwandlung von Wasser in Wein ist ein Zeichen f\u00fcr unsere innere Verwandlung. Heute bittet mich Jesus, dass ich durch meine priesterlichen H\u00e4nde segnen, weihen und von S\u00fcnden freisprechen darf.\u201c<\/em><\/p>\n<p><em><img fetchpriority=\"high\" decoding=\"async\" class=\"aligncenter wp-image-35503 \" src=\"https:\/\/schoenstatt.com\/wp-content\/uploads\/2024\/04\/ordenacion-Agustin-Ozcoidi-Padres-de-Schoenstatt-6.jpg\" alt=\"\" width=\"815\" height=\"543\" \/><\/em><\/p>\n<h3>Ein wahres Fest inmitten von Bergen und Weinbergen<\/h3>\n<p>Die Priesterweihe fand unter dem Vorsitz von Bischof Marcelo Colombo in der Pfarrei \u201eUnsere Frau der Schmerzen\u201c (Nuestra Se\u00f1ora de los Dolores) statt. Zahlreiche Freunde, Verwandte, Priester und Mitglieder der Sch\u00f6nstattfamilie von Mendoza nahmen an der Feier teil.<\/p>\n<p>Mehrere Freunde und Sch\u00f6nstattmitglieder aus verschiedenen St\u00e4dten Argentiniens, die Pater Agust\u00edn kennen, nahmen ebenfalls teil. Eine gro\u00dfe Delegation aus Chile reiste ebenfalls an, um die Weihe zu begleiten und Zeugen dieses gro\u00dfen Tages zu sein. Die Weihe war wirklich eine B\u00fcndnisfeier inmitten der Berge und Weinberge von Mendoza.<\/p>\n<p><img decoding=\"async\" class=\"aligncenter wp-image-35507 \" src=\"https:\/\/schoenstatt.com\/wp-content\/uploads\/2024\/04\/ordenacion-Agustin-Ozcoidi-Padres-de-Schoenstatt-3.jpeg\" alt=\"\" width=\"803\" height=\"535\" \/><\/p>\n<p>Zu Beginn der heiligen Messe wusste der Chor, der sich aus Freunden und Jugendlichen zusammensetzte, zu harmonieren und gab den Ton f\u00fcr die gro\u00dfe Feier der Priesterweihe an. Die Kirche f\u00fcllte sich mit Freude beim Einzug von Agust\u00edn, der Priester werden sollte. Zu den feierlichsten und ergreifendsten Momenten geh\u00f6rten die Niederwerfung und die Heiligenlitanei, bei der Augustinus als Zeichen der Demut auf dem Boden liegend beschloss, Jesus in allem nachzuahmen, w\u00e4hrend die Kirche sang und um den Beistand Gottes und aller Heiligen der Geschichte bat.<\/p>\n<p>Ebenso bewegend war der Moment der Handauflegung durch Bischof Marcellus, der Augustinus zum Priester weihte. Anschlie\u00dfend legte ihm eine gro\u00dfe Reihe aller anwesenden Priester ebenfalls die H\u00e4nde auf und verband Augustinus so mit der Gnade des Heiligen Geistes mit dem priesterlichen Dienst.<\/p>\n<p><img decoding=\"async\" class=\"aligncenter wp-image-35511 \" src=\"https:\/\/schoenstatt.com\/wp-content\/uploads\/2024\/04\/ordenacion-Agustin-Ozcoidi-Padres-de-Schoenstatt-5.jpg\" alt=\"\" width=\"794\" height=\"529\" \/><\/p>\n<h3>Neue Gew\u00e4nder, neues Leben<\/h3>\n<p>Emotional ging es auch bei der Einkleidung zu, als die Eltern von Pater Agust\u00edn zu ihm kamen und ihm die Gew\u00e4nder \u00fcberreichten, damit er als Priester gekleidet werden konnte. Pater Jos\u00e9 Mar\u00eda Iturrer\u00eda, sein Berater in der Sch\u00f6nstatt-Mannesjugend, kleidete ihn ein, und vor diesem Akt brach die ganze Kirche in einen langen Applaus aus, um Gott f\u00fcr diese Berufung zu danken, w\u00e4hrend das Lied \u201e<a href=\"https:\/\/www.youtube.com\/watch?v=JgtlHd3Jr-U\" target=\"_blank\" rel=\"noopener\">Ich bin dieses Land, ich bin diese Geschichte<\/a>\u201c gespielt wurde. Es war ein Moment der Kraft und des Himmels, ein wahrer Gnadentag f\u00fcr alle, die aus so vielen Orten gekommen waren.<\/p>\n<p><img loading=\"lazy\" decoding=\"async\" class=\"aligncenter wp-image-35523 \" src=\"https:\/\/schoenstatt.com\/wp-content\/uploads\/2024\/04\/ordenacion-Agustin-Ozcoidi-Padres-de-Schoenstatt-8.jpg\" alt=\"\" width=\"823\" height=\"1029\" \/><\/p>\n<p>Am folgenden Tag, Sonntag, 14. April, feierte er seine erste heilige Messe als Neupriester im Sch\u00f6nstatt-Heiligtum von \u201eLa Puntilla\u201c, der Ecke, in der er aufgewachsen ist und in der seine Berufung geboren wurde. Und am Montag feierte er seine erste heilige Messe im Kapellenheiligtum der Gott-Vater-Schule, seiner Schule, zusammen mit Sch\u00fclern, Lehrern, die ihn aufwachsen sahen, und ehemaligen Schulfreunden.<\/p>\n<p><img loading=\"lazy\" decoding=\"async\" class=\"aligncenter wp-image-35515 \" src=\"https:\/\/schoenstatt.com\/wp-content\/uploads\/2024\/04\/ordenacion-Agustin-Ozcoidi-Padres-de-Schoenstatt-4.jpg\" alt=\"\" width=\"800\" height=\"533\" \/><\/p>\n<h3>Lebenslauf<\/h3>\n<p>Agust\u00edn Ozcoidi wurde am 11. M\u00e4rz 1993 in Mendoza, Argentinien, geboren. Seit seiner Kindheit ist er in der Sch\u00f6nstattbewegung aktiv. Agust\u00edn ist der dritte von vier Br\u00fcdern. Seine Eltern, Mabel und Ricardo, die zur Familienliga geh\u00f6ren, haben den Glaubensweg ihrer Kinder von klein auf begleitet. In den letzten Schuljahren und sp\u00e4ter an der Universit\u00e4t entdeckte er seine priesterliche Berufung. Agust\u00edn trat 2014 ins Priesterseminar ein, begann mit seinem Kurs in Paraguay, diente dann mit seiner Arbeit in C\u00f3rdoba, Mendoza und Santiago de Chile und schloss sein Theologiestudium in Chile ab, zusammen mit seinen f\u00fcnf Mitbr\u00fcdern aus der Gemeinschaft der Sch\u00f6nstatt-Patres, die zusammen den Kurs: Cor Sacerdotalis bilden. W\u00e4hrend seiner langj\u00e4hrigen Ausbildung verbrachte er ein Missions- und Austauschsemester im Sch\u00f6nstatt-Seminar in Ibadan, Nigeria.<\/p>\n<p>Zurzeit dient Pater Agust\u00edn in der Pfarrei \u201eNuestra Se\u00f1ora del Valle\u201c in Yerba Buena &#8211; Tucum\u00e1n. \u00dcber seine Priesterweihe sagt er:<em> \u201eDie Nervosit\u00e4t, die dazu f\u00fchrt, dass man denkt, dass \u201ameine Zeit noch nicht gekommen ist\u2018, ist real. Aber es ist Maria, die jede gute Tat in meinem Leben motiviert hat. Noch einmal vertraue ich mich ihr an, um Jesus zu folgen. Deshalb habe ich als Motto f\u00fcr meine Priesterweihe die Worte gew\u00e4hlt, die die Gottesmutter zu den Dienern in Kana sagte: &#8218;Tut alles, was er euch sagt&#8216; (Joh 2,5).\u201c<\/em><\/p>\n","protected":false},"excerpt":{"rendered":"<p>Ein Moment gro\u00dfer Freude f\u00fcr die Sch\u00f6nstattfamilie von Mendoza und die Sch\u00f6nstatt-Patres<\/p>\n","protected":false},"author":3,"featured_media":35499,"comment_status":"closed","ping_status":"closed","sticky":false,"template":"","format":"standard","meta":{"footnotes":""},"categories":[678,907],"tags":[],"class_list":["post-35531","post","type-post","status-publish","format-standard","has-post-thumbnail","hentry","category-lander-de","category-schoenstatt-gemeinschaften-de"],"yoast_head":"<!-- This site is optimized with the Yoast SEO Premium plugin v27.4 (Yoast SEO v27.4) - https:\/\/yoast.com\/product\/yoast-seo-premium-wordpress\/ -->\n<title>Erster Sch\u00f6nstatt-Pater aus Mendoza, Argentinien, zum Priester geweiht<\/title>\n<meta name=\"description\" content=\"Agust\u00edn Ozcoidi ist der erste Sch\u00f6nstatt-Pater aus Mendoza. Ein Moment der gro\u00dfen Freude f\u00fcr die Sch\u00f6nstattfamilie von Mendoza.\" \/>\n<meta name=\"robots\" content=\"index, follow, max-snippet:-1, max-image-preview:large, max-video-preview:-1\" \/>\n<link rel=\"canonical\" href=\"https:\/\/schoenstatt.com\/de\/erster-schoenstatt-pater-aus-mendoza-argentinien-zum-priester-geweiht\/\" \/>\n<meta property=\"og:locale\" content=\"de_DE\" \/>\n<meta property=\"og:type\" content=\"article\" \/>\n<meta property=\"og:title\" content=\"Erster Sch\u00f6nstatt-Pater aus Mendoza, Argentinien, zum Priester geweiht\" \/>\n<meta property=\"og:description\" content=\"Agust\u00edn Ozcoidi ist der erste Sch\u00f6nstatt-Pater aus Mendoza. Ein Moment der gro\u00dfen Freude f\u00fcr die Sch\u00f6nstattfamilie von Mendoza.\" \/>\n<meta property=\"og:url\" content=\"https:\/\/schoenstatt.com\/de\/erster-schoenstatt-pater-aus-mendoza-argentinien-zum-priester-geweiht\/\" \/>\n<meta property=\"og:site_name\" content=\"Schoenstatt\" \/>\n<meta property=\"article:published_time\" content=\"2024-04-26T09:13:53+00:00\" \/>\n<meta property=\"article:modified_time\" content=\"2025-05-15T18:17:57+00:00\" \/>\n<meta property=\"og:image\" content=\"https:\/\/schoenstatt.com\/wp-content\/uploads\/2024\/04\/ordenacion-Agustin-Ozcoidi-Padres-de-Schoenstatt-1.jpg\" \/>\n\t<meta property=\"og:image:width\" content=\"1600\" \/>\n\t<meta property=\"og:image:height\" content=\"1066\" \/>\n\t<meta property=\"og:image:type\" content=\"image\/jpeg\" \/>\n<meta name=\"author\" content=\"Karen Bueno\" \/>\n<meta name=\"twitter:card\" content=\"summary_large_image\" \/>\n<meta name=\"twitter:label1\" content=\"Verfasst von\" \/>\n\t<meta name=\"twitter:data1\" content=\"Karen Bueno\" \/>\n\t<meta name=\"twitter:label2\" content=\"Gesch\u00e4tzte Lesezeit\" \/>\n\t<meta name=\"twitter:data2\" content=\"5\u00a0Minuten\" \/>\n<script type=\"application\/ld+json\" class=\"yoast-schema-graph\">{\"@context\":\"https:\\\/\\\/schema.org\",\"@graph\":[{\"@type\":\"Article\",\"@id\":\"https:\\\/\\\/schoenstatt.com\\\/de\\\/erster-schoenstatt-pater-aus-mendoza-argentinien-zum-priester-geweiht\\\/#article\",\"isPartOf\":{\"@id\":\"https:\\\/\\\/schoenstatt.com\\\/de\\\/erster-schoenstatt-pater-aus-mendoza-argentinien-zum-priester-geweiht\\\/\"},\"author\":{\"name\":\"Karen Bueno\",\"@id\":\"https:\\\/\\\/schoenstatt.com\\\/de\\\/#\\\/schema\\\/person\\\/5158877ad4acae98b34daaeef2a1ce6e\"},\"headline\":\"Erster Sch\u00f6nstatt-Pater aus Mendoza, Argentinien, zum Priester geweiht\",\"datePublished\":\"2024-04-26T09:13:53+00:00\",\"dateModified\":\"2025-05-15T18:17:57+00:00\",\"mainEntityOfPage\":{\"@id\":\"https:\\\/\\\/schoenstatt.com\\\/de\\\/erster-schoenstatt-pater-aus-mendoza-argentinien-zum-priester-geweiht\\\/\"},\"wordCount\":792,\"publisher\":{\"@id\":\"https:\\\/\\\/schoenstatt.com\\\/de\\\/#organization\"},\"image\":{\"@id\":\"https:\\\/\\\/schoenstatt.com\\\/de\\\/erster-schoenstatt-pater-aus-mendoza-argentinien-zum-priester-geweiht\\\/#primaryimage\"},\"thumbnailUrl\":\"https:\\\/\\\/schoenstatt.com\\\/wp-content\\\/uploads\\\/2024\\\/04\\\/ordenacion-Agustin-Ozcoidi-Padres-de-Schoenstatt-1.jpg\",\"articleSection\":[\"L\u00e4nder\",\"Schoenstatt Gemeinschaften\"],\"inLanguage\":\"de\"},{\"@type\":\"WebPage\",\"@id\":\"https:\\\/\\\/schoenstatt.com\\\/de\\\/erster-schoenstatt-pater-aus-mendoza-argentinien-zum-priester-geweiht\\\/\",\"url\":\"https:\\\/\\\/schoenstatt.com\\\/de\\\/erster-schoenstatt-pater-aus-mendoza-argentinien-zum-priester-geweiht\\\/\",\"name\":\"Erster Sch\u00f6nstatt-Pater aus Mendoza, Argentinien, zum Priester geweiht\",\"isPartOf\":{\"@id\":\"https:\\\/\\\/schoenstatt.com\\\/de\\\/#website\"},\"primaryImageOfPage\":{\"@id\":\"https:\\\/\\\/schoenstatt.com\\\/de\\\/erster-schoenstatt-pater-aus-mendoza-argentinien-zum-priester-geweiht\\\/#primaryimage\"},\"image\":{\"@id\":\"https:\\\/\\\/schoenstatt.com\\\/de\\\/erster-schoenstatt-pater-aus-mendoza-argentinien-zum-priester-geweiht\\\/#primaryimage\"},\"thumbnailUrl\":\"https:\\\/\\\/schoenstatt.com\\\/wp-content\\\/uploads\\\/2024\\\/04\\\/ordenacion-Agustin-Ozcoidi-Padres-de-Schoenstatt-1.jpg\",\"datePublished\":\"2024-04-26T09:13:53+00:00\",\"dateModified\":\"2025-05-15T18:17:57+00:00\",\"description\":\"Agust\u00edn Ozcoidi ist der erste Sch\u00f6nstatt-Pater aus Mendoza. Ein Moment der gro\u00dfen Freude f\u00fcr die Sch\u00f6nstattfamilie von Mendoza.\",\"breadcrumb\":{\"@id\":\"https:\\\/\\\/schoenstatt.com\\\/de\\\/erster-schoenstatt-pater-aus-mendoza-argentinien-zum-priester-geweiht\\\/#breadcrumb\"},\"inLanguage\":\"de\",\"potentialAction\":[{\"@type\":\"ReadAction\",\"target\":[\"https:\\\/\\\/schoenstatt.com\\\/de\\\/erster-schoenstatt-pater-aus-mendoza-argentinien-zum-priester-geweiht\\\/\"]}]},{\"@type\":\"ImageObject\",\"inLanguage\":\"de\",\"@id\":\"https:\\\/\\\/schoenstatt.com\\\/de\\\/erster-schoenstatt-pater-aus-mendoza-argentinien-zum-priester-geweiht\\\/#primaryimage\",\"url\":\"https:\\\/\\\/schoenstatt.com\\\/wp-content\\\/uploads\\\/2024\\\/04\\\/ordenacion-Agustin-Ozcoidi-Padres-de-Schoenstatt-1.jpg\",\"contentUrl\":\"https:\\\/\\\/schoenstatt.com\\\/wp-content\\\/uploads\\\/2024\\\/04\\\/ordenacion-Agustin-Ozcoidi-Padres-de-Schoenstatt-1.jpg\",\"width\":1600,\"height\":1066},{\"@type\":\"BreadcrumbList\",\"@id\":\"https:\\\/\\\/schoenstatt.com\\\/de\\\/erster-schoenstatt-pater-aus-mendoza-argentinien-zum-priester-geweiht\\\/#breadcrumb\",\"itemListElement\":[{\"@type\":\"ListItem\",\"position\":1,\"name\":\"Portada\",\"item\":\"https:\\\/\\\/schoenstatt.com\\\/de\\\/home\\\/\"},{\"@type\":\"ListItem\",\"position\":2,\"name\":\"Erster Sch\u00f6nstatt-Pater aus Mendoza, Argentinien, zum Priester geweiht\"}]},{\"@type\":\"WebSite\",\"@id\":\"https:\\\/\\\/schoenstatt.com\\\/de\\\/#website\",\"url\":\"https:\\\/\\\/schoenstatt.com\\\/de\\\/\",\"name\":\"Schoenstatt\",\"description\":\"Apostolic Movement\",\"publisher\":{\"@id\":\"https:\\\/\\\/schoenstatt.com\\\/de\\\/#organization\"},\"potentialAction\":[{\"@type\":\"SearchAction\",\"target\":{\"@type\":\"EntryPoint\",\"urlTemplate\":\"https:\\\/\\\/schoenstatt.com\\\/de\\\/?s={search_term_string}\"},\"query-input\":{\"@type\":\"PropertyValueSpecification\",\"valueRequired\":true,\"valueName\":\"search_term_string\"}}],\"inLanguage\":\"de\"},{\"@type\":\"Organization\",\"@id\":\"https:\\\/\\\/schoenstatt.com\\\/de\\\/#organization\",\"name\":\"Schoenstatt\",\"url\":\"https:\\\/\\\/schoenstatt.com\\\/de\\\/\",\"logo\":{\"@type\":\"ImageObject\",\"inLanguage\":\"de\",\"@id\":\"https:\\\/\\\/schoenstatt.com\\\/de\\\/#\\\/schema\\\/logo\\\/image\\\/\",\"url\":\"https:\\\/\\\/schoenstatt.com\\\/wp-content\\\/uploads\\\/2025\\\/04\\\/logo-schoenstatt-white-696x696-1.png\",\"contentUrl\":\"https:\\\/\\\/schoenstatt.com\\\/wp-content\\\/uploads\\\/2025\\\/04\\\/logo-schoenstatt-white-696x696-1.png\",\"width\":696,\"height\":694,\"caption\":\"Schoenstatt\"},\"image\":{\"@id\":\"https:\\\/\\\/schoenstatt.com\\\/de\\\/#\\\/schema\\\/logo\\\/image\\\/\"}},{\"@type\":\"Person\",\"@id\":\"https:\\\/\\\/schoenstatt.com\\\/de\\\/#\\\/schema\\\/person\\\/5158877ad4acae98b34daaeef2a1ce6e\",\"name\":\"Karen Bueno\",\"image\":{\"@type\":\"ImageObject\",\"inLanguage\":\"de\",\"@id\":\"https:\\\/\\\/secure.gravatar.com\\\/avatar\\\/f9f4b823873154269d2b2130f195f6d41037dd0d7fc5f3cacb5c846bae70d66b?s=96&d=mm&r=g\",\"url\":\"https:\\\/\\\/secure.gravatar.com\\\/avatar\\\/f9f4b823873154269d2b2130f195f6d41037dd0d7fc5f3cacb5c846bae70d66b?s=96&d=mm&r=g\",\"contentUrl\":\"https:\\\/\\\/secure.gravatar.com\\\/avatar\\\/f9f4b823873154269d2b2130f195f6d41037dd0d7fc5f3cacb5c846bae70d66b?s=96&d=mm&r=g\",\"caption\":\"Karen Bueno\"},\"url\":\"https:\\\/\\\/schoenstatt.com\\\/de\\\/author\\\/karen-bueno\\\/\"}]}<\/script>\n<!-- \/ Yoast SEO Premium plugin. -->","yoast_head_json":{"title":"Erster Sch\u00f6nstatt-Pater aus Mendoza, Argentinien, zum Priester geweiht","description":"Agust\u00edn Ozcoidi ist der erste Sch\u00f6nstatt-Pater aus Mendoza. Ein Moment der gro\u00dfen Freude f\u00fcr die Sch\u00f6nstattfamilie von Mendoza.","robots":{"index":"index","follow":"follow","max-snippet":"max-snippet:-1","max-image-preview":"max-image-preview:large","max-video-preview":"max-video-preview:-1"},"canonical":"https:\/\/schoenstatt.com\/de\/erster-schoenstatt-pater-aus-mendoza-argentinien-zum-priester-geweiht\/","og_locale":"de_DE","og_type":"article","og_title":"Erster Sch\u00f6nstatt-Pater aus Mendoza, Argentinien, zum Priester geweiht","og_description":"Agust\u00edn Ozcoidi ist der erste Sch\u00f6nstatt-Pater aus Mendoza. Ein Moment der gro\u00dfen Freude f\u00fcr die Sch\u00f6nstattfamilie von Mendoza.","og_url":"https:\/\/schoenstatt.com\/de\/erster-schoenstatt-pater-aus-mendoza-argentinien-zum-priester-geweiht\/","og_site_name":"Schoenstatt","article_published_time":"2024-04-26T09:13:53+00:00","article_modified_time":"2025-05-15T18:17:57+00:00","og_image":[{"width":1600,"height":1066,"url":"https:\/\/schoenstatt.com\/wp-content\/uploads\/2024\/04\/ordenacion-Agustin-Ozcoidi-Padres-de-Schoenstatt-1.jpg","type":"image\/jpeg"}],"author":"Karen Bueno","twitter_card":"summary_large_image","twitter_misc":{"Verfasst von":"Karen Bueno","Gesch\u00e4tzte Lesezeit":"5\u00a0Minuten"},"schema":{"@context":"https:\/\/schema.org","@graph":[{"@type":"Article","@id":"https:\/\/schoenstatt.com\/de\/erster-schoenstatt-pater-aus-mendoza-argentinien-zum-priester-geweiht\/#article","isPartOf":{"@id":"https:\/\/schoenstatt.com\/de\/erster-schoenstatt-pater-aus-mendoza-argentinien-zum-priester-geweiht\/"},"author":{"name":"Karen Bueno","@id":"https:\/\/schoenstatt.com\/de\/#\/schema\/person\/5158877ad4acae98b34daaeef2a1ce6e"},"headline":"Erster Sch\u00f6nstatt-Pater aus Mendoza, Argentinien, zum Priester geweiht","datePublished":"2024-04-26T09:13:53+00:00","dateModified":"2025-05-15T18:17:57+00:00","mainEntityOfPage":{"@id":"https:\/\/schoenstatt.com\/de\/erster-schoenstatt-pater-aus-mendoza-argentinien-zum-priester-geweiht\/"},"wordCount":792,"publisher":{"@id":"https:\/\/schoenstatt.com\/de\/#organization"},"image":{"@id":"https:\/\/schoenstatt.com\/de\/erster-schoenstatt-pater-aus-mendoza-argentinien-zum-priester-geweiht\/#primaryimage"},"thumbnailUrl":"https:\/\/schoenstatt.com\/wp-content\/uploads\/2024\/04\/ordenacion-Agustin-Ozcoidi-Padres-de-Schoenstatt-1.jpg","articleSection":["L\u00e4nder","Schoenstatt Gemeinschaften"],"inLanguage":"de"},{"@type":"WebPage","@id":"https:\/\/schoenstatt.com\/de\/erster-schoenstatt-pater-aus-mendoza-argentinien-zum-priester-geweiht\/","url":"https:\/\/schoenstatt.com\/de\/erster-schoenstatt-pater-aus-mendoza-argentinien-zum-priester-geweiht\/","name":"Erster Sch\u00f6nstatt-Pater aus Mendoza, Argentinien, zum Priester geweiht","isPartOf":{"@id":"https:\/\/schoenstatt.com\/de\/#website"},"primaryImageOfPage":{"@id":"https:\/\/schoenstatt.com\/de\/erster-schoenstatt-pater-aus-mendoza-argentinien-zum-priester-geweiht\/#primaryimage"},"image":{"@id":"https:\/\/schoenstatt.com\/de\/erster-schoenstatt-pater-aus-mendoza-argentinien-zum-priester-geweiht\/#primaryimage"},"thumbnailUrl":"https:\/\/schoenstatt.com\/wp-content\/uploads\/2024\/04\/ordenacion-Agustin-Ozcoidi-Padres-de-Schoenstatt-1.jpg","datePublished":"2024-04-26T09:13:53+00:00","dateModified":"2025-05-15T18:17:57+00:00","description":"Agust\u00edn Ozcoidi ist der erste Sch\u00f6nstatt-Pater aus Mendoza. Ein Moment der gro\u00dfen Freude f\u00fcr die Sch\u00f6nstattfamilie von Mendoza.","breadcrumb":{"@id":"https:\/\/schoenstatt.com\/de\/erster-schoenstatt-pater-aus-mendoza-argentinien-zum-priester-geweiht\/#breadcrumb"},"inLanguage":"de","potentialAction":[{"@type":"ReadAction","target":["https:\/\/schoenstatt.com\/de\/erster-schoenstatt-pater-aus-mendoza-argentinien-zum-priester-geweiht\/"]}]},{"@type":"ImageObject","inLanguage":"de","@id":"https:\/\/schoenstatt.com\/de\/erster-schoenstatt-pater-aus-mendoza-argentinien-zum-priester-geweiht\/#primaryimage","url":"https:\/\/schoenstatt.com\/wp-content\/uploads\/2024\/04\/ordenacion-Agustin-Ozcoidi-Padres-de-Schoenstatt-1.jpg","contentUrl":"https:\/\/schoenstatt.com\/wp-content\/uploads\/2024\/04\/ordenacion-Agustin-Ozcoidi-Padres-de-Schoenstatt-1.jpg","width":1600,"height":1066},{"@type":"BreadcrumbList","@id":"https:\/\/schoenstatt.com\/de\/erster-schoenstatt-pater-aus-mendoza-argentinien-zum-priester-geweiht\/#breadcrumb","itemListElement":[{"@type":"ListItem","position":1,"name":"Portada","item":"https:\/\/schoenstatt.com\/de\/home\/"},{"@type":"ListItem","position":2,"name":"Erster Sch\u00f6nstatt-Pater aus Mendoza, Argentinien, zum Priester geweiht"}]},{"@type":"WebSite","@id":"https:\/\/schoenstatt.com\/de\/#website","url":"https:\/\/schoenstatt.com\/de\/","name":"Schoenstatt","description":"Apostolic Movement","publisher":{"@id":"https:\/\/schoenstatt.com\/de\/#organization"},"potentialAction":[{"@type":"SearchAction","target":{"@type":"EntryPoint","urlTemplate":"https:\/\/schoenstatt.com\/de\/?s={search_term_string}"},"query-input":{"@type":"PropertyValueSpecification","valueRequired":true,"valueName":"search_term_string"}}],"inLanguage":"de"},{"@type":"Organization","@id":"https:\/\/schoenstatt.com\/de\/#organization","name":"Schoenstatt","url":"https:\/\/schoenstatt.com\/de\/","logo":{"@type":"ImageObject","inLanguage":"de","@id":"https:\/\/schoenstatt.com\/de\/#\/schema\/logo\/image\/","url":"https:\/\/schoenstatt.com\/wp-content\/uploads\/2025\/04\/logo-schoenstatt-white-696x696-1.png","contentUrl":"https:\/\/schoenstatt.com\/wp-content\/uploads\/2025\/04\/logo-schoenstatt-white-696x696-1.png","width":696,"height":694,"caption":"Schoenstatt"},"image":{"@id":"https:\/\/schoenstatt.com\/de\/#\/schema\/logo\/image\/"}},{"@type":"Person","@id":"https:\/\/schoenstatt.com\/de\/#\/schema\/person\/5158877ad4acae98b34daaeef2a1ce6e","name":"Karen Bueno","image":{"@type":"ImageObject","inLanguage":"de","@id":"https:\/\/secure.gravatar.com\/avatar\/f9f4b823873154269d2b2130f195f6d41037dd0d7fc5f3cacb5c846bae70d66b?s=96&d=mm&r=g","url":"https:\/\/secure.gravatar.com\/avatar\/f9f4b823873154269d2b2130f195f6d41037dd0d7fc5f3cacb5c846bae70d66b?s=96&d=mm&r=g","contentUrl":"https:\/\/secure.gravatar.com\/avatar\/f9f4b823873154269d2b2130f195f6d41037dd0d7fc5f3cacb5c846bae70d66b?s=96&d=mm&r=g","caption":"Karen Bueno"},"url":"https:\/\/schoenstatt.com\/de\/author\/karen-bueno\/"}]}},"_links":{"self":[{"href":"https:\/\/schoenstatt.com\/de\/wp-json\/wp\/v2\/posts\/35531","targetHints":{"allow":["GET"]}}],"collection":[{"href":"https:\/\/schoenstatt.com\/de\/wp-json\/wp\/v2\/posts"}],"about":[{"href":"https:\/\/schoenstatt.com\/de\/wp-json\/wp\/v2\/types\/post"}],"author":[{"embeddable":true,"href":"https:\/\/schoenstatt.com\/de\/wp-json\/wp\/v2\/users\/3"}],"replies":[{"embeddable":true,"href":"https:\/\/schoenstatt.com\/de\/wp-json\/wp\/v2\/comments?post=35531"}],"version-history":[{"count":1,"href":"https:\/\/schoenstatt.com\/de\/wp-json\/wp\/v2\/posts\/35531\/revisions"}],"predecessor-version":[{"id":46817,"href":"https:\/\/schoenstatt.com\/de\/wp-json\/wp\/v2\/posts\/35531\/revisions\/46817"}],"wp:featuredmedia":[{"embeddable":true,"href":"https:\/\/schoenstatt.com\/de\/wp-json\/wp\/v2\/media\/35499"}],"wp:attachment":[{"href":"https:\/\/schoenstatt.com\/de\/wp-json\/wp\/v2\/media?parent=35531"}],"wp:term":[{"taxonomy":"category","embeddable":true,"href":"https:\/\/schoenstatt.com\/de\/wp-json\/wp\/v2\/categories?post=35531"},{"taxonomy":"post_tag","embeddable":true,"href":"https:\/\/schoenstatt.com\/de\/wp-json\/wp\/v2\/tags?post=35531"}],"curies":[{"name":"wp","href":"https:\/\/api.w.org\/{rel}","templated":true}]}}