{"id":35425,"date":"2024-04-18T06:33:27","date_gmt":"2024-04-18T04:33:27","guid":{"rendered":"https:\/\/schoenstatt.com\/?p=35425"},"modified":"2025-05-15T20:33:55","modified_gmt":"2025-05-15T18:33:55","slug":"bundnistag-prophetisch-sein-wie-maria","status":"publish","type":"post","link":"https:\/\/schoenstatt.com\/de\/bundnistag-prophetisch-sein-wie-maria\/","title":{"rendered":"B\u00fcndnistag: Prophetisch sein, wie Maria"},"content":{"rendered":"<p>Liebe weltweite Sch\u00f6nstattfamilie,<\/p>\n<p>Herzlichen Gl\u00fcckw\u00fcnsch zur Feier des <a href=\"https:\/\/schoenstatt.com\/de\/about\/spiritualitaet\/das-liebesbuendnis\/\">B\u00fcndnistages<\/a>.<\/p>\n<p>Mit Dankbarkeit und Freude erinnern wir uns daran, dass Gott uns am 18. Oktober 1914 in Sch\u00f6nstatt\/Vallendar durch sein auserw\u00e4hltes Werkzeug Pater Kentenich einen Ort (Heiligtum), eine Mutter (Maria) und eine Sendung (Charisma) f\u00fcr eine zeitgem\u00e4sse, zukunftsf\u00e4hige Erneuerung der Kirche geschenkt hat.<\/p>\n<h3>Unser Ort, unser Ursprung \u2013 von Gott gesegnet<\/h3>\n<p>Aus einem kleinen Weizenkorn ist ein weltumspannendes Werk der g\u00f6ttlichen Vorsehung entstanden, das sich in zwei Weltkriegen bew\u00e4hrt, Verfolgung und Konzentrationslager durch das Naziregime ungebrochen \u00fcberstanden, sich unerschrocken den kirchlichen Pr\u00fcfungen gestellt hat und sich auch weiterhin allen aktuellen kritischen Anfragen stellen wird.<\/p>\n<p>Eine prophetische Sendung muss durch das Feuer der L\u00e4uterung und Kl\u00e4rung gehen, wenn sie sich als gottgewolltes Charisma f\u00fcr die Kirche best\u00e4tigen soll &#8211; und das kann schmerzhaft sein.<\/p>\n<p>Was im Laufe der Zeit &#8211; in Europa und auf anderen Kontinenten &#8211; in unserer weltweiten Erneuerungsbewegung an heiligm\u00e4\u00dfigem Leben, an immer neuen, kreativen Erneuerungsimpulsen, an der Entstehung vieler familienhaften, geistlicher Weggemeinschaften von Laien und Gottgeweihten, aber auch an mutigen, fruchtbaren Einzelinitiativen und wegweisenden Pioniertaten (Jo\u00e3o Pozzobon, Gertraud von Bullion, sel. Karl Leisner, Maria Laufenberg, Mario Hiriat, P. Franz Reinisch, Sr. M. Emilie Engel, verschiedene Gemeinschaften in allen Kontinenten u.a.) gewachsen ist, darf uns &#8211; bei allen Schw\u00e4chen, M\u00e4ngeln und Fehlern &#8211; mit bescheidenem, aber ehrlichem Stolz, vor allem mit grosser Dankbarkeit erf\u00fcllen. Freilich immer verbunden mit der st\u00e4ndigen Bereitschaft zur inneren Umkehr und zur Heiligung unseres Alltags.<\/p>\n<h3>Unser Liebesb\u00fcndnis \u2013 Quelle lebendiger Fruchtbarkeit<\/h3>\n<p>Am Ursprung unserer Familiengeschichte und im kraftvollen Wachsen und Werden der Bewegung mit dem herausfordernden Ziel, das uns von Gott anvertraute Charisma zum Wohl von Kirche und Gesellschaft zukunftsweisend umzusetzen, steht das Liebesb\u00fcndnis. Das \u00abLiebesb\u00fcndnis mit Maria\u00bb, Herzst\u00fcck unserer sch\u00f6nst\u00e4ttischen Spiritualit\u00e4t, ist erwachsen aus der j\u00fcdisch-christlichen Bundestheologie, die als Schl\u00fcssel f\u00fcr das Verst\u00e4ndnis des ganzen heilsgeschichtliche Handelns und Wirken Gottes in dieser Welt und im Leben jedes einzelnen Menschen bezeichnet werden kann.<\/p>\n<p>Es ist nichts anderes als eine Einladung, das Testament des sterbenden Jesus am Kreuz in neuer, origineller Form ernst zu nehmen und f\u00fcr unsere pers\u00f6nliche Beziehung zu Maria, f\u00fcr unsere Hingabe an Jesus, an den dreieinigen Gott, aber auch f\u00fcr unseren Dienst am N\u00e4chsten fruchtbar zu machen. Uns allen sagt Jesus vom Kreuz herab: \u00abSiehe, deine Mutter!\u00bb Und seiner Mutter vertraut er uns alle an: \u00abFrau, siehe deinen Sohn\/deine Tochter\u00bb (Joh 19,26\/27). Wer k\u00f6nnte uns besser helfen, in die liebende, vertrauende, Schmerz und Leid \u00fcberwindende, treue Herzensbeziehung zu Jesus, dem menschgewordenen Gottessohn, hineinzuwachsen, als seine Mutter Maria?<\/p>\n<p>Wer sich auf den geistlichen Weg der pers\u00f6nlichen Hingabe und Bindung an Maria, die Mutter Jesu und geistliche Mutter aller Christen, ja aller Menschen im Liebesb\u00fcndnis, einl\u00e4sst, wird immer mehr und immer tiefer hineingenommen in ihre geistlich erleuchtete Wahrnehmung der liebenden N\u00e4he und Gegenwart Gottes, in das offene und oft verborgene Wirken ihres Sohnes und in die innere F\u00fchrung durch den Heiligen Geist.<\/p>\n<h3>Unser Charisma \u2013 im Dienst von Kirche und Welt<\/h3>\n<p>\u00abMaria bewahrte alles, was geschehen war, in ihrem Herzen und dachte dar\u00fcber nach\u00bb (Lk 2,19). Maria denkt, lebt und liebt ganz im Licht und in der Liebe Gottes. Sie ist Meisterin der geistlichen Kontemplation, die der heilige Ignatius von Loyola \u00abGott in allen Dingen suchen und finden\u00bb und P. Kentenich \u00abden praktischen Vorsehungsglauben\u00bb nennt. Sie ist auch Meisterin in der Erziehung zum \u00abneuen Menschen\u00bb, auf dem die lebendige Gemeinschaft der Kirche aufbaut.<\/p>\n<p>Liebe Sch\u00f6nstattfamilie, wenn wir uns alle, prophetisch wie Maria, immer neu auf diesen geistlichen Weg einlassen, dann schenken wir der Kirche das Wichtigste und Entscheidendste, was sie auch heute dringend braucht: eine in unserer Familie vielfach erprobte geistliche Erfahrung &#8211; im Blick auf die vor uns liegende Wirklichkeit &#8211; immer neu den wahren Willen Gottes zu erkennen und zu erf\u00fcllen. Dieses Charisma wollen und d\u00fcrfen wir der Kirche und der Welt schenken. An diese gottgeschenkte Aufgabe und Sendung erinnert uns auch der bevorstehende 75-j\u00e4hrige Jahrestag des dritten Sch\u00f6nstatt-Meilensteins (Sch\u00f6nstatt-Heiligtum Bellavista\/Chile) am 31. Mai 2024.<\/p>\n<p>Es ist sch\u00f6n, dass wir auf diese Weise auf allen Kontinenten miteinander unterwegs sind und dazu beitragen d\u00fcrfen, \u00abSauerteig\u00bb f\u00fcr eine erneuerte, synodale Kirche zu sein.<\/p>\n<p>Ihnen allen w\u00fcnscht reichen Segen zum B\u00fcndnistag<\/p>\n<p>Pfr. Hubert Vonlanthen, Bundespriester, Mitglied des internationalen Sekretariates des <a href=\"https:\/\/schoenstatt-priesterbund.de\/\" target=\"_blank\" rel=\"noopener\">Sch\u00f6nstatt Priesterbundes<\/a>, Delegierter im Generalpr\u00e4sidium<\/p>\n","protected":false},"excerpt":{"rendered":"<p>Prophetisch zu sein bedeutet, das ABC des Glaubens zu leben, die t\u00e4gliche Heiligkeit, den praktischen Glauben an die g\u00f6ttliche Vorsehung &#8211; das Liebesb\u00fcndnis lebendig und real zu machen!<\/p>\n","protected":false},"author":3,"featured_media":35416,"comment_status":"closed","ping_status":"closed","sticky":false,"template":"","format":"standard","meta":{"footnotes":""},"categories":[914],"tags":[],"class_list":["post-35425","post","type-post","status-publish","format-standard","has-post-thumbnail","hentry","category-spiritualitat-de"],"yoast_head":"<!-- This site is optimized with the Yoast SEO Premium plugin v27.4 (Yoast SEO v27.4) - https:\/\/yoast.com\/product\/yoast-seo-premium-wordpress\/ -->\n<title>B\u00fcndnistag: Prophetisch sein, wie Maria - Schoenstatt<\/title>\n<meta name=\"description\" content=\"Prophetisch zu sein bedeutet, das ABC des Glaubens zu leben, die t\u00e4gliche Heiligkeit, den praktischen Glauben an die g\u00f6ttliche Vorsehung\" \/>\n<meta name=\"robots\" content=\"index, follow, max-snippet:-1, max-image-preview:large, max-video-preview:-1\" \/>\n<link rel=\"canonical\" href=\"https:\/\/schoenstatt.com\/de\/bundnistag-prophetisch-sein-wie-maria\/\" \/>\n<meta property=\"og:locale\" content=\"de_DE\" \/>\n<meta property=\"og:type\" content=\"article\" \/>\n<meta property=\"og:title\" content=\"B\u00fcndnistag: Prophetisch sein, wie Maria\" \/>\n<meta property=\"og:description\" content=\"Prophetisch zu sein bedeutet, das ABC des Glaubens zu leben, die t\u00e4gliche Heiligkeit, den praktischen Glauben an die g\u00f6ttliche Vorsehung\" \/>\n<meta property=\"og:url\" content=\"https:\/\/schoenstatt.com\/de\/bundnistag-prophetisch-sein-wie-maria\/\" \/>\n<meta property=\"og:site_name\" content=\"Schoenstatt\" \/>\n<meta property=\"article:published_time\" content=\"2024-04-18T04:33:27+00:00\" \/>\n<meta property=\"article:modified_time\" content=\"2025-05-15T18:33:55+00:00\" \/>\n<meta property=\"og:image\" content=\"https:\/\/schoenstatt.com\/wp-content\/uploads\/2024\/04\/santuario-original-urheiligtum-shrine-1.jpg\" \/>\n\t<meta property=\"og:image:width\" content=\"2048\" \/>\n\t<meta property=\"og:image:height\" content=\"1536\" \/>\n\t<meta property=\"og:image:type\" content=\"image\/jpeg\" \/>\n<meta name=\"author\" content=\"Karen Bueno\" \/>\n<meta name=\"twitter:card\" content=\"summary_large_image\" \/>\n<meta name=\"twitter:label1\" content=\"Verfasst von\" \/>\n\t<meta name=\"twitter:data1\" content=\"Karen Bueno\" \/>\n\t<meta name=\"twitter:label2\" content=\"Gesch\u00e4tzte Lesezeit\" \/>\n\t<meta name=\"twitter:data2\" content=\"4\u00a0Minuten\" \/>\n<script type=\"application\/ld+json\" class=\"yoast-schema-graph\">{\"@context\":\"https:\\\/\\\/schema.org\",\"@graph\":[{\"@type\":\"Article\",\"@id\":\"https:\\\/\\\/schoenstatt.com\\\/de\\\/bundnistag-prophetisch-sein-wie-maria\\\/#article\",\"isPartOf\":{\"@id\":\"https:\\\/\\\/schoenstatt.com\\\/de\\\/bundnistag-prophetisch-sein-wie-maria\\\/\"},\"author\":{\"name\":\"Karen Bueno\",\"@id\":\"https:\\\/\\\/schoenstatt.com\\\/de\\\/#\\\/schema\\\/person\\\/5158877ad4acae98b34daaeef2a1ce6e\"},\"headline\":\"B\u00fcndnistag: Prophetisch sein, wie Maria\",\"datePublished\":\"2024-04-18T04:33:27+00:00\",\"dateModified\":\"2025-05-15T18:33:55+00:00\",\"mainEntityOfPage\":{\"@id\":\"https:\\\/\\\/schoenstatt.com\\\/de\\\/bundnistag-prophetisch-sein-wie-maria\\\/\"},\"wordCount\":758,\"publisher\":{\"@id\":\"https:\\\/\\\/schoenstatt.com\\\/de\\\/#organization\"},\"image\":{\"@id\":\"https:\\\/\\\/schoenstatt.com\\\/de\\\/bundnistag-prophetisch-sein-wie-maria\\\/#primaryimage\"},\"thumbnailUrl\":\"https:\\\/\\\/schoenstatt.com\\\/wp-content\\\/uploads\\\/2024\\\/04\\\/santuario-original-urheiligtum-shrine-1.jpg\",\"articleSection\":[\"Spiritualit\u00e4t\"],\"inLanguage\":\"de\"},{\"@type\":\"WebPage\",\"@id\":\"https:\\\/\\\/schoenstatt.com\\\/de\\\/bundnistag-prophetisch-sein-wie-maria\\\/\",\"url\":\"https:\\\/\\\/schoenstatt.com\\\/de\\\/bundnistag-prophetisch-sein-wie-maria\\\/\",\"name\":\"B\u00fcndnistag: Prophetisch sein, wie Maria - Schoenstatt\",\"isPartOf\":{\"@id\":\"https:\\\/\\\/schoenstatt.com\\\/de\\\/#website\"},\"primaryImageOfPage\":{\"@id\":\"https:\\\/\\\/schoenstatt.com\\\/de\\\/bundnistag-prophetisch-sein-wie-maria\\\/#primaryimage\"},\"image\":{\"@id\":\"https:\\\/\\\/schoenstatt.com\\\/de\\\/bundnistag-prophetisch-sein-wie-maria\\\/#primaryimage\"},\"thumbnailUrl\":\"https:\\\/\\\/schoenstatt.com\\\/wp-content\\\/uploads\\\/2024\\\/04\\\/santuario-original-urheiligtum-shrine-1.jpg\",\"datePublished\":\"2024-04-18T04:33:27+00:00\",\"dateModified\":\"2025-05-15T18:33:55+00:00\",\"description\":\"Prophetisch zu sein bedeutet, das ABC des Glaubens zu leben, die t\u00e4gliche Heiligkeit, den praktischen Glauben an die g\u00f6ttliche Vorsehung\",\"breadcrumb\":{\"@id\":\"https:\\\/\\\/schoenstatt.com\\\/de\\\/bundnistag-prophetisch-sein-wie-maria\\\/#breadcrumb\"},\"inLanguage\":\"de\",\"potentialAction\":[{\"@type\":\"ReadAction\",\"target\":[\"https:\\\/\\\/schoenstatt.com\\\/de\\\/bundnistag-prophetisch-sein-wie-maria\\\/\"]}]},{\"@type\":\"ImageObject\",\"inLanguage\":\"de\",\"@id\":\"https:\\\/\\\/schoenstatt.com\\\/de\\\/bundnistag-prophetisch-sein-wie-maria\\\/#primaryimage\",\"url\":\"https:\\\/\\\/schoenstatt.com\\\/wp-content\\\/uploads\\\/2024\\\/04\\\/santuario-original-urheiligtum-shrine-1.jpg\",\"contentUrl\":\"https:\\\/\\\/schoenstatt.com\\\/wp-content\\\/uploads\\\/2024\\\/04\\\/santuario-original-urheiligtum-shrine-1.jpg\",\"width\":2048,\"height\":1536,\"caption\":\"original shrine\"},{\"@type\":\"BreadcrumbList\",\"@id\":\"https:\\\/\\\/schoenstatt.com\\\/de\\\/bundnistag-prophetisch-sein-wie-maria\\\/#breadcrumb\",\"itemListElement\":[{\"@type\":\"ListItem\",\"position\":1,\"name\":\"Portada\",\"item\":\"https:\\\/\\\/schoenstatt.com\\\/de\\\/home\\\/\"},{\"@type\":\"ListItem\",\"position\":2,\"name\":\"B\u00fcndnistag: Prophetisch sein, wie Maria\"}]},{\"@type\":\"WebSite\",\"@id\":\"https:\\\/\\\/schoenstatt.com\\\/de\\\/#website\",\"url\":\"https:\\\/\\\/schoenstatt.com\\\/de\\\/\",\"name\":\"Schoenstatt\",\"description\":\"Apostolic Movement\",\"publisher\":{\"@id\":\"https:\\\/\\\/schoenstatt.com\\\/de\\\/#organization\"},\"potentialAction\":[{\"@type\":\"SearchAction\",\"target\":{\"@type\":\"EntryPoint\",\"urlTemplate\":\"https:\\\/\\\/schoenstatt.com\\\/de\\\/?s={search_term_string}\"},\"query-input\":{\"@type\":\"PropertyValueSpecification\",\"valueRequired\":true,\"valueName\":\"search_term_string\"}}],\"inLanguage\":\"de\"},{\"@type\":\"Organization\",\"@id\":\"https:\\\/\\\/schoenstatt.com\\\/de\\\/#organization\",\"name\":\"Schoenstatt\",\"url\":\"https:\\\/\\\/schoenstatt.com\\\/de\\\/\",\"logo\":{\"@type\":\"ImageObject\",\"inLanguage\":\"de\",\"@id\":\"https:\\\/\\\/schoenstatt.com\\\/de\\\/#\\\/schema\\\/logo\\\/image\\\/\",\"url\":\"https:\\\/\\\/schoenstatt.com\\\/wp-content\\\/uploads\\\/2025\\\/04\\\/logo-schoenstatt-white-696x696-1.png\",\"contentUrl\":\"https:\\\/\\\/schoenstatt.com\\\/wp-content\\\/uploads\\\/2025\\\/04\\\/logo-schoenstatt-white-696x696-1.png\",\"width\":696,\"height\":694,\"caption\":\"Schoenstatt\"},\"image\":{\"@id\":\"https:\\\/\\\/schoenstatt.com\\\/de\\\/#\\\/schema\\\/logo\\\/image\\\/\"}},{\"@type\":\"Person\",\"@id\":\"https:\\\/\\\/schoenstatt.com\\\/de\\\/#\\\/schema\\\/person\\\/5158877ad4acae98b34daaeef2a1ce6e\",\"name\":\"Karen Bueno\",\"image\":{\"@type\":\"ImageObject\",\"inLanguage\":\"de\",\"@id\":\"https:\\\/\\\/secure.gravatar.com\\\/avatar\\\/f9f4b823873154269d2b2130f195f6d41037dd0d7fc5f3cacb5c846bae70d66b?s=96&d=mm&r=g\",\"url\":\"https:\\\/\\\/secure.gravatar.com\\\/avatar\\\/f9f4b823873154269d2b2130f195f6d41037dd0d7fc5f3cacb5c846bae70d66b?s=96&d=mm&r=g\",\"contentUrl\":\"https:\\\/\\\/secure.gravatar.com\\\/avatar\\\/f9f4b823873154269d2b2130f195f6d41037dd0d7fc5f3cacb5c846bae70d66b?s=96&d=mm&r=g\",\"caption\":\"Karen Bueno\"},\"url\":\"https:\\\/\\\/schoenstatt.com\\\/de\\\/author\\\/karen-bueno\\\/\"}]}<\/script>\n<!-- \/ Yoast SEO Premium plugin. -->","yoast_head_json":{"title":"B\u00fcndnistag: Prophetisch sein, wie Maria - Schoenstatt","description":"Prophetisch zu sein bedeutet, das ABC des Glaubens zu leben, die t\u00e4gliche Heiligkeit, den praktischen Glauben an die g\u00f6ttliche Vorsehung","robots":{"index":"index","follow":"follow","max-snippet":"max-snippet:-1","max-image-preview":"max-image-preview:large","max-video-preview":"max-video-preview:-1"},"canonical":"https:\/\/schoenstatt.com\/de\/bundnistag-prophetisch-sein-wie-maria\/","og_locale":"de_DE","og_type":"article","og_title":"B\u00fcndnistag: Prophetisch sein, wie Maria","og_description":"Prophetisch zu sein bedeutet, das ABC des Glaubens zu leben, die t\u00e4gliche Heiligkeit, den praktischen Glauben an die g\u00f6ttliche Vorsehung","og_url":"https:\/\/schoenstatt.com\/de\/bundnistag-prophetisch-sein-wie-maria\/","og_site_name":"Schoenstatt","article_published_time":"2024-04-18T04:33:27+00:00","article_modified_time":"2025-05-15T18:33:55+00:00","og_image":[{"width":2048,"height":1536,"url":"https:\/\/schoenstatt.com\/wp-content\/uploads\/2024\/04\/santuario-original-urheiligtum-shrine-1.jpg","type":"image\/jpeg"}],"author":"Karen Bueno","twitter_card":"summary_large_image","twitter_misc":{"Verfasst von":"Karen Bueno","Gesch\u00e4tzte Lesezeit":"4\u00a0Minuten"},"schema":{"@context":"https:\/\/schema.org","@graph":[{"@type":"Article","@id":"https:\/\/schoenstatt.com\/de\/bundnistag-prophetisch-sein-wie-maria\/#article","isPartOf":{"@id":"https:\/\/schoenstatt.com\/de\/bundnistag-prophetisch-sein-wie-maria\/"},"author":{"name":"Karen Bueno","@id":"https:\/\/schoenstatt.com\/de\/#\/schema\/person\/5158877ad4acae98b34daaeef2a1ce6e"},"headline":"B\u00fcndnistag: Prophetisch sein, wie Maria","datePublished":"2024-04-18T04:33:27+00:00","dateModified":"2025-05-15T18:33:55+00:00","mainEntityOfPage":{"@id":"https:\/\/schoenstatt.com\/de\/bundnistag-prophetisch-sein-wie-maria\/"},"wordCount":758,"publisher":{"@id":"https:\/\/schoenstatt.com\/de\/#organization"},"image":{"@id":"https:\/\/schoenstatt.com\/de\/bundnistag-prophetisch-sein-wie-maria\/#primaryimage"},"thumbnailUrl":"https:\/\/schoenstatt.com\/wp-content\/uploads\/2024\/04\/santuario-original-urheiligtum-shrine-1.jpg","articleSection":["Spiritualit\u00e4t"],"inLanguage":"de"},{"@type":"WebPage","@id":"https:\/\/schoenstatt.com\/de\/bundnistag-prophetisch-sein-wie-maria\/","url":"https:\/\/schoenstatt.com\/de\/bundnistag-prophetisch-sein-wie-maria\/","name":"B\u00fcndnistag: Prophetisch sein, wie Maria - Schoenstatt","isPartOf":{"@id":"https:\/\/schoenstatt.com\/de\/#website"},"primaryImageOfPage":{"@id":"https:\/\/schoenstatt.com\/de\/bundnistag-prophetisch-sein-wie-maria\/#primaryimage"},"image":{"@id":"https:\/\/schoenstatt.com\/de\/bundnistag-prophetisch-sein-wie-maria\/#primaryimage"},"thumbnailUrl":"https:\/\/schoenstatt.com\/wp-content\/uploads\/2024\/04\/santuario-original-urheiligtum-shrine-1.jpg","datePublished":"2024-04-18T04:33:27+00:00","dateModified":"2025-05-15T18:33:55+00:00","description":"Prophetisch zu sein bedeutet, das ABC des Glaubens zu leben, die t\u00e4gliche Heiligkeit, den praktischen Glauben an die g\u00f6ttliche Vorsehung","breadcrumb":{"@id":"https:\/\/schoenstatt.com\/de\/bundnistag-prophetisch-sein-wie-maria\/#breadcrumb"},"inLanguage":"de","potentialAction":[{"@type":"ReadAction","target":["https:\/\/schoenstatt.com\/de\/bundnistag-prophetisch-sein-wie-maria\/"]}]},{"@type":"ImageObject","inLanguage":"de","@id":"https:\/\/schoenstatt.com\/de\/bundnistag-prophetisch-sein-wie-maria\/#primaryimage","url":"https:\/\/schoenstatt.com\/wp-content\/uploads\/2024\/04\/santuario-original-urheiligtum-shrine-1.jpg","contentUrl":"https:\/\/schoenstatt.com\/wp-content\/uploads\/2024\/04\/santuario-original-urheiligtum-shrine-1.jpg","width":2048,"height":1536,"caption":"original shrine"},{"@type":"BreadcrumbList","@id":"https:\/\/schoenstatt.com\/de\/bundnistag-prophetisch-sein-wie-maria\/#breadcrumb","itemListElement":[{"@type":"ListItem","position":1,"name":"Portada","item":"https:\/\/schoenstatt.com\/de\/home\/"},{"@type":"ListItem","position":2,"name":"B\u00fcndnistag: Prophetisch sein, wie Maria"}]},{"@type":"WebSite","@id":"https:\/\/schoenstatt.com\/de\/#website","url":"https:\/\/schoenstatt.com\/de\/","name":"Schoenstatt","description":"Apostolic Movement","publisher":{"@id":"https:\/\/schoenstatt.com\/de\/#organization"},"potentialAction":[{"@type":"SearchAction","target":{"@type":"EntryPoint","urlTemplate":"https:\/\/schoenstatt.com\/de\/?s={search_term_string}"},"query-input":{"@type":"PropertyValueSpecification","valueRequired":true,"valueName":"search_term_string"}}],"inLanguage":"de"},{"@type":"Organization","@id":"https:\/\/schoenstatt.com\/de\/#organization","name":"Schoenstatt","url":"https:\/\/schoenstatt.com\/de\/","logo":{"@type":"ImageObject","inLanguage":"de","@id":"https:\/\/schoenstatt.com\/de\/#\/schema\/logo\/image\/","url":"https:\/\/schoenstatt.com\/wp-content\/uploads\/2025\/04\/logo-schoenstatt-white-696x696-1.png","contentUrl":"https:\/\/schoenstatt.com\/wp-content\/uploads\/2025\/04\/logo-schoenstatt-white-696x696-1.png","width":696,"height":694,"caption":"Schoenstatt"},"image":{"@id":"https:\/\/schoenstatt.com\/de\/#\/schema\/logo\/image\/"}},{"@type":"Person","@id":"https:\/\/schoenstatt.com\/de\/#\/schema\/person\/5158877ad4acae98b34daaeef2a1ce6e","name":"Karen Bueno","image":{"@type":"ImageObject","inLanguage":"de","@id":"https:\/\/secure.gravatar.com\/avatar\/f9f4b823873154269d2b2130f195f6d41037dd0d7fc5f3cacb5c846bae70d66b?s=96&d=mm&r=g","url":"https:\/\/secure.gravatar.com\/avatar\/f9f4b823873154269d2b2130f195f6d41037dd0d7fc5f3cacb5c846bae70d66b?s=96&d=mm&r=g","contentUrl":"https:\/\/secure.gravatar.com\/avatar\/f9f4b823873154269d2b2130f195f6d41037dd0d7fc5f3cacb5c846bae70d66b?s=96&d=mm&r=g","caption":"Karen Bueno"},"url":"https:\/\/schoenstatt.com\/de\/author\/karen-bueno\/"}]}},"_links":{"self":[{"href":"https:\/\/schoenstatt.com\/de\/wp-json\/wp\/v2\/posts\/35425","targetHints":{"allow":["GET"]}}],"collection":[{"href":"https:\/\/schoenstatt.com\/de\/wp-json\/wp\/v2\/posts"}],"about":[{"href":"https:\/\/schoenstatt.com\/de\/wp-json\/wp\/v2\/types\/post"}],"author":[{"embeddable":true,"href":"https:\/\/schoenstatt.com\/de\/wp-json\/wp\/v2\/users\/3"}],"replies":[{"embeddable":true,"href":"https:\/\/schoenstatt.com\/de\/wp-json\/wp\/v2\/comments?post=35425"}],"version-history":[{"count":1,"href":"https:\/\/schoenstatt.com\/de\/wp-json\/wp\/v2\/posts\/35425\/revisions"}],"predecessor-version":[{"id":46803,"href":"https:\/\/schoenstatt.com\/de\/wp-json\/wp\/v2\/posts\/35425\/revisions\/46803"}],"wp:featuredmedia":[{"embeddable":true,"href":"https:\/\/schoenstatt.com\/de\/wp-json\/wp\/v2\/media\/35416"}],"wp:attachment":[{"href":"https:\/\/schoenstatt.com\/de\/wp-json\/wp\/v2\/media?parent=35425"}],"wp:term":[{"taxonomy":"category","embeddable":true,"href":"https:\/\/schoenstatt.com\/de\/wp-json\/wp\/v2\/categories?post=35425"},{"taxonomy":"post_tag","embeddable":true,"href":"https:\/\/schoenstatt.com\/de\/wp-json\/wp\/v2\/tags?post=35425"}],"curies":[{"name":"wp","href":"https:\/\/api.w.org\/{rel}","templated":true}]}}