{"id":35409,"date":"2024-04-09T14:08:07","date_gmt":"2024-04-09T12:08:07","guid":{"rendered":"https:\/\/schoenstatt.com\/spiritualitat\/los-padres-de-schoenstatt-cumplen-50-anos-en-burundi\/"},"modified":"2025-05-15T20:17:58","modified_gmt":"2025-05-15T18:17:58","slug":"ein-besonderer-festtag-fur-die-schoenstatt-patres-in-burundi","status":"publish","type":"post","link":"https:\/\/schoenstatt.com\/de\/ein-besonderer-festtag-fur-die-schoenstatt-patres-in-burundi\/","title":{"rendered":"Ein besonderer Festtag f\u00fcr die Sch\u00f6nstatt-Patres in Burundi"},"content":{"rendered":"<p><em>\u201eDas ist der Tag, den der Herr gemacht hat; lasst uns frohlocken und uns an ihm freuen\u201c<\/em> (Psalm 118,24). Wahrhaftig, alle Tage sind von Gott, dem Herrn, dem Sch\u00f6pfer des Himmels und der Erde, gemacht. Aber unter ihnen gibt es einige Tage, die durch die bemerkenswerten Ereignisse, die der Herr durch sein Volk gewirkt hat, und durch das kostbare Geschenk, das sie von ihm erhalten haben, zu etwas Besonderem werden. Der letzte Sonntag, der 7. April, der zweite Sonntag der Osterzeit, der als Sonntag der g\u00f6ttlichen Barmherzigkeit gilt, ist einer dieser ganz besonderen Tage auf <a href=\"https:\/\/www.peres-schoenstatt.org\/\" target=\"_blank\" rel=\"noopener\">Mont Sion Gikungu<\/a>, dem Sion Patris Africae der <a href=\"https:\/\/schoenstatt.com\/de\/familie\/gemeinschaften-in-der-schoenstattbewegung\/priester\/\">Sch\u00f6nstatt-Patres<\/a> hier in Ostafrika.<\/p>\n<p>Die Feier des Goldenen Jubil\u00e4ums der Pr\u00e4senz der Sch\u00f6nstatt-Patres in Burundi und die Priesterweihe von Diakon Samuel Sibomana sind die Ereignisse, die diesen Tag besonders und anders als andere machen.<\/p>\n<h2>Drei Bisch\u00f6fe und mehr als 50 Priester nahmen an der Feier teil<\/h2>\n<p><img fetchpriority=\"high\" decoding=\"async\" class=\"aligncenter wp-image-35379 \" src=\"https:\/\/schoenstatt.com\/wp-content\/uploads\/2024\/04\/ordenacao-ordenacion-ordination-schoenstatt-fathers-4.jpg\" alt=\"\" width=\"812\" height=\"570\" \/><\/p>\n<p>Die Veranstaltung begann mit der Feier der heiligen Messe um 10 Uhr. Sie wurde vom Erzbischof der Erzdi\u00f6zese Bujumbura, Msgr. Gervais Banshimiyubusa, geleitet, der auch die Priesterweihe vornahm. Der emeritierte Erzbischof Evariste Ngoyagoye und Bischof Blaise Nzeyimana von der Di\u00f6zese Ruyigi konzelebrierten. Mehr als 50 Priester waren anwesend, darunter zwei Vertreter der Generalleitung der Sch\u00f6nstatt-Patres und der Delegierte des Oberen der Region Victoria Matris (Nigeria), Pater Kingsley Okereke; der Generalrektor des Instituts der Sch\u00f6nstatt-Di\u00f6zesanpriester, Dr. Christian L\u00f6hr; vier Diakone und Samuel, der die heilige Priesterweihe empfing. Bei der Feier waren auch viele W\u00fcrdentr\u00e4ger und andere gro\u00dfe Pers\u00f6nlichkeiten anwesend, die unserer Einladung gefolgt waren.<\/p>\n<h2>50 Jahre Sch\u00f6nstatt-Patres in Burundi<\/h2>\n<p>Zu Beginn gab der Delegierte der Sch\u00f6nstatt-Patres von Sion Patris Africae, Pater Jos\u00e9 Luis Correa, einen kurzen \u00dcberblick \u00fcber die Geschichte der Sch\u00f6nstatt-Patres in Burundi mit Hilfe von Pater Alfred Kistler und anderen Priestern. Alfred Kistler und andere Priester aus der Schweiz wie Pater Othmar Landolt, Edwin Germann, Ruedi-Josef H\u00fcppi, die von den bereits in Bujumbura anwesenden Sch\u00f6nst\u00e4tter Marienschwestern eingeladen worden waren, erl\u00e4uterten die Rolle, die sie spielten, ohne die Herausforderungen zu vergessen, denen sie in der Gr\u00fcndungszeit gegen\u00fcberstanden.<\/p>\n<p><img decoding=\"async\" class=\"aligncenter wp-image-35375 \" src=\"https:\/\/schoenstatt.com\/wp-content\/uploads\/2024\/04\/ordenacao-ordenacion-ordination-schoenstatt-fathers-3.jpg\" alt=\"\" width=\"776\" height=\"518\" \/><\/p>\n<h2>Ein neuer Sch\u00f6nstatt-Pater f\u00fcr Burundi<\/h2>\n<p>In der Predigt dr\u00fcckte Erzbischof Gervais Banshimiyubusa seine Freude dar\u00fcber aus, dass es in seiner Erzdi\u00f6zese zwei Heiligt\u00fcmer mit der gr\u00f6\u00dften Anzahl von Sch\u00f6nstattpilgern gibt. Er betonte das Geschenk des Friedens, das Jesus seinen J\u00fcngern gemacht hat, im Gegensatz zu der Scham und der Angst, die sie hatten. Er ermutigte Pater Samuel Sibomana, seiner Berufung treu zu bleiben und seine Aufgaben mit Flei\u00df und Eifer zu erf\u00fcllen.<\/p>\n<p><img decoding=\"async\" class=\"aligncenter wp-image-35371 \" src=\"https:\/\/schoenstatt.com\/wp-content\/uploads\/2024\/04\/ordenacao-ordenacion-ordination-schoenstatt-fathers-2.jpg\" alt=\"\" width=\"781\" height=\"521\" \/><\/p>\n<p>Samuel Sibomana w\u00e4hlte als seinen priesterlichen Wahlspruch den Satz: <em>\u201eDenn der Herr, dein Gott, ist ein liebender Gott\u201c<\/em> (Dtn 4,31).<\/p>\n<p>Er m\u00f6chte seine Berufung <em>\u201eals Sch\u00f6nstatt-Pater leben, der sich dem Ruf Gottes durch unsere Sionsgemeinschaft verpflichtet f\u00fchlt\u201c<\/em>. Und er dr\u00fcckt aus: <em>\u201eIch verstehe und glaube, dass das Liebesb\u00fcndnis, das wir mit der Gottesmutter Maria geschlossen haben, f\u00fcr mich ein Mittel ist, um nach priesterlicher Heiligkeit zu streben. Und durch das Liebesb\u00fcndnis und den Beitrag zum Gnadenkapital bin ich sicher, dass wir Maria nahe bleiben, die das Modell unseres Lebens ist, und sie hilft uns offensichtlich, ein Leben wirklich als \u201aalter Christus\u2018 (ein anderer Christus) zu f\u00fchren, ein Leben der Heiligkeit als ihre Werkzeuge in unserer heutigen Zeit zu leben.\u201c<\/em><\/p>\n<p><em><img loading=\"lazy\" decoding=\"async\" class=\"wp-image-35367 aligncenter\" src=\"https:\/\/schoenstatt.com\/wp-content\/uploads\/2024\/04\/Fr-Samuel-Sibomana-Schoenstatt-Burundi.jpg\" alt=\"\" width=\"538\" height=\"807\" \/><\/em><\/p>\n<p>W\u00e4hrend des Empfangs gab es viel Unterhaltung und Erfrischungen. Der Pr\u00e4sident der Republik Burundi forderte uns durch seinen Vertreter auf, uns in den Bereichen zu verbessern, in denen wir versagt haben, und ermutigte uns, die guten Werke in den Bereichen fortzusetzen, in denen wir erfolgreich waren.<\/p>\n<p>Das erste Ratsmitglied, Pater Arkadiusz Sosna, brachte seinerseits als Vertreter des Generalrats seine Freude \u00fcber das goldene Jubil\u00e4um von Sion Patris Africae und die Priesterweihe von Pater Samuel Sibomana zum Ausdruck und w\u00fcnschte ihm alles Gute f\u00fcr seine priesterlichen Dienste und sein Leben. Es gab viele weitere Reden und gute W\u00fcnsche zu den bemerkenswerten Ereignissen des Tages.<\/p>\n","protected":false},"excerpt":{"rendered":"<p>Die Sch\u00f6nstatt-Patres feierten 50 Jahre Sendung in Burundi, Afrika, mit einem besonderen Moment: der Priesterweihe von Diakon Samuel Sibomana. Drei Bisch\u00f6fe und mehr als 50 Priester nahmen an den Feierlichkeiten teil.<\/p>\n","protected":false},"author":3,"featured_media":35383,"comment_status":"closed","ping_status":"closed","sticky":false,"template":"","format":"standard","meta":{"footnotes":""},"categories":[907],"tags":[],"class_list":["post-35409","post","type-post","status-publish","format-standard","has-post-thumbnail","hentry","category-schoenstatt-gemeinschaften-de"],"yoast_head":"<!-- This site is optimized with the Yoast SEO Premium plugin v27.4 (Yoast SEO v27.4) - https:\/\/yoast.com\/product\/yoast-seo-premium-wordpress\/ -->\n<title>Ein besonderer Festtag f\u00fcr die Sch\u00f6nstatt-Patres in Burundi<\/title>\n<meta name=\"description\" content=\"Die Sch\u00f6nstatt-Patres feierten 50 Jahre Sendung in Burundi mit einem besonderen Moment: die Priesterweihe von Samuel Sibomana.\" \/>\n<meta name=\"robots\" content=\"index, follow, max-snippet:-1, max-image-preview:large, max-video-preview:-1\" \/>\n<link rel=\"canonical\" href=\"https:\/\/schoenstatt.com\/de\/ein-besonderer-festtag-fur-die-schoenstatt-patres-in-burundi\/\" \/>\n<meta property=\"og:locale\" content=\"de_DE\" \/>\n<meta property=\"og:type\" content=\"article\" \/>\n<meta property=\"og:title\" content=\"Ein besonderer Festtag f\u00fcr die Sch\u00f6nstatt-Patres in Burundi\" \/>\n<meta property=\"og:description\" content=\"Die Sch\u00f6nstatt-Patres feierten 50 Jahre Sendung in Burundi mit einem besonderen Moment: die Priesterweihe von Samuel Sibomana.\" \/>\n<meta property=\"og:url\" content=\"https:\/\/schoenstatt.com\/de\/ein-besonderer-festtag-fur-die-schoenstatt-patres-in-burundi\/\" \/>\n<meta property=\"og:site_name\" content=\"Schoenstatt\" \/>\n<meta property=\"article:published_time\" content=\"2024-04-09T12:08:07+00:00\" \/>\n<meta property=\"article:modified_time\" content=\"2025-05-15T18:17:58+00:00\" \/>\n<meta property=\"og:image\" content=\"https:\/\/schoenstatt.com\/wp-content\/uploads\/2024\/04\/ordenacao-ordenacion-ordination-schoenstatt-fathers-1.jpg\" \/>\n\t<meta property=\"og:image:width\" content=\"2048\" \/>\n\t<meta property=\"og:image:height\" content=\"968\" \/>\n\t<meta property=\"og:image:type\" content=\"image\/jpeg\" \/>\n<meta name=\"author\" content=\"Karen Bueno\" \/>\n<meta name=\"twitter:card\" content=\"summary_large_image\" \/>\n<meta name=\"twitter:label1\" content=\"Verfasst von\" \/>\n\t<meta name=\"twitter:data1\" content=\"Karen Bueno\" \/>\n\t<meta name=\"twitter:label2\" content=\"Gesch\u00e4tzte Lesezeit\" \/>\n\t<meta name=\"twitter:data2\" content=\"4\u00a0Minuten\" \/>\n<script type=\"application\/ld+json\" class=\"yoast-schema-graph\">{\"@context\":\"https:\\\/\\\/schema.org\",\"@graph\":[{\"@type\":\"Article\",\"@id\":\"https:\\\/\\\/schoenstatt.com\\\/de\\\/ein-besonderer-festtag-fur-die-schoenstatt-patres-in-burundi\\\/#article\",\"isPartOf\":{\"@id\":\"https:\\\/\\\/schoenstatt.com\\\/de\\\/ein-besonderer-festtag-fur-die-schoenstatt-patres-in-burundi\\\/\"},\"author\":{\"name\":\"Karen Bueno\",\"@id\":\"https:\\\/\\\/schoenstatt.com\\\/de\\\/#\\\/schema\\\/person\\\/5158877ad4acae98b34daaeef2a1ce6e\"},\"headline\":\"Ein besonderer Festtag f\u00fcr die Sch\u00f6nstatt-Patres in Burundi\",\"datePublished\":\"2024-04-09T12:08:07+00:00\",\"dateModified\":\"2025-05-15T18:17:58+00:00\",\"mainEntityOfPage\":{\"@id\":\"https:\\\/\\\/schoenstatt.com\\\/de\\\/ein-besonderer-festtag-fur-die-schoenstatt-patres-in-burundi\\\/\"},\"wordCount\":684,\"publisher\":{\"@id\":\"https:\\\/\\\/schoenstatt.com\\\/de\\\/#organization\"},\"image\":{\"@id\":\"https:\\\/\\\/schoenstatt.com\\\/de\\\/ein-besonderer-festtag-fur-die-schoenstatt-patres-in-burundi\\\/#primaryimage\"},\"thumbnailUrl\":\"https:\\\/\\\/schoenstatt.com\\\/wp-content\\\/uploads\\\/2024\\\/04\\\/ordenacao-ordenacion-ordination-schoenstatt-fathers-1.jpg\",\"articleSection\":[\"Schoenstatt Gemeinschaften\"],\"inLanguage\":\"de\"},{\"@type\":\"WebPage\",\"@id\":\"https:\\\/\\\/schoenstatt.com\\\/de\\\/ein-besonderer-festtag-fur-die-schoenstatt-patres-in-burundi\\\/\",\"url\":\"https:\\\/\\\/schoenstatt.com\\\/de\\\/ein-besonderer-festtag-fur-die-schoenstatt-patres-in-burundi\\\/\",\"name\":\"Ein besonderer Festtag f\u00fcr die Sch\u00f6nstatt-Patres in Burundi\",\"isPartOf\":{\"@id\":\"https:\\\/\\\/schoenstatt.com\\\/de\\\/#website\"},\"primaryImageOfPage\":{\"@id\":\"https:\\\/\\\/schoenstatt.com\\\/de\\\/ein-besonderer-festtag-fur-die-schoenstatt-patres-in-burundi\\\/#primaryimage\"},\"image\":{\"@id\":\"https:\\\/\\\/schoenstatt.com\\\/de\\\/ein-besonderer-festtag-fur-die-schoenstatt-patres-in-burundi\\\/#primaryimage\"},\"thumbnailUrl\":\"https:\\\/\\\/schoenstatt.com\\\/wp-content\\\/uploads\\\/2024\\\/04\\\/ordenacao-ordenacion-ordination-schoenstatt-fathers-1.jpg\",\"datePublished\":\"2024-04-09T12:08:07+00:00\",\"dateModified\":\"2025-05-15T18:17:58+00:00\",\"description\":\"Die Sch\u00f6nstatt-Patres feierten 50 Jahre Sendung in Burundi mit einem besonderen Moment: die Priesterweihe von Samuel Sibomana.\",\"breadcrumb\":{\"@id\":\"https:\\\/\\\/schoenstatt.com\\\/de\\\/ein-besonderer-festtag-fur-die-schoenstatt-patres-in-burundi\\\/#breadcrumb\"},\"inLanguage\":\"de\",\"potentialAction\":[{\"@type\":\"ReadAction\",\"target\":[\"https:\\\/\\\/schoenstatt.com\\\/de\\\/ein-besonderer-festtag-fur-die-schoenstatt-patres-in-burundi\\\/\"]}]},{\"@type\":\"ImageObject\",\"inLanguage\":\"de\",\"@id\":\"https:\\\/\\\/schoenstatt.com\\\/de\\\/ein-besonderer-festtag-fur-die-schoenstatt-patres-in-burundi\\\/#primaryimage\",\"url\":\"https:\\\/\\\/schoenstatt.com\\\/wp-content\\\/uploads\\\/2024\\\/04\\\/ordenacao-ordenacion-ordination-schoenstatt-fathers-1.jpg\",\"contentUrl\":\"https:\\\/\\\/schoenstatt.com\\\/wp-content\\\/uploads\\\/2024\\\/04\\\/ordenacao-ordenacion-ordination-schoenstatt-fathers-1.jpg\",\"width\":2048,\"height\":968},{\"@type\":\"BreadcrumbList\",\"@id\":\"https:\\\/\\\/schoenstatt.com\\\/de\\\/ein-besonderer-festtag-fur-die-schoenstatt-patres-in-burundi\\\/#breadcrumb\",\"itemListElement\":[{\"@type\":\"ListItem\",\"position\":1,\"name\":\"Portada\",\"item\":\"https:\\\/\\\/schoenstatt.com\\\/de\\\/home\\\/\"},{\"@type\":\"ListItem\",\"position\":2,\"name\":\"Ein besonderer Festtag f\u00fcr die Sch\u00f6nstatt-Patres in Burundi\"}]},{\"@type\":\"WebSite\",\"@id\":\"https:\\\/\\\/schoenstatt.com\\\/de\\\/#website\",\"url\":\"https:\\\/\\\/schoenstatt.com\\\/de\\\/\",\"name\":\"Schoenstatt\",\"description\":\"Apostolic Movement\",\"publisher\":{\"@id\":\"https:\\\/\\\/schoenstatt.com\\\/de\\\/#organization\"},\"potentialAction\":[{\"@type\":\"SearchAction\",\"target\":{\"@type\":\"EntryPoint\",\"urlTemplate\":\"https:\\\/\\\/schoenstatt.com\\\/de\\\/?s={search_term_string}\"},\"query-input\":{\"@type\":\"PropertyValueSpecification\",\"valueRequired\":true,\"valueName\":\"search_term_string\"}}],\"inLanguage\":\"de\"},{\"@type\":\"Organization\",\"@id\":\"https:\\\/\\\/schoenstatt.com\\\/de\\\/#organization\",\"name\":\"Schoenstatt\",\"url\":\"https:\\\/\\\/schoenstatt.com\\\/de\\\/\",\"logo\":{\"@type\":\"ImageObject\",\"inLanguage\":\"de\",\"@id\":\"https:\\\/\\\/schoenstatt.com\\\/de\\\/#\\\/schema\\\/logo\\\/image\\\/\",\"url\":\"https:\\\/\\\/schoenstatt.com\\\/wp-content\\\/uploads\\\/2025\\\/04\\\/logo-schoenstatt-white-696x696-1.png\",\"contentUrl\":\"https:\\\/\\\/schoenstatt.com\\\/wp-content\\\/uploads\\\/2025\\\/04\\\/logo-schoenstatt-white-696x696-1.png\",\"width\":696,\"height\":694,\"caption\":\"Schoenstatt\"},\"image\":{\"@id\":\"https:\\\/\\\/schoenstatt.com\\\/de\\\/#\\\/schema\\\/logo\\\/image\\\/\"}},{\"@type\":\"Person\",\"@id\":\"https:\\\/\\\/schoenstatt.com\\\/de\\\/#\\\/schema\\\/person\\\/5158877ad4acae98b34daaeef2a1ce6e\",\"name\":\"Karen Bueno\",\"image\":{\"@type\":\"ImageObject\",\"inLanguage\":\"de\",\"@id\":\"https:\\\/\\\/secure.gravatar.com\\\/avatar\\\/f9f4b823873154269d2b2130f195f6d41037dd0d7fc5f3cacb5c846bae70d66b?s=96&d=mm&r=g\",\"url\":\"https:\\\/\\\/secure.gravatar.com\\\/avatar\\\/f9f4b823873154269d2b2130f195f6d41037dd0d7fc5f3cacb5c846bae70d66b?s=96&d=mm&r=g\",\"contentUrl\":\"https:\\\/\\\/secure.gravatar.com\\\/avatar\\\/f9f4b823873154269d2b2130f195f6d41037dd0d7fc5f3cacb5c846bae70d66b?s=96&d=mm&r=g\",\"caption\":\"Karen Bueno\"},\"url\":\"https:\\\/\\\/schoenstatt.com\\\/de\\\/author\\\/karen-bueno\\\/\"}]}<\/script>\n<!-- \/ Yoast SEO Premium plugin. -->","yoast_head_json":{"title":"Ein besonderer Festtag f\u00fcr die Sch\u00f6nstatt-Patres in Burundi","description":"Die Sch\u00f6nstatt-Patres feierten 50 Jahre Sendung in Burundi mit einem besonderen Moment: die Priesterweihe von Samuel Sibomana.","robots":{"index":"index","follow":"follow","max-snippet":"max-snippet:-1","max-image-preview":"max-image-preview:large","max-video-preview":"max-video-preview:-1"},"canonical":"https:\/\/schoenstatt.com\/de\/ein-besonderer-festtag-fur-die-schoenstatt-patres-in-burundi\/","og_locale":"de_DE","og_type":"article","og_title":"Ein besonderer Festtag f\u00fcr die Sch\u00f6nstatt-Patres in Burundi","og_description":"Die Sch\u00f6nstatt-Patres feierten 50 Jahre Sendung in Burundi mit einem besonderen Moment: die Priesterweihe von Samuel Sibomana.","og_url":"https:\/\/schoenstatt.com\/de\/ein-besonderer-festtag-fur-die-schoenstatt-patres-in-burundi\/","og_site_name":"Schoenstatt","article_published_time":"2024-04-09T12:08:07+00:00","article_modified_time":"2025-05-15T18:17:58+00:00","og_image":[{"width":2048,"height":968,"url":"https:\/\/schoenstatt.com\/wp-content\/uploads\/2024\/04\/ordenacao-ordenacion-ordination-schoenstatt-fathers-1.jpg","type":"image\/jpeg"}],"author":"Karen Bueno","twitter_card":"summary_large_image","twitter_misc":{"Verfasst von":"Karen Bueno","Gesch\u00e4tzte Lesezeit":"4\u00a0Minuten"},"schema":{"@context":"https:\/\/schema.org","@graph":[{"@type":"Article","@id":"https:\/\/schoenstatt.com\/de\/ein-besonderer-festtag-fur-die-schoenstatt-patres-in-burundi\/#article","isPartOf":{"@id":"https:\/\/schoenstatt.com\/de\/ein-besonderer-festtag-fur-die-schoenstatt-patres-in-burundi\/"},"author":{"name":"Karen Bueno","@id":"https:\/\/schoenstatt.com\/de\/#\/schema\/person\/5158877ad4acae98b34daaeef2a1ce6e"},"headline":"Ein besonderer Festtag f\u00fcr die Sch\u00f6nstatt-Patres in Burundi","datePublished":"2024-04-09T12:08:07+00:00","dateModified":"2025-05-15T18:17:58+00:00","mainEntityOfPage":{"@id":"https:\/\/schoenstatt.com\/de\/ein-besonderer-festtag-fur-die-schoenstatt-patres-in-burundi\/"},"wordCount":684,"publisher":{"@id":"https:\/\/schoenstatt.com\/de\/#organization"},"image":{"@id":"https:\/\/schoenstatt.com\/de\/ein-besonderer-festtag-fur-die-schoenstatt-patres-in-burundi\/#primaryimage"},"thumbnailUrl":"https:\/\/schoenstatt.com\/wp-content\/uploads\/2024\/04\/ordenacao-ordenacion-ordination-schoenstatt-fathers-1.jpg","articleSection":["Schoenstatt Gemeinschaften"],"inLanguage":"de"},{"@type":"WebPage","@id":"https:\/\/schoenstatt.com\/de\/ein-besonderer-festtag-fur-die-schoenstatt-patres-in-burundi\/","url":"https:\/\/schoenstatt.com\/de\/ein-besonderer-festtag-fur-die-schoenstatt-patres-in-burundi\/","name":"Ein besonderer Festtag f\u00fcr die Sch\u00f6nstatt-Patres in Burundi","isPartOf":{"@id":"https:\/\/schoenstatt.com\/de\/#website"},"primaryImageOfPage":{"@id":"https:\/\/schoenstatt.com\/de\/ein-besonderer-festtag-fur-die-schoenstatt-patres-in-burundi\/#primaryimage"},"image":{"@id":"https:\/\/schoenstatt.com\/de\/ein-besonderer-festtag-fur-die-schoenstatt-patres-in-burundi\/#primaryimage"},"thumbnailUrl":"https:\/\/schoenstatt.com\/wp-content\/uploads\/2024\/04\/ordenacao-ordenacion-ordination-schoenstatt-fathers-1.jpg","datePublished":"2024-04-09T12:08:07+00:00","dateModified":"2025-05-15T18:17:58+00:00","description":"Die Sch\u00f6nstatt-Patres feierten 50 Jahre Sendung in Burundi mit einem besonderen Moment: die Priesterweihe von Samuel Sibomana.","breadcrumb":{"@id":"https:\/\/schoenstatt.com\/de\/ein-besonderer-festtag-fur-die-schoenstatt-patres-in-burundi\/#breadcrumb"},"inLanguage":"de","potentialAction":[{"@type":"ReadAction","target":["https:\/\/schoenstatt.com\/de\/ein-besonderer-festtag-fur-die-schoenstatt-patres-in-burundi\/"]}]},{"@type":"ImageObject","inLanguage":"de","@id":"https:\/\/schoenstatt.com\/de\/ein-besonderer-festtag-fur-die-schoenstatt-patres-in-burundi\/#primaryimage","url":"https:\/\/schoenstatt.com\/wp-content\/uploads\/2024\/04\/ordenacao-ordenacion-ordination-schoenstatt-fathers-1.jpg","contentUrl":"https:\/\/schoenstatt.com\/wp-content\/uploads\/2024\/04\/ordenacao-ordenacion-ordination-schoenstatt-fathers-1.jpg","width":2048,"height":968},{"@type":"BreadcrumbList","@id":"https:\/\/schoenstatt.com\/de\/ein-besonderer-festtag-fur-die-schoenstatt-patres-in-burundi\/#breadcrumb","itemListElement":[{"@type":"ListItem","position":1,"name":"Portada","item":"https:\/\/schoenstatt.com\/de\/home\/"},{"@type":"ListItem","position":2,"name":"Ein besonderer Festtag f\u00fcr die Sch\u00f6nstatt-Patres in Burundi"}]},{"@type":"WebSite","@id":"https:\/\/schoenstatt.com\/de\/#website","url":"https:\/\/schoenstatt.com\/de\/","name":"Schoenstatt","description":"Apostolic Movement","publisher":{"@id":"https:\/\/schoenstatt.com\/de\/#organization"},"potentialAction":[{"@type":"SearchAction","target":{"@type":"EntryPoint","urlTemplate":"https:\/\/schoenstatt.com\/de\/?s={search_term_string}"},"query-input":{"@type":"PropertyValueSpecification","valueRequired":true,"valueName":"search_term_string"}}],"inLanguage":"de"},{"@type":"Organization","@id":"https:\/\/schoenstatt.com\/de\/#organization","name":"Schoenstatt","url":"https:\/\/schoenstatt.com\/de\/","logo":{"@type":"ImageObject","inLanguage":"de","@id":"https:\/\/schoenstatt.com\/de\/#\/schema\/logo\/image\/","url":"https:\/\/schoenstatt.com\/wp-content\/uploads\/2025\/04\/logo-schoenstatt-white-696x696-1.png","contentUrl":"https:\/\/schoenstatt.com\/wp-content\/uploads\/2025\/04\/logo-schoenstatt-white-696x696-1.png","width":696,"height":694,"caption":"Schoenstatt"},"image":{"@id":"https:\/\/schoenstatt.com\/de\/#\/schema\/logo\/image\/"}},{"@type":"Person","@id":"https:\/\/schoenstatt.com\/de\/#\/schema\/person\/5158877ad4acae98b34daaeef2a1ce6e","name":"Karen Bueno","image":{"@type":"ImageObject","inLanguage":"de","@id":"https:\/\/secure.gravatar.com\/avatar\/f9f4b823873154269d2b2130f195f6d41037dd0d7fc5f3cacb5c846bae70d66b?s=96&d=mm&r=g","url":"https:\/\/secure.gravatar.com\/avatar\/f9f4b823873154269d2b2130f195f6d41037dd0d7fc5f3cacb5c846bae70d66b?s=96&d=mm&r=g","contentUrl":"https:\/\/secure.gravatar.com\/avatar\/f9f4b823873154269d2b2130f195f6d41037dd0d7fc5f3cacb5c846bae70d66b?s=96&d=mm&r=g","caption":"Karen Bueno"},"url":"https:\/\/schoenstatt.com\/de\/author\/karen-bueno\/"}]}},"_links":{"self":[{"href":"https:\/\/schoenstatt.com\/de\/wp-json\/wp\/v2\/posts\/35409","targetHints":{"allow":["GET"]}}],"collection":[{"href":"https:\/\/schoenstatt.com\/de\/wp-json\/wp\/v2\/posts"}],"about":[{"href":"https:\/\/schoenstatt.com\/de\/wp-json\/wp\/v2\/types\/post"}],"author":[{"embeddable":true,"href":"https:\/\/schoenstatt.com\/de\/wp-json\/wp\/v2\/users\/3"}],"replies":[{"embeddable":true,"href":"https:\/\/schoenstatt.com\/de\/wp-json\/wp\/v2\/comments?post=35409"}],"version-history":[{"count":1,"href":"https:\/\/schoenstatt.com\/de\/wp-json\/wp\/v2\/posts\/35409\/revisions"}],"predecessor-version":[{"id":46793,"href":"https:\/\/schoenstatt.com\/de\/wp-json\/wp\/v2\/posts\/35409\/revisions\/46793"}],"wp:featuredmedia":[{"embeddable":true,"href":"https:\/\/schoenstatt.com\/de\/wp-json\/wp\/v2\/media\/35383"}],"wp:attachment":[{"href":"https:\/\/schoenstatt.com\/de\/wp-json\/wp\/v2\/media?parent=35409"}],"wp:term":[{"taxonomy":"category","embeddable":true,"href":"https:\/\/schoenstatt.com\/de\/wp-json\/wp\/v2\/categories?post=35409"},{"taxonomy":"post_tag","embeddable":true,"href":"https:\/\/schoenstatt.com\/de\/wp-json\/wp\/v2\/tags?post=35409"}],"curies":[{"name":"wp","href":"https:\/\/api.w.org\/{rel}","templated":true}]}}