{"id":35391,"date":"2024-04-12T10:18:07","date_gmt":"2024-04-12T08:18:07","guid":{"rendered":"https:\/\/schoenstatt.com\/?p=35391"},"modified":"2025-05-15T20:27:40","modified_gmt":"2025-05-15T18:27:40","slug":"eine-einladung-an-junge-menschen-projekt-youonmyside","status":"publish","type":"post","link":"https:\/\/schoenstatt.com\/de\/eine-einladung-an-junge-menschen-projekt-youonmyside\/","title":{"rendered":"Eine Einladung an junge Menschen: Projekt #YouOnMySide"},"content":{"rendered":"<p><a href=\"https:\/\/de.wikipedia.org\/wiki\/Josef_Engling\" target=\"_blank\" rel=\"noopener\">Josef Engling<\/a> ist eine Quelle der Inspiration f\u00fcr viele junge Menschen. Aber wie k\u00f6nnen wir das zeigen? Die Vizepostulatorin von Englings Seligsprechungsprozess, Dr. Alicja Kostka, l\u00e4dt junge Menschen ein, in dieser wichtigen Phase des Prozesses zu helfen.<\/p>\n<p>Mit einem neuen Projekt sollen pers\u00f6nliche Zeugnisse \u00fcber Josef Engling gesammelt werden, die in den sozialen Medien unter #YouOnMySide geteilt oder per E-Mail verschickt werden k\u00f6nnen.<\/p>\n<h2>Die Einladung des Sekretariats<\/h2>\n<p>Immer wieder erreichen uns die Zeichen, dass Josef ausgesprochen von der Jugend als Begleiter und F\u00fcrsprecher erlebt wird. So z. B. k\u00fcrzlich eine Anfrage von einem Seminarist aus Philippinen um das Gebet auf die F\u00fcrsprache von Josef Engling in englischer Sprache. Gleichzeitig Worte pers\u00f6nlicher Versicherung des Seminaristen: I am praying for His speedy Beatification and Canonization.<\/p>\n<p>Diese Anfragen sowie die bleibende <a href=\"https:\/\/schoenstatt.com\/de\/spiritualitat\/neue-fragen-klaeren-dr-alicja-kostka-ist-vizepostulatorin-im-seligsprechungsverfahren-von-josef-engling\/\">Anfrage aus Rom<\/a>, ob Josef ein Vorbild f\u00fcr die junge Generation heute sein kann, hat uns veranlasst, zu einem Projekt einzuladen, in dem junge Menschen selbst bezeugen, ob und wie sie mit Josef Engling leben, sich von ihm inspirieren lassen, seine Hilfe erfahren.<\/p>\n<p><img fetchpriority=\"high\" decoding=\"async\" class=\"aligncenter wp-image-35396 \" src=\"https:\/\/schoenstatt.com\/wp-content\/uploads\/2024\/04\/Joseph-Engling-schoenstatt.png\" alt=\"\" width=\"725\" height=\"637\" \/><\/p>\n<h2>Hier das Projekt: #YouOnMySide:<\/h2>\n<p>Weil Du auf meiner Seite stehst #YouOnMySide \u2013 unter diesem Hashtag sind Sie eingeladen, Ihr pers\u00f6nliches Zeugnis \u00fcber Josef Engling zu erz\u00e4hlen.<\/p>\n<p>Josef wollte \u201eallen alles\u201c werden und hat seine Lebenskraft der Sendung der Gottesmutter von Sch\u00f6nstatt geschenkt, damit sie von hier aus vielen Menschen helfen kann, die Wunder der Beheimatung, inneren Wandlung und der apostolischen Fruchtbarkeit zu erfahren. Viele Menschen haben seine Freundschaft aus der Kraft des Liebesb\u00fcndnisses erfahren. Auch nach seinem Opfertod ist er vielen Menschen als Bruder, F\u00fcrsprecher, Begleiter nahe.<\/p>\n<p>Erfahren auch Sie seine inspirierende, wohltuende N\u00e4he? Das Projekt #YouOnMySide ist die Einladung und der Ort, dar\u00fcber zu erz\u00e4hlen.<\/p>\n<p>Ihr Zeugnis kann ein wichtiger Beitrag sein im Sinne des Dankes an Josef f\u00fcr seine Seligsprechung und gleichsam auch eine Einladung an andere junge Menschen, dass sie ihn in sein Leben einladen.<\/p>\n<blockquote><p>Zeugnisse an Alicja Kostka: admirabilis2014@gmail.com<\/p><\/blockquote>\n","protected":false},"excerpt":{"rendered":"<p>Einladung, ein Zeugnis der Freundschaft mit Josef Engling zu teilen. Verbreiten Sie die Nachricht in den sozialen Medien oder senden Sie eine E-Mail &#8211; jede Beteiligung ist f\u00fcr den Seligsprechungsprozess sehr wichtig.<\/p>\n","protected":false},"author":3,"featured_media":35392,"comment_status":"closed","ping_status":"closed","sticky":false,"template":"","format":"standard","meta":{"footnotes":""},"categories":[886],"tags":[],"class_list":["post-35391","post","type-post","status-publish","format-standard","has-post-thumbnail","hentry","category-schoenstatt-helden-de"],"yoast_head":"<!-- This site is optimized with the Yoast SEO Premium plugin v27.4 (Yoast SEO v27.5) - https:\/\/yoast.com\/product\/yoast-seo-premium-wordpress\/ -->\n<title>Eine Einladung an junge Menschen: Projekt #YouOnMySide<\/title>\n<meta name=\"description\" content=\"#YouOnMySide: Neues Projekt zur Unterst\u00fctzung des Seligsprechungsprozesses von Josef Engling f\u00fcr junge Menschen gestartet\" \/>\n<meta name=\"robots\" content=\"index, follow, max-snippet:-1, max-image-preview:large, max-video-preview:-1\" \/>\n<link rel=\"canonical\" href=\"https:\/\/schoenstatt.com\/de\/eine-einladung-an-junge-menschen-projekt-youonmyside\/\" \/>\n<meta property=\"og:locale\" content=\"de_DE\" \/>\n<meta property=\"og:type\" content=\"article\" \/>\n<meta property=\"og:title\" content=\"Eine Einladung an junge Menschen: Projekt #YouOnMySide\" \/>\n<meta property=\"og:description\" content=\"#YouOnMySide: Neues Projekt zur Unterst\u00fctzung des Seligsprechungsprozesses von Josef Engling f\u00fcr junge Menschen gestartet\" \/>\n<meta property=\"og:url\" content=\"https:\/\/schoenstatt.com\/de\/eine-einladung-an-junge-menschen-projekt-youonmyside\/\" \/>\n<meta property=\"og:site_name\" content=\"Schoenstatt\" \/>\n<meta property=\"article:published_time\" content=\"2024-04-12T08:18:07+00:00\" \/>\n<meta property=\"article:modified_time\" content=\"2025-05-15T18:27:40+00:00\" \/>\n<meta property=\"og:image\" content=\"https:\/\/schoenstatt.com\/wp-content\/uploads\/2024\/04\/josef-enging-JM-Juventud-Masculina-1.jpg\" \/>\n\t<meta property=\"og:image:width\" content=\"2048\" \/>\n\t<meta property=\"og:image:height\" content=\"1360\" \/>\n\t<meta property=\"og:image:type\" content=\"image\/jpeg\" \/>\n<meta name=\"author\" content=\"Karen Bueno\" \/>\n<meta name=\"twitter:card\" content=\"summary_large_image\" \/>\n<meta name=\"twitter:label1\" content=\"Verfasst von\" \/>\n\t<meta name=\"twitter:data1\" content=\"Karen Bueno\" \/>\n\t<meta name=\"twitter:label2\" content=\"Gesch\u00e4tzte Lesezeit\" \/>\n\t<meta name=\"twitter:data2\" content=\"2\u00a0Minuten\" \/>\n<script type=\"application\/ld+json\" class=\"yoast-schema-graph\">{\"@context\":\"https:\\\/\\\/schema.org\",\"@graph\":[{\"@type\":\"Article\",\"@id\":\"https:\\\/\\\/schoenstatt.com\\\/de\\\/eine-einladung-an-junge-menschen-projekt-youonmyside\\\/#article\",\"isPartOf\":{\"@id\":\"https:\\\/\\\/schoenstatt.com\\\/de\\\/eine-einladung-an-junge-menschen-projekt-youonmyside\\\/\"},\"author\":{\"name\":\"Karen Bueno\",\"@id\":\"https:\\\/\\\/schoenstatt.com\\\/de\\\/#\\\/schema\\\/person\\\/5158877ad4acae98b34daaeef2a1ce6e\"},\"headline\":\"Eine Einladung an junge Menschen: Projekt #YouOnMySide\",\"datePublished\":\"2024-04-12T08:18:07+00:00\",\"dateModified\":\"2025-05-15T18:27:40+00:00\",\"mainEntityOfPage\":{\"@id\":\"https:\\\/\\\/schoenstatt.com\\\/de\\\/eine-einladung-an-junge-menschen-projekt-youonmyside\\\/\"},\"wordCount\":341,\"publisher\":{\"@id\":\"https:\\\/\\\/schoenstatt.com\\\/de\\\/#organization\"},\"image\":{\"@id\":\"https:\\\/\\\/schoenstatt.com\\\/de\\\/eine-einladung-an-junge-menschen-projekt-youonmyside\\\/#primaryimage\"},\"thumbnailUrl\":\"https:\\\/\\\/schoenstatt.com\\\/wp-content\\\/uploads\\\/2024\\\/04\\\/josef-enging-JM-Juventud-Masculina-1.jpg\",\"articleSection\":[\"Schoenstatt Helden\"],\"inLanguage\":\"de\"},{\"@type\":\"WebPage\",\"@id\":\"https:\\\/\\\/schoenstatt.com\\\/de\\\/eine-einladung-an-junge-menschen-projekt-youonmyside\\\/\",\"url\":\"https:\\\/\\\/schoenstatt.com\\\/de\\\/eine-einladung-an-junge-menschen-projekt-youonmyside\\\/\",\"name\":\"Eine Einladung an junge Menschen: Projekt #YouOnMySide\",\"isPartOf\":{\"@id\":\"https:\\\/\\\/schoenstatt.com\\\/de\\\/#website\"},\"primaryImageOfPage\":{\"@id\":\"https:\\\/\\\/schoenstatt.com\\\/de\\\/eine-einladung-an-junge-menschen-projekt-youonmyside\\\/#primaryimage\"},\"image\":{\"@id\":\"https:\\\/\\\/schoenstatt.com\\\/de\\\/eine-einladung-an-junge-menschen-projekt-youonmyside\\\/#primaryimage\"},\"thumbnailUrl\":\"https:\\\/\\\/schoenstatt.com\\\/wp-content\\\/uploads\\\/2024\\\/04\\\/josef-enging-JM-Juventud-Masculina-1.jpg\",\"datePublished\":\"2024-04-12T08:18:07+00:00\",\"dateModified\":\"2025-05-15T18:27:40+00:00\",\"description\":\"#YouOnMySide: Neues Projekt zur Unterst\u00fctzung des Seligsprechungsprozesses von Josef Engling f\u00fcr junge Menschen gestartet\",\"breadcrumb\":{\"@id\":\"https:\\\/\\\/schoenstatt.com\\\/de\\\/eine-einladung-an-junge-menschen-projekt-youonmyside\\\/#breadcrumb\"},\"inLanguage\":\"de\",\"potentialAction\":[{\"@type\":\"ReadAction\",\"target\":[\"https:\\\/\\\/schoenstatt.com\\\/de\\\/eine-einladung-an-junge-menschen-projekt-youonmyside\\\/\"]}]},{\"@type\":\"ImageObject\",\"inLanguage\":\"de\",\"@id\":\"https:\\\/\\\/schoenstatt.com\\\/de\\\/eine-einladung-an-junge-menschen-projekt-youonmyside\\\/#primaryimage\",\"url\":\"https:\\\/\\\/schoenstatt.com\\\/wp-content\\\/uploads\\\/2024\\\/04\\\/josef-enging-JM-Juventud-Masculina-1.jpg\",\"contentUrl\":\"https:\\\/\\\/schoenstatt.com\\\/wp-content\\\/uploads\\\/2024\\\/04\\\/josef-enging-JM-Juventud-Masculina-1.jpg\",\"width\":2048,\"height\":1360},{\"@type\":\"BreadcrumbList\",\"@id\":\"https:\\\/\\\/schoenstatt.com\\\/de\\\/eine-einladung-an-junge-menschen-projekt-youonmyside\\\/#breadcrumb\",\"itemListElement\":[{\"@type\":\"ListItem\",\"position\":1,\"name\":\"Portada\",\"item\":\"https:\\\/\\\/schoenstatt.com\\\/de\\\/home\\\/\"},{\"@type\":\"ListItem\",\"position\":2,\"name\":\"Eine Einladung an junge Menschen: Projekt #YouOnMySide\"}]},{\"@type\":\"WebSite\",\"@id\":\"https:\\\/\\\/schoenstatt.com\\\/de\\\/#website\",\"url\":\"https:\\\/\\\/schoenstatt.com\\\/de\\\/\",\"name\":\"Schoenstatt\",\"description\":\"Apostolic Movement\",\"publisher\":{\"@id\":\"https:\\\/\\\/schoenstatt.com\\\/de\\\/#organization\"},\"potentialAction\":[{\"@type\":\"SearchAction\",\"target\":{\"@type\":\"EntryPoint\",\"urlTemplate\":\"https:\\\/\\\/schoenstatt.com\\\/de\\\/?s={search_term_string}\"},\"query-input\":{\"@type\":\"PropertyValueSpecification\",\"valueRequired\":true,\"valueName\":\"search_term_string\"}}],\"inLanguage\":\"de\"},{\"@type\":\"Organization\",\"@id\":\"https:\\\/\\\/schoenstatt.com\\\/de\\\/#organization\",\"name\":\"Schoenstatt\",\"url\":\"https:\\\/\\\/schoenstatt.com\\\/de\\\/\",\"logo\":{\"@type\":\"ImageObject\",\"inLanguage\":\"de\",\"@id\":\"https:\\\/\\\/schoenstatt.com\\\/de\\\/#\\\/schema\\\/logo\\\/image\\\/\",\"url\":\"https:\\\/\\\/schoenstatt.com\\\/wp-content\\\/uploads\\\/2025\\\/04\\\/logo-schoenstatt-white-696x696-1.png\",\"contentUrl\":\"https:\\\/\\\/schoenstatt.com\\\/wp-content\\\/uploads\\\/2025\\\/04\\\/logo-schoenstatt-white-696x696-1.png\",\"width\":696,\"height\":694,\"caption\":\"Schoenstatt\"},\"image\":{\"@id\":\"https:\\\/\\\/schoenstatt.com\\\/de\\\/#\\\/schema\\\/logo\\\/image\\\/\"}},{\"@type\":\"Person\",\"@id\":\"https:\\\/\\\/schoenstatt.com\\\/de\\\/#\\\/schema\\\/person\\\/5158877ad4acae98b34daaeef2a1ce6e\",\"name\":\"Karen Bueno\",\"image\":{\"@type\":\"ImageObject\",\"inLanguage\":\"de\",\"@id\":\"https:\\\/\\\/secure.gravatar.com\\\/avatar\\\/f9f4b823873154269d2b2130f195f6d41037dd0d7fc5f3cacb5c846bae70d66b?s=96&d=mm&r=g\",\"url\":\"https:\\\/\\\/secure.gravatar.com\\\/avatar\\\/f9f4b823873154269d2b2130f195f6d41037dd0d7fc5f3cacb5c846bae70d66b?s=96&d=mm&r=g\",\"contentUrl\":\"https:\\\/\\\/secure.gravatar.com\\\/avatar\\\/f9f4b823873154269d2b2130f195f6d41037dd0d7fc5f3cacb5c846bae70d66b?s=96&d=mm&r=g\",\"caption\":\"Karen Bueno\"},\"url\":\"https:\\\/\\\/schoenstatt.com\\\/de\\\/author\\\/karen-bueno\\\/\"}]}<\/script>\n<!-- \/ Yoast SEO Premium plugin. -->","yoast_head_json":{"title":"Eine Einladung an junge Menschen: Projekt #YouOnMySide","description":"#YouOnMySide: Neues Projekt zur Unterst\u00fctzung des Seligsprechungsprozesses von Josef Engling f\u00fcr junge Menschen gestartet","robots":{"index":"index","follow":"follow","max-snippet":"max-snippet:-1","max-image-preview":"max-image-preview:large","max-video-preview":"max-video-preview:-1"},"canonical":"https:\/\/schoenstatt.com\/de\/eine-einladung-an-junge-menschen-projekt-youonmyside\/","og_locale":"de_DE","og_type":"article","og_title":"Eine Einladung an junge Menschen: Projekt #YouOnMySide","og_description":"#YouOnMySide: Neues Projekt zur Unterst\u00fctzung des Seligsprechungsprozesses von Josef Engling f\u00fcr junge Menschen gestartet","og_url":"https:\/\/schoenstatt.com\/de\/eine-einladung-an-junge-menschen-projekt-youonmyside\/","og_site_name":"Schoenstatt","article_published_time":"2024-04-12T08:18:07+00:00","article_modified_time":"2025-05-15T18:27:40+00:00","og_image":[{"width":2048,"height":1360,"url":"https:\/\/schoenstatt.com\/wp-content\/uploads\/2024\/04\/josef-enging-JM-Juventud-Masculina-1.jpg","type":"image\/jpeg"}],"author":"Karen Bueno","twitter_card":"summary_large_image","twitter_misc":{"Verfasst von":"Karen Bueno","Gesch\u00e4tzte Lesezeit":"2\u00a0Minuten"},"schema":{"@context":"https:\/\/schema.org","@graph":[{"@type":"Article","@id":"https:\/\/schoenstatt.com\/de\/eine-einladung-an-junge-menschen-projekt-youonmyside\/#article","isPartOf":{"@id":"https:\/\/schoenstatt.com\/de\/eine-einladung-an-junge-menschen-projekt-youonmyside\/"},"author":{"name":"Karen Bueno","@id":"https:\/\/schoenstatt.com\/de\/#\/schema\/person\/5158877ad4acae98b34daaeef2a1ce6e"},"headline":"Eine Einladung an junge Menschen: Projekt #YouOnMySide","datePublished":"2024-04-12T08:18:07+00:00","dateModified":"2025-05-15T18:27:40+00:00","mainEntityOfPage":{"@id":"https:\/\/schoenstatt.com\/de\/eine-einladung-an-junge-menschen-projekt-youonmyside\/"},"wordCount":341,"publisher":{"@id":"https:\/\/schoenstatt.com\/de\/#organization"},"image":{"@id":"https:\/\/schoenstatt.com\/de\/eine-einladung-an-junge-menschen-projekt-youonmyside\/#primaryimage"},"thumbnailUrl":"https:\/\/schoenstatt.com\/wp-content\/uploads\/2024\/04\/josef-enging-JM-Juventud-Masculina-1.jpg","articleSection":["Schoenstatt Helden"],"inLanguage":"de"},{"@type":"WebPage","@id":"https:\/\/schoenstatt.com\/de\/eine-einladung-an-junge-menschen-projekt-youonmyside\/","url":"https:\/\/schoenstatt.com\/de\/eine-einladung-an-junge-menschen-projekt-youonmyside\/","name":"Eine Einladung an junge Menschen: Projekt #YouOnMySide","isPartOf":{"@id":"https:\/\/schoenstatt.com\/de\/#website"},"primaryImageOfPage":{"@id":"https:\/\/schoenstatt.com\/de\/eine-einladung-an-junge-menschen-projekt-youonmyside\/#primaryimage"},"image":{"@id":"https:\/\/schoenstatt.com\/de\/eine-einladung-an-junge-menschen-projekt-youonmyside\/#primaryimage"},"thumbnailUrl":"https:\/\/schoenstatt.com\/wp-content\/uploads\/2024\/04\/josef-enging-JM-Juventud-Masculina-1.jpg","datePublished":"2024-04-12T08:18:07+00:00","dateModified":"2025-05-15T18:27:40+00:00","description":"#YouOnMySide: Neues Projekt zur Unterst\u00fctzung des Seligsprechungsprozesses von Josef Engling f\u00fcr junge Menschen gestartet","breadcrumb":{"@id":"https:\/\/schoenstatt.com\/de\/eine-einladung-an-junge-menschen-projekt-youonmyside\/#breadcrumb"},"inLanguage":"de","potentialAction":[{"@type":"ReadAction","target":["https:\/\/schoenstatt.com\/de\/eine-einladung-an-junge-menschen-projekt-youonmyside\/"]}]},{"@type":"ImageObject","inLanguage":"de","@id":"https:\/\/schoenstatt.com\/de\/eine-einladung-an-junge-menschen-projekt-youonmyside\/#primaryimage","url":"https:\/\/schoenstatt.com\/wp-content\/uploads\/2024\/04\/josef-enging-JM-Juventud-Masculina-1.jpg","contentUrl":"https:\/\/schoenstatt.com\/wp-content\/uploads\/2024\/04\/josef-enging-JM-Juventud-Masculina-1.jpg","width":2048,"height":1360},{"@type":"BreadcrumbList","@id":"https:\/\/schoenstatt.com\/de\/eine-einladung-an-junge-menschen-projekt-youonmyside\/#breadcrumb","itemListElement":[{"@type":"ListItem","position":1,"name":"Portada","item":"https:\/\/schoenstatt.com\/de\/home\/"},{"@type":"ListItem","position":2,"name":"Eine Einladung an junge Menschen: Projekt #YouOnMySide"}]},{"@type":"WebSite","@id":"https:\/\/schoenstatt.com\/de\/#website","url":"https:\/\/schoenstatt.com\/de\/","name":"Schoenstatt","description":"Apostolic Movement","publisher":{"@id":"https:\/\/schoenstatt.com\/de\/#organization"},"potentialAction":[{"@type":"SearchAction","target":{"@type":"EntryPoint","urlTemplate":"https:\/\/schoenstatt.com\/de\/?s={search_term_string}"},"query-input":{"@type":"PropertyValueSpecification","valueRequired":true,"valueName":"search_term_string"}}],"inLanguage":"de"},{"@type":"Organization","@id":"https:\/\/schoenstatt.com\/de\/#organization","name":"Schoenstatt","url":"https:\/\/schoenstatt.com\/de\/","logo":{"@type":"ImageObject","inLanguage":"de","@id":"https:\/\/schoenstatt.com\/de\/#\/schema\/logo\/image\/","url":"https:\/\/schoenstatt.com\/wp-content\/uploads\/2025\/04\/logo-schoenstatt-white-696x696-1.png","contentUrl":"https:\/\/schoenstatt.com\/wp-content\/uploads\/2025\/04\/logo-schoenstatt-white-696x696-1.png","width":696,"height":694,"caption":"Schoenstatt"},"image":{"@id":"https:\/\/schoenstatt.com\/de\/#\/schema\/logo\/image\/"}},{"@type":"Person","@id":"https:\/\/schoenstatt.com\/de\/#\/schema\/person\/5158877ad4acae98b34daaeef2a1ce6e","name":"Karen Bueno","image":{"@type":"ImageObject","inLanguage":"de","@id":"https:\/\/secure.gravatar.com\/avatar\/f9f4b823873154269d2b2130f195f6d41037dd0d7fc5f3cacb5c846bae70d66b?s=96&d=mm&r=g","url":"https:\/\/secure.gravatar.com\/avatar\/f9f4b823873154269d2b2130f195f6d41037dd0d7fc5f3cacb5c846bae70d66b?s=96&d=mm&r=g","contentUrl":"https:\/\/secure.gravatar.com\/avatar\/f9f4b823873154269d2b2130f195f6d41037dd0d7fc5f3cacb5c846bae70d66b?s=96&d=mm&r=g","caption":"Karen Bueno"},"url":"https:\/\/schoenstatt.com\/de\/author\/karen-bueno\/"}]}},"_links":{"self":[{"href":"https:\/\/schoenstatt.com\/de\/wp-json\/wp\/v2\/posts\/35391","targetHints":{"allow":["GET"]}}],"collection":[{"href":"https:\/\/schoenstatt.com\/de\/wp-json\/wp\/v2\/posts"}],"about":[{"href":"https:\/\/schoenstatt.com\/de\/wp-json\/wp\/v2\/types\/post"}],"author":[{"embeddable":true,"href":"https:\/\/schoenstatt.com\/de\/wp-json\/wp\/v2\/users\/3"}],"replies":[{"embeddable":true,"href":"https:\/\/schoenstatt.com\/de\/wp-json\/wp\/v2\/comments?post=35391"}],"version-history":[{"count":1,"href":"https:\/\/schoenstatt.com\/de\/wp-json\/wp\/v2\/posts\/35391\/revisions"}],"predecessor-version":[{"id":46798,"href":"https:\/\/schoenstatt.com\/de\/wp-json\/wp\/v2\/posts\/35391\/revisions\/46798"}],"wp:featuredmedia":[{"embeddable":true,"href":"https:\/\/schoenstatt.com\/de\/wp-json\/wp\/v2\/media\/35392"}],"wp:attachment":[{"href":"https:\/\/schoenstatt.com\/de\/wp-json\/wp\/v2\/media?parent=35391"}],"wp:term":[{"taxonomy":"category","embeddable":true,"href":"https:\/\/schoenstatt.com\/de\/wp-json\/wp\/v2\/categories?post=35391"},{"taxonomy":"post_tag","embeddable":true,"href":"https:\/\/schoenstatt.com\/de\/wp-json\/wp\/v2\/tags?post=35391"}],"curies":[{"name":"wp","href":"https:\/\/api.w.org\/{rel}","templated":true}]}}